{"id":68349,"date":"2025-02-14T10:19:14","date_gmt":"2025-02-14T08:19:14","guid":{"rendered":"https:\/\/www.italtel.com\/the-board-of-directors-of-italtel-appoints-carlo-filangieri-as-new-ceo\/"},"modified":"2025-02-14T12:04:39","modified_gmt":"2025-02-14T10:04:39","slug":"the-board-of-directors-of-italtel-appoints-carlo-filangieri-as-new-ceo","status":"publish","type":"post","link":"https:\/\/www.italtel.com\/de\/the-board-of-directors-of-italtel-appoints-carlo-filangieri-as-new-ceo\/","title":{"rendered":"Der Vorstand von Italtel ernennt Carlo Filangieri zum neuen CEO"},"content":{"rendered":"\n<div class=\"row\"  id=\"row-314227650\">\n\n\n\t<div id=\"col-540426766\" class=\"col medium-9 small-12 large-9\"  >\n\t\t\t\t<div class=\"col-inner\"  >\n\t\t\t\n\t\t\t\n\n\t<div id=\"text-3343054708\" class=\"text fontsize_18 color_black\">\n\t\t\n\n<p data-start=\"51\" data-end=\"558\"><strong>Mailand, 14. Februar 2025 \u2013<\/strong> Der Vorstand von Italtel, einem multinationalen Unternehmen f\u00fcr Informations- und Kommunikationstechnologie, das auf L\u00f6sungen und Dienstleistungen f\u00fcr die digitale Transformation spezialisiert ist, hat Carlo Filangieri zum neuen CEO von Italtel ernannt. Er tritt die Nachfolge von Benedetto Di Salvo an, der das Unternehmen drei Jahre lang gef\u00fchrt hat. Diese Entscheidung stellt einen wichtigen Schritt dar, um die f\u00fchrende Position des Unternehmens im ICT-Markt zu festigen.<\/p>\n<p data-start=\"560\" data-end=\"920\">Carlo Filangieri, Elektroingenieur, verf\u00fcgt \u00fcber mehr als 25 Jahre Berufserfahrung in der Branche und hat f\u00fchrende Positionen in Italien und im Ausland innegehabt. Von M\u00e4rz 2021 bis Juni 2024 war er CEO von FiberCop und trug zur Gr\u00fcndung des gr\u00f6\u00dften Telekommunikations-Gro\u00dfhandelsanbieters Italiens bei sowie zur Entwicklung des nationalen Glasfasernetzes.<\/p>\n<p data-start=\"922\" data-end=\"1243\">Bei TIM leitete er die Organisation, die f\u00fcr die Entwicklung und Wartung des Zugangsnetzes (Open Access), den Bereich des Gro\u00dfhandelsmarktes, der etwa 2 Milliarden Euro an Einnahmen erzielte, und die IT-Infrastruktur verantwortlich war. Au\u00dferdem f\u00fchrte er die Einf\u00fchrung der ersten Cloud-Computing-Dienste in Italien.<\/p>\n<p data-start=\"1245\" data-end=\"1526\">Von 2012 bis 2014 war er CTO von TIM Brasilien, wo er half, die angebotenen Dienstleistungen des Unternehmens zu verbessern, unter anderem mit der Einf\u00fchrung eines der weltweit ersten Active Sharing-Projekte und des TIM Live Glasfaserdienstes in gro\u00dfen brasilianischen St\u00e4dten.<\/p>\n<p data-start=\"1528\" data-end=\"1761\">Er war au\u00dferdem Direktor in mehreren Aufsichtsr\u00e4ten (TIM Brasil, Trentino NGN, Flash Fiber) und leitete zahlreiche M&amp;A-Projekte, einschlie\u00dflich der Abspaltung von T\u00fcrmen in Brasilien und der Ausgliederung von FiberCop in Italien.<\/p>\n\t\t\t<\/div>\n\t\n<div class=\"row row-collapse\"  id=\"row-963831508\">\n\n\n\t<div id=\"col-949248350\" class=\"col medium-2 small-12 large-2\"  >\n\t\t\t\t<div class=\"col-inner\"  >\n\t\t\t\n\t\t\t\n\n\t<div class=\"img has-hover x md-x lg-x y md-y lg-y\" id=\"image_116150033\">\n\t\t\t\t\t\t\t\t<div class=\"img-inner dark\" >\n\t\t\t<img loading=\"lazy\" decoding=\"async\" width=\"600\" height=\"600\" src=\"https:\/\/www.italtel.com\/wp-content\/uploads\/2025\/02\/Carlo_Filangier_cerchio.png\" class=\"attachment-original size-original\" alt=\"Carlo Filangieri\" srcset=\"https:\/\/www.italtel.com\/wp-content\/uploads\/2025\/02\/Carlo_Filangier_cerchio.png 600w, https:\/\/www.italtel.com\/wp-content\/uploads\/2025\/02\/Carlo_Filangier_cerchio-300x300.png 300w, https:\/\/www.italtel.com\/wp-content\/uploads\/2025\/02\/Carlo_Filangier_cerchio-150x150.png 150w\" sizes=\"auto, (max-width: 600px) 100vw, 600px\" \/>\t\t\t\t\t\t\n\t\t\t\t\t<\/div>\n\t\t\t\t\t\t\t\t\n<style>\n#image_116150033 {\n  width: 100%;\n}\n<\/style>\n\t<\/div>\n\t\n\n\n\t\t<\/div>\n\t\t\t\t\t<\/div>\n\n\t\n\n\t<div id=\"col-1582948744\" class=\"col medium-10 small-12 large-10\"  >\n\t\t\t\t<div class=\"col-inner\"  >\n\t\t\t\n\t\t\t\n\n\t<div id=\"text-655319483\" class=\"text fontsize_200\">\n\t\t\n\n<p style=\"color: #04c5fe;\">\u201c<\/p>\n\t\t\t<\/div>\n\t\n\t<div id=\"text-2602138719\" class=\"text fontsize_18 color_black\">\n\t\t\n\n<p data-start=\"32\" data-end=\"582\"><em>\u201eIch bin stolz darauf, die F\u00fchrung von Italtel zu \u00fcbernehmen, einem Unternehmen, das seit mehr als 100 Jahren einen wichtigen Beitrag zum industriellen und technologischen Wachstum des Landes leistet und dessen Werte ich in seiner DNA teile: Expertise, Innovation und Kundenorientierung\u201c, <\/em>sagt <strong>Carlo Filangieri<\/strong>.<em> \u201eIch beabsichtige, von hier aus und mit der relevanten Erfahrung, die ich im multinationalen Kontext gesammelt habe, die Digitalisierung und Entwicklung unserer Kunden in Italien und im Ausland zu konsolidieren und zu beschleunigen.\u201c<\/em><\/p>\n<p data-start=\"584\" data-end=\"631\" data-is-last-node=\"\">\u00a0<\/p>\n\t\t\t<\/div>\n\t\n\n\t\t<\/div>\n\t\t\t\t\n<style>\n#col-1582948744 > .col-inner {\n  padding: 0px 0px 0px 4rem;\n}\n<\/style>\n\t<\/div>\n\n\t\n\n<\/div>\n\t<div id=\"text-50346465\" class=\"text fontsize_18 color_black\">\n\t\t\n\n<p data-start=\"42\" data-end=\"531\">Italtel verf\u00fcgt \u00fcber marktbekannte Ingenieurkompetenzen in den Bereichen Design, Entwicklung und Implementierung von Netzwerk-Infrastrukturen und innovativen Technologiel\u00f6sungen, ein starkes Partner-\u00d6kosystem, die F\u00e4higkeit, fortschrittliche und verwaltete Dienstleistungen zu entwerfen und zu liefern, sowie ein Angebot, das die fortschrittlichsten Themen der digitalen Transformation abdeckt, wie Netzwerk- und 5G-Technologien, hybride Cloud, Cybersicherheit, Automatisierung und KI.<\/p>\n<p data-start=\"533\" data-end=\"752\">Das Aktienkapital von Italtel wird zu 71,38 Prozent von Nextalia \u00fcber den Fonds \u201eNextalia Credit Opportunities\u201c und zu den verbleibenden 28,62 Prozent von Clessidra \u00fcber den Fonds \u201eClessidra Restructuring\u201c gehalten.<\/p>\n\t\t\t<\/div>\n\t\n\n\t\t<\/div>\n\t\t\t\t\n<style>\n#col-540426766 > .col-inner {\n  padding: 6rem 11rem 0px 0px;\n}\n<\/style>\n\t<\/div>\n\n\t\n\n\t<div id=\"col-957873230\" class=\"col sibebar_col medium-3 small-12 large-3\"  >\n\t\t<div class=\"is-sticky-column\"><div class=\"is-sticky-column__inner\">\t\t<div class=\"col-inner\"  >\n\t\t\t\n\t\t\t\n\n\t<div id=\"text-3504277886\" class=\"text fontsize_16 color_black fontweight_500\">\n\t\t\n\n<p>KEYWORDS<\/p>\n\t\t\t<\/div>\n\t\n<div class=\"is-divider divider clearfix\" style=\"margin-top:2rem;margin-bottom:2rem;max-width:100%;height:1px;background-color:rgba(112, 112, 112, 0.302);\"><\/div>\n\n\t<div id=\"text-1782097304\" class=\"text fontsize_18 color_black\">\n\t\t\n\n<p>LEADERSHIP<\/p>\n\t\t\t<\/div>\n\t\n<div class=\"is-divider divider clearfix\" style=\"margin-top:2rem;margin-bottom:2rem;max-width:100%;height:1px;background-color:rgba(112, 112, 112, 0.302);\"><\/div>\n\n\t<div id=\"text-1286971571\" class=\"text fontsize_18 color_black\">\n\t\t\n\n<p>EXPERIENCE<\/p>\n\t\t\t<\/div>\n\t\n<div class=\"is-divider divider clearfix\" style=\"margin-top:2rem;margin-bottom:2rem;max-width:100%;height:1px;background-color:rgba(112, 112, 112, 0.302);\"><\/div>\n\n\t<div id=\"gap-1082351749\" class=\"gap-element clearfix\" style=\"display:block; height:auto;\">\n\t\t\n<style>\n#gap-1082351749 {\n  padding-top: 13rem;\n}\n<\/style>\n\t<\/div>\n\t\n\n\t<div id=\"text-45020695\" class=\"text fontsize_16 color_black fontweight_500\">\n\t\t\n\n<p>DOCUMENTS<\/p>\n\t\t\t<\/div>\n\t\n<div class=\"is-divider divider clearfix\" style=\"margin-top:2rem;margin-bottom:2rem;max-width:100%;height:1px;background-color:rgba(112, 112, 112, 0.302);\"><\/div>\n\n\t<div id=\"text-3510340851\" class=\"text fontsize_18 color_black\">\n\t\t\n\n<p><a href=\"https:\/\/www.italtel.com\/wp-content\/uploads\/2025\/02\/PR-Italtel-new-CEO-1.pdf\" target=\"_blank\" rel=\"noopener\">PRESS RELEASE<\/a><\/p>\n<p> (ENGLISH)<\/p>\n\n\t\t\t<\/div>\n\t\n<div class=\"is-divider divider clearfix\" style=\"margin-top:2rem;margin-bottom:2rem;max-width:100%;height:1px;background-color:rgba(112, 112, 112, 0.302);\"><\/div>\n\n\t<div id=\"gap-1096013767\" class=\"gap-element clearfix\" style=\"display:block; height:auto;\">\n\t\t\n<style>\n#gap-1096013767 {\n  padding-top: 13rem;\n}\n<\/style>\n\t<\/div>\n\t\n\n\t<div id=\"text-2347417784\" class=\"text fontsize_16 color_black fontweight_500\">\n\t\t\n\nSHARE THE PAGE\n\t\t\t<\/div>\n\t\n<div class=\"is-divider divider clearfix\" style=\"margin-top:2rem;margin-bottom:2rem;max-width:100%;height:1px;background-color:rgba(112, 112, 112, 0.302);\"><\/div>\n\n\t<div class=\"img has-hover socialshare_icon linkedin x md-x lg-x y md-y lg-y\" id=\"image_161177004\">\n\t\t\t\t\t\t\t\t<div class=\"img-inner dark\" >\n\t\t\t<img loading=\"lazy\" decoding=\"async\" width=\"1\" height=\"1\" src=\"https:\/\/www.italtel.com\/wp-content\/uploads\/2024\/09\/Linkedin-icon.svg\" class=\"attachment-large size-large\" alt=\"Linkedin-icon\" \/>\t\t\t\t\t\t\n\t\t\t\t\t<\/div>\n\t\t\t\t\t\t\t\t\n<style>\n#image_161177004 {\n  width: 100%;\n}\n<\/style>\n\t<\/div>\n\t\n\n\t<div class=\"img has-hover socialshare_icon instagram x md-x lg-x y md-y lg-y\" id=\"image_881456382\">\n\t\t\t\t\t\t\t\t<div class=\"img-inner dark\" >\n\t\t\t<img loading=\"lazy\" decoding=\"async\" width=\"27\" height=\"27\" src=\"https:\/\/www.italtel.com\/wp-content\/uploads\/2024\/07\/Raggruppa-12942.png\" class=\"attachment-large size-large\" alt=\"Instagram icon\" \/>\t\t\t\t\t\t\n\t\t\t\t\t<\/div>\n\t\t\t\t\t\t\t\t\n<style>\n#image_881456382 {\n  width: 100%;\n}\n<\/style>\n\t<\/div>\n\t\n\n\t<div class=\"img has-hover socialshare_icon ex x md-x lg-x y md-y lg-y\" id=\"image_807541148\">\n\t\t\t\t\t\t\t\t<div class=\"img-inner dark\" >\n\t\t\t<img loading=\"lazy\" decoding=\"async\" width=\"1\" height=\"1\" src=\"https:\/\/www.italtel.com\/wp-content\/uploads\/2024\/09\/X-icon.svg\" class=\"attachment-large size-large\" alt=\"X-icon\" \/>\t\t\t\t\t\t\n\t\t\t\t\t<\/div>\n\t\t\t\t\t\t\t\t\n<style>\n#image_807541148 {\n  width: 100%;\n}\n<\/style>\n\t<\/div>\n\t\n\n\n\t\t<\/div>\n\t\t<\/div><\/div>\t\t\n<style>\n#col-957873230 > .is-sticky-column > .is-sticky-column__inner > .col-inner {\n  padding: 6rem 0px 0px 0px;\n}\n<\/style>\n\t<\/div>\n\n\t\n\n<\/div>\n\n","protected":false},"excerpt":{"rendered":"","protected":false},"author":6,"featured_media":68277,"comment_status":"closed","ping_status":"closed","sticky":false,"template":"","format":"standard","meta":{"footnotes":""},"categories":[957],"tags":[958],"class_list":["post-68349","post","type-post","status-publish","format-standard","has-post-thumbnail","hentry","category-press-release-de","tag-company-de"],"yoast_head":"<!-- This site is optimized with the Yoast SEO plugin v27.4 - https:\/\/yoast.com\/product\/yoast-seo-wordpress\/ -->\n<title>Der Vorstand von Italtel ernennt Carlo Filangieri zum neuen CEO - Italtel<\/title>\n<meta name=\"robots\" content=\"index, follow, max-snippet:-1, max-image-preview:large, max-video-preview:-1\" \/>\n<link rel=\"canonical\" href=\"https:\/\/www.italtel.com\/de\/the-board-of-directors-of-italtel-appoints-carlo-filangieri-as-new-ceo\/\" \/>\n<meta property=\"og:locale\" content=\"de_DE\" \/>\n<meta property=\"og:type\" content=\"article\" \/>\n<meta property=\"og:title\" content=\"Der Vorstand von Italtel ernennt Carlo Filangieri zum neuen CEO - Italtel\" \/>\n<meta property=\"og:url\" content=\"https:\/\/www.italtel.com\/de\/the-board-of-directors-of-italtel-appoints-carlo-filangieri-as-new-ceo\/\" \/>\n<meta property=\"og:site_name\" content=\"Italtel\" \/>\n<meta property=\"article:published_time\" content=\"2025-02-14T08:19:14+00:00\" \/>\n<meta property=\"article:modified_time\" content=\"2025-02-14T10:04:39+00:00\" \/>\n<meta property=\"og:image\" content=\"https:\/\/www.italtel.com\/wp-content\/uploads\/2025\/02\/Carlo_Filangieri_CEO-scaled.jpg\" \/>\n\t<meta property=\"og:image:width\" content=\"2560\" \/>\n\t<meta property=\"og:image:height\" content=\"1920\" \/>\n\t<meta property=\"og:image:type\" content=\"image\/jpeg\" \/>\n<meta name=\"author\" content=\"Daniela Fontana\" \/>\n<meta name=\"twitter:card\" content=\"summary_large_image\" \/>\n<meta name=\"twitter:creator\" content=\"@Italtel\" \/>\n<meta name=\"twitter:site\" content=\"@Italtel\" \/>\n<meta name=\"twitter:label1\" content=\"Verfasst von\" \/>\n\t<meta name=\"twitter:data1\" content=\"Daniela Fontana\" \/>\n\t<meta name=\"twitter:label2\" content=\"Gesch\u00e4tzte Lesezeit\" \/>\n\t<meta name=\"twitter:data2\" content=\"1\u00a0Minute\" \/>\n<script type=\"application\/ld+json\" class=\"yoast-schema-graph\">{\"@context\":\"https:\\\/\\\/schema.org\",\"@graph\":[{\"@type\":\"Article\",\"@id\":\"https:\\\/\\\/www.italtel.com\\\/de\\\/the-board-of-directors-of-italtel-appoints-carlo-filangieri-as-new-ceo\\\/#article\",\"isPartOf\":{\"@id\":\"https:\\\/\\\/www.italtel.com\\\/de\\\/the-board-of-directors-of-italtel-appoints-carlo-filangieri-as-new-ceo\\\/\"},\"author\":{\"name\":\"Daniela Fontana\",\"@id\":\"https:\\\/\\\/www.italtel.com\\\/de\\\/#\\\/schema\\\/person\\\/38f315d5a978255f0cf320055bad5afe\"},\"headline\":\"Der Vorstand von Italtel ernennt Carlo Filangieri zum neuen CEO\",\"datePublished\":\"2025-02-14T08:19:14+00:00\",\"dateModified\":\"2025-02-14T10:04:39+00:00\",\"mainEntityOfPage\":{\"@id\":\"https:\\\/\\\/www.italtel.com\\\/de\\\/the-board-of-directors-of-italtel-appoints-carlo-filangieri-as-new-ceo\\\/\"},\"wordCount\":644,\"publisher\":{\"@id\":\"https:\\\/\\\/www.italtel.com\\\/de\\\/#organization\"},\"image\":{\"@id\":\"https:\\\/\\\/www.italtel.com\\\/de\\\/the-board-of-directors-of-italtel-appoints-carlo-filangieri-as-new-ceo\\\/#primaryimage\"},\"thumbnailUrl\":\"https:\\\/\\\/www.italtel.com\\\/wp-content\\\/uploads\\\/2025\\\/02\\\/Carlo_Filangieri_CEO-scaled.jpg\",\"keywords\":[\"Company\"],\"articleSection\":[\"Press release\"],\"inLanguage\":\"de\"},{\"@type\":\"WebPage\",\"@id\":\"https:\\\/\\\/www.italtel.com\\\/de\\\/the-board-of-directors-of-italtel-appoints-carlo-filangieri-as-new-ceo\\\/\",\"url\":\"https:\\\/\\\/www.italtel.com\\\/de\\\/the-board-of-directors-of-italtel-appoints-carlo-filangieri-as-new-ceo\\\/\",\"name\":\"Der Vorstand von Italtel ernennt Carlo Filangieri zum neuen CEO - Italtel\",\"isPartOf\":{\"@id\":\"https:\\\/\\\/www.italtel.com\\\/de\\\/#website\"},\"primaryImageOfPage\":{\"@id\":\"https:\\\/\\\/www.italtel.com\\\/de\\\/the-board-of-directors-of-italtel-appoints-carlo-filangieri-as-new-ceo\\\/#primaryimage\"},\"image\":{\"@id\":\"https:\\\/\\\/www.italtel.com\\\/de\\\/the-board-of-directors-of-italtel-appoints-carlo-filangieri-as-new-ceo\\\/#primaryimage\"},\"thumbnailUrl\":\"https:\\\/\\\/www.italtel.com\\\/wp-content\\\/uploads\\\/2025\\\/02\\\/Carlo_Filangieri_CEO-scaled.jpg\",\"datePublished\":\"2025-02-14T08:19:14+00:00\",\"dateModified\":\"2025-02-14T10:04:39+00:00\",\"breadcrumb\":{\"@id\":\"https:\\\/\\\/www.italtel.com\\\/de\\\/the-board-of-directors-of-italtel-appoints-carlo-filangieri-as-new-ceo\\\/#breadcrumb\"},\"inLanguage\":\"de\",\"potentialAction\":[{\"@type\":\"ReadAction\",\"target\":[\"https:\\\/\\\/www.italtel.com\\\/de\\\/the-board-of-directors-of-italtel-appoints-carlo-filangieri-as-new-ceo\\\/\"]}]},{\"@type\":\"ImageObject\",\"inLanguage\":\"de\",\"@id\":\"https:\\\/\\\/www.italtel.com\\\/de\\\/the-board-of-directors-of-italtel-appoints-carlo-filangieri-as-new-ceo\\\/#primaryimage\",\"url\":\"https:\\\/\\\/www.italtel.com\\\/wp-content\\\/uploads\\\/2025\\\/02\\\/Carlo_Filangieri_CEO-scaled.jpg\",\"contentUrl\":\"https:\\\/\\\/www.italtel.com\\\/wp-content\\\/uploads\\\/2025\\\/02\\\/Carlo_Filangieri_CEO-scaled.jpg\",\"width\":2560,\"height\":1920,\"caption\":\"Carlo Filangieri CEO\"},{\"@type\":\"BreadcrumbList\",\"@id\":\"https:\\\/\\\/www.italtel.com\\\/de\\\/the-board-of-directors-of-italtel-appoints-carlo-filangieri-as-new-ceo\\\/#breadcrumb\",\"itemListElement\":[{\"@type\":\"ListItem\",\"position\":1,\"name\":\"Home\",\"item\":\"https:\\\/\\\/www.italtel.com\\\/de\\\/\"},{\"@type\":\"ListItem\",\"position\":2,\"name\":\"Der Vorstand von Italtel ernennt Carlo Filangieri zum neuen CEO\"}]},{\"@type\":\"WebSite\",\"@id\":\"https:\\\/\\\/www.italtel.com\\\/de\\\/#website\",\"url\":\"https:\\\/\\\/www.italtel.com\\\/de\\\/\",\"name\":\"Italtel\",\"description\":\"Italtel Group&#039;s company website\",\"publisher\":{\"@id\":\"https:\\\/\\\/www.italtel.com\\\/de\\\/#organization\"},\"potentialAction\":[{\"@type\":\"SearchAction\",\"target\":{\"@type\":\"EntryPoint\",\"urlTemplate\":\"https:\\\/\\\/www.italtel.com\\\/de\\\/?s={search_term_string}\"},\"query-input\":{\"@type\":\"PropertyValueSpecification\",\"valueRequired\":true,\"valueName\":\"search_term_string\"}}],\"inLanguage\":\"de\"},{\"@type\":\"Organization\",\"@id\":\"https:\\\/\\\/www.italtel.com\\\/de\\\/#organization\",\"name\":\"Italtel S.p.A.\",\"url\":\"https:\\\/\\\/www.italtel.com\\\/de\\\/\",\"logo\":{\"@type\":\"ImageObject\",\"inLanguage\":\"de\",\"@id\":\"https:\\\/\\\/www.italtel.com\\\/de\\\/#\\\/schema\\\/logo\\\/image\\\/\",\"url\":\"https:\\\/\\\/www.italtel.com\\\/wp-content\\\/uploads\\\/2024\\\/11\\\/Italtel_logo.png\",\"contentUrl\":\"https:\\\/\\\/www.italtel.com\\\/wp-content\\\/uploads\\\/2024\\\/11\\\/Italtel_logo.png\",\"width\":591,\"height\":139,\"caption\":\"Italtel S.p.A.\"},\"image\":{\"@id\":\"https:\\\/\\\/www.italtel.com\\\/de\\\/#\\\/schema\\\/logo\\\/image\\\/\"},\"sameAs\":[\"https:\\\/\\\/x.com\\\/Italtel\",\"https:\\\/\\\/www.linkedin.com\\\/company\\\/italtel\\\/\",\"https:\\\/\\\/www.instagram.com\\\/italtel_hq\\\/\"]},{\"@type\":\"Person\",\"@id\":\"https:\\\/\\\/www.italtel.com\\\/de\\\/#\\\/schema\\\/person\\\/38f315d5a978255f0cf320055bad5afe\",\"name\":\"Daniela Fontana\",\"image\":{\"@type\":\"ImageObject\",\"inLanguage\":\"de\",\"@id\":\"https:\\\/\\\/secure.gravatar.com\\\/avatar\\\/834a03b0c73144a8ca36e17dc365b3fbadb34c9e44399b609a00f2231e694f6a?s=96&d=mm&r=g\",\"url\":\"https:\\\/\\\/secure.gravatar.com\\\/avatar\\\/834a03b0c73144a8ca36e17dc365b3fbadb34c9e44399b609a00f2231e694f6a?s=96&d=mm&r=g\",\"contentUrl\":\"https:\\\/\\\/secure.gravatar.com\\\/avatar\\\/834a03b0c73144a8ca36e17dc365b3fbadb34c9e44399b609a00f2231e694f6a?s=96&d=mm&r=g\",\"caption\":\"Daniela Fontana\"}}]}<\/script>\n<!-- \/ Yoast SEO plugin. -->","yoast_head_json":{"title":"Der Vorstand von Italtel ernennt Carlo Filangieri zum neuen CEO - Italtel","robots":{"index":"index","follow":"follow","max-snippet":"max-snippet:-1","max-image-preview":"max-image-preview:large","max-video-preview":"max-video-preview:-1"},"canonical":"https:\/\/www.italtel.com\/de\/the-board-of-directors-of-italtel-appoints-carlo-filangieri-as-new-ceo\/","og_locale":"de_DE","og_type":"article","og_title":"Der Vorstand von Italtel ernennt Carlo Filangieri zum neuen CEO - Italtel","og_url":"https:\/\/www.italtel.com\/de\/the-board-of-directors-of-italtel-appoints-carlo-filangieri-as-new-ceo\/","og_site_name":"Italtel","article_published_time":"2025-02-14T08:19:14+00:00","article_modified_time":"2025-02-14T10:04:39+00:00","og_image":[{"width":2560,"height":1920,"url":"https:\/\/www.italtel.com\/wp-content\/uploads\/2025\/02\/Carlo_Filangieri_CEO-scaled.jpg","type":"image\/jpeg"}],"author":"Daniela Fontana","twitter_card":"summary_large_image","twitter_creator":"@Italtel","twitter_site":"@Italtel","twitter_misc":{"Verfasst von":"Daniela Fontana","Gesch\u00e4tzte Lesezeit":"1\u00a0Minute"},"schema":{"@context":"https:\/\/schema.org","@graph":[{"@type":"Article","@id":"https:\/\/www.italtel.com\/de\/the-board-of-directors-of-italtel-appoints-carlo-filangieri-as-new-ceo\/#article","isPartOf":{"@id":"https:\/\/www.italtel.com\/de\/the-board-of-directors-of-italtel-appoints-carlo-filangieri-as-new-ceo\/"},"author":{"name":"Daniela Fontana","@id":"https:\/\/www.italtel.com\/de\/#\/schema\/person\/38f315d5a978255f0cf320055bad5afe"},"headline":"Der Vorstand von Italtel ernennt Carlo Filangieri zum neuen CEO","datePublished":"2025-02-14T08:19:14+00:00","dateModified":"2025-02-14T10:04:39+00:00","mainEntityOfPage":{"@id":"https:\/\/www.italtel.com\/de\/the-board-of-directors-of-italtel-appoints-carlo-filangieri-as-new-ceo\/"},"wordCount":644,"publisher":{"@id":"https:\/\/www.italtel.com\/de\/#organization"},"image":{"@id":"https:\/\/www.italtel.com\/de\/the-board-of-directors-of-italtel-appoints-carlo-filangieri-as-new-ceo\/#primaryimage"},"thumbnailUrl":"https:\/\/www.italtel.com\/wp-content\/uploads\/2025\/02\/Carlo_Filangieri_CEO-scaled.jpg","keywords":["Company"],"articleSection":["Press release"],"inLanguage":"de"},{"@type":"WebPage","@id":"https:\/\/www.italtel.com\/de\/the-board-of-directors-of-italtel-appoints-carlo-filangieri-as-new-ceo\/","url":"https:\/\/www.italtel.com\/de\/the-board-of-directors-of-italtel-appoints-carlo-filangieri-as-new-ceo\/","name":"Der Vorstand von Italtel ernennt Carlo Filangieri zum neuen CEO - Italtel","isPartOf":{"@id":"https:\/\/www.italtel.com\/de\/#website"},"primaryImageOfPage":{"@id":"https:\/\/www.italtel.com\/de\/the-board-of-directors-of-italtel-appoints-carlo-filangieri-as-new-ceo\/#primaryimage"},"image":{"@id":"https:\/\/www.italtel.com\/de\/the-board-of-directors-of-italtel-appoints-carlo-filangieri-as-new-ceo\/#primaryimage"},"thumbnailUrl":"https:\/\/www.italtel.com\/wp-content\/uploads\/2025\/02\/Carlo_Filangieri_CEO-scaled.jpg","datePublished":"2025-02-14T08:19:14+00:00","dateModified":"2025-02-14T10:04:39+00:00","breadcrumb":{"@id":"https:\/\/www.italtel.com\/de\/the-board-of-directors-of-italtel-appoints-carlo-filangieri-as-new-ceo\/#breadcrumb"},"inLanguage":"de","potentialAction":[{"@type":"ReadAction","target":["https:\/\/www.italtel.com\/de\/the-board-of-directors-of-italtel-appoints-carlo-filangieri-as-new-ceo\/"]}]},{"@type":"ImageObject","inLanguage":"de","@id":"https:\/\/www.italtel.com\/de\/the-board-of-directors-of-italtel-appoints-carlo-filangieri-as-new-ceo\/#primaryimage","url":"https:\/\/www.italtel.com\/wp-content\/uploads\/2025\/02\/Carlo_Filangieri_CEO-scaled.jpg","contentUrl":"https:\/\/www.italtel.com\/wp-content\/uploads\/2025\/02\/Carlo_Filangieri_CEO-scaled.jpg","width":2560,"height":1920,"caption":"Carlo Filangieri CEO"},{"@type":"BreadcrumbList","@id":"https:\/\/www.italtel.com\/de\/the-board-of-directors-of-italtel-appoints-carlo-filangieri-as-new-ceo\/#breadcrumb","itemListElement":[{"@type":"ListItem","position":1,"name":"Home","item":"https:\/\/www.italtel.com\/de\/"},{"@type":"ListItem","position":2,"name":"Der Vorstand von Italtel ernennt Carlo Filangieri zum neuen CEO"}]},{"@type":"WebSite","@id":"https:\/\/www.italtel.com\/de\/#website","url":"https:\/\/www.italtel.com\/de\/","name":"Italtel","description":"Italtel Group&#039;s company website","publisher":{"@id":"https:\/\/www.italtel.com\/de\/#organization"},"potentialAction":[{"@type":"SearchAction","target":{"@type":"EntryPoint","urlTemplate":"https:\/\/www.italtel.com\/de\/?s={search_term_string}"},"query-input":{"@type":"PropertyValueSpecification","valueRequired":true,"valueName":"search_term_string"}}],"inLanguage":"de"},{"@type":"Organization","@id":"https:\/\/www.italtel.com\/de\/#organization","name":"Italtel S.p.A.","url":"https:\/\/www.italtel.com\/de\/","logo":{"@type":"ImageObject","inLanguage":"de","@id":"https:\/\/www.italtel.com\/de\/#\/schema\/logo\/image\/","url":"https:\/\/www.italtel.com\/wp-content\/uploads\/2024\/11\/Italtel_logo.png","contentUrl":"https:\/\/www.italtel.com\/wp-content\/uploads\/2024\/11\/Italtel_logo.png","width":591,"height":139,"caption":"Italtel S.p.A."},"image":{"@id":"https:\/\/www.italtel.com\/de\/#\/schema\/logo\/image\/"},"sameAs":["https:\/\/x.com\/Italtel","https:\/\/www.linkedin.com\/company\/italtel\/","https:\/\/www.instagram.com\/italtel_hq\/"]},{"@type":"Person","@id":"https:\/\/www.italtel.com\/de\/#\/schema\/person\/38f315d5a978255f0cf320055bad5afe","name":"Daniela Fontana","image":{"@type":"ImageObject","inLanguage":"de","@id":"https:\/\/secure.gravatar.com\/avatar\/834a03b0c73144a8ca36e17dc365b3fbadb34c9e44399b609a00f2231e694f6a?s=96&d=mm&r=g","url":"https:\/\/secure.gravatar.com\/avatar\/834a03b0c73144a8ca36e17dc365b3fbadb34c9e44399b609a00f2231e694f6a?s=96&d=mm&r=g","contentUrl":"https:\/\/secure.gravatar.com\/avatar\/834a03b0c73144a8ca36e17dc365b3fbadb34c9e44399b609a00f2231e694f6a?s=96&d=mm&r=g","caption":"Daniela Fontana"}}]}},"_links":{"self":[{"href":"https:\/\/www.italtel.com\/de\/wp-json\/wp\/v2\/posts\/68349","targetHints":{"allow":["GET"]}}],"collection":[{"href":"https:\/\/www.italtel.com\/de\/wp-json\/wp\/v2\/posts"}],"about":[{"href":"https:\/\/www.italtel.com\/de\/wp-json\/wp\/v2\/types\/post"}],"author":[{"embeddable":true,"href":"https:\/\/www.italtel.com\/de\/wp-json\/wp\/v2\/users\/6"}],"replies":[{"embeddable":true,"href":"https:\/\/www.italtel.com\/de\/wp-json\/wp\/v2\/comments?post=68349"}],"version-history":[{"count":4,"href":"https:\/\/www.italtel.com\/de\/wp-json\/wp\/v2\/posts\/68349\/revisions"}],"predecessor-version":[{"id":68353,"href":"https:\/\/www.italtel.com\/de\/wp-json\/wp\/v2\/posts\/68349\/revisions\/68353"}],"wp:featuredmedia":[{"embeddable":true,"href":"https:\/\/www.italtel.com\/de\/wp-json\/wp\/v2\/media\/68277"}],"wp:attachment":[{"href":"https:\/\/www.italtel.com\/de\/wp-json\/wp\/v2\/media?parent=68349"}],"wp:term":[{"taxonomy":"category","embeddable":true,"href":"https:\/\/www.italtel.com\/de\/wp-json\/wp\/v2\/categories?post=68349"},{"taxonomy":"post_tag","embeddable":true,"href":"https:\/\/www.italtel.com\/de\/wp-json\/wp\/v2\/tags?post=68349"}],"curies":[{"name":"wp","href":"https:\/\/api.w.org\/{rel}","templated":true}]}}