{"id":69519,"date":"2025-01-02T10:44:08","date_gmt":"2025-01-02T08:44:08","guid":{"rendered":"https:\/\/www.italtel.com\/from-my-first-interview-in-milan-to-rspp-a-25-year-journey-at-italtel\/"},"modified":"2025-03-05T08:26:13","modified_gmt":"2025-03-05T06:26:13","slug":"von-meinem-ersten-interview-in-mailand-zum-rspp-eine-25-jaehrige-reise-bei-italtel","status":"publish","type":"post","link":"https:\/\/www.italtel.com\/de\/von-meinem-ersten-interview-in-mailand-zum-rspp-eine-25-jaehrige-reise-bei-italtel\/","title":{"rendered":"Von meinem ersten Interview in Mailand zum RSPP: eine 25-j\u00e4hrige Reise bei Italtel"},"content":{"rendered":"\n<div class=\"row\"  id=\"row-322420521\">\n\n\n\t<div id=\"col-1143225967\" class=\"col medium-9 small-12 large-9\"  >\n\t\t\t\t<div class=\"col-inner\"  >\n\t\t\t\n\t\t\t\n\n\t<div id=\"text-3531948098\" class=\"text fontsize_18 color_black\">\n\t\t\n\n<p data-start=\"574\" data-end=\"784\">Hallo, ich bin Tonia Semeraro und m\u00f6chte mit Ihnen meine einzigartige Reise von fast 25 Jahren bei Italtel teilen, einen Weg voller Entscheidungen, die manchmal wahre Wetten auf die Zukunft waren.<\/p>\n<p data-start=\"786\" data-end=\"1028\">Urspr\u00fcnglich aus Apulien stamme, habe ich 2000 mein Mathematikstudium an der Universit\u00e4t Bari abgeschlossen. Nach einem belebenden Sommer voller Begeisterung und Vertrauen sagte ich meiner Mutter mutig, dass ich sofort einen Job finden w\u00fcrde.<\/p>\n\t\t\t<\/div>\n\t\n\t<div id=\"text-1630911671\" class=\"text fontsize_32 color_black\">\n\t\t\n\n<h2>Die erste Wette&#8230;<\/h2>\n\t\t\t<\/div>\n\t\n\t<div id=\"text-2919586982\" class=\"text fontsize_18 color_black\">\n\t\t\n\n<p data-start=\"911\" data-end=\"1510\">Im September kaufte ich ein Stellenanzeigemagazin und schickte meinen ersten Lebenslauf an Italtel, das junge Absolventen in wissenschaftlichen Bereichen suchte. Nur eine Woche sp\u00e4ter erhielt ich einen Anruf, nahm den Zug nach Mailand und ging zu meinem ersten Vorstellungsgespr\u00e4ch. Ich werde diesen Tag nie vergessen \u2013 ich war so aufgeregt. Ich traf auf einen Manager, der sp\u00e4ter mein Vorgesetzter wurde, und einen Personalverantwortlichen. Nach einem gro\u00dfartigen Gespr\u00e4ch teilten sie mir mit, dass sie mich noch an diesem Tag einstellen w\u00fcrden \u2013 ich hatte meine erste Wette gewonnen.<\/p>\n<p data-start=\"1512\" data-end=\"1934\">Am 2. Oktober 2000 begann ich meinen ersten Arbeitstag bei Italtel in Settimo Milanese, im \u201e2. Lager\u201c, als Softwareentwicklerin. Die ersten zwei Jahre \u201eOn-the-Job-Training\u201c waren intensiv und erm\u00f6glichten es mir, meine Rolle im Labor zu \u00fcbernehmen, das f\u00fcr die Verwaltung der Software f\u00fcr Telefonanlagen und zugeh\u00f6rige Ger\u00e4te zust\u00e4ndig war. Ich war bereits nach Mailand gezogen, wie viele junge Menschen meiner Generation.<\/p>\n\t\t\t<\/div>\n\t\n\t<div id=\"text-2983383114\" class=\"text fontsize_32 color_black\">\n\t\t\n\n<h2>Die zweite Wette&#8230;<\/h2>\n\n\t\t\t<\/div>\n\t\n\t<div id=\"text-3239802883\" class=\"text fontsize_18 color_black\">\n\t\t\n\n<p data-start=\"710\" data-end=\"1457\">Im Jahr 2004 beantragte ich aus pers\u00f6nlichen Gr\u00fcnden eine Versetzung in die Niederlassung in Palermo, wo ich noch heute arbeite. Dies war die zweite Wette, die ich gewann, und eine, \u00fcber die ich keinerlei Bedauern habe \u2013 den Sprung zu wagen und \u201er\u00fcckw\u00e4rts\u201c zu migrieren. Nach 20 Jahren Arbeit hier in Palermo, w\u00e4hrend ich weiterhin mit Kollegen aus anderen Niederlassungen zusammenarbeite, kann ich stolz sagen, dass eines der herausragenden Merkmale meines Unternehmens das kollaborative und hochprofessionelle Umfeld ist, das von Norden bis S\u00fcden zu finden ist. In allen Italtel-B\u00fcros sind die Kollegen stets erreichbar, und der menschliche sowie professionelle Austausch ist ein fester Bestandteil der positiven t\u00e4glichen Routine.<\/p>\n\t\t\t<\/div>\n\t\n\t<div id=\"text-4017386910\" class=\"text fontsize_32 color_black\">\n\t\t\n\n<h2>Die dritte Wette&#8230; Vom Unternehmen<\/h2>\n\n\t\t\t<\/div>\n\t\n\t<div id=\"text-2150001697\" class=\"text fontsize_18 color_black\">\n\t\t\n\n<p data-start=\"741\" data-end=\"1147\">Herausforderungen machen mir keine Angst; im Gegenteil, sie motivieren mich, immer besser zu werden. Im Laufe meiner Karriere habe ich verschiedene Positionen innegehabt, bis ich vor zwei Jahren, nach f\u00fcnf Jahren als ASPP (Beauftragte\/r f\u00fcr Arbeits- und Gesundheitsschutz) im B\u00fcro in Carini, zur RSPP (Leiter\/in des Arbeits- und Gesundheitsschutzes) f\u00fcr das gesamte Unternehmen ernannt wurde.<\/p>\n<p data-start=\"1149\" data-end=\"1415\">Ich bin dem Management dankbar, dass es auf mich gesetzt und mir die M\u00f6glichkeit gegeben hat, in einer komplexen und sensiblen neuen Rolle zu arbeiten, die viele Verantwortlichkeiten und Auswirkungen sowohl auf meine Kollegen als auch auf das Unternehmen selbst hat.<\/p>\n<p data-start=\"1417\" data-end=\"1536\">Ich bin stolz sagen zu k\u00f6nnen, dass ich die erste Frau in der Geschichte von Italtel bin, die diese Position innehatte!<\/p>\n\t\t\t<\/div>\n\t\n\t<div id=\"text-1121222585\" class=\"text fontsize_32 color_black\">\n\t\t\n\n<h2>Flexibilit\u00e4t und Smart Working<\/h2>\n\t\t\t<\/div>\n\t\n\t<div id=\"text-1844757565\" class=\"text fontsize_18 color_black\">\n\t\t\n\n<p data-start=\"572\" data-end=\"1190\">Im Jahr 2015, w\u00e4hrend ich im Bereich \u201eAngebote\u201c arbeitete, nahm mein Team an einem Pilotprojekt namens \u201eAgiles Arbeiten\u201c teil. Damals war das, was heute weithin als \u201eSmart Working\u201c bekannt ist, ein bahnbrechendes Konzept, das nur von wenigen Unternehmen umgesetzt wurde. Italtel war ein Pionier auf diesem Gebiet. Heute wird Smart Working zu 50 % im gesamten Unternehmen angewendet, was uns allen hilft, Arbeit und Privatleben besser in Einklang zu bringen und unsere Tage extrem flexibel und effizient zu gestalten. Dies ist ein weiteres herausragendes Merkmal unseres betrieblichen Wohlfahrtsprogramms.<\/p>\n\t\t\t<\/div>\n\t\n\t<div id=\"text-2690244150\" class=\"text fontsize_32 color_black\">\n\t\t\n\n<h2>Frauen und STEM-Karrieren<\/h2>\n\t\t\t<\/div>\n\t\n\t<div id=\"text-3061637780\" class=\"text fontsize_18 color_black\">\n\t\t\n\n<p data-start=\"549\" data-end=\"1109\">Abschlie\u00dfend bin ich stolz, Teil eines Unternehmens zu sein, das menschliches und berufliches Wachstum sch\u00e4tzt. Italtel ist ein Ort, an dem Frauen und M\u00e4nner Seite an Seite arbeiten, im gegenseitigen Respekt und in Zusammenarbeit. Ich ermutige junge Talente, Ausbildungs- und Karrierem\u00f6glichkeiten in den STEM-Bereichen in Betracht zu ziehen. Besonders lade ich junge Frauen ein, diese Bereiche zu erkunden, denn die Welt der Technologie und Innovation braucht sicherlich unseren Beitrag, unsere Perspektiven und den Mehrwert, den Frauen bringen!<\/p>\n\t\t\t<\/div>\n\t\n\n\t\t<\/div>\n\t\t\t\t\n<style>\n#col-1143225967 > .col-inner {\n  padding: 6rem 11rem 0px 0px;\n}\n<\/style>\n\t<\/div>\n\n\t\n\n\t<div id=\"col-136071287\" class=\"col sibebar_col medium-3 small-12 large-3\"  >\n\t\t<div class=\"is-sticky-column\"><div class=\"is-sticky-column__inner\">\t\t<div class=\"col-inner\"  >\n\t\t\t\n\t\t\t\n\n\t<div id=\"text-3055085178\" class=\"text fontsize_16 color_black fontweight_500\">\n\t\t\n\nTECH KEYWORDS\n\t\t\t<\/div>\n\t\n<div class=\"is-divider divider clearfix\" style=\"margin-top:2rem;margin-bottom:2rem;max-width:100%;height:1px;background-color:rgba(112, 112, 112, 0.302);\"><\/div>\n\n\t<div id=\"text-1342343748\" class=\"text fontsize_18 color_black\">\n\t\t\n\n<p>STEM CAREERS<\/p>\n\t\t\t<\/div>\n\t\n<div class=\"is-divider divider clearfix\" style=\"margin-top:2rem;margin-bottom:2rem;max-width:100%;height:1px;background-color:rgba(112, 112, 112, 0.302);\"><\/div>\n\n\t<div id=\"text-1891295995\" class=\"text fontsize_18 color_black\">\n\t\t\n\n<p>WOMEN IN TECHNOLOGY<\/p>\n\t\t\t<\/div>\n\t\n\t<div id=\"gap-1387409024\" class=\"gap-element clearfix\" style=\"display:block; height:auto;\">\n\t\t\n<style>\n#gap-1387409024 {\n  padding-top: 13rem;\n}\n<\/style>\n\t<\/div>\n\t\n\n\t<div id=\"text-814743295\" class=\"text fontsize_16 color_black fontweight_500\">\n\t\t\n\n<p>CONDIVIDI LA NEWS<\/p>\n\t\t\t<\/div>\n\t\n<div class=\"is-divider divider clearfix\" style=\"margin-top:2rem;margin-bottom:2rem;max-width:100%;height:1px;background-color:rgba(112, 112, 112, 0.302);\"><\/div>\n\n\t<div class=\"img has-hover socialshare_icon linkedin x md-x lg-x y md-y lg-y\" id=\"image_1003351233\">\n\t\t\t\t\t\t\t\t<div class=\"img-inner dark\" >\n\t\t\t<img loading=\"lazy\" decoding=\"async\" width=\"1\" height=\"1\" src=\"https:\/\/www.italtel.com\/wp-content\/uploads\/2024\/09\/Linkedin-icon.svg\" class=\"attachment-large size-large\" alt=\"Linkedin-icon\" \/>\t\t\t\t\t\t\n\t\t\t\t\t<\/div>\n\t\t\t\t\t\t\t\t\n<style>\n#image_1003351233 {\n  width: 100%;\n}\n<\/style>\n\t<\/div>\n\t\n\n\t<div class=\"img has-hover socialshare_icon instagram x md-x lg-x y md-y lg-y\" id=\"image_674506517\">\n\t\t\t\t\t\t\t\t<div class=\"img-inner dark\" >\n\t\t\t<img loading=\"lazy\" decoding=\"async\" width=\"27\" height=\"27\" src=\"https:\/\/www.italtel.com\/wp-content\/uploads\/2024\/07\/Raggruppa-12942.png\" class=\"attachment-large size-large\" alt=\"Instagram icon\" \/>\t\t\t\t\t\t\n\t\t\t\t\t<\/div>\n\t\t\t\t\t\t\t\t\n<style>\n#image_674506517 {\n  width: 100%;\n}\n<\/style>\n\t<\/div>\n\t\n\n\t<div class=\"img has-hover socialshare_icon ex x md-x lg-x y md-y lg-y\" id=\"image_1717491317\">\n\t\t\t\t\t\t\t\t<div class=\"img-inner dark\" >\n\t\t\t<img loading=\"lazy\" decoding=\"async\" width=\"1\" height=\"1\" src=\"https:\/\/www.italtel.com\/wp-content\/uploads\/2024\/09\/X-icon.svg\" class=\"attachment-large size-large\" alt=\"X-icon\" \/>\t\t\t\t\t\t\n\t\t\t\t\t<\/div>\n\t\t\t\t\t\t\t\t\n<style>\n#image_1717491317 {\n  width: 100%;\n}\n<\/style>\n\t<\/div>\n\t\n\n\n\t\t<\/div>\n\t\t<\/div><\/div>\t\t\n<style>\n#col-136071287 > .is-sticky-column > .is-sticky-column__inner > .col-inner {\n  padding: 6rem 0px 0px 0px;\n}\n<\/style>\n\t<\/div>\n\n\t\n\n<\/div>\n\n","protected":false},"excerpt":{"rendered":"","protected":false},"author":6,"featured_media":67014,"comment_status":"closed","ping_status":"closed","sticky":false,"template":"","format":"standard","meta":{"footnotes":""},"categories":[917,1010],"tags":[1022,1023,1024],"class_list":["post-69519","post","type-post","status-publish","format-standard","has-post-thumbnail","hentry","category-focus-de","category-interview-de","tag-girls-in-tech-2-de","tag-stem-careers-de","tag-women-in-trechnology-de"],"yoast_head":"<!-- This site is optimized with the Yoast SEO plugin v27.4 - https:\/\/yoast.com\/product\/yoast-seo-wordpress\/ -->\n<title>Von meinem ersten Interview in Mailand zum RSPP: eine 25-j\u00e4hrige Reise bei Italtel - Italtel<\/title>\n<meta name=\"robots\" content=\"index, follow, max-snippet:-1, max-image-preview:large, max-video-preview:-1\" \/>\n<link rel=\"canonical\" href=\"https:\/\/www.italtel.com\/de\/von-meinem-ersten-interview-in-mailand-zum-rspp-eine-25-jaehrige-reise-bei-italtel\/\" \/>\n<meta property=\"og:locale\" content=\"de_DE\" \/>\n<meta property=\"og:type\" content=\"article\" \/>\n<meta property=\"og:title\" content=\"Von meinem ersten Interview in Mailand zum RSPP: eine 25-j\u00e4hrige Reise bei Italtel - Italtel\" \/>\n<meta property=\"og:url\" content=\"https:\/\/www.italtel.com\/de\/von-meinem-ersten-interview-in-mailand-zum-rspp-eine-25-jaehrige-reise-bei-italtel\/\" \/>\n<meta property=\"og:site_name\" content=\"Italtel\" \/>\n<meta property=\"article:published_time\" content=\"2025-01-02T08:44:08+00:00\" \/>\n<meta property=\"article:modified_time\" content=\"2025-03-05T06:26:13+00:00\" \/>\n<meta property=\"og:image\" content=\"https:\/\/www.italtel.com\/wp-content\/uploads\/2025\/01\/tonia_semeraro.png\" \/>\n\t<meta property=\"og:image:width\" content=\"1394\" \/>\n\t<meta property=\"og:image:height\" content=\"863\" \/>\n\t<meta property=\"og:image:type\" content=\"image\/png\" \/>\n<meta name=\"author\" content=\"Daniela Fontana\" \/>\n<meta name=\"twitter:card\" content=\"summary_large_image\" \/>\n<meta name=\"twitter:creator\" content=\"@Italtel\" \/>\n<meta name=\"twitter:site\" content=\"@Italtel\" \/>\n<meta name=\"twitter:label1\" content=\"Verfasst von\" \/>\n\t<meta name=\"twitter:data1\" content=\"Daniela Fontana\" \/>\n\t<meta name=\"twitter:label2\" content=\"Gesch\u00e4tzte Lesezeit\" \/>\n\t<meta name=\"twitter:data2\" content=\"1\u00a0Minute\" \/>\n<script type=\"application\/ld+json\" class=\"yoast-schema-graph\">{\"@context\":\"https:\\\/\\\/schema.org\",\"@graph\":[{\"@type\":\"Article\",\"@id\":\"https:\\\/\\\/www.italtel.com\\\/de\\\/von-meinem-ersten-interview-in-mailand-zum-rspp-eine-25-jaehrige-reise-bei-italtel\\\/#article\",\"isPartOf\":{\"@id\":\"https:\\\/\\\/www.italtel.com\\\/de\\\/von-meinem-ersten-interview-in-mailand-zum-rspp-eine-25-jaehrige-reise-bei-italtel\\\/\"},\"author\":{\"name\":\"Daniela Fontana\",\"@id\":\"https:\\\/\\\/www.italtel.com\\\/de\\\/#\\\/schema\\\/person\\\/38f315d5a978255f0cf320055bad5afe\"},\"headline\":\"Von meinem ersten Interview in Mailand zum RSPP: eine 25-j\u00e4hrige Reise bei Italtel\",\"datePublished\":\"2025-01-02T08:44:08+00:00\",\"dateModified\":\"2025-03-05T06:26:13+00:00\",\"mainEntityOfPage\":{\"@id\":\"https:\\\/\\\/www.italtel.com\\\/de\\\/von-meinem-ersten-interview-in-mailand-zum-rspp-eine-25-jaehrige-reise-bei-italtel\\\/\"},\"wordCount\":867,\"publisher\":{\"@id\":\"https:\\\/\\\/www.italtel.com\\\/de\\\/#organization\"},\"image\":{\"@id\":\"https:\\\/\\\/www.italtel.com\\\/de\\\/von-meinem-ersten-interview-in-mailand-zum-rspp-eine-25-jaehrige-reise-bei-italtel\\\/#primaryimage\"},\"thumbnailUrl\":\"https:\\\/\\\/www.italtel.com\\\/wp-content\\\/uploads\\\/2025\\\/01\\\/tonia_semeraro.png\",\"keywords\":[\"Girls in tech\",\"STEM Careers\",\"Women in trechnology\"],\"articleSection\":[\"Focus\",\"Interview\"],\"inLanguage\":\"de\"},{\"@type\":\"WebPage\",\"@id\":\"https:\\\/\\\/www.italtel.com\\\/de\\\/von-meinem-ersten-interview-in-mailand-zum-rspp-eine-25-jaehrige-reise-bei-italtel\\\/\",\"url\":\"https:\\\/\\\/www.italtel.com\\\/de\\\/von-meinem-ersten-interview-in-mailand-zum-rspp-eine-25-jaehrige-reise-bei-italtel\\\/\",\"name\":\"Von meinem ersten Interview in Mailand zum RSPP: eine 25-j\u00e4hrige Reise bei Italtel - Italtel\",\"isPartOf\":{\"@id\":\"https:\\\/\\\/www.italtel.com\\\/de\\\/#website\"},\"primaryImageOfPage\":{\"@id\":\"https:\\\/\\\/www.italtel.com\\\/de\\\/von-meinem-ersten-interview-in-mailand-zum-rspp-eine-25-jaehrige-reise-bei-italtel\\\/#primaryimage\"},\"image\":{\"@id\":\"https:\\\/\\\/www.italtel.com\\\/de\\\/von-meinem-ersten-interview-in-mailand-zum-rspp-eine-25-jaehrige-reise-bei-italtel\\\/#primaryimage\"},\"thumbnailUrl\":\"https:\\\/\\\/www.italtel.com\\\/wp-content\\\/uploads\\\/2025\\\/01\\\/tonia_semeraro.png\",\"datePublished\":\"2025-01-02T08:44:08+00:00\",\"dateModified\":\"2025-03-05T06:26:13+00:00\",\"breadcrumb\":{\"@id\":\"https:\\\/\\\/www.italtel.com\\\/de\\\/von-meinem-ersten-interview-in-mailand-zum-rspp-eine-25-jaehrige-reise-bei-italtel\\\/#breadcrumb\"},\"inLanguage\":\"de\",\"potentialAction\":[{\"@type\":\"ReadAction\",\"target\":[\"https:\\\/\\\/www.italtel.com\\\/de\\\/von-meinem-ersten-interview-in-mailand-zum-rspp-eine-25-jaehrige-reise-bei-italtel\\\/\"]}]},{\"@type\":\"ImageObject\",\"inLanguage\":\"de\",\"@id\":\"https:\\\/\\\/www.italtel.com\\\/de\\\/von-meinem-ersten-interview-in-mailand-zum-rspp-eine-25-jaehrige-reise-bei-italtel\\\/#primaryimage\",\"url\":\"https:\\\/\\\/www.italtel.com\\\/wp-content\\\/uploads\\\/2025\\\/01\\\/tonia_semeraro.png\",\"contentUrl\":\"https:\\\/\\\/www.italtel.com\\\/wp-content\\\/uploads\\\/2025\\\/01\\\/tonia_semeraro.png\",\"width\":1394,\"height\":863,\"caption\":\"Antonia Semeraro\"},{\"@type\":\"BreadcrumbList\",\"@id\":\"https:\\\/\\\/www.italtel.com\\\/de\\\/von-meinem-ersten-interview-in-mailand-zum-rspp-eine-25-jaehrige-reise-bei-italtel\\\/#breadcrumb\",\"itemListElement\":[{\"@type\":\"ListItem\",\"position\":1,\"name\":\"Home\",\"item\":\"https:\\\/\\\/www.italtel.com\\\/de\\\/\"},{\"@type\":\"ListItem\",\"position\":2,\"name\":\"Von meinem ersten Interview in Mailand zum RSPP: eine 25-j\u00e4hrige Reise bei Italtel\"}]},{\"@type\":\"WebSite\",\"@id\":\"https:\\\/\\\/www.italtel.com\\\/de\\\/#website\",\"url\":\"https:\\\/\\\/www.italtel.com\\\/de\\\/\",\"name\":\"Italtel\",\"description\":\"Italtel Group&#039;s company website\",\"publisher\":{\"@id\":\"https:\\\/\\\/www.italtel.com\\\/de\\\/#organization\"},\"potentialAction\":[{\"@type\":\"SearchAction\",\"target\":{\"@type\":\"EntryPoint\",\"urlTemplate\":\"https:\\\/\\\/www.italtel.com\\\/de\\\/?s={search_term_string}\"},\"query-input\":{\"@type\":\"PropertyValueSpecification\",\"valueRequired\":true,\"valueName\":\"search_term_string\"}}],\"inLanguage\":\"de\"},{\"@type\":\"Organization\",\"@id\":\"https:\\\/\\\/www.italtel.com\\\/de\\\/#organization\",\"name\":\"Italtel S.p.A.\",\"url\":\"https:\\\/\\\/www.italtel.com\\\/de\\\/\",\"logo\":{\"@type\":\"ImageObject\",\"inLanguage\":\"de\",\"@id\":\"https:\\\/\\\/www.italtel.com\\\/de\\\/#\\\/schema\\\/logo\\\/image\\\/\",\"url\":\"https:\\\/\\\/www.italtel.com\\\/wp-content\\\/uploads\\\/2024\\\/11\\\/Italtel_logo.png\",\"contentUrl\":\"https:\\\/\\\/www.italtel.com\\\/wp-content\\\/uploads\\\/2024\\\/11\\\/Italtel_logo.png\",\"width\":591,\"height\":139,\"caption\":\"Italtel S.p.A.\"},\"image\":{\"@id\":\"https:\\\/\\\/www.italtel.com\\\/de\\\/#\\\/schema\\\/logo\\\/image\\\/\"},\"sameAs\":[\"https:\\\/\\\/x.com\\\/Italtel\",\"https:\\\/\\\/www.linkedin.com\\\/company\\\/italtel\\\/\",\"https:\\\/\\\/www.instagram.com\\\/italtel_hq\\\/\"]},{\"@type\":\"Person\",\"@id\":\"https:\\\/\\\/www.italtel.com\\\/de\\\/#\\\/schema\\\/person\\\/38f315d5a978255f0cf320055bad5afe\",\"name\":\"Daniela Fontana\",\"image\":{\"@type\":\"ImageObject\",\"inLanguage\":\"de\",\"@id\":\"https:\\\/\\\/secure.gravatar.com\\\/avatar\\\/834a03b0c73144a8ca36e17dc365b3fbadb34c9e44399b609a00f2231e694f6a?s=96&d=mm&r=g\",\"url\":\"https:\\\/\\\/secure.gravatar.com\\\/avatar\\\/834a03b0c73144a8ca36e17dc365b3fbadb34c9e44399b609a00f2231e694f6a?s=96&d=mm&r=g\",\"contentUrl\":\"https:\\\/\\\/secure.gravatar.com\\\/avatar\\\/834a03b0c73144a8ca36e17dc365b3fbadb34c9e44399b609a00f2231e694f6a?s=96&d=mm&r=g\",\"caption\":\"Daniela Fontana\"}}]}<\/script>\n<!-- \/ Yoast SEO plugin. -->","yoast_head_json":{"title":"Von meinem ersten Interview in Mailand zum RSPP: eine 25-j\u00e4hrige Reise bei Italtel - Italtel","robots":{"index":"index","follow":"follow","max-snippet":"max-snippet:-1","max-image-preview":"max-image-preview:large","max-video-preview":"max-video-preview:-1"},"canonical":"https:\/\/www.italtel.com\/de\/von-meinem-ersten-interview-in-mailand-zum-rspp-eine-25-jaehrige-reise-bei-italtel\/","og_locale":"de_DE","og_type":"article","og_title":"Von meinem ersten Interview in Mailand zum RSPP: eine 25-j\u00e4hrige Reise bei Italtel - Italtel","og_url":"https:\/\/www.italtel.com\/de\/von-meinem-ersten-interview-in-mailand-zum-rspp-eine-25-jaehrige-reise-bei-italtel\/","og_site_name":"Italtel","article_published_time":"2025-01-02T08:44:08+00:00","article_modified_time":"2025-03-05T06:26:13+00:00","og_image":[{"width":1394,"height":863,"url":"https:\/\/www.italtel.com\/wp-content\/uploads\/2025\/01\/tonia_semeraro.png","type":"image\/png"}],"author":"Daniela Fontana","twitter_card":"summary_large_image","twitter_creator":"@Italtel","twitter_site":"@Italtel","twitter_misc":{"Verfasst von":"Daniela Fontana","Gesch\u00e4tzte Lesezeit":"1\u00a0Minute"},"schema":{"@context":"https:\/\/schema.org","@graph":[{"@type":"Article","@id":"https:\/\/www.italtel.com\/de\/von-meinem-ersten-interview-in-mailand-zum-rspp-eine-25-jaehrige-reise-bei-italtel\/#article","isPartOf":{"@id":"https:\/\/www.italtel.com\/de\/von-meinem-ersten-interview-in-mailand-zum-rspp-eine-25-jaehrige-reise-bei-italtel\/"},"author":{"name":"Daniela Fontana","@id":"https:\/\/www.italtel.com\/de\/#\/schema\/person\/38f315d5a978255f0cf320055bad5afe"},"headline":"Von meinem ersten Interview in Mailand zum RSPP: eine 25-j\u00e4hrige Reise bei Italtel","datePublished":"2025-01-02T08:44:08+00:00","dateModified":"2025-03-05T06:26:13+00:00","mainEntityOfPage":{"@id":"https:\/\/www.italtel.com\/de\/von-meinem-ersten-interview-in-mailand-zum-rspp-eine-25-jaehrige-reise-bei-italtel\/"},"wordCount":867,"publisher":{"@id":"https:\/\/www.italtel.com\/de\/#organization"},"image":{"@id":"https:\/\/www.italtel.com\/de\/von-meinem-ersten-interview-in-mailand-zum-rspp-eine-25-jaehrige-reise-bei-italtel\/#primaryimage"},"thumbnailUrl":"https:\/\/www.italtel.com\/wp-content\/uploads\/2025\/01\/tonia_semeraro.png","keywords":["Girls in tech","STEM Careers","Women in trechnology"],"articleSection":["Focus","Interview"],"inLanguage":"de"},{"@type":"WebPage","@id":"https:\/\/www.italtel.com\/de\/von-meinem-ersten-interview-in-mailand-zum-rspp-eine-25-jaehrige-reise-bei-italtel\/","url":"https:\/\/www.italtel.com\/de\/von-meinem-ersten-interview-in-mailand-zum-rspp-eine-25-jaehrige-reise-bei-italtel\/","name":"Von meinem ersten Interview in Mailand zum RSPP: eine 25-j\u00e4hrige Reise bei Italtel - Italtel","isPartOf":{"@id":"https:\/\/www.italtel.com\/de\/#website"},"primaryImageOfPage":{"@id":"https:\/\/www.italtel.com\/de\/von-meinem-ersten-interview-in-mailand-zum-rspp-eine-25-jaehrige-reise-bei-italtel\/#primaryimage"},"image":{"@id":"https:\/\/www.italtel.com\/de\/von-meinem-ersten-interview-in-mailand-zum-rspp-eine-25-jaehrige-reise-bei-italtel\/#primaryimage"},"thumbnailUrl":"https:\/\/www.italtel.com\/wp-content\/uploads\/2025\/01\/tonia_semeraro.png","datePublished":"2025-01-02T08:44:08+00:00","dateModified":"2025-03-05T06:26:13+00:00","breadcrumb":{"@id":"https:\/\/www.italtel.com\/de\/von-meinem-ersten-interview-in-mailand-zum-rspp-eine-25-jaehrige-reise-bei-italtel\/#breadcrumb"},"inLanguage":"de","potentialAction":[{"@type":"ReadAction","target":["https:\/\/www.italtel.com\/de\/von-meinem-ersten-interview-in-mailand-zum-rspp-eine-25-jaehrige-reise-bei-italtel\/"]}]},{"@type":"ImageObject","inLanguage":"de","@id":"https:\/\/www.italtel.com\/de\/von-meinem-ersten-interview-in-mailand-zum-rspp-eine-25-jaehrige-reise-bei-italtel\/#primaryimage","url":"https:\/\/www.italtel.com\/wp-content\/uploads\/2025\/01\/tonia_semeraro.png","contentUrl":"https:\/\/www.italtel.com\/wp-content\/uploads\/2025\/01\/tonia_semeraro.png","width":1394,"height":863,"caption":"Antonia Semeraro"},{"@type":"BreadcrumbList","@id":"https:\/\/www.italtel.com\/de\/von-meinem-ersten-interview-in-mailand-zum-rspp-eine-25-jaehrige-reise-bei-italtel\/#breadcrumb","itemListElement":[{"@type":"ListItem","position":1,"name":"Home","item":"https:\/\/www.italtel.com\/de\/"},{"@type":"ListItem","position":2,"name":"Von meinem ersten Interview in Mailand zum RSPP: eine 25-j\u00e4hrige Reise bei Italtel"}]},{"@type":"WebSite","@id":"https:\/\/www.italtel.com\/de\/#website","url":"https:\/\/www.italtel.com\/de\/","name":"Italtel","description":"Italtel Group&#039;s company website","publisher":{"@id":"https:\/\/www.italtel.com\/de\/#organization"},"potentialAction":[{"@type":"SearchAction","target":{"@type":"EntryPoint","urlTemplate":"https:\/\/www.italtel.com\/de\/?s={search_term_string}"},"query-input":{"@type":"PropertyValueSpecification","valueRequired":true,"valueName":"search_term_string"}}],"inLanguage":"de"},{"@type":"Organization","@id":"https:\/\/www.italtel.com\/de\/#organization","name":"Italtel S.p.A.","url":"https:\/\/www.italtel.com\/de\/","logo":{"@type":"ImageObject","inLanguage":"de","@id":"https:\/\/www.italtel.com\/de\/#\/schema\/logo\/image\/","url":"https:\/\/www.italtel.com\/wp-content\/uploads\/2024\/11\/Italtel_logo.png","contentUrl":"https:\/\/www.italtel.com\/wp-content\/uploads\/2024\/11\/Italtel_logo.png","width":591,"height":139,"caption":"Italtel S.p.A."},"image":{"@id":"https:\/\/www.italtel.com\/de\/#\/schema\/logo\/image\/"},"sameAs":["https:\/\/x.com\/Italtel","https:\/\/www.linkedin.com\/company\/italtel\/","https:\/\/www.instagram.com\/italtel_hq\/"]},{"@type":"Person","@id":"https:\/\/www.italtel.com\/de\/#\/schema\/person\/38f315d5a978255f0cf320055bad5afe","name":"Daniela Fontana","image":{"@type":"ImageObject","inLanguage":"de","@id":"https:\/\/secure.gravatar.com\/avatar\/834a03b0c73144a8ca36e17dc365b3fbadb34c9e44399b609a00f2231e694f6a?s=96&d=mm&r=g","url":"https:\/\/secure.gravatar.com\/avatar\/834a03b0c73144a8ca36e17dc365b3fbadb34c9e44399b609a00f2231e694f6a?s=96&d=mm&r=g","contentUrl":"https:\/\/secure.gravatar.com\/avatar\/834a03b0c73144a8ca36e17dc365b3fbadb34c9e44399b609a00f2231e694f6a?s=96&d=mm&r=g","caption":"Daniela Fontana"}}]}},"_links":{"self":[{"href":"https:\/\/www.italtel.com\/de\/wp-json\/wp\/v2\/posts\/69519","targetHints":{"allow":["GET"]}}],"collection":[{"href":"https:\/\/www.italtel.com\/de\/wp-json\/wp\/v2\/posts"}],"about":[{"href":"https:\/\/www.italtel.com\/de\/wp-json\/wp\/v2\/types\/post"}],"author":[{"embeddable":true,"href":"https:\/\/www.italtel.com\/de\/wp-json\/wp\/v2\/users\/6"}],"replies":[{"embeddable":true,"href":"https:\/\/www.italtel.com\/de\/wp-json\/wp\/v2\/comments?post=69519"}],"version-history":[{"count":5,"href":"https:\/\/www.italtel.com\/de\/wp-json\/wp\/v2\/posts\/69519\/revisions"}],"predecessor-version":[{"id":69532,"href":"https:\/\/www.italtel.com\/de\/wp-json\/wp\/v2\/posts\/69519\/revisions\/69532"}],"wp:featuredmedia":[{"embeddable":true,"href":"https:\/\/www.italtel.com\/de\/wp-json\/wp\/v2\/media\/67014"}],"wp:attachment":[{"href":"https:\/\/www.italtel.com\/de\/wp-json\/wp\/v2\/media?parent=69519"}],"wp:term":[{"taxonomy":"category","embeddable":true,"href":"https:\/\/www.italtel.com\/de\/wp-json\/wp\/v2\/categories?post=69519"},{"taxonomy":"post_tag","embeddable":true,"href":"https:\/\/www.italtel.com\/de\/wp-json\/wp\/v2\/tags?post=69519"}],"curies":[{"name":"wp","href":"https:\/\/api.w.org\/{rel}","templated":true}]}}