{"id":69521,"date":"2024-11-20T10:39:17","date_gmt":"2024-11-20T08:39:17","guid":{"rendered":"https:\/\/www.italtel.com\/37-years-of-innovation-and-leadership-maria-assunta-pavans-journey-at-italtel\/"},"modified":"2025-03-04T18:57:54","modified_gmt":"2025-03-04T16:57:54","slug":"37-years-of-innovation-and-leadership-maria-assunta-pavans-journey-at-italtel","status":"publish","type":"post","link":"https:\/\/www.italtel.com\/de\/37-years-of-innovation-and-leadership-maria-assunta-pavans-journey-at-italtel\/","title":{"rendered":"37 Jahre Innovation und F\u00fchrung: Der Werdegang von Maria Assunta Pavan bei Italtel"},"content":{"rendered":"\n<div class=\"row\"  id=\"row-1816063099\">\n\n\n\t<div id=\"col-778006996\" class=\"col medium-9 small-12 large-9\"  >\n\t\t\t\t<div class=\"col-inner\"  >\n\t\t\t\n\t\t\t\n\n\t<div id=\"text-1719612885\" class=\"text fontsize_18 color_black\">\n\t\t\n\n<p>Maria Assunta Pavan, eine Absolventin der Elektrotechnik aus Padua, hat \u00fcber 37 Jahre ihrer beruflichen Karriere Italtel gewidmet. Seit ihrer Kindheit hegt sie eine starke Leidenschaft f\u00fcr Wissenschaft, mit einer besonderen Neigung zu Mathematik. Trotz des Ratschlags ihrer Mutter \u2013 selbst Lehrerin \u2013 eine akademische Karriere zu verfolgen, entschied sich Maria Assunta f\u00fcr einen anderen Weg und schrieb sich in Elektrotechnik ein, einem Bereich, in dem Frauen zu dieser Zeit eine klare Minderheit waren. Dank der vollen Unterst\u00fctzung ihrer Eltern meisterte sie ihr Studium mit Leichtigkeit, motiviert durch ihr starkes Interesse an MINT-F\u00e4chern.<\/p>\n\t\t\t<\/div>\n\t\n\t<div id=\"text-1552278294\" class=\"text fontsize_32 color_black\">\n\t\t\n\n<h2>Von der Theorie zur Praxis<\/h2>\n\n\t\t\t<\/div>\n\t\n\t<div id=\"text-4248779093\" class=\"text fontsize_18 color_black\">\n\t\t\n\n<p data-start=\"64\" data-end=\"296\">1987 begann Maria Assunta ihre Karriere bei Italtel und zog von Venetien nach Mailand. Sie erinnert sich gerne an ihr erstes Interview in den B\u00fcros in der Via Tocqueville in einer Stadt, die f\u00fcr sie v\u00f6llig neu und aufregend war.<\/p>\n<p data-start=\"298\" data-end=\"1037\">Ihre erste gro\u00dfe Herausforderung bestand darin, das theoretische Wissen, das sie an der Universit\u00e4t erworben hatte, in die praktische Realit\u00e4t der Arbeit umzusetzen. Zun\u00e4chst f\u00fcr Sonderprojekte zust\u00e4ndig, arbeitete sie an der Softwareentwicklung f\u00fcr fr\u00fche Videokommunikationssysteme, ein damals wegweisendes technologische Feld. Sie trug zu zwei wichtigen Anwendungen bei: der Einrichtung von Videokonferenzr\u00e4umen zwischen verschiedenen Italtel-B\u00fcros und der Erm\u00f6glichung von Fernunterricht zwischen den Universit\u00e4ten von Genua und Savona. Eine besondere Erinnerung an diese Zeit war, in Italtels Werbebrosch\u00fcre f\u00fcr die Telecom Geneva Messe abgebildet zu werden, wo sie das System auch als technische Expertin den Besuchern vorstellte.<\/p>\n\t\t\t<\/div>\n\t\n\t<div id=\"text-2911098919\" class=\"text fontsize_32 color_black\">\n\t\t\n\n<h2>Eine Karriere, die auf Wachstum und Innovation basiert<\/h2>\n\n\t\t\t<\/div>\n\t\n\t<div id=\"text-2894106089\" class=\"text fontsize_18 color_black\">\n\t\t\n\n<p data-start=\"64\" data-end=\"533\">Im Laufe der Zeit entfernte sich Maria Assunta von der Softwareentwicklung und wechselte in die Funktion \u201eCustomer Solution Proposal\u201c, wo sie begann, mit Telecom Italia an Festnetz-Sprachdiensten zu arbeiten. Dies markierte den Beginn ihrer Reise im Bereich Ressourcenmanagement, bei der sie zur Weiterentwicklung des Sparkle-Netzwerks und des Backbone-Netzes (BBN) von Telecom Italia beitrug, ein VoIP-Netzwerk f\u00fcr nationale und internationale Sprachkommunikation.<\/p>\n<p data-start=\"535\" data-end=\"697\">In diesen Jahren begann Italtel seine Reise, Telekommunikationsnetzwerke von traditionellen TDM (Time-Division Multiplexing) auf VoIP-Technologie umzustellen.<\/p>\n<p data-start=\"699\" data-end=\"1398\">Im Jahr 2001 wurde Maria Assunta nach der Leitung eines Ingenieurteams und der Erzielung bedeutender technischer und managementbezogener Ergebnisse in eine F\u00fchrungsposition bef\u00f6rdert. Eine ihrer bekanntesten Eigenschaften als Managerin ist ihre F\u00e4higkeit, ein st\u00e4ndig wachsendes Team zu leiten und dabei positive Beziehungen aufrechtzuerhalten sowie ein harmonisches Arbeitsumfeld zu f\u00f6rdern. F\u00fcr sie ist das Gef\u00fchl der Zugeh\u00f6rigkeit zum Team und zum Unternehmen von grundlegender Bedeutung. Ein Satz, der ihre Philosophie zusammenfasst, lautet: \u201eVergiss nie, dass berufliche Beziehungen mit menschlichen Beziehungen beginnen.\u201c Dieses Prinzip war ein Eckpfeiler ihres Ansatzes im Teammanagement.<\/p>\n\t\t\t<\/div>\n\t\n\t<div id=\"text-2773832778\" class=\"text fontsize_32 color_black\">\n\t\t\n\n<h2>Dynamik, Entwicklung und Herausforderungen<\/h2>\n\n\t\t\t<\/div>\n\t\n\t<div id=\"text-2006132674\" class=\"text fontsize_18 color_black\">\n\t\t\n\n<p data-start=\"64\" data-end=\"657\">Maria Assunta beschreibt ihre Reise bei Italtel als \u201edynamisch\u201c. Eine der bedeutendsten Ver\u00e4nderungen, die sie miterlebte, war die Transformation von Festnetz-Sprachdiensten von der TDM-Technologie zu VoIP, die auch die Weiterentwicklung der L\u00f6sungen und Produkte von Italtel vorantrieb. Sie beobachtete das Wachstum des Unternehmens, das sich von einem Fokus auf Sprachdienste f\u00fcr Telekommunikationsanbieter zu einer Positionierung im Bereich Datennetze entwickelte, indem es ATM- und IP-Technologien integrierte und mit gro\u00dfen Unternehmen und \u00f6ffentlichen Verwaltungen zusammenarbeitete.<\/p>\n<p data-start=\"659\" data-end=\"917\">W\u00e4hrend die positiven Erinnerungen die Herausforderungen \u00fcberwiegen, waren die letzten 37 Jahre nicht ohne schwierige Momente und komplexe Entscheidungen, die sie mit der Unterst\u00fctzung ihrer Manager und offener Kommunikation mit ihren Kollegen meisterte.<\/p>\n\t\t\t<\/div>\n\t\n\t<div id=\"text-4152871674\" class=\"text fontsize_32 color_black\">\n\t\t\n\n<h2>Eine Botschaft an die j\u00fcngeren Generationen und ihre Eltern<\/h2>\n\n\t\t\t<\/div>\n\t\n\t<div id=\"text-3079122845\" class=\"text fontsize_18 color_black\">\n\t\t\n\n<p>Maria Assunta teilt einen wertvollen Ratschlag mit jungen Menschen: \u201eHabt Geduld beim Lernen und f\u00fcrchtet euch nicht vor harter Arbeit. Erfolg wird durch Engagement und Hingabe erreicht.\u201c Heute sind mathematische und IT-Kompetenzen wichtiger denn je f\u00fcr eine Karriere im Technologiebereich.<\/p>\n<p>F\u00fcr junge Frauen, die eine Karriere in den MINT-F\u00e4chern anstreben, ist ihre Botschaft klar: F\u00fcrchtet euch nicht vor wissenschaftlichen Disziplinen, folgt eurem Herzen und lasst euch nicht von Hindernissen entmutigen.<\/p>\n<p>An die Eltern von Teenagern richtet sie den Rat, ihren Kindern die Freiheit zu lassen, ihren eigenen Weg zu w\u00e4hlen und ihre Entscheidungen zu unterst\u00fctzen.<\/p>\n\t\t\t<\/div>\n\t\n\t<div id=\"text-643339301\" class=\"text fontsize_32 color_black\">\n\t\t\n\n<h2>F\u00fchrungspositionen und Work-Life-Balance<\/h2>\n\n\t\t\t<\/div>\n\t\n\t<div id=\"text-2982708448\" class=\"text fontsize_18 color_black\">\n\t\t\n\n<p data-start=\"0\" data-end=\"463\">Maria Assunta betont, dass der Ehrgeiz f\u00fcr F\u00fchrungspositionen Durchhalteverm\u00f6gen erfordert. Eine kompetente und vielseitige Person wird schlie\u00dflich Anerkennung finden. Es ist jedoch entscheidend, auf andere zu h\u00f6ren, die Dynamik des Unternehmens zu verstehen und gro\u00dfe Flexibilit\u00e4t sowie Verf\u00fcgbarkeit zu zeigen. Ihr Team arbeitete manchmal die ganze Nacht durch, um St\u00f6rungen im Service zu beheben, was ein starkes Gef\u00fchl von Teamarbeit und Hingabe demonstriert.<\/p>\n<p data-start=\"465\" data-end=\"983\">Als Mutter von zwei Kindern musste sie ihre Zeit effektiv organisieren, um ihr Berufs- und Privatleben in Einklang zu bringen. Sie erhielt erhebliche Unterst\u00fctzung von der Firma und ihren direkten Vorgesetzten. Nach ihrem zweiten Mutterschaftsurlaub \u00e4u\u00dferte sie Bedenken, die anspruchsvollen Aufgaben des Ingenieurmanagements mit ihrem pers\u00f6nlichen Leben in Einklang zu bringen. Ihr Manager vertraute jedoch nicht nur auf sie, sondern versicherte ihr auch die Unterst\u00fctzung des Unternehmens in herausfordernden Zeiten.<\/p>\n<p data-start=\"985\" data-end=\"1370\" data-is-last-node=\"\" data-is-only-node=\"\">In diesem Zusammenhang ist Maria Assunta der Meinung, dass sie ihre Verpflichtungen besser h\u00e4tte managen k\u00f6nnen, wenn sie die heute verf\u00fcgbaren Smart-Working-Tools genutzt h\u00e4tte. Sie betrachtet <strong data-start=\"1179\" data-end=\"1226\">Smart Working als ein strategisches Element<\/strong>, das pers\u00f6nliches Wachstum im Unternehmen f\u00f6rdert, die Karriereentwicklung inklusiv unterst\u00fctzt und ein zielorientiertes Arbeitsmodell f\u00f6rdert.<\/p>\n\t\t\t<\/div>\n\t\n\t<div id=\"text-658216570\" class=\"text fontsize_32 color_black\">\n\t\t\n\n<h2>Blick in die Zukunft<\/h2>\n\n\t\t\t<\/div>\n\t\n\t<div id=\"text-2250048724\" class=\"text fontsize_18 color_black\">\n\t\t\n\n<p data-start=\"0\" data-end=\"421\">Maria Assunta blickt mit dem Wunsch in die Zukunft, weiterhin zu lernen, zu reisen und sich sportlich zu bet\u00e4tigen. Obwohl sie die Menschen und das Gef\u00fchl der Zugeh\u00f6rigkeit zum Team vermissen wird, ist sie bereit, neue Horizonte zu erkunden, im Vertrauen darauf, dass ihre Leidenschaft f\u00fcr das Lernen und die Beziehungen, die sie aufgebaut hat, auch in ihren zuk\u00fcnftigen Unternehmungen eine zentrale Rolle spielen werden.<\/p>\n<p data-start=\"423\" data-end=\"708\" data-is-last-node=\"\" data-is-only-node=\"\">Ihr Wunsch f\u00fcr Italtel ist, dass das Unternehmen weiterhin innovativ bleibt und junge Talente anzieht, den Erneuerungsweg fortsetzt, der 2022 begonnen wurde, seine F\u00fchrungsposition in der Branche st\u00e4rkt und weiterhin in die Menschen investiert, die das Fundament seines Erfolgs bilden.<\/p>\n\t\t\t<\/div>\n\t\n\n\t\t<\/div>\n\t\t\t\t\n<style>\n#col-778006996 > .col-inner {\n  padding: 6rem 11rem 0px 0px;\n}\n<\/style>\n\t<\/div>\n\n\t\n\n\t<div id=\"col-1191218164\" class=\"col sibebar_col medium-3 small-12 large-3\"  >\n\t\t<div class=\"is-sticky-column\"><div class=\"is-sticky-column__inner\">\t\t<div class=\"col-inner\"  >\n\t\t\t\n\t\t\t\n\n\t<div id=\"text-3242607023\" class=\"text fontsize_16 color_black fontweight_500\">\n\t\t\n\nTECH KEYWORDS\n\t\t\t<\/div>\n\t\n<div class=\"is-divider divider clearfix\" style=\"margin-top:2rem;margin-bottom:2rem;max-width:100%;height:1px;background-color:rgba(112, 112, 112, 0.302);\"><\/div>\n\n\t<div id=\"text-1758377668\" class=\"text fontsize_18 color_black\">\n\t\t\n\n<p>STEM DISCIPLINES<\/p>\n\t\t\t<\/div>\n\t\n<div class=\"is-divider divider clearfix\" style=\"margin-top:2rem;margin-bottom:2rem;max-width:100%;height:1px;background-color:rgba(112, 112, 112, 0.302);\"><\/div>\n\n\t<div id=\"text-580731204\" class=\"text fontsize_18 color_black\">\n\t\t\n\n<p>GROWTH AND INNOVATION<\/p>\n\t\t\t<\/div>\n\t\n\t<div id=\"gap-700158136\" class=\"gap-element clearfix\" style=\"display:block; height:auto;\">\n\t\t\n<style>\n#gap-700158136 {\n  padding-top: 13rem;\n}\n<\/style>\n\t<\/div>\n\t\n\n\t<div id=\"text-1574483508\" class=\"text fontsize_16 color_black fontweight_500\">\n\t\t\n\n<p>CONDIVIDI LA NEWS<\/p>\n\t\t\t<\/div>\n\t\n<div class=\"is-divider divider clearfix\" style=\"margin-top:2rem;margin-bottom:2rem;max-width:100%;height:1px;background-color:rgba(112, 112, 112, 0.302);\"><\/div>\n\n\t<div class=\"img has-hover socialshare_icon linkedin x md-x lg-x y md-y lg-y\" id=\"image_1130281989\">\n\t\t\t\t\t\t\t\t<div class=\"img-inner dark\" >\n\t\t\t<img loading=\"lazy\" decoding=\"async\" width=\"1\" height=\"1\" src=\"https:\/\/www.italtel.com\/wp-content\/uploads\/2024\/09\/Linkedin-icon.svg\" class=\"attachment-large size-large\" alt=\"Linkedin-icon\" \/>\t\t\t\t\t\t\n\t\t\t\t\t<\/div>\n\t\t\t\t\t\t\t\t\n<style>\n#image_1130281989 {\n  width: 100%;\n}\n<\/style>\n\t<\/div>\n\t\n\n\t<div class=\"img has-hover socialshare_icon instagram x md-x lg-x y md-y lg-y\" id=\"image_398907644\">\n\t\t\t\t\t\t\t\t<div class=\"img-inner dark\" >\n\t\t\t<img loading=\"lazy\" decoding=\"async\" width=\"27\" height=\"27\" src=\"https:\/\/www.italtel.com\/wp-content\/uploads\/2024\/07\/Raggruppa-12942.png\" class=\"attachment-large size-large\" alt=\"Instagram icon\" \/>\t\t\t\t\t\t\n\t\t\t\t\t<\/div>\n\t\t\t\t\t\t\t\t\n<style>\n#image_398907644 {\n  width: 100%;\n}\n<\/style>\n\t<\/div>\n\t\n\n\t<div class=\"img has-hover socialshare_icon ex x md-x lg-x y md-y lg-y\" id=\"image_54023615\">\n\t\t\t\t\t\t\t\t<div class=\"img-inner dark\" >\n\t\t\t<img loading=\"lazy\" decoding=\"async\" width=\"1\" height=\"1\" src=\"https:\/\/www.italtel.com\/wp-content\/uploads\/2024\/09\/X-icon.svg\" class=\"attachment-large size-large\" alt=\"X-icon\" \/>\t\t\t\t\t\t\n\t\t\t\t\t<\/div>\n\t\t\t\t\t\t\t\t\n<style>\n#image_54023615 {\n  width: 100%;\n}\n<\/style>\n\t<\/div>\n\t\n\n\n\t\t<\/div>\n\t\t<\/div><\/div>\t\t\n<style>\n#col-1191218164 > .is-sticky-column > .is-sticky-column__inner > .col-inner {\n  padding: 6rem 0px 0px 0px;\n}\n<\/style>\n\t<\/div>\n\n\t\n\n<\/div>\n\n","protected":false},"excerpt":{"rendered":"","protected":false},"author":6,"featured_media":65793,"comment_status":"closed","ping_status":"closed","sticky":false,"template":"","format":"standard","meta":{"footnotes":""},"categories":[917,1010],"tags":[],"class_list":["post-69521","post","type-post","status-publish","format-standard","has-post-thumbnail","hentry","category-focus-de","category-interview-de"],"yoast_head":"<!-- This site is optimized with the Yoast SEO plugin v27.4 - https:\/\/yoast.com\/product\/yoast-seo-wordpress\/ -->\n<title>37 Jahre Innovation und F\u00fchrung: Der Werdegang von Maria Assunta Pavan bei Italtel - Italtel<\/title>\n<meta name=\"robots\" content=\"index, follow, max-snippet:-1, max-image-preview:large, max-video-preview:-1\" \/>\n<link rel=\"canonical\" href=\"https:\/\/www.italtel.com\/de\/37-years-of-innovation-and-leadership-maria-assunta-pavans-journey-at-italtel\/\" \/>\n<meta property=\"og:locale\" content=\"de_DE\" \/>\n<meta property=\"og:type\" content=\"article\" \/>\n<meta property=\"og:title\" content=\"37 Jahre Innovation und F\u00fchrung: Der Werdegang von Maria Assunta Pavan bei Italtel - Italtel\" \/>\n<meta property=\"og:url\" content=\"https:\/\/www.italtel.com\/de\/37-years-of-innovation-and-leadership-maria-assunta-pavans-journey-at-italtel\/\" \/>\n<meta property=\"og:site_name\" content=\"Italtel\" \/>\n<meta property=\"article:published_time\" content=\"2024-11-20T08:39:17+00:00\" \/>\n<meta property=\"article:modified_time\" content=\"2025-03-04T16:57:54+00:00\" \/>\n<meta property=\"og:image\" content=\"https:\/\/www.italtel.com\/wp-content\/uploads\/2024\/11\/Maria-Assunta.webp\" \/>\n\t<meta property=\"og:image:width\" content=\"1394\" \/>\n\t<meta property=\"og:image:height\" content=\"863\" \/>\n\t<meta property=\"og:image:type\" content=\"image\/webp\" \/>\n<meta name=\"author\" content=\"Daniela Fontana\" \/>\n<meta name=\"twitter:card\" content=\"summary_large_image\" \/>\n<meta name=\"twitter:creator\" content=\"@Italtel\" \/>\n<meta name=\"twitter:site\" content=\"@Italtel\" \/>\n<meta name=\"twitter:label1\" content=\"Verfasst von\" \/>\n\t<meta name=\"twitter:data1\" content=\"Daniela Fontana\" \/>\n\t<meta name=\"twitter:label2\" content=\"Gesch\u00e4tzte Lesezeit\" \/>\n\t<meta name=\"twitter:data2\" content=\"1\u00a0Minute\" \/>\n<script type=\"application\/ld+json\" class=\"yoast-schema-graph\">{\"@context\":\"https:\\\/\\\/schema.org\",\"@graph\":[{\"@type\":\"Article\",\"@id\":\"https:\\\/\\\/www.italtel.com\\\/de\\\/37-years-of-innovation-and-leadership-maria-assunta-pavans-journey-at-italtel\\\/#article\",\"isPartOf\":{\"@id\":\"https:\\\/\\\/www.italtel.com\\\/de\\\/37-years-of-innovation-and-leadership-maria-assunta-pavans-journey-at-italtel\\\/\"},\"author\":{\"name\":\"Daniela Fontana\",\"@id\":\"https:\\\/\\\/www.italtel.com\\\/de\\\/#\\\/schema\\\/person\\\/38f315d5a978255f0cf320055bad5afe\"},\"headline\":\"37 Jahre Innovation und F\u00fchrung: Der Werdegang von Maria Assunta Pavan bei Italtel\",\"datePublished\":\"2024-11-20T08:39:17+00:00\",\"dateModified\":\"2025-03-04T16:57:54+00:00\",\"mainEntityOfPage\":{\"@id\":\"https:\\\/\\\/www.italtel.com\\\/de\\\/37-years-of-innovation-and-leadership-maria-assunta-pavans-journey-at-italtel\\\/\"},\"wordCount\":1216,\"publisher\":{\"@id\":\"https:\\\/\\\/www.italtel.com\\\/de\\\/#organization\"},\"image\":{\"@id\":\"https:\\\/\\\/www.italtel.com\\\/de\\\/37-years-of-innovation-and-leadership-maria-assunta-pavans-journey-at-italtel\\\/#primaryimage\"},\"thumbnailUrl\":\"https:\\\/\\\/www.italtel.com\\\/wp-content\\\/uploads\\\/2024\\\/11\\\/Maria-Assunta.webp\",\"articleSection\":[\"Focus\",\"Interview\"],\"inLanguage\":\"de\"},{\"@type\":\"WebPage\",\"@id\":\"https:\\\/\\\/www.italtel.com\\\/de\\\/37-years-of-innovation-and-leadership-maria-assunta-pavans-journey-at-italtel\\\/\",\"url\":\"https:\\\/\\\/www.italtel.com\\\/de\\\/37-years-of-innovation-and-leadership-maria-assunta-pavans-journey-at-italtel\\\/\",\"name\":\"37 Jahre Innovation und F\u00fchrung: Der Werdegang von Maria Assunta Pavan bei Italtel - Italtel\",\"isPartOf\":{\"@id\":\"https:\\\/\\\/www.italtel.com\\\/de\\\/#website\"},\"primaryImageOfPage\":{\"@id\":\"https:\\\/\\\/www.italtel.com\\\/de\\\/37-years-of-innovation-and-leadership-maria-assunta-pavans-journey-at-italtel\\\/#primaryimage\"},\"image\":{\"@id\":\"https:\\\/\\\/www.italtel.com\\\/de\\\/37-years-of-innovation-and-leadership-maria-assunta-pavans-journey-at-italtel\\\/#primaryimage\"},\"thumbnailUrl\":\"https:\\\/\\\/www.italtel.com\\\/wp-content\\\/uploads\\\/2024\\\/11\\\/Maria-Assunta.webp\",\"datePublished\":\"2024-11-20T08:39:17+00:00\",\"dateModified\":\"2025-03-04T16:57:54+00:00\",\"breadcrumb\":{\"@id\":\"https:\\\/\\\/www.italtel.com\\\/de\\\/37-years-of-innovation-and-leadership-maria-assunta-pavans-journey-at-italtel\\\/#breadcrumb\"},\"inLanguage\":\"de\",\"potentialAction\":[{\"@type\":\"ReadAction\",\"target\":[\"https:\\\/\\\/www.italtel.com\\\/de\\\/37-years-of-innovation-and-leadership-maria-assunta-pavans-journey-at-italtel\\\/\"]}]},{\"@type\":\"ImageObject\",\"inLanguage\":\"de\",\"@id\":\"https:\\\/\\\/www.italtel.com\\\/de\\\/37-years-of-innovation-and-leadership-maria-assunta-pavans-journey-at-italtel\\\/#primaryimage\",\"url\":\"https:\\\/\\\/www.italtel.com\\\/wp-content\\\/uploads\\\/2024\\\/11\\\/Maria-Assunta.webp\",\"contentUrl\":\"https:\\\/\\\/www.italtel.com\\\/wp-content\\\/uploads\\\/2024\\\/11\\\/Maria-Assunta.webp\",\"width\":1394,\"height\":863,\"caption\":\"Maria Assunta Pavan\"},{\"@type\":\"BreadcrumbList\",\"@id\":\"https:\\\/\\\/www.italtel.com\\\/de\\\/37-years-of-innovation-and-leadership-maria-assunta-pavans-journey-at-italtel\\\/#breadcrumb\",\"itemListElement\":[{\"@type\":\"ListItem\",\"position\":1,\"name\":\"Home\",\"item\":\"https:\\\/\\\/www.italtel.com\\\/de\\\/\"},{\"@type\":\"ListItem\",\"position\":2,\"name\":\"37 Jahre Innovation und F\u00fchrung: Der Werdegang von Maria Assunta Pavan bei Italtel\"}]},{\"@type\":\"WebSite\",\"@id\":\"https:\\\/\\\/www.italtel.com\\\/de\\\/#website\",\"url\":\"https:\\\/\\\/www.italtel.com\\\/de\\\/\",\"name\":\"Italtel\",\"description\":\"Italtel Group&#039;s company website\",\"publisher\":{\"@id\":\"https:\\\/\\\/www.italtel.com\\\/de\\\/#organization\"},\"potentialAction\":[{\"@type\":\"SearchAction\",\"target\":{\"@type\":\"EntryPoint\",\"urlTemplate\":\"https:\\\/\\\/www.italtel.com\\\/de\\\/?s={search_term_string}\"},\"query-input\":{\"@type\":\"PropertyValueSpecification\",\"valueRequired\":true,\"valueName\":\"search_term_string\"}}],\"inLanguage\":\"de\"},{\"@type\":\"Organization\",\"@id\":\"https:\\\/\\\/www.italtel.com\\\/de\\\/#organization\",\"name\":\"Italtel S.p.A.\",\"url\":\"https:\\\/\\\/www.italtel.com\\\/de\\\/\",\"logo\":{\"@type\":\"ImageObject\",\"inLanguage\":\"de\",\"@id\":\"https:\\\/\\\/www.italtel.com\\\/de\\\/#\\\/schema\\\/logo\\\/image\\\/\",\"url\":\"https:\\\/\\\/www.italtel.com\\\/wp-content\\\/uploads\\\/2024\\\/11\\\/Italtel_logo.png\",\"contentUrl\":\"https:\\\/\\\/www.italtel.com\\\/wp-content\\\/uploads\\\/2024\\\/11\\\/Italtel_logo.png\",\"width\":591,\"height\":139,\"caption\":\"Italtel S.p.A.\"},\"image\":{\"@id\":\"https:\\\/\\\/www.italtel.com\\\/de\\\/#\\\/schema\\\/logo\\\/image\\\/\"},\"sameAs\":[\"https:\\\/\\\/x.com\\\/Italtel\",\"https:\\\/\\\/www.linkedin.com\\\/company\\\/italtel\\\/\",\"https:\\\/\\\/www.instagram.com\\\/italtel_hq\\\/\"]},{\"@type\":\"Person\",\"@id\":\"https:\\\/\\\/www.italtel.com\\\/de\\\/#\\\/schema\\\/person\\\/38f315d5a978255f0cf320055bad5afe\",\"name\":\"Daniela Fontana\",\"image\":{\"@type\":\"ImageObject\",\"inLanguage\":\"de\",\"@id\":\"https:\\\/\\\/secure.gravatar.com\\\/avatar\\\/834a03b0c73144a8ca36e17dc365b3fbadb34c9e44399b609a00f2231e694f6a?s=96&d=mm&r=g\",\"url\":\"https:\\\/\\\/secure.gravatar.com\\\/avatar\\\/834a03b0c73144a8ca36e17dc365b3fbadb34c9e44399b609a00f2231e694f6a?s=96&d=mm&r=g\",\"contentUrl\":\"https:\\\/\\\/secure.gravatar.com\\\/avatar\\\/834a03b0c73144a8ca36e17dc365b3fbadb34c9e44399b609a00f2231e694f6a?s=96&d=mm&r=g\",\"caption\":\"Daniela Fontana\"}}]}<\/script>\n<!-- \/ Yoast SEO plugin. -->","yoast_head_json":{"title":"37 Jahre Innovation und F\u00fchrung: Der Werdegang von Maria Assunta Pavan bei Italtel - Italtel","robots":{"index":"index","follow":"follow","max-snippet":"max-snippet:-1","max-image-preview":"max-image-preview:large","max-video-preview":"max-video-preview:-1"},"canonical":"https:\/\/www.italtel.com\/de\/37-years-of-innovation-and-leadership-maria-assunta-pavans-journey-at-italtel\/","og_locale":"de_DE","og_type":"article","og_title":"37 Jahre Innovation und F\u00fchrung: Der Werdegang von Maria Assunta Pavan bei Italtel - Italtel","og_url":"https:\/\/www.italtel.com\/de\/37-years-of-innovation-and-leadership-maria-assunta-pavans-journey-at-italtel\/","og_site_name":"Italtel","article_published_time":"2024-11-20T08:39:17+00:00","article_modified_time":"2025-03-04T16:57:54+00:00","og_image":[{"width":1394,"height":863,"url":"https:\/\/www.italtel.com\/wp-content\/uploads\/2024\/11\/Maria-Assunta.webp","type":"image\/webp"}],"author":"Daniela Fontana","twitter_card":"summary_large_image","twitter_creator":"@Italtel","twitter_site":"@Italtel","twitter_misc":{"Verfasst von":"Daniela Fontana","Gesch\u00e4tzte Lesezeit":"1\u00a0Minute"},"schema":{"@context":"https:\/\/schema.org","@graph":[{"@type":"Article","@id":"https:\/\/www.italtel.com\/de\/37-years-of-innovation-and-leadership-maria-assunta-pavans-journey-at-italtel\/#article","isPartOf":{"@id":"https:\/\/www.italtel.com\/de\/37-years-of-innovation-and-leadership-maria-assunta-pavans-journey-at-italtel\/"},"author":{"name":"Daniela Fontana","@id":"https:\/\/www.italtel.com\/de\/#\/schema\/person\/38f315d5a978255f0cf320055bad5afe"},"headline":"37 Jahre Innovation und F\u00fchrung: Der Werdegang von Maria Assunta Pavan bei Italtel","datePublished":"2024-11-20T08:39:17+00:00","dateModified":"2025-03-04T16:57:54+00:00","mainEntityOfPage":{"@id":"https:\/\/www.italtel.com\/de\/37-years-of-innovation-and-leadership-maria-assunta-pavans-journey-at-italtel\/"},"wordCount":1216,"publisher":{"@id":"https:\/\/www.italtel.com\/de\/#organization"},"image":{"@id":"https:\/\/www.italtel.com\/de\/37-years-of-innovation-and-leadership-maria-assunta-pavans-journey-at-italtel\/#primaryimage"},"thumbnailUrl":"https:\/\/www.italtel.com\/wp-content\/uploads\/2024\/11\/Maria-Assunta.webp","articleSection":["Focus","Interview"],"inLanguage":"de"},{"@type":"WebPage","@id":"https:\/\/www.italtel.com\/de\/37-years-of-innovation-and-leadership-maria-assunta-pavans-journey-at-italtel\/","url":"https:\/\/www.italtel.com\/de\/37-years-of-innovation-and-leadership-maria-assunta-pavans-journey-at-italtel\/","name":"37 Jahre Innovation und F\u00fchrung: Der Werdegang von Maria Assunta Pavan bei Italtel - Italtel","isPartOf":{"@id":"https:\/\/www.italtel.com\/de\/#website"},"primaryImageOfPage":{"@id":"https:\/\/www.italtel.com\/de\/37-years-of-innovation-and-leadership-maria-assunta-pavans-journey-at-italtel\/#primaryimage"},"image":{"@id":"https:\/\/www.italtel.com\/de\/37-years-of-innovation-and-leadership-maria-assunta-pavans-journey-at-italtel\/#primaryimage"},"thumbnailUrl":"https:\/\/www.italtel.com\/wp-content\/uploads\/2024\/11\/Maria-Assunta.webp","datePublished":"2024-11-20T08:39:17+00:00","dateModified":"2025-03-04T16:57:54+00:00","breadcrumb":{"@id":"https:\/\/www.italtel.com\/de\/37-years-of-innovation-and-leadership-maria-assunta-pavans-journey-at-italtel\/#breadcrumb"},"inLanguage":"de","potentialAction":[{"@type":"ReadAction","target":["https:\/\/www.italtel.com\/de\/37-years-of-innovation-and-leadership-maria-assunta-pavans-journey-at-italtel\/"]}]},{"@type":"ImageObject","inLanguage":"de","@id":"https:\/\/www.italtel.com\/de\/37-years-of-innovation-and-leadership-maria-assunta-pavans-journey-at-italtel\/#primaryimage","url":"https:\/\/www.italtel.com\/wp-content\/uploads\/2024\/11\/Maria-Assunta.webp","contentUrl":"https:\/\/www.italtel.com\/wp-content\/uploads\/2024\/11\/Maria-Assunta.webp","width":1394,"height":863,"caption":"Maria Assunta Pavan"},{"@type":"BreadcrumbList","@id":"https:\/\/www.italtel.com\/de\/37-years-of-innovation-and-leadership-maria-assunta-pavans-journey-at-italtel\/#breadcrumb","itemListElement":[{"@type":"ListItem","position":1,"name":"Home","item":"https:\/\/www.italtel.com\/de\/"},{"@type":"ListItem","position":2,"name":"37 Jahre Innovation und F\u00fchrung: Der Werdegang von Maria Assunta Pavan bei Italtel"}]},{"@type":"WebSite","@id":"https:\/\/www.italtel.com\/de\/#website","url":"https:\/\/www.italtel.com\/de\/","name":"Italtel","description":"Italtel Group&#039;s company website","publisher":{"@id":"https:\/\/www.italtel.com\/de\/#organization"},"potentialAction":[{"@type":"SearchAction","target":{"@type":"EntryPoint","urlTemplate":"https:\/\/www.italtel.com\/de\/?s={search_term_string}"},"query-input":{"@type":"PropertyValueSpecification","valueRequired":true,"valueName":"search_term_string"}}],"inLanguage":"de"},{"@type":"Organization","@id":"https:\/\/www.italtel.com\/de\/#organization","name":"Italtel S.p.A.","url":"https:\/\/www.italtel.com\/de\/","logo":{"@type":"ImageObject","inLanguage":"de","@id":"https:\/\/www.italtel.com\/de\/#\/schema\/logo\/image\/","url":"https:\/\/www.italtel.com\/wp-content\/uploads\/2024\/11\/Italtel_logo.png","contentUrl":"https:\/\/www.italtel.com\/wp-content\/uploads\/2024\/11\/Italtel_logo.png","width":591,"height":139,"caption":"Italtel S.p.A."},"image":{"@id":"https:\/\/www.italtel.com\/de\/#\/schema\/logo\/image\/"},"sameAs":["https:\/\/x.com\/Italtel","https:\/\/www.linkedin.com\/company\/italtel\/","https:\/\/www.instagram.com\/italtel_hq\/"]},{"@type":"Person","@id":"https:\/\/www.italtel.com\/de\/#\/schema\/person\/38f315d5a978255f0cf320055bad5afe","name":"Daniela Fontana","image":{"@type":"ImageObject","inLanguage":"de","@id":"https:\/\/secure.gravatar.com\/avatar\/834a03b0c73144a8ca36e17dc365b3fbadb34c9e44399b609a00f2231e694f6a?s=96&d=mm&r=g","url":"https:\/\/secure.gravatar.com\/avatar\/834a03b0c73144a8ca36e17dc365b3fbadb34c9e44399b609a00f2231e694f6a?s=96&d=mm&r=g","contentUrl":"https:\/\/secure.gravatar.com\/avatar\/834a03b0c73144a8ca36e17dc365b3fbadb34c9e44399b609a00f2231e694f6a?s=96&d=mm&r=g","caption":"Daniela Fontana"}}]}},"_links":{"self":[{"href":"https:\/\/www.italtel.com\/de\/wp-json\/wp\/v2\/posts\/69521","targetHints":{"allow":["GET"]}}],"collection":[{"href":"https:\/\/www.italtel.com\/de\/wp-json\/wp\/v2\/posts"}],"about":[{"href":"https:\/\/www.italtel.com\/de\/wp-json\/wp\/v2\/types\/post"}],"author":[{"embeddable":true,"href":"https:\/\/www.italtel.com\/de\/wp-json\/wp\/v2\/users\/6"}],"replies":[{"embeddable":true,"href":"https:\/\/www.italtel.com\/de\/wp-json\/wp\/v2\/comments?post=69521"}],"version-history":[{"count":6,"href":"https:\/\/www.italtel.com\/de\/wp-json\/wp\/v2\/posts\/69521\/revisions"}],"predecessor-version":[{"id":69527,"href":"https:\/\/www.italtel.com\/de\/wp-json\/wp\/v2\/posts\/69521\/revisions\/69527"}],"wp:featuredmedia":[{"embeddable":true,"href":"https:\/\/www.italtel.com\/de\/wp-json\/wp\/v2\/media\/65793"}],"wp:attachment":[{"href":"https:\/\/www.italtel.com\/de\/wp-json\/wp\/v2\/media?parent=69521"}],"wp:term":[{"taxonomy":"category","embeddable":true,"href":"https:\/\/www.italtel.com\/de\/wp-json\/wp\/v2\/categories?post=69521"},{"taxonomy":"post_tag","embeddable":true,"href":"https:\/\/www.italtel.com\/de\/wp-json\/wp\/v2\/tags?post=69521"}],"curies":[{"name":"wp","href":"https:\/\/api.w.org\/{rel}","templated":true}]}}