{"id":74532,"date":"2025-05-21T11:07:25","date_gmt":"2025-05-21T09:07:25","guid":{"rendered":"https:\/\/www.italtel.com\/?p=74532"},"modified":"2025-05-21T11:14:55","modified_gmt":"2025-05-21T09:14:55","slug":"21-mai-internationaler-tag-der-kulturellen-vielfalt-des-dialogs-und-der-entwicklung","status":"publish","type":"post","link":"https:\/\/www.italtel.com\/de\/21-mai-internationaler-tag-der-kulturellen-vielfalt-des-dialogs-und-der-entwicklung\/","title":{"rendered":"21. Mai: Internationaler Tag der kulturellen Vielfalt, des Dialogs und der Entwicklung"},"content":{"rendered":"\n<div class=\"row\"  id=\"row-792305594\">\n\n\n\t<div id=\"col-1741771157\" class=\"col medium-9 small-12 large-9\"  >\n\t\t\t\t<div class=\"col-inner\"  >\n\t\t\t\n\t\t\t\n\n\t<div id=\"text-3742055515\" class=\"text fontsize_18 color_black\">\n\t\t\n\n<p class=\"\" data-start=\"2134\" data-end=\"2455\">Bei Italtel ist kulturelle Vielfalt nicht nur ein Wert \u2013 sie ist ein wesentlicher Bestandteil unserer Identit\u00e4t. Unsere Teams in Italien und weltweit vereinen 22 Nationalit\u00e4ten, deren Perspektiven, F\u00e4higkeiten und Erfahrungen uns t\u00e4glich dabei helfen, ein offeneres, inklusiveres und bewussteres Unternehmen zu gestalten.<\/p>\n<p class=\"\" data-start=\"2457\" data-end=\"2654\">Wir sind \u00fcberzeugt, dass der Dialog zwischen Kulturen ein starker Motor f\u00fcr Innovation und gesellschaftlichen Zusammenhalt ist. Vielfalt wird so zur Chance f\u00fcr gemeinsames Wachstum und Entwicklung.<\/p>\n<p class=\"\" data-start=\"2656\" data-end=\"2841\">Dieser Grundsatz pr\u00e4gt auch unser Engagement im ESG-Bereich: durch konkrete Ma\u00dfnahmen f\u00f6rdern wir das Wohlbefinden, die Gerechtigkeit und die aktive Teilhabe aller Menschen bei Italtel.<\/p>\n<p class=\"\" data-start=\"2843\" data-end=\"2931\">Denn nur wenn jede Stimme z\u00e4hlt, k\u00f6nnen wir eine wirklich nachhaltige Zukunft gestalten<\/p>\n\t\t\t<\/div>\n\t\n<div class=\"video video-fit mb\" style=\"padding-top:56.25%;\"><iframe loading=\"lazy\" title=\"International Day for Cultural Diversity, Dialogue and Development\" width=\"1020\" height=\"574\" src=\"https:\/\/www.youtube.com\/embed\/GScUyc62FKg?feature=oembed\" frameborder=\"0\" allow=\"accelerometer; autoplay; clipboard-write; encrypted-media; gyroscope; picture-in-picture; web-share\" referrerpolicy=\"strict-origin-when-cross-origin\" allowfullscreen><\/iframe><\/div>\n\n\n\t\t<\/div>\n\t\t\t\t\n<style>\n#col-1741771157 > .col-inner {\n  padding: 6rem 11rem 0px 0px;\n}\n<\/style>\n\t<\/div>\n\n\t\n\n\t<div id=\"col-2114000603\" class=\"col sibebar_col medium-3 small-12 large-3\"  >\n\t\t<div class=\"is-sticky-column\"><div class=\"is-sticky-column__inner\">\t\t<div class=\"col-inner\"  >\n\t\t\t\n\t\t\t\n\n\t<div id=\"text-3686012129\" class=\"text fontsize_16 color_black fontweight_500\">\n\t\t\n\nTECH KEYWORDS\n\t\t\t<\/div>\n\t\n<div class=\"is-divider divider clearfix\" style=\"margin-top:2rem;margin-bottom:2rem;max-width:100%;height:1px;background-color:rgba(112, 112, 112, 0.302);\"><\/div>\n\n\t<div id=\"text-2007167686\" class=\"text fontsize_18 color_black\">\n\t\t\n\n<p>DIVERSITY &amp; INCLUSION<\/p>\n\t\t\t<\/div>\n\t\n<div class=\"is-divider divider clearfix\" style=\"margin-top:2rem;margin-bottom:2rem;max-width:100%;height:1px;background-color:rgba(112, 112, 112, 0.302);\"><\/div>\n\n\t<div id=\"text-802502206\" class=\"text fontsize_18 color_black\">\n\t\t\n\n<p>CULTURAL DIVERSITY<\/p>\n\t\t\t<\/div>\n\t\n<div class=\"is-divider divider clearfix\" style=\"margin-top:2rem;margin-bottom:2rem;max-width:100%;height:1px;background-color:rgba(112, 112, 112, 0.302);\"><\/div>\n\n\t<div id=\"text-1477766583\" class=\"text fontsize_18 color_black\">\n\t\t\n\n<p>INTERCULTURAL DIALOGUE<\/p>\n\t\t\t<\/div>\n\t\n\t<div id=\"gap-638677013\" class=\"gap-element clearfix\" style=\"display:block; height:auto;\">\n\t\t\n<style>\n#gap-638677013 {\n  padding-top: 13rem;\n}\n<\/style>\n\t<\/div>\n\t\n\n\t<div id=\"text-1294850642\" class=\"text fontsize_16 color_black fontweight_500\">\n\t\t\n\nSHARE THE PAGE\n\t\t\t<\/div>\n\t\n<div class=\"is-divider divider clearfix\" style=\"margin-top:2rem;margin-bottom:2rem;max-width:100%;height:1px;background-color:rgba(112, 112, 112, 0.302);\"><\/div>\n\n\t<div class=\"img has-hover socialshare_icon linkedin x md-x lg-x y md-y lg-y\" id=\"image_670326113\">\n\t\t\t\t\t\t\t\t<div class=\"img-inner dark\" >\n\t\t\t<img loading=\"lazy\" decoding=\"async\" width=\"1\" height=\"1\" src=\"https:\/\/www.italtel.com\/wp-content\/uploads\/2024\/09\/Linkedin-icon.svg\" class=\"attachment-large size-large\" alt=\"Linkedin-icon\" \/>\t\t\t\t\t\t\n\t\t\t\t\t<\/div>\n\t\t\t\t\t\t\t\t\n<style>\n#image_670326113 {\n  width: 100%;\n}\n<\/style>\n\t<\/div>\n\t\n\n\t<div class=\"img has-hover socialshare_icon instagram x md-x lg-x y md-y lg-y\" id=\"image_28101770\">\n\t\t\t\t\t\t\t\t<div class=\"img-inner dark\" >\n\t\t\t<img loading=\"lazy\" decoding=\"async\" width=\"27\" height=\"27\" src=\"https:\/\/www.italtel.com\/wp-content\/uploads\/2024\/07\/Raggruppa-12942.png\" class=\"attachment-large size-large\" alt=\"Instagram icon\" \/>\t\t\t\t\t\t\n\t\t\t\t\t<\/div>\n\t\t\t\t\t\t\t\t\n<style>\n#image_28101770 {\n  width: 100%;\n}\n<\/style>\n\t<\/div>\n\t\n\n\t<div class=\"img has-hover socialshare_icon ex x md-x lg-x y md-y lg-y\" id=\"image_1436031457\">\n\t\t\t\t\t\t\t\t<div class=\"img-inner dark\" >\n\t\t\t<img loading=\"lazy\" decoding=\"async\" width=\"1\" height=\"1\" src=\"https:\/\/www.italtel.com\/wp-content\/uploads\/2024\/09\/X-icon.svg\" class=\"attachment-large size-large\" alt=\"X-icon\" \/>\t\t\t\t\t\t\n\t\t\t\t\t<\/div>\n\t\t\t\t\t\t\t\t\n<style>\n#image_1436031457 {\n  width: 100%;\n}\n<\/style>\n\t<\/div>\n\t\n\n\n\t\t<\/div>\n\t\t<\/div><\/div>\t\t\n<style>\n#col-2114000603 > .is-sticky-column > .is-sticky-column__inner > .col-inner {\n  padding: 6rem 0px 0px 0px;\n}\n<\/style>\n\t<\/div>\n\n\t\n\n<\/div>\n\n","protected":false},"excerpt":{"rendered":"","protected":false},"author":6,"featured_media":74506,"comment_status":"closed","ping_status":"closed","sticky":false,"template":"","format":"standard","meta":{"footnotes":""},"categories":[1030],"tags":[958,1057],"class_list":["post-74532","post","type-post","status-publish","format-standard","has-post-thumbnail","hentry","category-news-de","tag-company-de","tag-diversity-inclusion-3"],"yoast_head":"<!-- This site is optimized with the Yoast SEO plugin v27.4 - https:\/\/yoast.com\/product\/yoast-seo-wordpress\/ -->\n<title>21. Mai: Internationaler Tag der kulturellen Vielfalt, des Dialogs und der Entwicklung - Italtel<\/title>\n<meta name=\"robots\" content=\"index, follow, max-snippet:-1, max-image-preview:large, max-video-preview:-1\" \/>\n<link rel=\"canonical\" href=\"https:\/\/www.italtel.com\/de\/21-mai-internationaler-tag-der-kulturellen-vielfalt-des-dialogs-und-der-entwicklung\/\" \/>\n<meta property=\"og:locale\" content=\"de_DE\" \/>\n<meta property=\"og:type\" content=\"article\" \/>\n<meta property=\"og:title\" content=\"21. Mai: Internationaler Tag der kulturellen Vielfalt, des Dialogs und der Entwicklung - Italtel\" \/>\n<meta property=\"og:url\" content=\"https:\/\/www.italtel.com\/de\/21-mai-internationaler-tag-der-kulturellen-vielfalt-des-dialogs-und-der-entwicklung\/\" \/>\n<meta property=\"og:site_name\" content=\"Italtel\" \/>\n<meta property=\"article:published_time\" content=\"2025-05-21T09:07:25+00:00\" \/>\n<meta property=\"article:modified_time\" content=\"2025-05-21T09:14:55+00:00\" \/>\n<meta property=\"og:image\" content=\"https:\/\/www.italtel.com\/wp-content\/uploads\/2025\/05\/diversity-scaled.webp\" \/>\n\t<meta property=\"og:image:width\" content=\"2560\" \/>\n\t<meta property=\"og:image:height\" content=\"1707\" \/>\n\t<meta property=\"og:image:type\" content=\"image\/webp\" \/>\n<meta name=\"author\" content=\"Daniela Fontana\" \/>\n<meta name=\"twitter:card\" content=\"summary_large_image\" \/>\n<meta name=\"twitter:creator\" content=\"@Italtel\" \/>\n<meta name=\"twitter:site\" content=\"@Italtel\" \/>\n<meta name=\"twitter:label1\" content=\"Verfasst von\" \/>\n\t<meta name=\"twitter:data1\" content=\"Daniela Fontana\" \/>\n\t<meta name=\"twitter:label2\" content=\"Gesch\u00e4tzte Lesezeit\" \/>\n\t<meta name=\"twitter:data2\" content=\"2\u00a0Minuten\" \/>\n<script type=\"application\/ld+json\" class=\"yoast-schema-graph\">{\"@context\":\"https:\\\/\\\/schema.org\",\"@graph\":[{\"@type\":\"Article\",\"@id\":\"https:\\\/\\\/www.italtel.com\\\/de\\\/21-mai-internationaler-tag-der-kulturellen-vielfalt-des-dialogs-und-der-entwicklung\\\/#article\",\"isPartOf\":{\"@id\":\"https:\\\/\\\/www.italtel.com\\\/de\\\/21-mai-internationaler-tag-der-kulturellen-vielfalt-des-dialogs-und-der-entwicklung\\\/\"},\"author\":{\"name\":\"Daniela Fontana\",\"@id\":\"https:\\\/\\\/www.italtel.com\\\/de\\\/#\\\/schema\\\/person\\\/38f315d5a978255f0cf320055bad5afe\"},\"headline\":\"21. Mai: Internationaler Tag der kulturellen Vielfalt, des Dialogs und der Entwicklung\",\"datePublished\":\"2025-05-21T09:07:25+00:00\",\"dateModified\":\"2025-05-21T09:14:55+00:00\",\"mainEntityOfPage\":{\"@id\":\"https:\\\/\\\/www.italtel.com\\\/de\\\/21-mai-internationaler-tag-der-kulturellen-vielfalt-des-dialogs-und-der-entwicklung\\\/\"},\"wordCount\":283,\"publisher\":{\"@id\":\"https:\\\/\\\/www.italtel.com\\\/de\\\/#organization\"},\"image\":{\"@id\":\"https:\\\/\\\/www.italtel.com\\\/de\\\/21-mai-internationaler-tag-der-kulturellen-vielfalt-des-dialogs-und-der-entwicklung\\\/#primaryimage\"},\"thumbnailUrl\":\"https:\\\/\\\/www.italtel.com\\\/wp-content\\\/uploads\\\/2025\\\/05\\\/diversity-scaled.webp\",\"keywords\":[\"Company\",\"Diversity &amp; Inclusion\"],\"articleSection\":[\"News\"],\"inLanguage\":\"de\"},{\"@type\":\"WebPage\",\"@id\":\"https:\\\/\\\/www.italtel.com\\\/de\\\/21-mai-internationaler-tag-der-kulturellen-vielfalt-des-dialogs-und-der-entwicklung\\\/\",\"url\":\"https:\\\/\\\/www.italtel.com\\\/de\\\/21-mai-internationaler-tag-der-kulturellen-vielfalt-des-dialogs-und-der-entwicklung\\\/\",\"name\":\"21. Mai: Internationaler Tag der kulturellen Vielfalt, des Dialogs und der Entwicklung - Italtel\",\"isPartOf\":{\"@id\":\"https:\\\/\\\/www.italtel.com\\\/de\\\/#website\"},\"primaryImageOfPage\":{\"@id\":\"https:\\\/\\\/www.italtel.com\\\/de\\\/21-mai-internationaler-tag-der-kulturellen-vielfalt-des-dialogs-und-der-entwicklung\\\/#primaryimage\"},\"image\":{\"@id\":\"https:\\\/\\\/www.italtel.com\\\/de\\\/21-mai-internationaler-tag-der-kulturellen-vielfalt-des-dialogs-und-der-entwicklung\\\/#primaryimage\"},\"thumbnailUrl\":\"https:\\\/\\\/www.italtel.com\\\/wp-content\\\/uploads\\\/2025\\\/05\\\/diversity-scaled.webp\",\"datePublished\":\"2025-05-21T09:07:25+00:00\",\"dateModified\":\"2025-05-21T09:14:55+00:00\",\"breadcrumb\":{\"@id\":\"https:\\\/\\\/www.italtel.com\\\/de\\\/21-mai-internationaler-tag-der-kulturellen-vielfalt-des-dialogs-und-der-entwicklung\\\/#breadcrumb\"},\"inLanguage\":\"de\",\"potentialAction\":[{\"@type\":\"ReadAction\",\"target\":[\"https:\\\/\\\/www.italtel.com\\\/de\\\/21-mai-internationaler-tag-der-kulturellen-vielfalt-des-dialogs-und-der-entwicklung\\\/\"]}]},{\"@type\":\"ImageObject\",\"inLanguage\":\"de\",\"@id\":\"https:\\\/\\\/www.italtel.com\\\/de\\\/21-mai-internationaler-tag-der-kulturellen-vielfalt-des-dialogs-und-der-entwicklung\\\/#primaryimage\",\"url\":\"https:\\\/\\\/www.italtel.com\\\/wp-content\\\/uploads\\\/2025\\\/05\\\/diversity-scaled.webp\",\"contentUrl\":\"https:\\\/\\\/www.italtel.com\\\/wp-content\\\/uploads\\\/2025\\\/05\\\/diversity-scaled.webp\",\"width\":2560,\"height\":1707,\"caption\":\"May 21st: International Day for Cultural Diversity, Dialogue and Development\"},{\"@type\":\"BreadcrumbList\",\"@id\":\"https:\\\/\\\/www.italtel.com\\\/de\\\/21-mai-internationaler-tag-der-kulturellen-vielfalt-des-dialogs-und-der-entwicklung\\\/#breadcrumb\",\"itemListElement\":[{\"@type\":\"ListItem\",\"position\":1,\"name\":\"Home\",\"item\":\"https:\\\/\\\/www.italtel.com\\\/de\\\/\"},{\"@type\":\"ListItem\",\"position\":2,\"name\":\"21. Mai: Internationaler Tag der kulturellen Vielfalt, des Dialogs und der Entwicklung\"}]},{\"@type\":\"WebSite\",\"@id\":\"https:\\\/\\\/www.italtel.com\\\/de\\\/#website\",\"url\":\"https:\\\/\\\/www.italtel.com\\\/de\\\/\",\"name\":\"Italtel\",\"description\":\"Italtel Group&#039;s company website\",\"publisher\":{\"@id\":\"https:\\\/\\\/www.italtel.com\\\/de\\\/#organization\"},\"potentialAction\":[{\"@type\":\"SearchAction\",\"target\":{\"@type\":\"EntryPoint\",\"urlTemplate\":\"https:\\\/\\\/www.italtel.com\\\/de\\\/?s={search_term_string}\"},\"query-input\":{\"@type\":\"PropertyValueSpecification\",\"valueRequired\":true,\"valueName\":\"search_term_string\"}}],\"inLanguage\":\"de\"},{\"@type\":\"Organization\",\"@id\":\"https:\\\/\\\/www.italtel.com\\\/de\\\/#organization\",\"name\":\"Italtel S.p.A.\",\"url\":\"https:\\\/\\\/www.italtel.com\\\/de\\\/\",\"logo\":{\"@type\":\"ImageObject\",\"inLanguage\":\"de\",\"@id\":\"https:\\\/\\\/www.italtel.com\\\/de\\\/#\\\/schema\\\/logo\\\/image\\\/\",\"url\":\"https:\\\/\\\/www.italtel.com\\\/wp-content\\\/uploads\\\/2024\\\/11\\\/Italtel_logo.png\",\"contentUrl\":\"https:\\\/\\\/www.italtel.com\\\/wp-content\\\/uploads\\\/2024\\\/11\\\/Italtel_logo.png\",\"width\":591,\"height\":139,\"caption\":\"Italtel S.p.A.\"},\"image\":{\"@id\":\"https:\\\/\\\/www.italtel.com\\\/de\\\/#\\\/schema\\\/logo\\\/image\\\/\"},\"sameAs\":[\"https:\\\/\\\/x.com\\\/Italtel\",\"https:\\\/\\\/www.linkedin.com\\\/company\\\/italtel\\\/\",\"https:\\\/\\\/www.instagram.com\\\/italtel_hq\\\/\"]},{\"@type\":\"Person\",\"@id\":\"https:\\\/\\\/www.italtel.com\\\/de\\\/#\\\/schema\\\/person\\\/38f315d5a978255f0cf320055bad5afe\",\"name\":\"Daniela Fontana\",\"image\":{\"@type\":\"ImageObject\",\"inLanguage\":\"de\",\"@id\":\"https:\\\/\\\/secure.gravatar.com\\\/avatar\\\/834a03b0c73144a8ca36e17dc365b3fbadb34c9e44399b609a00f2231e694f6a?s=96&d=mm&r=g\",\"url\":\"https:\\\/\\\/secure.gravatar.com\\\/avatar\\\/834a03b0c73144a8ca36e17dc365b3fbadb34c9e44399b609a00f2231e694f6a?s=96&d=mm&r=g\",\"contentUrl\":\"https:\\\/\\\/secure.gravatar.com\\\/avatar\\\/834a03b0c73144a8ca36e17dc365b3fbadb34c9e44399b609a00f2231e694f6a?s=96&d=mm&r=g\",\"caption\":\"Daniela Fontana\"}}]}<\/script>\n<!-- \/ Yoast SEO plugin. -->","yoast_head_json":{"title":"21. Mai: Internationaler Tag der kulturellen Vielfalt, des Dialogs und der Entwicklung - Italtel","robots":{"index":"index","follow":"follow","max-snippet":"max-snippet:-1","max-image-preview":"max-image-preview:large","max-video-preview":"max-video-preview:-1"},"canonical":"https:\/\/www.italtel.com\/de\/21-mai-internationaler-tag-der-kulturellen-vielfalt-des-dialogs-und-der-entwicklung\/","og_locale":"de_DE","og_type":"article","og_title":"21. Mai: Internationaler Tag der kulturellen Vielfalt, des Dialogs und der Entwicklung - Italtel","og_url":"https:\/\/www.italtel.com\/de\/21-mai-internationaler-tag-der-kulturellen-vielfalt-des-dialogs-und-der-entwicklung\/","og_site_name":"Italtel","article_published_time":"2025-05-21T09:07:25+00:00","article_modified_time":"2025-05-21T09:14:55+00:00","og_image":[{"width":2560,"height":1707,"url":"https:\/\/www.italtel.com\/wp-content\/uploads\/2025\/05\/diversity-scaled.webp","type":"image\/webp"}],"author":"Daniela Fontana","twitter_card":"summary_large_image","twitter_creator":"@Italtel","twitter_site":"@Italtel","twitter_misc":{"Verfasst von":"Daniela Fontana","Gesch\u00e4tzte Lesezeit":"2\u00a0Minuten"},"schema":{"@context":"https:\/\/schema.org","@graph":[{"@type":"Article","@id":"https:\/\/www.italtel.com\/de\/21-mai-internationaler-tag-der-kulturellen-vielfalt-des-dialogs-und-der-entwicklung\/#article","isPartOf":{"@id":"https:\/\/www.italtel.com\/de\/21-mai-internationaler-tag-der-kulturellen-vielfalt-des-dialogs-und-der-entwicklung\/"},"author":{"name":"Daniela Fontana","@id":"https:\/\/www.italtel.com\/de\/#\/schema\/person\/38f315d5a978255f0cf320055bad5afe"},"headline":"21. Mai: Internationaler Tag der kulturellen Vielfalt, des Dialogs und der Entwicklung","datePublished":"2025-05-21T09:07:25+00:00","dateModified":"2025-05-21T09:14:55+00:00","mainEntityOfPage":{"@id":"https:\/\/www.italtel.com\/de\/21-mai-internationaler-tag-der-kulturellen-vielfalt-des-dialogs-und-der-entwicklung\/"},"wordCount":283,"publisher":{"@id":"https:\/\/www.italtel.com\/de\/#organization"},"image":{"@id":"https:\/\/www.italtel.com\/de\/21-mai-internationaler-tag-der-kulturellen-vielfalt-des-dialogs-und-der-entwicklung\/#primaryimage"},"thumbnailUrl":"https:\/\/www.italtel.com\/wp-content\/uploads\/2025\/05\/diversity-scaled.webp","keywords":["Company","Diversity &amp; Inclusion"],"articleSection":["News"],"inLanguage":"de"},{"@type":"WebPage","@id":"https:\/\/www.italtel.com\/de\/21-mai-internationaler-tag-der-kulturellen-vielfalt-des-dialogs-und-der-entwicklung\/","url":"https:\/\/www.italtel.com\/de\/21-mai-internationaler-tag-der-kulturellen-vielfalt-des-dialogs-und-der-entwicklung\/","name":"21. Mai: Internationaler Tag der kulturellen Vielfalt, des Dialogs und der Entwicklung - Italtel","isPartOf":{"@id":"https:\/\/www.italtel.com\/de\/#website"},"primaryImageOfPage":{"@id":"https:\/\/www.italtel.com\/de\/21-mai-internationaler-tag-der-kulturellen-vielfalt-des-dialogs-und-der-entwicklung\/#primaryimage"},"image":{"@id":"https:\/\/www.italtel.com\/de\/21-mai-internationaler-tag-der-kulturellen-vielfalt-des-dialogs-und-der-entwicklung\/#primaryimage"},"thumbnailUrl":"https:\/\/www.italtel.com\/wp-content\/uploads\/2025\/05\/diversity-scaled.webp","datePublished":"2025-05-21T09:07:25+00:00","dateModified":"2025-05-21T09:14:55+00:00","breadcrumb":{"@id":"https:\/\/www.italtel.com\/de\/21-mai-internationaler-tag-der-kulturellen-vielfalt-des-dialogs-und-der-entwicklung\/#breadcrumb"},"inLanguage":"de","potentialAction":[{"@type":"ReadAction","target":["https:\/\/www.italtel.com\/de\/21-mai-internationaler-tag-der-kulturellen-vielfalt-des-dialogs-und-der-entwicklung\/"]}]},{"@type":"ImageObject","inLanguage":"de","@id":"https:\/\/www.italtel.com\/de\/21-mai-internationaler-tag-der-kulturellen-vielfalt-des-dialogs-und-der-entwicklung\/#primaryimage","url":"https:\/\/www.italtel.com\/wp-content\/uploads\/2025\/05\/diversity-scaled.webp","contentUrl":"https:\/\/www.italtel.com\/wp-content\/uploads\/2025\/05\/diversity-scaled.webp","width":2560,"height":1707,"caption":"May 21st: International Day for Cultural Diversity, Dialogue and Development"},{"@type":"BreadcrumbList","@id":"https:\/\/www.italtel.com\/de\/21-mai-internationaler-tag-der-kulturellen-vielfalt-des-dialogs-und-der-entwicklung\/#breadcrumb","itemListElement":[{"@type":"ListItem","position":1,"name":"Home","item":"https:\/\/www.italtel.com\/de\/"},{"@type":"ListItem","position":2,"name":"21. Mai: Internationaler Tag der kulturellen Vielfalt, des Dialogs und der Entwicklung"}]},{"@type":"WebSite","@id":"https:\/\/www.italtel.com\/de\/#website","url":"https:\/\/www.italtel.com\/de\/","name":"Italtel","description":"Italtel Group&#039;s company website","publisher":{"@id":"https:\/\/www.italtel.com\/de\/#organization"},"potentialAction":[{"@type":"SearchAction","target":{"@type":"EntryPoint","urlTemplate":"https:\/\/www.italtel.com\/de\/?s={search_term_string}"},"query-input":{"@type":"PropertyValueSpecification","valueRequired":true,"valueName":"search_term_string"}}],"inLanguage":"de"},{"@type":"Organization","@id":"https:\/\/www.italtel.com\/de\/#organization","name":"Italtel S.p.A.","url":"https:\/\/www.italtel.com\/de\/","logo":{"@type":"ImageObject","inLanguage":"de","@id":"https:\/\/www.italtel.com\/de\/#\/schema\/logo\/image\/","url":"https:\/\/www.italtel.com\/wp-content\/uploads\/2024\/11\/Italtel_logo.png","contentUrl":"https:\/\/www.italtel.com\/wp-content\/uploads\/2024\/11\/Italtel_logo.png","width":591,"height":139,"caption":"Italtel S.p.A."},"image":{"@id":"https:\/\/www.italtel.com\/de\/#\/schema\/logo\/image\/"},"sameAs":["https:\/\/x.com\/Italtel","https:\/\/www.linkedin.com\/company\/italtel\/","https:\/\/www.instagram.com\/italtel_hq\/"]},{"@type":"Person","@id":"https:\/\/www.italtel.com\/de\/#\/schema\/person\/38f315d5a978255f0cf320055bad5afe","name":"Daniela Fontana","image":{"@type":"ImageObject","inLanguage":"de","@id":"https:\/\/secure.gravatar.com\/avatar\/834a03b0c73144a8ca36e17dc365b3fbadb34c9e44399b609a00f2231e694f6a?s=96&d=mm&r=g","url":"https:\/\/secure.gravatar.com\/avatar\/834a03b0c73144a8ca36e17dc365b3fbadb34c9e44399b609a00f2231e694f6a?s=96&d=mm&r=g","contentUrl":"https:\/\/secure.gravatar.com\/avatar\/834a03b0c73144a8ca36e17dc365b3fbadb34c9e44399b609a00f2231e694f6a?s=96&d=mm&r=g","caption":"Daniela Fontana"}}]}},"_links":{"self":[{"href":"https:\/\/www.italtel.com\/de\/wp-json\/wp\/v2\/posts\/74532","targetHints":{"allow":["GET"]}}],"collection":[{"href":"https:\/\/www.italtel.com\/de\/wp-json\/wp\/v2\/posts"}],"about":[{"href":"https:\/\/www.italtel.com\/de\/wp-json\/wp\/v2\/types\/post"}],"author":[{"embeddable":true,"href":"https:\/\/www.italtel.com\/de\/wp-json\/wp\/v2\/users\/6"}],"replies":[{"embeddable":true,"href":"https:\/\/www.italtel.com\/de\/wp-json\/wp\/v2\/comments?post=74532"}],"version-history":[{"count":3,"href":"https:\/\/www.italtel.com\/de\/wp-json\/wp\/v2\/posts\/74532\/revisions"}],"predecessor-version":[{"id":74538,"href":"https:\/\/www.italtel.com\/de\/wp-json\/wp\/v2\/posts\/74532\/revisions\/74538"}],"wp:featuredmedia":[{"embeddable":true,"href":"https:\/\/www.italtel.com\/de\/wp-json\/wp\/v2\/media\/74506"}],"wp:attachment":[{"href":"https:\/\/www.italtel.com\/de\/wp-json\/wp\/v2\/media?parent=74532"}],"wp:term":[{"taxonomy":"category","embeddable":true,"href":"https:\/\/www.italtel.com\/de\/wp-json\/wp\/v2\/categories?post=74532"},{"taxonomy":"post_tag","embeddable":true,"href":"https:\/\/www.italtel.com\/de\/wp-json\/wp\/v2\/tags?post=74532"}],"curies":[{"name":"wp","href":"https:\/\/api.w.org\/{rel}","templated":true}]}}