{"id":79717,"date":"2025-12-03T10:10:33","date_gmt":"2025-12-03T08:10:33","guid":{"rendered":"https:\/\/www.italtel.com\/technology-and-disability-building-inclusive-environments-for-everyone\/"},"modified":"2025-12-03T19:07:27","modified_gmt":"2025-12-03T17:07:27","slug":"technologie-und-behinderung-wie-wir-wirklich-inklusive-digitale-umgebungen-schaffen","status":"publish","type":"post","link":"https:\/\/www.italtel.com\/de\/technologie-und-behinderung-wie-wir-wirklich-inklusive-digitale-umgebungen-schaffen\/","title":{"rendered":"Technologie und Behinderung: Wie wir wirklich inklusive digitale Umgebungen schaffen"},"content":{"rendered":"\n<div class=\"row\"  id=\"row-1756877106\">\n\n\n\t<div id=\"col-681621395\" class=\"col medium-9 small-12 large-9\"  >\n\t\t\t\t<div class=\"col-inner\"  >\n\t\t\t\n\t\t\t\n\n\t<div id=\"text-3065537806\" class=\"text fontsize_18 color_black\">\n\t\t\n\n<p data-start=\"376\" data-end=\"856\">Der Internationale Tag der Menschen mit Behinderungen erinnert uns jedes Jahr daran, wie stark die Beziehung zwischen Menschen und ihrer Umwelt unsere Teilhabe pr\u00e4gt. Behinderung ist keine rein individuelle Eigenschaft, sondern entsteht oft durch Rahmenbedingungen, die Teilnahme entweder erm\u00f6glichen oder verhindern. In diesem Sinne kann jeder Mensch \u2014 je nach Situation oder Lebensphase \u2014 eine Form von Beeintr\u00e4chtigung erleben, wenn das Umfeld nicht entsprechend gestaltet ist.<\/p>\n<p data-start=\"858\" data-end=\"1187\">Heute ist dieses Umfeld jedoch nicht nur physisch, sondern vor allem <strong data-start=\"927\" data-end=\"938\">digital<\/strong>. Technologie bildet das unsichtbare \u00d6kosystem unseres Alltags: in unseren Wohnungen, an Arbeitspl\u00e4tzen, in Schulen, im Verkehr oder in \u00f6ffentlichen Dienstleistungen. Digitale Systeme bestimmen, wie wir handeln, lernen und miteinander kommunizieren.<\/p>\n\t\t\t<\/div>\n\t\n\t<div id=\"gap-910205489\" class=\"gap-element clearfix\" style=\"display:block; height:auto;\">\n\t\t\n<style>\n#gap-910205489 {\n  padding-top: 30px;\n}\n<\/style>\n\t<\/div>\n\t\n\n\t<div id=\"text-3299980793\" class=\"text fontsize_32 color_black\">\n\t\t\n\n<h2>Inklusive Technologie oder digitale Barriere?<\/h2>\n\t\t\t<\/div>\n\t\n\t<div id=\"text-1270805273\" class=\"text fontsize_18 color_black\">\n\t\t\n\n<p data-start=\"1248\" data-end=\"1500\">Durchdacht entwickelte Technologien k\u00f6nnen ein kraftvolles Instrument f\u00fcr Selbstst\u00e4ndigkeit, Kommunikation und Lernen sein. Intuitive Benutzeroberfl\u00e4chen, adaptive Systeme oder unterst\u00fctzende Tools k\u00f6nnen das Leben vieler Menschen deutlich erleichtern.<\/p>\n<p data-start=\"1502\" data-end=\"1790\">Doch ohne konsequente Ber\u00fccksichtigung von <strong data-start=\"1545\" data-end=\"1575\">digitaler Barrierefreiheit<\/strong> kann Technologie selbst zur H\u00fcrde werden. Systeme, die nicht auf unterschiedliche Bed\u00fcrfnisse ausgelegt sind, schlie\u00dfen Menschen aus und reduzieren ihre M\u00f6glichkeiten, sich autonom zu bewegen und aktiv teilzuhaben.<\/p>\n\t\t\t<\/div>\n\t\n\t<div id=\"gap-1197637009\" class=\"gap-element clearfix\" style=\"display:block; height:auto;\">\n\t\t\n<style>\n#gap-1197637009 {\n  padding-top: 30px;\n}\n<\/style>\n\t<\/div>\n\t\n\n\t<div id=\"text-254818756\" class=\"text fontsize_32 color_black\">\n\t\t\n\n<h2>Verantwortungsvolle Innovation: Ein strategischer Auftrag<\/h2>\n\t\t\t<\/div>\n\t\n\t<div id=\"text-3183983226\" class=\"text fontsize_18 color_black\">\n\t\t\n\n<p data-start=\"1863\" data-end=\"2005\">Innovation darf Barrierefreiheit nicht l\u00e4nger als \u201eOption\u201c behandeln \u2014 sie muss von Beginn an Teil jeder Produkt- und Serviceentwicklung sein.<\/p>\n<p data-start=\"2007\" data-end=\"2312\">Das ist nicht nur eine ethische Verpflichtung, sondern zunehmend ein <strong data-start=\"2076\" data-end=\"2112\">strategischer Wettbewerbsvorteil<\/strong>. Internationale Studien zeigen, dass inklusive L\u00f6sungen nicht nur die User Experience verbessern, sondern auch neue Kundensegmente \u00f6ffnen, die Nutzung erh\u00f6hen und sp\u00e4tere Anpassungskosten reduzieren.<\/p>\n<p data-start=\"2314\" data-end=\"2672\">Auch wirtschaftlich ist das Thema enorm relevant: Weltweit leben \u00fcber <strong data-start=\"2384\" data-end=\"2429\">1,6 Milliarden Menschen mit Behinderungen<\/strong>, und das \u201eDisability Market\u201c weist ein gesch\u00e4tztes Kaufkraftvolumen von \u00fcber <strong data-start=\"2507\" data-end=\"2534\">einer Billion US-Dollar<\/strong> auf (Quelle: PR Newswire). Unternehmen, die barrierefreie Produkte und Services entwickeln, erschlie\u00dfen daher bedeutende Marktpotenziale.<\/p>\n\t\t\t<\/div>\n\t\n\t<div id=\"gap-274477953\" class=\"gap-element clearfix\" style=\"display:block; height:auto;\">\n\t\t\n<style>\n#gap-274477953 {\n  padding-top: 30px;\n}\n<\/style>\n\t<\/div>\n\t\n\n\t<div id=\"text-3387267232\" class=\"text fontsize_32 color_black\">\n\t\t\n\n<h2>Mehr als sichtbare Behinderungen<\/h2>\n\t\t\t<\/div>\n\t\n\t<div id=\"text-207127296\" class=\"text fontsize_18 color_black\">\n\t\t\n\n<p data-start=\"2720\" data-end=\"3199\">Die Herausforderungen betreffen nicht nur Menschen mit k\u00f6rperlichen Beeintr\u00e4chtigungen. Prognosen mehrerer internationaler Studien zeigen, dass bis 2027 <strong data-start=\"2873\" data-end=\"2948\">ein Viertel der Fortune-500-Unternehmen gezielt in neurodiverse Talente<\/strong> investieren wird \u2014 darunter Autistinnen und Autisten, Menschen mit ADHS oder Legasthenie. Diese Kompetenzen k\u00f6nnen enorme Innovationskraft freisetzen, ben\u00f6tigen jedoch Arbeitsumgebungen, die Vielfalt nicht nur akzeptieren, sondern aktiv unterst\u00fctzen.<\/p>\n<p data-start=\"3201\" data-end=\"3534\">Gleichzeitig steigt das Risiko sozialer oder digitaler Ausgrenzung f\u00fcr Menschen mit geringen digitalen Kompetenzen, flexiblen Arbeitsmodellen oder weniger sichtbaren Einschr\u00e4nkungen. Um dieser Komplexit\u00e4t gerecht zu werden, braucht es eine enge Zusammenarbeit von Unternehmen, Bildungseinrichtungen, Verb\u00e4nden und lokalen Netzwerken.<\/p>\n\t\t\t<\/div>\n\t\n\t<div id=\"gap-845206797\" class=\"gap-element clearfix\" style=\"display:block; height:auto;\">\n\t\t\n<style>\n#gap-845206797 {\n  padding-top: 30px;\n}\n<\/style>\n\t<\/div>\n\t\n\n\t<div id=\"text-1314507628\" class=\"text fontsize_32 color_black\">\n\t\t\n\n<h2>Italtels Engagement<\/h2>\n\t\t\t<\/div>\n\t\n\t<div id=\"text-8535174\" class=\"text fontsize_18 color_black\">\n\t\t\n\n<p data-start=\"3569\" data-end=\"4050\">Bei Italtel sind wir \u00fcberzeugt: Technologie soll Menschen verbinden \u2013 nicht trennen. Deshalb arbeiten wir nicht nur an barrierefreien digitalen L\u00f6sungen, sondern auch an den <strong data-start=\"3743\" data-end=\"3762\">Infrastrukturen<\/strong>, die inklusive Anwendungen \u00fcberhaupt erst erm\u00f6glichen. Unsere Vision ist ein digitales Umfeld, das Vielfalt auf allen Ebenen ber\u00fccksichtigt: durch leistungsstarke Konnektivit\u00e4tsnetze, sichere intelligente Plattformen und Systeme, die Stabilit\u00e4t, Qualit\u00e4t und Verl\u00e4sslichkeit garantieren.<\/p>\n<p data-start=\"4052\" data-end=\"4625\">Diese Infrastrukturen bilden den Grundstein f\u00fcr immer leistungsf\u00e4higere <strong data-start=\"4124\" data-end=\"4150\">assistive Technologien<\/strong>: von Smart Glasses zur Orientierung, \u00fcber Screenreader und Sprachausgabe-Systeme, bis hin zu augmentativen Kommunikationshilfen. Neue KI-basierte L\u00f6sungen \u2014 etwa kognitive Assistenzsysteme, automatische Transkription, Natural-Language-Processing-Tools oder Entscheidungsunterst\u00fctzungssysteme \u2014 k\u00f6nnen die Selbstst\u00e4ndigkeit vieler Menschen erheblich steigern. Voraussetzung daf\u00fcr sind jedoch robuste digitale Plattformen, sichere Architekturen und zuverl\u00e4ssige Konnektivit\u00e4t.<\/p>\n<p data-start=\"4627\" data-end=\"4949\">Unsere Netz- und Plattformdesigns orientieren sich daher konsequent an einer menschenzentrierten Perspektive, in der digitale Barrierefreiheit ein zentraler Bezugspunkt ist. Unser Ziel: Technologie zu einem Raum machen, der f\u00fcr alle zug\u00e4nglich ist und Innovation in ein inklusives und nachhaltiges Lebensumfeld verwandelt.<\/p>\n\t\t\t<\/div>\n\t\n\t<div class=\"img has-hover x md-x lg-x y md-y lg-y\" id=\"image_1365901722\">\n\t\t\t\t\t\t\t\t<div class=\"img-inner dark\" >\n\t\t\t<img loading=\"lazy\" decoding=\"async\" width=\"1020\" height=\"571\" src=\"https:\/\/www.italtel.com\/wp-content\/uploads\/2025\/12\/Media1-copia-1024x573.webp\" class=\"attachment-large size-large\" alt=\"A man in profile wearing futuristic goggles stands against a vibrant background. Blurred effects and warm colors create a surreal, dreamlike atmosphere.\" srcset=\"https:\/\/www.italtel.com\/wp-content\/uploads\/2025\/12\/Media1-copia-1024x573.webp 1024w, https:\/\/www.italtel.com\/wp-content\/uploads\/2025\/12\/Media1-copia-300x168.webp 300w, https:\/\/www.italtel.com\/wp-content\/uploads\/2025\/12\/Media1-copia-768x430.webp 768w, https:\/\/www.italtel.com\/wp-content\/uploads\/2025\/12\/Media1-copia-1536x860.webp 1536w, https:\/\/www.italtel.com\/wp-content\/uploads\/2025\/12\/Media1-copia-2048x1147.webp 2048w\" sizes=\"auto, (max-width: 1020px) 100vw, 1020px\" \/>\t\t\t\t\t\t\n\t\t\t\t\t<\/div>\n\t\t\t\t\t\t\t\t\n<style>\n#image_1365901722 {\n  width: 100%;\n}\n<\/style>\n\t<\/div>\n\t\n\n\t<div id=\"gap-849406723\" class=\"gap-element clearfix\" style=\"display:block; height:auto;\">\n\t\t\n<style>\n#gap-849406723 {\n  padding-top: 30px;\n}\n<\/style>\n\t<\/div>\n\t\n\n\t<div id=\"text-1516407869\" class=\"text fontsize_32 color_black\">\n\t\t\n\n<h2>Auf dem Weg zu einer inklusiveren digitalen Zukunft<\/h2>\n\t\t\t<\/div>\n\t\n\t<div id=\"text-877500841\" class=\"text fontsize_18 color_black\">\n\t\t\n\n<p data-start=\"5016\" data-end=\"5219\">Wenn Technologie das Wasser ist, in dem wir uns t\u00e4glich bewegen, dann tragen wir Verantwortung \u2014 und besitzen gleichzeitig die Chance \u2014 sie zu einem Ort zu machen, in dem jede Person frei schwimmen kann.<\/p>\n<p data-start=\"5221\" data-end=\"5433\">Inklusive technologische Umgebungen zu schaffen bedeutet nicht nur, Barrieren abzubauen. Es bedeutet, <strong data-start=\"5323\" data-end=\"5355\">gemeinsamen Wert zu erzeugen<\/strong>, Teilhabe zu f\u00f6rdern und Innovation zu einem Motor f\u00fcr Fortschritt zu machen.<\/p>\n\t\t\t<\/div>\n\t\n\t<div id=\"gap-1139914293\" class=\"gap-element clearfix\" style=\"display:block; height:auto;\">\n\t\t\n<style>\n#gap-1139914293 {\n  padding-top: 30px;\n}\n<\/style>\n\t<\/div>\n\t\n\n\n\t\t<\/div>\n\t\t\t\t\n<style>\n#col-681621395 > .col-inner {\n  padding: 6rem 11rem 0px 0px;\n}\n<\/style>\n\t<\/div>\n\n\t\n\n\t<div id=\"col-1340350987\" class=\"col sibebar_col medium-3 small-12 large-3\"  >\n\t\t<div class=\"is-sticky-column\"><div class=\"is-sticky-column__inner\">\t\t<div class=\"col-inner\"  >\n\t\t\t\n\t\t\t\n\n\t<div id=\"text-1497645322\" class=\"text fontsize_16 color_black fontweight_500\">\n\t\t\n\nTECH KEYWORDS\n\t\t\t<\/div>\n\t\n<div class=\"is-divider divider clearfix\" style=\"margin-top:2rem;margin-bottom:2rem;max-width:100%;height:1px;background-color:rgba(112, 112, 112, 0.302);\"><\/div>\n\n\t<div id=\"text-2379590358\" class=\"text fontsize_18 color_black\">\n\t\t\n\n<p>DIGITAL ACCESSIBILITY<\/p>\n\t\t\t<\/div>\n\t\n<div class=\"is-divider divider clearfix\" style=\"margin-top:2rem;margin-bottom:2rem;max-width:100%;height:1px;background-color:rgba(112, 112, 112, 0.302);\"><\/div>\n\n\t<div id=\"text-2801114794\" class=\"text fontsize_18 color_black\">\n\t\t\n\n<p>DISABILITY &amp; TECHNOLOGY<\/p>\n\t\t\t<\/div>\n\t\n<div class=\"is-divider divider clearfix\" style=\"margin-top:2rem;margin-bottom:2rem;max-width:100%;height:1px;background-color:rgba(112, 112, 112, 0.302);\"><\/div>\n\n\t<div id=\"text-736260950\" class=\"text fontsize_18 color_black\">\n\t\t\n\n<p>DIGITAL INFRASTRUCTURE<\/p>\n\t\t\t<\/div>\n\t\n<div class=\"is-divider divider clearfix\" style=\"margin-top:2rem;margin-bottom:2rem;max-width:100%;height:1px;background-color:rgba(112, 112, 112, 0.302);\"><\/div>\n\n\t<div id=\"text-1120620833\" class=\"text fontsize_18 color_black\">\n\t\t\n\n<p>AI &amp; INCLUSION<\/p>\n\t\t\t<\/div>\n\t\n<div class=\"is-divider divider clearfix\" style=\"margin-top:2rem;margin-bottom:2rem;max-width:100%;height:1px;background-color:rgba(112, 112, 112, 0.302);\"><\/div>\n\n\t<div id=\"text-1707534083\" class=\"text fontsize_18 color_black\">\n\t\t\n\n<p>TECHNOLOGY EMPOWERMENT<\/p>\n\t\t\t<\/div>\n\t\n\t<div id=\"gap-937704288\" class=\"gap-element clearfix\" style=\"display:block; height:auto;\">\n\t\t\n<style>\n#gap-937704288 {\n  padding-top: 13rem;\n}\n<\/style>\n\t<\/div>\n\t\n\n\t<div id=\"text-450140037\" class=\"text fontsize_16 color_black fontweight_500\">\n\t\t\n\nSHARE THE PAGE\n\t\t\t<\/div>\n\t\n<div class=\"is-divider divider clearfix\" style=\"margin-top:2rem;margin-bottom:2rem;max-width:100%;height:1px;background-color:rgba(112, 112, 112, 0.302);\"><\/div>\n\n\t<div class=\"img has-hover socialshare_icon linkedin x md-x lg-x y md-y lg-y\" id=\"image_2091512165\">\n\t\t\t\t\t\t\t\t<div class=\"img-inner dark\" >\n\t\t\t<img loading=\"lazy\" decoding=\"async\" width=\"1\" height=\"1\" src=\"https:\/\/www.italtel.com\/wp-content\/uploads\/2024\/09\/Linkedin-icon.svg\" class=\"attachment-large size-large\" alt=\"Linkedin-icon\" \/>\t\t\t\t\t\t\n\t\t\t\t\t<\/div>\n\t\t\t\t\t\t\t\t\n<style>\n#image_2091512165 {\n  width: 100%;\n}\n<\/style>\n\t<\/div>\n\t\n\n\t<div class=\"img has-hover socialshare_icon instagram x md-x lg-x y md-y lg-y\" id=\"image_639699718\">\n\t\t\t\t\t\t\t\t<div class=\"img-inner dark\" >\n\t\t\t<img loading=\"lazy\" decoding=\"async\" width=\"27\" height=\"27\" src=\"https:\/\/www.italtel.com\/wp-content\/uploads\/2024\/07\/Raggruppa-12942.png\" class=\"attachment-large size-large\" alt=\"Instagram icon\" \/>\t\t\t\t\t\t\n\t\t\t\t\t<\/div>\n\t\t\t\t\t\t\t\t\n<style>\n#image_639699718 {\n  width: 100%;\n}\n<\/style>\n\t<\/div>\n\t\n\n\t<div class=\"img has-hover socialshare_icon ex x md-x lg-x y md-y lg-y\" id=\"image_154898888\">\n\t\t\t\t\t\t\t\t<div class=\"img-inner dark\" >\n\t\t\t<img loading=\"lazy\" decoding=\"async\" width=\"1\" height=\"1\" src=\"https:\/\/www.italtel.com\/wp-content\/uploads\/2024\/09\/X-icon.svg\" class=\"attachment-large size-large\" alt=\"X-icon\" \/>\t\t\t\t\t\t\n\t\t\t\t\t<\/div>\n\t\t\t\t\t\t\t\t\n<style>\n#image_154898888 {\n  width: 100%;\n}\n<\/style>\n\t<\/div>\n\t\n\n\n\t\t<\/div>\n\t\t<\/div><\/div>\t\t\n<style>\n#col-1340350987 > .is-sticky-column > .is-sticky-column__inner > .col-inner {\n  padding: 6rem 0px 0px 0px;\n}\n<\/style>\n\t<\/div>\n\n\t\n\n<\/div>\n\n","protected":false},"excerpt":{"rendered":"","protected":false},"author":6,"featured_media":79697,"comment_status":"closed","ping_status":"closed","sticky":false,"template":"","format":"standard","meta":{"footnotes":""},"categories":[917],"tags":[1106],"class_list":["post-79717","post","type-post","status-publish","format-standard","has-post-thumbnail","hentry","category-focus-de","tag-sustainability-company-de"],"yoast_head":"<!-- This site is optimized with the Yoast SEO plugin v27.3 - https:\/\/yoast.com\/product\/yoast-seo-wordpress\/ -->\n<title>Technologie und Behinderung: Wie wir wirklich inklusive digitale Umgebungen schaffen - Italtel<\/title>\n<meta name=\"description\" content=\"Wie inklusive Technologie Barrieren abbaut und neue Chancen schafft: Warum digitale Barrierefreiheit strategisch, wirtschaftlich und gesellschaftlich unverzichtbar ist.\" \/>\n<meta name=\"robots\" content=\"index, follow, max-snippet:-1, max-image-preview:large, max-video-preview:-1\" \/>\n<link rel=\"canonical\" href=\"https:\/\/www.italtel.com\/de\/technologie-und-behinderung-wie-wir-wirklich-inklusive-digitale-umgebungen-schaffen\/\" \/>\n<meta property=\"og:locale\" content=\"de_DE\" \/>\n<meta property=\"og:type\" content=\"article\" \/>\n<meta property=\"og:title\" content=\"Technologie und Behinderung: Wie wir wirklich inklusive digitale Umgebungen schaffen - Italtel\" \/>\n<meta property=\"og:description\" content=\"Wie inklusive Technologie Barrieren abbaut und neue Chancen schafft: Warum digitale Barrierefreiheit strategisch, wirtschaftlich und gesellschaftlich unverzichtbar ist.\" \/>\n<meta property=\"og:url\" content=\"https:\/\/www.italtel.com\/de\/technologie-und-behinderung-wie-wir-wirklich-inklusive-digitale-umgebungen-schaffen\/\" \/>\n<meta property=\"og:site_name\" content=\"Italtel\" \/>\n<meta property=\"article:published_time\" content=\"2025-12-03T08:10:33+00:00\" \/>\n<meta property=\"article:modified_time\" content=\"2025-12-03T17:07:27+00:00\" \/>\n<meta property=\"og:image\" content=\"https:\/\/www.italtel.com\/wp-content\/uploads\/2025\/12\/2152001148-copia.webp\" \/>\n\t<meta property=\"og:image:width\" content=\"1610\" \/>\n\t<meta property=\"og:image:height\" content=\"906\" \/>\n\t<meta property=\"og:image:type\" content=\"image\/webp\" \/>\n<meta name=\"author\" content=\"Daniela Fontana\" \/>\n<meta name=\"twitter:card\" content=\"summary_large_image\" \/>\n<meta name=\"twitter:creator\" content=\"@Italtel\" \/>\n<meta name=\"twitter:site\" content=\"@Italtel\" \/>\n<meta name=\"twitter:label1\" content=\"Verfasst von\" \/>\n\t<meta name=\"twitter:data1\" content=\"Daniela Fontana\" \/>\n\t<meta name=\"twitter:label2\" content=\"Gesch\u00e4tzte Lesezeit\" \/>\n\t<meta name=\"twitter:data2\" content=\"4\u00a0Minuten\" \/>\n<script type=\"application\/ld+json\" class=\"yoast-schema-graph\">{\"@context\":\"https:\\\/\\\/schema.org\",\"@graph\":[{\"@type\":\"Article\",\"@id\":\"https:\\\/\\\/www.italtel.com\\\/de\\\/technologie-und-behinderung-wie-wir-wirklich-inklusive-digitale-umgebungen-schaffen\\\/#article\",\"isPartOf\":{\"@id\":\"https:\\\/\\\/www.italtel.com\\\/de\\\/technologie-und-behinderung-wie-wir-wirklich-inklusive-digitale-umgebungen-schaffen\\\/\"},\"author\":{\"name\":\"Daniela Fontana\",\"@id\":\"https:\\\/\\\/www.italtel.com\\\/de\\\/#\\\/schema\\\/person\\\/38f315d5a978255f0cf320055bad5afe\"},\"headline\":\"Technologie und Behinderung: Wie wir wirklich inklusive digitale Umgebungen schaffen\",\"datePublished\":\"2025-12-03T08:10:33+00:00\",\"dateModified\":\"2025-12-03T17:07:27+00:00\",\"mainEntityOfPage\":{\"@id\":\"https:\\\/\\\/www.italtel.com\\\/de\\\/technologie-und-behinderung-wie-wir-wirklich-inklusive-digitale-umgebungen-schaffen\\\/\"},\"wordCount\":925,\"publisher\":{\"@id\":\"https:\\\/\\\/www.italtel.com\\\/de\\\/#organization\"},\"image\":{\"@id\":\"https:\\\/\\\/www.italtel.com\\\/de\\\/technologie-und-behinderung-wie-wir-wirklich-inklusive-digitale-umgebungen-schaffen\\\/#primaryimage\"},\"thumbnailUrl\":\"https:\\\/\\\/www.italtel.com\\\/wp-content\\\/uploads\\\/2025\\\/12\\\/2152001148-copia.webp\",\"keywords\":[\"Sustainability; Company\"],\"articleSection\":[\"Focus\"],\"inLanguage\":\"de\"},{\"@type\":\"WebPage\",\"@id\":\"https:\\\/\\\/www.italtel.com\\\/de\\\/technologie-und-behinderung-wie-wir-wirklich-inklusive-digitale-umgebungen-schaffen\\\/\",\"url\":\"https:\\\/\\\/www.italtel.com\\\/de\\\/technologie-und-behinderung-wie-wir-wirklich-inklusive-digitale-umgebungen-schaffen\\\/\",\"name\":\"Technologie und Behinderung: Wie wir wirklich inklusive digitale Umgebungen schaffen - Italtel\",\"isPartOf\":{\"@id\":\"https:\\\/\\\/www.italtel.com\\\/de\\\/#website\"},\"primaryImageOfPage\":{\"@id\":\"https:\\\/\\\/www.italtel.com\\\/de\\\/technologie-und-behinderung-wie-wir-wirklich-inklusive-digitale-umgebungen-schaffen\\\/#primaryimage\"},\"image\":{\"@id\":\"https:\\\/\\\/www.italtel.com\\\/de\\\/technologie-und-behinderung-wie-wir-wirklich-inklusive-digitale-umgebungen-schaffen\\\/#primaryimage\"},\"thumbnailUrl\":\"https:\\\/\\\/www.italtel.com\\\/wp-content\\\/uploads\\\/2025\\\/12\\\/2152001148-copia.webp\",\"datePublished\":\"2025-12-03T08:10:33+00:00\",\"dateModified\":\"2025-12-03T17:07:27+00:00\",\"description\":\"Wie inklusive Technologie Barrieren abbaut und neue Chancen schafft: Warum digitale Barrierefreiheit strategisch, wirtschaftlich und gesellschaftlich unverzichtbar ist.\",\"breadcrumb\":{\"@id\":\"https:\\\/\\\/www.italtel.com\\\/de\\\/technologie-und-behinderung-wie-wir-wirklich-inklusive-digitale-umgebungen-schaffen\\\/#breadcrumb\"},\"inLanguage\":\"de\",\"potentialAction\":[{\"@type\":\"ReadAction\",\"target\":[\"https:\\\/\\\/www.italtel.com\\\/de\\\/technologie-und-behinderung-wie-wir-wirklich-inklusive-digitale-umgebungen-schaffen\\\/\"]}]},{\"@type\":\"ImageObject\",\"inLanguage\":\"de\",\"@id\":\"https:\\\/\\\/www.italtel.com\\\/de\\\/technologie-und-behinderung-wie-wir-wirklich-inklusive-digitale-umgebungen-schaffen\\\/#primaryimage\",\"url\":\"https:\\\/\\\/www.italtel.com\\\/wp-content\\\/uploads\\\/2025\\\/12\\\/2152001148-copia.webp\",\"contentUrl\":\"https:\\\/\\\/www.italtel.com\\\/wp-content\\\/uploads\\\/2025\\\/12\\\/2152001148-copia.webp\",\"width\":1610,\"height\":906,\"caption\":\"A woman with dark hair gazes intently at a glowing vertical screen in a dimly lit room, conveying a sense of focus and modern technology.\"},{\"@type\":\"BreadcrumbList\",\"@id\":\"https:\\\/\\\/www.italtel.com\\\/de\\\/technologie-und-behinderung-wie-wir-wirklich-inklusive-digitale-umgebungen-schaffen\\\/#breadcrumb\",\"itemListElement\":[{\"@type\":\"ListItem\",\"position\":1,\"name\":\"Home\",\"item\":\"https:\\\/\\\/www.italtel.com\\\/de\\\/\"},{\"@type\":\"ListItem\",\"position\":2,\"name\":\"Technologie und Behinderung: Wie wir wirklich inklusive digitale Umgebungen schaffen\"}]},{\"@type\":\"WebSite\",\"@id\":\"https:\\\/\\\/www.italtel.com\\\/de\\\/#website\",\"url\":\"https:\\\/\\\/www.italtel.com\\\/de\\\/\",\"name\":\"Italtel\",\"description\":\"Italtel Group&#039;s company website\",\"publisher\":{\"@id\":\"https:\\\/\\\/www.italtel.com\\\/de\\\/#organization\"},\"potentialAction\":[{\"@type\":\"SearchAction\",\"target\":{\"@type\":\"EntryPoint\",\"urlTemplate\":\"https:\\\/\\\/www.italtel.com\\\/de\\\/?s={search_term_string}\"},\"query-input\":{\"@type\":\"PropertyValueSpecification\",\"valueRequired\":true,\"valueName\":\"search_term_string\"}}],\"inLanguage\":\"de\"},{\"@type\":\"Organization\",\"@id\":\"https:\\\/\\\/www.italtel.com\\\/de\\\/#organization\",\"name\":\"Italtel S.p.A.\",\"url\":\"https:\\\/\\\/www.italtel.com\\\/de\\\/\",\"logo\":{\"@type\":\"ImageObject\",\"inLanguage\":\"de\",\"@id\":\"https:\\\/\\\/www.italtel.com\\\/de\\\/#\\\/schema\\\/logo\\\/image\\\/\",\"url\":\"https:\\\/\\\/www.italtel.com\\\/wp-content\\\/uploads\\\/2024\\\/11\\\/Italtel_logo.png\",\"contentUrl\":\"https:\\\/\\\/www.italtel.com\\\/wp-content\\\/uploads\\\/2024\\\/11\\\/Italtel_logo.png\",\"width\":591,\"height\":139,\"caption\":\"Italtel S.p.A.\"},\"image\":{\"@id\":\"https:\\\/\\\/www.italtel.com\\\/de\\\/#\\\/schema\\\/logo\\\/image\\\/\"},\"sameAs\":[\"https:\\\/\\\/x.com\\\/Italtel\",\"https:\\\/\\\/www.linkedin.com\\\/company\\\/italtel\\\/\",\"https:\\\/\\\/www.instagram.com\\\/italtel_hq\\\/\"]},{\"@type\":\"Person\",\"@id\":\"https:\\\/\\\/www.italtel.com\\\/de\\\/#\\\/schema\\\/person\\\/38f315d5a978255f0cf320055bad5afe\",\"name\":\"Daniela Fontana\",\"image\":{\"@type\":\"ImageObject\",\"inLanguage\":\"de\",\"@id\":\"https:\\\/\\\/secure.gravatar.com\\\/avatar\\\/834a03b0c73144a8ca36e17dc365b3fbadb34c9e44399b609a00f2231e694f6a?s=96&d=mm&r=g\",\"url\":\"https:\\\/\\\/secure.gravatar.com\\\/avatar\\\/834a03b0c73144a8ca36e17dc365b3fbadb34c9e44399b609a00f2231e694f6a?s=96&d=mm&r=g\",\"contentUrl\":\"https:\\\/\\\/secure.gravatar.com\\\/avatar\\\/834a03b0c73144a8ca36e17dc365b3fbadb34c9e44399b609a00f2231e694f6a?s=96&d=mm&r=g\",\"caption\":\"Daniela Fontana\"}}]}<\/script>\n<!-- \/ Yoast SEO plugin. -->","yoast_head_json":{"title":"Technologie und Behinderung: Wie wir wirklich inklusive digitale Umgebungen schaffen - Italtel","description":"Wie inklusive Technologie Barrieren abbaut und neue Chancen schafft: Warum digitale Barrierefreiheit strategisch, wirtschaftlich und gesellschaftlich unverzichtbar ist.","robots":{"index":"index","follow":"follow","max-snippet":"max-snippet:-1","max-image-preview":"max-image-preview:large","max-video-preview":"max-video-preview:-1"},"canonical":"https:\/\/www.italtel.com\/de\/technologie-und-behinderung-wie-wir-wirklich-inklusive-digitale-umgebungen-schaffen\/","og_locale":"de_DE","og_type":"article","og_title":"Technologie und Behinderung: Wie wir wirklich inklusive digitale Umgebungen schaffen - Italtel","og_description":"Wie inklusive Technologie Barrieren abbaut und neue Chancen schafft: Warum digitale Barrierefreiheit strategisch, wirtschaftlich und gesellschaftlich unverzichtbar ist.","og_url":"https:\/\/www.italtel.com\/de\/technologie-und-behinderung-wie-wir-wirklich-inklusive-digitale-umgebungen-schaffen\/","og_site_name":"Italtel","article_published_time":"2025-12-03T08:10:33+00:00","article_modified_time":"2025-12-03T17:07:27+00:00","og_image":[{"width":1610,"height":906,"url":"https:\/\/www.italtel.com\/wp-content\/uploads\/2025\/12\/2152001148-copia.webp","type":"image\/webp"}],"author":"Daniela Fontana","twitter_card":"summary_large_image","twitter_creator":"@Italtel","twitter_site":"@Italtel","twitter_misc":{"Verfasst von":"Daniela Fontana","Gesch\u00e4tzte Lesezeit":"4\u00a0Minuten"},"schema":{"@context":"https:\/\/schema.org","@graph":[{"@type":"Article","@id":"https:\/\/www.italtel.com\/de\/technologie-und-behinderung-wie-wir-wirklich-inklusive-digitale-umgebungen-schaffen\/#article","isPartOf":{"@id":"https:\/\/www.italtel.com\/de\/technologie-und-behinderung-wie-wir-wirklich-inklusive-digitale-umgebungen-schaffen\/"},"author":{"name":"Daniela Fontana","@id":"https:\/\/www.italtel.com\/de\/#\/schema\/person\/38f315d5a978255f0cf320055bad5afe"},"headline":"Technologie und Behinderung: Wie wir wirklich inklusive digitale Umgebungen schaffen","datePublished":"2025-12-03T08:10:33+00:00","dateModified":"2025-12-03T17:07:27+00:00","mainEntityOfPage":{"@id":"https:\/\/www.italtel.com\/de\/technologie-und-behinderung-wie-wir-wirklich-inklusive-digitale-umgebungen-schaffen\/"},"wordCount":925,"publisher":{"@id":"https:\/\/www.italtel.com\/de\/#organization"},"image":{"@id":"https:\/\/www.italtel.com\/de\/technologie-und-behinderung-wie-wir-wirklich-inklusive-digitale-umgebungen-schaffen\/#primaryimage"},"thumbnailUrl":"https:\/\/www.italtel.com\/wp-content\/uploads\/2025\/12\/2152001148-copia.webp","keywords":["Sustainability; Company"],"articleSection":["Focus"],"inLanguage":"de"},{"@type":"WebPage","@id":"https:\/\/www.italtel.com\/de\/technologie-und-behinderung-wie-wir-wirklich-inklusive-digitale-umgebungen-schaffen\/","url":"https:\/\/www.italtel.com\/de\/technologie-und-behinderung-wie-wir-wirklich-inklusive-digitale-umgebungen-schaffen\/","name":"Technologie und Behinderung: Wie wir wirklich inklusive digitale Umgebungen schaffen - Italtel","isPartOf":{"@id":"https:\/\/www.italtel.com\/de\/#website"},"primaryImageOfPage":{"@id":"https:\/\/www.italtel.com\/de\/technologie-und-behinderung-wie-wir-wirklich-inklusive-digitale-umgebungen-schaffen\/#primaryimage"},"image":{"@id":"https:\/\/www.italtel.com\/de\/technologie-und-behinderung-wie-wir-wirklich-inklusive-digitale-umgebungen-schaffen\/#primaryimage"},"thumbnailUrl":"https:\/\/www.italtel.com\/wp-content\/uploads\/2025\/12\/2152001148-copia.webp","datePublished":"2025-12-03T08:10:33+00:00","dateModified":"2025-12-03T17:07:27+00:00","description":"Wie inklusive Technologie Barrieren abbaut und neue Chancen schafft: Warum digitale Barrierefreiheit strategisch, wirtschaftlich und gesellschaftlich unverzichtbar ist.","breadcrumb":{"@id":"https:\/\/www.italtel.com\/de\/technologie-und-behinderung-wie-wir-wirklich-inklusive-digitale-umgebungen-schaffen\/#breadcrumb"},"inLanguage":"de","potentialAction":[{"@type":"ReadAction","target":["https:\/\/www.italtel.com\/de\/technologie-und-behinderung-wie-wir-wirklich-inklusive-digitale-umgebungen-schaffen\/"]}]},{"@type":"ImageObject","inLanguage":"de","@id":"https:\/\/www.italtel.com\/de\/technologie-und-behinderung-wie-wir-wirklich-inklusive-digitale-umgebungen-schaffen\/#primaryimage","url":"https:\/\/www.italtel.com\/wp-content\/uploads\/2025\/12\/2152001148-copia.webp","contentUrl":"https:\/\/www.italtel.com\/wp-content\/uploads\/2025\/12\/2152001148-copia.webp","width":1610,"height":906,"caption":"A woman with dark hair gazes intently at a glowing vertical screen in a dimly lit room, conveying a sense of focus and modern technology."},{"@type":"BreadcrumbList","@id":"https:\/\/www.italtel.com\/de\/technologie-und-behinderung-wie-wir-wirklich-inklusive-digitale-umgebungen-schaffen\/#breadcrumb","itemListElement":[{"@type":"ListItem","position":1,"name":"Home","item":"https:\/\/www.italtel.com\/de\/"},{"@type":"ListItem","position":2,"name":"Technologie und Behinderung: Wie wir wirklich inklusive digitale Umgebungen schaffen"}]},{"@type":"WebSite","@id":"https:\/\/www.italtel.com\/de\/#website","url":"https:\/\/www.italtel.com\/de\/","name":"Italtel","description":"Italtel Group&#039;s company website","publisher":{"@id":"https:\/\/www.italtel.com\/de\/#organization"},"potentialAction":[{"@type":"SearchAction","target":{"@type":"EntryPoint","urlTemplate":"https:\/\/www.italtel.com\/de\/?s={search_term_string}"},"query-input":{"@type":"PropertyValueSpecification","valueRequired":true,"valueName":"search_term_string"}}],"inLanguage":"de"},{"@type":"Organization","@id":"https:\/\/www.italtel.com\/de\/#organization","name":"Italtel S.p.A.","url":"https:\/\/www.italtel.com\/de\/","logo":{"@type":"ImageObject","inLanguage":"de","@id":"https:\/\/www.italtel.com\/de\/#\/schema\/logo\/image\/","url":"https:\/\/www.italtel.com\/wp-content\/uploads\/2024\/11\/Italtel_logo.png","contentUrl":"https:\/\/www.italtel.com\/wp-content\/uploads\/2024\/11\/Italtel_logo.png","width":591,"height":139,"caption":"Italtel S.p.A."},"image":{"@id":"https:\/\/www.italtel.com\/de\/#\/schema\/logo\/image\/"},"sameAs":["https:\/\/x.com\/Italtel","https:\/\/www.linkedin.com\/company\/italtel\/","https:\/\/www.instagram.com\/italtel_hq\/"]},{"@type":"Person","@id":"https:\/\/www.italtel.com\/de\/#\/schema\/person\/38f315d5a978255f0cf320055bad5afe","name":"Daniela Fontana","image":{"@type":"ImageObject","inLanguage":"de","@id":"https:\/\/secure.gravatar.com\/avatar\/834a03b0c73144a8ca36e17dc365b3fbadb34c9e44399b609a00f2231e694f6a?s=96&d=mm&r=g","url":"https:\/\/secure.gravatar.com\/avatar\/834a03b0c73144a8ca36e17dc365b3fbadb34c9e44399b609a00f2231e694f6a?s=96&d=mm&r=g","contentUrl":"https:\/\/secure.gravatar.com\/avatar\/834a03b0c73144a8ca36e17dc365b3fbadb34c9e44399b609a00f2231e694f6a?s=96&d=mm&r=g","caption":"Daniela Fontana"}}]}},"_links":{"self":[{"href":"https:\/\/www.italtel.com\/de\/wp-json\/wp\/v2\/posts\/79717","targetHints":{"allow":["GET"]}}],"collection":[{"href":"https:\/\/www.italtel.com\/de\/wp-json\/wp\/v2\/posts"}],"about":[{"href":"https:\/\/www.italtel.com\/de\/wp-json\/wp\/v2\/types\/post"}],"author":[{"embeddable":true,"href":"https:\/\/www.italtel.com\/de\/wp-json\/wp\/v2\/users\/6"}],"replies":[{"embeddable":true,"href":"https:\/\/www.italtel.com\/de\/wp-json\/wp\/v2\/comments?post=79717"}],"version-history":[{"count":2,"href":"https:\/\/www.italtel.com\/de\/wp-json\/wp\/v2\/posts\/79717\/revisions"}],"predecessor-version":[{"id":79719,"href":"https:\/\/www.italtel.com\/de\/wp-json\/wp\/v2\/posts\/79717\/revisions\/79719"}],"wp:featuredmedia":[{"embeddable":true,"href":"https:\/\/www.italtel.com\/de\/wp-json\/wp\/v2\/media\/79697"}],"wp:attachment":[{"href":"https:\/\/www.italtel.com\/de\/wp-json\/wp\/v2\/media?parent=79717"}],"wp:term":[{"taxonomy":"category","embeddable":true,"href":"https:\/\/www.italtel.com\/de\/wp-json\/wp\/v2\/categories?post=79717"},{"taxonomy":"post_tag","embeddable":true,"href":"https:\/\/www.italtel.com\/de\/wp-json\/wp\/v2\/tags?post=79717"}],"curies":[{"name":"wp","href":"https:\/\/api.w.org\/{rel}","templated":true}]}}