{"id":81227,"date":"2026-03-08T13:21:52","date_gmt":"2026-03-08T11:21:52","guid":{"rendered":"https:\/\/www.italtel.com\/march-8-what-weve-learned-working-together\/"},"modified":"2026-03-12T15:31:23","modified_gmt":"2026-03-12T13:31:23","slug":"8-maerz-was-wir-durch-die-zusammenarbeit-mit-kolleginnen-lernen","status":"publish","type":"post","link":"https:\/\/www.italtel.com\/de\/8-maerz-was-wir-durch-die-zusammenarbeit-mit-kolleginnen-lernen\/","title":{"rendered":"8. M\u00e4rz: Was wir durch die Zusammenarbeit mit Kolleginnen lernen"},"content":{"rendered":"\n<div class=\"row\"  id=\"row-774203433\">\n\n\n\t<div id=\"col-1102578046\" class=\"col medium-9 small-12 large-9\"  >\n\t\t\t\t<div class=\"col-inner\"  >\n\t\t\t\n\t\t\t\n\n\t<div id=\"text-1986256865\" class=\"text fontsize_18 color_black\">\n\t\t\n\n<p>Anl\u00e4sslich des <strong>Internationalen Frauentags<\/strong> haben wir einigen Kollegen eine einfache, aber bedeutungsvolle Frage gestellt:<\/p>\n<blockquote>\n<p><strong>\u201eWas hast du durch die Zusammenarbeit mit Kolleginnen gelernt?\u201c<\/strong><\/p>\n<\/blockquote>\n<p>Ihre Antworten heben Eigenschaften wie Entschlossenheit, Zusammenarbeit, Professionalit\u00e4t und gegenseitiges Vertrauen hervor. Diese kurzen Reflexionen zeigen, wie t\u00e4gliche Interaktionen und unterschiedliche Perspektiven unsere Art zu arbeiten und gemeinsam zu wachsen bereichern.<\/p>\n<p>Aus diesen Beitr\u00e4gen entstand ein Video, das die Gedanken der Kolleginnen und Kollegen rund um eine f\u00fcr uns zentrale \u00dcberzeugung zusammenbringt:<br \/><strong>Gleichberechtigung ist keine \u201eGeschlechterfrage\u201c, sondern eine gemeinsame Verantwortung.<\/strong><\/p>\n<p>Die Botschaft ist inspiriert von der Kampagne HeForShe campaign der Organisation UN Women.<\/p>\n\t\t\t<\/div>\n\t\n\t<div id=\"gap-1983301073\" class=\"gap-element clearfix\" style=\"display:block; height:auto;\">\n\t\t\n<style>\n#gap-1983301073 {\n  padding-top: 30px;\n}\n<\/style>\n\t<\/div>\n\t\n\n<div class=\"video video-fit mb\" style=\"padding-top:56.25%;\"><iframe loading=\"lazy\" title=\"Cosa abbiamo imparato lavorando con colleghe donne | #HeForShe\" width=\"1020\" height=\"574\" src=\"https:\/\/www.youtube.com\/embed\/22YOxpP4rjQ?feature=oembed\" frameborder=\"0\" allow=\"accelerometer; autoplay; clipboard-write; encrypted-media; gyroscope; picture-in-picture; web-share\" referrerpolicy=\"strict-origin-when-cross-origin\" allowfullscreen><\/iframe><\/div>\n\n\t<div id=\"gap-1894473388\" class=\"gap-element clearfix\" style=\"display:block; height:auto;\">\n\t\t\n<style>\n#gap-1894473388 {\n  padding-top: 30px;\n}\n<\/style>\n\t<\/div>\n\t\n\n\t<div id=\"text-1996775807\" class=\"text fontsize_18 color_black\">\n\t\t\n\n<h3><strong>Barrierefreie Videobeschreibung<\/strong><\/h3>\n<p>Im Video sprechen mehrere Mitarbeitende direkt in die Kamera in einer Arbeitsumgebung. Jede Person beantwortet die Frage, was sie durch die Zusammenarbeit mit Kolleginnen gelernt hat.<\/p>\n<p>Die Aussagen betonen Zusammenarbeit, Professionalit\u00e4t, Vertrauen und gegenseitigen Respekt.<\/p>\n\t\t\t<\/div>\n\t\n\n\t\t<\/div>\n\t\t\t\t\n<style>\n#col-1102578046 > .col-inner {\n  padding: 6rem 11rem 0px 0px;\n}\n<\/style>\n\t<\/div>\n\n\t\n\n\t<div id=\"col-10950358\" class=\"col sibebar_col medium-3 small-12 large-3\"  >\n\t\t<div class=\"is-sticky-column\"><div class=\"is-sticky-column__inner\">\t\t<div class=\"col-inner\"  >\n\t\t\t\n\t\t\t\n\n\t<div id=\"text-4238270987\" class=\"text fontsize_16 color_black fontweight_500\">\n\t\t\n\n<p>KEYWORDS<\/p>\n\t\t\t<\/div>\n\t\n<div class=\"is-divider divider clearfix\" style=\"margin-top:2rem;margin-bottom:2rem;max-width:100%;height:1px;background-color:rgba(112, 112, 112, 0.302);\"><\/div>\n\n\t<div id=\"text-2953787234\" class=\"text fontsize_18 color_black\">\n\t\t\n\n<p>WORKPLACE INCLUSION<\/p>\n\t\t\t<\/div>\n\t\n<div class=\"is-divider divider clearfix\" style=\"margin-top:2rem;margin-bottom:2rem;max-width:100%;height:1px;background-color:rgba(112, 112, 112, 0.302);\"><\/div>\n\n\t<div id=\"text-1699094760\" class=\"text fontsize_18 color_black\">\n\t\t\n\n<p>DIVERSITY &amp; INCLUSION<\/p>\n\t\t\t<\/div>\n\t\n<div class=\"is-divider divider clearfix\" style=\"margin-top:2rem;margin-bottom:2rem;max-width:100%;height:1px;background-color:rgba(112, 112, 112, 0.302);\"><\/div>\n\n\t<div id=\"text-4127686284\" class=\"text fontsize_18 color_black\">\n\t\t\n\n<p>CORPORATE CULTURE<\/p>\n\t\t\t<\/div>\n\t\n<div class=\"is-divider divider clearfix\" style=\"margin-top:2rem;margin-bottom:2rem;max-width:100%;height:1px;background-color:rgba(112, 112, 112, 0.302);\"><\/div>\n\n\t<div id=\"text-652681436\" class=\"text fontsize_18 color_black\">\n\t\t\n\n<p>GENDER EQUALITY<\/p>\n\t\t\t<\/div>\n\t\n<div class=\"is-divider divider clearfix\" style=\"margin-top:2rem;margin-bottom:2rem;max-width:100%;height:1px;background-color:rgba(112, 112, 112, 0.302);\"><\/div>\n\n\t<div id=\"gap-1846193768\" class=\"gap-element clearfix\" style=\"display:block; height:auto;\">\n\t\t\n<style>\n#gap-1846193768 {\n  padding-top: 13rem;\n}\n<\/style>\n\t<\/div>\n\t\n\n\t<div id=\"gap-944334783\" class=\"gap-element clearfix\" style=\"display:block; height:auto;\">\n\t\t\n<style>\n#gap-944334783 {\n  padding-top: 13rem;\n}\n<\/style>\n\t<\/div>\n\t\n\n\t<div id=\"text-3904546475\" class=\"text fontsize_16 color_black fontweight_500\">\n\t\t\n\nSHARE THE PAGE\n\t\t\t<\/div>\n\t\n<div class=\"is-divider divider clearfix\" style=\"margin-top:2rem;margin-bottom:2rem;max-width:100%;height:1px;background-color:rgba(112, 112, 112, 0.302);\"><\/div>\n\n\t<div class=\"img has-hover socialshare_icon linkedin x md-x lg-x y md-y lg-y\" id=\"image_108287596\">\n\t\t\t\t\t\t\t\t<div class=\"img-inner dark\" >\n\t\t\t<img loading=\"lazy\" decoding=\"async\" width=\"1\" height=\"1\" src=\"https:\/\/www.italtel.com\/wp-content\/uploads\/2024\/09\/Linkedin-icon.svg\" class=\"attachment-large size-large\" alt=\"Linkedin-icon\" \/>\t\t\t\t\t\t\n\t\t\t\t\t<\/div>\n\t\t\t\t\t\t\t\t\n<style>\n#image_108287596 {\n  width: 100%;\n}\n<\/style>\n\t<\/div>\n\t\n\n\t<div class=\"img has-hover socialshare_icon instagram x md-x lg-x y md-y lg-y\" id=\"image_1436144942\">\n\t\t\t\t\t\t\t\t<div class=\"img-inner dark\" >\n\t\t\t<img loading=\"lazy\" decoding=\"async\" width=\"27\" height=\"27\" src=\"https:\/\/www.italtel.com\/wp-content\/uploads\/2024\/07\/Raggruppa-12942.png\" class=\"attachment-large size-large\" alt=\"Instagram icon\" \/>\t\t\t\t\t\t\n\t\t\t\t\t<\/div>\n\t\t\t\t\t\t\t\t\n<style>\n#image_1436144942 {\n  width: 100%;\n}\n<\/style>\n\t<\/div>\n\t\n\n\t<div class=\"img has-hover socialshare_icon ex x md-x lg-x y md-y lg-y\" id=\"image_2130668645\">\n\t\t\t\t\t\t\t\t<div class=\"img-inner dark\" >\n\t\t\t<img loading=\"lazy\" decoding=\"async\" width=\"1\" height=\"1\" src=\"https:\/\/www.italtel.com\/wp-content\/uploads\/2024\/09\/X-icon.svg\" class=\"attachment-large size-large\" alt=\"X-icon\" \/>\t\t\t\t\t\t\n\t\t\t\t\t<\/div>\n\t\t\t\t\t\t\t\t\n<style>\n#image_2130668645 {\n  width: 100%;\n}\n<\/style>\n\t<\/div>\n\t\n\n\n\t\t<\/div>\n\t\t<\/div><\/div>\t\t\n<style>\n#col-10950358 > .is-sticky-column > .is-sticky-column__inner > .col-inner {\n  padding: 6rem 0px 0px 0px;\n}\n<\/style>\n\t<\/div>\n\n\t\n\n<\/div>\n\n","protected":false},"excerpt":{"rendered":"","protected":false},"author":6,"featured_media":81066,"comment_status":"closed","ping_status":"closed","sticky":false,"template":"","format":"standard","meta":{"footnotes":""},"categories":[1030],"tags":[958,921],"class_list":["post-81227","post","type-post","status-publish","format-standard","has-post-thumbnail","hentry","category-news-de","tag-company-de","tag-sustainability-de"],"yoast_head":"<!-- This site is optimized with the Yoast SEO plugin v27.3 - https:\/\/yoast.com\/product\/yoast-seo-wordpress\/ -->\n<title>8. M\u00e4rz: Was wir durch die Zusammenarbeit mit Kolleginnen lernen - Italtel<\/title>\n<meta name=\"description\" content=\"Zum Internationalen Frauentag berichten Mitarbeitende, was sie durch die Zusammenarbeit mit Kolleginnen gelernt haben und warum Gleichberechtigung eine gemeinsame Verantwortung ist.\" \/>\n<meta name=\"robots\" content=\"index, follow, max-snippet:-1, max-image-preview:large, max-video-preview:-1\" \/>\n<link rel=\"canonical\" href=\"https:\/\/www.italtel.com\/de\/8-maerz-was-wir-durch-die-zusammenarbeit-mit-kolleginnen-lernen\/\" \/>\n<meta property=\"og:locale\" content=\"de_DE\" \/>\n<meta property=\"og:type\" content=\"article\" \/>\n<meta property=\"og:title\" content=\"8. M\u00e4rz: Was wir durch die Zusammenarbeit mit Kolleginnen lernen - Italtel\" \/>\n<meta property=\"og:description\" content=\"Zum Internationalen Frauentag berichten Mitarbeitende, was sie durch die Zusammenarbeit mit Kolleginnen gelernt haben und warum Gleichberechtigung eine gemeinsame Verantwortung ist.\" \/>\n<meta property=\"og:url\" content=\"https:\/\/www.italtel.com\/de\/8-maerz-was-wir-durch-die-zusammenarbeit-mit-kolleginnen-lernen\/\" \/>\n<meta property=\"og:site_name\" content=\"Italtel\" \/>\n<meta property=\"article:published_time\" content=\"2026-03-08T11:21:52+00:00\" \/>\n<meta property=\"article:modified_time\" content=\"2026-03-12T13:31:23+00:00\" \/>\n<meta property=\"og:image\" content=\"https:\/\/www.italtel.com\/wp-content\/uploads\/2026\/03\/Sequenza-01.00_00_27_17.Immagine001.webp\" \/>\n\t<meta property=\"og:image:width\" content=\"1920\" \/>\n\t<meta property=\"og:image:height\" content=\"1080\" \/>\n\t<meta property=\"og:image:type\" content=\"image\/webp\" \/>\n<meta name=\"author\" content=\"Daniela Fontana\" \/>\n<meta name=\"twitter:card\" content=\"summary_large_image\" \/>\n<meta name=\"twitter:creator\" content=\"@Italtel\" \/>\n<meta name=\"twitter:site\" content=\"@Italtel\" \/>\n<meta name=\"twitter:label1\" content=\"Verfasst von\" \/>\n\t<meta name=\"twitter:data1\" content=\"Daniela Fontana\" \/>\n\t<meta name=\"twitter:label2\" content=\"Gesch\u00e4tzte Lesezeit\" \/>\n\t<meta name=\"twitter:data2\" content=\"2\u00a0Minuten\" \/>\n<script type=\"application\/ld+json\" class=\"yoast-schema-graph\">{\"@context\":\"https:\\\/\\\/schema.org\",\"@graph\":[{\"@type\":\"Article\",\"@id\":\"https:\\\/\\\/www.italtel.com\\\/de\\\/8-maerz-was-wir-durch-die-zusammenarbeit-mit-kolleginnen-lernen\\\/#article\",\"isPartOf\":{\"@id\":\"https:\\\/\\\/www.italtel.com\\\/de\\\/8-maerz-was-wir-durch-die-zusammenarbeit-mit-kolleginnen-lernen\\\/\"},\"author\":{\"name\":\"Daniela Fontana\",\"@id\":\"https:\\\/\\\/www.italtel.com\\\/de\\\/#\\\/schema\\\/person\\\/38f315d5a978255f0cf320055bad5afe\"},\"headline\":\"8. M\u00e4rz: Was wir durch die Zusammenarbeit mit Kolleginnen lernen\",\"datePublished\":\"2026-03-08T11:21:52+00:00\",\"dateModified\":\"2026-03-12T13:31:23+00:00\",\"mainEntityOfPage\":{\"@id\":\"https:\\\/\\\/www.italtel.com\\\/de\\\/8-maerz-was-wir-durch-die-zusammenarbeit-mit-kolleginnen-lernen\\\/\"},\"wordCount\":343,\"publisher\":{\"@id\":\"https:\\\/\\\/www.italtel.com\\\/de\\\/#organization\"},\"image\":{\"@id\":\"https:\\\/\\\/www.italtel.com\\\/de\\\/8-maerz-was-wir-durch-die-zusammenarbeit-mit-kolleginnen-lernen\\\/#primaryimage\"},\"thumbnailUrl\":\"https:\\\/\\\/www.italtel.com\\\/wp-content\\\/uploads\\\/2026\\\/03\\\/Sequenza-01.00_00_27_17.Immagine001.webp\",\"keywords\":[\"Company\",\"Sustainability\"],\"articleSection\":[\"News\"],\"inLanguage\":\"de\"},{\"@type\":\"WebPage\",\"@id\":\"https:\\\/\\\/www.italtel.com\\\/de\\\/8-maerz-was-wir-durch-die-zusammenarbeit-mit-kolleginnen-lernen\\\/\",\"url\":\"https:\\\/\\\/www.italtel.com\\\/de\\\/8-maerz-was-wir-durch-die-zusammenarbeit-mit-kolleginnen-lernen\\\/\",\"name\":\"8. M\u00e4rz: Was wir durch die Zusammenarbeit mit Kolleginnen lernen - Italtel\",\"isPartOf\":{\"@id\":\"https:\\\/\\\/www.italtel.com\\\/de\\\/#website\"},\"primaryImageOfPage\":{\"@id\":\"https:\\\/\\\/www.italtel.com\\\/de\\\/8-maerz-was-wir-durch-die-zusammenarbeit-mit-kolleginnen-lernen\\\/#primaryimage\"},\"image\":{\"@id\":\"https:\\\/\\\/www.italtel.com\\\/de\\\/8-maerz-was-wir-durch-die-zusammenarbeit-mit-kolleginnen-lernen\\\/#primaryimage\"},\"thumbnailUrl\":\"https:\\\/\\\/www.italtel.com\\\/wp-content\\\/uploads\\\/2026\\\/03\\\/Sequenza-01.00_00_27_17.Immagine001.webp\",\"datePublished\":\"2026-03-08T11:21:52+00:00\",\"dateModified\":\"2026-03-12T13:31:23+00:00\",\"description\":\"Zum Internationalen Frauentag berichten Mitarbeitende, was sie durch die Zusammenarbeit mit Kolleginnen gelernt haben und warum Gleichberechtigung eine gemeinsame Verantwortung ist.\",\"breadcrumb\":{\"@id\":\"https:\\\/\\\/www.italtel.com\\\/de\\\/8-maerz-was-wir-durch-die-zusammenarbeit-mit-kolleginnen-lernen\\\/#breadcrumb\"},\"inLanguage\":\"de\",\"potentialAction\":[{\"@type\":\"ReadAction\",\"target\":[\"https:\\\/\\\/www.italtel.com\\\/de\\\/8-maerz-was-wir-durch-die-zusammenarbeit-mit-kolleginnen-lernen\\\/\"]}]},{\"@type\":\"ImageObject\",\"inLanguage\":\"de\",\"@id\":\"https:\\\/\\\/www.italtel.com\\\/de\\\/8-maerz-was-wir-durch-die-zusammenarbeit-mit-kolleginnen-lernen\\\/#primaryimage\",\"url\":\"https:\\\/\\\/www.italtel.com\\\/wp-content\\\/uploads\\\/2026\\\/03\\\/Sequenza-01.00_00_27_17.Immagine001.webp\",\"contentUrl\":\"https:\\\/\\\/www.italtel.com\\\/wp-content\\\/uploads\\\/2026\\\/03\\\/Sequenza-01.00_00_27_17.Immagine001.webp\",\"width\":1920,\"height\":1080,\"caption\":\"Text on a dark background with colorful edges reads: \\\"2026. This year, we asked the men of Italtel what they have learned from working with women colleagues.\"},{\"@type\":\"BreadcrumbList\",\"@id\":\"https:\\\/\\\/www.italtel.com\\\/de\\\/8-maerz-was-wir-durch-die-zusammenarbeit-mit-kolleginnen-lernen\\\/#breadcrumb\",\"itemListElement\":[{\"@type\":\"ListItem\",\"position\":1,\"name\":\"Home\",\"item\":\"https:\\\/\\\/www.italtel.com\\\/de\\\/\"},{\"@type\":\"ListItem\",\"position\":2,\"name\":\"8. M\u00e4rz: Was wir durch die Zusammenarbeit mit Kolleginnen lernen\"}]},{\"@type\":\"WebSite\",\"@id\":\"https:\\\/\\\/www.italtel.com\\\/de\\\/#website\",\"url\":\"https:\\\/\\\/www.italtel.com\\\/de\\\/\",\"name\":\"Italtel\",\"description\":\"Italtel Group&#039;s company website\",\"publisher\":{\"@id\":\"https:\\\/\\\/www.italtel.com\\\/de\\\/#organization\"},\"potentialAction\":[{\"@type\":\"SearchAction\",\"target\":{\"@type\":\"EntryPoint\",\"urlTemplate\":\"https:\\\/\\\/www.italtel.com\\\/de\\\/?s={search_term_string}\"},\"query-input\":{\"@type\":\"PropertyValueSpecification\",\"valueRequired\":true,\"valueName\":\"search_term_string\"}}],\"inLanguage\":\"de\"},{\"@type\":\"Organization\",\"@id\":\"https:\\\/\\\/www.italtel.com\\\/de\\\/#organization\",\"name\":\"Italtel S.p.A.\",\"url\":\"https:\\\/\\\/www.italtel.com\\\/de\\\/\",\"logo\":{\"@type\":\"ImageObject\",\"inLanguage\":\"de\",\"@id\":\"https:\\\/\\\/www.italtel.com\\\/de\\\/#\\\/schema\\\/logo\\\/image\\\/\",\"url\":\"https:\\\/\\\/www.italtel.com\\\/wp-content\\\/uploads\\\/2024\\\/11\\\/Italtel_logo.png\",\"contentUrl\":\"https:\\\/\\\/www.italtel.com\\\/wp-content\\\/uploads\\\/2024\\\/11\\\/Italtel_logo.png\",\"width\":591,\"height\":139,\"caption\":\"Italtel S.p.A.\"},\"image\":{\"@id\":\"https:\\\/\\\/www.italtel.com\\\/de\\\/#\\\/schema\\\/logo\\\/image\\\/\"},\"sameAs\":[\"https:\\\/\\\/x.com\\\/Italtel\",\"https:\\\/\\\/www.linkedin.com\\\/company\\\/italtel\\\/\",\"https:\\\/\\\/www.instagram.com\\\/italtel_hq\\\/\"]},{\"@type\":\"Person\",\"@id\":\"https:\\\/\\\/www.italtel.com\\\/de\\\/#\\\/schema\\\/person\\\/38f315d5a978255f0cf320055bad5afe\",\"name\":\"Daniela Fontana\",\"image\":{\"@type\":\"ImageObject\",\"inLanguage\":\"de\",\"@id\":\"https:\\\/\\\/secure.gravatar.com\\\/avatar\\\/834a03b0c73144a8ca36e17dc365b3fbadb34c9e44399b609a00f2231e694f6a?s=96&d=mm&r=g\",\"url\":\"https:\\\/\\\/secure.gravatar.com\\\/avatar\\\/834a03b0c73144a8ca36e17dc365b3fbadb34c9e44399b609a00f2231e694f6a?s=96&d=mm&r=g\",\"contentUrl\":\"https:\\\/\\\/secure.gravatar.com\\\/avatar\\\/834a03b0c73144a8ca36e17dc365b3fbadb34c9e44399b609a00f2231e694f6a?s=96&d=mm&r=g\",\"caption\":\"Daniela Fontana\"}}]}<\/script>\n<!-- \/ Yoast SEO plugin. -->","yoast_head_json":{"title":"8. M\u00e4rz: Was wir durch die Zusammenarbeit mit Kolleginnen lernen - Italtel","description":"Zum Internationalen Frauentag berichten Mitarbeitende, was sie durch die Zusammenarbeit mit Kolleginnen gelernt haben und warum Gleichberechtigung eine gemeinsame Verantwortung ist.","robots":{"index":"index","follow":"follow","max-snippet":"max-snippet:-1","max-image-preview":"max-image-preview:large","max-video-preview":"max-video-preview:-1"},"canonical":"https:\/\/www.italtel.com\/de\/8-maerz-was-wir-durch-die-zusammenarbeit-mit-kolleginnen-lernen\/","og_locale":"de_DE","og_type":"article","og_title":"8. M\u00e4rz: Was wir durch die Zusammenarbeit mit Kolleginnen lernen - Italtel","og_description":"Zum Internationalen Frauentag berichten Mitarbeitende, was sie durch die Zusammenarbeit mit Kolleginnen gelernt haben und warum Gleichberechtigung eine gemeinsame Verantwortung ist.","og_url":"https:\/\/www.italtel.com\/de\/8-maerz-was-wir-durch-die-zusammenarbeit-mit-kolleginnen-lernen\/","og_site_name":"Italtel","article_published_time":"2026-03-08T11:21:52+00:00","article_modified_time":"2026-03-12T13:31:23+00:00","og_image":[{"width":1920,"height":1080,"url":"https:\/\/www.italtel.com\/wp-content\/uploads\/2026\/03\/Sequenza-01.00_00_27_17.Immagine001.webp","type":"image\/webp"}],"author":"Daniela Fontana","twitter_card":"summary_large_image","twitter_creator":"@Italtel","twitter_site":"@Italtel","twitter_misc":{"Verfasst von":"Daniela Fontana","Gesch\u00e4tzte Lesezeit":"2\u00a0Minuten"},"schema":{"@context":"https:\/\/schema.org","@graph":[{"@type":"Article","@id":"https:\/\/www.italtel.com\/de\/8-maerz-was-wir-durch-die-zusammenarbeit-mit-kolleginnen-lernen\/#article","isPartOf":{"@id":"https:\/\/www.italtel.com\/de\/8-maerz-was-wir-durch-die-zusammenarbeit-mit-kolleginnen-lernen\/"},"author":{"name":"Daniela Fontana","@id":"https:\/\/www.italtel.com\/de\/#\/schema\/person\/38f315d5a978255f0cf320055bad5afe"},"headline":"8. M\u00e4rz: Was wir durch die Zusammenarbeit mit Kolleginnen lernen","datePublished":"2026-03-08T11:21:52+00:00","dateModified":"2026-03-12T13:31:23+00:00","mainEntityOfPage":{"@id":"https:\/\/www.italtel.com\/de\/8-maerz-was-wir-durch-die-zusammenarbeit-mit-kolleginnen-lernen\/"},"wordCount":343,"publisher":{"@id":"https:\/\/www.italtel.com\/de\/#organization"},"image":{"@id":"https:\/\/www.italtel.com\/de\/8-maerz-was-wir-durch-die-zusammenarbeit-mit-kolleginnen-lernen\/#primaryimage"},"thumbnailUrl":"https:\/\/www.italtel.com\/wp-content\/uploads\/2026\/03\/Sequenza-01.00_00_27_17.Immagine001.webp","keywords":["Company","Sustainability"],"articleSection":["News"],"inLanguage":"de"},{"@type":"WebPage","@id":"https:\/\/www.italtel.com\/de\/8-maerz-was-wir-durch-die-zusammenarbeit-mit-kolleginnen-lernen\/","url":"https:\/\/www.italtel.com\/de\/8-maerz-was-wir-durch-die-zusammenarbeit-mit-kolleginnen-lernen\/","name":"8. M\u00e4rz: Was wir durch die Zusammenarbeit mit Kolleginnen lernen - Italtel","isPartOf":{"@id":"https:\/\/www.italtel.com\/de\/#website"},"primaryImageOfPage":{"@id":"https:\/\/www.italtel.com\/de\/8-maerz-was-wir-durch-die-zusammenarbeit-mit-kolleginnen-lernen\/#primaryimage"},"image":{"@id":"https:\/\/www.italtel.com\/de\/8-maerz-was-wir-durch-die-zusammenarbeit-mit-kolleginnen-lernen\/#primaryimage"},"thumbnailUrl":"https:\/\/www.italtel.com\/wp-content\/uploads\/2026\/03\/Sequenza-01.00_00_27_17.Immagine001.webp","datePublished":"2026-03-08T11:21:52+00:00","dateModified":"2026-03-12T13:31:23+00:00","description":"Zum Internationalen Frauentag berichten Mitarbeitende, was sie durch die Zusammenarbeit mit Kolleginnen gelernt haben und warum Gleichberechtigung eine gemeinsame Verantwortung ist.","breadcrumb":{"@id":"https:\/\/www.italtel.com\/de\/8-maerz-was-wir-durch-die-zusammenarbeit-mit-kolleginnen-lernen\/#breadcrumb"},"inLanguage":"de","potentialAction":[{"@type":"ReadAction","target":["https:\/\/www.italtel.com\/de\/8-maerz-was-wir-durch-die-zusammenarbeit-mit-kolleginnen-lernen\/"]}]},{"@type":"ImageObject","inLanguage":"de","@id":"https:\/\/www.italtel.com\/de\/8-maerz-was-wir-durch-die-zusammenarbeit-mit-kolleginnen-lernen\/#primaryimage","url":"https:\/\/www.italtel.com\/wp-content\/uploads\/2026\/03\/Sequenza-01.00_00_27_17.Immagine001.webp","contentUrl":"https:\/\/www.italtel.com\/wp-content\/uploads\/2026\/03\/Sequenza-01.00_00_27_17.Immagine001.webp","width":1920,"height":1080,"caption":"Text on a dark background with colorful edges reads: \"2026. This year, we asked the men of Italtel what they have learned from working with women colleagues."},{"@type":"BreadcrumbList","@id":"https:\/\/www.italtel.com\/de\/8-maerz-was-wir-durch-die-zusammenarbeit-mit-kolleginnen-lernen\/#breadcrumb","itemListElement":[{"@type":"ListItem","position":1,"name":"Home","item":"https:\/\/www.italtel.com\/de\/"},{"@type":"ListItem","position":2,"name":"8. M\u00e4rz: Was wir durch die Zusammenarbeit mit Kolleginnen lernen"}]},{"@type":"WebSite","@id":"https:\/\/www.italtel.com\/de\/#website","url":"https:\/\/www.italtel.com\/de\/","name":"Italtel","description":"Italtel Group&#039;s company website","publisher":{"@id":"https:\/\/www.italtel.com\/de\/#organization"},"potentialAction":[{"@type":"SearchAction","target":{"@type":"EntryPoint","urlTemplate":"https:\/\/www.italtel.com\/de\/?s={search_term_string}"},"query-input":{"@type":"PropertyValueSpecification","valueRequired":true,"valueName":"search_term_string"}}],"inLanguage":"de"},{"@type":"Organization","@id":"https:\/\/www.italtel.com\/de\/#organization","name":"Italtel S.p.A.","url":"https:\/\/www.italtel.com\/de\/","logo":{"@type":"ImageObject","inLanguage":"de","@id":"https:\/\/www.italtel.com\/de\/#\/schema\/logo\/image\/","url":"https:\/\/www.italtel.com\/wp-content\/uploads\/2024\/11\/Italtel_logo.png","contentUrl":"https:\/\/www.italtel.com\/wp-content\/uploads\/2024\/11\/Italtel_logo.png","width":591,"height":139,"caption":"Italtel S.p.A."},"image":{"@id":"https:\/\/www.italtel.com\/de\/#\/schema\/logo\/image\/"},"sameAs":["https:\/\/x.com\/Italtel","https:\/\/www.linkedin.com\/company\/italtel\/","https:\/\/www.instagram.com\/italtel_hq\/"]},{"@type":"Person","@id":"https:\/\/www.italtel.com\/de\/#\/schema\/person\/38f315d5a978255f0cf320055bad5afe","name":"Daniela Fontana","image":{"@type":"ImageObject","inLanguage":"de","@id":"https:\/\/secure.gravatar.com\/avatar\/834a03b0c73144a8ca36e17dc365b3fbadb34c9e44399b609a00f2231e694f6a?s=96&d=mm&r=g","url":"https:\/\/secure.gravatar.com\/avatar\/834a03b0c73144a8ca36e17dc365b3fbadb34c9e44399b609a00f2231e694f6a?s=96&d=mm&r=g","contentUrl":"https:\/\/secure.gravatar.com\/avatar\/834a03b0c73144a8ca36e17dc365b3fbadb34c9e44399b609a00f2231e694f6a?s=96&d=mm&r=g","caption":"Daniela Fontana"}}]}},"_links":{"self":[{"href":"https:\/\/www.italtel.com\/de\/wp-json\/wp\/v2\/posts\/81227","targetHints":{"allow":["GET"]}}],"collection":[{"href":"https:\/\/www.italtel.com\/de\/wp-json\/wp\/v2\/posts"}],"about":[{"href":"https:\/\/www.italtel.com\/de\/wp-json\/wp\/v2\/types\/post"}],"author":[{"embeddable":true,"href":"https:\/\/www.italtel.com\/de\/wp-json\/wp\/v2\/users\/6"}],"replies":[{"embeddable":true,"href":"https:\/\/www.italtel.com\/de\/wp-json\/wp\/v2\/comments?post=81227"}],"version-history":[{"count":2,"href":"https:\/\/www.italtel.com\/de\/wp-json\/wp\/v2\/posts\/81227\/revisions"}],"predecessor-version":[{"id":81229,"href":"https:\/\/www.italtel.com\/de\/wp-json\/wp\/v2\/posts\/81227\/revisions\/81229"}],"wp:featuredmedia":[{"embeddable":true,"href":"https:\/\/www.italtel.com\/de\/wp-json\/wp\/v2\/media\/81066"}],"wp:attachment":[{"href":"https:\/\/www.italtel.com\/de\/wp-json\/wp\/v2\/media?parent=81227"}],"wp:term":[{"taxonomy":"category","embeddable":true,"href":"https:\/\/www.italtel.com\/de\/wp-json\/wp\/v2\/categories?post=81227"},{"taxonomy":"post_tag","embeddable":true,"href":"https:\/\/www.italtel.com\/de\/wp-json\/wp\/v2\/tags?post=81227"}],"curies":[{"name":"wp","href":"https:\/\/api.w.org\/{rel}","templated":true}]}}