{"id":82420,"date":"2026-04-28T11:41:29","date_gmt":"2026-04-28T09:41:29","guid":{"rendered":"https:\/\/www.italtel.com\/italtel-approves-its-2025-financial-statements\/"},"modified":"2026-04-28T16:57:58","modified_gmt":"2026-04-28T14:57:58","slug":"italtel-verabschiedet-seinen-jahresabschluss-2025","status":"publish","type":"post","link":"https:\/\/www.italtel.com\/de\/italtel-verabschiedet-seinen-jahresabschluss-2025\/","title":{"rendered":"Italtel verabschiedet seinen Jahresabschluss 2025"},"content":{"rendered":"\n<div class=\"row\"  id=\"row-1979366607\">\n\n\n\t<div id=\"col-575773665\" class=\"col medium-9 small-12 large-9\"  >\n\t\t\t\t<div class=\"col-inner\"  >\n\t\t\t\n\t\t\t\n\n\t<div id=\"gap-184476481\" class=\"gap-element clearfix\" style=\"display:block; height:auto;\">\n\t\t\n<style>\n#gap-184476481 {\n  padding-top: 10px;\n}\n<\/style>\n\t<\/div>\n\t\n\n\t<div id=\"text-1768054260\" class=\"text fontsize_18 color_black\">\n\t\t\n\n<h2 style=\"text-align: center;\"><strong>Umsatz von 273,3 Millionen Euro und bereinigtes EBITDA von 16,3 Millionen Euro (+56 % gegen\u00fcber dem Vorjahr)<\/strong><\/h2>\n<ul>\n<li data-section-id=\"a0hr5\" data-start=\"104\" data-end=\"228\"><strong data-start=\"106\" data-end=\"228\">Beste Performance der letzten Jahre, die die Solidit\u00e4t des im Jahr 2024 gestarteten Transformationsprozesses best\u00e4tigt<\/strong><\/li>\n<li data-section-id=\"11sa3rd\" data-start=\"229\" data-end=\"357\">In Italien wuchs das Gesch\u00e4ft im Bereich <strong data-start=\"272\" data-end=\"300\">Public &amp; Private um 22 %<\/strong>, w\u00e4hrend das <strong data-start=\"314\" data-end=\"347\">Telco-&amp;-Media-Gesch\u00e4ft um 6 %<\/strong> zulegte<\/li>\n<li data-section-id=\"2h9pzk\" data-start=\"358\" data-end=\"515\"><strong data-start=\"360\" data-end=\"412\">Starke Performance im Ausland (Europa und LATAM)<\/strong>, die <strong data-start=\"418\" data-end=\"445\" data-is-only-node=\"\">43 % des Gesamtumsatzes<\/strong> ausmacht, mit einem bedeutenden Beitrag aus Deutschland und Spanien<\/li>\n<li data-section-id=\"tapjr8\" data-start=\"516\" data-end=\"587\">Die <strong data-start=\"522\" data-end=\"585\">Beitragsmarge stieg auf rund 21 % (+1 % im Jahresvergleich)<\/strong><\/li>\n<li data-section-id=\"e1awz9\" data-start=\"588\" data-end=\"734\" data-is-last-node=\"\">Best\u00e4tigte Positionierung in den Bereichen <strong data-start=\"633\" data-end=\"734\" data-is-last-node=\"\">Hybrid Cloud, Next-Generation Networks, fortschrittliche Managed Services, Cybersicherheit und KI<\/strong><\/li>\n<\/ul>\n<p><strong>Mailand, 28. April 2026 \u2013<\/strong> Die heute unter dem Vorsitz von Teo Luzi abgehaltene Hauptversammlung von Italtel hat den Jahresabschluss f\u00fcr das am 31. Dezember 2025 endende Gesch\u00e4ftsjahr genehmigt.<\/p>\n<p>Italtel schloss das Jahr 2025 mit den besten Ergebnissen der letzten Jahre ab und best\u00e4tigt damit die St\u00e4rke des Wachstumspfads der Gruppe. Der Umsatz belief sich auf 273,3 Millionen Euro, w\u00e4hrend das bereinigte EBITDA 16,3 Millionen Euro erreichte. Dies unterstreicht die Wirksamkeit des Wachstumsplans, die Verbesserung der Profitabilit\u00e4t sowie die F\u00e4higkeit des Unternehmens, seine Wettbewerbsposition weiter zu st\u00e4rken.<\/p>\n<p>Die Entwicklung der Gruppe wurde vor allem in Italien getragen, wo das Segment Public &amp; Private einen Umsatz von 86 Millionen Euro erzielte, was einem Anstieg von 22 % gegen\u00fcber dem Vorjahr entspricht, w\u00e4hrend das Telco-&amp;-Media-Segment einen Umsatz von 71 Millionen Euro verzeichnete, ein Plus von 6 %. Im Jahresverlauf erweiterte Italtel zudem seine Kundenbasis, gewann neue Vertr\u00e4ge in Schl\u00fcsselsektoren wie Transport, Banken und Medien und st\u00e4rkte Partnerschaften mit f\u00fchrenden Telekommunikationsanbietern durch hochwertige L\u00f6sungen auf Basis propriet\u00e4rer Produkte und ausgepr\u00e4gter Systemintegrationskompetenz.<\/p>\n<p>Auf internationalen M\u00e4rkten innerhalb der EMEA-Region verzeichnete Deutschland weiterhin eine solide Entwicklung (+13 % Umsatzwachstum im Jahresvergleich und +1 % Beitragsmarge). In Spanien f\u00fchrte der Fokus des Managements auf Projekte mit h\u00f6herer Wertsch\u00f6pfung sowie Ma\u00dfnahmen zur Reduzierung der Betriebskosten zu einem Anstieg der Beitragsmarge um 3,5 % im Jahresvergleich.<\/p>\n<p>In der LATAM-Region erzielte Brasilien ein Umsatzwachstum von +21 % gegen\u00fcber 2024 trotz eines ung\u00fcnstigen Wechselkursumfelds und setzte seine Strategie fort, das Kundenportfolio in den Bereichen Industrie, Versorgungsunternehmen, Banken und Telekommunikation auszubauen. In Peru f\u00fchrten politische Instabilit\u00e4t im Jahr 2025 zu einer Verringerung der Gesch\u00e4ftsm\u00f6glichkeiten mit \u00f6ffentlichen Verwaltungen und beeintr\u00e4chtigten die Ums\u00e4tze; dennoch konnte das Unternehmen die Profitabilit\u00e4t verbessern.<\/p>\n<p>Im Jahr 2025 startete Italtel zudem ein Programm zur Generationserneuerung, um neue Kompetenzen in den fortschrittlichsten Technologiebereichen aufzubauen und den Fokus auf strategische Themen weiter zu st\u00e4rken, die die digitale Transformation von Betreibern, Unternehmen und \u00f6ffentlichen Verwaltungen unterst\u00fctzen.<\/p>\n<p>Aufbauend auf Expertise und F&amp;E-Aktivit\u00e4ten in Italien leistet Italtel einen wichtigen Beitrag zur digitalen Souver\u00e4nit\u00e4t durch die Entwicklung und Umsetzung souver\u00e4ner Technologiel\u00f6sungen \u2013 von Kollaborationsplattformen \u00fcber Next-Generation-Private-Networks bis hin zu KI am Netzwerkrand und Open-Source-Softwarel\u00f6sungen, die in zertifizierte Cloud-Infrastrukturen integriert sind.<\/p>\n<p>Im Bereich Cybersicherheit st\u00e4rkte Italtel seine Position durch fortschrittliche Dienstleistungen seines Digital Operation Centers, dem gro\u00dfe Unternehmen und Betreiber den Schutz vor Cyberbedrohungen sowie das Management ihrer Infrastrukturen anvertrauen. Die Advanced Managed Services werden von einem Team von rund 200 Spezialisten erbracht, die in drei Zentren in Italien, Spanien und Brasilien t\u00e4tig sind. Eine globale 24\/7-Abdeckung gew\u00e4hrleistet die schnelle Verbreitung bew\u00e4hrter Verfahren zur Bek\u00e4mpfung der wachsenden Cyberbedrohungslage.<\/p>\n<p>Im Bereich KI hat Italtel Projekte zur Unterst\u00fctzung interner Prozesse sowie f\u00fcr Kunden in Bereichen wie Netzwerkautomatisierung, Bilderkennung, Predictive Engines und Advanced Analytics entwickelt, mit dem Ziel, seine Rolle an der Seite der Kunden bei der Weiterentwicklung kritischer Infrastrukturen zu st\u00e4rken. Dar\u00fcber hinaus hat Italtel Initiativen gestartet, um KI-Komponenten in seine propriet\u00e4ren Produkte zu integrieren \u2013 eines der zentralen Wettbewerbsdifferenzierungsmerkmale des Unternehmens.<\/p>\n<p>Im Jahr 2025 setzte das Unternehmen zudem sein Engagement f\u00fcr Nachhaltigkeit fort, verbesserte seine Umweltbilanz und f\u00fchrte konkrete Initiativen zur F\u00f6rderung der Gleichstellung der Geschlechter weiter<\/p>\n\t\t\t<\/div>\n\t\n\t<div id=\"gap-1716411191\" class=\"gap-element clearfix\" style=\"display:block; height:auto;\">\n\t\t\n<style>\n#gap-1716411191 {\n  padding-top: 30px;\n}\n<\/style>\n\t<\/div>\n\t\n\n<div class=\"row row-collapse\"  id=\"row-1772315054\">\n\n\n\t<div id=\"col-1537446161\" class=\"col medium-2 small-12 large-2\"  >\n\t\t\t\t<div class=\"col-inner\"  >\n\t\t\t\n\t\t\t\n\n\t<div class=\"img has-hover x md-x lg-x y md-y lg-y\" id=\"image_1422741736\">\n\t\t\t\t\t\t\t\t<div class=\"img-inner dark\" >\n\t\t\t<img loading=\"lazy\" decoding=\"async\" width=\"265\" height=\"265\" src=\"https:\/\/www.italtel.com\/wp-content\/uploads\/2026\/04\/filangieri.webp\" class=\"attachment-original size-original\" alt=\"Carlo Filangieri, CEO di Italtel\" srcset=\"https:\/\/www.italtel.com\/wp-content\/uploads\/2026\/04\/filangieri.webp 265w, https:\/\/www.italtel.com\/wp-content\/uploads\/2026\/04\/filangieri-150x150.webp 150w\" sizes=\"auto, (max-width: 265px) 100vw, 265px\" \/>\t\t\t\t\t\t\n\t\t\t\t\t<\/div>\n\t\t\t\t\t\t\t\t\n<style>\n#image_1422741736 {\n  width: 100%;\n}\n<\/style>\n\t<\/div>\n\t\n\n\n\t\t<\/div>\n\t\t\t\t\t<\/div>\n\n\t\n\n\t<div id=\"col-1234735000\" class=\"col medium-10 small-12 large-10\"  >\n\t\t\t\t<div class=\"col-inner\"  >\n\t\t\t\n\t\t\t\n\n\t<div id=\"text-80547360\" class=\"text fontsize_200\">\n\t\t\n\n<p style=\"color: #04c5fe;\">\u201c<\/p>\n\t\t\t<\/div>\n\t\n\t<div id=\"text-349784438\" class=\"text fontsize_18 color_black\">\n\t\t\n\n<p>\u201eDie Ergebnisse des Jahres 2025 best\u00e4tigen die Solidit\u00e4t des eingeschlagenen Weges sowie Italtels F\u00e4higkeit, in einem komplexen Marktumfeld Wert zu schaffen. Neben dem wirtschaftlichen Wachstum haben wir unsere Rolle als Partner in einigen der Priorit\u00e4ten gest\u00e4rkt, die heute f\u00fcr Unternehmen und \u00f6ffentliche Verwaltungen zentral sind: von der digitalen Souver\u00e4nit\u00e4t bis zur Cybersicherheit, von der Entwicklung von Rechenzentren bis zur Reduzierung des Energieverbrauchs durch innovative L\u00f6sungen, bis hin zur Weiterentwicklung hin zu zunehmend intelligenten und autonomen Netzwerken. Wir werden weiterhin in Kompetenzen, Innovation und die Qualit\u00e4t unseres Angebots investieren, um unsere Kunden auf ihrem Weg der digitalen Transformation zu unterst\u00fctzen.\u201c<\/p>\n\n\t\t\t<\/div>\n\t\n\t<div id=\"text-2533810521\" class=\"text fontsize_18 color_black\">\n\t\t\n\n<p>kommentierte <strong>Carlo Filangieri, CEO von Italtel<\/strong>.<\/p>\n\t\t\n<style>\n#text-2533810521 {\n  text-align: right;\n}\n<\/style>\n\t<\/div>\n\t\n\n\t\t<\/div>\n\t\t\t\t\n<style>\n#col-1234735000 > .col-inner {\n  padding: 0px 0px 0px 4rem;\n}\n<\/style>\n\t<\/div>\n\n\t\n\n<\/div>\n<div class=\"row row-collapse\"  id=\"row-1582417606\">\n\n\n\t<div id=\"col-223649513\" class=\"col medium-2 small-12 large-2\"  >\n\t\t\t\t<div class=\"col-inner\"  >\n\t\t\t\n\t\t\t\n\n\t<div class=\"img has-hover x md-x lg-x y md-y lg-y\" id=\"image_2006577226\">\n\t\t\t\t\t\t\t\t<div class=\"img-inner dark\" >\n\t\t\t<img loading=\"lazy\" decoding=\"async\" width=\"1668\" height=\"1668\" src=\"https:\/\/www.italtel.com\/wp-content\/uploads\/2025\/04\/Teo-luzi@2x.webp\" class=\"attachment-original size-original\" alt=\"\" srcset=\"https:\/\/www.italtel.com\/wp-content\/uploads\/2025\/04\/Teo-luzi@2x.webp 1668w, https:\/\/www.italtel.com\/wp-content\/uploads\/2025\/04\/Teo-luzi@2x-300x300.webp 300w, https:\/\/www.italtel.com\/wp-content\/uploads\/2025\/04\/Teo-luzi@2x-1024x1024.webp 1024w, https:\/\/www.italtel.com\/wp-content\/uploads\/2025\/04\/Teo-luzi@2x-150x150.webp 150w, https:\/\/www.italtel.com\/wp-content\/uploads\/2025\/04\/Teo-luzi@2x-768x768.webp 768w, https:\/\/www.italtel.com\/wp-content\/uploads\/2025\/04\/Teo-luzi@2x-1536x1536.webp 1536w\" sizes=\"auto, (max-width: 1668px) 100vw, 1668px\" \/>\t\t\t\t\t\t\n\t\t\t\t\t<\/div>\n\t\t\t\t\t\t\t\t\n<style>\n#image_2006577226 {\n  width: 100%;\n}\n<\/style>\n\t<\/div>\n\t\n\n\n\t\t<\/div>\n\t\t\t\t\t<\/div>\n\n\t\n\n\t<div id=\"col-101096906\" class=\"col medium-10 small-12 large-10\"  >\n\t\t\t\t<div class=\"col-inner\"  >\n\t\t\t\n\t\t\t\n\n\t<div id=\"text-1366644512\" class=\"text fontsize_200\">\n\t\t\n\n<p style=\"color: #04c5fe;\">\u201c<\/p>\n\t\t\t<\/div>\n\t\n\t<div id=\"text-132238644\" class=\"text fontsize_18 color_black\">\n\t\t\n\n<p>\u201eDie strategische Vision von Italtel konzentriert sich auf technologische Innovation als Wachstumstreiber f\u00fcr das gesamte Land. Wir sind uns bewusst, dass Cybersicherheit und der Einsatz von K\u00fcnstlicher Intelligenz f\u00fcr Unternehmen und \u00f6ffentliche Verwaltungen zunehmend zentrale Themen werden. Aus diesem Grund blicken wir mit Pragmatismus in die Zukunft und setzen uns daf\u00fcr ein, eng mit unseren Kunden zusammenzuarbeiten, um ihre digitalen Infrastrukturen effizient, sicher und auf dem neuesten Stand der Technik zu gestalten.\u201c<\/p>\n\n\t\t\t<\/div>\n\t\n\t<div id=\"text-2326467878\" class=\"text fontsize_18 color_black\">\n\t\t\n\n<p>kommentierte <strong>Teo Luzi, Vorsitzender von Italtel.<\/strong><\/p>\n\n\t\t\n<style>\n#text-2326467878 {\n  text-align: right;\n}\n<\/style>\n\t<\/div>\n\t\n\n\t\t<\/div>\n\t\t\t\t\n<style>\n#col-101096906 > .col-inner {\n  padding: 0px 0px 0px 4rem;\n}\n<\/style>\n\t<\/div>\n\n\t\n\n<\/div>\n\n\t\t<\/div>\n\t\t\t\t\n<style>\n#col-575773665 > .col-inner {\n  padding: 6rem 11rem 0px 0px;\n}\n<\/style>\n\t<\/div>\n\n\t\n\n\t<div id=\"col-2136030908\" class=\"col sibebar_col medium-3 small-12 large-3\"  >\n\t\t<div class=\"is-sticky-column\"><div class=\"is-sticky-column__inner\">\t\t<div class=\"col-inner\"  >\n\t\t\t\n\t\t\t\n\n\t<div id=\"text-588254304\" class=\"text fontsize_16 color_black fontweight_500\">\n\t\t\n\n<p>KEYWORDS<\/p>\n\t\t\t<\/div>\n\t\n<div class=\"is-divider divider clearfix\" style=\"margin-top:2rem;margin-bottom:2rem;max-width:100%;height:1px;background-color:rgba(112, 112, 112, 0.302);\"><\/div>\n\n\t<div id=\"text-15714404\" class=\"text fontsize_18 color_black\">\n\t\t\n\n<p>FINANCIAL STATEMENTS 2025<\/p>\n\t\t\t<\/div>\n\t\n<div class=\"is-divider divider clearfix\" style=\"margin-top:2rem;margin-bottom:2rem;max-width:100%;height:1px;background-color:rgba(112, 112, 112, 0.302);\"><\/div>\n\n\t<div id=\"text-210053265\" class=\"text fontsize_18 color_black\">\n\t\t\n\n<p>GROWTH PATH<\/p>\n\t\t\t<\/div>\n\t\n<div class=\"is-divider divider clearfix\" style=\"margin-top:2rem;margin-bottom:2rem;max-width:100%;height:1px;background-color:rgba(112, 112, 112, 0.302);\"><\/div>\n\n\t<div id=\"text-2133399578\" class=\"text fontsize_18 color_black\">\n\t\t\n\n<p>COMPANY SOLIDITY<\/p>\n\t\t\t<\/div>\n\t\n<div class=\"is-divider divider clearfix\" style=\"margin-top:2rem;margin-bottom:2rem;max-width:100%;height:1px;background-color:rgba(112, 112, 112, 0.302);\"><\/div>\n\n\t<div id=\"text-3309484369\" class=\"text fontsize_18 color_black\">\n\t\t\n\n<p>EXPANDED CUSTOMER BASE<\/p>\n\t\t\t<\/div>\n\t\n<div class=\"is-divider divider clearfix\" style=\"margin-top:2rem;margin-bottom:2rem;max-width:100%;height:1px;background-color:rgba(112, 112, 112, 0.302);\"><\/div>\n\n\t<div id=\"gap-974753097\" class=\"gap-element clearfix\" style=\"display:block; height:auto;\">\n\t\t\n<style>\n#gap-974753097 {\n  padding-top: 13rem;\n}\n<\/style>\n\t<\/div>\n\t\n\n\t<div id=\"text-2890248016\" class=\"text fontsize_16 color_black fontweight_500\">\n\t\t\n\n<p>DOCUMENTS<\/p>\n\t\t\t<\/div>\n\t\n<div class=\"is-divider divider clearfix\" style=\"margin-top:2rem;margin-bottom:2rem;max-width:100%;height:1px;background-color:rgba(112, 112, 112, 0.302);\"><\/div>\n\n\t<div id=\"text-206634225\" class=\"text fontsize_18 color_black\">\n\t\t\n\n<p><a href=\"https:\/\/www.italtel.com\/wp-content\/uploads\/2026\/04\/PR-Italtel-Annual-Report-2025.pdf\" target=\"_blank\" rel=\"noopener\">PRESS RELEASE (IN ENGLISH)<\/a><\/p>\n\n\t\t\t<\/div>\n\t\n<div class=\"is-divider divider clearfix\" style=\"margin-top:2rem;margin-bottom:2rem;max-width:100%;height:1px;background-color:rgba(112, 112, 112, 0.302);\"><\/div>\n\n\t<div id=\"gap-1264157428\" class=\"gap-element clearfix\" style=\"display:block; height:auto;\">\n\t\t\n<style>\n#gap-1264157428 {\n  padding-top: 13rem;\n}\n<\/style>\n\t<\/div>\n\t\n\n\t<div id=\"text-1271658757\" class=\"text fontsize_16 color_black fontweight_500\">\n\t\t\n\nSHARE THE PAGE\n\t\t\t<\/div>\n\t\n<div class=\"is-divider divider clearfix\" style=\"margin-top:2rem;margin-bottom:2rem;max-width:100%;height:1px;background-color:rgba(112, 112, 112, 0.302);\"><\/div>\n\n\t<div class=\"img has-hover socialshare_icon linkedin x md-x lg-x y md-y lg-y\" id=\"image_319046236\">\n\t\t\t\t\t\t\t\t<div class=\"img-inner dark\" >\n\t\t\t<img loading=\"lazy\" decoding=\"async\" width=\"1\" height=\"1\" src=\"https:\/\/www.italtel.com\/wp-content\/uploads\/2024\/09\/Linkedin-icon.svg\" class=\"attachment-large size-large\" alt=\"Linkedin-icon\" \/>\t\t\t\t\t\t\n\t\t\t\t\t<\/div>\n\t\t\t\t\t\t\t\t\n<style>\n#image_319046236 {\n  width: 100%;\n}\n<\/style>\n\t<\/div>\n\t\n\n\t<div class=\"img has-hover socialshare_icon instagram x md-x lg-x y md-y lg-y\" id=\"image_1816664268\">\n\t\t\t\t\t\t\t\t<div class=\"img-inner dark\" >\n\t\t\t<img loading=\"lazy\" decoding=\"async\" width=\"27\" height=\"27\" src=\"https:\/\/www.italtel.com\/wp-content\/uploads\/2024\/07\/Raggruppa-12942.png\" class=\"attachment-large size-large\" alt=\"Instagram icon\" \/>\t\t\t\t\t\t\n\t\t\t\t\t<\/div>\n\t\t\t\t\t\t\t\t\n<style>\n#image_1816664268 {\n  width: 100%;\n}\n<\/style>\n\t<\/div>\n\t\n\n\t<div class=\"img has-hover socialshare_icon ex x md-x lg-x y md-y lg-y\" id=\"image_2103607259\">\n\t\t\t\t\t\t\t\t<div class=\"img-inner dark\" >\n\t\t\t<img loading=\"lazy\" decoding=\"async\" width=\"1\" height=\"1\" src=\"https:\/\/www.italtel.com\/wp-content\/uploads\/2024\/09\/X-icon.svg\" class=\"attachment-large size-large\" alt=\"X-icon\" \/>\t\t\t\t\t\t\n\t\t\t\t\t<\/div>\n\t\t\t\t\t\t\t\t\n<style>\n#image_2103607259 {\n  width: 100%;\n}\n<\/style>\n\t<\/div>\n\t\n\n\n\t\t<\/div>\n\t\t<\/div><\/div>\t\t\n<style>\n#col-2136030908 > .is-sticky-column > .is-sticky-column__inner > .col-inner {\n  padding: 6rem 0px 0px 0px;\n}\n<\/style>\n\t<\/div>\n\n\t\n\n<\/div>\n\n","protected":false},"excerpt":{"rendered":"","protected":false},"author":6,"featured_media":59056,"comment_status":"closed","ping_status":"closed","sticky":false,"template":"","format":"standard","meta":{"footnotes":""},"categories":[957],"tags":[958],"class_list":["post-82420","post","type-post","status-publish","format-standard","has-post-thumbnail","hentry","category-press-release-de","tag-company-de"],"yoast_head":"<!-- This site is optimized with the Yoast SEO plugin v27.4 - https:\/\/yoast.com\/product\/yoast-seo-wordpress\/ -->\n<title>Italtel verabschiedet seinen Jahresabschluss 2025 - Italtel<\/title>\n<meta name=\"description\" content=\"Die Hauptversammlung von Italtel hat den Jahresabschluss f\u00fcr das Gesch\u00e4ftsjahr 2025 genehmigt. Italtel schloss das Jahr 2025 mit den besten Ergebnissen der letzten Jahre ab und best\u00e4tigte damit die St\u00e4rke des Wachstumskurses der Gruppe.\" \/>\n<meta name=\"robots\" content=\"index, follow, max-snippet:-1, max-image-preview:large, max-video-preview:-1\" \/>\n<link rel=\"canonical\" href=\"https:\/\/www.italtel.com\/de\/italtel-verabschiedet-seinen-jahresabschluss-2025\/\" \/>\n<meta property=\"og:locale\" content=\"de_DE\" \/>\n<meta property=\"og:type\" content=\"article\" \/>\n<meta property=\"og:title\" content=\"Italtel verabschiedet seinen Jahresabschluss 2025 - Italtel\" \/>\n<meta property=\"og:description\" content=\"Die Hauptversammlung von Italtel hat den Jahresabschluss f\u00fcr das Gesch\u00e4ftsjahr 2025 genehmigt. Italtel schloss das Jahr 2025 mit den besten Ergebnissen der letzten Jahre ab und best\u00e4tigte damit die St\u00e4rke des Wachstumskurses der Gruppe.\" \/>\n<meta property=\"og:url\" content=\"https:\/\/www.italtel.com\/de\/italtel-verabschiedet-seinen-jahresabschluss-2025\/\" \/>\n<meta property=\"og:site_name\" content=\"Italtel\" \/>\n<meta property=\"article:published_time\" content=\"2026-04-28T09:41:29+00:00\" \/>\n<meta property=\"article:modified_time\" content=\"2026-04-28T14:57:58+00:00\" \/>\n<meta property=\"og:image\" content=\"https:\/\/www.italtel.com\/wp-content\/uploads\/2024\/07\/Gruppo-di-maschere-16.jpg\" \/>\n\t<meta property=\"og:image:width\" content=\"1362\" \/>\n\t<meta property=\"og:image:height\" content=\"650\" \/>\n\t<meta property=\"og:image:type\" content=\"image\/jpeg\" \/>\n<meta name=\"author\" content=\"Daniela Fontana\" \/>\n<meta name=\"twitter:card\" content=\"summary_large_image\" \/>\n<meta name=\"twitter:creator\" content=\"@Italtel\" \/>\n<meta name=\"twitter:site\" content=\"@Italtel\" \/>\n<meta name=\"twitter:label1\" content=\"Verfasst von\" \/>\n\t<meta name=\"twitter:data1\" content=\"Daniela Fontana\" \/>\n\t<meta name=\"twitter:label2\" content=\"Gesch\u00e4tzte Lesezeit\" \/>\n\t<meta name=\"twitter:data2\" content=\"5\u00a0Minuten\" \/>\n<script type=\"application\/ld+json\" class=\"yoast-schema-graph\">{\"@context\":\"https:\\\/\\\/schema.org\",\"@graph\":[{\"@type\":\"Article\",\"@id\":\"https:\\\/\\\/www.italtel.com\\\/de\\\/italtel-verabschiedet-seinen-jahresabschluss-2025\\\/#article\",\"isPartOf\":{\"@id\":\"https:\\\/\\\/www.italtel.com\\\/de\\\/italtel-verabschiedet-seinen-jahresabschluss-2025\\\/\"},\"author\":{\"name\":\"Daniela Fontana\",\"@id\":\"https:\\\/\\\/www.italtel.com\\\/de\\\/#\\\/schema\\\/person\\\/38f315d5a978255f0cf320055bad5afe\"},\"headline\":\"Italtel verabschiedet seinen Jahresabschluss 2025\",\"datePublished\":\"2026-04-28T09:41:29+00:00\",\"dateModified\":\"2026-04-28T14:57:58+00:00\",\"mainEntityOfPage\":{\"@id\":\"https:\\\/\\\/www.italtel.com\\\/de\\\/italtel-verabschiedet-seinen-jahresabschluss-2025\\\/\"},\"wordCount\":1159,\"publisher\":{\"@id\":\"https:\\\/\\\/www.italtel.com\\\/de\\\/#organization\"},\"image\":{\"@id\":\"https:\\\/\\\/www.italtel.com\\\/de\\\/italtel-verabschiedet-seinen-jahresabschluss-2025\\\/#primaryimage\"},\"thumbnailUrl\":\"https:\\\/\\\/www.italtel.com\\\/wp-content\\\/uploads\\\/2024\\\/07\\\/Gruppo-di-maschere-16.jpg\",\"keywords\":[\"Company\"],\"articleSection\":[\"Press release\"],\"inLanguage\":\"de\"},{\"@type\":\"WebPage\",\"@id\":\"https:\\\/\\\/www.italtel.com\\\/de\\\/italtel-verabschiedet-seinen-jahresabschluss-2025\\\/\",\"url\":\"https:\\\/\\\/www.italtel.com\\\/de\\\/italtel-verabschiedet-seinen-jahresabschluss-2025\\\/\",\"name\":\"Italtel verabschiedet seinen Jahresabschluss 2025 - Italtel\",\"isPartOf\":{\"@id\":\"https:\\\/\\\/www.italtel.com\\\/de\\\/#website\"},\"primaryImageOfPage\":{\"@id\":\"https:\\\/\\\/www.italtel.com\\\/de\\\/italtel-verabschiedet-seinen-jahresabschluss-2025\\\/#primaryimage\"},\"image\":{\"@id\":\"https:\\\/\\\/www.italtel.com\\\/de\\\/italtel-verabschiedet-seinen-jahresabschluss-2025\\\/#primaryimage\"},\"thumbnailUrl\":\"https:\\\/\\\/www.italtel.com\\\/wp-content\\\/uploads\\\/2024\\\/07\\\/Gruppo-di-maschere-16.jpg\",\"datePublished\":\"2026-04-28T09:41:29+00:00\",\"dateModified\":\"2026-04-28T14:57:58+00:00\",\"description\":\"Die Hauptversammlung von Italtel hat den Jahresabschluss f\u00fcr das Gesch\u00e4ftsjahr 2025 genehmigt. Italtel schloss das Jahr 2025 mit den besten Ergebnissen der letzten Jahre ab und best\u00e4tigte damit die St\u00e4rke des Wachstumskurses der Gruppe.\",\"breadcrumb\":{\"@id\":\"https:\\\/\\\/www.italtel.com\\\/de\\\/italtel-verabschiedet-seinen-jahresabschluss-2025\\\/#breadcrumb\"},\"inLanguage\":\"de\",\"potentialAction\":[{\"@type\":\"ReadAction\",\"target\":[\"https:\\\/\\\/www.italtel.com\\\/de\\\/italtel-verabschiedet-seinen-jahresabschluss-2025\\\/\"]}]},{\"@type\":\"ImageObject\",\"inLanguage\":\"de\",\"@id\":\"https:\\\/\\\/www.italtel.com\\\/de\\\/italtel-verabschiedet-seinen-jahresabschluss-2025\\\/#primaryimage\",\"url\":\"https:\\\/\\\/www.italtel.com\\\/wp-content\\\/uploads\\\/2024\\\/07\\\/Gruppo-di-maschere-16.jpg\",\"contentUrl\":\"https:\\\/\\\/www.italtel.com\\\/wp-content\\\/uploads\\\/2024\\\/07\\\/Gruppo-di-maschere-16.jpg\",\"width\":1362,\"height\":650},{\"@type\":\"BreadcrumbList\",\"@id\":\"https:\\\/\\\/www.italtel.com\\\/de\\\/italtel-verabschiedet-seinen-jahresabschluss-2025\\\/#breadcrumb\",\"itemListElement\":[{\"@type\":\"ListItem\",\"position\":1,\"name\":\"Home\",\"item\":\"https:\\\/\\\/www.italtel.com\\\/de\\\/\"},{\"@type\":\"ListItem\",\"position\":2,\"name\":\"Italtel verabschiedet seinen Jahresabschluss 2025\"}]},{\"@type\":\"WebSite\",\"@id\":\"https:\\\/\\\/www.italtel.com\\\/de\\\/#website\",\"url\":\"https:\\\/\\\/www.italtel.com\\\/de\\\/\",\"name\":\"Italtel\",\"description\":\"Italtel Group&#039;s company website\",\"publisher\":{\"@id\":\"https:\\\/\\\/www.italtel.com\\\/de\\\/#organization\"},\"potentialAction\":[{\"@type\":\"SearchAction\",\"target\":{\"@type\":\"EntryPoint\",\"urlTemplate\":\"https:\\\/\\\/www.italtel.com\\\/de\\\/?s={search_term_string}\"},\"query-input\":{\"@type\":\"PropertyValueSpecification\",\"valueRequired\":true,\"valueName\":\"search_term_string\"}}],\"inLanguage\":\"de\"},{\"@type\":\"Organization\",\"@id\":\"https:\\\/\\\/www.italtel.com\\\/de\\\/#organization\",\"name\":\"Italtel S.p.A.\",\"url\":\"https:\\\/\\\/www.italtel.com\\\/de\\\/\",\"logo\":{\"@type\":\"ImageObject\",\"inLanguage\":\"de\",\"@id\":\"https:\\\/\\\/www.italtel.com\\\/de\\\/#\\\/schema\\\/logo\\\/image\\\/\",\"url\":\"https:\\\/\\\/www.italtel.com\\\/wp-content\\\/uploads\\\/2024\\\/11\\\/Italtel_logo.png\",\"contentUrl\":\"https:\\\/\\\/www.italtel.com\\\/wp-content\\\/uploads\\\/2024\\\/11\\\/Italtel_logo.png\",\"width\":591,\"height\":139,\"caption\":\"Italtel S.p.A.\"},\"image\":{\"@id\":\"https:\\\/\\\/www.italtel.com\\\/de\\\/#\\\/schema\\\/logo\\\/image\\\/\"},\"sameAs\":[\"https:\\\/\\\/x.com\\\/Italtel\",\"https:\\\/\\\/www.linkedin.com\\\/company\\\/italtel\\\/\",\"https:\\\/\\\/www.instagram.com\\\/italtel_hq\\\/\"]},{\"@type\":\"Person\",\"@id\":\"https:\\\/\\\/www.italtel.com\\\/de\\\/#\\\/schema\\\/person\\\/38f315d5a978255f0cf320055bad5afe\",\"name\":\"Daniela Fontana\",\"image\":{\"@type\":\"ImageObject\",\"inLanguage\":\"de\",\"@id\":\"https:\\\/\\\/secure.gravatar.com\\\/avatar\\\/834a03b0c73144a8ca36e17dc365b3fbadb34c9e44399b609a00f2231e694f6a?s=96&d=mm&r=g\",\"url\":\"https:\\\/\\\/secure.gravatar.com\\\/avatar\\\/834a03b0c73144a8ca36e17dc365b3fbadb34c9e44399b609a00f2231e694f6a?s=96&d=mm&r=g\",\"contentUrl\":\"https:\\\/\\\/secure.gravatar.com\\\/avatar\\\/834a03b0c73144a8ca36e17dc365b3fbadb34c9e44399b609a00f2231e694f6a?s=96&d=mm&r=g\",\"caption\":\"Daniela Fontana\"}}]}<\/script>\n<!-- \/ Yoast SEO plugin. -->","yoast_head_json":{"title":"Italtel verabschiedet seinen Jahresabschluss 2025 - Italtel","description":"Die Hauptversammlung von Italtel hat den Jahresabschluss f\u00fcr das Gesch\u00e4ftsjahr 2025 genehmigt. Italtel schloss das Jahr 2025 mit den besten Ergebnissen der letzten Jahre ab und best\u00e4tigte damit die St\u00e4rke des Wachstumskurses der Gruppe.","robots":{"index":"index","follow":"follow","max-snippet":"max-snippet:-1","max-image-preview":"max-image-preview:large","max-video-preview":"max-video-preview:-1"},"canonical":"https:\/\/www.italtel.com\/de\/italtel-verabschiedet-seinen-jahresabschluss-2025\/","og_locale":"de_DE","og_type":"article","og_title":"Italtel verabschiedet seinen Jahresabschluss 2025 - Italtel","og_description":"Die Hauptversammlung von Italtel hat den Jahresabschluss f\u00fcr das Gesch\u00e4ftsjahr 2025 genehmigt. Italtel schloss das Jahr 2025 mit den besten Ergebnissen der letzten Jahre ab und best\u00e4tigte damit die St\u00e4rke des Wachstumskurses der Gruppe.","og_url":"https:\/\/www.italtel.com\/de\/italtel-verabschiedet-seinen-jahresabschluss-2025\/","og_site_name":"Italtel","article_published_time":"2026-04-28T09:41:29+00:00","article_modified_time":"2026-04-28T14:57:58+00:00","og_image":[{"width":1362,"height":650,"url":"https:\/\/www.italtel.com\/wp-content\/uploads\/2024\/07\/Gruppo-di-maschere-16.jpg","type":"image\/jpeg"}],"author":"Daniela Fontana","twitter_card":"summary_large_image","twitter_creator":"@Italtel","twitter_site":"@Italtel","twitter_misc":{"Verfasst von":"Daniela Fontana","Gesch\u00e4tzte Lesezeit":"5\u00a0Minuten"},"schema":{"@context":"https:\/\/schema.org","@graph":[{"@type":"Article","@id":"https:\/\/www.italtel.com\/de\/italtel-verabschiedet-seinen-jahresabschluss-2025\/#article","isPartOf":{"@id":"https:\/\/www.italtel.com\/de\/italtel-verabschiedet-seinen-jahresabschluss-2025\/"},"author":{"name":"Daniela Fontana","@id":"https:\/\/www.italtel.com\/de\/#\/schema\/person\/38f315d5a978255f0cf320055bad5afe"},"headline":"Italtel verabschiedet seinen Jahresabschluss 2025","datePublished":"2026-04-28T09:41:29+00:00","dateModified":"2026-04-28T14:57:58+00:00","mainEntityOfPage":{"@id":"https:\/\/www.italtel.com\/de\/italtel-verabschiedet-seinen-jahresabschluss-2025\/"},"wordCount":1159,"publisher":{"@id":"https:\/\/www.italtel.com\/de\/#organization"},"image":{"@id":"https:\/\/www.italtel.com\/de\/italtel-verabschiedet-seinen-jahresabschluss-2025\/#primaryimage"},"thumbnailUrl":"https:\/\/www.italtel.com\/wp-content\/uploads\/2024\/07\/Gruppo-di-maschere-16.jpg","keywords":["Company"],"articleSection":["Press release"],"inLanguage":"de"},{"@type":"WebPage","@id":"https:\/\/www.italtel.com\/de\/italtel-verabschiedet-seinen-jahresabschluss-2025\/","url":"https:\/\/www.italtel.com\/de\/italtel-verabschiedet-seinen-jahresabschluss-2025\/","name":"Italtel verabschiedet seinen Jahresabschluss 2025 - Italtel","isPartOf":{"@id":"https:\/\/www.italtel.com\/de\/#website"},"primaryImageOfPage":{"@id":"https:\/\/www.italtel.com\/de\/italtel-verabschiedet-seinen-jahresabschluss-2025\/#primaryimage"},"image":{"@id":"https:\/\/www.italtel.com\/de\/italtel-verabschiedet-seinen-jahresabschluss-2025\/#primaryimage"},"thumbnailUrl":"https:\/\/www.italtel.com\/wp-content\/uploads\/2024\/07\/Gruppo-di-maschere-16.jpg","datePublished":"2026-04-28T09:41:29+00:00","dateModified":"2026-04-28T14:57:58+00:00","description":"Die Hauptversammlung von Italtel hat den Jahresabschluss f\u00fcr das Gesch\u00e4ftsjahr 2025 genehmigt. Italtel schloss das Jahr 2025 mit den besten Ergebnissen der letzten Jahre ab und best\u00e4tigte damit die St\u00e4rke des Wachstumskurses der Gruppe.","breadcrumb":{"@id":"https:\/\/www.italtel.com\/de\/italtel-verabschiedet-seinen-jahresabschluss-2025\/#breadcrumb"},"inLanguage":"de","potentialAction":[{"@type":"ReadAction","target":["https:\/\/www.italtel.com\/de\/italtel-verabschiedet-seinen-jahresabschluss-2025\/"]}]},{"@type":"ImageObject","inLanguage":"de","@id":"https:\/\/www.italtel.com\/de\/italtel-verabschiedet-seinen-jahresabschluss-2025\/#primaryimage","url":"https:\/\/www.italtel.com\/wp-content\/uploads\/2024\/07\/Gruppo-di-maschere-16.jpg","contentUrl":"https:\/\/www.italtel.com\/wp-content\/uploads\/2024\/07\/Gruppo-di-maschere-16.jpg","width":1362,"height":650},{"@type":"BreadcrumbList","@id":"https:\/\/www.italtel.com\/de\/italtel-verabschiedet-seinen-jahresabschluss-2025\/#breadcrumb","itemListElement":[{"@type":"ListItem","position":1,"name":"Home","item":"https:\/\/www.italtel.com\/de\/"},{"@type":"ListItem","position":2,"name":"Italtel verabschiedet seinen Jahresabschluss 2025"}]},{"@type":"WebSite","@id":"https:\/\/www.italtel.com\/de\/#website","url":"https:\/\/www.italtel.com\/de\/","name":"Italtel","description":"Italtel Group&#039;s company website","publisher":{"@id":"https:\/\/www.italtel.com\/de\/#organization"},"potentialAction":[{"@type":"SearchAction","target":{"@type":"EntryPoint","urlTemplate":"https:\/\/www.italtel.com\/de\/?s={search_term_string}"},"query-input":{"@type":"PropertyValueSpecification","valueRequired":true,"valueName":"search_term_string"}}],"inLanguage":"de"},{"@type":"Organization","@id":"https:\/\/www.italtel.com\/de\/#organization","name":"Italtel S.p.A.","url":"https:\/\/www.italtel.com\/de\/","logo":{"@type":"ImageObject","inLanguage":"de","@id":"https:\/\/www.italtel.com\/de\/#\/schema\/logo\/image\/","url":"https:\/\/www.italtel.com\/wp-content\/uploads\/2024\/11\/Italtel_logo.png","contentUrl":"https:\/\/www.italtel.com\/wp-content\/uploads\/2024\/11\/Italtel_logo.png","width":591,"height":139,"caption":"Italtel S.p.A."},"image":{"@id":"https:\/\/www.italtel.com\/de\/#\/schema\/logo\/image\/"},"sameAs":["https:\/\/x.com\/Italtel","https:\/\/www.linkedin.com\/company\/italtel\/","https:\/\/www.instagram.com\/italtel_hq\/"]},{"@type":"Person","@id":"https:\/\/www.italtel.com\/de\/#\/schema\/person\/38f315d5a978255f0cf320055bad5afe","name":"Daniela Fontana","image":{"@type":"ImageObject","inLanguage":"de","@id":"https:\/\/secure.gravatar.com\/avatar\/834a03b0c73144a8ca36e17dc365b3fbadb34c9e44399b609a00f2231e694f6a?s=96&d=mm&r=g","url":"https:\/\/secure.gravatar.com\/avatar\/834a03b0c73144a8ca36e17dc365b3fbadb34c9e44399b609a00f2231e694f6a?s=96&d=mm&r=g","contentUrl":"https:\/\/secure.gravatar.com\/avatar\/834a03b0c73144a8ca36e17dc365b3fbadb34c9e44399b609a00f2231e694f6a?s=96&d=mm&r=g","caption":"Daniela Fontana"}}]}},"_links":{"self":[{"href":"https:\/\/www.italtel.com\/de\/wp-json\/wp\/v2\/posts\/82420","targetHints":{"allow":["GET"]}}],"collection":[{"href":"https:\/\/www.italtel.com\/de\/wp-json\/wp\/v2\/posts"}],"about":[{"href":"https:\/\/www.italtel.com\/de\/wp-json\/wp\/v2\/types\/post"}],"author":[{"embeddable":true,"href":"https:\/\/www.italtel.com\/de\/wp-json\/wp\/v2\/users\/6"}],"replies":[{"embeddable":true,"href":"https:\/\/www.italtel.com\/de\/wp-json\/wp\/v2\/comments?post=82420"}],"version-history":[{"count":7,"href":"https:\/\/www.italtel.com\/de\/wp-json\/wp\/v2\/posts\/82420\/revisions"}],"predecessor-version":[{"id":82427,"href":"https:\/\/www.italtel.com\/de\/wp-json\/wp\/v2\/posts\/82420\/revisions\/82427"}],"wp:featuredmedia":[{"embeddable":true,"href":"https:\/\/www.italtel.com\/de\/wp-json\/wp\/v2\/media\/59056"}],"wp:attachment":[{"href":"https:\/\/www.italtel.com\/de\/wp-json\/wp\/v2\/media?parent=82420"}],"wp:term":[{"taxonomy":"category","embeddable":true,"href":"https:\/\/www.italtel.com\/de\/wp-json\/wp\/v2\/categories?post=82420"},{"taxonomy":"post_tag","embeddable":true,"href":"https:\/\/www.italtel.com\/de\/wp-json\/wp\/v2\/tags?post=82420"}],"curies":[{"name":"wp","href":"https:\/\/api.w.org\/{rel}","templated":true}]}}