{"id":81222,"date":"2026-03-12T12:57:45","date_gmt":"2026-03-12T10:57:45","guid":{"rendered":"https:\/\/www.italtel.com\/italtel-at-fortinet-accelerate-2026-to-strengthen-global-cybersecurity-collaboration\/"},"modified":"2026-03-12T15:26:31","modified_gmt":"2026-03-12T13:26:31","slug":"italtel-en-fortinet-accelerate-2026-para-fortalecer-la-colaboracion-global-en-ciberseguridad","status":"publish","type":"post","link":"https:\/\/www.italtel.com\/es-pe\/italtel-en-fortinet-accelerate-2026-para-fortalecer-la-colaboracion-global-en-ciberseguridad\/","title":{"rendered":"Italtel en Fortinet Accelerate 2026 para fortalecer la colaboraci\u00f3n global en ciberseguridad"},"content":{"rendered":"\n<div class=\"row\"  id=\"row-1819334169\">\n\n\n\t<div id=\"col-1000420932\" class=\"col medium-9 small-12 large-9\"  >\n\t\t\t\t<div class=\"col-inner\"  >\n\t\t\t\n\t\t\t\n\n\t<div id=\"text-2031919364\" class=\"text fontsize_18 color_black\">\n\t\t\n\n<p><a href=\"https:\/\/www.fortinetaccelerate.com\/lasvegas_26\/home\" target=\"_blank\" rel=\"noopener\"><strong>Fortinet Accelerate 2026\u00a0<\/strong><\/a>re\u00fane a l\u00edderes tecnol\u00f3gicos, socios y expertos en ciberseguridad de todo el mundo para explorar el futuro del secure networking y la defensa digital. Este a\u00f1o, Italtel participa en el evento global, que se celebra en Las Vegas del 9 al 13 de marzo, contribuyendo al di\u00e1logo sobre la evoluci\u00f3n de la ciberseguridad y la infraestructura digital.<\/p>\n<p>Accelerate representa una valiosa oportunidad para analizar los \u00faltimos avances tecnol\u00f3gicos en \u00e1reas como secure networking, arquitecturas SASE y el uso de inteligencia artificial aplicada a la ciberseguridad. Durante el evento, l\u00edderes de la industria y socios tecnol\u00f3gicos comparten experiencias y perspectivas sobre c\u00f3mo las organizaciones pueden enfrentar amenazas cibern\u00e9ticas cada vez m\u00e1s complejas y proteger entornos h\u00edbridos y distribuidos.<\/p>\n<p>Durante la conferencia, representantes de Italtel se re\u00fanen con ejecutivos y socios de Fortinet para analizar las principales tendencias del panorama de la ciberseguridad y explorar nuevas oportunidades de colaboraci\u00f3n. Estas conversaciones resultan especialmente relevantes en un contexto de creciente demanda de soluciones de seguridad avanzadas en distintos mercados, incluida Am\u00e9rica Latina.<\/p>\n\t\t\t<\/div>\n\t\n<div class=\"row row-collapse\"  id=\"row-1197407513\">\n\n\n\t<div id=\"col-796614263\" class=\"col medium-2 small-12 large-2\"  >\n\t\t\t\t<div class=\"col-inner\"  >\n\t\t\t\n\t\t\t\n\n\t<div class=\"img has-hover x md-x lg-x y md-y lg-y\" id=\"image_2003821667\">\n\t\t\t\t\t\t\t\t<div class=\"img-inner dark\" >\n\t\t\t<img loading=\"lazy\" decoding=\"async\" width=\"265\" height=\"265\" src=\"https:\/\/www.italtel.com\/wp-content\/uploads\/2024\/10\/william-tondo.png\" class=\"attachment-original size-original\" alt=\"William Gonzalez\" srcset=\"https:\/\/www.italtel.com\/wp-content\/uploads\/2024\/10\/william-tondo.png 265w, https:\/\/www.italtel.com\/wp-content\/uploads\/2024\/10\/william-tondo-150x150.png 150w\" sizes=\"auto, (max-width: 265px) 100vw, 265px\" \/>\t\t\t\t\t\t\n\t\t\t\t\t<\/div>\n\t\t\t\t\t\t\t\t\n<style>\n#image_2003821667 {\n  width: 100%;\n}\n<\/style>\n\t<\/div>\n\t\n\n\n\t\t<\/div>\n\t\t\t\t\t<\/div>\n\n\t\n\n\t<div id=\"col-376843038\" class=\"col medium-10 small-12 large-10\"  >\n\t\t\t\t<div class=\"col-inner\"  >\n\t\t\t\n\t\t\t\n\n\t<div id=\"text-1962202827\" class=\"text fontsize_200\">\n\t\t\n\n<p style=\"color: #04c5fe;\">\u201c<\/p>\n\t\t\t<\/div>\n\t\n\t<div id=\"text-4177128062\" class=\"text fontsize_18 color_black\">\n\t\t\n\n<p>\u201cEn Per\u00fa, Italtel mantiene una s\u00f3lida colaboraci\u00f3n con Fortinet, apoyando a los clientes con soluciones integradas que combinan seguridad avanzada, networking e infraestructura digital\u201d, se\u00f1al\u00f3 <strong>William Gonzalez, Country Manager para Per\u00fa y Colombia<\/strong>. \u201cLa creciente demanda de transformaci\u00f3n digital segura en diferentes sectores hace que esta colaboraci\u00f3n sea especialmente relevante para empresas y proyectos de infraestructura cr\u00edtica\u201d.<\/p>\n\t\t\t<\/div>\n\t\n\n\t\t<\/div>\n\t\t\t\t\n<style>\n#col-376843038 > .col-inner {\n  padding: 0px 0px 0px 4rem;\n}\n<\/style>\n\t<\/div>\n\n\t\n\n<\/div>\n\t<div id=\"text-2417784029\" class=\"text fontsize_18 color_black\">\n\t\t\n\n<p>La participaci\u00f3n en Accelerate 2026 tambi\u00e9n destaca la dimensi\u00f3n internacional del Grupo Italtel, con la presencia de representantes de diferentes regiones, lo que refleja el compromiso global de la compa\u00f1\u00eda con la innovaci\u00f3n y las alianzas tecnol\u00f3gicas estrat\u00e9gicas.<\/p>\n<p>Al participar en foros tecnol\u00f3gicos globales como Accelerate, Italtel contin\u00faa fortaleciendo su papel como socio confiable para la transformaci\u00f3n digital segura, conectando la innovaci\u00f3n global con las necesidades de los clientes en distintos mercados.<\/p>\n\t\t\t<\/div>\n\t\n\t<div id=\"gap-1968604696\" class=\"gap-element clearfix\" style=\"display:block; height:auto;\">\n\t\t\n<style>\n#gap-1968604696 {\n  padding-top: 30px;\n}\n<\/style>\n\t<\/div>\n\t\n\n\t<div class=\"img has-hover x md-x lg-x y md-y lg-y\" id=\"image_2080617646\">\n\t\t\t\t\t\t\t\t<div class=\"img-inner dark\" >\n\t\t\t<img loading=\"lazy\" decoding=\"async\" width=\"1020\" height=\"729\" src=\"https:\/\/www.italtel.com\/wp-content\/uploads\/2026\/03\/william-fortinet-1024x732.webp\" class=\"attachment-large size-large\" alt=\"William Gonzales, Country manager of Peru &amp; Colombia, smiles at a conference with a sign reading &quot;Fortinet Accelerate 26, Fast Forward Innovation&quot; in a modern, bright hallway.\" srcset=\"https:\/\/www.italtel.com\/wp-content\/uploads\/2026\/03\/william-fortinet-1024x732.webp 1024w, https:\/\/www.italtel.com\/wp-content\/uploads\/2026\/03\/william-fortinet-300x214.webp 300w, https:\/\/www.italtel.com\/wp-content\/uploads\/2026\/03\/william-fortinet-768x549.webp 768w, https:\/\/www.italtel.com\/wp-content\/uploads\/2026\/03\/william-fortinet.webp 1203w\" sizes=\"auto, (max-width: 1020px) 100vw, 1020px\" \/>\t\t\t\t\t\t\n\t\t\t\t\t<\/div>\n\t\t\t\t\t\t\t\t\n<style>\n#image_2080617646 {\n  width: 100%;\n}\n<\/style>\n\t<\/div>\n\t\n\n\n\t\t<\/div>\n\t\t\t\t\n<style>\n#col-1000420932 > .col-inner {\n  padding: 6rem 11rem 0px 0px;\n}\n<\/style>\n\t<\/div>\n\n\t\n\n\t<div id=\"col-912075071\" class=\"col sibebar_col medium-3 small-12 large-3\"  >\n\t\t<div class=\"is-sticky-column\"><div class=\"is-sticky-column__inner\">\t\t<div class=\"col-inner\"  >\n\t\t\t\n\t\t\t\n\n\t<div id=\"text-2763223021\" class=\"text fontsize_16 color_black fontweight_500\">\n\t\t\n\nTECH KEYWORDS\n\t\t\t<\/div>\n\t\n<div class=\"is-divider divider clearfix\" style=\"margin-top:2rem;margin-bottom:2rem;max-width:100%;height:1px;background-color:rgba(112, 112, 112, 0.302);\"><\/div>\n\n\t<div id=\"text-3719763300\" class=\"text fontsize_18 color_black\">\n\t\t\n\n<p>CYBERSECURITY<\/p>\n\t\t\t<\/div>\n\t\n<div class=\"is-divider divider clearfix\" style=\"margin-top:2rem;margin-bottom:2rem;max-width:100%;height:1px;background-color:rgba(112, 112, 112, 0.302);\"><\/div>\n\n\t<div id=\"text-2378088319\" class=\"text fontsize_18 color_black\">\n\t\t\n\n<p>SECURE NETWORKING<\/p>\n\t\t\t<\/div>\n\t\n<div class=\"is-divider divider clearfix\" style=\"margin-top:2rem;margin-bottom:2rem;max-width:100%;height:1px;background-color:rgba(112, 112, 112, 0.302);\"><\/div>\n\n\t<div id=\"text-1759903556\" class=\"text fontsize_18 color_black\">\n\t\t\n\n<p>DIGITAL INNOVATION<\/p>\n\t\t\t<\/div>\n\t\n\t<div id=\"gap-1419440695\" class=\"gap-element clearfix\" style=\"display:block; height:auto;\">\n\t\t\n<style>\n#gap-1419440695 {\n  padding-top: 13rem;\n}\n<\/style>\n\t<\/div>\n\t\n\n\t<div id=\"text-1511061420\" class=\"text fontsize_16 color_black fontweight_500\">\n\t\t\n\n<p>CONDIVIDI LA NEWS<\/p>\n\t\t\t<\/div>\n\t\n<div class=\"is-divider divider clearfix\" style=\"margin-top:2rem;margin-bottom:2rem;max-width:100%;height:1px;background-color:rgba(112, 112, 112, 0.302);\"><\/div>\n\n\t<div class=\"img has-hover socialshare_icon linkedin x md-x lg-x y md-y lg-y\" id=\"image_44944113\">\n\t\t\t\t\t\t\t\t<div class=\"img-inner dark\" >\n\t\t\t<img loading=\"lazy\" decoding=\"async\" width=\"1\" height=\"1\" src=\"https:\/\/www.italtel.com\/wp-content\/uploads\/2024\/09\/Linkedin-icon.svg\" class=\"attachment-large size-large\" alt=\"Linkedin-icon\" \/>\t\t\t\t\t\t\n\t\t\t\t\t<\/div>\n\t\t\t\t\t\t\t\t\n<style>\n#image_44944113 {\n  width: 100%;\n}\n<\/style>\n\t<\/div>\n\t\n\n\t<div class=\"img has-hover socialshare_icon instagram x md-x lg-x y md-y lg-y\" id=\"image_1328571182\">\n\t\t\t\t\t\t\t\t<div class=\"img-inner dark\" >\n\t\t\t<img loading=\"lazy\" decoding=\"async\" width=\"27\" height=\"27\" src=\"https:\/\/www.italtel.com\/wp-content\/uploads\/2024\/07\/Raggruppa-12942.png\" class=\"attachment-large size-large\" alt=\"Instagram icon\" \/>\t\t\t\t\t\t\n\t\t\t\t\t<\/div>\n\t\t\t\t\t\t\t\t\n<style>\n#image_1328571182 {\n  width: 100%;\n}\n<\/style>\n\t<\/div>\n\t\n\n\t<div class=\"img has-hover socialshare_icon ex x md-x lg-x y md-y lg-y\" id=\"image_137132918\">\n\t\t\t\t\t\t\t\t<div class=\"img-inner dark\" >\n\t\t\t<img loading=\"lazy\" decoding=\"async\" width=\"1\" height=\"1\" src=\"https:\/\/www.italtel.com\/wp-content\/uploads\/2024\/09\/X-icon.svg\" class=\"attachment-large size-large\" alt=\"X-icon\" \/>\t\t\t\t\t\t\n\t\t\t\t\t<\/div>\n\t\t\t\t\t\t\t\t\n<style>\n#image_137132918 {\n  width: 100%;\n}\n<\/style>\n\t<\/div>\n\t\n\n\n\t\t<\/div>\n\t\t<\/div><\/div>\t\t\n<style>\n#col-912075071 > .is-sticky-column > .is-sticky-column__inner > .col-inner {\n  padding: 6rem 0px 0px 0px;\n}\n<\/style>\n\t<\/div>\n\n\t\n\n<\/div>\n\n","protected":false},"excerpt":{"rendered":"","protected":false},"author":6,"featured_media":81145,"comment_status":"closed","ping_status":"closed","sticky":false,"template":"","format":"standard","meta":{"footnotes":""},"categories":[1158],"tags":[1159,1160],"class_list":["post-81222","post","type-post","status-publish","format-standard","has-post-thumbnail","hentry","category-events","tag-cybersecurity","tag-digital-innovation"],"yoast_head":"<!-- This site is optimized with the Yoast SEO plugin v27.4 - https:\/\/yoast.com\/product\/yoast-seo-wordpress\/ -->\n<title>Italtel en Fortinet Accelerate 2026 para fortalecer la colaboraci\u00f3n global en ciberseguridad - Italtel<\/title>\n<meta name=\"description\" content=\"Italtel participa en Fortinet Accelerate 2026 en Las Vegas para dialogar con socios globales sobre ciberseguridad impulsada por IA, secure networking y nuevas oportunidades de colaboraci\u00f3n.\" \/>\n<meta name=\"robots\" content=\"index, follow, max-snippet:-1, max-image-preview:large, max-video-preview:-1\" \/>\n<link rel=\"canonical\" href=\"https:\/\/www.italtel.com\/es-pe\/italtel-en-fortinet-accelerate-2026-para-fortalecer-la-colaboracion-global-en-ciberseguridad\/\" \/>\n<meta property=\"og:locale\" content=\"es_ES\" \/>\n<meta property=\"og:type\" content=\"article\" \/>\n<meta property=\"og:title\" content=\"Italtel en Fortinet Accelerate 2026 para fortalecer la colaboraci\u00f3n global en ciberseguridad - Italtel\" \/>\n<meta property=\"og:description\" content=\"Italtel participa en Fortinet Accelerate 2026 en Las Vegas para dialogar con socios globales sobre ciberseguridad impulsada por IA, secure networking y nuevas oportunidades de colaboraci\u00f3n.\" \/>\n<meta property=\"og:url\" content=\"https:\/\/www.italtel.com\/es-pe\/italtel-en-fortinet-accelerate-2026-para-fortalecer-la-colaboracion-global-en-ciberseguridad\/\" \/>\n<meta property=\"og:site_name\" content=\"Italtel\" \/>\n<meta property=\"article:published_time\" content=\"2026-03-12T10:57:45+00:00\" \/>\n<meta property=\"article:modified_time\" content=\"2026-03-12T13:26:31+00:00\" \/>\n<meta property=\"og:image\" content=\"https:\/\/www.italtel.com\/wp-content\/uploads\/2026\/03\/william-fortinet.webp\" \/>\n\t<meta property=\"og:image:width\" content=\"1203\" \/>\n\t<meta property=\"og:image:height\" content=\"860\" \/>\n\t<meta property=\"og:image:type\" content=\"image\/webp\" \/>\n<meta name=\"author\" content=\"Daniela Fontana\" \/>\n<meta name=\"twitter:card\" content=\"summary_large_image\" \/>\n<meta name=\"twitter:creator\" content=\"@Italtel\" \/>\n<meta name=\"twitter:site\" content=\"@Italtel\" \/>\n<meta name=\"twitter:label1\" content=\"Written by\" \/>\n\t<meta name=\"twitter:data1\" content=\"Daniela Fontana\" \/>\n\t<meta name=\"twitter:label2\" content=\"Est. reading time\" \/>\n\t<meta name=\"twitter:data2\" content=\"2 minutes\" \/>\n<script type=\"application\/ld+json\" class=\"yoast-schema-graph\">{\"@context\":\"https:\\\/\\\/schema.org\",\"@graph\":[{\"@type\":\"Article\",\"@id\":\"https:\\\/\\\/www.italtel.com\\\/es-pe\\\/italtel-en-fortinet-accelerate-2026-para-fortalecer-la-colaboracion-global-en-ciberseguridad\\\/#article\",\"isPartOf\":{\"@id\":\"https:\\\/\\\/www.italtel.com\\\/es-pe\\\/italtel-en-fortinet-accelerate-2026-para-fortalecer-la-colaboracion-global-en-ciberseguridad\\\/\"},\"author\":{\"name\":\"Daniela Fontana\",\"@id\":\"https:\\\/\\\/www.italtel.com\\\/de\\\/#\\\/schema\\\/person\\\/38f315d5a978255f0cf320055bad5afe\"},\"headline\":\"Italtel en Fortinet Accelerate 2026 para fortalecer la colaboraci\u00f3n global en ciberseguridad\",\"datePublished\":\"2026-03-12T10:57:45+00:00\",\"dateModified\":\"2026-03-12T13:26:31+00:00\",\"mainEntityOfPage\":{\"@id\":\"https:\\\/\\\/www.italtel.com\\\/es-pe\\\/italtel-en-fortinet-accelerate-2026-para-fortalecer-la-colaboracion-global-en-ciberseguridad\\\/\"},\"wordCount\":542,\"publisher\":{\"@id\":\"https:\\\/\\\/www.italtel.com\\\/de\\\/#organization\"},\"image\":{\"@id\":\"https:\\\/\\\/www.italtel.com\\\/es-pe\\\/italtel-en-fortinet-accelerate-2026-para-fortalecer-la-colaboracion-global-en-ciberseguridad\\\/#primaryimage\"},\"thumbnailUrl\":\"https:\\\/\\\/www.italtel.com\\\/wp-content\\\/uploads\\\/2026\\\/03\\\/william-fortinet.webp\",\"keywords\":[\"Cybersecurity\",\"Digital innovation\"],\"articleSection\":[\"Event\"],\"inLanguage\":\"es-Pe\"},{\"@type\":\"WebPage\",\"@id\":\"https:\\\/\\\/www.italtel.com\\\/es-pe\\\/italtel-en-fortinet-accelerate-2026-para-fortalecer-la-colaboracion-global-en-ciberseguridad\\\/\",\"url\":\"https:\\\/\\\/www.italtel.com\\\/es-pe\\\/italtel-en-fortinet-accelerate-2026-para-fortalecer-la-colaboracion-global-en-ciberseguridad\\\/\",\"name\":\"Italtel en Fortinet Accelerate 2026 para fortalecer la colaboraci\u00f3n global en ciberseguridad - Italtel\",\"isPartOf\":{\"@id\":\"https:\\\/\\\/www.italtel.com\\\/de\\\/#website\"},\"primaryImageOfPage\":{\"@id\":\"https:\\\/\\\/www.italtel.com\\\/es-pe\\\/italtel-en-fortinet-accelerate-2026-para-fortalecer-la-colaboracion-global-en-ciberseguridad\\\/#primaryimage\"},\"image\":{\"@id\":\"https:\\\/\\\/www.italtel.com\\\/es-pe\\\/italtel-en-fortinet-accelerate-2026-para-fortalecer-la-colaboracion-global-en-ciberseguridad\\\/#primaryimage\"},\"thumbnailUrl\":\"https:\\\/\\\/www.italtel.com\\\/wp-content\\\/uploads\\\/2026\\\/03\\\/william-fortinet.webp\",\"datePublished\":\"2026-03-12T10:57:45+00:00\",\"dateModified\":\"2026-03-12T13:26:31+00:00\",\"description\":\"Italtel participa en Fortinet Accelerate 2026 en Las Vegas para dialogar con socios globales sobre ciberseguridad impulsada por IA, secure networking y nuevas oportunidades de colaboraci\u00f3n.\",\"breadcrumb\":{\"@id\":\"https:\\\/\\\/www.italtel.com\\\/es-pe\\\/italtel-en-fortinet-accelerate-2026-para-fortalecer-la-colaboracion-global-en-ciberseguridad\\\/#breadcrumb\"},\"inLanguage\":\"es-Pe\",\"potentialAction\":[{\"@type\":\"ReadAction\",\"target\":[\"https:\\\/\\\/www.italtel.com\\\/es-pe\\\/italtel-en-fortinet-accelerate-2026-para-fortalecer-la-colaboracion-global-en-ciberseguridad\\\/\"]}]},{\"@type\":\"ImageObject\",\"inLanguage\":\"es-Pe\",\"@id\":\"https:\\\/\\\/www.italtel.com\\\/es-pe\\\/italtel-en-fortinet-accelerate-2026-para-fortalecer-la-colaboracion-global-en-ciberseguridad\\\/#primaryimage\",\"url\":\"https:\\\/\\\/www.italtel.com\\\/wp-content\\\/uploads\\\/2026\\\/03\\\/william-fortinet.webp\",\"contentUrl\":\"https:\\\/\\\/www.italtel.com\\\/wp-content\\\/uploads\\\/2026\\\/03\\\/william-fortinet.webp\",\"width\":1203,\"height\":860,\"caption\":\"William Gonzales, Country manager of Peru & Colombia, smiles at a conference with a sign reading \\\"Fortinet Accelerate 26, Fast Forward Innovation\\\" in a modern, bright hallway.\"},{\"@type\":\"BreadcrumbList\",\"@id\":\"https:\\\/\\\/www.italtel.com\\\/es-pe\\\/italtel-en-fortinet-accelerate-2026-para-fortalecer-la-colaboracion-global-en-ciberseguridad\\\/#breadcrumb\",\"itemListElement\":[{\"@type\":\"ListItem\",\"position\":1,\"name\":\"Home\",\"item\":\"https:\\\/\\\/www.italtel.com\\\/es-pe\\\/\"},{\"@type\":\"ListItem\",\"position\":2,\"name\":\"Italtel en Fortinet Accelerate 2026 para fortalecer la colaboraci\u00f3n global en ciberseguridad\"}]},{\"@type\":\"WebSite\",\"@id\":\"https:\\\/\\\/www.italtel.com\\\/de\\\/#website\",\"url\":\"https:\\\/\\\/www.italtel.com\\\/de\\\/\",\"name\":\"Italtel\",\"description\":\"Italtel Group&#039;s company website\",\"publisher\":{\"@id\":\"https:\\\/\\\/www.italtel.com\\\/de\\\/#organization\"},\"potentialAction\":[{\"@type\":\"SearchAction\",\"target\":{\"@type\":\"EntryPoint\",\"urlTemplate\":\"https:\\\/\\\/www.italtel.com\\\/de\\\/?s={search_term_string}\"},\"query-input\":{\"@type\":\"PropertyValueSpecification\",\"valueRequired\":true,\"valueName\":\"search_term_string\"}}],\"inLanguage\":\"es-Pe\"},{\"@type\":\"Organization\",\"@id\":\"https:\\\/\\\/www.italtel.com\\\/de\\\/#organization\",\"name\":\"Italtel S.p.A.\",\"url\":\"https:\\\/\\\/www.italtel.com\\\/de\\\/\",\"logo\":{\"@type\":\"ImageObject\",\"inLanguage\":\"es-Pe\",\"@id\":\"https:\\\/\\\/www.italtel.com\\\/de\\\/#\\\/schema\\\/logo\\\/image\\\/\",\"url\":\"https:\\\/\\\/www.italtel.com\\\/wp-content\\\/uploads\\\/2024\\\/11\\\/Italtel_logo.png\",\"contentUrl\":\"https:\\\/\\\/www.italtel.com\\\/wp-content\\\/uploads\\\/2024\\\/11\\\/Italtel_logo.png\",\"width\":591,\"height\":139,\"caption\":\"Italtel S.p.A.\"},\"image\":{\"@id\":\"https:\\\/\\\/www.italtel.com\\\/de\\\/#\\\/schema\\\/logo\\\/image\\\/\"},\"sameAs\":[\"https:\\\/\\\/x.com\\\/Italtel\",\"https:\\\/\\\/www.linkedin.com\\\/company\\\/italtel\\\/\",\"https:\\\/\\\/www.instagram.com\\\/italtel_hq\\\/\"]},{\"@type\":\"Person\",\"@id\":\"https:\\\/\\\/www.italtel.com\\\/de\\\/#\\\/schema\\\/person\\\/38f315d5a978255f0cf320055bad5afe\",\"name\":\"Daniela Fontana\",\"image\":{\"@type\":\"ImageObject\",\"inLanguage\":\"es-Pe\",\"@id\":\"https:\\\/\\\/secure.gravatar.com\\\/avatar\\\/834a03b0c73144a8ca36e17dc365b3fbadb34c9e44399b609a00f2231e694f6a?s=96&d=mm&r=g\",\"url\":\"https:\\\/\\\/secure.gravatar.com\\\/avatar\\\/834a03b0c73144a8ca36e17dc365b3fbadb34c9e44399b609a00f2231e694f6a?s=96&d=mm&r=g\",\"contentUrl\":\"https:\\\/\\\/secure.gravatar.com\\\/avatar\\\/834a03b0c73144a8ca36e17dc365b3fbadb34c9e44399b609a00f2231e694f6a?s=96&d=mm&r=g\",\"caption\":\"Daniela Fontana\"}}]}<\/script>\n<!-- \/ Yoast SEO plugin. -->","yoast_head_json":{"title":"Italtel en Fortinet Accelerate 2026 para fortalecer la colaboraci\u00f3n global en ciberseguridad - Italtel","description":"Italtel participa en Fortinet Accelerate 2026 en Las Vegas para dialogar con socios globales sobre ciberseguridad impulsada por IA, secure networking y nuevas oportunidades de colaboraci\u00f3n.","robots":{"index":"index","follow":"follow","max-snippet":"max-snippet:-1","max-image-preview":"max-image-preview:large","max-video-preview":"max-video-preview:-1"},"canonical":"https:\/\/www.italtel.com\/es-pe\/italtel-en-fortinet-accelerate-2026-para-fortalecer-la-colaboracion-global-en-ciberseguridad\/","og_locale":"es_ES","og_type":"article","og_title":"Italtel en Fortinet Accelerate 2026 para fortalecer la colaboraci\u00f3n global en ciberseguridad - Italtel","og_description":"Italtel participa en Fortinet Accelerate 2026 en Las Vegas para dialogar con socios globales sobre ciberseguridad impulsada por IA, secure networking y nuevas oportunidades de colaboraci\u00f3n.","og_url":"https:\/\/www.italtel.com\/es-pe\/italtel-en-fortinet-accelerate-2026-para-fortalecer-la-colaboracion-global-en-ciberseguridad\/","og_site_name":"Italtel","article_published_time":"2026-03-12T10:57:45+00:00","article_modified_time":"2026-03-12T13:26:31+00:00","og_image":[{"width":1203,"height":860,"url":"https:\/\/www.italtel.com\/wp-content\/uploads\/2026\/03\/william-fortinet.webp","type":"image\/webp"}],"author":"Daniela Fontana","twitter_card":"summary_large_image","twitter_creator":"@Italtel","twitter_site":"@Italtel","twitter_misc":{"Written by":"Daniela Fontana","Est. reading time":"2 minutes"},"schema":{"@context":"https:\/\/schema.org","@graph":[{"@type":"Article","@id":"https:\/\/www.italtel.com\/es-pe\/italtel-en-fortinet-accelerate-2026-para-fortalecer-la-colaboracion-global-en-ciberseguridad\/#article","isPartOf":{"@id":"https:\/\/www.italtel.com\/es-pe\/italtel-en-fortinet-accelerate-2026-para-fortalecer-la-colaboracion-global-en-ciberseguridad\/"},"author":{"name":"Daniela Fontana","@id":"https:\/\/www.italtel.com\/de\/#\/schema\/person\/38f315d5a978255f0cf320055bad5afe"},"headline":"Italtel en Fortinet Accelerate 2026 para fortalecer la colaboraci\u00f3n global en ciberseguridad","datePublished":"2026-03-12T10:57:45+00:00","dateModified":"2026-03-12T13:26:31+00:00","mainEntityOfPage":{"@id":"https:\/\/www.italtel.com\/es-pe\/italtel-en-fortinet-accelerate-2026-para-fortalecer-la-colaboracion-global-en-ciberseguridad\/"},"wordCount":542,"publisher":{"@id":"https:\/\/www.italtel.com\/de\/#organization"},"image":{"@id":"https:\/\/www.italtel.com\/es-pe\/italtel-en-fortinet-accelerate-2026-para-fortalecer-la-colaboracion-global-en-ciberseguridad\/#primaryimage"},"thumbnailUrl":"https:\/\/www.italtel.com\/wp-content\/uploads\/2026\/03\/william-fortinet.webp","keywords":["Cybersecurity","Digital innovation"],"articleSection":["Event"],"inLanguage":"es-Pe"},{"@type":"WebPage","@id":"https:\/\/www.italtel.com\/es-pe\/italtel-en-fortinet-accelerate-2026-para-fortalecer-la-colaboracion-global-en-ciberseguridad\/","url":"https:\/\/www.italtel.com\/es-pe\/italtel-en-fortinet-accelerate-2026-para-fortalecer-la-colaboracion-global-en-ciberseguridad\/","name":"Italtel en Fortinet Accelerate 2026 para fortalecer la colaboraci\u00f3n global en ciberseguridad - Italtel","isPartOf":{"@id":"https:\/\/www.italtel.com\/de\/#website"},"primaryImageOfPage":{"@id":"https:\/\/www.italtel.com\/es-pe\/italtel-en-fortinet-accelerate-2026-para-fortalecer-la-colaboracion-global-en-ciberseguridad\/#primaryimage"},"image":{"@id":"https:\/\/www.italtel.com\/es-pe\/italtel-en-fortinet-accelerate-2026-para-fortalecer-la-colaboracion-global-en-ciberseguridad\/#primaryimage"},"thumbnailUrl":"https:\/\/www.italtel.com\/wp-content\/uploads\/2026\/03\/william-fortinet.webp","datePublished":"2026-03-12T10:57:45+00:00","dateModified":"2026-03-12T13:26:31+00:00","description":"Italtel participa en Fortinet Accelerate 2026 en Las Vegas para dialogar con socios globales sobre ciberseguridad impulsada por IA, secure networking y nuevas oportunidades de colaboraci\u00f3n.","breadcrumb":{"@id":"https:\/\/www.italtel.com\/es-pe\/italtel-en-fortinet-accelerate-2026-para-fortalecer-la-colaboracion-global-en-ciberseguridad\/#breadcrumb"},"inLanguage":"es-Pe","potentialAction":[{"@type":"ReadAction","target":["https:\/\/www.italtel.com\/es-pe\/italtel-en-fortinet-accelerate-2026-para-fortalecer-la-colaboracion-global-en-ciberseguridad\/"]}]},{"@type":"ImageObject","inLanguage":"es-Pe","@id":"https:\/\/www.italtel.com\/es-pe\/italtel-en-fortinet-accelerate-2026-para-fortalecer-la-colaboracion-global-en-ciberseguridad\/#primaryimage","url":"https:\/\/www.italtel.com\/wp-content\/uploads\/2026\/03\/william-fortinet.webp","contentUrl":"https:\/\/www.italtel.com\/wp-content\/uploads\/2026\/03\/william-fortinet.webp","width":1203,"height":860,"caption":"William Gonzales, Country manager of Peru & Colombia, smiles at a conference with a sign reading \"Fortinet Accelerate 26, Fast Forward Innovation\" in a modern, bright hallway."},{"@type":"BreadcrumbList","@id":"https:\/\/www.italtel.com\/es-pe\/italtel-en-fortinet-accelerate-2026-para-fortalecer-la-colaboracion-global-en-ciberseguridad\/#breadcrumb","itemListElement":[{"@type":"ListItem","position":1,"name":"Home","item":"https:\/\/www.italtel.com\/es-pe\/"},{"@type":"ListItem","position":2,"name":"Italtel en Fortinet Accelerate 2026 para fortalecer la colaboraci\u00f3n global en ciberseguridad"}]},{"@type":"WebSite","@id":"https:\/\/www.italtel.com\/de\/#website","url":"https:\/\/www.italtel.com\/de\/","name":"Italtel","description":"Italtel Group&#039;s company website","publisher":{"@id":"https:\/\/www.italtel.com\/de\/#organization"},"potentialAction":[{"@type":"SearchAction","target":{"@type":"EntryPoint","urlTemplate":"https:\/\/www.italtel.com\/de\/?s={search_term_string}"},"query-input":{"@type":"PropertyValueSpecification","valueRequired":true,"valueName":"search_term_string"}}],"inLanguage":"es-Pe"},{"@type":"Organization","@id":"https:\/\/www.italtel.com\/de\/#organization","name":"Italtel S.p.A.","url":"https:\/\/www.italtel.com\/de\/","logo":{"@type":"ImageObject","inLanguage":"es-Pe","@id":"https:\/\/www.italtel.com\/de\/#\/schema\/logo\/image\/","url":"https:\/\/www.italtel.com\/wp-content\/uploads\/2024\/11\/Italtel_logo.png","contentUrl":"https:\/\/www.italtel.com\/wp-content\/uploads\/2024\/11\/Italtel_logo.png","width":591,"height":139,"caption":"Italtel S.p.A."},"image":{"@id":"https:\/\/www.italtel.com\/de\/#\/schema\/logo\/image\/"},"sameAs":["https:\/\/x.com\/Italtel","https:\/\/www.linkedin.com\/company\/italtel\/","https:\/\/www.instagram.com\/italtel_hq\/"]},{"@type":"Person","@id":"https:\/\/www.italtel.com\/de\/#\/schema\/person\/38f315d5a978255f0cf320055bad5afe","name":"Daniela Fontana","image":{"@type":"ImageObject","inLanguage":"es-Pe","@id":"https:\/\/secure.gravatar.com\/avatar\/834a03b0c73144a8ca36e17dc365b3fbadb34c9e44399b609a00f2231e694f6a?s=96&d=mm&r=g","url":"https:\/\/secure.gravatar.com\/avatar\/834a03b0c73144a8ca36e17dc365b3fbadb34c9e44399b609a00f2231e694f6a?s=96&d=mm&r=g","contentUrl":"https:\/\/secure.gravatar.com\/avatar\/834a03b0c73144a8ca36e17dc365b3fbadb34c9e44399b609a00f2231e694f6a?s=96&d=mm&r=g","caption":"Daniela Fontana"}}]}},"_links":{"self":[{"href":"https:\/\/www.italtel.com\/es-pe\/wp-json\/wp\/v2\/posts\/81222","targetHints":{"allow":["GET"]}}],"collection":[{"href":"https:\/\/www.italtel.com\/es-pe\/wp-json\/wp\/v2\/posts"}],"about":[{"href":"https:\/\/www.italtel.com\/es-pe\/wp-json\/wp\/v2\/types\/post"}],"author":[{"embeddable":true,"href":"https:\/\/www.italtel.com\/es-pe\/wp-json\/wp\/v2\/users\/6"}],"replies":[{"embeddable":true,"href":"https:\/\/www.italtel.com\/es-pe\/wp-json\/wp\/v2\/comments?post=81222"}],"version-history":[{"count":3,"href":"https:\/\/www.italtel.com\/es-pe\/wp-json\/wp\/v2\/posts\/81222\/revisions"}],"predecessor-version":[{"id":81225,"href":"https:\/\/www.italtel.com\/es-pe\/wp-json\/wp\/v2\/posts\/81222\/revisions\/81225"}],"wp:featuredmedia":[{"embeddable":true,"href":"https:\/\/www.italtel.com\/es-pe\/wp-json\/wp\/v2\/media\/81145"}],"wp:attachment":[{"href":"https:\/\/www.italtel.com\/es-pe\/wp-json\/wp\/v2\/media?parent=81222"}],"wp:term":[{"taxonomy":"category","embeddable":true,"href":"https:\/\/www.italtel.com\/es-pe\/wp-json\/wp\/v2\/categories?post=81222"},{"taxonomy":"post_tag","embeddable":true,"href":"https:\/\/www.italtel.com\/es-pe\/wp-json\/wp\/v2\/tags?post=81222"}],"curies":[{"name":"wp","href":"https:\/\/api.w.org\/{rel}","templated":true}]}}