{"id":81238,"date":"2026-03-08T13:21:52","date_gmt":"2026-03-08T11:21:52","guid":{"rendered":"https:\/\/www.italtel.com\/march-8-what-weve-learned-working-together\/"},"modified":"2026-03-12T15:52:25","modified_gmt":"2026-03-12T13:52:25","slug":"8-de-marzo-lo-que-aprendemos-trabajando-con-companeras","status":"publish","type":"post","link":"https:\/\/www.italtel.com\/es-pe\/8-de-marzo-lo-que-aprendemos-trabajando-con-companeras\/","title":{"rendered":"8 de marzo: lo que aprendemos trabajando con compa\u00f1eras"},"content":{"rendered":"\n<div class=\"row\"  id=\"row-333310263\">\n\n\n\t<div id=\"col-1639238691\" class=\"col medium-9 small-12 large-9\"  >\n\t\t\t\t<div class=\"col-inner\"  >\n\t\t\t\n\t\t\t\n\n\t<div id=\"text-3223546311\" class=\"text fontsize_18 color_black\">\n\t\t\n\n<p>En el <strong>D\u00eda Internacional de la Mujer<\/strong>, en Italtel Per\u00fa preguntamos a algunos colegas una pregunta sencilla pero significativa:<\/p>\n<blockquote>\n<p><strong>\u201c\u00bfQu\u00e9 has aprendido trabajando con compa\u00f1eras?\u201d<\/strong><\/p>\n<\/blockquote>\n<p>Sus respuestas destacan determinaci\u00f3n, colaboraci\u00f3n, profesionalidad y confianza mutua. Estas breves reflexiones muestran c\u00f3mo las interacciones diarias y las perspectivas diversas enriquecen nuestra forma de trabajar y crecer juntos.<\/p>\n\t\t\t<\/div>\n\t\n\t<div id=\"gap-1604355428\" class=\"gap-element clearfix\" style=\"display:block; height:auto;\">\n\t\t\n<style>\n#gap-1604355428 {\n  padding-top: 30px;\n}\n<\/style>\n\t<\/div>\n\t\n\n<div class=\"video video-fit mb\" style=\"padding-top:56.25%;\"><iframe loading=\"lazy\" title=\"Cosa abbiamo imparato lavorando con colleghe donne | #HeForShe\" width=\"1020\" height=\"574\" src=\"https:\/\/www.youtube.com\/embed\/22YOxpP4rjQ?feature=oembed\" frameborder=\"0\" allow=\"accelerometer; autoplay; clipboard-write; encrypted-media; gyroscope; picture-in-picture; web-share\" referrerpolicy=\"strict-origin-when-cross-origin\" allowfullscreen><\/iframe><\/div>\n\n\t<div id=\"gap-1281718379\" class=\"gap-element clearfix\" style=\"display:block; height:auto;\">\n\t\t\n<style>\n#gap-1281718379 {\n  padding-top: 30px;\n}\n<\/style>\n\t<\/div>\n\t\n\n\t<div id=\"text-1739482917\" class=\"text fontsize_18 color_black\">\n\t\t\n\n<h3>Descripci\u00f3n accesible del video<\/h3>\n<p>El video presenta a varios empleados hablando directamente a la c\u00e1mara en un entorno de oficina. Cada persona responde a la pregunta: \u201c\u00bfQu\u00e9 has aprendido trabajando con compa\u00f1eras?\u201d<\/p>\n<p>Los participantes comparten breves reflexiones sobre determinaci\u00f3n, profesionalidad, colaboraci\u00f3n, empat\u00eda y confianza. Cada colega aparece individualmente en pantalla mientras habla.<\/p>\n<p>El foco del video est\u00e1 en los testimonios hablados y en el mensaje central: la igualdad de g\u00e9nero es una responsabilidad compartida y la inclusi\u00f3n se construye mediante interacciones diarias y respeto mutuo en el trabajo<\/p>\n\t\t\t<\/div>\n\t\n\t<div class=\"img has-hover x md-x lg-x y md-y lg-y\" id=\"image_1081553910\">\n\t\t\t\t\t\t\t\t<div class=\"img-inner dark\" >\n\t\t\t<img loading=\"lazy\" decoding=\"async\" width=\"819\" height=\"1024\" src=\"https:\/\/www.italtel.com\/wp-content\/uploads\/2026\/03\/Italtel-Peru-8-de-marzo-819x1024.webp\" class=\"attachment-large size-large\" alt=\"Purple-toned image celebrating International Women&#039;s Day. Women hold hands, smiling. Text: &quot;Juntas somos m\u00e1s fuertes,&quot; and empowering message below. Logo: Italtel.\" srcset=\"https:\/\/www.italtel.com\/wp-content\/uploads\/2026\/03\/Italtel-Peru-8-de-marzo-819x1024.webp 819w, https:\/\/www.italtel.com\/wp-content\/uploads\/2026\/03\/Italtel-Peru-8-de-marzo-240x300.webp 240w, https:\/\/www.italtel.com\/wp-content\/uploads\/2026\/03\/Italtel-Peru-8-de-marzo-768x960.webp 768w, https:\/\/www.italtel.com\/wp-content\/uploads\/2026\/03\/Italtel-Peru-8-de-marzo.webp 1080w\" sizes=\"auto, (max-width: 819px) 100vw, 819px\" \/>\t\t\t\t\t\t\n\t\t\t\t\t<\/div>\n\t\t\t\t\t\t\t\t\n<style>\n#image_1081553910 {\n  width: 100%;\n}\n<\/style>\n\t<\/div>\n\t\n\n\t<div id=\"text-3529334492\" class=\"text fontsize_18 color_black\">\n\t\t\n\n<p>Hoy reconocemos y celebramos a todas las mujeres que, con su talento, creatividad y liderazgo, impulsan la innovaci\u00f3n y el crecimiento en la industria tecnol\u00f3gica.<\/p>\n<p>En <strong>Italtel Per\u00fa<\/strong> creemos que la diversidad fortalece las ideas, los equipos y las soluciones que construimos cada d\u00eda. Por eso, en este <strong>D\u00eda Internacional de la Mujer<\/strong> reafirmamos nuestro compromiso de seguir promoviendo espacios m\u00e1s inclusivos, donde cada mujer pueda desarrollarse, liderar y transformar el futuro de la tecnolog\u00eda.<\/p>\n<p>Gracias a todas las mujeres de nuestro equipo y a quienes forman parte del ecosistema TEC por inspirarnos y abrir camino.<\/p>\n\t\t\t<\/div>\n\t\n\n\t\t<\/div>\n\t\t\t\t\n<style>\n#col-1639238691 > .col-inner {\n  padding: 6rem 11rem 0px 0px;\n}\n<\/style>\n\t<\/div>\n\n\t\n\n\t<div id=\"col-291801324\" class=\"col sibebar_col medium-3 small-12 large-3\"  >\n\t\t<div class=\"is-sticky-column\"><div class=\"is-sticky-column__inner\">\t\t<div class=\"col-inner\"  >\n\t\t\t\n\t\t\t\n\n\t<div id=\"text-4024297132\" class=\"text fontsize_16 color_black fontweight_500\">\n\t\t\n\n<p>KEYWORDS<\/p>\n\t\t\t<\/div>\n\t\n<div class=\"is-divider divider clearfix\" style=\"margin-top:2rem;margin-bottom:2rem;max-width:100%;height:1px;background-color:rgba(112, 112, 112, 0.302);\"><\/div>\n\n\t<div id=\"text-3641651945\" class=\"text fontsize_18 color_black\">\n\t\t\n\n<p>WORKPLACE INCLUSION<\/p>\n\t\t\t<\/div>\n\t\n<div class=\"is-divider divider clearfix\" style=\"margin-top:2rem;margin-bottom:2rem;max-width:100%;height:1px;background-color:rgba(112, 112, 112, 0.302);\"><\/div>\n\n\t<div id=\"text-2000186612\" class=\"text fontsize_18 color_black\">\n\t\t\n\n<p>DIVERSITY &amp; INCLUSION<\/p>\n\t\t\t<\/div>\n\t\n<div class=\"is-divider divider clearfix\" style=\"margin-top:2rem;margin-bottom:2rem;max-width:100%;height:1px;background-color:rgba(112, 112, 112, 0.302);\"><\/div>\n\n\t<div id=\"text-2389687288\" class=\"text fontsize_18 color_black\">\n\t\t\n\n<p>CORPORATE CULTURE<\/p>\n\t\t\t<\/div>\n\t\n<div class=\"is-divider divider clearfix\" style=\"margin-top:2rem;margin-bottom:2rem;max-width:100%;height:1px;background-color:rgba(112, 112, 112, 0.302);\"><\/div>\n\n\t<div id=\"text-4049641856\" class=\"text fontsize_18 color_black\">\n\t\t\n\n<p>GENDER EQUALITY<\/p>\n\t\t\t<\/div>\n\t\n<div class=\"is-divider divider clearfix\" style=\"margin-top:2rem;margin-bottom:2rem;max-width:100%;height:1px;background-color:rgba(112, 112, 112, 0.302);\"><\/div>\n\n\t<div id=\"gap-966707058\" class=\"gap-element clearfix\" style=\"display:block; height:auto;\">\n\t\t\n<style>\n#gap-966707058 {\n  padding-top: 13rem;\n}\n<\/style>\n\t<\/div>\n\t\n\n\t<div id=\"gap-1480732682\" class=\"gap-element clearfix\" style=\"display:block; height:auto;\">\n\t\t\n<style>\n#gap-1480732682 {\n  padding-top: 13rem;\n}\n<\/style>\n\t<\/div>\n\t\n\n\t<div id=\"text-1916555792\" class=\"text fontsize_16 color_black fontweight_500\">\n\t\t\n\nSHARE THE PAGE\n\t\t\t<\/div>\n\t\n<div class=\"is-divider divider clearfix\" style=\"margin-top:2rem;margin-bottom:2rem;max-width:100%;height:1px;background-color:rgba(112, 112, 112, 0.302);\"><\/div>\n\n\t<div class=\"img has-hover socialshare_icon linkedin x md-x lg-x y md-y lg-y\" id=\"image_864146107\">\n\t\t\t\t\t\t\t\t<div class=\"img-inner dark\" >\n\t\t\t<img loading=\"lazy\" decoding=\"async\" width=\"1\" height=\"1\" src=\"https:\/\/www.italtel.com\/wp-content\/uploads\/2024\/09\/Linkedin-icon.svg\" class=\"attachment-large size-large\" alt=\"Linkedin-icon\" \/>\t\t\t\t\t\t\n\t\t\t\t\t<\/div>\n\t\t\t\t\t\t\t\t\n<style>\n#image_864146107 {\n  width: 100%;\n}\n<\/style>\n\t<\/div>\n\t\n\n\t<div class=\"img has-hover socialshare_icon instagram x md-x lg-x y md-y lg-y\" id=\"image_43795241\">\n\t\t\t\t\t\t\t\t<div class=\"img-inner dark\" >\n\t\t\t<img loading=\"lazy\" decoding=\"async\" width=\"27\" height=\"27\" src=\"https:\/\/www.italtel.com\/wp-content\/uploads\/2024\/07\/Raggruppa-12942.png\" class=\"attachment-large size-large\" alt=\"Instagram icon\" \/>\t\t\t\t\t\t\n\t\t\t\t\t<\/div>\n\t\t\t\t\t\t\t\t\n<style>\n#image_43795241 {\n  width: 100%;\n}\n<\/style>\n\t<\/div>\n\t\n\n\t<div class=\"img has-hover socialshare_icon ex x md-x lg-x y md-y lg-y\" id=\"image_2034246445\">\n\t\t\t\t\t\t\t\t<div class=\"img-inner dark\" >\n\t\t\t<img loading=\"lazy\" decoding=\"async\" width=\"1\" height=\"1\" src=\"https:\/\/www.italtel.com\/wp-content\/uploads\/2024\/09\/X-icon.svg\" class=\"attachment-large size-large\" alt=\"X-icon\" \/>\t\t\t\t\t\t\n\t\t\t\t\t<\/div>\n\t\t\t\t\t\t\t\t\n<style>\n#image_2034246445 {\n  width: 100%;\n}\n<\/style>\n\t<\/div>\n\t\n\n\n\t\t<\/div>\n\t\t<\/div><\/div>\t\t\n<style>\n#col-291801324 > .is-sticky-column > .is-sticky-column__inner > .col-inner {\n  padding: 6rem 0px 0px 0px;\n}\n<\/style>\n\t<\/div>\n\n\t\n\n<\/div>\n\n","protected":false},"excerpt":{"rendered":"","protected":false},"author":6,"featured_media":81070,"comment_status":"closed","ping_status":"closed","sticky":false,"template":"","format":"standard","meta":{"footnotes":""},"categories":[1004],"tags":[969,981],"class_list":["post-81238","post","type-post","status-publish","format-standard","has-post-thumbnail","hentry","category-news-es-pe","tag-company-es-pe","tag-sustainability-es-pe"],"yoast_head":"<!-- This site is optimized with the Yoast SEO plugin v27.3 - https:\/\/yoast.com\/product\/yoast-seo-wordpress\/ -->\n<title>8 de marzo: lo que aprendemos trabajando con compa\u00f1eras - Italtel<\/title>\n<meta name=\"description\" content=\"En el D\u00eda Internacional de la Mujer, Italtel Per\u00fa celebra a las mujeres de su equipo y comparte aprendizajes sobre colaboraci\u00f3n, liderazgo y diversidad en la industria tecnol\u00f3gica.\" \/>\n<meta name=\"robots\" content=\"index, follow, max-snippet:-1, max-image-preview:large, max-video-preview:-1\" \/>\n<link rel=\"canonical\" href=\"https:\/\/www.italtel.com\/es-pe\/8-de-marzo-lo-que-aprendemos-trabajando-con-companeras\/\" \/>\n<meta property=\"og:locale\" content=\"es_ES\" \/>\n<meta property=\"og:type\" content=\"article\" \/>\n<meta property=\"og:title\" content=\"8 de marzo: lo que aprendemos trabajando con compa\u00f1eras - Italtel\" \/>\n<meta property=\"og:description\" content=\"En el D\u00eda Internacional de la Mujer, Italtel Per\u00fa celebra a las mujeres de su equipo y comparte aprendizajes sobre colaboraci\u00f3n, liderazgo y diversidad en la industria tecnol\u00f3gica.\" \/>\n<meta property=\"og:url\" content=\"https:\/\/www.italtel.com\/es-pe\/8-de-marzo-lo-que-aprendemos-trabajando-con-companeras\/\" \/>\n<meta property=\"og:site_name\" content=\"Italtel\" \/>\n<meta property=\"article:published_time\" content=\"2026-03-08T11:21:52+00:00\" \/>\n<meta property=\"article:modified_time\" content=\"2026-03-12T13:52:25+00:00\" \/>\n<meta property=\"og:image\" content=\"https:\/\/www.italtel.com\/wp-content\/uploads\/2026\/03\/Sequenza-01.00_00_27_17.Immagine001.webp\" \/>\n\t<meta property=\"og:image:width\" content=\"1920\" \/>\n\t<meta property=\"og:image:height\" content=\"1080\" \/>\n\t<meta property=\"og:image:type\" content=\"image\/webp\" \/>\n<meta name=\"author\" content=\"Daniela Fontana\" \/>\n<meta name=\"twitter:card\" content=\"summary_large_image\" \/>\n<meta name=\"twitter:creator\" content=\"@Italtel\" \/>\n<meta name=\"twitter:site\" content=\"@Italtel\" \/>\n<meta name=\"twitter:label1\" content=\"Written by\" \/>\n\t<meta name=\"twitter:data1\" content=\"Daniela Fontana\" \/>\n\t<meta name=\"twitter:label2\" content=\"Est. reading time\" \/>\n\t<meta name=\"twitter:data2\" content=\"2 minutes\" \/>\n<script type=\"application\/ld+json\" class=\"yoast-schema-graph\">{\"@context\":\"https:\\\/\\\/schema.org\",\"@graph\":[{\"@type\":\"Article\",\"@id\":\"https:\\\/\\\/www.italtel.com\\\/es-pe\\\/8-de-marzo-lo-que-aprendemos-trabajando-con-companeras\\\/#article\",\"isPartOf\":{\"@id\":\"https:\\\/\\\/www.italtel.com\\\/es-pe\\\/8-de-marzo-lo-que-aprendemos-trabajando-con-companeras\\\/\"},\"author\":{\"name\":\"Daniela Fontana\",\"@id\":\"https:\\\/\\\/www.italtel.com\\\/de\\\/#\\\/schema\\\/person\\\/38f315d5a978255f0cf320055bad5afe\"},\"headline\":\"8 de marzo: lo que aprendemos trabajando con compa\u00f1eras\",\"datePublished\":\"2026-03-08T11:21:52+00:00\",\"dateModified\":\"2026-03-12T13:52:25+00:00\",\"mainEntityOfPage\":{\"@id\":\"https:\\\/\\\/www.italtel.com\\\/es-pe\\\/8-de-marzo-lo-que-aprendemos-trabajando-con-companeras\\\/\"},\"wordCount\":471,\"publisher\":{\"@id\":\"https:\\\/\\\/www.italtel.com\\\/de\\\/#organization\"},\"image\":{\"@id\":\"https:\\\/\\\/www.italtel.com\\\/es-pe\\\/8-de-marzo-lo-que-aprendemos-trabajando-con-companeras\\\/#primaryimage\"},\"thumbnailUrl\":\"https:\\\/\\\/www.italtel.com\\\/wp-content\\\/uploads\\\/2026\\\/03\\\/Sequenza-01.00_00_27_17.Immagine001.webp\",\"keywords\":[\"Company\",\"Sustainability\"],\"articleSection\":[\"News\"],\"inLanguage\":\"es-Pe\"},{\"@type\":\"WebPage\",\"@id\":\"https:\\\/\\\/www.italtel.com\\\/es-pe\\\/8-de-marzo-lo-que-aprendemos-trabajando-con-companeras\\\/\",\"url\":\"https:\\\/\\\/www.italtel.com\\\/es-pe\\\/8-de-marzo-lo-que-aprendemos-trabajando-con-companeras\\\/\",\"name\":\"8 de marzo: lo que aprendemos trabajando con compa\u00f1eras - Italtel\",\"isPartOf\":{\"@id\":\"https:\\\/\\\/www.italtel.com\\\/de\\\/#website\"},\"primaryImageOfPage\":{\"@id\":\"https:\\\/\\\/www.italtel.com\\\/es-pe\\\/8-de-marzo-lo-que-aprendemos-trabajando-con-companeras\\\/#primaryimage\"},\"image\":{\"@id\":\"https:\\\/\\\/www.italtel.com\\\/es-pe\\\/8-de-marzo-lo-que-aprendemos-trabajando-con-companeras\\\/#primaryimage\"},\"thumbnailUrl\":\"https:\\\/\\\/www.italtel.com\\\/wp-content\\\/uploads\\\/2026\\\/03\\\/Sequenza-01.00_00_27_17.Immagine001.webp\",\"datePublished\":\"2026-03-08T11:21:52+00:00\",\"dateModified\":\"2026-03-12T13:52:25+00:00\",\"description\":\"En el D\u00eda Internacional de la Mujer, Italtel Per\u00fa celebra a las mujeres de su equipo y comparte aprendizajes sobre colaboraci\u00f3n, liderazgo y diversidad en la industria tecnol\u00f3gica.\",\"breadcrumb\":{\"@id\":\"https:\\\/\\\/www.italtel.com\\\/es-pe\\\/8-de-marzo-lo-que-aprendemos-trabajando-con-companeras\\\/#breadcrumb\"},\"inLanguage\":\"es-Pe\",\"potentialAction\":[{\"@type\":\"ReadAction\",\"target\":[\"https:\\\/\\\/www.italtel.com\\\/es-pe\\\/8-de-marzo-lo-que-aprendemos-trabajando-con-companeras\\\/\"]}]},{\"@type\":\"ImageObject\",\"inLanguage\":\"es-Pe\",\"@id\":\"https:\\\/\\\/www.italtel.com\\\/es-pe\\\/8-de-marzo-lo-que-aprendemos-trabajando-con-companeras\\\/#primaryimage\",\"url\":\"https:\\\/\\\/www.italtel.com\\\/wp-content\\\/uploads\\\/2026\\\/03\\\/Sequenza-01.00_00_27_17.Immagine001.webp\",\"contentUrl\":\"https:\\\/\\\/www.italtel.com\\\/wp-content\\\/uploads\\\/2026\\\/03\\\/Sequenza-01.00_00_27_17.Immagine001.webp\",\"width\":1920,\"height\":1080,\"caption\":\"Text on a dark background with colorful edges reads: \\\"2026. This year, we asked the men of Italtel what they have learned from working with women colleagues.\"},{\"@type\":\"BreadcrumbList\",\"@id\":\"https:\\\/\\\/www.italtel.com\\\/es-pe\\\/8-de-marzo-lo-que-aprendemos-trabajando-con-companeras\\\/#breadcrumb\",\"itemListElement\":[{\"@type\":\"ListItem\",\"position\":1,\"name\":\"Home\",\"item\":\"https:\\\/\\\/www.italtel.com\\\/es-pe\\\/\"},{\"@type\":\"ListItem\",\"position\":2,\"name\":\"8 de marzo: lo que aprendemos trabajando con compa\u00f1eras\"}]},{\"@type\":\"WebSite\",\"@id\":\"https:\\\/\\\/www.italtel.com\\\/de\\\/#website\",\"url\":\"https:\\\/\\\/www.italtel.com\\\/de\\\/\",\"name\":\"Italtel\",\"description\":\"Italtel Group&#039;s company website\",\"publisher\":{\"@id\":\"https:\\\/\\\/www.italtel.com\\\/de\\\/#organization\"},\"potentialAction\":[{\"@type\":\"SearchAction\",\"target\":{\"@type\":\"EntryPoint\",\"urlTemplate\":\"https:\\\/\\\/www.italtel.com\\\/de\\\/?s={search_term_string}\"},\"query-input\":{\"@type\":\"PropertyValueSpecification\",\"valueRequired\":true,\"valueName\":\"search_term_string\"}}],\"inLanguage\":\"es-Pe\"},{\"@type\":\"Organization\",\"@id\":\"https:\\\/\\\/www.italtel.com\\\/de\\\/#organization\",\"name\":\"Italtel S.p.A.\",\"url\":\"https:\\\/\\\/www.italtel.com\\\/de\\\/\",\"logo\":{\"@type\":\"ImageObject\",\"inLanguage\":\"es-Pe\",\"@id\":\"https:\\\/\\\/www.italtel.com\\\/de\\\/#\\\/schema\\\/logo\\\/image\\\/\",\"url\":\"https:\\\/\\\/www.italtel.com\\\/wp-content\\\/uploads\\\/2024\\\/11\\\/Italtel_logo.png\",\"contentUrl\":\"https:\\\/\\\/www.italtel.com\\\/wp-content\\\/uploads\\\/2024\\\/11\\\/Italtel_logo.png\",\"width\":591,\"height\":139,\"caption\":\"Italtel S.p.A.\"},\"image\":{\"@id\":\"https:\\\/\\\/www.italtel.com\\\/de\\\/#\\\/schema\\\/logo\\\/image\\\/\"},\"sameAs\":[\"https:\\\/\\\/x.com\\\/Italtel\",\"https:\\\/\\\/www.linkedin.com\\\/company\\\/italtel\\\/\",\"https:\\\/\\\/www.instagram.com\\\/italtel_hq\\\/\"]},{\"@type\":\"Person\",\"@id\":\"https:\\\/\\\/www.italtel.com\\\/de\\\/#\\\/schema\\\/person\\\/38f315d5a978255f0cf320055bad5afe\",\"name\":\"Daniela Fontana\",\"image\":{\"@type\":\"ImageObject\",\"inLanguage\":\"es-Pe\",\"@id\":\"https:\\\/\\\/secure.gravatar.com\\\/avatar\\\/834a03b0c73144a8ca36e17dc365b3fbadb34c9e44399b609a00f2231e694f6a?s=96&d=mm&r=g\",\"url\":\"https:\\\/\\\/secure.gravatar.com\\\/avatar\\\/834a03b0c73144a8ca36e17dc365b3fbadb34c9e44399b609a00f2231e694f6a?s=96&d=mm&r=g\",\"contentUrl\":\"https:\\\/\\\/secure.gravatar.com\\\/avatar\\\/834a03b0c73144a8ca36e17dc365b3fbadb34c9e44399b609a00f2231e694f6a?s=96&d=mm&r=g\",\"caption\":\"Daniela Fontana\"}}]}<\/script>\n<!-- \/ Yoast SEO plugin. -->","yoast_head_json":{"title":"8 de marzo: lo que aprendemos trabajando con compa\u00f1eras - Italtel","description":"En el D\u00eda Internacional de la Mujer, Italtel Per\u00fa celebra a las mujeres de su equipo y comparte aprendizajes sobre colaboraci\u00f3n, liderazgo y diversidad en la industria tecnol\u00f3gica.","robots":{"index":"index","follow":"follow","max-snippet":"max-snippet:-1","max-image-preview":"max-image-preview:large","max-video-preview":"max-video-preview:-1"},"canonical":"https:\/\/www.italtel.com\/es-pe\/8-de-marzo-lo-que-aprendemos-trabajando-con-companeras\/","og_locale":"es_ES","og_type":"article","og_title":"8 de marzo: lo que aprendemos trabajando con compa\u00f1eras - Italtel","og_description":"En el D\u00eda Internacional de la Mujer, Italtel Per\u00fa celebra a las mujeres de su equipo y comparte aprendizajes sobre colaboraci\u00f3n, liderazgo y diversidad en la industria tecnol\u00f3gica.","og_url":"https:\/\/www.italtel.com\/es-pe\/8-de-marzo-lo-que-aprendemos-trabajando-con-companeras\/","og_site_name":"Italtel","article_published_time":"2026-03-08T11:21:52+00:00","article_modified_time":"2026-03-12T13:52:25+00:00","og_image":[{"width":1920,"height":1080,"url":"https:\/\/www.italtel.com\/wp-content\/uploads\/2026\/03\/Sequenza-01.00_00_27_17.Immagine001.webp","type":"image\/webp"}],"author":"Daniela Fontana","twitter_card":"summary_large_image","twitter_creator":"@Italtel","twitter_site":"@Italtel","twitter_misc":{"Written by":"Daniela Fontana","Est. reading time":"2 minutes"},"schema":{"@context":"https:\/\/schema.org","@graph":[{"@type":"Article","@id":"https:\/\/www.italtel.com\/es-pe\/8-de-marzo-lo-que-aprendemos-trabajando-con-companeras\/#article","isPartOf":{"@id":"https:\/\/www.italtel.com\/es-pe\/8-de-marzo-lo-que-aprendemos-trabajando-con-companeras\/"},"author":{"name":"Daniela Fontana","@id":"https:\/\/www.italtel.com\/de\/#\/schema\/person\/38f315d5a978255f0cf320055bad5afe"},"headline":"8 de marzo: lo que aprendemos trabajando con compa\u00f1eras","datePublished":"2026-03-08T11:21:52+00:00","dateModified":"2026-03-12T13:52:25+00:00","mainEntityOfPage":{"@id":"https:\/\/www.italtel.com\/es-pe\/8-de-marzo-lo-que-aprendemos-trabajando-con-companeras\/"},"wordCount":471,"publisher":{"@id":"https:\/\/www.italtel.com\/de\/#organization"},"image":{"@id":"https:\/\/www.italtel.com\/es-pe\/8-de-marzo-lo-que-aprendemos-trabajando-con-companeras\/#primaryimage"},"thumbnailUrl":"https:\/\/www.italtel.com\/wp-content\/uploads\/2026\/03\/Sequenza-01.00_00_27_17.Immagine001.webp","keywords":["Company","Sustainability"],"articleSection":["News"],"inLanguage":"es-Pe"},{"@type":"WebPage","@id":"https:\/\/www.italtel.com\/es-pe\/8-de-marzo-lo-que-aprendemos-trabajando-con-companeras\/","url":"https:\/\/www.italtel.com\/es-pe\/8-de-marzo-lo-que-aprendemos-trabajando-con-companeras\/","name":"8 de marzo: lo que aprendemos trabajando con compa\u00f1eras - Italtel","isPartOf":{"@id":"https:\/\/www.italtel.com\/de\/#website"},"primaryImageOfPage":{"@id":"https:\/\/www.italtel.com\/es-pe\/8-de-marzo-lo-que-aprendemos-trabajando-con-companeras\/#primaryimage"},"image":{"@id":"https:\/\/www.italtel.com\/es-pe\/8-de-marzo-lo-que-aprendemos-trabajando-con-companeras\/#primaryimage"},"thumbnailUrl":"https:\/\/www.italtel.com\/wp-content\/uploads\/2026\/03\/Sequenza-01.00_00_27_17.Immagine001.webp","datePublished":"2026-03-08T11:21:52+00:00","dateModified":"2026-03-12T13:52:25+00:00","description":"En el D\u00eda Internacional de la Mujer, Italtel Per\u00fa celebra a las mujeres de su equipo y comparte aprendizajes sobre colaboraci\u00f3n, liderazgo y diversidad en la industria tecnol\u00f3gica.","breadcrumb":{"@id":"https:\/\/www.italtel.com\/es-pe\/8-de-marzo-lo-que-aprendemos-trabajando-con-companeras\/#breadcrumb"},"inLanguage":"es-Pe","potentialAction":[{"@type":"ReadAction","target":["https:\/\/www.italtel.com\/es-pe\/8-de-marzo-lo-que-aprendemos-trabajando-con-companeras\/"]}]},{"@type":"ImageObject","inLanguage":"es-Pe","@id":"https:\/\/www.italtel.com\/es-pe\/8-de-marzo-lo-que-aprendemos-trabajando-con-companeras\/#primaryimage","url":"https:\/\/www.italtel.com\/wp-content\/uploads\/2026\/03\/Sequenza-01.00_00_27_17.Immagine001.webp","contentUrl":"https:\/\/www.italtel.com\/wp-content\/uploads\/2026\/03\/Sequenza-01.00_00_27_17.Immagine001.webp","width":1920,"height":1080,"caption":"Text on a dark background with colorful edges reads: \"2026. This year, we asked the men of Italtel what they have learned from working with women colleagues."},{"@type":"BreadcrumbList","@id":"https:\/\/www.italtel.com\/es-pe\/8-de-marzo-lo-que-aprendemos-trabajando-con-companeras\/#breadcrumb","itemListElement":[{"@type":"ListItem","position":1,"name":"Home","item":"https:\/\/www.italtel.com\/es-pe\/"},{"@type":"ListItem","position":2,"name":"8 de marzo: lo que aprendemos trabajando con compa\u00f1eras"}]},{"@type":"WebSite","@id":"https:\/\/www.italtel.com\/de\/#website","url":"https:\/\/www.italtel.com\/de\/","name":"Italtel","description":"Italtel Group&#039;s company website","publisher":{"@id":"https:\/\/www.italtel.com\/de\/#organization"},"potentialAction":[{"@type":"SearchAction","target":{"@type":"EntryPoint","urlTemplate":"https:\/\/www.italtel.com\/de\/?s={search_term_string}"},"query-input":{"@type":"PropertyValueSpecification","valueRequired":true,"valueName":"search_term_string"}}],"inLanguage":"es-Pe"},{"@type":"Organization","@id":"https:\/\/www.italtel.com\/de\/#organization","name":"Italtel S.p.A.","url":"https:\/\/www.italtel.com\/de\/","logo":{"@type":"ImageObject","inLanguage":"es-Pe","@id":"https:\/\/www.italtel.com\/de\/#\/schema\/logo\/image\/","url":"https:\/\/www.italtel.com\/wp-content\/uploads\/2024\/11\/Italtel_logo.png","contentUrl":"https:\/\/www.italtel.com\/wp-content\/uploads\/2024\/11\/Italtel_logo.png","width":591,"height":139,"caption":"Italtel S.p.A."},"image":{"@id":"https:\/\/www.italtel.com\/de\/#\/schema\/logo\/image\/"},"sameAs":["https:\/\/x.com\/Italtel","https:\/\/www.linkedin.com\/company\/italtel\/","https:\/\/www.instagram.com\/italtel_hq\/"]},{"@type":"Person","@id":"https:\/\/www.italtel.com\/de\/#\/schema\/person\/38f315d5a978255f0cf320055bad5afe","name":"Daniela Fontana","image":{"@type":"ImageObject","inLanguage":"es-Pe","@id":"https:\/\/secure.gravatar.com\/avatar\/834a03b0c73144a8ca36e17dc365b3fbadb34c9e44399b609a00f2231e694f6a?s=96&d=mm&r=g","url":"https:\/\/secure.gravatar.com\/avatar\/834a03b0c73144a8ca36e17dc365b3fbadb34c9e44399b609a00f2231e694f6a?s=96&d=mm&r=g","contentUrl":"https:\/\/secure.gravatar.com\/avatar\/834a03b0c73144a8ca36e17dc365b3fbadb34c9e44399b609a00f2231e694f6a?s=96&d=mm&r=g","caption":"Daniela Fontana"}}]}},"_links":{"self":[{"href":"https:\/\/www.italtel.com\/es-pe\/wp-json\/wp\/v2\/posts\/81238","targetHints":{"allow":["GET"]}}],"collection":[{"href":"https:\/\/www.italtel.com\/es-pe\/wp-json\/wp\/v2\/posts"}],"about":[{"href":"https:\/\/www.italtel.com\/es-pe\/wp-json\/wp\/v2\/types\/post"}],"author":[{"embeddable":true,"href":"https:\/\/www.italtel.com\/es-pe\/wp-json\/wp\/v2\/users\/6"}],"replies":[{"embeddable":true,"href":"https:\/\/www.italtel.com\/es-pe\/wp-json\/wp\/v2\/comments?post=81238"}],"version-history":[{"count":3,"href":"https:\/\/www.italtel.com\/es-pe\/wp-json\/wp\/v2\/posts\/81238\/revisions"}],"predecessor-version":[{"id":81241,"href":"https:\/\/www.italtel.com\/es-pe\/wp-json\/wp\/v2\/posts\/81238\/revisions\/81241"}],"wp:featuredmedia":[{"embeddable":true,"href":"https:\/\/www.italtel.com\/es-pe\/wp-json\/wp\/v2\/media\/81070"}],"wp:attachment":[{"href":"https:\/\/www.italtel.com\/es-pe\/wp-json\/wp\/v2\/media?parent=81238"}],"wp:term":[{"taxonomy":"category","embeddable":true,"href":"https:\/\/www.italtel.com\/es-pe\/wp-json\/wp\/v2\/categories?post=81238"},{"taxonomy":"post_tag","embeddable":true,"href":"https:\/\/www.italtel.com\/es-pe\/wp-json\/wp\/v2\/tags?post=81238"}],"curies":[{"name":"wp","href":"https:\/\/api.w.org\/{rel}","templated":true}]}}