{"id":66604,"date":"2024-11-20T10:39:17","date_gmt":"2024-11-20T08:39:17","guid":{"rendered":"https:\/\/www.italtel.com\/37-anni-di-innovazione-e-leadership-lesperienza-di-maria-assunta-pavan-in-italtel\/"},"modified":"2025-01-07T17:24:33","modified_gmt":"2025-01-07T15:24:33","slug":"37-anos-de-innovacion-y-liderazgo-la-experiencia-de-maria-assunta-pavan-en-italtel","status":"publish","type":"post","link":"https:\/\/www.italtel.com\/es\/37-anos-de-innovacion-y-liderazgo-la-experiencia-de-maria-assunta-pavan-en-italtel\/","title":{"rendered":"37 a\u00f1os de innovaci\u00f3n y liderazgo: la experiencia de Maria Assunta Pavan en Italtel"},"content":{"rendered":"\n<div class=\"row\"  id=\"row-1123655071\">\n\n\n\t<div id=\"col-752724570\" class=\"col medium-9 small-12 large-9\"  >\n\t\t\t\t<div class=\"col-inner\"  >\n\t\t\t\n\t\t\t\n\n\t<div id=\"text-2539744881\" class=\"text fontsize_18 color_black\">\n\t\t\n\n<p>Maria Assunta Pavan, ingeniera el\u00e9ctrica por Padua, ha dedicado m\u00e1s de 37 a\u00f1os de su carrera profesional a Italtel. Desde ni\u00f1a cultiv\u00f3 una gran pasi\u00f3n por los temas cient\u00edficos, con predilecci\u00f3n por las matem\u00e1ticas. A pesar de los consejos de su madre, profesora, para que siguiera una carrera acad\u00e9mica, Maria Assunta eligi\u00f3 un camino diferente, matricul\u00e1ndose en ingenier\u00eda el\u00e9ctrica, un campo en el que las mujeres eran una clara minor\u00eda. Gracias al pleno apoyo de sus padres, abord\u00f3 sus estudios sin dificultad, impulsada por su gran inter\u00e9s por las materias STEM.<\/p>\n\t\t\t<\/div>\n\t\n\t<div id=\"text-2599722608\" class=\"text fontsize_32 color_black\">\n\t\t\n\n<h2>De la teor\u00eda a la pr\u00e1ctica<\/h2>\n\t\t\t<\/div>\n\t\n\t<div id=\"text-4173912863\" class=\"text fontsize_18 color_black\">\n\t\t\n\n<p>En 1987, Maria Assunta empez\u00f3 su carrera en Italtel, traslad\u00e1ndose del V\u00e9neto a Mil\u00e1n. Recuerda con emoci\u00f3n su primera entrevista en las oficinas de Via Tocqueville, en una ciudad nueva y estimulante para ella.<\/p>\n<p>La transici\u00f3n de la teor\u00eda estudiada en la universidad a la realidad pr\u00e1ctica del trabajo fue su primer gran reto. Inicialmente asignada a proyectos especiales, trabaj\u00f3 en el desarrollo de software para los primeros sistemas de comunicaci\u00f3n por v\u00eddeo, un \u00e1rea tecnol\u00f3gica pionera en aquella \u00e9poca. En concreto, trabaj\u00f3 en dos \u00e1reas de aplicaci\u00f3n: la primera para crear salas de videoconferencia entre las distintas sedes de Italtel, y la segunda para permitir la ense\u00f1anza a distancia entre las universidades de G\u00e9nova y Savona. Un recuerdo especial de este periodo est\u00e1 relacionado con la feria Telecom de Ginebra, donde su foto fue elegida para el folleto promocional de Italtel y donde present\u00f3 el sistema a los visitantes como experta.<\/p>\n\t\t\t<\/div>\n\t\n\t<div id=\"text-652577946\" class=\"text fontsize_32 color_black\">\n\t\t\n\n<h2>Una carrera de crecimiento e innovaci\u00f3n<\/h2>\n\t\t\t<\/div>\n\t\n\t<div id=\"text-4264498844\" class=\"text fontsize_18 color_black\">\n\t\t\n\n<p>Con el tiempo, Maria Assunta sali\u00f3 del \u00e1rea de proyectos de desarrollo de software y pas\u00f3 a la funci\u00f3n de \u00abPropuesta de soluciones para clientes\u00bb, donde empez\u00f3 a trabajar para el cliente Telecom Italia, en el \u00e1rea de servicio de voz de l\u00ednea fija. Aqu\u00ed comenz\u00f3 su aventura en la gesti\u00f3n de recursos funcionales, ocup\u00e1ndose de la evoluci\u00f3n de la Red Sparkle y Backbone (BBN) de Telecom Italia, una red VoIP para el tr\u00e1fico de voz nacional e internacional. Este fue el comienzo de la aventura de Italtel en la transformaci\u00f3n de las redes de telecomunicaciones de TDM (multiplexaci\u00f3n por divisi\u00f3n en el tiempo) tradicional a VoIP.<\/p>\n<p>En 2001 fue ascendida a gerente, tras haber empezado a dirigir un equipo de ingenieros y haber logrado importantes resultados en los \u00e1mbitos t\u00e9cnico y de gesti\u00f3n. Una de las cualidades que m\u00e1s se le reconocen como gestora es su capacidad para gestionar un n\u00famero cada vez mayor de recursos, manteniendo relaciones positivas con el equipo y fomentando un clima de trabajo sereno. Para ella, el sentimiento de pertenencia al grupo y a la empresa es fundamental. Una frase valiosa, que resume su filosof\u00eda, es: \u00abnunca olvides que las relaciones profesionales empiezan por las relaciones humanas\u00bb. Este principio ha sido la piedra angular de su enfoque de la gesti\u00f3n de personas.<\/p>\n\t\t\t<\/div>\n\t\n\t<div id=\"text-4137874264\" class=\"text fontsize_32 color_black\">\n\t\t\n\n<h2>Dinamismo, evoluci\u00f3n y retos<\/h2>\n\t\t\t<\/div>\n\t\n\t<div id=\"text-3152346360\" class=\"text fontsize_18 color_black\">\n\t\t\n\n<p>Maria Assunta describe su trayectoria en Italtel como \u00abdin\u00e1mica\u00bb. La transformaci\u00f3n de las redes fijas para el servicio de voz, de la tecnolog\u00eda TDM a la VoIP, fue uno de los cambios m\u00e1s significativos que vivi\u00f3 en primera persona, que tambi\u00e9n trajo consigo la evoluci\u00f3n de las soluciones y productos ofrecidos por Italtel. Ha visto c\u00f3mo la empresa pasaba de centrarse en el sector de la voz para operadores Telco, a posicionarse en el campo de las redes de datos, integrando tecnolog\u00edas ATM e IP y trabajando tambi\u00e9n con grandes empresas y Administraciones P\u00fablicas.<\/p>\n<p>Aunque echando la vista atr\u00e1s prevalecen los recuerdos positivos, en estos 37 a\u00f1os tambi\u00e9n ha habido momentos dif\u00edciles, de elecciones complejas, que se han afrontado con el apoyo de la direcci\u00f3n y el di\u00e1logo con los empleados.<\/p>\n\t\t\t<\/div>\n\t\n\t<div id=\"text-4148388698\" class=\"text fontsize_32 color_black\">\n\t\t\n\n<h2>Un mensaje para las nuevas generaciones y sus padres<\/h2>\n\t\t\t<\/div>\n\t\n\t<div id=\"text-1423344361\" class=\"text fontsize_18 color_black\">\n\t\t\n\n<p>Maria Assunta se dirige a los j\u00f3venes con un valioso consejo: \u00abTened paciencia para estudiar y no teng\u00e1is miedo al trabajo duro. Los resultados se consiguen con empe\u00f1o y dedicaci\u00f3n\u00bb. Hoy, m\u00e1s que antes, es esencial tener conocimientos matem\u00e1ticos e inform\u00e1ticos para seguir una carrera en el sector tecnol\u00f3gico.<\/p>\n<p>Para las j\u00f3venes que deseen aventurarse en las materias STEM, su mensaje es claro: no tengan miedo de las disciplinas cient\u00edficas, sigan su pasi\u00f3n y no se desanimen ante los obst\u00e1culos.<\/p>\n<p>A los padres de adolescentes, en cambio, les recomienda dar a sus hijos la libertad de elegir su propio camino y apoyarles en sus decisiones.<\/p>\n\t\t\t<\/div>\n\t\n\t<div id=\"text-1346838633\" class=\"text fontsize_32 color_black\">\n\t\t\n\n<h2>Funciones directivas y conciliaci\u00f3n de la vida laboral y familiar<\/h2>\n\t\t\t<\/div>\n\t\n\t<div id=\"text-1185774723\" class=\"text fontsize_18 color_black\">\n\t\t\n\n<p>Para aspirar a puestos directivos, es esencial poseer tenacidad. Una persona buena y completa ser\u00e1 reconocida tarde o temprano. Sin embargo, es esencial saber escuchar a los dem\u00e1s y comprender la din\u00e1mica de la empresa, as\u00ed como mostrar una gran disponibilidad de tiempo y flexibilidad. Maria Assunta y su equipo pasaban a veces noches enteras para resolver una aver\u00eda, trabajando incansablemente para restablecer la situaci\u00f3n y mostrando un gran esp\u00edritu de equipo.<\/p>\n<p>Con dos hijos, tuvo que organizarse muy eficazmente para conciliar la vida laboral y privada, recibiendo un importante apoyo de la empresa y de sus jefes directos. Cuando regres\u00f3 de su segundo permiso de maternidad, por ejemplo, expres\u00f3 algunas dudas sobre la posibilidad de conciliar un trabajo exigente, como la gesti\u00f3n de ingenier\u00eda, con su vida privada. Sin embargo, su jefe no s\u00f3lo le dio confianza, sino que le asegur\u00f3 que la empresa estaba dispuesta a apoyarla en los momentos m\u00e1s complejos.<\/p>\n<p>En este contexto, si hubiera podido utilizar el trabajo inteligente como hoy en d\u00eda, Maria Assunta habr\u00eda podido gestionar mejor su horario. El smart working, seg\u00fan ella, es un elemento estrat\u00e9gico para fomentar el crecimiento de las personas en la empresa, apoyar su trayectoria profesional de forma inclusiva y potenciar un modelo de trabajo basado en la consecuci\u00f3n de objetivos.<\/p>\n\t\t\t<\/div>\n\t\n\t<div id=\"text-1547128611\" class=\"text fontsize_32 color_black\">\n\t\t\n\n<h2>Una mirada al futuro<\/h2>\n\t\t\t<\/div>\n\t\n\t<div id=\"text-1040447079\" class=\"text fontsize_18 color_black\">\n\t\t\n\n<p>Maria Assunta mira al futuro con ganas de seguir aprendiendo, viajando y dedic\u00e1ndose al deporte. Aunque echar\u00e1 de menos a la gente y el sentimiento de pertenencia al equipo, est\u00e1 dispuesta a explorar nuevos horizontes, segura de que su pasi\u00f3n por aprender y los v\u00ednculos construidos a lo largo del camino seguir\u00e1n siendo el hilo conductor de sus proyectos.<\/p>\n<p>Para Italtel, su deseo es que la empresa siga innovando y atrayendo a j\u00f3venes talentos, continuando el camino de renovaci\u00f3n iniciado en 2022, consolidando su papel de liderazgo en el sector y continuando invirtiendo en las personas como pilar de su \u00e9xito.<\/p>\n\t\t\t<\/div>\n\t\n\n\t\t<\/div>\n\t\t\t\t\n<style>\n#col-752724570 > .col-inner {\n  padding: 6rem 11rem 0px 0px;\n}\n<\/style>\n\t<\/div>\n\n\t\n\n\t<div id=\"col-789586390\" class=\"col sibebar_col medium-3 small-12 large-3\"  >\n\t\t<div class=\"is-sticky-column\"><div class=\"is-sticky-column__inner\">\t\t<div class=\"col-inner\"  >\n\t\t\t\n\t\t\t\n\n\t<div id=\"text-3409551078\" class=\"text fontsize_16 color_black fontweight_500\">\n\t\t\n\nTECH KEYWORDS\n\t\t\t<\/div>\n\t\n<div class=\"is-divider divider clearfix\" style=\"margin-top:2rem;margin-bottom:2rem;max-width:100%;height:1px;background-color:rgba(112, 112, 112, 0.302);\"><\/div>\n\n\t<div id=\"text-252221795\" class=\"text fontsize_18 color_black\">\n\t\t\n\n<p>STEM WOMEN<\/p>\n\t\t\t<\/div>\n\t\n<div class=\"is-divider divider clearfix\" style=\"margin-top:2rem;margin-bottom:2rem;max-width:100%;height:1px;background-color:rgba(112, 112, 112, 0.302);\"><\/div>\n\n\t<div id=\"text-1523402115\" class=\"text fontsize_18 color_black\">\n\t\t\n\n<p>CRECIMIENTO E INNOVACI\u00d3N<\/p>\n\t\t\t<\/div>\n\t\n\t<div id=\"gap-138232167\" class=\"gap-element clearfix\" style=\"display:block; height:auto;\">\n\t\t\n<style>\n#gap-138232167 {\n  padding-top: 13rem;\n}\n<\/style>\n\t<\/div>\n\t\n\n\t<div id=\"text-3678469262\" class=\"text fontsize_16 color_black fontweight_500\">\n\t\t\n\n<p>CONDIVIDI LA NEWS<\/p>\n\t\t\t<\/div>\n\t\n<div class=\"is-divider divider clearfix\" style=\"margin-top:2rem;margin-bottom:2rem;max-width:100%;height:1px;background-color:rgba(112, 112, 112, 0.302);\"><\/div>\n\n\t<div class=\"img has-hover socialshare_icon linkedin x md-x lg-x y md-y lg-y\" id=\"image_1306187692\">\n\t\t\t\t\t\t\t\t<div class=\"img-inner dark\" >\n\t\t\t<img loading=\"lazy\" decoding=\"async\" width=\"1\" height=\"1\" src=\"https:\/\/www.italtel.com\/wp-content\/uploads\/2024\/09\/Linkedin-icon.svg\" class=\"attachment-large size-large\" alt=\"Linkedin-icon\" \/>\t\t\t\t\t\t\n\t\t\t\t\t<\/div>\n\t\t\t\t\t\t\t\t\n<style>\n#image_1306187692 {\n  width: 100%;\n}\n<\/style>\n\t<\/div>\n\t\n\n\t<div class=\"img has-hover socialshare_icon instagram x md-x lg-x y md-y lg-y\" id=\"image_170403998\">\n\t\t\t\t\t\t\t\t<div class=\"img-inner dark\" >\n\t\t\t<img loading=\"lazy\" decoding=\"async\" width=\"27\" height=\"27\" src=\"https:\/\/www.italtel.com\/wp-content\/uploads\/2024\/07\/Raggruppa-12942.png\" class=\"attachment-large size-large\" alt=\"Instagram icon\" \/>\t\t\t\t\t\t\n\t\t\t\t\t<\/div>\n\t\t\t\t\t\t\t\t\n<style>\n#image_170403998 {\n  width: 100%;\n}\n<\/style>\n\t<\/div>\n\t\n\n\t<div class=\"img has-hover socialshare_icon ex x md-x lg-x y md-y lg-y\" id=\"image_376378755\">\n\t\t\t\t\t\t\t\t<div class=\"img-inner dark\" >\n\t\t\t<img loading=\"lazy\" decoding=\"async\" width=\"1\" height=\"1\" src=\"https:\/\/www.italtel.com\/wp-content\/uploads\/2024\/09\/X-icon.svg\" class=\"attachment-large size-large\" alt=\"X-icon\" \/>\t\t\t\t\t\t\n\t\t\t\t\t<\/div>\n\t\t\t\t\t\t\t\t\n<style>\n#image_376378755 {\n  width: 100%;\n}\n<\/style>\n\t<\/div>\n\t\n\n\n\t\t<\/div>\n\t\t<\/div><\/div>\t\t\n<style>\n#col-789586390 > .is-sticky-column > .is-sticky-column__inner > .col-inner {\n  padding: 6rem 0px 0px 0px;\n}\n<\/style>\n\t<\/div>\n\n\t\n\n<\/div>\n\n","protected":false},"excerpt":{"rendered":"","protected":false},"author":6,"featured_media":65796,"comment_status":"closed","ping_status":"closed","sticky":false,"template":"","format":"standard","meta":{"footnotes":""},"categories":[893,894],"tags":[],"class_list":["post-66604","post","type-post","status-publish","format-standard","has-post-thumbnail","hentry","category-focus-es","category-interview-es"],"yoast_head":"<!-- This site is optimized with the Yoast SEO plugin v27.4 - https:\/\/yoast.com\/product\/yoast-seo-wordpress\/ -->\n<title>37 a\u00f1os de innovaci\u00f3n y liderazgo: la experiencia de Maria Assunta Pavan en Italtel - Italtel<\/title>\n<meta name=\"robots\" content=\"index, follow, max-snippet:-1, max-image-preview:large, max-video-preview:-1\" \/>\n<link rel=\"canonical\" href=\"https:\/\/www.italtel.com\/es\/37-anos-de-innovacion-y-liderazgo-la-experiencia-de-maria-assunta-pavan-en-italtel\/\" \/>\n<meta property=\"og:locale\" content=\"es_ES\" \/>\n<meta property=\"og:type\" content=\"article\" \/>\n<meta property=\"og:title\" content=\"37 a\u00f1os de innovaci\u00f3n y liderazgo: la experiencia de Maria Assunta Pavan en Italtel - Italtel\" \/>\n<meta property=\"og:url\" content=\"https:\/\/www.italtel.com\/es\/37-anos-de-innovacion-y-liderazgo-la-experiencia-de-maria-assunta-pavan-en-italtel\/\" \/>\n<meta property=\"og:site_name\" content=\"Italtel\" \/>\n<meta property=\"article:published_time\" content=\"2024-11-20T08:39:17+00:00\" \/>\n<meta property=\"article:modified_time\" content=\"2025-01-07T15:24:33+00:00\" \/>\n<meta property=\"og:image\" content=\"https:\/\/www.italtel.com\/wp-content\/uploads\/2024\/11\/Maria-Assunta.webp\" \/>\n\t<meta property=\"og:image:width\" content=\"1394\" \/>\n\t<meta property=\"og:image:height\" content=\"863\" \/>\n\t<meta property=\"og:image:type\" content=\"image\/webp\" \/>\n<meta name=\"author\" content=\"Daniela Fontana\" \/>\n<meta name=\"twitter:card\" content=\"summary_large_image\" \/>\n<meta name=\"twitter:creator\" content=\"@Italtel\" \/>\n<meta name=\"twitter:site\" content=\"@Italtel\" \/>\n<meta name=\"twitter:label1\" content=\"Escrito por\" \/>\n\t<meta name=\"twitter:data1\" content=\"Daniela Fontana\" \/>\n\t<meta name=\"twitter:label2\" content=\"Tiempo de lectura\" \/>\n\t<meta name=\"twitter:data2\" content=\"1 minuto\" \/>\n<script type=\"application\/ld+json\" class=\"yoast-schema-graph\">{\"@context\":\"https:\\\/\\\/schema.org\",\"@graph\":[{\"@type\":\"Article\",\"@id\":\"https:\\\/\\\/www.italtel.com\\\/es\\\/37-anos-de-innovacion-y-liderazgo-la-experiencia-de-maria-assunta-pavan-en-italtel\\\/#article\",\"isPartOf\":{\"@id\":\"https:\\\/\\\/www.italtel.com\\\/es\\\/37-anos-de-innovacion-y-liderazgo-la-experiencia-de-maria-assunta-pavan-en-italtel\\\/\"},\"author\":{\"name\":\"Daniela Fontana\",\"@id\":\"https:\\\/\\\/www.italtel.com\\\/de\\\/#\\\/schema\\\/person\\\/38f315d5a978255f0cf320055bad5afe\"},\"headline\":\"37 a\u00f1os de innovaci\u00f3n y liderazgo: la experiencia de Maria Assunta Pavan en Italtel\",\"datePublished\":\"2024-11-20T08:39:17+00:00\",\"dateModified\":\"2025-01-07T15:24:33+00:00\",\"mainEntityOfPage\":{\"@id\":\"https:\\\/\\\/www.italtel.com\\\/es\\\/37-anos-de-innovacion-y-liderazgo-la-experiencia-de-maria-assunta-pavan-en-italtel\\\/\"},\"wordCount\":1380,\"publisher\":{\"@id\":\"https:\\\/\\\/www.italtel.com\\\/de\\\/#organization\"},\"image\":{\"@id\":\"https:\\\/\\\/www.italtel.com\\\/es\\\/37-anos-de-innovacion-y-liderazgo-la-experiencia-de-maria-assunta-pavan-en-italtel\\\/#primaryimage\"},\"thumbnailUrl\":\"https:\\\/\\\/www.italtel.com\\\/wp-content\\\/uploads\\\/2024\\\/11\\\/Maria-Assunta.webp\",\"articleSection\":[\"Focus\",\"Interview\"],\"inLanguage\":\"es\"},{\"@type\":\"WebPage\",\"@id\":\"https:\\\/\\\/www.italtel.com\\\/es\\\/37-anos-de-innovacion-y-liderazgo-la-experiencia-de-maria-assunta-pavan-en-italtel\\\/\",\"url\":\"https:\\\/\\\/www.italtel.com\\\/es\\\/37-anos-de-innovacion-y-liderazgo-la-experiencia-de-maria-assunta-pavan-en-italtel\\\/\",\"name\":\"37 a\u00f1os de innovaci\u00f3n y liderazgo: la experiencia de Maria Assunta Pavan en Italtel - Italtel\",\"isPartOf\":{\"@id\":\"https:\\\/\\\/www.italtel.com\\\/de\\\/#website\"},\"primaryImageOfPage\":{\"@id\":\"https:\\\/\\\/www.italtel.com\\\/es\\\/37-anos-de-innovacion-y-liderazgo-la-experiencia-de-maria-assunta-pavan-en-italtel\\\/#primaryimage\"},\"image\":{\"@id\":\"https:\\\/\\\/www.italtel.com\\\/es\\\/37-anos-de-innovacion-y-liderazgo-la-experiencia-de-maria-assunta-pavan-en-italtel\\\/#primaryimage\"},\"thumbnailUrl\":\"https:\\\/\\\/www.italtel.com\\\/wp-content\\\/uploads\\\/2024\\\/11\\\/Maria-Assunta.webp\",\"datePublished\":\"2024-11-20T08:39:17+00:00\",\"dateModified\":\"2025-01-07T15:24:33+00:00\",\"breadcrumb\":{\"@id\":\"https:\\\/\\\/www.italtel.com\\\/es\\\/37-anos-de-innovacion-y-liderazgo-la-experiencia-de-maria-assunta-pavan-en-italtel\\\/#breadcrumb\"},\"inLanguage\":\"es\",\"potentialAction\":[{\"@type\":\"ReadAction\",\"target\":[\"https:\\\/\\\/www.italtel.com\\\/es\\\/37-anos-de-innovacion-y-liderazgo-la-experiencia-de-maria-assunta-pavan-en-italtel\\\/\"]}]},{\"@type\":\"ImageObject\",\"inLanguage\":\"es\",\"@id\":\"https:\\\/\\\/www.italtel.com\\\/es\\\/37-anos-de-innovacion-y-liderazgo-la-experiencia-de-maria-assunta-pavan-en-italtel\\\/#primaryimage\",\"url\":\"https:\\\/\\\/www.italtel.com\\\/wp-content\\\/uploads\\\/2024\\\/11\\\/Maria-Assunta.webp\",\"contentUrl\":\"https:\\\/\\\/www.italtel.com\\\/wp-content\\\/uploads\\\/2024\\\/11\\\/Maria-Assunta.webp\",\"width\":1394,\"height\":863,\"caption\":\"Maria Assunta Pavan\"},{\"@type\":\"BreadcrumbList\",\"@id\":\"https:\\\/\\\/www.italtel.com\\\/es\\\/37-anos-de-innovacion-y-liderazgo-la-experiencia-de-maria-assunta-pavan-en-italtel\\\/#breadcrumb\",\"itemListElement\":[{\"@type\":\"ListItem\",\"position\":1,\"name\":\"Home\",\"item\":\"https:\\\/\\\/www.italtel.com\\\/es\\\/\"},{\"@type\":\"ListItem\",\"position\":2,\"name\":\"37 a\u00f1os de innovaci\u00f3n y liderazgo: la experiencia de Maria Assunta Pavan en Italtel\"}]},{\"@type\":\"WebSite\",\"@id\":\"https:\\\/\\\/www.italtel.com\\\/de\\\/#website\",\"url\":\"https:\\\/\\\/www.italtel.com\\\/de\\\/\",\"name\":\"Italtel\",\"description\":\"Italtel Group&#039;s company website\",\"publisher\":{\"@id\":\"https:\\\/\\\/www.italtel.com\\\/de\\\/#organization\"},\"potentialAction\":[{\"@type\":\"SearchAction\",\"target\":{\"@type\":\"EntryPoint\",\"urlTemplate\":\"https:\\\/\\\/www.italtel.com\\\/de\\\/?s={search_term_string}\"},\"query-input\":{\"@type\":\"PropertyValueSpecification\",\"valueRequired\":true,\"valueName\":\"search_term_string\"}}],\"inLanguage\":\"es\"},{\"@type\":\"Organization\",\"@id\":\"https:\\\/\\\/www.italtel.com\\\/de\\\/#organization\",\"name\":\"Italtel S.p.A.\",\"url\":\"https:\\\/\\\/www.italtel.com\\\/de\\\/\",\"logo\":{\"@type\":\"ImageObject\",\"inLanguage\":\"es\",\"@id\":\"https:\\\/\\\/www.italtel.com\\\/de\\\/#\\\/schema\\\/logo\\\/image\\\/\",\"url\":\"https:\\\/\\\/www.italtel.com\\\/wp-content\\\/uploads\\\/2024\\\/11\\\/Italtel_logo.png\",\"contentUrl\":\"https:\\\/\\\/www.italtel.com\\\/wp-content\\\/uploads\\\/2024\\\/11\\\/Italtel_logo.png\",\"width\":591,\"height\":139,\"caption\":\"Italtel S.p.A.\"},\"image\":{\"@id\":\"https:\\\/\\\/www.italtel.com\\\/de\\\/#\\\/schema\\\/logo\\\/image\\\/\"},\"sameAs\":[\"https:\\\/\\\/x.com\\\/Italtel\",\"https:\\\/\\\/www.linkedin.com\\\/company\\\/italtel\\\/\",\"https:\\\/\\\/www.instagram.com\\\/italtel_hq\\\/\"]},{\"@type\":\"Person\",\"@id\":\"https:\\\/\\\/www.italtel.com\\\/de\\\/#\\\/schema\\\/person\\\/38f315d5a978255f0cf320055bad5afe\",\"name\":\"Daniela Fontana\",\"image\":{\"@type\":\"ImageObject\",\"inLanguage\":\"es\",\"@id\":\"https:\\\/\\\/secure.gravatar.com\\\/avatar\\\/834a03b0c73144a8ca36e17dc365b3fbadb34c9e44399b609a00f2231e694f6a?s=96&d=mm&r=g\",\"url\":\"https:\\\/\\\/secure.gravatar.com\\\/avatar\\\/834a03b0c73144a8ca36e17dc365b3fbadb34c9e44399b609a00f2231e694f6a?s=96&d=mm&r=g\",\"contentUrl\":\"https:\\\/\\\/secure.gravatar.com\\\/avatar\\\/834a03b0c73144a8ca36e17dc365b3fbadb34c9e44399b609a00f2231e694f6a?s=96&d=mm&r=g\",\"caption\":\"Daniela Fontana\"}}]}<\/script>\n<!-- \/ Yoast SEO plugin. -->","yoast_head_json":{"title":"37 a\u00f1os de innovaci\u00f3n y liderazgo: la experiencia de Maria Assunta Pavan en Italtel - Italtel","robots":{"index":"index","follow":"follow","max-snippet":"max-snippet:-1","max-image-preview":"max-image-preview:large","max-video-preview":"max-video-preview:-1"},"canonical":"https:\/\/www.italtel.com\/es\/37-anos-de-innovacion-y-liderazgo-la-experiencia-de-maria-assunta-pavan-en-italtel\/","og_locale":"es_ES","og_type":"article","og_title":"37 a\u00f1os de innovaci\u00f3n y liderazgo: la experiencia de Maria Assunta Pavan en Italtel - Italtel","og_url":"https:\/\/www.italtel.com\/es\/37-anos-de-innovacion-y-liderazgo-la-experiencia-de-maria-assunta-pavan-en-italtel\/","og_site_name":"Italtel","article_published_time":"2024-11-20T08:39:17+00:00","article_modified_time":"2025-01-07T15:24:33+00:00","og_image":[{"width":1394,"height":863,"url":"https:\/\/www.italtel.com\/wp-content\/uploads\/2024\/11\/Maria-Assunta.webp","type":"image\/webp"}],"author":"Daniela Fontana","twitter_card":"summary_large_image","twitter_creator":"@Italtel","twitter_site":"@Italtel","twitter_misc":{"Escrito por":"Daniela Fontana","Tiempo de lectura":"1 minuto"},"schema":{"@context":"https:\/\/schema.org","@graph":[{"@type":"Article","@id":"https:\/\/www.italtel.com\/es\/37-anos-de-innovacion-y-liderazgo-la-experiencia-de-maria-assunta-pavan-en-italtel\/#article","isPartOf":{"@id":"https:\/\/www.italtel.com\/es\/37-anos-de-innovacion-y-liderazgo-la-experiencia-de-maria-assunta-pavan-en-italtel\/"},"author":{"name":"Daniela Fontana","@id":"https:\/\/www.italtel.com\/de\/#\/schema\/person\/38f315d5a978255f0cf320055bad5afe"},"headline":"37 a\u00f1os de innovaci\u00f3n y liderazgo: la experiencia de Maria Assunta Pavan en Italtel","datePublished":"2024-11-20T08:39:17+00:00","dateModified":"2025-01-07T15:24:33+00:00","mainEntityOfPage":{"@id":"https:\/\/www.italtel.com\/es\/37-anos-de-innovacion-y-liderazgo-la-experiencia-de-maria-assunta-pavan-en-italtel\/"},"wordCount":1380,"publisher":{"@id":"https:\/\/www.italtel.com\/de\/#organization"},"image":{"@id":"https:\/\/www.italtel.com\/es\/37-anos-de-innovacion-y-liderazgo-la-experiencia-de-maria-assunta-pavan-en-italtel\/#primaryimage"},"thumbnailUrl":"https:\/\/www.italtel.com\/wp-content\/uploads\/2024\/11\/Maria-Assunta.webp","articleSection":["Focus","Interview"],"inLanguage":"es"},{"@type":"WebPage","@id":"https:\/\/www.italtel.com\/es\/37-anos-de-innovacion-y-liderazgo-la-experiencia-de-maria-assunta-pavan-en-italtel\/","url":"https:\/\/www.italtel.com\/es\/37-anos-de-innovacion-y-liderazgo-la-experiencia-de-maria-assunta-pavan-en-italtel\/","name":"37 a\u00f1os de innovaci\u00f3n y liderazgo: la experiencia de Maria Assunta Pavan en Italtel - Italtel","isPartOf":{"@id":"https:\/\/www.italtel.com\/de\/#website"},"primaryImageOfPage":{"@id":"https:\/\/www.italtel.com\/es\/37-anos-de-innovacion-y-liderazgo-la-experiencia-de-maria-assunta-pavan-en-italtel\/#primaryimage"},"image":{"@id":"https:\/\/www.italtel.com\/es\/37-anos-de-innovacion-y-liderazgo-la-experiencia-de-maria-assunta-pavan-en-italtel\/#primaryimage"},"thumbnailUrl":"https:\/\/www.italtel.com\/wp-content\/uploads\/2024\/11\/Maria-Assunta.webp","datePublished":"2024-11-20T08:39:17+00:00","dateModified":"2025-01-07T15:24:33+00:00","breadcrumb":{"@id":"https:\/\/www.italtel.com\/es\/37-anos-de-innovacion-y-liderazgo-la-experiencia-de-maria-assunta-pavan-en-italtel\/#breadcrumb"},"inLanguage":"es","potentialAction":[{"@type":"ReadAction","target":["https:\/\/www.italtel.com\/es\/37-anos-de-innovacion-y-liderazgo-la-experiencia-de-maria-assunta-pavan-en-italtel\/"]}]},{"@type":"ImageObject","inLanguage":"es","@id":"https:\/\/www.italtel.com\/es\/37-anos-de-innovacion-y-liderazgo-la-experiencia-de-maria-assunta-pavan-en-italtel\/#primaryimage","url":"https:\/\/www.italtel.com\/wp-content\/uploads\/2024\/11\/Maria-Assunta.webp","contentUrl":"https:\/\/www.italtel.com\/wp-content\/uploads\/2024\/11\/Maria-Assunta.webp","width":1394,"height":863,"caption":"Maria Assunta Pavan"},{"@type":"BreadcrumbList","@id":"https:\/\/www.italtel.com\/es\/37-anos-de-innovacion-y-liderazgo-la-experiencia-de-maria-assunta-pavan-en-italtel\/#breadcrumb","itemListElement":[{"@type":"ListItem","position":1,"name":"Home","item":"https:\/\/www.italtel.com\/es\/"},{"@type":"ListItem","position":2,"name":"37 a\u00f1os de innovaci\u00f3n y liderazgo: la experiencia de Maria Assunta Pavan en Italtel"}]},{"@type":"WebSite","@id":"https:\/\/www.italtel.com\/de\/#website","url":"https:\/\/www.italtel.com\/de\/","name":"Italtel","description":"Italtel Group&#039;s company website","publisher":{"@id":"https:\/\/www.italtel.com\/de\/#organization"},"potentialAction":[{"@type":"SearchAction","target":{"@type":"EntryPoint","urlTemplate":"https:\/\/www.italtel.com\/de\/?s={search_term_string}"},"query-input":{"@type":"PropertyValueSpecification","valueRequired":true,"valueName":"search_term_string"}}],"inLanguage":"es"},{"@type":"Organization","@id":"https:\/\/www.italtel.com\/de\/#organization","name":"Italtel S.p.A.","url":"https:\/\/www.italtel.com\/de\/","logo":{"@type":"ImageObject","inLanguage":"es","@id":"https:\/\/www.italtel.com\/de\/#\/schema\/logo\/image\/","url":"https:\/\/www.italtel.com\/wp-content\/uploads\/2024\/11\/Italtel_logo.png","contentUrl":"https:\/\/www.italtel.com\/wp-content\/uploads\/2024\/11\/Italtel_logo.png","width":591,"height":139,"caption":"Italtel S.p.A."},"image":{"@id":"https:\/\/www.italtel.com\/de\/#\/schema\/logo\/image\/"},"sameAs":["https:\/\/x.com\/Italtel","https:\/\/www.linkedin.com\/company\/italtel\/","https:\/\/www.instagram.com\/italtel_hq\/"]},{"@type":"Person","@id":"https:\/\/www.italtel.com\/de\/#\/schema\/person\/38f315d5a978255f0cf320055bad5afe","name":"Daniela Fontana","image":{"@type":"ImageObject","inLanguage":"es","@id":"https:\/\/secure.gravatar.com\/avatar\/834a03b0c73144a8ca36e17dc365b3fbadb34c9e44399b609a00f2231e694f6a?s=96&d=mm&r=g","url":"https:\/\/secure.gravatar.com\/avatar\/834a03b0c73144a8ca36e17dc365b3fbadb34c9e44399b609a00f2231e694f6a?s=96&d=mm&r=g","contentUrl":"https:\/\/secure.gravatar.com\/avatar\/834a03b0c73144a8ca36e17dc365b3fbadb34c9e44399b609a00f2231e694f6a?s=96&d=mm&r=g","caption":"Daniela Fontana"}}]}},"_links":{"self":[{"href":"https:\/\/www.italtel.com\/es\/wp-json\/wp\/v2\/posts\/66604","targetHints":{"allow":["GET"]}}],"collection":[{"href":"https:\/\/www.italtel.com\/es\/wp-json\/wp\/v2\/posts"}],"about":[{"href":"https:\/\/www.italtel.com\/es\/wp-json\/wp\/v2\/types\/post"}],"author":[{"embeddable":true,"href":"https:\/\/www.italtel.com\/es\/wp-json\/wp\/v2\/users\/6"}],"replies":[{"embeddable":true,"href":"https:\/\/www.italtel.com\/es\/wp-json\/wp\/v2\/comments?post=66604"}],"version-history":[{"count":6,"href":"https:\/\/www.italtel.com\/es\/wp-json\/wp\/v2\/posts\/66604\/revisions"}],"predecessor-version":[{"id":66649,"href":"https:\/\/www.italtel.com\/es\/wp-json\/wp\/v2\/posts\/66604\/revisions\/66649"}],"wp:featuredmedia":[{"embeddable":true,"href":"https:\/\/www.italtel.com\/es\/wp-json\/wp\/v2\/media\/65796"}],"wp:attachment":[{"href":"https:\/\/www.italtel.com\/es\/wp-json\/wp\/v2\/media?parent=66604"}],"wp:term":[{"taxonomy":"category","embeddable":true,"href":"https:\/\/www.italtel.com\/es\/wp-json\/wp\/v2\/categories?post=66604"},{"taxonomy":"post_tag","embeddable":true,"href":"https:\/\/www.italtel.com\/es\/wp-json\/wp\/v2\/tags?post=66604"}],"curies":[{"name":"wp","href":"https:\/\/api.w.org\/{rel}","templated":true}]}}