{"id":66628,"date":"2024-11-15T17:11:49","date_gmt":"2024-11-15T15:11:49","guid":{"rendered":"https:\/\/www.italtel.com\/?p=66628"},"modified":"2025-02-12T13:44:57","modified_gmt":"2025-02-12T11:44:57","slug":"italtel-spain-apoya-la-diversidad-y-la-inclusion-en-el-congreso-de-mujeres-stem-2024","status":"publish","type":"post","link":"https:\/\/www.italtel.com\/es\/italtel-spain-apoya-la-diversidad-y-la-inclusion-en-el-congreso-de-mujeres-stem-2024\/","title":{"rendered":"Italtel Spain apoya la diversidad y la inclusi\u00f3n en el Congreso de Mujeres STEM 2024"},"content":{"rendered":"\n<div class=\"row\"  id=\"row-565972291\">\n\n\n\t<div id=\"col-935955065\" class=\"col medium-9 small-12 large-9\"  >\n\t\t\t\t<div class=\"col-inner\"  >\n\t\t\t\n\t\t\t\n\n\t<div id=\"text-1523037084\" class=\"text fontsize_18 color_black\">\n\t\t\n\n<p>Barcelona se despert\u00f3 rebosante de energ\u00eda y emoci\u00f3n los d\u00edas 12 y 13 de noviembre con la celebraci\u00f3n del 2024 STEM Women Congress. Este evento reuni\u00f3 con \u00e9xito a mujeres de todo el mundo para compartir su pasi\u00f3n por la ciencia, la tecnolog\u00eda, la ingenier\u00eda y las matem\u00e1ticas. Desde muy temprano, el recinto se llen\u00f3 de voces y rostros ansiosos, todos unidos por un objetivo com\u00fan: crear un espacio de inclusi\u00f3n y apoyo en campos donde la representaci\u00f3n femenina sigue siendo limitada. Italtel, comprometida con la igualdad de g\u00e9nero, tambi\u00e9n estuvo presente con orgullo.<\/p>\n<p>Las charlas inaugurales marcaron un tono inspirador, con mujeres l\u00edderes en sus campos que compartieron sus trayectorias, los retos a los que se han enfrentado y las barreras que han ido superando poco a poco.<\/p>\n<p>En cada rinc\u00f3n del evento, los asistentes entablaron animadas conversaciones: j\u00f3venes estudiantes intercambiaron ideas con profesionales experimentadas, y mujeres l\u00edderes en tecnolog\u00eda compartieron experiencias con educadoras.<\/p>\n<p>Uno de los momentos m\u00e1s emotivos fue, sin duda, la entrega de los Premios Mujeres STEM, donde se reconocieron diversos proyectos de empresas por su esfuerzo en destacar la contribuci\u00f3n de las mujeres, las buenas pr\u00e1cticas en la retenci\u00f3n del talento femenino, etc. Aplausos, sonrisas y miradas c\u00f3mplices llenaron el auditorio, subrayando la importancia de espacios como \u00e9ste para poner en valor el talento y el esfuerzo de tantas mujeres que, contra viento y marea, siguen abriendo puertas en sectores donde el liderazgo futuro pertenecer\u00e1 a quienes consigan retener a las mujeres. Una de las mesas redondas cont\u00f3 con participantes masculinos que cada vez m\u00e1s dan un paso al frente para compartir sus perspectivas y apoyar a las mujeres en esta revoluci\u00f3n de crecimiento e igualdad.<\/p>\n\t\t\t<\/div>\n\t\n\t<div class=\"img has-hover x md-x lg-x y md-y lg-y\" id=\"image_468878327\">\n\t\t\t\t\t\t\t\t<div class=\"img-inner dark\" >\n\t\t\t<img loading=\"lazy\" decoding=\"async\" width=\"1020\" height=\"574\" src=\"https:\/\/www.italtel.com\/wp-content\/uploads\/2024\/11\/5-1024x576.jpg\" class=\"attachment-large size-large\" alt=\"\" srcset=\"https:\/\/www.italtel.com\/wp-content\/uploads\/2024\/11\/5-1024x576.jpg 1024w, https:\/\/www.italtel.com\/wp-content\/uploads\/2024\/11\/5-300x169.jpg 300w, https:\/\/www.italtel.com\/wp-content\/uploads\/2024\/11\/5-768x432.jpg 768w, https:\/\/www.italtel.com\/wp-content\/uploads\/2024\/11\/5-1536x864.jpg 1536w, https:\/\/www.italtel.com\/wp-content\/uploads\/2024\/11\/5.jpg 1920w\" sizes=\"auto, (max-width: 1020px) 100vw, 1020px\" \/>\t\t\t\t\t\t\n\t\t\t\t\t<\/div>\n\t\t\t\t\t\t\t\t\n<style>\n#image_468878327 {\n  width: 100%;\n}\n<\/style>\n\t<\/div>\n\t\n\n\t<div id=\"text-176570560\" class=\"text fontsize_18 color_black\">\n\t\t\n\n<p>El 2024 STEM Women Congress dej\u00f3 tras de s\u00ed no solo una estela de inspiraci\u00f3n y conocimientos, sino tambi\u00e9n la firme convicci\u00f3n de que, unidas, las mujeres en STEM son una fuerza imparable.<\/p>\n<p>Las empresas invierten cada vez m\u00e1s en atraer talento femenino, pero es esencial que esto vaya acompa\u00f1ado de un amplio compromiso de la sociedad, empezando en las etapas m\u00e1s tempranas de la educaci\u00f3n. La segunda jornada del Congreso se centr\u00f3 en este colectivo, invitando a chicos y chicas desde su primer a\u00f1o de secundaria.<\/p>\n<p>En representaci\u00f3n de Italtel Espa\u00f1a asistieron al acto Isabel Herreros (Directora de RRHH), Manuel Garc\u00eda (Director de Ingenier\u00eda y Desarrollo de Negocio), Susana Roque (Responsable de Preventa) y Natalia Fern\u00e1ndez de Losada (Responsable de Alianzas).<\/p>\n<p>Tanto Isabel como Manuel son miembros de la Comisi\u00f3n de Igualdad de Italtel Espa\u00f1a.<\/p>\n\t\t\t<\/div>\n\t\n\n\t\t<\/div>\n\t\t\t\t\n<style>\n#col-935955065 > .col-inner {\n  padding: 6rem 11rem 0px 0px;\n}\n<\/style>\n\t<\/div>\n\n\t\n\n\t<div id=\"col-1400093416\" class=\"col sibebar_col medium-3 small-12 large-3\"  >\n\t\t<div class=\"is-sticky-column\"><div class=\"is-sticky-column__inner\">\t\t<div class=\"col-inner\"  >\n\t\t\t\n\t\t\t\n\n\t<div id=\"text-1392781276\" class=\"text fontsize_16 color_black fontweight_500\">\n\t\t\n\n<p>KEYWORDS<\/p>\n\t\t\t<\/div>\n\t\n<div class=\"is-divider divider clearfix\" style=\"margin-top:2rem;margin-bottom:2rem;max-width:100%;height:1px;background-color:rgba(112, 112, 112, 0.302);\"><\/div>\n\n\t<div id=\"text-385322248\" class=\"text fontsize_18 color_black\">\n\t\t\n\n<p>STEM WOMEN<\/p>\n\t\t\t<\/div>\n\t\n<div class=\"is-divider divider clearfix\" style=\"margin-top:2rem;margin-bottom:2rem;max-width:100%;height:1px;background-color:rgba(112, 112, 112, 0.302);\"><\/div>\n\n\t<div id=\"text-3105217877\" class=\"text fontsize_18 color_black\">\n\t\t\n\n<p>SUSTAINABILITY<\/p>\n\t\t\t<\/div>\n\t\n<div class=\"is-divider divider clearfix\" style=\"margin-top:2rem;margin-bottom:2rem;max-width:100%;height:1px;background-color:rgba(112, 112, 112, 0.302);\"><\/div>\n\n\t<div id=\"text-173499055\" class=\"text fontsize_18 color_black\">\n\t\t\n\n<p>GENDER EQUALITY<\/p>\n\t\t\t<\/div>\n\t\n<div class=\"is-divider divider clearfix\" style=\"margin-top:2rem;margin-bottom:2rem;max-width:100%;height:1px;background-color:rgba(112, 112, 112, 0.302);\"><\/div>\n\n\t<div id=\"gap-1695987476\" class=\"gap-element clearfix\" style=\"display:block; height:auto;\">\n\t\t\n<style>\n#gap-1695987476 {\n  padding-top: 13rem;\n}\n<\/style>\n\t<\/div>\n\t\n\n\t<div id=\"gap-732835298\" class=\"gap-element clearfix\" style=\"display:block; height:auto;\">\n\t\t\n<style>\n#gap-732835298 {\n  padding-top: 13rem;\n}\n<\/style>\n\t<\/div>\n\t\n\n\t<div id=\"text-4071043300\" class=\"text fontsize_16 color_black fontweight_500\">\n\t\t\n\nSHARE THE PAGE\n\t\t\t<\/div>\n\t\n<div class=\"is-divider divider clearfix\" style=\"margin-top:2rem;margin-bottom:2rem;max-width:100%;height:1px;background-color:rgba(112, 112, 112, 0.302);\"><\/div>\n\n\t<div class=\"img has-hover socialshare_icon linkedin x md-x lg-x y md-y lg-y\" id=\"image_418151883\">\n\t\t\t\t\t\t\t\t<div class=\"img-inner dark\" >\n\t\t\t<img loading=\"lazy\" decoding=\"async\" width=\"1\" height=\"1\" src=\"https:\/\/www.italtel.com\/wp-content\/uploads\/2024\/09\/Linkedin-icon.svg\" class=\"attachment-large size-large\" alt=\"Linkedin-icon\" \/>\t\t\t\t\t\t\n\t\t\t\t\t<\/div>\n\t\t\t\t\t\t\t\t\n<style>\n#image_418151883 {\n  width: 100%;\n}\n<\/style>\n\t<\/div>\n\t\n\n\t<div class=\"img has-hover socialshare_icon instagram x md-x lg-x y md-y lg-y\" id=\"image_1458639926\">\n\t\t\t\t\t\t\t\t<div class=\"img-inner dark\" >\n\t\t\t<img loading=\"lazy\" decoding=\"async\" width=\"27\" height=\"27\" src=\"https:\/\/www.italtel.com\/wp-content\/uploads\/2024\/07\/Raggruppa-12942.png\" class=\"attachment-large size-large\" alt=\"Instagram icon\" \/>\t\t\t\t\t\t\n\t\t\t\t\t<\/div>\n\t\t\t\t\t\t\t\t\n<style>\n#image_1458639926 {\n  width: 100%;\n}\n<\/style>\n\t<\/div>\n\t\n\n\t<div class=\"img has-hover socialshare_icon ex x md-x lg-x y md-y lg-y\" id=\"image_1153736278\">\n\t\t\t\t\t\t\t\t<div class=\"img-inner dark\" >\n\t\t\t<img loading=\"lazy\" decoding=\"async\" width=\"1\" height=\"1\" src=\"https:\/\/www.italtel.com\/wp-content\/uploads\/2024\/09\/X-icon.svg\" class=\"attachment-large size-large\" alt=\"X-icon\" \/>\t\t\t\t\t\t\n\t\t\t\t\t<\/div>\n\t\t\t\t\t\t\t\t\n<style>\n#image_1153736278 {\n  width: 100%;\n}\n<\/style>\n\t<\/div>\n\t\n\n\n\t\t<\/div>\n\t\t<\/div><\/div>\t\t\n<style>\n#col-1400093416 > .is-sticky-column > .is-sticky-column__inner > .col-inner {\n  padding: 6rem 0px 0px 0px;\n}\n<\/style>\n\t<\/div>\n\n\t\n\n<\/div>\n\n","protected":false},"excerpt":{"rendered":"","protected":false},"author":6,"featured_media":66630,"comment_status":"closed","ping_status":"closed","sticky":false,"template":"","format":"standard","meta":{"footnotes":""},"categories":[865],"tags":[],"class_list":["post-66628","post","type-post","status-publish","format-standard","has-post-thumbnail","hentry","category-news-es"],"yoast_head":"<!-- This site is optimized with the Yoast SEO plugin v27.4 - https:\/\/yoast.com\/product\/yoast-seo-wordpress\/ -->\n<title>Italtel Spain apoya la diversidad y la inclusi\u00f3n en el Congreso de Mujeres STEM 2024 - Italtel<\/title>\n<meta name=\"robots\" content=\"index, follow, max-snippet:-1, max-image-preview:large, max-video-preview:-1\" \/>\n<link rel=\"canonical\" href=\"https:\/\/www.italtel.com\/es\/italtel-spain-apoya-la-diversidad-y-la-inclusion-en-el-congreso-de-mujeres-stem-2024\/\" \/>\n<meta property=\"og:locale\" content=\"es_ES\" \/>\n<meta property=\"og:type\" content=\"article\" \/>\n<meta property=\"og:title\" content=\"Italtel Spain apoya la diversidad y la inclusi\u00f3n en el Congreso de Mujeres STEM 2024 - Italtel\" \/>\n<meta property=\"og:url\" content=\"https:\/\/www.italtel.com\/es\/italtel-spain-apoya-la-diversidad-y-la-inclusion-en-el-congreso-de-mujeres-stem-2024\/\" \/>\n<meta property=\"og:site_name\" content=\"Italtel\" \/>\n<meta property=\"article:published_time\" content=\"2024-11-15T15:11:49+00:00\" \/>\n<meta property=\"article:modified_time\" content=\"2025-02-12T11:44:57+00:00\" \/>\n<meta property=\"og:image\" content=\"https:\/\/www.italtel.com\/wp-content\/uploads\/2024\/11\/6.jpg\" \/>\n\t<meta property=\"og:image:width\" content=\"1920\" \/>\n\t<meta property=\"og:image:height\" content=\"1080\" \/>\n\t<meta property=\"og:image:type\" content=\"image\/jpeg\" \/>\n<meta name=\"author\" content=\"Daniela Fontana\" \/>\n<meta name=\"twitter:card\" content=\"summary_large_image\" \/>\n<meta name=\"twitter:creator\" content=\"@Italtel\" \/>\n<meta name=\"twitter:site\" content=\"@Italtel\" \/>\n<meta name=\"twitter:label1\" content=\"Escrito por\" \/>\n\t<meta name=\"twitter:data1\" content=\"Daniela Fontana\" \/>\n\t<meta name=\"twitter:label2\" content=\"Tiempo de lectura\" \/>\n\t<meta name=\"twitter:data2\" content=\"1 minuto\" \/>\n<script type=\"application\/ld+json\" class=\"yoast-schema-graph\">{\"@context\":\"https:\\\/\\\/schema.org\",\"@graph\":[{\"@type\":\"Article\",\"@id\":\"https:\\\/\\\/www.italtel.com\\\/es\\\/italtel-spain-apoya-la-diversidad-y-la-inclusion-en-el-congreso-de-mujeres-stem-2024\\\/#article\",\"isPartOf\":{\"@id\":\"https:\\\/\\\/www.italtel.com\\\/es\\\/italtel-spain-apoya-la-diversidad-y-la-inclusion-en-el-congreso-de-mujeres-stem-2024\\\/\"},\"author\":{\"name\":\"Daniela Fontana\",\"@id\":\"https:\\\/\\\/www.italtel.com\\\/de\\\/#\\\/schema\\\/person\\\/38f315d5a978255f0cf320055bad5afe\"},\"headline\":\"Italtel Spain apoya la diversidad y la inclusi\u00f3n en el Congreso de Mujeres STEM 2024\",\"datePublished\":\"2024-11-15T15:11:49+00:00\",\"dateModified\":\"2025-02-12T11:44:57+00:00\",\"mainEntityOfPage\":{\"@id\":\"https:\\\/\\\/www.italtel.com\\\/es\\\/italtel-spain-apoya-la-diversidad-y-la-inclusion-en-el-congreso-de-mujeres-stem-2024\\\/\"},\"wordCount\":632,\"publisher\":{\"@id\":\"https:\\\/\\\/www.italtel.com\\\/de\\\/#organization\"},\"image\":{\"@id\":\"https:\\\/\\\/www.italtel.com\\\/es\\\/italtel-spain-apoya-la-diversidad-y-la-inclusion-en-el-congreso-de-mujeres-stem-2024\\\/#primaryimage\"},\"thumbnailUrl\":\"https:\\\/\\\/www.italtel.com\\\/wp-content\\\/uploads\\\/2024\\\/11\\\/6.jpg\",\"articleSection\":[\"News\"],\"inLanguage\":\"es\"},{\"@type\":\"WebPage\",\"@id\":\"https:\\\/\\\/www.italtel.com\\\/es\\\/italtel-spain-apoya-la-diversidad-y-la-inclusion-en-el-congreso-de-mujeres-stem-2024\\\/\",\"url\":\"https:\\\/\\\/www.italtel.com\\\/es\\\/italtel-spain-apoya-la-diversidad-y-la-inclusion-en-el-congreso-de-mujeres-stem-2024\\\/\",\"name\":\"Italtel Spain apoya la diversidad y la inclusi\u00f3n en el Congreso de Mujeres STEM 2024 - Italtel\",\"isPartOf\":{\"@id\":\"https:\\\/\\\/www.italtel.com\\\/de\\\/#website\"},\"primaryImageOfPage\":{\"@id\":\"https:\\\/\\\/www.italtel.com\\\/es\\\/italtel-spain-apoya-la-diversidad-y-la-inclusion-en-el-congreso-de-mujeres-stem-2024\\\/#primaryimage\"},\"image\":{\"@id\":\"https:\\\/\\\/www.italtel.com\\\/es\\\/italtel-spain-apoya-la-diversidad-y-la-inclusion-en-el-congreso-de-mujeres-stem-2024\\\/#primaryimage\"},\"thumbnailUrl\":\"https:\\\/\\\/www.italtel.com\\\/wp-content\\\/uploads\\\/2024\\\/11\\\/6.jpg\",\"datePublished\":\"2024-11-15T15:11:49+00:00\",\"dateModified\":\"2025-02-12T11:44:57+00:00\",\"breadcrumb\":{\"@id\":\"https:\\\/\\\/www.italtel.com\\\/es\\\/italtel-spain-apoya-la-diversidad-y-la-inclusion-en-el-congreso-de-mujeres-stem-2024\\\/#breadcrumb\"},\"inLanguage\":\"es\",\"potentialAction\":[{\"@type\":\"ReadAction\",\"target\":[\"https:\\\/\\\/www.italtel.com\\\/es\\\/italtel-spain-apoya-la-diversidad-y-la-inclusion-en-el-congreso-de-mujeres-stem-2024\\\/\"]}]},{\"@type\":\"ImageObject\",\"inLanguage\":\"es\",\"@id\":\"https:\\\/\\\/www.italtel.com\\\/es\\\/italtel-spain-apoya-la-diversidad-y-la-inclusion-en-el-congreso-de-mujeres-stem-2024\\\/#primaryimage\",\"url\":\"https:\\\/\\\/www.italtel.com\\\/wp-content\\\/uploads\\\/2024\\\/11\\\/6.jpg\",\"contentUrl\":\"https:\\\/\\\/www.italtel.com\\\/wp-content\\\/uploads\\\/2024\\\/11\\\/6.jpg\",\"width\":1920,\"height\":1080,\"caption\":\"Italtel Espa\u00f1a apoya la diversidad y la inclusi\u00f3n en el Congreso de Mujeres STEM 2024\"},{\"@type\":\"BreadcrumbList\",\"@id\":\"https:\\\/\\\/www.italtel.com\\\/es\\\/italtel-spain-apoya-la-diversidad-y-la-inclusion-en-el-congreso-de-mujeres-stem-2024\\\/#breadcrumb\",\"itemListElement\":[{\"@type\":\"ListItem\",\"position\":1,\"name\":\"Home\",\"item\":\"https:\\\/\\\/www.italtel.com\\\/es\\\/\"},{\"@type\":\"ListItem\",\"position\":2,\"name\":\"Italtel Spain apoya la diversidad y la inclusi\u00f3n en el Congreso de Mujeres STEM 2024\"}]},{\"@type\":\"WebSite\",\"@id\":\"https:\\\/\\\/www.italtel.com\\\/de\\\/#website\",\"url\":\"https:\\\/\\\/www.italtel.com\\\/de\\\/\",\"name\":\"Italtel\",\"description\":\"Italtel Group&#039;s company website\",\"publisher\":{\"@id\":\"https:\\\/\\\/www.italtel.com\\\/de\\\/#organization\"},\"potentialAction\":[{\"@type\":\"SearchAction\",\"target\":{\"@type\":\"EntryPoint\",\"urlTemplate\":\"https:\\\/\\\/www.italtel.com\\\/de\\\/?s={search_term_string}\"},\"query-input\":{\"@type\":\"PropertyValueSpecification\",\"valueRequired\":true,\"valueName\":\"search_term_string\"}}],\"inLanguage\":\"es\"},{\"@type\":\"Organization\",\"@id\":\"https:\\\/\\\/www.italtel.com\\\/de\\\/#organization\",\"name\":\"Italtel S.p.A.\",\"url\":\"https:\\\/\\\/www.italtel.com\\\/de\\\/\",\"logo\":{\"@type\":\"ImageObject\",\"inLanguage\":\"es\",\"@id\":\"https:\\\/\\\/www.italtel.com\\\/de\\\/#\\\/schema\\\/logo\\\/image\\\/\",\"url\":\"https:\\\/\\\/www.italtel.com\\\/wp-content\\\/uploads\\\/2024\\\/11\\\/Italtel_logo.png\",\"contentUrl\":\"https:\\\/\\\/www.italtel.com\\\/wp-content\\\/uploads\\\/2024\\\/11\\\/Italtel_logo.png\",\"width\":591,\"height\":139,\"caption\":\"Italtel S.p.A.\"},\"image\":{\"@id\":\"https:\\\/\\\/www.italtel.com\\\/de\\\/#\\\/schema\\\/logo\\\/image\\\/\"},\"sameAs\":[\"https:\\\/\\\/x.com\\\/Italtel\",\"https:\\\/\\\/www.linkedin.com\\\/company\\\/italtel\\\/\",\"https:\\\/\\\/www.instagram.com\\\/italtel_hq\\\/\"]},{\"@type\":\"Person\",\"@id\":\"https:\\\/\\\/www.italtel.com\\\/de\\\/#\\\/schema\\\/person\\\/38f315d5a978255f0cf320055bad5afe\",\"name\":\"Daniela Fontana\",\"image\":{\"@type\":\"ImageObject\",\"inLanguage\":\"es\",\"@id\":\"https:\\\/\\\/secure.gravatar.com\\\/avatar\\\/834a03b0c73144a8ca36e17dc365b3fbadb34c9e44399b609a00f2231e694f6a?s=96&d=mm&r=g\",\"url\":\"https:\\\/\\\/secure.gravatar.com\\\/avatar\\\/834a03b0c73144a8ca36e17dc365b3fbadb34c9e44399b609a00f2231e694f6a?s=96&d=mm&r=g\",\"contentUrl\":\"https:\\\/\\\/secure.gravatar.com\\\/avatar\\\/834a03b0c73144a8ca36e17dc365b3fbadb34c9e44399b609a00f2231e694f6a?s=96&d=mm&r=g\",\"caption\":\"Daniela Fontana\"}}]}<\/script>\n<!-- \/ Yoast SEO plugin. -->","yoast_head_json":{"title":"Italtel Spain apoya la diversidad y la inclusi\u00f3n en el Congreso de Mujeres STEM 2024 - Italtel","robots":{"index":"index","follow":"follow","max-snippet":"max-snippet:-1","max-image-preview":"max-image-preview:large","max-video-preview":"max-video-preview:-1"},"canonical":"https:\/\/www.italtel.com\/es\/italtel-spain-apoya-la-diversidad-y-la-inclusion-en-el-congreso-de-mujeres-stem-2024\/","og_locale":"es_ES","og_type":"article","og_title":"Italtel Spain apoya la diversidad y la inclusi\u00f3n en el Congreso de Mujeres STEM 2024 - Italtel","og_url":"https:\/\/www.italtel.com\/es\/italtel-spain-apoya-la-diversidad-y-la-inclusion-en-el-congreso-de-mujeres-stem-2024\/","og_site_name":"Italtel","article_published_time":"2024-11-15T15:11:49+00:00","article_modified_time":"2025-02-12T11:44:57+00:00","og_image":[{"width":1920,"height":1080,"url":"https:\/\/www.italtel.com\/wp-content\/uploads\/2024\/11\/6.jpg","type":"image\/jpeg"}],"author":"Daniela Fontana","twitter_card":"summary_large_image","twitter_creator":"@Italtel","twitter_site":"@Italtel","twitter_misc":{"Escrito por":"Daniela Fontana","Tiempo de lectura":"1 minuto"},"schema":{"@context":"https:\/\/schema.org","@graph":[{"@type":"Article","@id":"https:\/\/www.italtel.com\/es\/italtel-spain-apoya-la-diversidad-y-la-inclusion-en-el-congreso-de-mujeres-stem-2024\/#article","isPartOf":{"@id":"https:\/\/www.italtel.com\/es\/italtel-spain-apoya-la-diversidad-y-la-inclusion-en-el-congreso-de-mujeres-stem-2024\/"},"author":{"name":"Daniela Fontana","@id":"https:\/\/www.italtel.com\/de\/#\/schema\/person\/38f315d5a978255f0cf320055bad5afe"},"headline":"Italtel Spain apoya la diversidad y la inclusi\u00f3n en el Congreso de Mujeres STEM 2024","datePublished":"2024-11-15T15:11:49+00:00","dateModified":"2025-02-12T11:44:57+00:00","mainEntityOfPage":{"@id":"https:\/\/www.italtel.com\/es\/italtel-spain-apoya-la-diversidad-y-la-inclusion-en-el-congreso-de-mujeres-stem-2024\/"},"wordCount":632,"publisher":{"@id":"https:\/\/www.italtel.com\/de\/#organization"},"image":{"@id":"https:\/\/www.italtel.com\/es\/italtel-spain-apoya-la-diversidad-y-la-inclusion-en-el-congreso-de-mujeres-stem-2024\/#primaryimage"},"thumbnailUrl":"https:\/\/www.italtel.com\/wp-content\/uploads\/2024\/11\/6.jpg","articleSection":["News"],"inLanguage":"es"},{"@type":"WebPage","@id":"https:\/\/www.italtel.com\/es\/italtel-spain-apoya-la-diversidad-y-la-inclusion-en-el-congreso-de-mujeres-stem-2024\/","url":"https:\/\/www.italtel.com\/es\/italtel-spain-apoya-la-diversidad-y-la-inclusion-en-el-congreso-de-mujeres-stem-2024\/","name":"Italtel Spain apoya la diversidad y la inclusi\u00f3n en el Congreso de Mujeres STEM 2024 - Italtel","isPartOf":{"@id":"https:\/\/www.italtel.com\/de\/#website"},"primaryImageOfPage":{"@id":"https:\/\/www.italtel.com\/es\/italtel-spain-apoya-la-diversidad-y-la-inclusion-en-el-congreso-de-mujeres-stem-2024\/#primaryimage"},"image":{"@id":"https:\/\/www.italtel.com\/es\/italtel-spain-apoya-la-diversidad-y-la-inclusion-en-el-congreso-de-mujeres-stem-2024\/#primaryimage"},"thumbnailUrl":"https:\/\/www.italtel.com\/wp-content\/uploads\/2024\/11\/6.jpg","datePublished":"2024-11-15T15:11:49+00:00","dateModified":"2025-02-12T11:44:57+00:00","breadcrumb":{"@id":"https:\/\/www.italtel.com\/es\/italtel-spain-apoya-la-diversidad-y-la-inclusion-en-el-congreso-de-mujeres-stem-2024\/#breadcrumb"},"inLanguage":"es","potentialAction":[{"@type":"ReadAction","target":["https:\/\/www.italtel.com\/es\/italtel-spain-apoya-la-diversidad-y-la-inclusion-en-el-congreso-de-mujeres-stem-2024\/"]}]},{"@type":"ImageObject","inLanguage":"es","@id":"https:\/\/www.italtel.com\/es\/italtel-spain-apoya-la-diversidad-y-la-inclusion-en-el-congreso-de-mujeres-stem-2024\/#primaryimage","url":"https:\/\/www.italtel.com\/wp-content\/uploads\/2024\/11\/6.jpg","contentUrl":"https:\/\/www.italtel.com\/wp-content\/uploads\/2024\/11\/6.jpg","width":1920,"height":1080,"caption":"Italtel Espa\u00f1a apoya la diversidad y la inclusi\u00f3n en el Congreso de Mujeres STEM 2024"},{"@type":"BreadcrumbList","@id":"https:\/\/www.italtel.com\/es\/italtel-spain-apoya-la-diversidad-y-la-inclusion-en-el-congreso-de-mujeres-stem-2024\/#breadcrumb","itemListElement":[{"@type":"ListItem","position":1,"name":"Home","item":"https:\/\/www.italtel.com\/es\/"},{"@type":"ListItem","position":2,"name":"Italtel Spain apoya la diversidad y la inclusi\u00f3n en el Congreso de Mujeres STEM 2024"}]},{"@type":"WebSite","@id":"https:\/\/www.italtel.com\/de\/#website","url":"https:\/\/www.italtel.com\/de\/","name":"Italtel","description":"Italtel Group&#039;s company website","publisher":{"@id":"https:\/\/www.italtel.com\/de\/#organization"},"potentialAction":[{"@type":"SearchAction","target":{"@type":"EntryPoint","urlTemplate":"https:\/\/www.italtel.com\/de\/?s={search_term_string}"},"query-input":{"@type":"PropertyValueSpecification","valueRequired":true,"valueName":"search_term_string"}}],"inLanguage":"es"},{"@type":"Organization","@id":"https:\/\/www.italtel.com\/de\/#organization","name":"Italtel S.p.A.","url":"https:\/\/www.italtel.com\/de\/","logo":{"@type":"ImageObject","inLanguage":"es","@id":"https:\/\/www.italtel.com\/de\/#\/schema\/logo\/image\/","url":"https:\/\/www.italtel.com\/wp-content\/uploads\/2024\/11\/Italtel_logo.png","contentUrl":"https:\/\/www.italtel.com\/wp-content\/uploads\/2024\/11\/Italtel_logo.png","width":591,"height":139,"caption":"Italtel S.p.A."},"image":{"@id":"https:\/\/www.italtel.com\/de\/#\/schema\/logo\/image\/"},"sameAs":["https:\/\/x.com\/Italtel","https:\/\/www.linkedin.com\/company\/italtel\/","https:\/\/www.instagram.com\/italtel_hq\/"]},{"@type":"Person","@id":"https:\/\/www.italtel.com\/de\/#\/schema\/person\/38f315d5a978255f0cf320055bad5afe","name":"Daniela Fontana","image":{"@type":"ImageObject","inLanguage":"es","@id":"https:\/\/secure.gravatar.com\/avatar\/834a03b0c73144a8ca36e17dc365b3fbadb34c9e44399b609a00f2231e694f6a?s=96&d=mm&r=g","url":"https:\/\/secure.gravatar.com\/avatar\/834a03b0c73144a8ca36e17dc365b3fbadb34c9e44399b609a00f2231e694f6a?s=96&d=mm&r=g","contentUrl":"https:\/\/secure.gravatar.com\/avatar\/834a03b0c73144a8ca36e17dc365b3fbadb34c9e44399b609a00f2231e694f6a?s=96&d=mm&r=g","caption":"Daniela Fontana"}}]}},"_links":{"self":[{"href":"https:\/\/www.italtel.com\/es\/wp-json\/wp\/v2\/posts\/66628","targetHints":{"allow":["GET"]}}],"collection":[{"href":"https:\/\/www.italtel.com\/es\/wp-json\/wp\/v2\/posts"}],"about":[{"href":"https:\/\/www.italtel.com\/es\/wp-json\/wp\/v2\/types\/post"}],"author":[{"embeddable":true,"href":"https:\/\/www.italtel.com\/es\/wp-json\/wp\/v2\/users\/6"}],"replies":[{"embeddable":true,"href":"https:\/\/www.italtel.com\/es\/wp-json\/wp\/v2\/comments?post=66628"}],"version-history":[{"count":3,"href":"https:\/\/www.italtel.com\/es\/wp-json\/wp\/v2\/posts\/66628\/revisions"}],"predecessor-version":[{"id":68200,"href":"https:\/\/www.italtel.com\/es\/wp-json\/wp\/v2\/posts\/66628\/revisions\/68200"}],"wp:featuredmedia":[{"embeddable":true,"href":"https:\/\/www.italtel.com\/es\/wp-json\/wp\/v2\/media\/66630"}],"wp:attachment":[{"href":"https:\/\/www.italtel.com\/es\/wp-json\/wp\/v2\/media?parent=66628"}],"wp:term":[{"taxonomy":"category","embeddable":true,"href":"https:\/\/www.italtel.com\/es\/wp-json\/wp\/v2\/categories?post=66628"},{"taxonomy":"post_tag","embeddable":true,"href":"https:\/\/www.italtel.com\/es\/wp-json\/wp\/v2\/tags?post=66628"}],"curies":[{"name":"wp","href":"https:\/\/api.w.org\/{rel}","templated":true}]}}