{"id":66656,"date":"2024-10-24T11:52:23","date_gmt":"2024-10-24T09:52:23","guid":{"rendered":"https:\/\/www.italtel.com\/women-of-italtel-brazil-in-ciscos-women-rock-it-program\/"},"modified":"2025-11-07T10:11:01","modified_gmt":"2025-11-07T08:11:01","slug":"mujeres-de-italtel-brasil-en-el-programa-women-rock-it-de-cisco","status":"publish","type":"post","link":"https:\/\/www.italtel.com\/es\/mujeres-de-italtel-brasil-en-el-programa-women-rock-it-de-cisco\/","title":{"rendered":"Mujeres de Italtel Brasil en el programa Women Rock-IT de Cisco"},"content":{"rendered":"\n<div class=\"row\"  id=\"row-790047848\">\n\n\n\t<div id=\"col-1667658132\" class=\"col medium-9 small-12 large-9\"  >\n\t\t\t\t<div class=\"col-inner\"  >\n\t\t\t\n\t\t\t\n\n\t<div id=\"text-1386861394\" class=\"text fontsize_18 color_black\">\n\t\t\n\n<div class=\"fui-FluentProvider fui-FluentProvider7 &lt;div class=&quot;is-divider divider clearfix&quot; &gt;&lt;\/div&gt;13yoiqc f19n0e5 f3e3pzq f1o700av fk6fouc fkhj508 figsok6 f1g96gwp\" dir=\"ltr\">\n<div class=\"a_a_50a7110f a_a_50a7110f root-145 CanvasZone row CanvasZone--alignment CanvasZone--noMargin CanvasZone--read\" data-automation-id=\"CanvasZone\">\n<div class=\"g_a_50a7110f f_a_50a7110f k_a_50a7110f\" data-automation-id=\"CanvasZone-SectionContainer\">\n<div class=\"a_h_50a7110f z_h_50a7110f CanvasSection CanvasSection-col CanvasSection-sm12 CanvasSection--read CanvasSection-xl12\" data-automation-id=\"CanvasSection\">\n<div id=\"1212fc8d-dd6b-408a-8d5d-9f1cc787efbb\" class=\"ControlZone ControlZone--clean a_e_50a7110f\" data-automation-id=\"CanvasControl\">\n<div class=\"ControlZone--control\">\n<div class=\"rte-webpart rte--ck5 rte--read-ck5 rte--paragraphSpacing rte--indentation LightMode rte--list-rtl\" dir=\"auto\" data-sp-feature-tag=\"Rich Text Editor\" data-sp-feature-instance-id=\"1212fc8d-dd6b-408a-8d5d-9f1cc787efbb\">\n<div class=\"ck-content rteEmphasis root-146 css-147 fixFocusIndicator\" data-automation-id=\"textBox\">\n<p><strong>R\u00edo de Janeiro, Brasil, 17 de septiembre de 2024<\/strong><\/p>\n<p>Nos complace informar que <strong>Marceli Araujo<\/strong> (Ventas), <strong>Mayara Lima<\/strong> (Contrato) y <strong>Glaucia Lopes<\/strong> (Centro de Entrega de Servicios) aceptaron el desaf\u00edo y se postularon para Cisco \u00abThe Woman Rock-IT Program\u00bb. Obtuvieron el curso CCNA gratuito, y sus graduaciones se llevar\u00e1n a cabo en una ceremonia formal en S\u00e3o Paulo.<\/p>\n<p>El Programa tiene la misi\u00f3n de inspirar a m\u00e1s ni\u00f1as y mujeres a estudiar tecnolog\u00eda, desafiar los estereotipos y convertir su pasi\u00f3n por la tecnolog\u00eda en carreras gratificantes y exitosas.\u00a0<\/p>\n<p>El programa <strong>Women Rock-IT<\/strong> ofrece un programa informativo y educativo durante todo el a\u00f1o para que las mujeres puedan conectarse, prosperar y alcanzar su potencial. Este programa ofrece una visi\u00f3n del futuro de las TI y de todas las amplias oportunidades profesionales que puede ofrecer la tecnolog\u00eda.<\/p>\n<p>\u00a0<\/p>\n<\/div>\n<\/div>\n<\/div>\n<\/div>\n<\/div>\n<\/div>\n<\/div>\n<\/div>\n\t\t\t<\/div>\n\t\n<div class=\"row row-collapse\"  id=\"row-463818803\">\n\n\n\t<div id=\"col-1149932444\" class=\"col medium-2 small-12 large-2\"  >\n\t\t\t\t<div class=\"col-inner\"  >\n\t\t\t\n\t\t\t\n\n\t<div class=\"img has-hover x md-x lg-x y md-y lg-y\" id=\"image_898062013\">\n\t\t\t\t\t\t\t\t<div class=\"img-inner dark\" >\n\t\t\t<img loading=\"lazy\" decoding=\"async\" width=\"265\" height=\"265\" src=\"https:\/\/www.italtel.com\/wp-content\/uploads\/2024\/10\/3.png\" class=\"attachment-original size-original\" alt=\"\" srcset=\"https:\/\/www.italtel.com\/wp-content\/uploads\/2024\/10\/3.png 265w, https:\/\/www.italtel.com\/wp-content\/uploads\/2024\/10\/3-150x150.png 150w\" sizes=\"auto, (max-width: 265px) 100vw, 265px\" \/>\t\t\t\t\t\t\n\t\t\t\t\t<\/div>\n\t\t\t\t\t\t\t\t\n<style>\n#image_898062013 {\n  width: 100%;\n}\n<\/style>\n\t<\/div>\n\t\n\n\n\t\t<\/div>\n\t\t\t\t\t<\/div>\n\n\t\n\n\t<div id=\"col-2059397750\" class=\"col medium-10 small-12 large-10\"  >\n\t\t\t\t<div class=\"col-inner\"  >\n\t\t\t\n\t\t\t\n\n\t<div id=\"text-3491581226\" class=\"text fontsize_200\">\n\t\t\n\n<p style=\"color: #04c5fe;\">\u201c<\/p>\n\t\t\t<\/div>\n\t\n\t<div id=\"text-4161998852\" class=\"text fontsize_18 color_black\">\n\t\t\n\n<p>\u00ab!Explorar un campo predominantemente masculino es un viaje que allana el camino hacia la igualdad de g\u00e9nero. Creo que el empoderamiento de la mujer debe venir a trav\u00e9s del conocimiento, rompiendo estereotipos e inspirando a las nuevas generaciones de mujeres en el sector de las TI!\u00bb<\/p>\n\t\t\t<\/div>\n\t\n\t<div id=\"text-942508058\" class=\"text fontsize_18 color_black\">\n\t\t\n\n<p><strong>Marceli Ara\u00fajo<\/strong><\/p>\n\t\t\n<style>\n#text-942508058 {\n  text-align: right;\n}\n<\/style>\n\t<\/div>\n\t\n\n\t\t<\/div>\n\t\t\t\t\n<style>\n#col-2059397750 > .col-inner {\n  padding: 0px 0px 0px 4rem;\n}\n<\/style>\n\t<\/div>\n\n\t\n\n<\/div>\n<div class=\"row row-collapse\"  id=\"row-267128935\">\n\n\n\t<div id=\"col-347656193\" class=\"col medium-2 small-12 large-2\"  >\n\t\t\t\t<div class=\"col-inner\"  >\n\t\t\t\n\t\t\t\n\n\t<div class=\"img has-hover x md-x lg-x y md-y lg-y\" id=\"image_2077432937\">\n\t\t\t\t\t\t\t\t<div class=\"img-inner dark\" >\n\t\t\t<img loading=\"lazy\" decoding=\"async\" width=\"265\" height=\"265\" src=\"https:\/\/www.italtel.com\/wp-content\/uploads\/2024\/10\/1.png\" class=\"attachment-original size-original\" alt=\"\" srcset=\"https:\/\/www.italtel.com\/wp-content\/uploads\/2024\/10\/1.png 265w, https:\/\/www.italtel.com\/wp-content\/uploads\/2024\/10\/1-150x150.png 150w\" sizes=\"auto, (max-width: 265px) 100vw, 265px\" \/>\t\t\t\t\t\t\n\t\t\t\t\t<\/div>\n\t\t\t\t\t\t\t\t\n<style>\n#image_2077432937 {\n  width: 100%;\n}\n<\/style>\n\t<\/div>\n\t\n\n\n\t\t<\/div>\n\t\t\t\t\t<\/div>\n\n\t\n\n\t<div id=\"col-258623372\" class=\"col medium-10 small-12 large-10\"  >\n\t\t\t\t<div class=\"col-inner\"  >\n\t\t\t\n\t\t\t\n\n\t<div id=\"text-529317275\" class=\"text fontsize_200\">\n\t\t\n\n<p style=\"color: #04c5fe;\">\u201c<\/p>\n\t\t\t<\/div>\n\t\n\t<div id=\"text-199703370\" class=\"text fontsize_18 color_black\">\n\t\t\n\n<p>\u00abCCNA Cisco Women Rock IT promueve el empoderamiento femenino en la tecnolog\u00eda mediante el desarrollo de formaciones y oportunidades para que las mujeres alcancen todo su potencial. Es gratificante formar parte de un programa que anima a las mujeres en la tecnolog\u00eda, ayudando a construir un futuro con m\u00e1s diversidad e inclusi\u00f3n en la industria!\u00bb<\/p>\n\t\t\t<\/div>\n\t\n\t<div id=\"text-1627981148\" class=\"text fontsize_18 color_black\">\n\t\t\n\n<p><strong>Mayara Lima.<\/strong><\/p>\n\t\t\n<style>\n#text-1627981148 {\n  text-align: right;\n}\n<\/style>\n\t<\/div>\n\t\n\n\t\t<\/div>\n\t\t\t\t\n<style>\n#col-258623372 > .col-inner {\n  padding: 0px 0px 0px 4rem;\n}\n<\/style>\n\t<\/div>\n\n\t\n\n<\/div>\n\t<div id=\"text-1531994673\" class=\"text fontsize_18 color_black\">\n\t\t\n\n<p>Nos gustar\u00eda compartir el testimonio de Glaucia&#8217; Lopes, Especialista en Telecomunicaciones, sobre su experiencia en el \u00e1rea de tecnolog\u00eda:<\/p>\n\t\t\t<\/div>\n\t\n<div class=\"row row-collapse\"  id=\"row-528330598\">\n\n\n\t<div id=\"col-1093136516\" class=\"col medium-2 small-12 large-2\"  >\n\t\t\t\t<div class=\"col-inner\"  >\n\t\t\t\n\t\t\t\n\n\t<div class=\"img has-hover x md-x lg-x y md-y lg-y\" id=\"image_993338954\">\n\t\t\t\t\t\t\t\t<div class=\"img-inner dark\" >\n\t\t\t<img loading=\"lazy\" decoding=\"async\" width=\"265\" height=\"265\" src=\"https:\/\/www.italtel.com\/wp-content\/uploads\/2024\/10\/2.png\" class=\"attachment-original size-original\" alt=\"\" srcset=\"https:\/\/www.italtel.com\/wp-content\/uploads\/2024\/10\/2.png 265w, https:\/\/www.italtel.com\/wp-content\/uploads\/2024\/10\/2-150x150.png 150w\" sizes=\"auto, (max-width: 265px) 100vw, 265px\" \/>\t\t\t\t\t\t\n\t\t\t\t\t<\/div>\n\t\t\t\t\t\t\t\t\n<style>\n#image_993338954 {\n  width: 100%;\n}\n<\/style>\n\t<\/div>\n\t\n\n\n\t\t<\/div>\n\t\t\t\t\t<\/div>\n\n\t\n\n\t<div id=\"col-1344893448\" class=\"col medium-10 small-12 large-10\"  >\n\t\t\t\t<div class=\"col-inner\"  >\n\t\t\t\n\t\t\t\n\n\t<div id=\"text-2812760182\" class=\"text fontsize_200\">\n\t\t\n\n<p style=\"color: #04c5fe;\">\u201c<\/p>\n\t\t\t<\/div>\n\t\n\t<div id=\"text-1403352726\" class=\"text fontsize_18 color_black\">\n\t\t\n\n<p>\u00abEmpec\u00e9 en el \u00e1rea t\u00e9cnica en 2001, como becaria en una multinacional, y desde entonces siempre he trabajado en funciones en las que era la \u00fanica mujer. Durante mucho tiempo, esto me pareci\u00f3 normal, no ve\u00eda nada raro. Pero los tiempos han cambiado y, curiosamente, las cosas no han cambiado tanto.<\/p>\n<p>Asisto a varias reuniones cada d\u00eda y sigo siendo la \u00fanica mujer del grupo, explicando situaciones complejas y siendo escuchada y respetada. \u00bfPor qu\u00e9 otras mujeres en tecnolog\u00eda no est\u00e1n en estas importantes reuniones en un papel protagonista?<\/p>\n<p>Trabajar con tecnolog\u00eda es un reto gratificante que requiere valent\u00eda y resistencia. Que cada mujer tenga la fuerza de compartir sus conocimientos, superar los obst\u00e1culos y demostrar que su voz y sus habilidades son esenciales para inspirar y allanar el camino a otras mujeres del sector.\u00bb<\/p>\n\t\t\t<\/div>\n\t\n\t<div id=\"text-2620926296\" class=\"text fontsize_18 color_black\">\n\t\t\n\n<p><strong>Glaucia Lopes.<\/strong><\/p>\n\t\t\n<style>\n#text-2620926296 {\n  text-align: right;\n}\n<\/style>\n\t<\/div>\n\t\n\n\t\t<\/div>\n\t\t\t\t\n<style>\n#col-1344893448 > .col-inner {\n  padding: 0px 0px 0px 4rem;\n}\n<\/style>\n\t<\/div>\n\n\t\n\n<\/div>\n\t<div id=\"text-3071514719\" class=\"text fontsize_18 color_black\">\n\t\t\n\n<p>Nos gustar\u00eda felicitarlas y desearles todo lo mejor en este nuevo paso de sus carreras. Italtel Brasil alienta y apoya el desarrollo de mujeres tan inspiradoras en nuestra organizaci\u00f3n. <\/p>\n<p><strong>\u00a1Sois lo m\u00e1ximo, chicas!<\/strong><\/p>\n<p>\u00a0<\/p>\n<p><a href=\"https:\/\/www.cisco.com\/c\/m\/en_sg\/partners\/women-rock-it.html\" target=\"_blank\" rel=\"noopener\">\u2b62 LEER M\u00c1S<\/a><\/p>\n\t\t\t<\/div>\n\t\n\n\t\t<\/div>\n\t\t\t\t\n<style>\n#col-1667658132 > .col-inner {\n  padding: 6rem 11rem 0px 0px;\n}\n<\/style>\n\t<\/div>\n\n\t\n\n\t<div id=\"col-1953090426\" class=\"col sibebar_col medium-3 small-12 large-3\"  >\n\t\t<div class=\"is-sticky-column\"><div class=\"is-sticky-column__inner\">\t\t<div class=\"col-inner\"  >\n\t\t\t\n\t\t\t\n\n\t<div id=\"text-857119240\" class=\"text fontsize_16 color_black fontweight_500\">\n\t\t\n\nTECH KEYWORDS\n\t\t\t<\/div>\n\t\n<div class=\"is-divider divider clearfix\" style=\"margin-top:2rem;margin-bottom:2rem;max-width:100%;height:1px;background-color:rgba(112, 112, 112, 0.302);\"><\/div>\n\n\t<div id=\"text-1460311506\" class=\"text fontsize_18 color_black\">\n\t\t\n\n<p>WOMEN EMPOWERMENT<\/p>\n\t\t\t<\/div>\n\t\n\t<div id=\"gap-1119499053\" class=\"gap-element clearfix\" style=\"display:block; height:auto;\">\n\t\t\n<style>\n#gap-1119499053 {\n  padding-top: 13rem;\n}\n<\/style>\n\t<\/div>\n\t\n\n\t<div id=\"text-2179144875\" class=\"text fontsize_16 color_black fontweight_500\">\n\t\t\n\nSHARE THE PAGE\n\t\t\t<\/div>\n\t\n<div class=\"is-divider divider clearfix\" style=\"margin-top:2rem;margin-bottom:2rem;max-width:100%;height:1px;background-color:rgba(112, 112, 112, 0.302);\"><\/div>\n\n\t<div class=\"img has-hover socialshare_icon linkedin x md-x lg-x y md-y lg-y\" id=\"image_1493382537\">\n\t\t\t\t\t\t\t\t<div class=\"img-inner dark\" >\n\t\t\t<img loading=\"lazy\" decoding=\"async\" width=\"1\" height=\"1\" src=\"https:\/\/www.italtel.com\/wp-content\/uploads\/2024\/09\/Linkedin-icon.svg\" class=\"attachment-large size-large\" alt=\"Linkedin-icon\" \/>\t\t\t\t\t\t\n\t\t\t\t\t<\/div>\n\t\t\t\t\t\t\t\t\n<style>\n#image_1493382537 {\n  width: 100%;\n}\n<\/style>\n\t<\/div>\n\t\n\n\t<div class=\"img has-hover socialshare_icon instagram x md-x lg-x y md-y lg-y\" id=\"image_2069428155\">\n\t\t\t\t\t\t\t\t<div class=\"img-inner dark\" >\n\t\t\t<img loading=\"lazy\" decoding=\"async\" width=\"27\" height=\"27\" src=\"https:\/\/www.italtel.com\/wp-content\/uploads\/2024\/07\/Raggruppa-12942.png\" class=\"attachment-large size-large\" alt=\"Instagram icon\" \/>\t\t\t\t\t\t\n\t\t\t\t\t<\/div>\n\t\t\t\t\t\t\t\t\n<style>\n#image_2069428155 {\n  width: 100%;\n}\n<\/style>\n\t<\/div>\n\t\n\n\t<div class=\"img has-hover socialshare_icon ex x md-x lg-x y md-y lg-y\" id=\"image_1426607353\">\n\t\t\t\t\t\t\t\t<div class=\"img-inner dark\" >\n\t\t\t<img loading=\"lazy\" decoding=\"async\" width=\"1\" height=\"1\" src=\"https:\/\/www.italtel.com\/wp-content\/uploads\/2024\/09\/X-icon.svg\" class=\"attachment-large size-large\" alt=\"X-icon\" \/>\t\t\t\t\t\t\n\t\t\t\t\t<\/div>\n\t\t\t\t\t\t\t\t\n<style>\n#image_1426607353 {\n  width: 100%;\n}\n<\/style>\n\t<\/div>\n\t\n\n\n\t\t<\/div>\n\t\t<\/div><\/div>\t\t\n<style>\n#col-1953090426 > .is-sticky-column > .is-sticky-column__inner > .col-inner {\n  padding: 6rem 0px 0px 0px;\n}\n<\/style>\n\t<\/div>\n\n\t\n\n<\/div>\n\n","protected":false},"excerpt":{"rendered":"","protected":false},"author":6,"featured_media":64131,"comment_status":"closed","ping_status":"closed","sticky":false,"template":"","format":"standard","meta":{"footnotes":""},"categories":[893,894],"tags":[943,895,867,896],"class_list":["post-66656","post","type-post","status-publish","format-standard","has-post-thumbnail","hentry","category-focus-es","category-interview-es","tag-cisco-es","tag-our-people-2-es","tag-sustainability-es","tag-women-empowerment-es"],"yoast_head":"<!-- This site is optimized with the Yoast SEO plugin v27.4 - https:\/\/yoast.com\/product\/yoast-seo-wordpress\/ -->\n<title>Mujeres de Italtel Brasil en el programa Women Rock-IT de Cisco - Italtel<\/title>\n<meta name=\"robots\" content=\"index, follow, max-snippet:-1, max-image-preview:large, max-video-preview:-1\" \/>\n<link rel=\"canonical\" href=\"https:\/\/www.italtel.com\/es\/mujeres-de-italtel-brasil-en-el-programa-women-rock-it-de-cisco\/\" \/>\n<meta property=\"og:locale\" content=\"es_ES\" \/>\n<meta property=\"og:type\" content=\"article\" \/>\n<meta property=\"og:title\" content=\"Mujeres de Italtel Brasil en el programa Women Rock-IT de Cisco - Italtel\" \/>\n<meta property=\"og:url\" content=\"https:\/\/www.italtel.com\/es\/mujeres-de-italtel-brasil-en-el-programa-women-rock-it-de-cisco\/\" \/>\n<meta property=\"og:site_name\" content=\"Italtel\" \/>\n<meta property=\"article:published_time\" content=\"2024-10-24T09:52:23+00:00\" \/>\n<meta property=\"article:modified_time\" content=\"2025-11-07T08:11:01+00:00\" \/>\n<meta property=\"og:image\" content=\"https:\/\/www.italtel.com\/wp-content\/uploads\/2024\/10\/Ragazze-brazil_Girls_STEM-1024x634.png\" \/>\n\t<meta property=\"og:image:width\" content=\"1024\" \/>\n\t<meta property=\"og:image:height\" content=\"634\" \/>\n\t<meta property=\"og:image:type\" content=\"image\/png\" \/>\n<meta name=\"author\" content=\"Daniela Fontana\" \/>\n<meta name=\"twitter:card\" content=\"summary_large_image\" \/>\n<meta name=\"twitter:creator\" content=\"@Italtel\" \/>\n<meta name=\"twitter:site\" content=\"@Italtel\" \/>\n<meta name=\"twitter:label1\" content=\"Escrito por\" \/>\n\t<meta name=\"twitter:data1\" content=\"Daniela Fontana\" \/>\n\t<meta name=\"twitter:label2\" content=\"Tiempo de lectura\" \/>\n\t<meta name=\"twitter:data2\" content=\"1 minuto\" \/>\n<script type=\"application\/ld+json\" class=\"yoast-schema-graph\">{\"@context\":\"https:\\\/\\\/schema.org\",\"@graph\":[{\"@type\":\"Article\",\"@id\":\"https:\\\/\\\/www.italtel.com\\\/es\\\/mujeres-de-italtel-brasil-en-el-programa-women-rock-it-de-cisco\\\/#article\",\"isPartOf\":{\"@id\":\"https:\\\/\\\/www.italtel.com\\\/es\\\/mujeres-de-italtel-brasil-en-el-programa-women-rock-it-de-cisco\\\/\"},\"author\":{\"name\":\"Daniela Fontana\",\"@id\":\"https:\\\/\\\/www.italtel.com\\\/de\\\/#\\\/schema\\\/person\\\/38f315d5a978255f0cf320055bad5afe\"},\"headline\":\"Mujeres de Italtel Brasil en el programa Women Rock-IT de Cisco\",\"datePublished\":\"2024-10-24T09:52:23+00:00\",\"dateModified\":\"2025-11-07T08:11:01+00:00\",\"mainEntityOfPage\":{\"@id\":\"https:\\\/\\\/www.italtel.com\\\/es\\\/mujeres-de-italtel-brasil-en-el-programa-women-rock-it-de-cisco\\\/\"},\"wordCount\":765,\"publisher\":{\"@id\":\"https:\\\/\\\/www.italtel.com\\\/de\\\/#organization\"},\"image\":{\"@id\":\"https:\\\/\\\/www.italtel.com\\\/es\\\/mujeres-de-italtel-brasil-en-el-programa-women-rock-it-de-cisco\\\/#primaryimage\"},\"thumbnailUrl\":\"https:\\\/\\\/www.italtel.com\\\/wp-content\\\/uploads\\\/2024\\\/10\\\/Ragazze-brazil_Girls_STEM.png\",\"keywords\":[\"Cisco\",\"our people\",\"Sustainability\",\"Women Empowerment\"],\"articleSection\":[\"Focus\",\"Interview\"],\"inLanguage\":\"es\"},{\"@type\":\"WebPage\",\"@id\":\"https:\\\/\\\/www.italtel.com\\\/es\\\/mujeres-de-italtel-brasil-en-el-programa-women-rock-it-de-cisco\\\/\",\"url\":\"https:\\\/\\\/www.italtel.com\\\/es\\\/mujeres-de-italtel-brasil-en-el-programa-women-rock-it-de-cisco\\\/\",\"name\":\"Mujeres de Italtel Brasil en el programa Women Rock-IT de Cisco - Italtel\",\"isPartOf\":{\"@id\":\"https:\\\/\\\/www.italtel.com\\\/de\\\/#website\"},\"primaryImageOfPage\":{\"@id\":\"https:\\\/\\\/www.italtel.com\\\/es\\\/mujeres-de-italtel-brasil-en-el-programa-women-rock-it-de-cisco\\\/#primaryimage\"},\"image\":{\"@id\":\"https:\\\/\\\/www.italtel.com\\\/es\\\/mujeres-de-italtel-brasil-en-el-programa-women-rock-it-de-cisco\\\/#primaryimage\"},\"thumbnailUrl\":\"https:\\\/\\\/www.italtel.com\\\/wp-content\\\/uploads\\\/2024\\\/10\\\/Ragazze-brazil_Girls_STEM.png\",\"datePublished\":\"2024-10-24T09:52:23+00:00\",\"dateModified\":\"2025-11-07T08:11:01+00:00\",\"breadcrumb\":{\"@id\":\"https:\\\/\\\/www.italtel.com\\\/es\\\/mujeres-de-italtel-brasil-en-el-programa-women-rock-it-de-cisco\\\/#breadcrumb\"},\"inLanguage\":\"es\",\"potentialAction\":[{\"@type\":\"ReadAction\",\"target\":[\"https:\\\/\\\/www.italtel.com\\\/es\\\/mujeres-de-italtel-brasil-en-el-programa-women-rock-it-de-cisco\\\/\"]}]},{\"@type\":\"ImageObject\",\"inLanguage\":\"es\",\"@id\":\"https:\\\/\\\/www.italtel.com\\\/es\\\/mujeres-de-italtel-brasil-en-el-programa-women-rock-it-de-cisco\\\/#primaryimage\",\"url\":\"https:\\\/\\\/www.italtel.com\\\/wp-content\\\/uploads\\\/2024\\\/10\\\/Ragazze-brazil_Girls_STEM.png\",\"contentUrl\":\"https:\\\/\\\/www.italtel.com\\\/wp-content\\\/uploads\\\/2024\\\/10\\\/Ragazze-brazil_Girls_STEM.png\",\"width\":2788,\"height\":1726,\"caption\":\"Ragazze brazil_Girls_STEM\"},{\"@type\":\"BreadcrumbList\",\"@id\":\"https:\\\/\\\/www.italtel.com\\\/es\\\/mujeres-de-italtel-brasil-en-el-programa-women-rock-it-de-cisco\\\/#breadcrumb\",\"itemListElement\":[{\"@type\":\"ListItem\",\"position\":1,\"name\":\"Home\",\"item\":\"https:\\\/\\\/www.italtel.com\\\/es\\\/\"},{\"@type\":\"ListItem\",\"position\":2,\"name\":\"Mujeres de Italtel Brasil en el programa Women Rock-IT de Cisco\"}]},{\"@type\":\"WebSite\",\"@id\":\"https:\\\/\\\/www.italtel.com\\\/de\\\/#website\",\"url\":\"https:\\\/\\\/www.italtel.com\\\/de\\\/\",\"name\":\"Italtel\",\"description\":\"Italtel Group&#039;s company website\",\"publisher\":{\"@id\":\"https:\\\/\\\/www.italtel.com\\\/de\\\/#organization\"},\"potentialAction\":[{\"@type\":\"SearchAction\",\"target\":{\"@type\":\"EntryPoint\",\"urlTemplate\":\"https:\\\/\\\/www.italtel.com\\\/de\\\/?s={search_term_string}\"},\"query-input\":{\"@type\":\"PropertyValueSpecification\",\"valueRequired\":true,\"valueName\":\"search_term_string\"}}],\"inLanguage\":\"es\"},{\"@type\":\"Organization\",\"@id\":\"https:\\\/\\\/www.italtel.com\\\/de\\\/#organization\",\"name\":\"Italtel S.p.A.\",\"url\":\"https:\\\/\\\/www.italtel.com\\\/de\\\/\",\"logo\":{\"@type\":\"ImageObject\",\"inLanguage\":\"es\",\"@id\":\"https:\\\/\\\/www.italtel.com\\\/de\\\/#\\\/schema\\\/logo\\\/image\\\/\",\"url\":\"https:\\\/\\\/www.italtel.com\\\/wp-content\\\/uploads\\\/2024\\\/11\\\/Italtel_logo.png\",\"contentUrl\":\"https:\\\/\\\/www.italtel.com\\\/wp-content\\\/uploads\\\/2024\\\/11\\\/Italtel_logo.png\",\"width\":591,\"height\":139,\"caption\":\"Italtel S.p.A.\"},\"image\":{\"@id\":\"https:\\\/\\\/www.italtel.com\\\/de\\\/#\\\/schema\\\/logo\\\/image\\\/\"},\"sameAs\":[\"https:\\\/\\\/x.com\\\/Italtel\",\"https:\\\/\\\/www.linkedin.com\\\/company\\\/italtel\\\/\",\"https:\\\/\\\/www.instagram.com\\\/italtel_hq\\\/\"]},{\"@type\":\"Person\",\"@id\":\"https:\\\/\\\/www.italtel.com\\\/de\\\/#\\\/schema\\\/person\\\/38f315d5a978255f0cf320055bad5afe\",\"name\":\"Daniela Fontana\",\"image\":{\"@type\":\"ImageObject\",\"inLanguage\":\"es\",\"@id\":\"https:\\\/\\\/secure.gravatar.com\\\/avatar\\\/834a03b0c73144a8ca36e17dc365b3fbadb34c9e44399b609a00f2231e694f6a?s=96&d=mm&r=g\",\"url\":\"https:\\\/\\\/secure.gravatar.com\\\/avatar\\\/834a03b0c73144a8ca36e17dc365b3fbadb34c9e44399b609a00f2231e694f6a?s=96&d=mm&r=g\",\"contentUrl\":\"https:\\\/\\\/secure.gravatar.com\\\/avatar\\\/834a03b0c73144a8ca36e17dc365b3fbadb34c9e44399b609a00f2231e694f6a?s=96&d=mm&r=g\",\"caption\":\"Daniela Fontana\"}}]}<\/script>\n<!-- \/ Yoast SEO plugin. -->","yoast_head_json":{"title":"Mujeres de Italtel Brasil en el programa Women Rock-IT de Cisco - Italtel","robots":{"index":"index","follow":"follow","max-snippet":"max-snippet:-1","max-image-preview":"max-image-preview:large","max-video-preview":"max-video-preview:-1"},"canonical":"https:\/\/www.italtel.com\/es\/mujeres-de-italtel-brasil-en-el-programa-women-rock-it-de-cisco\/","og_locale":"es_ES","og_type":"article","og_title":"Mujeres de Italtel Brasil en el programa Women Rock-IT de Cisco - Italtel","og_url":"https:\/\/www.italtel.com\/es\/mujeres-de-italtel-brasil-en-el-programa-women-rock-it-de-cisco\/","og_site_name":"Italtel","article_published_time":"2024-10-24T09:52:23+00:00","article_modified_time":"2025-11-07T08:11:01+00:00","og_image":[{"width":1024,"height":634,"url":"https:\/\/www.italtel.com\/wp-content\/uploads\/2024\/10\/Ragazze-brazil_Girls_STEM-1024x634.png","type":"image\/png"}],"author":"Daniela Fontana","twitter_card":"summary_large_image","twitter_creator":"@Italtel","twitter_site":"@Italtel","twitter_misc":{"Escrito por":"Daniela Fontana","Tiempo de lectura":"1 minuto"},"schema":{"@context":"https:\/\/schema.org","@graph":[{"@type":"Article","@id":"https:\/\/www.italtel.com\/es\/mujeres-de-italtel-brasil-en-el-programa-women-rock-it-de-cisco\/#article","isPartOf":{"@id":"https:\/\/www.italtel.com\/es\/mujeres-de-italtel-brasil-en-el-programa-women-rock-it-de-cisco\/"},"author":{"name":"Daniela Fontana","@id":"https:\/\/www.italtel.com\/de\/#\/schema\/person\/38f315d5a978255f0cf320055bad5afe"},"headline":"Mujeres de Italtel Brasil en el programa Women Rock-IT de Cisco","datePublished":"2024-10-24T09:52:23+00:00","dateModified":"2025-11-07T08:11:01+00:00","mainEntityOfPage":{"@id":"https:\/\/www.italtel.com\/es\/mujeres-de-italtel-brasil-en-el-programa-women-rock-it-de-cisco\/"},"wordCount":765,"publisher":{"@id":"https:\/\/www.italtel.com\/de\/#organization"},"image":{"@id":"https:\/\/www.italtel.com\/es\/mujeres-de-italtel-brasil-en-el-programa-women-rock-it-de-cisco\/#primaryimage"},"thumbnailUrl":"https:\/\/www.italtel.com\/wp-content\/uploads\/2024\/10\/Ragazze-brazil_Girls_STEM.png","keywords":["Cisco","our people","Sustainability","Women Empowerment"],"articleSection":["Focus","Interview"],"inLanguage":"es"},{"@type":"WebPage","@id":"https:\/\/www.italtel.com\/es\/mujeres-de-italtel-brasil-en-el-programa-women-rock-it-de-cisco\/","url":"https:\/\/www.italtel.com\/es\/mujeres-de-italtel-brasil-en-el-programa-women-rock-it-de-cisco\/","name":"Mujeres de Italtel Brasil en el programa Women Rock-IT de Cisco - Italtel","isPartOf":{"@id":"https:\/\/www.italtel.com\/de\/#website"},"primaryImageOfPage":{"@id":"https:\/\/www.italtel.com\/es\/mujeres-de-italtel-brasil-en-el-programa-women-rock-it-de-cisco\/#primaryimage"},"image":{"@id":"https:\/\/www.italtel.com\/es\/mujeres-de-italtel-brasil-en-el-programa-women-rock-it-de-cisco\/#primaryimage"},"thumbnailUrl":"https:\/\/www.italtel.com\/wp-content\/uploads\/2024\/10\/Ragazze-brazil_Girls_STEM.png","datePublished":"2024-10-24T09:52:23+00:00","dateModified":"2025-11-07T08:11:01+00:00","breadcrumb":{"@id":"https:\/\/www.italtel.com\/es\/mujeres-de-italtel-brasil-en-el-programa-women-rock-it-de-cisco\/#breadcrumb"},"inLanguage":"es","potentialAction":[{"@type":"ReadAction","target":["https:\/\/www.italtel.com\/es\/mujeres-de-italtel-brasil-en-el-programa-women-rock-it-de-cisco\/"]}]},{"@type":"ImageObject","inLanguage":"es","@id":"https:\/\/www.italtel.com\/es\/mujeres-de-italtel-brasil-en-el-programa-women-rock-it-de-cisco\/#primaryimage","url":"https:\/\/www.italtel.com\/wp-content\/uploads\/2024\/10\/Ragazze-brazil_Girls_STEM.png","contentUrl":"https:\/\/www.italtel.com\/wp-content\/uploads\/2024\/10\/Ragazze-brazil_Girls_STEM.png","width":2788,"height":1726,"caption":"Ragazze brazil_Girls_STEM"},{"@type":"BreadcrumbList","@id":"https:\/\/www.italtel.com\/es\/mujeres-de-italtel-brasil-en-el-programa-women-rock-it-de-cisco\/#breadcrumb","itemListElement":[{"@type":"ListItem","position":1,"name":"Home","item":"https:\/\/www.italtel.com\/es\/"},{"@type":"ListItem","position":2,"name":"Mujeres de Italtel Brasil en el programa Women Rock-IT de Cisco"}]},{"@type":"WebSite","@id":"https:\/\/www.italtel.com\/de\/#website","url":"https:\/\/www.italtel.com\/de\/","name":"Italtel","description":"Italtel Group&#039;s company website","publisher":{"@id":"https:\/\/www.italtel.com\/de\/#organization"},"potentialAction":[{"@type":"SearchAction","target":{"@type":"EntryPoint","urlTemplate":"https:\/\/www.italtel.com\/de\/?s={search_term_string}"},"query-input":{"@type":"PropertyValueSpecification","valueRequired":true,"valueName":"search_term_string"}}],"inLanguage":"es"},{"@type":"Organization","@id":"https:\/\/www.italtel.com\/de\/#organization","name":"Italtel S.p.A.","url":"https:\/\/www.italtel.com\/de\/","logo":{"@type":"ImageObject","inLanguage":"es","@id":"https:\/\/www.italtel.com\/de\/#\/schema\/logo\/image\/","url":"https:\/\/www.italtel.com\/wp-content\/uploads\/2024\/11\/Italtel_logo.png","contentUrl":"https:\/\/www.italtel.com\/wp-content\/uploads\/2024\/11\/Italtel_logo.png","width":591,"height":139,"caption":"Italtel S.p.A."},"image":{"@id":"https:\/\/www.italtel.com\/de\/#\/schema\/logo\/image\/"},"sameAs":["https:\/\/x.com\/Italtel","https:\/\/www.linkedin.com\/company\/italtel\/","https:\/\/www.instagram.com\/italtel_hq\/"]},{"@type":"Person","@id":"https:\/\/www.italtel.com\/de\/#\/schema\/person\/38f315d5a978255f0cf320055bad5afe","name":"Daniela Fontana","image":{"@type":"ImageObject","inLanguage":"es","@id":"https:\/\/secure.gravatar.com\/avatar\/834a03b0c73144a8ca36e17dc365b3fbadb34c9e44399b609a00f2231e694f6a?s=96&d=mm&r=g","url":"https:\/\/secure.gravatar.com\/avatar\/834a03b0c73144a8ca36e17dc365b3fbadb34c9e44399b609a00f2231e694f6a?s=96&d=mm&r=g","contentUrl":"https:\/\/secure.gravatar.com\/avatar\/834a03b0c73144a8ca36e17dc365b3fbadb34c9e44399b609a00f2231e694f6a?s=96&d=mm&r=g","caption":"Daniela Fontana"}}]}},"_links":{"self":[{"href":"https:\/\/www.italtel.com\/es\/wp-json\/wp\/v2\/posts\/66656","targetHints":{"allow":["GET"]}}],"collection":[{"href":"https:\/\/www.italtel.com\/es\/wp-json\/wp\/v2\/posts"}],"about":[{"href":"https:\/\/www.italtel.com\/es\/wp-json\/wp\/v2\/types\/post"}],"author":[{"embeddable":true,"href":"https:\/\/www.italtel.com\/es\/wp-json\/wp\/v2\/users\/6"}],"replies":[{"embeddable":true,"href":"https:\/\/www.italtel.com\/es\/wp-json\/wp\/v2\/comments?post=66656"}],"version-history":[{"count":5,"href":"https:\/\/www.italtel.com\/es\/wp-json\/wp\/v2\/posts\/66656\/revisions"}],"predecessor-version":[{"id":79170,"href":"https:\/\/www.italtel.com\/es\/wp-json\/wp\/v2\/posts\/66656\/revisions\/79170"}],"wp:featuredmedia":[{"embeddable":true,"href":"https:\/\/www.italtel.com\/es\/wp-json\/wp\/v2\/media\/64131"}],"wp:attachment":[{"href":"https:\/\/www.italtel.com\/es\/wp-json\/wp\/v2\/media?parent=66656"}],"wp:term":[{"taxonomy":"category","embeddable":true,"href":"https:\/\/www.italtel.com\/es\/wp-json\/wp\/v2\/categories?post=66656"},{"taxonomy":"post_tag","embeddable":true,"href":"https:\/\/www.italtel.com\/es\/wp-json\/wp\/v2\/tags?post=66656"}],"curies":[{"name":"wp","href":"https:\/\/api.w.org\/{rel}","templated":true}]}}