{"id":66660,"date":"2024-10-08T16:21:37","date_gmt":"2024-10-08T14:21:37","guid":{"rendered":"https:\/\/www.italtel.com\/federico-muzzulinis-trip-to-italtel\/"},"modified":"2024-12-05T18:51:52","modified_gmt":"2024-12-05T16:51:52","slug":"federico-muzzulinis-trip-to-italtel","status":"publish","type":"post","link":"https:\/\/www.italtel.com\/es\/federico-muzzulinis-trip-to-italtel\/","title":{"rendered":"Viaje de Federico Muzzulini a Italtel"},"content":{"rendered":"\n<div class=\"row\"  id=\"row-881125688\">\n\n\n\t<div id=\"col-898715353\" class=\"col medium-9 small-12 large-9\"  >\n\t\t\t\t<div class=\"col-inner\"  >\n\t\t\t\n\t\t\t\n\n\t<div id=\"text-1218996758\" class=\"text fontsize_18 color_black\">\n\t\t\n\n<p>Me llamo Federico Muzzulini y hoy quiero compartir con ustedes mi trayectoria profesional y personal en Italtel, una trayectoria que comenz\u00f3 hace dos d\u00e9cadas. Me licenci\u00e9 en Ingenier\u00eda Electr\u00f3nica en la Universidad Sapienza de Roma, y con los a\u00f1os he enriquecido mi formaci\u00f3n con un curso de especializaci\u00f3n en Gesti\u00f3n de Ventas en la SDA Bocconi. Antes de incorporarme a Italtel, trabaj\u00e9 como Responsable de TIC, Responsable de Operaciones y Tecnolog\u00eda y Business Developer, pero algo me atrajo a esta empresa desde que era estudiante.<\/p>\n\t\t\t<\/div>\n\t\n\t<div id=\"text-2168313443\" class=\"text fontsize_32 color_black\">\n\t\t\n\n<h2>Un sue\u00f1o hecho realidad<\/h2>\n\t\t\t<\/div>\n\t\n\t<div id=\"text-347489563\" class=\"text fontsize_18 color_black\">\n\t\t\n\n<p>A\u00fan recuerdo mi primer d\u00eda, cuando cruc\u00e9 las puertas de la hist\u00f3rica sede de Settimo Milanese. Estaba entusiasmada, fascinada por la historia de la empresa y su reputaci\u00f3n de l\u00edder en el sector de las telecomunicaciones. Ya en la universidad hab\u00eda o\u00eddo hablar de los \u00e9xitos de Italtel y de la capacidad de gesti\u00f3n de figuras emblem\u00e1ticas como Marisa Bellisario. Formar parte de esta realidad era un sue\u00f1o hecho realidad.<\/p>\n\t\t\t<\/div>\n\t\n\t<div id=\"text-371527498\" class=\"text fontsize_32 color_black\">\n\t\t\n\n<h2>Primeros pasos en un entorno din\u00e1mico<\/h2>\n\t\t\t<\/div>\n\t\n\t<div id=\"text-1621651842\" class=\"text fontsize_18 color_black\">\n\t\t\n\n<p>Desde el principio me sent\u00ed acogido por un grupo din\u00e1mico, que me dio la oportunidad de trabajar en proyectos punteros. Viniendo de empresas medianas, unirme a Italtel fue un paso importante. Empec\u00e9 como Business Developer y m\u00e1s tarde como Key Account Manager. Mi formaci\u00f3n t\u00e9cnica me permiti\u00f3 comprender perfectamente las necesidades de los clientes y desarrollar soluciones eficaces, convirtiendo los problemas cr\u00edticos en nuevas oportunidades.<\/p>\n\t\t\t<\/div>\n\t\n\t<div id=\"text-3878526420\" class=\"text fontsize_32 color_black\">\n\t\t\n\n<h2>El papel del gestor de cuentas clave<\/h2>\n\t\t\t<\/div>\n\t\n\t<div id=\"text-1250765978\" class=\"text fontsize_18 color_black\">\n\t\t\n\n<p>Hoy, como Responsable de Grandes Cuentas, mi funci\u00f3n va mucho m\u00e1s all\u00e1 de la simple gesti\u00f3n de las relaciones con los clientes. Colaboro estrechamente con distintos departamentos de la empresa para garantizar que las soluciones propuestas respondan a las necesidades espec\u00edficas de los clientes. La capacidad de escuchar y comprender las necesidades de los clientes es una habilidad que he desarrollado con el tiempo y me ha permitido crear un entorno de confianza y colaboraci\u00f3n. Por ejemplo, en el reciente proyecto Global SBC, tuve la oportunidad de poner en pr\u00e1ctica estas habilidades, trabajando junto con colegas y clientes para lograr un resultado satisfactorio, basado en la cartera de ofertas de Italtel. El proyecto combina varios productos de Italtel, como Session Border Controller, Routing &amp; Policy Server y WebRTC, para ayudar a nuestros clientes a gestionar las interacciones de sus usuarios, optimizando los costes sin comprometer el rendimiento.<\/p>\n\t\t\t<\/div>\n\t\n\t<div id=\"text-3340631780\" class=\"text fontsize_32 color_black\">\n\t\t\n\n<h2>Conciliar vida profesional y vida privada: una cuesti\u00f3n clave<\/h2>\n\t\t\t<\/div>\n\t\n\t<div id=\"text-1397574943\" class=\"text fontsize_18 color_black\">\n\t\t\n\n<p>Pero hay un aspecto a\u00fan m\u00e1s personal que me gustar\u00eda compartir: el equilibrio entre trabajo y vida privada. Trabajar en Italtel me ha ense\u00f1ado a afrontar los retos diarios, no s\u00f3lo a nivel profesional sino tambi\u00e9n personal. La cultura de la empresa valora el bienestar de las personas, fomentando un entorno de trabajo colaborativo e integrador. Este enfoque me ha permitido crecer, como profesional y como persona. Hoy, tambi\u00e9n gracias a la flexibilidad y el apoyo de la empresa, puedo conciliar mis compromisos laborales con mi vida privada, dedicando un tiempo precioso a mi familia.<\/p>\n\t\t\t<\/div>\n\t\n\t<div id=\"text-3895189510\" class=\"text fontsize_32 color_black\">\n\t\t\n\n<h2>Crecimiento continuo en un entorno innovador<\/h2>\n\t\t\t<\/div>\n\t\n\t<div id=\"text-621618287\" class=\"text fontsize_18 color_black\">\n\t\t\n\n<p>A lo largo de los a\u00f1os, mi experiencia en Italtel se ha caracterizado por el crecimiento constante y el desarrollo de nuevas competencias. La empresa invierte constantemente en innovaci\u00f3n, lo que me ha permitido ampliar mis conocimientos t\u00e9cnicos y perfeccionar mis habilidades de consultor\u00eda. Trabajar en un entorno tan din\u00e1mico me ha dado el entusiasmo y la energ\u00eda necesarios para asumir nuevos retos.<\/p>\n\t\t\t<\/div>\n\t\n\t<div id=\"text-724356092\" class=\"text fontsize_32 color_black\">\n\t\t\n\n<h2>Consejos a los nuevos colegas<\/h2>\n\t\t\t<\/div>\n\t\n\t<div id=\"text-337465944\" class=\"text fontsize_18 color_black\">\n\t\t\n\n<p>A los que entran hoy en Italtel me gustar\u00eda darles un consejo: est\u00e9n abiertos a nuevas ideas y tecnolog\u00edas. No teng\u00e1is miedo de proponer soluciones innovadoras porque esta es una empresa que valora la innovaci\u00f3n. Construyan relaciones s\u00f3lidas con colegas y clientes; t\u00f3mense el tiempo necesario para conocer a las personas con las que trabajan y creen un entorno de colaboraci\u00f3n y confianza. Italtel ofrece muchas oportunidades de formaci\u00f3n y desarrollo profesional: aprov\u00e9chelas para ampliar sus conocimientos y mantenerse al d\u00eda de las \u00faltimas tendencias del sector. Y, por \u00faltimo, mant\u00e9n siempre una actitud positiva, porque puede marcar realmente la diferencia.<\/p>\n\t\t\t<\/div>\n\t\n\n\t\t<\/div>\n\t\t\t\t\n<style>\n#col-898715353 > .col-inner {\n  padding: 6rem 11rem 0px 0px;\n}\n<\/style>\n\t<\/div>\n\n\t\n\n\t<div id=\"col-1527052178\" class=\"col sibebar_col medium-3 small-12 large-3\"  >\n\t\t<div class=\"is-sticky-column\"><div class=\"is-sticky-column__inner\">\t\t<div class=\"col-inner\"  >\n\t\t\t\n\t\t\t\n\n\t<div id=\"text-2078128133\" class=\"text fontsize_16 color_black fontweight_500\">\n\t\t\n\nTECH KEYWORDS\n\t\t\t<\/div>\n\t\n<div class=\"is-divider divider clearfix\" style=\"margin-top:2rem;margin-bottom:2rem;max-width:100%;height:1px;background-color:rgba(112, 112, 112, 0.302);\"><\/div>\n\n\t<div id=\"text-812435752\" class=\"text fontsize_18 color_black\">\n\t\t\n\n<p>DYNAMIC ENVIRONMENT<\/p>\n\t\t\t<\/div>\n\t\n\t<div id=\"gap-848472396\" class=\"gap-element clearfix\" style=\"display:block; height:auto;\">\n\t\t\n<style>\n#gap-848472396 {\n  padding-top: 13rem;\n}\n<\/style>\n\t<\/div>\n\t\n\n\t<div id=\"text-3946094797\" class=\"text fontsize_16 color_black fontweight_500\">\n\t\t\n\n<p>CONDIVIDI LA NEWS<\/p>\n\t\t\t<\/div>\n\t\n<div class=\"is-divider divider clearfix\" style=\"margin-top:2rem;margin-bottom:2rem;max-width:100%;height:1px;background-color:rgba(112, 112, 112, 0.302);\"><\/div>\n\n\t<div class=\"img has-hover socialshare_icon linkedin x md-x lg-x y md-y lg-y\" id=\"image_580013931\">\n\t\t\t\t\t\t\t\t<div class=\"img-inner dark\" >\n\t\t\t<img loading=\"lazy\" decoding=\"async\" width=\"1\" height=\"1\" src=\"https:\/\/www.italtel.com\/wp-content\/uploads\/2024\/09\/Linkedin-icon.svg\" class=\"attachment-large size-large\" alt=\"Linkedin-icon\" \/>\t\t\t\t\t\t\n\t\t\t\t\t<\/div>\n\t\t\t\t\t\t\t\t\n<style>\n#image_580013931 {\n  width: 100%;\n}\n<\/style>\n\t<\/div>\n\t\n\n\t<div class=\"img has-hover socialshare_icon instagram x md-x lg-x y md-y lg-y\" id=\"image_2135130997\">\n\t\t\t\t\t\t\t\t<div class=\"img-inner dark\" >\n\t\t\t<img loading=\"lazy\" decoding=\"async\" width=\"27\" height=\"27\" src=\"https:\/\/www.italtel.com\/wp-content\/uploads\/2024\/07\/Raggruppa-12942.png\" class=\"attachment-large size-large\" alt=\"Instagram icon\" \/>\t\t\t\t\t\t\n\t\t\t\t\t<\/div>\n\t\t\t\t\t\t\t\t\n<style>\n#image_2135130997 {\n  width: 100%;\n}\n<\/style>\n\t<\/div>\n\t\n\n\t<div class=\"img has-hover socialshare_icon ex x md-x lg-x y md-y lg-y\" id=\"image_1910040435\">\n\t\t\t\t\t\t\t\t<div class=\"img-inner dark\" >\n\t\t\t<img loading=\"lazy\" decoding=\"async\" width=\"1\" height=\"1\" src=\"https:\/\/www.italtel.com\/wp-content\/uploads\/2024\/09\/X-icon.svg\" class=\"attachment-large size-large\" alt=\"X-icon\" \/>\t\t\t\t\t\t\n\t\t\t\t\t<\/div>\n\t\t\t\t\t\t\t\t\n<style>\n#image_1910040435 {\n  width: 100%;\n}\n<\/style>\n\t<\/div>\n\t\n\n\n\t\t<\/div>\n\t\t<\/div><\/div>\t\t\n<style>\n#col-1527052178 > .is-sticky-column > .is-sticky-column__inner > .col-inner {\n  padding: 6rem 0px 0px 0px;\n}\n<\/style>\n\t<\/div>\n\n\t\n\n<\/div>\n\n","protected":false},"excerpt":{"rendered":"","protected":false},"author":10,"featured_media":63256,"comment_status":"closed","ping_status":"closed","sticky":false,"template":"","format":"standard","meta":{"footnotes":""},"categories":[893,894],"tags":[],"class_list":["post-66660","post","type-post","status-publish","format-standard","has-post-thumbnail","hentry","category-focus-es","category-interview-es"],"yoast_head":"<!-- This site is optimized with the Yoast SEO plugin v27.4 - https:\/\/yoast.com\/product\/yoast-seo-wordpress\/ -->\n<title>Viaje de Federico Muzzulini a Italtel - Italtel<\/title>\n<meta name=\"robots\" content=\"index, follow, max-snippet:-1, max-image-preview:large, max-video-preview:-1\" \/>\n<link rel=\"canonical\" href=\"https:\/\/www.italtel.com\/es\/federico-muzzulinis-trip-to-italtel\/\" \/>\n<meta property=\"og:locale\" content=\"es_ES\" \/>\n<meta property=\"og:type\" content=\"article\" \/>\n<meta property=\"og:title\" content=\"Viaje de Federico Muzzulini a Italtel - Italtel\" \/>\n<meta property=\"og:url\" content=\"https:\/\/www.italtel.com\/es\/federico-muzzulinis-trip-to-italtel\/\" \/>\n<meta property=\"og:site_name\" content=\"Italtel\" \/>\n<meta property=\"article:published_time\" content=\"2024-10-08T14:21:37+00:00\" \/>\n<meta property=\"article:modified_time\" content=\"2024-12-05T16:51:52+00:00\" \/>\n<meta property=\"og:image\" content=\"https:\/\/www.italtel.com\/wp-content\/uploads\/2024\/10\/Artboard-1-copia-1.png\" \/>\n\t<meta property=\"og:image:width\" content=\"1394\" \/>\n\t<meta property=\"og:image:height\" content=\"863\" \/>\n\t<meta property=\"og:image:type\" content=\"image\/png\" \/>\n<meta name=\"author\" content=\"Elisa Borgognone\" \/>\n<meta name=\"twitter:card\" content=\"summary_large_image\" \/>\n<meta name=\"twitter:creator\" content=\"@Italtel\" \/>\n<meta name=\"twitter:site\" content=\"@Italtel\" \/>\n<meta name=\"twitter:label1\" content=\"Escrito por\" \/>\n\t<meta name=\"twitter:data1\" content=\"Elisa Borgognone\" \/>\n\t<meta name=\"twitter:label2\" content=\"Tiempo de lectura\" \/>\n\t<meta name=\"twitter:data2\" content=\"1 minuto\" \/>\n<script type=\"application\/ld+json\" class=\"yoast-schema-graph\">{\"@context\":\"https:\\\/\\\/schema.org\",\"@graph\":[{\"@type\":\"Article\",\"@id\":\"https:\\\/\\\/www.italtel.com\\\/es\\\/federico-muzzulinis-trip-to-italtel\\\/#article\",\"isPartOf\":{\"@id\":\"https:\\\/\\\/www.italtel.com\\\/es\\\/federico-muzzulinis-trip-to-italtel\\\/\"},\"author\":{\"name\":\"Elisa Borgognone\",\"@id\":\"https:\\\/\\\/www.italtel.com\\\/de\\\/#\\\/schema\\\/person\\\/4e3b50c73c68bd5a082ef2af38a65db7\"},\"headline\":\"Viaje de Federico Muzzulini a Italtel\",\"datePublished\":\"2024-10-08T14:21:37+00:00\",\"dateModified\":\"2024-12-05T16:51:52+00:00\",\"mainEntityOfPage\":{\"@id\":\"https:\\\/\\\/www.italtel.com\\\/es\\\/federico-muzzulinis-trip-to-italtel\\\/\"},\"wordCount\":930,\"publisher\":{\"@id\":\"https:\\\/\\\/www.italtel.com\\\/de\\\/#organization\"},\"image\":{\"@id\":\"https:\\\/\\\/www.italtel.com\\\/es\\\/federico-muzzulinis-trip-to-italtel\\\/#primaryimage\"},\"thumbnailUrl\":\"https:\\\/\\\/www.italtel.com\\\/wp-content\\\/uploads\\\/2024\\\/10\\\/Artboard-1-copia-1.png\",\"articleSection\":[\"Focus\",\"Interview\"],\"inLanguage\":\"es\"},{\"@type\":\"WebPage\",\"@id\":\"https:\\\/\\\/www.italtel.com\\\/es\\\/federico-muzzulinis-trip-to-italtel\\\/\",\"url\":\"https:\\\/\\\/www.italtel.com\\\/es\\\/federico-muzzulinis-trip-to-italtel\\\/\",\"name\":\"Viaje de Federico Muzzulini a Italtel - Italtel\",\"isPartOf\":{\"@id\":\"https:\\\/\\\/www.italtel.com\\\/de\\\/#website\"},\"primaryImageOfPage\":{\"@id\":\"https:\\\/\\\/www.italtel.com\\\/es\\\/federico-muzzulinis-trip-to-italtel\\\/#primaryimage\"},\"image\":{\"@id\":\"https:\\\/\\\/www.italtel.com\\\/es\\\/federico-muzzulinis-trip-to-italtel\\\/#primaryimage\"},\"thumbnailUrl\":\"https:\\\/\\\/www.italtel.com\\\/wp-content\\\/uploads\\\/2024\\\/10\\\/Artboard-1-copia-1.png\",\"datePublished\":\"2024-10-08T14:21:37+00:00\",\"dateModified\":\"2024-12-05T16:51:52+00:00\",\"breadcrumb\":{\"@id\":\"https:\\\/\\\/www.italtel.com\\\/es\\\/federico-muzzulinis-trip-to-italtel\\\/#breadcrumb\"},\"inLanguage\":\"es\",\"potentialAction\":[{\"@type\":\"ReadAction\",\"target\":[\"https:\\\/\\\/www.italtel.com\\\/es\\\/federico-muzzulinis-trip-to-italtel\\\/\"]}]},{\"@type\":\"ImageObject\",\"inLanguage\":\"es\",\"@id\":\"https:\\\/\\\/www.italtel.com\\\/es\\\/federico-muzzulinis-trip-to-italtel\\\/#primaryimage\",\"url\":\"https:\\\/\\\/www.italtel.com\\\/wp-content\\\/uploads\\\/2024\\\/10\\\/Artboard-1-copia-1.png\",\"contentUrl\":\"https:\\\/\\\/www.italtel.com\\\/wp-content\\\/uploads\\\/2024\\\/10\\\/Artboard-1-copia-1.png\",\"width\":1394,\"height\":863,\"caption\":\"Federico Muzzulini\"},{\"@type\":\"BreadcrumbList\",\"@id\":\"https:\\\/\\\/www.italtel.com\\\/es\\\/federico-muzzulinis-trip-to-italtel\\\/#breadcrumb\",\"itemListElement\":[{\"@type\":\"ListItem\",\"position\":1,\"name\":\"Home\",\"item\":\"https:\\\/\\\/www.italtel.com\\\/es\\\/\"},{\"@type\":\"ListItem\",\"position\":2,\"name\":\"Viaje de Federico Muzzulini a Italtel\"}]},{\"@type\":\"WebSite\",\"@id\":\"https:\\\/\\\/www.italtel.com\\\/de\\\/#website\",\"url\":\"https:\\\/\\\/www.italtel.com\\\/de\\\/\",\"name\":\"Italtel\",\"description\":\"Italtel Group&#039;s company website\",\"publisher\":{\"@id\":\"https:\\\/\\\/www.italtel.com\\\/de\\\/#organization\"},\"potentialAction\":[{\"@type\":\"SearchAction\",\"target\":{\"@type\":\"EntryPoint\",\"urlTemplate\":\"https:\\\/\\\/www.italtel.com\\\/de\\\/?s={search_term_string}\"},\"query-input\":{\"@type\":\"PropertyValueSpecification\",\"valueRequired\":true,\"valueName\":\"search_term_string\"}}],\"inLanguage\":\"es\"},{\"@type\":\"Organization\",\"@id\":\"https:\\\/\\\/www.italtel.com\\\/de\\\/#organization\",\"name\":\"Italtel S.p.A.\",\"url\":\"https:\\\/\\\/www.italtel.com\\\/de\\\/\",\"logo\":{\"@type\":\"ImageObject\",\"inLanguage\":\"es\",\"@id\":\"https:\\\/\\\/www.italtel.com\\\/de\\\/#\\\/schema\\\/logo\\\/image\\\/\",\"url\":\"https:\\\/\\\/www.italtel.com\\\/wp-content\\\/uploads\\\/2024\\\/11\\\/Italtel_logo.png\",\"contentUrl\":\"https:\\\/\\\/www.italtel.com\\\/wp-content\\\/uploads\\\/2024\\\/11\\\/Italtel_logo.png\",\"width\":591,\"height\":139,\"caption\":\"Italtel S.p.A.\"},\"image\":{\"@id\":\"https:\\\/\\\/www.italtel.com\\\/de\\\/#\\\/schema\\\/logo\\\/image\\\/\"},\"sameAs\":[\"https:\\\/\\\/x.com\\\/Italtel\",\"https:\\\/\\\/www.linkedin.com\\\/company\\\/italtel\\\/\",\"https:\\\/\\\/www.instagram.com\\\/italtel_hq\\\/\"]},{\"@type\":\"Person\",\"@id\":\"https:\\\/\\\/www.italtel.com\\\/de\\\/#\\\/schema\\\/person\\\/4e3b50c73c68bd5a082ef2af38a65db7\",\"name\":\"Elisa Borgognone\",\"image\":{\"@type\":\"ImageObject\",\"inLanguage\":\"es\",\"@id\":\"https:\\\/\\\/secure.gravatar.com\\\/avatar\\\/790f63c1ffe880b6fd4c310fd392178ba040bef66caee02e37e65082ca4c684c?s=96&d=mm&r=g\",\"url\":\"https:\\\/\\\/secure.gravatar.com\\\/avatar\\\/790f63c1ffe880b6fd4c310fd392178ba040bef66caee02e37e65082ca4c684c?s=96&d=mm&r=g\",\"contentUrl\":\"https:\\\/\\\/secure.gravatar.com\\\/avatar\\\/790f63c1ffe880b6fd4c310fd392178ba040bef66caee02e37e65082ca4c684c?s=96&d=mm&r=g\",\"caption\":\"Elisa Borgognone\"}}]}<\/script>\n<!-- \/ Yoast SEO plugin. -->","yoast_head_json":{"title":"Viaje de Federico Muzzulini a Italtel - Italtel","robots":{"index":"index","follow":"follow","max-snippet":"max-snippet:-1","max-image-preview":"max-image-preview:large","max-video-preview":"max-video-preview:-1"},"canonical":"https:\/\/www.italtel.com\/es\/federico-muzzulinis-trip-to-italtel\/","og_locale":"es_ES","og_type":"article","og_title":"Viaje de Federico Muzzulini a Italtel - Italtel","og_url":"https:\/\/www.italtel.com\/es\/federico-muzzulinis-trip-to-italtel\/","og_site_name":"Italtel","article_published_time":"2024-10-08T14:21:37+00:00","article_modified_time":"2024-12-05T16:51:52+00:00","og_image":[{"width":1394,"height":863,"url":"https:\/\/www.italtel.com\/wp-content\/uploads\/2024\/10\/Artboard-1-copia-1.png","type":"image\/png"}],"author":"Elisa Borgognone","twitter_card":"summary_large_image","twitter_creator":"@Italtel","twitter_site":"@Italtel","twitter_misc":{"Escrito por":"Elisa Borgognone","Tiempo de lectura":"1 minuto"},"schema":{"@context":"https:\/\/schema.org","@graph":[{"@type":"Article","@id":"https:\/\/www.italtel.com\/es\/federico-muzzulinis-trip-to-italtel\/#article","isPartOf":{"@id":"https:\/\/www.italtel.com\/es\/federico-muzzulinis-trip-to-italtel\/"},"author":{"name":"Elisa Borgognone","@id":"https:\/\/www.italtel.com\/de\/#\/schema\/person\/4e3b50c73c68bd5a082ef2af38a65db7"},"headline":"Viaje de Federico Muzzulini a Italtel","datePublished":"2024-10-08T14:21:37+00:00","dateModified":"2024-12-05T16:51:52+00:00","mainEntityOfPage":{"@id":"https:\/\/www.italtel.com\/es\/federico-muzzulinis-trip-to-italtel\/"},"wordCount":930,"publisher":{"@id":"https:\/\/www.italtel.com\/de\/#organization"},"image":{"@id":"https:\/\/www.italtel.com\/es\/federico-muzzulinis-trip-to-italtel\/#primaryimage"},"thumbnailUrl":"https:\/\/www.italtel.com\/wp-content\/uploads\/2024\/10\/Artboard-1-copia-1.png","articleSection":["Focus","Interview"],"inLanguage":"es"},{"@type":"WebPage","@id":"https:\/\/www.italtel.com\/es\/federico-muzzulinis-trip-to-italtel\/","url":"https:\/\/www.italtel.com\/es\/federico-muzzulinis-trip-to-italtel\/","name":"Viaje de Federico Muzzulini a Italtel - Italtel","isPartOf":{"@id":"https:\/\/www.italtel.com\/de\/#website"},"primaryImageOfPage":{"@id":"https:\/\/www.italtel.com\/es\/federico-muzzulinis-trip-to-italtel\/#primaryimage"},"image":{"@id":"https:\/\/www.italtel.com\/es\/federico-muzzulinis-trip-to-italtel\/#primaryimage"},"thumbnailUrl":"https:\/\/www.italtel.com\/wp-content\/uploads\/2024\/10\/Artboard-1-copia-1.png","datePublished":"2024-10-08T14:21:37+00:00","dateModified":"2024-12-05T16:51:52+00:00","breadcrumb":{"@id":"https:\/\/www.italtel.com\/es\/federico-muzzulinis-trip-to-italtel\/#breadcrumb"},"inLanguage":"es","potentialAction":[{"@type":"ReadAction","target":["https:\/\/www.italtel.com\/es\/federico-muzzulinis-trip-to-italtel\/"]}]},{"@type":"ImageObject","inLanguage":"es","@id":"https:\/\/www.italtel.com\/es\/federico-muzzulinis-trip-to-italtel\/#primaryimage","url":"https:\/\/www.italtel.com\/wp-content\/uploads\/2024\/10\/Artboard-1-copia-1.png","contentUrl":"https:\/\/www.italtel.com\/wp-content\/uploads\/2024\/10\/Artboard-1-copia-1.png","width":1394,"height":863,"caption":"Federico Muzzulini"},{"@type":"BreadcrumbList","@id":"https:\/\/www.italtel.com\/es\/federico-muzzulinis-trip-to-italtel\/#breadcrumb","itemListElement":[{"@type":"ListItem","position":1,"name":"Home","item":"https:\/\/www.italtel.com\/es\/"},{"@type":"ListItem","position":2,"name":"Viaje de Federico Muzzulini a Italtel"}]},{"@type":"WebSite","@id":"https:\/\/www.italtel.com\/de\/#website","url":"https:\/\/www.italtel.com\/de\/","name":"Italtel","description":"Italtel Group&#039;s company website","publisher":{"@id":"https:\/\/www.italtel.com\/de\/#organization"},"potentialAction":[{"@type":"SearchAction","target":{"@type":"EntryPoint","urlTemplate":"https:\/\/www.italtel.com\/de\/?s={search_term_string}"},"query-input":{"@type":"PropertyValueSpecification","valueRequired":true,"valueName":"search_term_string"}}],"inLanguage":"es"},{"@type":"Organization","@id":"https:\/\/www.italtel.com\/de\/#organization","name":"Italtel S.p.A.","url":"https:\/\/www.italtel.com\/de\/","logo":{"@type":"ImageObject","inLanguage":"es","@id":"https:\/\/www.italtel.com\/de\/#\/schema\/logo\/image\/","url":"https:\/\/www.italtel.com\/wp-content\/uploads\/2024\/11\/Italtel_logo.png","contentUrl":"https:\/\/www.italtel.com\/wp-content\/uploads\/2024\/11\/Italtel_logo.png","width":591,"height":139,"caption":"Italtel S.p.A."},"image":{"@id":"https:\/\/www.italtel.com\/de\/#\/schema\/logo\/image\/"},"sameAs":["https:\/\/x.com\/Italtel","https:\/\/www.linkedin.com\/company\/italtel\/","https:\/\/www.instagram.com\/italtel_hq\/"]},{"@type":"Person","@id":"https:\/\/www.italtel.com\/de\/#\/schema\/person\/4e3b50c73c68bd5a082ef2af38a65db7","name":"Elisa Borgognone","image":{"@type":"ImageObject","inLanguage":"es","@id":"https:\/\/secure.gravatar.com\/avatar\/790f63c1ffe880b6fd4c310fd392178ba040bef66caee02e37e65082ca4c684c?s=96&d=mm&r=g","url":"https:\/\/secure.gravatar.com\/avatar\/790f63c1ffe880b6fd4c310fd392178ba040bef66caee02e37e65082ca4c684c?s=96&d=mm&r=g","contentUrl":"https:\/\/secure.gravatar.com\/avatar\/790f63c1ffe880b6fd4c310fd392178ba040bef66caee02e37e65082ca4c684c?s=96&d=mm&r=g","caption":"Elisa Borgognone"}}]}},"_links":{"self":[{"href":"https:\/\/www.italtel.com\/es\/wp-json\/wp\/v2\/posts\/66660","targetHints":{"allow":["GET"]}}],"collection":[{"href":"https:\/\/www.italtel.com\/es\/wp-json\/wp\/v2\/posts"}],"about":[{"href":"https:\/\/www.italtel.com\/es\/wp-json\/wp\/v2\/types\/post"}],"author":[{"embeddable":true,"href":"https:\/\/www.italtel.com\/es\/wp-json\/wp\/v2\/users\/10"}],"replies":[{"embeddable":true,"href":"https:\/\/www.italtel.com\/es\/wp-json\/wp\/v2\/comments?post=66660"}],"version-history":[{"count":2,"href":"https:\/\/www.italtel.com\/es\/wp-json\/wp\/v2\/posts\/66660\/revisions"}],"predecessor-version":[{"id":66662,"href":"https:\/\/www.italtel.com\/es\/wp-json\/wp\/v2\/posts\/66660\/revisions\/66662"}],"wp:featuredmedia":[{"embeddable":true,"href":"https:\/\/www.italtel.com\/es\/wp-json\/wp\/v2\/media\/63256"}],"wp:attachment":[{"href":"https:\/\/www.italtel.com\/es\/wp-json\/wp\/v2\/media?parent=66660"}],"wp:term":[{"taxonomy":"category","embeddable":true,"href":"https:\/\/www.italtel.com\/es\/wp-json\/wp\/v2\/categories?post=66660"},{"taxonomy":"post_tag","embeddable":true,"href":"https:\/\/www.italtel.com\/es\/wp-json\/wp\/v2\/tags?post=66660"}],"curies":[{"name":"wp","href":"https:\/\/api.w.org\/{rel}","templated":true}]}}