{"id":68309,"date":"2025-02-14T10:19:14","date_gmt":"2025-02-14T08:19:14","guid":{"rendered":"https:\/\/www.italtel.com\/?p=68309"},"modified":"2025-02-14T11:50:49","modified_gmt":"2025-02-14T09:50:49","slug":"the-board-of-directors-of-italtel-appoints-carlo-filangieri-as-new-ceo","status":"publish","type":"post","link":"https:\/\/www.italtel.com\/es\/the-board-of-directors-of-italtel-appoints-carlo-filangieri-as-new-ceo\/","title":{"rendered":"El Consejo de Administraci\u00f3n de Italtel nombra a Carlo Filangieri como nuevo CEO"},"content":{"rendered":"\n<div class=\"row\"  id=\"row-464592914\">\n\n\n\t<div id=\"col-866770866\" class=\"col medium-9 small-12 large-9\"  >\n\t\t\t\t<div class=\"col-inner\"  >\n\t\t\t\n\t\t\t\n\n\t<div id=\"text-1554651272\" class=\"text fontsize_18 color_black\">\n\t\t\n\n<p><strong>Mil\u00e1n, 14 de febrero de 2025 \u2013 El Consejo de Administraci\u00f3n de Italtel<\/strong>, una empresa multinacional de Tecnolog\u00eda de la Informaci\u00f3n y Comunicaci\u00f3n especializada en soluciones y servicios para la transformaci\u00f3n digital, <strong>ha nombrado a Carlo Filangieri como nuevo CEO<\/strong> de Italtel, en sustituci\u00f3n de Benedetto Di Salvo, quien dirigi\u00f3 la empresa durante tres a\u00f1os. La decisi\u00f3n marca un paso importante en la consolidaci\u00f3n de la posici\u00f3n de liderazgo de la empresa en el mercado de las TIC.<\/p>\n<p>Carlo Filangieri, ingeniero electr\u00f3nico, cuenta con m\u00e1s de 25 a\u00f1os de experiencia profesional en la industria, habiendo ocupado altos cargos en Italia y en el extranjero. CEO de FiberCop desde marzo de 2021 hasta junio de 2024, contribuy\u00f3 al nacimiento del mayor operador de telecomunicaciones <em>wholesale<\/em> de Italia y al desarrollo de la red nacional de fibra \u00f3ptica.<\/p>\n<p>En TIM dirigi\u00f3 la organizaci\u00f3n responsable del desarrollo y mantenimiento de la red de acceso (Open Access), el \u00e1rea de negocio Wholesale Market, generando ingresos de aproximadamente 2 mil millones de euros, y la infraestructura de TI, con el lanzamiento de los primeros servicios de Cloud Computing en Italia.<\/p>\n<p>De 2012 a 2014, fue CTO de TIM Brasil, donde ayud\u00f3 a mejorar los servicios ofrecidos por la empresa, con el lanzamiento de uno de los primeros proyectos de <em>active aharing<\/em> del mundo y el servicio de fibra TIM Live en las principales ciudades brasile\u00f1as.<\/p>\n<p>Tambi\u00e9n ha sido director en varios consejos de administraci\u00f3n (TIM Brasil, Trentino NGN, Flash Fiber) y ha supervisado numerosos proyectos de fusiones y adquisiciones, incluyendo la escisi\u00f3n de torres en Brasil y la separaci\u00f3n de FiberCop en Italia.<\/p>\n\t\t\t<\/div>\n\t\n<div class=\"row row-collapse\"  id=\"row-340254024\">\n\n\n\t<div id=\"col-602242654\" class=\"col medium-2 small-12 large-2\"  >\n\t\t\t\t<div class=\"col-inner\"  >\n\t\t\t\n\t\t\t\n\n\t<div class=\"img has-hover x md-x lg-x y md-y lg-y\" id=\"image_1155956521\">\n\t\t\t\t\t\t\t\t<div class=\"img-inner dark\" >\n\t\t\t<img loading=\"lazy\" decoding=\"async\" width=\"600\" height=\"600\" src=\"https:\/\/www.italtel.com\/wp-content\/uploads\/2025\/02\/Carlo_Filangier_cerchio.png\" class=\"attachment-original size-original\" alt=\"Carlo Filangieri\" srcset=\"https:\/\/www.italtel.com\/wp-content\/uploads\/2025\/02\/Carlo_Filangier_cerchio.png 600w, https:\/\/www.italtel.com\/wp-content\/uploads\/2025\/02\/Carlo_Filangier_cerchio-300x300.png 300w, https:\/\/www.italtel.com\/wp-content\/uploads\/2025\/02\/Carlo_Filangier_cerchio-150x150.png 150w\" sizes=\"auto, (max-width: 600px) 100vw, 600px\" \/>\t\t\t\t\t\t\n\t\t\t\t\t<\/div>\n\t\t\t\t\t\t\t\t\n<style>\n#image_1155956521 {\n  width: 100%;\n}\n<\/style>\n\t<\/div>\n\t\n\n\n\t\t<\/div>\n\t\t\t\t\t<\/div>\n\n\t\n\n\t<div id=\"col-854736471\" class=\"col medium-10 small-12 large-10\"  >\n\t\t\t\t<div class=\"col-inner\"  >\n\t\t\t\n\t\t\t\n\n\t<div id=\"text-3066256957\" class=\"text fontsize_200\">\n\t\t\n\n<p style=\"color: #04c5fe;\">\u201c<\/p>\n\t\t\t<\/div>\n\t\n\t<div id=\"text-4002512231\" class=\"text fontsize_18 color_black\">\n\t\t\n\n<p><em>\u201cEstoy orgulloso de tomar las riendas de Italtel, una empresa que ha estado contribuyendo de manera importante al crecimiento industrial y tecnol\u00f3gico del pa\u00eds durante m\u00e1s de 100 a\u00f1os y cuyos valores comparto en su ADN: experiencia, innovaci\u00f3n y enfoque en el cliente\u201d, <\/em>dice <strong>Carlo Filangieri<\/strong><em>. \u201cTengo la intenci\u00f3n de partir de aqu\u00ed y de la relevante experiencia adquirida en el contexto multinacional para consolidar y acelerar la digitalizaci\u00f3n y el desarrollo de nuestros clientes en Italia y en el extranjero\u201d.<\/em><\/p>\n\t\t\t<\/div>\n\t\n\n\t\t<\/div>\n\t\t\t\t\n<style>\n#col-854736471 > .col-inner {\n  padding: 0px 0px 0px 4rem;\n}\n<\/style>\n\t<\/div>\n\n\t\n\n<\/div>\n\t<div id=\"text-3972619525\" class=\"text fontsize_18 color_black\">\n\t\t\n\n<p>Italtel tiene capacidades de ingenier\u00eda reconocidas en el mercado en los temas de dise\u00f1o, desarrollo e implementaci\u00f3n de infraestructura de red y soluciones tecnol\u00f3gicas innovadoras, un fuerte ecosistema de partner, capacidad para dise\u00f1ar y ofrecer servicios avanzados y gestionados, y una oferta que cubre los temas m\u00e1s avanzados de transformaci\u00f3n digital como redes y 5G, nube h\u00edbrida, ciberseguridad, automatizaci\u00f3n e IA.<\/p>\n<p>El capital social de Italtel est\u00e1 en manos de Nextalia en un 71,38 por ciento, a trav\u00e9s del fondo \u201cNextalia Credit Opportunities\u201d, y el 28,62 por ciento restante est\u00e1 en manos de Clessidra a trav\u00e9s del fondo \u201cClessidra Restructuring\u201d.<\/p>\n\t\t\t<\/div>\n\t\n\n\t\t<\/div>\n\t\t\t\t\n<style>\n#col-866770866 > .col-inner {\n  padding: 6rem 11rem 0px 0px;\n}\n<\/style>\n\t<\/div>\n\n\t\n\n\t<div id=\"col-728297517\" class=\"col sibebar_col medium-3 small-12 large-3\"  >\n\t\t<div class=\"is-sticky-column\"><div class=\"is-sticky-column__inner\">\t\t<div class=\"col-inner\"  >\n\t\t\t\n\t\t\t\n\n\t<div id=\"text-266499155\" class=\"text fontsize_16 color_black fontweight_500\">\n\t\t\n\n<p>KEYWORDS<\/p>\n\t\t\t<\/div>\n\t\n<div class=\"is-divider divider clearfix\" style=\"margin-top:2rem;margin-bottom:2rem;max-width:100%;height:1px;background-color:rgba(112, 112, 112, 0.302);\"><\/div>\n\n\t<div id=\"text-168805576\" class=\"text fontsize_18 color_black\">\n\t\t\n\n<p>LEADERSHIP<\/p>\n\t\t\t<\/div>\n\t\n<div class=\"is-divider divider clearfix\" style=\"margin-top:2rem;margin-bottom:2rem;max-width:100%;height:1px;background-color:rgba(112, 112, 112, 0.302);\"><\/div>\n\n\t<div id=\"text-3925665074\" class=\"text fontsize_18 color_black\">\n\t\t\n\n<p>EXPERIENCE<\/p>\n\t\t\t<\/div>\n\t\n<div class=\"is-divider divider clearfix\" style=\"margin-top:2rem;margin-bottom:2rem;max-width:100%;height:1px;background-color:rgba(112, 112, 112, 0.302);\"><\/div>\n\n\t<div id=\"gap-1585314099\" class=\"gap-element clearfix\" style=\"display:block; height:auto;\">\n\t\t\n<style>\n#gap-1585314099 {\n  padding-top: 13rem;\n}\n<\/style>\n\t<\/div>\n\t\n\n\t<div id=\"text-3341279095\" class=\"text fontsize_16 color_black fontweight_500\">\n\t\t\n\n<p>DOCUMENTS<\/p>\n\t\t\t<\/div>\n\t\n<div class=\"is-divider divider clearfix\" style=\"margin-top:2rem;margin-bottom:2rem;max-width:100%;height:1px;background-color:rgba(112, 112, 112, 0.302);\"><\/div>\n\n\t<div id=\"text-2458353085\" class=\"text fontsize_18 color_black\">\n\t\t\n\n<p><a href=\"https:\/\/www.italtel.com\/wp-content\/uploads\/2025\/02\/CdP-Italtel-nuevo-CEO.pdf\" target=\"_blank\" rel=\"noopener\">COMUNICADO DE PRENSA<\/a><\/p>\n\n\t\t\t<\/div>\n\t\n<div class=\"is-divider divider clearfix\" style=\"margin-top:2rem;margin-bottom:2rem;max-width:100%;height:1px;background-color:rgba(112, 112, 112, 0.302);\"><\/div>\n\n\t<div id=\"gap-1570246974\" class=\"gap-element clearfix\" style=\"display:block; height:auto;\">\n\t\t\n<style>\n#gap-1570246974 {\n  padding-top: 13rem;\n}\n<\/style>\n\t<\/div>\n\t\n\n\t<div id=\"text-3696745637\" class=\"text fontsize_16 color_black fontweight_500\">\n\t\t\n\nSHARE THE PAGE\n\t\t\t<\/div>\n\t\n<div class=\"is-divider divider clearfix\" style=\"margin-top:2rem;margin-bottom:2rem;max-width:100%;height:1px;background-color:rgba(112, 112, 112, 0.302);\"><\/div>\n\n\t<div class=\"img has-hover socialshare_icon linkedin x md-x lg-x y md-y lg-y\" id=\"image_1582546389\">\n\t\t\t\t\t\t\t\t<div class=\"img-inner dark\" >\n\t\t\t<img loading=\"lazy\" decoding=\"async\" width=\"1\" height=\"1\" src=\"https:\/\/www.italtel.com\/wp-content\/uploads\/2024\/09\/Linkedin-icon.svg\" class=\"attachment-large size-large\" alt=\"Linkedin-icon\" \/>\t\t\t\t\t\t\n\t\t\t\t\t<\/div>\n\t\t\t\t\t\t\t\t\n<style>\n#image_1582546389 {\n  width: 100%;\n}\n<\/style>\n\t<\/div>\n\t\n\n\t<div class=\"img has-hover socialshare_icon instagram x md-x lg-x y md-y lg-y\" id=\"image_1341373743\">\n\t\t\t\t\t\t\t\t<div class=\"img-inner dark\" >\n\t\t\t<img loading=\"lazy\" decoding=\"async\" width=\"27\" height=\"27\" src=\"https:\/\/www.italtel.com\/wp-content\/uploads\/2024\/07\/Raggruppa-12942.png\" class=\"attachment-large size-large\" alt=\"Instagram icon\" \/>\t\t\t\t\t\t\n\t\t\t\t\t<\/div>\n\t\t\t\t\t\t\t\t\n<style>\n#image_1341373743 {\n  width: 100%;\n}\n<\/style>\n\t<\/div>\n\t\n\n\t<div class=\"img has-hover socialshare_icon ex x md-x lg-x y md-y lg-y\" id=\"image_1564035342\">\n\t\t\t\t\t\t\t\t<div class=\"img-inner dark\" >\n\t\t\t<img loading=\"lazy\" decoding=\"async\" width=\"1\" height=\"1\" src=\"https:\/\/www.italtel.com\/wp-content\/uploads\/2024\/09\/X-icon.svg\" class=\"attachment-large size-large\" alt=\"X-icon\" \/>\t\t\t\t\t\t\n\t\t\t\t\t<\/div>\n\t\t\t\t\t\t\t\t\n<style>\n#image_1564035342 {\n  width: 100%;\n}\n<\/style>\n\t<\/div>\n\t\n\n\n\t\t<\/div>\n\t\t<\/div><\/div>\t\t\n<style>\n#col-728297517 > .is-sticky-column > .is-sticky-column__inner > .col-inner {\n  padding: 6rem 0px 0px 0px;\n}\n<\/style>\n\t<\/div>\n\n\t\n\n<\/div>\n\n","protected":false},"excerpt":{"rendered":"","protected":false},"author":6,"featured_media":68280,"comment_status":"closed","ping_status":"closed","sticky":false,"template":"","format":"standard","meta":{"footnotes":""},"categories":[886],"tags":[954],"class_list":["post-68309","post","type-post","status-publish","format-standard","has-post-thumbnail","hentry","category-press-release-es","tag-company-es"],"yoast_head":"<!-- This site is optimized with the Yoast SEO plugin v27.4 - https:\/\/yoast.com\/product\/yoast-seo-wordpress\/ -->\n<title>El Consejo de Administraci\u00f3n de Italtel nombra a Carlo Filangieri como nuevo CEO - Italtel<\/title>\n<meta name=\"robots\" content=\"index, follow, max-snippet:-1, max-image-preview:large, max-video-preview:-1\" \/>\n<link rel=\"canonical\" href=\"https:\/\/www.italtel.com\/es\/the-board-of-directors-of-italtel-appoints-carlo-filangieri-as-new-ceo\/\" \/>\n<meta property=\"og:locale\" content=\"es_ES\" \/>\n<meta property=\"og:type\" content=\"article\" \/>\n<meta property=\"og:title\" content=\"El Consejo de Administraci\u00f3n de Italtel nombra a Carlo Filangieri como nuevo CEO - Italtel\" \/>\n<meta property=\"og:url\" content=\"https:\/\/www.italtel.com\/es\/the-board-of-directors-of-italtel-appoints-carlo-filangieri-as-new-ceo\/\" \/>\n<meta property=\"og:site_name\" content=\"Italtel\" \/>\n<meta property=\"article:published_time\" content=\"2025-02-14T08:19:14+00:00\" \/>\n<meta property=\"article:modified_time\" content=\"2025-02-14T09:50:49+00:00\" \/>\n<meta property=\"og:image\" content=\"https:\/\/www.italtel.com\/wp-content\/uploads\/2025\/02\/Carlo_Filangieri_CEO-scaled.jpg\" \/>\n\t<meta property=\"og:image:width\" content=\"2560\" \/>\n\t<meta property=\"og:image:height\" content=\"1920\" \/>\n\t<meta property=\"og:image:type\" content=\"image\/jpeg\" \/>\n<meta name=\"author\" content=\"Daniela Fontana\" \/>\n<meta name=\"twitter:card\" content=\"summary_large_image\" \/>\n<meta name=\"twitter:creator\" content=\"@Italtel\" \/>\n<meta name=\"twitter:site\" content=\"@Italtel\" \/>\n<meta name=\"twitter:label1\" content=\"Escrito por\" \/>\n\t<meta name=\"twitter:data1\" content=\"Daniela Fontana\" \/>\n\t<meta name=\"twitter:label2\" content=\"Tiempo de lectura\" \/>\n\t<meta name=\"twitter:data2\" content=\"1 minuto\" \/>\n<script type=\"application\/ld+json\" class=\"yoast-schema-graph\">{\"@context\":\"https:\\\/\\\/schema.org\",\"@graph\":[{\"@type\":\"Article\",\"@id\":\"https:\\\/\\\/www.italtel.com\\\/es\\\/the-board-of-directors-of-italtel-appoints-carlo-filangieri-as-new-ceo\\\/#article\",\"isPartOf\":{\"@id\":\"https:\\\/\\\/www.italtel.com\\\/es\\\/the-board-of-directors-of-italtel-appoints-carlo-filangieri-as-new-ceo\\\/\"},\"author\":{\"name\":\"Daniela Fontana\",\"@id\":\"https:\\\/\\\/www.italtel.com\\\/de\\\/#\\\/schema\\\/person\\\/38f315d5a978255f0cf320055bad5afe\"},\"headline\":\"El Consejo de Administraci\u00f3n de Italtel nombra a Carlo Filangieri como nuevo CEO\",\"datePublished\":\"2025-02-14T08:19:14+00:00\",\"dateModified\":\"2025-02-14T09:50:49+00:00\",\"mainEntityOfPage\":{\"@id\":\"https:\\\/\\\/www.italtel.com\\\/es\\\/the-board-of-directors-of-italtel-appoints-carlo-filangieri-as-new-ceo\\\/\"},\"wordCount\":713,\"publisher\":{\"@id\":\"https:\\\/\\\/www.italtel.com\\\/de\\\/#organization\"},\"image\":{\"@id\":\"https:\\\/\\\/www.italtel.com\\\/es\\\/the-board-of-directors-of-italtel-appoints-carlo-filangieri-as-new-ceo\\\/#primaryimage\"},\"thumbnailUrl\":\"https:\\\/\\\/www.italtel.com\\\/wp-content\\\/uploads\\\/2025\\\/02\\\/Carlo_Filangieri_CEO-scaled.jpg\",\"keywords\":[\"Company\"],\"articleSection\":[\"Press release\"],\"inLanguage\":\"es\"},{\"@type\":\"WebPage\",\"@id\":\"https:\\\/\\\/www.italtel.com\\\/es\\\/the-board-of-directors-of-italtel-appoints-carlo-filangieri-as-new-ceo\\\/\",\"url\":\"https:\\\/\\\/www.italtel.com\\\/es\\\/the-board-of-directors-of-italtel-appoints-carlo-filangieri-as-new-ceo\\\/\",\"name\":\"El Consejo de Administraci\u00f3n de Italtel nombra a Carlo Filangieri como nuevo CEO - Italtel\",\"isPartOf\":{\"@id\":\"https:\\\/\\\/www.italtel.com\\\/de\\\/#website\"},\"primaryImageOfPage\":{\"@id\":\"https:\\\/\\\/www.italtel.com\\\/es\\\/the-board-of-directors-of-italtel-appoints-carlo-filangieri-as-new-ceo\\\/#primaryimage\"},\"image\":{\"@id\":\"https:\\\/\\\/www.italtel.com\\\/es\\\/the-board-of-directors-of-italtel-appoints-carlo-filangieri-as-new-ceo\\\/#primaryimage\"},\"thumbnailUrl\":\"https:\\\/\\\/www.italtel.com\\\/wp-content\\\/uploads\\\/2025\\\/02\\\/Carlo_Filangieri_CEO-scaled.jpg\",\"datePublished\":\"2025-02-14T08:19:14+00:00\",\"dateModified\":\"2025-02-14T09:50:49+00:00\",\"breadcrumb\":{\"@id\":\"https:\\\/\\\/www.italtel.com\\\/es\\\/the-board-of-directors-of-italtel-appoints-carlo-filangieri-as-new-ceo\\\/#breadcrumb\"},\"inLanguage\":\"es\",\"potentialAction\":[{\"@type\":\"ReadAction\",\"target\":[\"https:\\\/\\\/www.italtel.com\\\/es\\\/the-board-of-directors-of-italtel-appoints-carlo-filangieri-as-new-ceo\\\/\"]}]},{\"@type\":\"ImageObject\",\"inLanguage\":\"es\",\"@id\":\"https:\\\/\\\/www.italtel.com\\\/es\\\/the-board-of-directors-of-italtel-appoints-carlo-filangieri-as-new-ceo\\\/#primaryimage\",\"url\":\"https:\\\/\\\/www.italtel.com\\\/wp-content\\\/uploads\\\/2025\\\/02\\\/Carlo_Filangieri_CEO-scaled.jpg\",\"contentUrl\":\"https:\\\/\\\/www.italtel.com\\\/wp-content\\\/uploads\\\/2025\\\/02\\\/Carlo_Filangieri_CEO-scaled.jpg\",\"width\":2560,\"height\":1920,\"caption\":\"Carlo Filangieri CEO\"},{\"@type\":\"BreadcrumbList\",\"@id\":\"https:\\\/\\\/www.italtel.com\\\/es\\\/the-board-of-directors-of-italtel-appoints-carlo-filangieri-as-new-ceo\\\/#breadcrumb\",\"itemListElement\":[{\"@type\":\"ListItem\",\"position\":1,\"name\":\"Home\",\"item\":\"https:\\\/\\\/www.italtel.com\\\/es\\\/\"},{\"@type\":\"ListItem\",\"position\":2,\"name\":\"El Consejo de Administraci\u00f3n de Italtel nombra a Carlo Filangieri como nuevo CEO\"}]},{\"@type\":\"WebSite\",\"@id\":\"https:\\\/\\\/www.italtel.com\\\/de\\\/#website\",\"url\":\"https:\\\/\\\/www.italtel.com\\\/de\\\/\",\"name\":\"Italtel\",\"description\":\"Italtel Group&#039;s company website\",\"publisher\":{\"@id\":\"https:\\\/\\\/www.italtel.com\\\/de\\\/#organization\"},\"potentialAction\":[{\"@type\":\"SearchAction\",\"target\":{\"@type\":\"EntryPoint\",\"urlTemplate\":\"https:\\\/\\\/www.italtel.com\\\/de\\\/?s={search_term_string}\"},\"query-input\":{\"@type\":\"PropertyValueSpecification\",\"valueRequired\":true,\"valueName\":\"search_term_string\"}}],\"inLanguage\":\"es\"},{\"@type\":\"Organization\",\"@id\":\"https:\\\/\\\/www.italtel.com\\\/de\\\/#organization\",\"name\":\"Italtel S.p.A.\",\"url\":\"https:\\\/\\\/www.italtel.com\\\/de\\\/\",\"logo\":{\"@type\":\"ImageObject\",\"inLanguage\":\"es\",\"@id\":\"https:\\\/\\\/www.italtel.com\\\/de\\\/#\\\/schema\\\/logo\\\/image\\\/\",\"url\":\"https:\\\/\\\/www.italtel.com\\\/wp-content\\\/uploads\\\/2024\\\/11\\\/Italtel_logo.png\",\"contentUrl\":\"https:\\\/\\\/www.italtel.com\\\/wp-content\\\/uploads\\\/2024\\\/11\\\/Italtel_logo.png\",\"width\":591,\"height\":139,\"caption\":\"Italtel S.p.A.\"},\"image\":{\"@id\":\"https:\\\/\\\/www.italtel.com\\\/de\\\/#\\\/schema\\\/logo\\\/image\\\/\"},\"sameAs\":[\"https:\\\/\\\/x.com\\\/Italtel\",\"https:\\\/\\\/www.linkedin.com\\\/company\\\/italtel\\\/\",\"https:\\\/\\\/www.instagram.com\\\/italtel_hq\\\/\"]},{\"@type\":\"Person\",\"@id\":\"https:\\\/\\\/www.italtel.com\\\/de\\\/#\\\/schema\\\/person\\\/38f315d5a978255f0cf320055bad5afe\",\"name\":\"Daniela Fontana\",\"image\":{\"@type\":\"ImageObject\",\"inLanguage\":\"es\",\"@id\":\"https:\\\/\\\/secure.gravatar.com\\\/avatar\\\/834a03b0c73144a8ca36e17dc365b3fbadb34c9e44399b609a00f2231e694f6a?s=96&d=mm&r=g\",\"url\":\"https:\\\/\\\/secure.gravatar.com\\\/avatar\\\/834a03b0c73144a8ca36e17dc365b3fbadb34c9e44399b609a00f2231e694f6a?s=96&d=mm&r=g\",\"contentUrl\":\"https:\\\/\\\/secure.gravatar.com\\\/avatar\\\/834a03b0c73144a8ca36e17dc365b3fbadb34c9e44399b609a00f2231e694f6a?s=96&d=mm&r=g\",\"caption\":\"Daniela Fontana\"}}]}<\/script>\n<!-- \/ Yoast SEO plugin. -->","yoast_head_json":{"title":"El Consejo de Administraci\u00f3n de Italtel nombra a Carlo Filangieri como nuevo CEO - Italtel","robots":{"index":"index","follow":"follow","max-snippet":"max-snippet:-1","max-image-preview":"max-image-preview:large","max-video-preview":"max-video-preview:-1"},"canonical":"https:\/\/www.italtel.com\/es\/the-board-of-directors-of-italtel-appoints-carlo-filangieri-as-new-ceo\/","og_locale":"es_ES","og_type":"article","og_title":"El Consejo de Administraci\u00f3n de Italtel nombra a Carlo Filangieri como nuevo CEO - Italtel","og_url":"https:\/\/www.italtel.com\/es\/the-board-of-directors-of-italtel-appoints-carlo-filangieri-as-new-ceo\/","og_site_name":"Italtel","article_published_time":"2025-02-14T08:19:14+00:00","article_modified_time":"2025-02-14T09:50:49+00:00","og_image":[{"width":2560,"height":1920,"url":"https:\/\/www.italtel.com\/wp-content\/uploads\/2025\/02\/Carlo_Filangieri_CEO-scaled.jpg","type":"image\/jpeg"}],"author":"Daniela Fontana","twitter_card":"summary_large_image","twitter_creator":"@Italtel","twitter_site":"@Italtel","twitter_misc":{"Escrito por":"Daniela Fontana","Tiempo de lectura":"1 minuto"},"schema":{"@context":"https:\/\/schema.org","@graph":[{"@type":"Article","@id":"https:\/\/www.italtel.com\/es\/the-board-of-directors-of-italtel-appoints-carlo-filangieri-as-new-ceo\/#article","isPartOf":{"@id":"https:\/\/www.italtel.com\/es\/the-board-of-directors-of-italtel-appoints-carlo-filangieri-as-new-ceo\/"},"author":{"name":"Daniela Fontana","@id":"https:\/\/www.italtel.com\/de\/#\/schema\/person\/38f315d5a978255f0cf320055bad5afe"},"headline":"El Consejo de Administraci\u00f3n de Italtel nombra a Carlo Filangieri como nuevo CEO","datePublished":"2025-02-14T08:19:14+00:00","dateModified":"2025-02-14T09:50:49+00:00","mainEntityOfPage":{"@id":"https:\/\/www.italtel.com\/es\/the-board-of-directors-of-italtel-appoints-carlo-filangieri-as-new-ceo\/"},"wordCount":713,"publisher":{"@id":"https:\/\/www.italtel.com\/de\/#organization"},"image":{"@id":"https:\/\/www.italtel.com\/es\/the-board-of-directors-of-italtel-appoints-carlo-filangieri-as-new-ceo\/#primaryimage"},"thumbnailUrl":"https:\/\/www.italtel.com\/wp-content\/uploads\/2025\/02\/Carlo_Filangieri_CEO-scaled.jpg","keywords":["Company"],"articleSection":["Press release"],"inLanguage":"es"},{"@type":"WebPage","@id":"https:\/\/www.italtel.com\/es\/the-board-of-directors-of-italtel-appoints-carlo-filangieri-as-new-ceo\/","url":"https:\/\/www.italtel.com\/es\/the-board-of-directors-of-italtel-appoints-carlo-filangieri-as-new-ceo\/","name":"El Consejo de Administraci\u00f3n de Italtel nombra a Carlo Filangieri como nuevo CEO - Italtel","isPartOf":{"@id":"https:\/\/www.italtel.com\/de\/#website"},"primaryImageOfPage":{"@id":"https:\/\/www.italtel.com\/es\/the-board-of-directors-of-italtel-appoints-carlo-filangieri-as-new-ceo\/#primaryimage"},"image":{"@id":"https:\/\/www.italtel.com\/es\/the-board-of-directors-of-italtel-appoints-carlo-filangieri-as-new-ceo\/#primaryimage"},"thumbnailUrl":"https:\/\/www.italtel.com\/wp-content\/uploads\/2025\/02\/Carlo_Filangieri_CEO-scaled.jpg","datePublished":"2025-02-14T08:19:14+00:00","dateModified":"2025-02-14T09:50:49+00:00","breadcrumb":{"@id":"https:\/\/www.italtel.com\/es\/the-board-of-directors-of-italtel-appoints-carlo-filangieri-as-new-ceo\/#breadcrumb"},"inLanguage":"es","potentialAction":[{"@type":"ReadAction","target":["https:\/\/www.italtel.com\/es\/the-board-of-directors-of-italtel-appoints-carlo-filangieri-as-new-ceo\/"]}]},{"@type":"ImageObject","inLanguage":"es","@id":"https:\/\/www.italtel.com\/es\/the-board-of-directors-of-italtel-appoints-carlo-filangieri-as-new-ceo\/#primaryimage","url":"https:\/\/www.italtel.com\/wp-content\/uploads\/2025\/02\/Carlo_Filangieri_CEO-scaled.jpg","contentUrl":"https:\/\/www.italtel.com\/wp-content\/uploads\/2025\/02\/Carlo_Filangieri_CEO-scaled.jpg","width":2560,"height":1920,"caption":"Carlo Filangieri CEO"},{"@type":"BreadcrumbList","@id":"https:\/\/www.italtel.com\/es\/the-board-of-directors-of-italtel-appoints-carlo-filangieri-as-new-ceo\/#breadcrumb","itemListElement":[{"@type":"ListItem","position":1,"name":"Home","item":"https:\/\/www.italtel.com\/es\/"},{"@type":"ListItem","position":2,"name":"El Consejo de Administraci\u00f3n de Italtel nombra a Carlo Filangieri como nuevo CEO"}]},{"@type":"WebSite","@id":"https:\/\/www.italtel.com\/de\/#website","url":"https:\/\/www.italtel.com\/de\/","name":"Italtel","description":"Italtel Group&#039;s company website","publisher":{"@id":"https:\/\/www.italtel.com\/de\/#organization"},"potentialAction":[{"@type":"SearchAction","target":{"@type":"EntryPoint","urlTemplate":"https:\/\/www.italtel.com\/de\/?s={search_term_string}"},"query-input":{"@type":"PropertyValueSpecification","valueRequired":true,"valueName":"search_term_string"}}],"inLanguage":"es"},{"@type":"Organization","@id":"https:\/\/www.italtel.com\/de\/#organization","name":"Italtel S.p.A.","url":"https:\/\/www.italtel.com\/de\/","logo":{"@type":"ImageObject","inLanguage":"es","@id":"https:\/\/www.italtel.com\/de\/#\/schema\/logo\/image\/","url":"https:\/\/www.italtel.com\/wp-content\/uploads\/2024\/11\/Italtel_logo.png","contentUrl":"https:\/\/www.italtel.com\/wp-content\/uploads\/2024\/11\/Italtel_logo.png","width":591,"height":139,"caption":"Italtel S.p.A."},"image":{"@id":"https:\/\/www.italtel.com\/de\/#\/schema\/logo\/image\/"},"sameAs":["https:\/\/x.com\/Italtel","https:\/\/www.linkedin.com\/company\/italtel\/","https:\/\/www.instagram.com\/italtel_hq\/"]},{"@type":"Person","@id":"https:\/\/www.italtel.com\/de\/#\/schema\/person\/38f315d5a978255f0cf320055bad5afe","name":"Daniela Fontana","image":{"@type":"ImageObject","inLanguage":"es","@id":"https:\/\/secure.gravatar.com\/avatar\/834a03b0c73144a8ca36e17dc365b3fbadb34c9e44399b609a00f2231e694f6a?s=96&d=mm&r=g","url":"https:\/\/secure.gravatar.com\/avatar\/834a03b0c73144a8ca36e17dc365b3fbadb34c9e44399b609a00f2231e694f6a?s=96&d=mm&r=g","contentUrl":"https:\/\/secure.gravatar.com\/avatar\/834a03b0c73144a8ca36e17dc365b3fbadb34c9e44399b609a00f2231e694f6a?s=96&d=mm&r=g","caption":"Daniela Fontana"}}]}},"_links":{"self":[{"href":"https:\/\/www.italtel.com\/es\/wp-json\/wp\/v2\/posts\/68309","targetHints":{"allow":["GET"]}}],"collection":[{"href":"https:\/\/www.italtel.com\/es\/wp-json\/wp\/v2\/posts"}],"about":[{"href":"https:\/\/www.italtel.com\/es\/wp-json\/wp\/v2\/types\/post"}],"author":[{"embeddable":true,"href":"https:\/\/www.italtel.com\/es\/wp-json\/wp\/v2\/users\/6"}],"replies":[{"embeddable":true,"href":"https:\/\/www.italtel.com\/es\/wp-json\/wp\/v2\/comments?post=68309"}],"version-history":[{"count":10,"href":"https:\/\/www.italtel.com\/es\/wp-json\/wp\/v2\/posts\/68309\/revisions"}],"predecessor-version":[{"id":68336,"href":"https:\/\/www.italtel.com\/es\/wp-json\/wp\/v2\/posts\/68309\/revisions\/68336"}],"wp:featuredmedia":[{"embeddable":true,"href":"https:\/\/www.italtel.com\/es\/wp-json\/wp\/v2\/media\/68280"}],"wp:attachment":[{"href":"https:\/\/www.italtel.com\/es\/wp-json\/wp\/v2\/media?parent=68309"}],"wp:term":[{"taxonomy":"category","embeddable":true,"href":"https:\/\/www.italtel.com\/es\/wp-json\/wp\/v2\/categories?post=68309"},{"taxonomy":"post_tag","embeddable":true,"href":"https:\/\/www.italtel.com\/es\/wp-json\/wp\/v2\/tags?post=68309"}],"curies":[{"name":"wp","href":"https:\/\/api.w.org\/{rel}","templated":true}]}}