{"id":74617,"date":"2025-05-21T11:47:22","date_gmt":"2025-05-21T09:47:22","guid":{"rendered":"https:\/\/www.italtel.com\/inaugurated-the-new-italtel-offices-in-madrid-stronger-presence-in-spain\/"},"modified":"2025-05-21T11:55:50","modified_gmt":"2025-05-21T09:55:50","slug":"inaugurated-the-new-italtel-offices-in-madrid-stronger-presence-in-spain","status":"publish","type":"post","link":"https:\/\/www.italtel.com\/es\/inaugurated-the-new-italtel-offices-in-madrid-stronger-presence-in-spain\/","title":{"rendered":"Inaugurados los nuevos oficinas de Italtel en Madrid: presencia reforzada en Espa\u00f1a"},"content":{"rendered":"\n<div class=\"row\"  id=\"row-314884353\">\n\n\n\t<div id=\"col-480095970\" class=\"col medium-9 small-12 large-9\"  >\n\t\t\t\t<div class=\"col-inner\"  >\n\t\t\t\n\t\t\t\n\n\t<div id=\"text-3327407769\" class=\"text fontsize_18 color_black\">\n\t\t\n\n<p class=\"\" data-start=\"1663\" data-end=\"2011\">El martes 20 de mayo de 2025 se celebr\u00f3 la inauguraci\u00f3n de las nuevas oficinas de Italtel en la zona empresarial de La Moraleja, en Madrid. Al acto asistieron el Embajador de Italia en Madrid, Giuseppe Buccino Grimaldi, el Director General de Italtel Espa\u00f1a, Alessandro Di Salvo, y Marta Mart\u00edn Garc\u00eda, representante del Ayuntamiento de Alcobendas.<\/p>\n<p class=\"\" data-start=\"2013\" data-end=\"2305\">Durante su intervenci\u00f3n, el Embajador destac\u00f3 el valor de la larga trayectoria de Italtel en Espa\u00f1a \u2013 presente en el pa\u00eds desde hace m\u00e1s de 26 a\u00f1os \u2013 y expres\u00f3 su deseo de que la identidad italiana de la empresa sea cada vez m\u00e1s visible y reconocida en un mercado estrat\u00e9gico como el espa\u00f1ol.<\/p>\n<p class=\"\" data-start=\"2307\" data-end=\"2614\">El Director General Di Salvo present\u00f3 la evoluci\u00f3n y las perspectivas de Italtel en Espa\u00f1a, reafirmando el compromiso de la empresa con el fortalecimiento de su papel en los servicios de telecomunicaciones y su expansi\u00f3n hacia sectores de alta innovaci\u00f3n como la <strong data-start=\"2570\" data-end=\"2588\">ciberseguridad<\/strong> y el <strong data-start=\"2594\" data-end=\"2613\">cloud computing<\/strong>.<\/p>\n<p class=\"\" data-start=\"2616\" data-end=\"2867\">Con presencia en Espa\u00f1a desde 1998, actualmente Italtel opera a trav\u00e9s de cuatro sedes \u2013 Madrid, Barcelona, Ciudad Real y Sevilla \u2013 y cuenta con m\u00e1s de 230 empleados, consolidando su posici\u00f3n como socio tecnol\u00f3gico de referencia a nivel internacional.<\/p>\n<p class=\"\" data-start=\"2869\" data-end=\"3016\">\ud83d\udc49 Descubre m\u00e1s sobre nuestra identidad, historia y visi\u00f3n global visitando la p\u00e1gina <a class=\"cursor-pointer\" href=\"https:\/\/www.italtel.com\/es\/company-profile\/\" rel=\"noopener\" data-start=\"2955\" data-end=\"3015\"><strong data-start=\"2956\" data-end=\"2978\">Perfil Corporativo<\/strong><\/a>.<\/p>\n\t\t\t<\/div>\n\t\n<div class=\"slider-wrapper relative\" id=\"slider-1641298695\" >\n    <div class=\"slider slider-nav-circle slider-nav-large slider-nav-light slider-style-normal\"\n        data-flickity-options='{\n            \"cellAlign\": \"center\",\n            \"imagesLoaded\": true,\n            \"lazyLoad\": 1,\n            \"freeScroll\": false,\n            \"wrapAround\": true,\n            \"autoPlay\": 6000,\n            \"pauseAutoPlayOnHover\" : true,\n            \"prevNextButtons\": true,\n            \"contain\" : true,\n            \"adaptiveHeight\" : true,\n            \"dragThreshold\" : 10,\n            \"percentPosition\": true,\n            \"pageDots\": true,\n            \"rightToLeft\": false,\n            \"draggable\": true,\n            \"selectedAttraction\": 0.1,\n            \"parallax\" : 0,\n            \"friction\": 0.6        }'\n        >\n        \n\n\t<div class=\"img has-hover x md-x lg-x y md-y lg-y\" id=\"image_1890705577\">\n\t\t\t\t\t\t\t\t<div class=\"img-inner dark\" >\n\t\t\t<img loading=\"lazy\" decoding=\"async\" width=\"1020\" height=\"707\" src=\"https:\/\/www.italtel.com\/wp-content\/uploads\/2025\/05\/New-Italtel-offices-in-Madrid-1-1024x710.jpg\" class=\"attachment-large size-large\" alt=\"New Italtel offices in Madrid 1\" srcset=\"https:\/\/www.italtel.com\/wp-content\/uploads\/2025\/05\/New-Italtel-offices-in-Madrid-1-1024x710.jpg 1024w, https:\/\/www.italtel.com\/wp-content\/uploads\/2025\/05\/New-Italtel-offices-in-Madrid-1-300x208.jpg 300w, https:\/\/www.italtel.com\/wp-content\/uploads\/2025\/05\/New-Italtel-offices-in-Madrid-1-768x532.jpg 768w, https:\/\/www.italtel.com\/wp-content\/uploads\/2025\/05\/New-Italtel-offices-in-Madrid-1-1536x1065.jpg 1536w, https:\/\/www.italtel.com\/wp-content\/uploads\/2025\/05\/New-Italtel-offices-in-Madrid-1-2048x1419.jpg 2048w\" sizes=\"auto, (max-width: 1020px) 100vw, 1020px\" \/>\t\t\t\t\t\t\n\t\t\t\t\t<\/div>\n\t\t\t\t\t\t\t\t\n<style>\n#image_1890705577 {\n  width: 100%;\n}\n<\/style>\n\t<\/div>\n\t\n\n\t<div class=\"img has-hover x md-x lg-x y md-y lg-y\" id=\"image_144407068\">\n\t\t\t\t\t\t\t\t<div class=\"img-inner dark\" >\n\t\t\t<img loading=\"lazy\" decoding=\"async\" width=\"1020\" height=\"707\" src=\"https:\/\/www.italtel.com\/wp-content\/uploads\/2025\/05\/New-Italtel-offices-in-Madrid-19-1024x710.jpg\" class=\"attachment-large size-large\" alt=\"New Italtel offices in Madrid 19\" srcset=\"https:\/\/www.italtel.com\/wp-content\/uploads\/2025\/05\/New-Italtel-offices-in-Madrid-19-1024x710.jpg 1024w, https:\/\/www.italtel.com\/wp-content\/uploads\/2025\/05\/New-Italtel-offices-in-Madrid-19-300x208.jpg 300w, https:\/\/www.italtel.com\/wp-content\/uploads\/2025\/05\/New-Italtel-offices-in-Madrid-19-768x532.jpg 768w, https:\/\/www.italtel.com\/wp-content\/uploads\/2025\/05\/New-Italtel-offices-in-Madrid-19-1536x1065.jpg 1536w, https:\/\/www.italtel.com\/wp-content\/uploads\/2025\/05\/New-Italtel-offices-in-Madrid-19-2048x1419.jpg 2048w\" sizes=\"auto, (max-width: 1020px) 100vw, 1020px\" \/>\t\t\t\t\t\t\n\t\t\t\t\t<\/div>\n\t\t\t\t\t\t\t\t\n<style>\n#image_144407068 {\n  width: 100%;\n}\n<\/style>\n\t<\/div>\n\t\n\n\t<div class=\"img has-hover x md-x lg-x y md-y lg-y\" id=\"image_954625863\">\n\t\t\t\t\t\t\t\t<div class=\"img-inner dark\" >\n\t\t\t<img loading=\"lazy\" decoding=\"async\" width=\"1020\" height=\"707\" src=\"https:\/\/www.italtel.com\/wp-content\/uploads\/2025\/05\/New-Italtel-offices-in-Madrid-21-1024x710.jpg\" class=\"attachment-large size-large\" alt=\"New Italtel offices in Madrid 21\" srcset=\"https:\/\/www.italtel.com\/wp-content\/uploads\/2025\/05\/New-Italtel-offices-in-Madrid-21-1024x710.jpg 1024w, https:\/\/www.italtel.com\/wp-content\/uploads\/2025\/05\/New-Italtel-offices-in-Madrid-21-300x208.jpg 300w, https:\/\/www.italtel.com\/wp-content\/uploads\/2025\/05\/New-Italtel-offices-in-Madrid-21-768x532.jpg 768w, https:\/\/www.italtel.com\/wp-content\/uploads\/2025\/05\/New-Italtel-offices-in-Madrid-21-1536x1065.jpg 1536w, https:\/\/www.italtel.com\/wp-content\/uploads\/2025\/05\/New-Italtel-offices-in-Madrid-21-2048x1419.jpg 2048w\" sizes=\"auto, (max-width: 1020px) 100vw, 1020px\" \/>\t\t\t\t\t\t\n\t\t\t\t\t<\/div>\n\t\t\t\t\t\t\t\t\n<style>\n#image_954625863 {\n  width: 100%;\n}\n<\/style>\n\t<\/div>\n\t\n\n\t<div class=\"img has-hover x md-x lg-x y md-y lg-y\" id=\"image_564847210\">\n\t\t\t\t\t\t\t\t<div class=\"img-inner dark\" >\n\t\t\t<img loading=\"lazy\" decoding=\"async\" width=\"1020\" height=\"707\" src=\"https:\/\/www.italtel.com\/wp-content\/uploads\/2025\/05\/New-Italtel-offices-in-Madrid-29-1024x710.jpg\" class=\"attachment-large size-large\" alt=\"\" srcset=\"https:\/\/www.italtel.com\/wp-content\/uploads\/2025\/05\/New-Italtel-offices-in-Madrid-29-1024x710.jpg 1024w, https:\/\/www.italtel.com\/wp-content\/uploads\/2025\/05\/New-Italtel-offices-in-Madrid-29-300x208.jpg 300w, https:\/\/www.italtel.com\/wp-content\/uploads\/2025\/05\/New-Italtel-offices-in-Madrid-29-768x532.jpg 768w, https:\/\/www.italtel.com\/wp-content\/uploads\/2025\/05\/New-Italtel-offices-in-Madrid-29-1536x1065.jpg 1536w, https:\/\/www.italtel.com\/wp-content\/uploads\/2025\/05\/New-Italtel-offices-in-Madrid-29-2048x1419.jpg 2048w\" sizes=\"auto, (max-width: 1020px) 100vw, 1020px\" \/>\t\t\t\t\t\t\n\t\t\t\t\t<\/div>\n\t\t\t\t\t\t\t\t\n<style>\n#image_564847210 {\n  width: 100%;\n}\n<\/style>\n\t<\/div>\n\t\n\n\n     <\/div>\n\n     <div class=\"loading-spin dark large centered\"><\/div>\n\n\t<\/div>\n\n\n\t<div id=\"gap-1138258125\" class=\"gap-element clearfix\" style=\"display:block; height:auto;\">\n\t\t\n<style>\n#gap-1138258125 {\n  padding-top: 30px;\n}\n<\/style>\n\t<\/div>\n\t\n\n\n\t\t<\/div>\n\t\t\t\t\n<style>\n#col-480095970 > .col-inner {\n  padding: 6rem 11rem 0px 0px;\n}\n<\/style>\n\t<\/div>\n\n\t\n\n\t<div id=\"col-519708544\" class=\"col sibebar_col medium-3 small-12 large-3\"  >\n\t\t<div class=\"is-sticky-column\"><div class=\"is-sticky-column__inner\">\t\t<div class=\"col-inner\"  >\n\t\t\t\n\t\t\t\n\n\t<div id=\"text-404898625\" class=\"text fontsize_16 color_black fontweight_500\">\n\t\t\n\nTECH KEYWORDS\n\t\t\t<\/div>\n\t\n<div class=\"is-divider divider clearfix\" style=\"margin-top:2rem;margin-bottom:2rem;max-width:100%;height:1px;background-color:rgba(112, 112, 112, 0.302);\"><\/div>\n\n\t<div id=\"text-3185162386\" class=\"text fontsize_18 color_black\">\n\t\t\n\n<p>ITALTEL SPAIN<\/p>\n\t\t\t<\/div>\n\t\n<div class=\"is-divider divider clearfix\" style=\"margin-top:2rem;margin-bottom:2rem;max-width:100%;height:1px;background-color:rgba(112, 112, 112, 0.302);\"><\/div>\n\n\t<div id=\"text-4231150821\" class=\"text fontsize_18 color_black\">\n\t\t\n\n<p>OFFICE INAUGURATION MADRID<\/p>\n\t\t\t<\/div>\n\t\n<div class=\"is-divider divider clearfix\" style=\"margin-top:2rem;margin-bottom:2rem;max-width:100%;height:1px;background-color:rgba(112, 112, 112, 0.302);\"><\/div>\n\n\t<div id=\"text-1469945134\" class=\"text fontsize_18 color_black\">\n\t\t\n\n<p>ITALTEL INTERNATIONAL PRESENCE<\/p>\n\t\t\t<\/div>\n\t\n\t<div id=\"gap-9323815\" class=\"gap-element clearfix\" style=\"display:block; height:auto;\">\n\t\t\n<style>\n#gap-9323815 {\n  padding-top: 13rem;\n}\n<\/style>\n\t<\/div>\n\t\n\n\t<div id=\"text-426894981\" class=\"text fontsize_16 color_black fontweight_500\">\n\t\t\n\nSHARE THE PAGE\n\t\t\t<\/div>\n\t\n<div class=\"is-divider divider clearfix\" style=\"margin-top:2rem;margin-bottom:2rem;max-width:100%;height:1px;background-color:rgba(112, 112, 112, 0.302);\"><\/div>\n\n\t<div class=\"img has-hover socialshare_icon linkedin x md-x lg-x y md-y lg-y\" id=\"image_763544366\">\n\t\t\t\t\t\t\t\t<div class=\"img-inner dark\" >\n\t\t\t<img loading=\"lazy\" decoding=\"async\" width=\"1\" height=\"1\" src=\"https:\/\/www.italtel.com\/wp-content\/uploads\/2024\/09\/Linkedin-icon.svg\" class=\"attachment-large size-large\" alt=\"Linkedin-icon\" \/>\t\t\t\t\t\t\n\t\t\t\t\t<\/div>\n\t\t\t\t\t\t\t\t\n<style>\n#image_763544366 {\n  width: 100%;\n}\n<\/style>\n\t<\/div>\n\t\n\n\t<div class=\"img has-hover socialshare_icon instagram x md-x lg-x y md-y lg-y\" id=\"image_793706609\">\n\t\t\t\t\t\t\t\t<div class=\"img-inner dark\" >\n\t\t\t<img loading=\"lazy\" decoding=\"async\" width=\"27\" height=\"27\" src=\"https:\/\/www.italtel.com\/wp-content\/uploads\/2024\/07\/Raggruppa-12942.png\" class=\"attachment-large size-large\" alt=\"Instagram icon\" \/>\t\t\t\t\t\t\n\t\t\t\t\t<\/div>\n\t\t\t\t\t\t\t\t\n<style>\n#image_793706609 {\n  width: 100%;\n}\n<\/style>\n\t<\/div>\n\t\n\n\t<div class=\"img has-hover socialshare_icon ex x md-x lg-x y md-y lg-y\" id=\"image_1738870483\">\n\t\t\t\t\t\t\t\t<div class=\"img-inner dark\" >\n\t\t\t<img loading=\"lazy\" decoding=\"async\" width=\"1\" height=\"1\" src=\"https:\/\/www.italtel.com\/wp-content\/uploads\/2024\/09\/X-icon.svg\" class=\"attachment-large size-large\" alt=\"X-icon\" \/>\t\t\t\t\t\t\n\t\t\t\t\t<\/div>\n\t\t\t\t\t\t\t\t\n<style>\n#image_1738870483 {\n  width: 100%;\n}\n<\/style>\n\t<\/div>\n\t\n\n\n\t\t<\/div>\n\t\t<\/div><\/div>\t\t\n<style>\n#col-519708544 > .is-sticky-column > .is-sticky-column__inner > .col-inner {\n  padding: 6rem 0px 0px 0px;\n}\n<\/style>\n\t<\/div>\n\n\t\n\n<\/div>\n\n","protected":false},"excerpt":{"rendered":"","protected":false},"author":6,"featured_media":74556,"comment_status":"closed","ping_status":"closed","sticky":false,"template":"","format":"standard","meta":{"footnotes":""},"categories":[865],"tags":[954],"class_list":["post-74617","post","type-post","status-publish","format-standard","has-post-thumbnail","hentry","category-news-es","tag-company-es"],"yoast_head":"<!-- This site is optimized with the Yoast SEO plugin v27.4 - https:\/\/yoast.com\/product\/yoast-seo-wordpress\/ -->\n<title>Inaugurados los nuevos oficinas de Italtel en Madrid: presencia reforzada en Espa\u00f1a - Italtel<\/title>\n<meta name=\"robots\" content=\"index, follow, max-snippet:-1, max-image-preview:large, max-video-preview:-1\" \/>\n<link rel=\"canonical\" href=\"https:\/\/www.italtel.com\/es\/inaugurated-the-new-italtel-offices-in-madrid-stronger-presence-in-spain\/\" \/>\n<meta property=\"og:locale\" content=\"es_ES\" \/>\n<meta property=\"og:type\" content=\"article\" \/>\n<meta property=\"og:title\" content=\"Inaugurados los nuevos oficinas de Italtel en Madrid: presencia reforzada en Espa\u00f1a - Italtel\" \/>\n<meta property=\"og:url\" content=\"https:\/\/www.italtel.com\/es\/inaugurated-the-new-italtel-offices-in-madrid-stronger-presence-in-spain\/\" \/>\n<meta property=\"og:site_name\" content=\"Italtel\" \/>\n<meta property=\"article:published_time\" content=\"2025-05-21T09:47:22+00:00\" \/>\n<meta property=\"article:modified_time\" content=\"2025-05-21T09:55:50+00:00\" \/>\n<meta property=\"og:image\" content=\"https:\/\/www.italtel.com\/wp-content\/uploads\/2025\/05\/InaugurazioneMadrid.webp\" \/>\n\t<meta property=\"og:image:width\" content=\"2048\" \/>\n\t<meta property=\"og:image:height\" content=\"1365\" \/>\n\t<meta property=\"og:image:type\" content=\"image\/webp\" \/>\n<meta name=\"author\" content=\"Daniela Fontana\" \/>\n<meta name=\"twitter:card\" content=\"summary_large_image\" \/>\n<meta name=\"twitter:creator\" content=\"@Italtel\" \/>\n<meta name=\"twitter:site\" content=\"@Italtel\" \/>\n<meta name=\"twitter:label1\" content=\"Escrito por\" \/>\n\t<meta name=\"twitter:data1\" content=\"Daniela Fontana\" \/>\n\t<meta name=\"twitter:label2\" content=\"Tiempo de lectura\" \/>\n\t<meta name=\"twitter:data2\" content=\"2 minutos\" \/>\n<script type=\"application\/ld+json\" class=\"yoast-schema-graph\">{\"@context\":\"https:\\\/\\\/schema.org\",\"@graph\":[{\"@type\":\"Article\",\"@id\":\"https:\\\/\\\/www.italtel.com\\\/es\\\/inaugurated-the-new-italtel-offices-in-madrid-stronger-presence-in-spain\\\/#article\",\"isPartOf\":{\"@id\":\"https:\\\/\\\/www.italtel.com\\\/es\\\/inaugurated-the-new-italtel-offices-in-madrid-stronger-presence-in-spain\\\/\"},\"author\":{\"name\":\"Daniela Fontana\",\"@id\":\"https:\\\/\\\/www.italtel.com\\\/de\\\/#\\\/schema\\\/person\\\/38f315d5a978255f0cf320055bad5afe\"},\"headline\":\"Inaugurados los nuevos oficinas de Italtel en Madrid: presencia reforzada en Espa\u00f1a\",\"datePublished\":\"2025-05-21T09:47:22+00:00\",\"dateModified\":\"2025-05-21T09:55:50+00:00\",\"mainEntityOfPage\":{\"@id\":\"https:\\\/\\\/www.italtel.com\\\/es\\\/inaugurated-the-new-italtel-offices-in-madrid-stronger-presence-in-spain\\\/\"},\"wordCount\":402,\"publisher\":{\"@id\":\"https:\\\/\\\/www.italtel.com\\\/de\\\/#organization\"},\"image\":{\"@id\":\"https:\\\/\\\/www.italtel.com\\\/es\\\/inaugurated-the-new-italtel-offices-in-madrid-stronger-presence-in-spain\\\/#primaryimage\"},\"thumbnailUrl\":\"https:\\\/\\\/www.italtel.com\\\/wp-content\\\/uploads\\\/2025\\\/05\\\/InaugurazioneMadrid.webp\",\"keywords\":[\"Company\"],\"articleSection\":[\"News\"],\"inLanguage\":\"es\"},{\"@type\":\"WebPage\",\"@id\":\"https:\\\/\\\/www.italtel.com\\\/es\\\/inaugurated-the-new-italtel-offices-in-madrid-stronger-presence-in-spain\\\/\",\"url\":\"https:\\\/\\\/www.italtel.com\\\/es\\\/inaugurated-the-new-italtel-offices-in-madrid-stronger-presence-in-spain\\\/\",\"name\":\"Inaugurados los nuevos oficinas de Italtel en Madrid: presencia reforzada en Espa\u00f1a - Italtel\",\"isPartOf\":{\"@id\":\"https:\\\/\\\/www.italtel.com\\\/de\\\/#website\"},\"primaryImageOfPage\":{\"@id\":\"https:\\\/\\\/www.italtel.com\\\/es\\\/inaugurated-the-new-italtel-offices-in-madrid-stronger-presence-in-spain\\\/#primaryimage\"},\"image\":{\"@id\":\"https:\\\/\\\/www.italtel.com\\\/es\\\/inaugurated-the-new-italtel-offices-in-madrid-stronger-presence-in-spain\\\/#primaryimage\"},\"thumbnailUrl\":\"https:\\\/\\\/www.italtel.com\\\/wp-content\\\/uploads\\\/2025\\\/05\\\/InaugurazioneMadrid.webp\",\"datePublished\":\"2025-05-21T09:47:22+00:00\",\"dateModified\":\"2025-05-21T09:55:50+00:00\",\"breadcrumb\":{\"@id\":\"https:\\\/\\\/www.italtel.com\\\/es\\\/inaugurated-the-new-italtel-offices-in-madrid-stronger-presence-in-spain\\\/#breadcrumb\"},\"inLanguage\":\"es\",\"potentialAction\":[{\"@type\":\"ReadAction\",\"target\":[\"https:\\\/\\\/www.italtel.com\\\/es\\\/inaugurated-the-new-italtel-offices-in-madrid-stronger-presence-in-spain\\\/\"]}]},{\"@type\":\"ImageObject\",\"inLanguage\":\"es\",\"@id\":\"https:\\\/\\\/www.italtel.com\\\/es\\\/inaugurated-the-new-italtel-offices-in-madrid-stronger-presence-in-spain\\\/#primaryimage\",\"url\":\"https:\\\/\\\/www.italtel.com\\\/wp-content\\\/uploads\\\/2025\\\/05\\\/InaugurazioneMadrid.webp\",\"contentUrl\":\"https:\\\/\\\/www.italtel.com\\\/wp-content\\\/uploads\\\/2025\\\/05\\\/InaugurazioneMadrid.webp\",\"width\":2048,\"height\":1365,\"caption\":\"Taglio del nastro sede di Madrid\"},{\"@type\":\"BreadcrumbList\",\"@id\":\"https:\\\/\\\/www.italtel.com\\\/es\\\/inaugurated-the-new-italtel-offices-in-madrid-stronger-presence-in-spain\\\/#breadcrumb\",\"itemListElement\":[{\"@type\":\"ListItem\",\"position\":1,\"name\":\"Home\",\"item\":\"https:\\\/\\\/www.italtel.com\\\/es\\\/\"},{\"@type\":\"ListItem\",\"position\":2,\"name\":\"Inaugurados los nuevos oficinas de Italtel en Madrid: presencia reforzada en Espa\u00f1a\"}]},{\"@type\":\"WebSite\",\"@id\":\"https:\\\/\\\/www.italtel.com\\\/de\\\/#website\",\"url\":\"https:\\\/\\\/www.italtel.com\\\/de\\\/\",\"name\":\"Italtel\",\"description\":\"Italtel Group&#039;s company website\",\"publisher\":{\"@id\":\"https:\\\/\\\/www.italtel.com\\\/de\\\/#organization\"},\"potentialAction\":[{\"@type\":\"SearchAction\",\"target\":{\"@type\":\"EntryPoint\",\"urlTemplate\":\"https:\\\/\\\/www.italtel.com\\\/de\\\/?s={search_term_string}\"},\"query-input\":{\"@type\":\"PropertyValueSpecification\",\"valueRequired\":true,\"valueName\":\"search_term_string\"}}],\"inLanguage\":\"es\"},{\"@type\":\"Organization\",\"@id\":\"https:\\\/\\\/www.italtel.com\\\/de\\\/#organization\",\"name\":\"Italtel S.p.A.\",\"url\":\"https:\\\/\\\/www.italtel.com\\\/de\\\/\",\"logo\":{\"@type\":\"ImageObject\",\"inLanguage\":\"es\",\"@id\":\"https:\\\/\\\/www.italtel.com\\\/de\\\/#\\\/schema\\\/logo\\\/image\\\/\",\"url\":\"https:\\\/\\\/www.italtel.com\\\/wp-content\\\/uploads\\\/2024\\\/11\\\/Italtel_logo.png\",\"contentUrl\":\"https:\\\/\\\/www.italtel.com\\\/wp-content\\\/uploads\\\/2024\\\/11\\\/Italtel_logo.png\",\"width\":591,\"height\":139,\"caption\":\"Italtel S.p.A.\"},\"image\":{\"@id\":\"https:\\\/\\\/www.italtel.com\\\/de\\\/#\\\/schema\\\/logo\\\/image\\\/\"},\"sameAs\":[\"https:\\\/\\\/x.com\\\/Italtel\",\"https:\\\/\\\/www.linkedin.com\\\/company\\\/italtel\\\/\",\"https:\\\/\\\/www.instagram.com\\\/italtel_hq\\\/\"]},{\"@type\":\"Person\",\"@id\":\"https:\\\/\\\/www.italtel.com\\\/de\\\/#\\\/schema\\\/person\\\/38f315d5a978255f0cf320055bad5afe\",\"name\":\"Daniela Fontana\",\"image\":{\"@type\":\"ImageObject\",\"inLanguage\":\"es\",\"@id\":\"https:\\\/\\\/secure.gravatar.com\\\/avatar\\\/834a03b0c73144a8ca36e17dc365b3fbadb34c9e44399b609a00f2231e694f6a?s=96&d=mm&r=g\",\"url\":\"https:\\\/\\\/secure.gravatar.com\\\/avatar\\\/834a03b0c73144a8ca36e17dc365b3fbadb34c9e44399b609a00f2231e694f6a?s=96&d=mm&r=g\",\"contentUrl\":\"https:\\\/\\\/secure.gravatar.com\\\/avatar\\\/834a03b0c73144a8ca36e17dc365b3fbadb34c9e44399b609a00f2231e694f6a?s=96&d=mm&r=g\",\"caption\":\"Daniela Fontana\"}}]}<\/script>\n<!-- \/ Yoast SEO plugin. -->","yoast_head_json":{"title":"Inaugurados los nuevos oficinas de Italtel en Madrid: presencia reforzada en Espa\u00f1a - Italtel","robots":{"index":"index","follow":"follow","max-snippet":"max-snippet:-1","max-image-preview":"max-image-preview:large","max-video-preview":"max-video-preview:-1"},"canonical":"https:\/\/www.italtel.com\/es\/inaugurated-the-new-italtel-offices-in-madrid-stronger-presence-in-spain\/","og_locale":"es_ES","og_type":"article","og_title":"Inaugurados los nuevos oficinas de Italtel en Madrid: presencia reforzada en Espa\u00f1a - Italtel","og_url":"https:\/\/www.italtel.com\/es\/inaugurated-the-new-italtel-offices-in-madrid-stronger-presence-in-spain\/","og_site_name":"Italtel","article_published_time":"2025-05-21T09:47:22+00:00","article_modified_time":"2025-05-21T09:55:50+00:00","og_image":[{"width":2048,"height":1365,"url":"https:\/\/www.italtel.com\/wp-content\/uploads\/2025\/05\/InaugurazioneMadrid.webp","type":"image\/webp"}],"author":"Daniela Fontana","twitter_card":"summary_large_image","twitter_creator":"@Italtel","twitter_site":"@Italtel","twitter_misc":{"Escrito por":"Daniela Fontana","Tiempo de lectura":"2 minutos"},"schema":{"@context":"https:\/\/schema.org","@graph":[{"@type":"Article","@id":"https:\/\/www.italtel.com\/es\/inaugurated-the-new-italtel-offices-in-madrid-stronger-presence-in-spain\/#article","isPartOf":{"@id":"https:\/\/www.italtel.com\/es\/inaugurated-the-new-italtel-offices-in-madrid-stronger-presence-in-spain\/"},"author":{"name":"Daniela Fontana","@id":"https:\/\/www.italtel.com\/de\/#\/schema\/person\/38f315d5a978255f0cf320055bad5afe"},"headline":"Inaugurados los nuevos oficinas de Italtel en Madrid: presencia reforzada en Espa\u00f1a","datePublished":"2025-05-21T09:47:22+00:00","dateModified":"2025-05-21T09:55:50+00:00","mainEntityOfPage":{"@id":"https:\/\/www.italtel.com\/es\/inaugurated-the-new-italtel-offices-in-madrid-stronger-presence-in-spain\/"},"wordCount":402,"publisher":{"@id":"https:\/\/www.italtel.com\/de\/#organization"},"image":{"@id":"https:\/\/www.italtel.com\/es\/inaugurated-the-new-italtel-offices-in-madrid-stronger-presence-in-spain\/#primaryimage"},"thumbnailUrl":"https:\/\/www.italtel.com\/wp-content\/uploads\/2025\/05\/InaugurazioneMadrid.webp","keywords":["Company"],"articleSection":["News"],"inLanguage":"es"},{"@type":"WebPage","@id":"https:\/\/www.italtel.com\/es\/inaugurated-the-new-italtel-offices-in-madrid-stronger-presence-in-spain\/","url":"https:\/\/www.italtel.com\/es\/inaugurated-the-new-italtel-offices-in-madrid-stronger-presence-in-spain\/","name":"Inaugurados los nuevos oficinas de Italtel en Madrid: presencia reforzada en Espa\u00f1a - Italtel","isPartOf":{"@id":"https:\/\/www.italtel.com\/de\/#website"},"primaryImageOfPage":{"@id":"https:\/\/www.italtel.com\/es\/inaugurated-the-new-italtel-offices-in-madrid-stronger-presence-in-spain\/#primaryimage"},"image":{"@id":"https:\/\/www.italtel.com\/es\/inaugurated-the-new-italtel-offices-in-madrid-stronger-presence-in-spain\/#primaryimage"},"thumbnailUrl":"https:\/\/www.italtel.com\/wp-content\/uploads\/2025\/05\/InaugurazioneMadrid.webp","datePublished":"2025-05-21T09:47:22+00:00","dateModified":"2025-05-21T09:55:50+00:00","breadcrumb":{"@id":"https:\/\/www.italtel.com\/es\/inaugurated-the-new-italtel-offices-in-madrid-stronger-presence-in-spain\/#breadcrumb"},"inLanguage":"es","potentialAction":[{"@type":"ReadAction","target":["https:\/\/www.italtel.com\/es\/inaugurated-the-new-italtel-offices-in-madrid-stronger-presence-in-spain\/"]}]},{"@type":"ImageObject","inLanguage":"es","@id":"https:\/\/www.italtel.com\/es\/inaugurated-the-new-italtel-offices-in-madrid-stronger-presence-in-spain\/#primaryimage","url":"https:\/\/www.italtel.com\/wp-content\/uploads\/2025\/05\/InaugurazioneMadrid.webp","contentUrl":"https:\/\/www.italtel.com\/wp-content\/uploads\/2025\/05\/InaugurazioneMadrid.webp","width":2048,"height":1365,"caption":"Taglio del nastro sede di Madrid"},{"@type":"BreadcrumbList","@id":"https:\/\/www.italtel.com\/es\/inaugurated-the-new-italtel-offices-in-madrid-stronger-presence-in-spain\/#breadcrumb","itemListElement":[{"@type":"ListItem","position":1,"name":"Home","item":"https:\/\/www.italtel.com\/es\/"},{"@type":"ListItem","position":2,"name":"Inaugurados los nuevos oficinas de Italtel en Madrid: presencia reforzada en Espa\u00f1a"}]},{"@type":"WebSite","@id":"https:\/\/www.italtel.com\/de\/#website","url":"https:\/\/www.italtel.com\/de\/","name":"Italtel","description":"Italtel Group&#039;s company website","publisher":{"@id":"https:\/\/www.italtel.com\/de\/#organization"},"potentialAction":[{"@type":"SearchAction","target":{"@type":"EntryPoint","urlTemplate":"https:\/\/www.italtel.com\/de\/?s={search_term_string}"},"query-input":{"@type":"PropertyValueSpecification","valueRequired":true,"valueName":"search_term_string"}}],"inLanguage":"es"},{"@type":"Organization","@id":"https:\/\/www.italtel.com\/de\/#organization","name":"Italtel S.p.A.","url":"https:\/\/www.italtel.com\/de\/","logo":{"@type":"ImageObject","inLanguage":"es","@id":"https:\/\/www.italtel.com\/de\/#\/schema\/logo\/image\/","url":"https:\/\/www.italtel.com\/wp-content\/uploads\/2024\/11\/Italtel_logo.png","contentUrl":"https:\/\/www.italtel.com\/wp-content\/uploads\/2024\/11\/Italtel_logo.png","width":591,"height":139,"caption":"Italtel S.p.A."},"image":{"@id":"https:\/\/www.italtel.com\/de\/#\/schema\/logo\/image\/"},"sameAs":["https:\/\/x.com\/Italtel","https:\/\/www.linkedin.com\/company\/italtel\/","https:\/\/www.instagram.com\/italtel_hq\/"]},{"@type":"Person","@id":"https:\/\/www.italtel.com\/de\/#\/schema\/person\/38f315d5a978255f0cf320055bad5afe","name":"Daniela Fontana","image":{"@type":"ImageObject","inLanguage":"es","@id":"https:\/\/secure.gravatar.com\/avatar\/834a03b0c73144a8ca36e17dc365b3fbadb34c9e44399b609a00f2231e694f6a?s=96&d=mm&r=g","url":"https:\/\/secure.gravatar.com\/avatar\/834a03b0c73144a8ca36e17dc365b3fbadb34c9e44399b609a00f2231e694f6a?s=96&d=mm&r=g","contentUrl":"https:\/\/secure.gravatar.com\/avatar\/834a03b0c73144a8ca36e17dc365b3fbadb34c9e44399b609a00f2231e694f6a?s=96&d=mm&r=g","caption":"Daniela Fontana"}}]}},"_links":{"self":[{"href":"https:\/\/www.italtel.com\/es\/wp-json\/wp\/v2\/posts\/74617","targetHints":{"allow":["GET"]}}],"collection":[{"href":"https:\/\/www.italtel.com\/es\/wp-json\/wp\/v2\/posts"}],"about":[{"href":"https:\/\/www.italtel.com\/es\/wp-json\/wp\/v2\/types\/post"}],"author":[{"embeddable":true,"href":"https:\/\/www.italtel.com\/es\/wp-json\/wp\/v2\/users\/6"}],"replies":[{"embeddable":true,"href":"https:\/\/www.italtel.com\/es\/wp-json\/wp\/v2\/comments?post=74617"}],"version-history":[{"count":2,"href":"https:\/\/www.italtel.com\/es\/wp-json\/wp\/v2\/posts\/74617\/revisions"}],"predecessor-version":[{"id":74620,"href":"https:\/\/www.italtel.com\/es\/wp-json\/wp\/v2\/posts\/74617\/revisions\/74620"}],"wp:featuredmedia":[{"embeddable":true,"href":"https:\/\/www.italtel.com\/es\/wp-json\/wp\/v2\/media\/74556"}],"wp:attachment":[{"href":"https:\/\/www.italtel.com\/es\/wp-json\/wp\/v2\/media?parent=74617"}],"wp:term":[{"taxonomy":"category","embeddable":true,"href":"https:\/\/www.italtel.com\/es\/wp-json\/wp\/v2\/categories?post=74617"},{"taxonomy":"post_tag","embeddable":true,"href":"https:\/\/www.italtel.com\/es\/wp-json\/wp\/v2\/tags?post=74617"}],"curies":[{"name":"wp","href":"https:\/\/api.w.org\/{rel}","templated":true}]}}