{"id":77690,"date":"2025-09-13T10:35:39","date_gmt":"2025-09-13T08:35:39","guid":{"rendered":"https:\/\/www.italtel.com\/?p=77690"},"modified":"2025-09-18T10:47:07","modified_gmt":"2025-09-18T08:47:07","slug":"liderazgo-en-accion-la-vision-de-sheyla-rabadan-en-italtel-spain","status":"publish","type":"post","link":"https:\/\/www.italtel.com\/es\/liderazgo-en-accion-la-vision-de-sheyla-rabadan-en-italtel-spain\/","title":{"rendered":"Liderazgo en acci\u00f3n: la visi\u00f3n de Sheyla Rabadan en Italtel Spain"},"content":{"rendered":"\n<div class=\"row\"  id=\"row-1925069325\">\n\n\n\t<div id=\"col-1602928716\" class=\"col medium-9 small-12 large-9\"  >\n\t\t\t\t<div class=\"col-inner\"  >\n\t\t\t\n\t\t\t\n\n\t<div id=\"text-1302969885\" class=\"text fontsize_18 color_black\">\n\t\t\n\n<p data-start=\"1016\" data-end=\"1145\">\u00bfQu\u00e9 se necesita para liderar de forma efectiva en el exigente entorno de un Centro de Operaciones de Red?<\/p>\n<p data-start=\"1147\" data-end=\"1305\">Sheyla Rabadan, Supervisora SPOC en el Service Center de Ciudad Real, comparte su visi\u00f3n sobre el liderazgo en momentos cr\u00edticos. En su entrevista, destaca:<\/p>\n<ul data-start=\"1307\" data-end=\"1492\">\n<li data-start=\"1307\" data-end=\"1354\">\n<p data-start=\"1309\" data-end=\"1354\">El reto de mantener la calma bajo presi\u00f3n<\/p>\n<\/li>\n<li data-start=\"1355\" data-end=\"1418\">\n<p data-start=\"1357\" data-end=\"1418\">La motivaci\u00f3n que nace del reconocimiento y la confianza<\/p>\n<\/li>\n<li data-start=\"1419\" data-end=\"1492\">\n<p data-start=\"1421\" data-end=\"1492\">La satisfacci\u00f3n de ver al equipo responder en situaciones cruciales<\/p>\n<\/li>\n<\/ul>\n<p data-start=\"1494\" data-end=\"1622\">Tal y como afirma Sheyla: <em data-start=\"1520\" data-end=\"1620\">\u201cEl liderazgo cobra sentido cuando se construye confianza, motivaci\u00f3n y resiliencia en el equipo.\u201d<\/em><\/p>\n<p data-start=\"1624\" data-end=\"1742\">Nos enorgullece compartir su experiencia, que refleja los valores que gu\u00edan nuestro trabajo diario en Italtel Spain.<\/p>\n\t\t\t<\/div>\n\t\n<div class=\"row row-small paddingbottom_0\"  id=\"row-1252969310\">\n\n\n\t<div id=\"col-2090177751\" class=\"col small-12 large-12\"  >\n\t\t\t\t<div class=\"col-inner text-center\"  >\n\t\t\t\n\t\t\t\n\n<a href=\"https:\/\/www.linkedin.com\/posts\/italtel-es_italtelpeople-liderazgo-trabajoenequipo-activity-7371817626320318466-3RAp?utm_source=share&#038;utm_medium=member_desktop&#038;rcm=ACoAAAHmbXIB2Xou3bNZhBc3FJP2WHok0sPVagQ\" target=\"_blank\" class=\"button primary company_button fontsize_16 fontweight_500\" rel=\"noopener\" style=\"border-radius:99px;\">\n\t\t<span>LEE LA PUBLICACI\u00f3n<\/span>\n\t<\/a>\n\n\n\n\t\t<\/div>\n\t\t\t\t\n<style>\n#col-2090177751 > .col-inner {\n  padding: 3rem 0px 0px 0px;\n}\n<\/style>\n\t<\/div>\n\n\t\n\n<\/div>\n\n\t\t<\/div>\n\t\t\t\t\n<style>\n#col-1602928716 > .col-inner {\n  padding: 6rem 11rem 0px 0px;\n}\n<\/style>\n\t<\/div>\n\n\t\n\n\t<div id=\"col-1263458889\" class=\"col sibebar_col medium-3 small-12 large-3\"  >\n\t\t<div class=\"is-sticky-column\"><div class=\"is-sticky-column__inner\">\t\t<div class=\"col-inner\"  >\n\t\t\t\n\t\t\t\n\n\t<div id=\"text-838821213\" class=\"text fontsize_16 color_black fontweight_500\">\n\t\t\n\n<p>KEYWORDS<\/p>\n\t\t\t<\/div>\n\t\n<div class=\"is-divider divider clearfix\" style=\"margin-top:2rem;margin-bottom:2rem;max-width:100%;height:1px;background-color:rgba(112, 112, 112, 0.302);\"><\/div>\n\n\t<div id=\"text-2037274738\" class=\"text fontsize_18 color_black\">\n\t\t\n\n<p>NETWORK OPERATION CENTER<\/p>\n\t\t\t<\/div>\n\t\n<div class=\"is-divider divider clearfix\" style=\"margin-top:2rem;margin-bottom:2rem;max-width:100%;height:1px;background-color:rgba(112, 112, 112, 0.302);\"><\/div>\n\n\t<div id=\"text-4266415568\" class=\"text fontsize_18 color_black\">\n\t\t\n\n<p>LEADERSHIP IN TECHNOLOGY<\/p>\n\t\t\t<\/div>\n\t\n<div class=\"is-divider divider clearfix\" style=\"margin-top:2rem;margin-bottom:2rem;max-width:100%;height:1px;background-color:rgba(112, 112, 112, 0.302);\"><\/div>\n\n\t<div id=\"text-1550202062\" class=\"text fontsize_18 color_black\">\n\t\t\n\n<p>SERVICE MANAGEMENT<\/p>\n\t\t\t<\/div>\n\t\n<div class=\"is-divider divider clearfix\" style=\"margin-top:2rem;margin-bottom:2rem;max-width:100%;height:1px;background-color:rgba(112, 112, 112, 0.302);\"><\/div>\n\n\t<div id=\"gap-1080387573\" class=\"gap-element clearfix\" style=\"display:block; height:auto;\">\n\t\t\n<style>\n#gap-1080387573 {\n  padding-top: 13rem;\n}\n<\/style>\n\t<\/div>\n\t\n\n\t<div id=\"gap-1597554884\" class=\"gap-element clearfix\" style=\"display:block; height:auto;\">\n\t\t\n<style>\n#gap-1597554884 {\n  padding-top: 13rem;\n}\n<\/style>\n\t<\/div>\n\t\n\n\t<div id=\"text-3047587076\" class=\"text fontsize_16 color_black fontweight_500\">\n\t\t\n\nSHARE THE PAGE\n\t\t\t<\/div>\n\t\n<div class=\"is-divider divider clearfix\" style=\"margin-top:2rem;margin-bottom:2rem;max-width:100%;height:1px;background-color:rgba(112, 112, 112, 0.302);\"><\/div>\n\n\t<div class=\"img has-hover socialshare_icon linkedin x md-x lg-x y md-y lg-y\" id=\"image_1881940197\">\n\t\t\t\t\t\t\t\t<div class=\"img-inner dark\" >\n\t\t\t<img loading=\"lazy\" decoding=\"async\" width=\"1\" height=\"1\" src=\"https:\/\/www.italtel.com\/wp-content\/uploads\/2024\/09\/Linkedin-icon.svg\" class=\"attachment-large size-large\" alt=\"Linkedin-icon\" \/>\t\t\t\t\t\t\n\t\t\t\t\t<\/div>\n\t\t\t\t\t\t\t\t\n<style>\n#image_1881940197 {\n  width: 100%;\n}\n<\/style>\n\t<\/div>\n\t\n\n\t<div class=\"img has-hover socialshare_icon instagram x md-x lg-x y md-y lg-y\" id=\"image_1233769226\">\n\t\t\t\t\t\t\t\t<div class=\"img-inner dark\" >\n\t\t\t<img loading=\"lazy\" decoding=\"async\" width=\"27\" height=\"27\" src=\"https:\/\/www.italtel.com\/wp-content\/uploads\/2024\/07\/Raggruppa-12942.png\" class=\"attachment-large size-large\" alt=\"Instagram icon\" \/>\t\t\t\t\t\t\n\t\t\t\t\t<\/div>\n\t\t\t\t\t\t\t\t\n<style>\n#image_1233769226 {\n  width: 100%;\n}\n<\/style>\n\t<\/div>\n\t\n\n\t<div class=\"img has-hover socialshare_icon ex x md-x lg-x y md-y lg-y\" id=\"image_1465739273\">\n\t\t\t\t\t\t\t\t<div class=\"img-inner dark\" >\n\t\t\t<img loading=\"lazy\" decoding=\"async\" width=\"1\" height=\"1\" src=\"https:\/\/www.italtel.com\/wp-content\/uploads\/2024\/09\/X-icon.svg\" class=\"attachment-large size-large\" alt=\"X-icon\" \/>\t\t\t\t\t\t\n\t\t\t\t\t<\/div>\n\t\t\t\t\t\t\t\t\n<style>\n#image_1465739273 {\n  width: 100%;\n}\n<\/style>\n\t<\/div>\n\t\n\n\n\t\t<\/div>\n\t\t<\/div><\/div>\t\t\n<style>\n#col-1263458889 > .is-sticky-column > .is-sticky-column__inner > .col-inner {\n  padding: 6rem 0px 0px 0px;\n}\n<\/style>\n\t<\/div>\n\n\t\n\n<\/div>\n\n","protected":false},"excerpt":{"rendered":"","protected":false},"author":6,"featured_media":77652,"comment_status":"closed","ping_status":"closed","sticky":false,"template":"","format":"standard","meta":{"footnotes":""},"categories":[894,865],"tags":[1120],"class_list":["post-77690","post","type-post","status-publish","format-standard","has-post-thumbnail","hentry","category-interview-es","category-news-es","tag-it-operations-managed-services-our-people"],"yoast_head":"<!-- This site is optimized with the Yoast SEO plugin v27.4 - https:\/\/yoast.com\/product\/yoast-seo-wordpress\/ -->\n<title>Liderazgo en acci\u00f3n: la visi\u00f3n de Sheyla Rabadan en Italtel Spain - Italtel<\/title>\n<meta name=\"description\" content=\"Descubre c\u00f3mo Sheyla Rabadan, Supervisora SPOC en Italtel Spain, entiende el liderazgo en un Centro de Operaciones de Red: calma, confianza y motivaci\u00f3n en momentos cr\u00edticos.\" \/>\n<meta name=\"robots\" content=\"index, follow, max-snippet:-1, max-image-preview:large, max-video-preview:-1\" \/>\n<link rel=\"canonical\" href=\"https:\/\/www.italtel.com\/es\/liderazgo-en-accion-la-vision-de-sheyla-rabadan-en-italtel-spain\/\" \/>\n<meta property=\"og:locale\" content=\"es_ES\" \/>\n<meta property=\"og:type\" content=\"article\" \/>\n<meta property=\"og:title\" content=\"Liderazgo en acci\u00f3n: la visi\u00f3n de Sheyla Rabadan en Italtel Spain - Italtel\" \/>\n<meta property=\"og:description\" content=\"Descubre c\u00f3mo Sheyla Rabadan, Supervisora SPOC en Italtel Spain, entiende el liderazgo en un Centro de Operaciones de Red: calma, confianza y motivaci\u00f3n en momentos cr\u00edticos.\" \/>\n<meta property=\"og:url\" content=\"https:\/\/www.italtel.com\/es\/liderazgo-en-accion-la-vision-de-sheyla-rabadan-en-italtel-spain\/\" \/>\n<meta property=\"og:site_name\" content=\"Italtel\" \/>\n<meta property=\"article:published_time\" content=\"2025-09-13T08:35:39+00:00\" \/>\n<meta property=\"article:modified_time\" content=\"2025-09-18T08:47:07+00:00\" \/>\n<meta property=\"og:image\" content=\"https:\/\/www.italtel.com\/wp-content\/uploads\/2025\/09\/Sheyla_sito.webp\" \/>\n\t<meta property=\"og:image:width\" content=\"1920\" \/>\n\t<meta property=\"og:image:height\" content=\"1081\" \/>\n\t<meta property=\"og:image:type\" content=\"image\/webp\" \/>\n<meta name=\"author\" content=\"Daniela Fontana\" \/>\n<meta name=\"twitter:card\" content=\"summary_large_image\" \/>\n<meta name=\"twitter:creator\" content=\"@Italtel\" \/>\n<meta name=\"twitter:site\" content=\"@Italtel\" \/>\n<meta name=\"twitter:label1\" content=\"Escrito por\" \/>\n\t<meta name=\"twitter:data1\" content=\"Daniela Fontana\" \/>\n\t<meta name=\"twitter:label2\" content=\"Tiempo de lectura\" \/>\n\t<meta name=\"twitter:data2\" content=\"2 minutos\" \/>\n<script type=\"application\/ld+json\" class=\"yoast-schema-graph\">{\"@context\":\"https:\\\/\\\/schema.org\",\"@graph\":[{\"@type\":\"Article\",\"@id\":\"https:\\\/\\\/www.italtel.com\\\/es\\\/liderazgo-en-accion-la-vision-de-sheyla-rabadan-en-italtel-spain\\\/#article\",\"isPartOf\":{\"@id\":\"https:\\\/\\\/www.italtel.com\\\/es\\\/liderazgo-en-accion-la-vision-de-sheyla-rabadan-en-italtel-spain\\\/\"},\"author\":{\"name\":\"Daniela Fontana\",\"@id\":\"https:\\\/\\\/www.italtel.com\\\/de\\\/#\\\/schema\\\/person\\\/38f315d5a978255f0cf320055bad5afe\"},\"headline\":\"Liderazgo en acci\u00f3n: la visi\u00f3n de Sheyla Rabadan en Italtel Spain\",\"datePublished\":\"2025-09-13T08:35:39+00:00\",\"dateModified\":\"2025-09-18T08:47:07+00:00\",\"mainEntityOfPage\":{\"@id\":\"https:\\\/\\\/www.italtel.com\\\/es\\\/liderazgo-en-accion-la-vision-de-sheyla-rabadan-en-italtel-spain\\\/\"},\"wordCount\":341,\"publisher\":{\"@id\":\"https:\\\/\\\/www.italtel.com\\\/de\\\/#organization\"},\"image\":{\"@id\":\"https:\\\/\\\/www.italtel.com\\\/es\\\/liderazgo-en-accion-la-vision-de-sheyla-rabadan-en-italtel-spain\\\/#primaryimage\"},\"thumbnailUrl\":\"https:\\\/\\\/www.italtel.com\\\/wp-content\\\/uploads\\\/2025\\\/09\\\/Sheyla_sito.webp\",\"keywords\":[\"IT Operations &amp; Managed Services; Our people\"],\"articleSection\":[\"Interview\",\"News\"],\"inLanguage\":\"es\"},{\"@type\":\"WebPage\",\"@id\":\"https:\\\/\\\/www.italtel.com\\\/es\\\/liderazgo-en-accion-la-vision-de-sheyla-rabadan-en-italtel-spain\\\/\",\"url\":\"https:\\\/\\\/www.italtel.com\\\/es\\\/liderazgo-en-accion-la-vision-de-sheyla-rabadan-en-italtel-spain\\\/\",\"name\":\"Liderazgo en acci\u00f3n: la visi\u00f3n de Sheyla Rabadan en Italtel Spain - Italtel\",\"isPartOf\":{\"@id\":\"https:\\\/\\\/www.italtel.com\\\/de\\\/#website\"},\"primaryImageOfPage\":{\"@id\":\"https:\\\/\\\/www.italtel.com\\\/es\\\/liderazgo-en-accion-la-vision-de-sheyla-rabadan-en-italtel-spain\\\/#primaryimage\"},\"image\":{\"@id\":\"https:\\\/\\\/www.italtel.com\\\/es\\\/liderazgo-en-accion-la-vision-de-sheyla-rabadan-en-italtel-spain\\\/#primaryimage\"},\"thumbnailUrl\":\"https:\\\/\\\/www.italtel.com\\\/wp-content\\\/uploads\\\/2025\\\/09\\\/Sheyla_sito.webp\",\"datePublished\":\"2025-09-13T08:35:39+00:00\",\"dateModified\":\"2025-09-18T08:47:07+00:00\",\"description\":\"Descubre c\u00f3mo Sheyla Rabadan, Supervisora SPOC en Italtel Spain, entiende el liderazgo en un Centro de Operaciones de Red: calma, confianza y motivaci\u00f3n en momentos cr\u00edticos.\",\"breadcrumb\":{\"@id\":\"https:\\\/\\\/www.italtel.com\\\/es\\\/liderazgo-en-accion-la-vision-de-sheyla-rabadan-en-italtel-spain\\\/#breadcrumb\"},\"inLanguage\":\"es\",\"potentialAction\":[{\"@type\":\"ReadAction\",\"target\":[\"https:\\\/\\\/www.italtel.com\\\/es\\\/liderazgo-en-accion-la-vision-de-sheyla-rabadan-en-italtel-spain\\\/\"]}]},{\"@type\":\"ImageObject\",\"inLanguage\":\"es\",\"@id\":\"https:\\\/\\\/www.italtel.com\\\/es\\\/liderazgo-en-accion-la-vision-de-sheyla-rabadan-en-italtel-spain\\\/#primaryimage\",\"url\":\"https:\\\/\\\/www.italtel.com\\\/wp-content\\\/uploads\\\/2025\\\/09\\\/Sheyla_sito.webp\",\"contentUrl\":\"https:\\\/\\\/www.italtel.com\\\/wp-content\\\/uploads\\\/2025\\\/09\\\/Sheyla_sito.webp\",\"width\":1920,\"height\":1081,\"caption\":\"Sheyla Rabadan at Italtel Spain\"},{\"@type\":\"BreadcrumbList\",\"@id\":\"https:\\\/\\\/www.italtel.com\\\/es\\\/liderazgo-en-accion-la-vision-de-sheyla-rabadan-en-italtel-spain\\\/#breadcrumb\",\"itemListElement\":[{\"@type\":\"ListItem\",\"position\":1,\"name\":\"Home\",\"item\":\"https:\\\/\\\/www.italtel.com\\\/es\\\/\"},{\"@type\":\"ListItem\",\"position\":2,\"name\":\"Liderazgo en acci\u00f3n: la visi\u00f3n de Sheyla Rabadan en Italtel Spain\"}]},{\"@type\":\"WebSite\",\"@id\":\"https:\\\/\\\/www.italtel.com\\\/de\\\/#website\",\"url\":\"https:\\\/\\\/www.italtel.com\\\/de\\\/\",\"name\":\"Italtel\",\"description\":\"Italtel Group&#039;s company website\",\"publisher\":{\"@id\":\"https:\\\/\\\/www.italtel.com\\\/de\\\/#organization\"},\"potentialAction\":[{\"@type\":\"SearchAction\",\"target\":{\"@type\":\"EntryPoint\",\"urlTemplate\":\"https:\\\/\\\/www.italtel.com\\\/de\\\/?s={search_term_string}\"},\"query-input\":{\"@type\":\"PropertyValueSpecification\",\"valueRequired\":true,\"valueName\":\"search_term_string\"}}],\"inLanguage\":\"es\"},{\"@type\":\"Organization\",\"@id\":\"https:\\\/\\\/www.italtel.com\\\/de\\\/#organization\",\"name\":\"Italtel S.p.A.\",\"url\":\"https:\\\/\\\/www.italtel.com\\\/de\\\/\",\"logo\":{\"@type\":\"ImageObject\",\"inLanguage\":\"es\",\"@id\":\"https:\\\/\\\/www.italtel.com\\\/de\\\/#\\\/schema\\\/logo\\\/image\\\/\",\"url\":\"https:\\\/\\\/www.italtel.com\\\/wp-content\\\/uploads\\\/2024\\\/11\\\/Italtel_logo.png\",\"contentUrl\":\"https:\\\/\\\/www.italtel.com\\\/wp-content\\\/uploads\\\/2024\\\/11\\\/Italtel_logo.png\",\"width\":591,\"height\":139,\"caption\":\"Italtel S.p.A.\"},\"image\":{\"@id\":\"https:\\\/\\\/www.italtel.com\\\/de\\\/#\\\/schema\\\/logo\\\/image\\\/\"},\"sameAs\":[\"https:\\\/\\\/x.com\\\/Italtel\",\"https:\\\/\\\/www.linkedin.com\\\/company\\\/italtel\\\/\",\"https:\\\/\\\/www.instagram.com\\\/italtel_hq\\\/\"]},{\"@type\":\"Person\",\"@id\":\"https:\\\/\\\/www.italtel.com\\\/de\\\/#\\\/schema\\\/person\\\/38f315d5a978255f0cf320055bad5afe\",\"name\":\"Daniela Fontana\",\"image\":{\"@type\":\"ImageObject\",\"inLanguage\":\"es\",\"@id\":\"https:\\\/\\\/secure.gravatar.com\\\/avatar\\\/834a03b0c73144a8ca36e17dc365b3fbadb34c9e44399b609a00f2231e694f6a?s=96&d=mm&r=g\",\"url\":\"https:\\\/\\\/secure.gravatar.com\\\/avatar\\\/834a03b0c73144a8ca36e17dc365b3fbadb34c9e44399b609a00f2231e694f6a?s=96&d=mm&r=g\",\"contentUrl\":\"https:\\\/\\\/secure.gravatar.com\\\/avatar\\\/834a03b0c73144a8ca36e17dc365b3fbadb34c9e44399b609a00f2231e694f6a?s=96&d=mm&r=g\",\"caption\":\"Daniela Fontana\"}}]}<\/script>\n<!-- \/ Yoast SEO plugin. -->","yoast_head_json":{"title":"Liderazgo en acci\u00f3n: la visi\u00f3n de Sheyla Rabadan en Italtel Spain - Italtel","description":"Descubre c\u00f3mo Sheyla Rabadan, Supervisora SPOC en Italtel Spain, entiende el liderazgo en un Centro de Operaciones de Red: calma, confianza y motivaci\u00f3n en momentos cr\u00edticos.","robots":{"index":"index","follow":"follow","max-snippet":"max-snippet:-1","max-image-preview":"max-image-preview:large","max-video-preview":"max-video-preview:-1"},"canonical":"https:\/\/www.italtel.com\/es\/liderazgo-en-accion-la-vision-de-sheyla-rabadan-en-italtel-spain\/","og_locale":"es_ES","og_type":"article","og_title":"Liderazgo en acci\u00f3n: la visi\u00f3n de Sheyla Rabadan en Italtel Spain - Italtel","og_description":"Descubre c\u00f3mo Sheyla Rabadan, Supervisora SPOC en Italtel Spain, entiende el liderazgo en un Centro de Operaciones de Red: calma, confianza y motivaci\u00f3n en momentos cr\u00edticos.","og_url":"https:\/\/www.italtel.com\/es\/liderazgo-en-accion-la-vision-de-sheyla-rabadan-en-italtel-spain\/","og_site_name":"Italtel","article_published_time":"2025-09-13T08:35:39+00:00","article_modified_time":"2025-09-18T08:47:07+00:00","og_image":[{"width":1920,"height":1081,"url":"https:\/\/www.italtel.com\/wp-content\/uploads\/2025\/09\/Sheyla_sito.webp","type":"image\/webp"}],"author":"Daniela Fontana","twitter_card":"summary_large_image","twitter_creator":"@Italtel","twitter_site":"@Italtel","twitter_misc":{"Escrito por":"Daniela Fontana","Tiempo de lectura":"2 minutos"},"schema":{"@context":"https:\/\/schema.org","@graph":[{"@type":"Article","@id":"https:\/\/www.italtel.com\/es\/liderazgo-en-accion-la-vision-de-sheyla-rabadan-en-italtel-spain\/#article","isPartOf":{"@id":"https:\/\/www.italtel.com\/es\/liderazgo-en-accion-la-vision-de-sheyla-rabadan-en-italtel-spain\/"},"author":{"name":"Daniela Fontana","@id":"https:\/\/www.italtel.com\/de\/#\/schema\/person\/38f315d5a978255f0cf320055bad5afe"},"headline":"Liderazgo en acci\u00f3n: la visi\u00f3n de Sheyla Rabadan en Italtel Spain","datePublished":"2025-09-13T08:35:39+00:00","dateModified":"2025-09-18T08:47:07+00:00","mainEntityOfPage":{"@id":"https:\/\/www.italtel.com\/es\/liderazgo-en-accion-la-vision-de-sheyla-rabadan-en-italtel-spain\/"},"wordCount":341,"publisher":{"@id":"https:\/\/www.italtel.com\/de\/#organization"},"image":{"@id":"https:\/\/www.italtel.com\/es\/liderazgo-en-accion-la-vision-de-sheyla-rabadan-en-italtel-spain\/#primaryimage"},"thumbnailUrl":"https:\/\/www.italtel.com\/wp-content\/uploads\/2025\/09\/Sheyla_sito.webp","keywords":["IT Operations &amp; Managed Services; Our people"],"articleSection":["Interview","News"],"inLanguage":"es"},{"@type":"WebPage","@id":"https:\/\/www.italtel.com\/es\/liderazgo-en-accion-la-vision-de-sheyla-rabadan-en-italtel-spain\/","url":"https:\/\/www.italtel.com\/es\/liderazgo-en-accion-la-vision-de-sheyla-rabadan-en-italtel-spain\/","name":"Liderazgo en acci\u00f3n: la visi\u00f3n de Sheyla Rabadan en Italtel Spain - Italtel","isPartOf":{"@id":"https:\/\/www.italtel.com\/de\/#website"},"primaryImageOfPage":{"@id":"https:\/\/www.italtel.com\/es\/liderazgo-en-accion-la-vision-de-sheyla-rabadan-en-italtel-spain\/#primaryimage"},"image":{"@id":"https:\/\/www.italtel.com\/es\/liderazgo-en-accion-la-vision-de-sheyla-rabadan-en-italtel-spain\/#primaryimage"},"thumbnailUrl":"https:\/\/www.italtel.com\/wp-content\/uploads\/2025\/09\/Sheyla_sito.webp","datePublished":"2025-09-13T08:35:39+00:00","dateModified":"2025-09-18T08:47:07+00:00","description":"Descubre c\u00f3mo Sheyla Rabadan, Supervisora SPOC en Italtel Spain, entiende el liderazgo en un Centro de Operaciones de Red: calma, confianza y motivaci\u00f3n en momentos cr\u00edticos.","breadcrumb":{"@id":"https:\/\/www.italtel.com\/es\/liderazgo-en-accion-la-vision-de-sheyla-rabadan-en-italtel-spain\/#breadcrumb"},"inLanguage":"es","potentialAction":[{"@type":"ReadAction","target":["https:\/\/www.italtel.com\/es\/liderazgo-en-accion-la-vision-de-sheyla-rabadan-en-italtel-spain\/"]}]},{"@type":"ImageObject","inLanguage":"es","@id":"https:\/\/www.italtel.com\/es\/liderazgo-en-accion-la-vision-de-sheyla-rabadan-en-italtel-spain\/#primaryimage","url":"https:\/\/www.italtel.com\/wp-content\/uploads\/2025\/09\/Sheyla_sito.webp","contentUrl":"https:\/\/www.italtel.com\/wp-content\/uploads\/2025\/09\/Sheyla_sito.webp","width":1920,"height":1081,"caption":"Sheyla Rabadan at Italtel Spain"},{"@type":"BreadcrumbList","@id":"https:\/\/www.italtel.com\/es\/liderazgo-en-accion-la-vision-de-sheyla-rabadan-en-italtel-spain\/#breadcrumb","itemListElement":[{"@type":"ListItem","position":1,"name":"Home","item":"https:\/\/www.italtel.com\/es\/"},{"@type":"ListItem","position":2,"name":"Liderazgo en acci\u00f3n: la visi\u00f3n de Sheyla Rabadan en Italtel Spain"}]},{"@type":"WebSite","@id":"https:\/\/www.italtel.com\/de\/#website","url":"https:\/\/www.italtel.com\/de\/","name":"Italtel","description":"Italtel Group&#039;s company website","publisher":{"@id":"https:\/\/www.italtel.com\/de\/#organization"},"potentialAction":[{"@type":"SearchAction","target":{"@type":"EntryPoint","urlTemplate":"https:\/\/www.italtel.com\/de\/?s={search_term_string}"},"query-input":{"@type":"PropertyValueSpecification","valueRequired":true,"valueName":"search_term_string"}}],"inLanguage":"es"},{"@type":"Organization","@id":"https:\/\/www.italtel.com\/de\/#organization","name":"Italtel S.p.A.","url":"https:\/\/www.italtel.com\/de\/","logo":{"@type":"ImageObject","inLanguage":"es","@id":"https:\/\/www.italtel.com\/de\/#\/schema\/logo\/image\/","url":"https:\/\/www.italtel.com\/wp-content\/uploads\/2024\/11\/Italtel_logo.png","contentUrl":"https:\/\/www.italtel.com\/wp-content\/uploads\/2024\/11\/Italtel_logo.png","width":591,"height":139,"caption":"Italtel S.p.A."},"image":{"@id":"https:\/\/www.italtel.com\/de\/#\/schema\/logo\/image\/"},"sameAs":["https:\/\/x.com\/Italtel","https:\/\/www.linkedin.com\/company\/italtel\/","https:\/\/www.instagram.com\/italtel_hq\/"]},{"@type":"Person","@id":"https:\/\/www.italtel.com\/de\/#\/schema\/person\/38f315d5a978255f0cf320055bad5afe","name":"Daniela Fontana","image":{"@type":"ImageObject","inLanguage":"es","@id":"https:\/\/secure.gravatar.com\/avatar\/834a03b0c73144a8ca36e17dc365b3fbadb34c9e44399b609a00f2231e694f6a?s=96&d=mm&r=g","url":"https:\/\/secure.gravatar.com\/avatar\/834a03b0c73144a8ca36e17dc365b3fbadb34c9e44399b609a00f2231e694f6a?s=96&d=mm&r=g","contentUrl":"https:\/\/secure.gravatar.com\/avatar\/834a03b0c73144a8ca36e17dc365b3fbadb34c9e44399b609a00f2231e694f6a?s=96&d=mm&r=g","caption":"Daniela Fontana"}}]}},"_links":{"self":[{"href":"https:\/\/www.italtel.com\/es\/wp-json\/wp\/v2\/posts\/77690","targetHints":{"allow":["GET"]}}],"collection":[{"href":"https:\/\/www.italtel.com\/es\/wp-json\/wp\/v2\/posts"}],"about":[{"href":"https:\/\/www.italtel.com\/es\/wp-json\/wp\/v2\/types\/post"}],"author":[{"embeddable":true,"href":"https:\/\/www.italtel.com\/es\/wp-json\/wp\/v2\/users\/6"}],"replies":[{"embeddable":true,"href":"https:\/\/www.italtel.com\/es\/wp-json\/wp\/v2\/comments?post=77690"}],"version-history":[{"count":4,"href":"https:\/\/www.italtel.com\/es\/wp-json\/wp\/v2\/posts\/77690\/revisions"}],"predecessor-version":[{"id":77695,"href":"https:\/\/www.italtel.com\/es\/wp-json\/wp\/v2\/posts\/77690\/revisions\/77695"}],"wp:featuredmedia":[{"embeddable":true,"href":"https:\/\/www.italtel.com\/es\/wp-json\/wp\/v2\/media\/77652"}],"wp:attachment":[{"href":"https:\/\/www.italtel.com\/es\/wp-json\/wp\/v2\/media?parent=77690"}],"wp:term":[{"taxonomy":"category","embeddable":true,"href":"https:\/\/www.italtel.com\/es\/wp-json\/wp\/v2\/categories?post=77690"},{"taxonomy":"post_tag","embeddable":true,"href":"https:\/\/www.italtel.com\/es\/wp-json\/wp\/v2\/tags?post=77690"}],"curies":[{"name":"wp","href":"https:\/\/api.w.org\/{rel}","templated":true}]}}