{"id":78893,"date":"2025-10-27T15:49:46","date_gmt":"2025-10-27T13:49:46","guid":{"rendered":"https:\/\/www.italtel.com\/?p=78893"},"modified":"2025-10-27T15:49:46","modified_gmt":"2025-10-27T13:49:46","slug":"italtel-celebra-8-anos-de-excelencia-tecnologica-en-ciudad-real","status":"publish","type":"post","link":"https:\/\/www.italtel.com\/es\/italtel-celebra-8-anos-de-excelencia-tecnologica-en-ciudad-real\/","title":{"rendered":"Italtel celebra 8 a\u00f1os de excelencia tecnol\u00f3gica en Ciudad Real"},"content":{"rendered":"\n<div class=\"row\"  id=\"row-227406323\">\n\n\n\t<div id=\"col-434817968\" class=\"col medium-9 small-12 large-9\"  >\n\t\t\t\t<div class=\"col-inner\"  >\n\t\t\t\n\t\t\t\n\n\t<div id=\"text-1957674019\" class=\"text fontsize_18 color_black\">\n\t\t\n\n<p data-start=\"4531\" data-end=\"4737\">La semana pasada celebramos el octavo aniversario del Centro de Servicios de Italtel en Ciudad Real, un hito que refleja nuestro compromiso con la innovaci\u00f3n, el talento local y la transformaci\u00f3n digital.<\/p>\n<p data-start=\"4739\" data-end=\"5016\">En un acto institucional en el Hotel Parque Real, el alcalde Francisco Ca\u00f1izares destac\u00f3 la trayectoria de Italtel como referente en el sector TIC, subrayando nuestra capacidad para generar empleo cualificado, atraer talento y contribuir al desarrollo econ\u00f3mico de la regi\u00f3n.<\/p>\n<p data-start=\"5018\" data-end=\"5362\">Desde este centro gestionamos servicios cr\u00edticos para operadores de telecomunicaciones, grandes empresas y el sector p\u00fablico, con soluciones que abarcan desde redes IP y virtualizaci\u00f3n hasta comunicaciones unificadas y plataformas cloud. Nuestro equipo trabaja 24\/7 para garantizar la continuidad y evoluci\u00f3n tecnol\u00f3gica de nuestros clientes.<\/p>\n<p data-start=\"5364\" data-end=\"5636\">Alessandro Di Salvo, General Manager, y Dario Lucatti, Chief Business Development Officer, describieron el centro como un pilar estrat\u00e9gico en proyectos nacionales e internacionales, agradeciendo el apoyo institucional del Ayuntamiento y la implicaci\u00f3n del equipo local.<\/p>\n<p data-start=\"5638\" data-end=\"5811\">Clientes como Telef\u00f3nica Global Solutions y partners como Cisco estuvieron presentes, reafirmando su confianza y colaboraci\u00f3n en nuestro proceso de transformaci\u00f3n digital.<\/p>\n<p data-start=\"5813\" data-end=\"5887\"><strong data-start=\"5813\" data-end=\"5885\">\u00a1Por muchos a\u00f1os m\u00e1s de innovaci\u00f3n y colaboraci\u00f3n desde Ciudad Real!<\/strong><\/p>\n\t\t\t<\/div>\n\t\n\t<div id=\"gap-167464037\" class=\"gap-element clearfix\" style=\"display:block; height:auto;\">\n\t\t\n<style>\n#gap-167464037 {\n  padding-top: 30px;\n}\n<\/style>\n\t<\/div>\n\t\n\n<div class=\"slider-wrapper relative\" id=\"slider-2130960594\" >\n    <div class=\"slider slider-nav-circle slider-nav-large slider-nav-light slider-style-normal\"\n        data-flickity-options='{\n            \"cellAlign\": \"center\",\n            \"imagesLoaded\": true,\n            \"lazyLoad\": 1,\n            \"freeScroll\": false,\n            \"wrapAround\": true,\n            \"autoPlay\": 6000,\n            \"pauseAutoPlayOnHover\" : true,\n            \"prevNextButtons\": true,\n            \"contain\" : true,\n            \"adaptiveHeight\" : true,\n            \"dragThreshold\" : 10,\n            \"percentPosition\": true,\n            \"pageDots\": true,\n            \"rightToLeft\": false,\n            \"draggable\": true,\n            \"selectedAttraction\": 0.1,\n            \"parallax\" : 0,\n            \"friction\": 0.6        }'\n        >\n        \n\n\t<div class=\"img has-hover x md-x lg-x y md-y lg-y\" id=\"image_811330182\">\n\t\t\t\t\t\t\t\t<div class=\"img-inner dark\" >\n\t\t\t<img loading=\"lazy\" decoding=\"async\" width=\"1020\" height=\"706\" src=\"https:\/\/www.italtel.com\/wp-content\/uploads\/2025\/10\/1761210285107-1024x709.webp\" class=\"attachment-large size-large\" alt=\"Italtel celebra 8 a\u00f1os de excelencia tecnol\u00f3gica en Ciudad Real\" srcset=\"https:\/\/www.italtel.com\/wp-content\/uploads\/2025\/10\/1761210285107-1024x709.webp 1024w, https:\/\/www.italtel.com\/wp-content\/uploads\/2025\/10\/1761210285107-300x208.webp 300w, https:\/\/www.italtel.com\/wp-content\/uploads\/2025\/10\/1761210285107-768x532.webp 768w, https:\/\/www.italtel.com\/wp-content\/uploads\/2025\/10\/1761210285107-1536x1064.webp 1536w, https:\/\/www.italtel.com\/wp-content\/uploads\/2025\/10\/1761210285107.webp 1600w\" sizes=\"auto, (max-width: 1020px) 100vw, 1020px\" \/>\t\t\t\t\t\t\n\t\t\t\t\t<\/div>\n\t\t\t\t\t\t\t\t\n<style>\n#image_811330182 {\n  width: 100%;\n}\n<\/style>\n\t<\/div>\n\t\n\n\t<div class=\"img has-hover x md-x lg-x y md-y lg-y\" id=\"image_582651146\">\n\t\t\t\t\t\t\t\t<div class=\"img-inner dark\" >\n\t\t\t<img loading=\"lazy\" decoding=\"async\" width=\"1020\" height=\"706\" src=\"https:\/\/www.italtel.com\/wp-content\/uploads\/2025\/10\/1761210285031-1024x709.webp\" class=\"attachment-large size-large\" alt=\"Italtel celebra 8 a\u00f1os de excelencia tecnol\u00f3gica en Ciudad Real\" srcset=\"https:\/\/www.italtel.com\/wp-content\/uploads\/2025\/10\/1761210285031-1024x709.webp 1024w, https:\/\/www.italtel.com\/wp-content\/uploads\/2025\/10\/1761210285031-300x208.webp 300w, https:\/\/www.italtel.com\/wp-content\/uploads\/2025\/10\/1761210285031-768x532.webp 768w, https:\/\/www.italtel.com\/wp-content\/uploads\/2025\/10\/1761210285031-1536x1064.webp 1536w, https:\/\/www.italtel.com\/wp-content\/uploads\/2025\/10\/1761210285031.webp 1600w\" sizes=\"auto, (max-width: 1020px) 100vw, 1020px\" \/>\t\t\t\t\t\t\n\t\t\t\t\t<\/div>\n\t\t\t\t\t\t\t\t\n<style>\n#image_582651146 {\n  width: 100%;\n}\n<\/style>\n\t<\/div>\n\t\n\n\t<div class=\"img has-hover x md-x lg-x y md-y lg-y\" id=\"image_1783799246\">\n\t\t\t\t\t\t\t\t<div class=\"img-inner dark\" >\n\t\t\t<img loading=\"lazy\" decoding=\"async\" width=\"1020\" height=\"706\" src=\"https:\/\/www.italtel.com\/wp-content\/uploads\/2025\/10\/1761210284934-1-1024x709.webp\" class=\"attachment-large size-large\" alt=\"Italtel celebra 8 a\u00f1os de excelencia tecnol\u00f3gica en Ciudad Real\" srcset=\"https:\/\/www.italtel.com\/wp-content\/uploads\/2025\/10\/1761210284934-1-1024x709.webp 1024w, https:\/\/www.italtel.com\/wp-content\/uploads\/2025\/10\/1761210284934-1-300x208.webp 300w, https:\/\/www.italtel.com\/wp-content\/uploads\/2025\/10\/1761210284934-1-768x532.webp 768w, https:\/\/www.italtel.com\/wp-content\/uploads\/2025\/10\/1761210284934-1-1536x1064.webp 1536w, https:\/\/www.italtel.com\/wp-content\/uploads\/2025\/10\/1761210284934-1.webp 1600w\" sizes=\"auto, (max-width: 1020px) 100vw, 1020px\" \/>\t\t\t\t\t\t\n\t\t\t\t\t<\/div>\n\t\t\t\t\t\t\t\t\n<style>\n#image_1783799246 {\n  width: 100%;\n}\n<\/style>\n\t<\/div>\n\t\n\n\n     <\/div>\n\n     <div class=\"loading-spin dark large centered\"><\/div>\n\n\t<\/div>\n\n\n\n\t\t<\/div>\n\t\t\t\t\n<style>\n#col-434817968 > .col-inner {\n  padding: 6rem 11rem 0px 0px;\n}\n<\/style>\n\t<\/div>\n\n\t\n\n\t<div id=\"col-728331061\" class=\"col sibebar_col medium-3 small-12 large-3\"  >\n\t\t<div class=\"is-sticky-column\"><div class=\"is-sticky-column__inner\">\t\t<div class=\"col-inner\"  >\n\t\t\t\n\t\t\t\n\n\t<div id=\"text-3250400768\" class=\"text fontsize_16 color_black fontweight_500\">\n\t\t\n\n<p>KEYWORDS<\/p>\n\t\t\t<\/div>\n\t\n<div class=\"is-divider divider clearfix\" style=\"margin-top:2rem;margin-bottom:2rem;max-width:100%;height:1px;background-color:rgba(112, 112, 112, 0.302);\"><\/div>\n\n\t<div id=\"text-140635704\" class=\"text fontsize_18 color_black\">\n\t\t\n\n<p>INNOVACI\u00d3N DIGITAL<\/p>\n\t\t\t<\/div>\n\t\n<div class=\"is-divider divider clearfix\" style=\"margin-top:2rem;margin-bottom:2rem;max-width:100%;height:1px;background-color:rgba(112, 112, 112, 0.302);\"><\/div>\n\n\t<div id=\"text-1446084483\" class=\"text fontsize_18 color_black\">\n\t\t\n\n<p>IP NETWORKS<\/p>\n\t\t\t<\/div>\n\t\n<div class=\"is-divider divider clearfix\" style=\"margin-top:2rem;margin-bottom:2rem;max-width:100%;height:1px;background-color:rgba(112, 112, 112, 0.302);\"><\/div>\n\n\t<div id=\"text-2177435404\" class=\"text fontsize_18 color_black\">\n\t\t\n\n<p>TRANSFORMACI\u00d3N DIGITAL<\/p>\n\t\t\t<\/div>\n\t\n<div class=\"is-divider divider clearfix\" style=\"margin-top:2rem;margin-bottom:2rem;max-width:100%;height:1px;background-color:rgba(112, 112, 112, 0.302);\"><\/div>\n\n\t<div id=\"text-1424719303\" class=\"text fontsize_18 color_black\">\n\t\t\n\n<p>ICT SERVICES<\/p>\n\t\t\t<\/div>\n\t\n<div class=\"is-divider divider clearfix\" style=\"margin-top:2rem;margin-bottom:2rem;max-width:100%;height:1px;background-color:rgba(112, 112, 112, 0.302);\"><\/div>\n\n\t<div id=\"text-2797607663\" class=\"text fontsize_18 color_black\">\n\t\t\n\n<p>UNIFIED COMMUNICATION<\/p>\n\t\t\t<\/div>\n\t\n\t<div id=\"gap-1748948470\" class=\"gap-element clearfix\" style=\"display:block; height:auto;\">\n\t\t\n<style>\n#gap-1748948470 {\n  padding-top: 13rem;\n}\n<\/style>\n\t<\/div>\n\t\n\n\t<div id=\"text-2536197943\" class=\"text fontsize_16 color_black fontweight_500\">\n\t\t\n\nSHARE THE PAGE\n\t\t\t<\/div>\n\t\n<div class=\"is-divider divider clearfix\" style=\"margin-top:2rem;margin-bottom:2rem;max-width:100%;height:1px;background-color:rgba(112, 112, 112, 0.302);\"><\/div>\n\n\t<div class=\"img has-hover socialshare_icon linkedin x md-x lg-x y md-y lg-y\" id=\"image_2114082443\">\n\t\t\t\t\t\t\t\t<div class=\"img-inner dark\" >\n\t\t\t<img loading=\"lazy\" decoding=\"async\" width=\"1\" height=\"1\" src=\"https:\/\/www.italtel.com\/wp-content\/uploads\/2024\/09\/Linkedin-icon.svg\" class=\"attachment-large size-large\" alt=\"Linkedin-icon\" \/>\t\t\t\t\t\t\n\t\t\t\t\t<\/div>\n\t\t\t\t\t\t\t\t\n<style>\n#image_2114082443 {\n  width: 100%;\n}\n<\/style>\n\t<\/div>\n\t\n\n\t<div class=\"img has-hover socialshare_icon instagram x md-x lg-x y md-y lg-y\" id=\"image_950140973\">\n\t\t\t\t\t\t\t\t<div class=\"img-inner dark\" >\n\t\t\t<img loading=\"lazy\" decoding=\"async\" width=\"27\" height=\"27\" src=\"https:\/\/www.italtel.com\/wp-content\/uploads\/2024\/07\/Raggruppa-12942.png\" class=\"attachment-large size-large\" alt=\"Instagram icon\" \/>\t\t\t\t\t\t\n\t\t\t\t\t<\/div>\n\t\t\t\t\t\t\t\t\n<style>\n#image_950140973 {\n  width: 100%;\n}\n<\/style>\n\t<\/div>\n\t\n\n\t<div class=\"img has-hover socialshare_icon ex x md-x lg-x y md-y lg-y\" id=\"image_1671103623\">\n\t\t\t\t\t\t\t\t<div class=\"img-inner dark\" >\n\t\t\t<img loading=\"lazy\" decoding=\"async\" width=\"1\" height=\"1\" src=\"https:\/\/www.italtel.com\/wp-content\/uploads\/2024\/09\/X-icon.svg\" class=\"attachment-large size-large\" alt=\"X-icon\" \/>\t\t\t\t\t\t\n\t\t\t\t\t<\/div>\n\t\t\t\t\t\t\t\t\n<style>\n#image_1671103623 {\n  width: 100%;\n}\n<\/style>\n\t<\/div>\n\t\n\n\n\t\t<\/div>\n\t\t<\/div><\/div>\t\t\n<style>\n#col-728331061 > .is-sticky-column > .is-sticky-column__inner > .col-inner {\n  padding: 6rem 0px 0px 0px;\n}\n<\/style>\n\t<\/div>\n\n\t\n\n<\/div>\n\n","protected":false},"excerpt":{"rendered":"","protected":false},"author":6,"featured_media":78874,"comment_status":"closed","ping_status":"closed","sticky":false,"template":"","format":"standard","meta":{"footnotes":""},"categories":[865],"tags":[954],"class_list":["post-78893","post","type-post","status-publish","format-standard","has-post-thumbnail","hentry","category-news-es","tag-company-es"],"yoast_head":"<!-- This site is optimized with the Yoast SEO plugin v27.4 - https:\/\/yoast.com\/product\/yoast-seo-wordpress\/ -->\n<title>Italtel celebra 8 a\u00f1os de excelencia tecnol\u00f3gica en Ciudad Real - Italtel<\/title>\n<meta name=\"description\" content=\"Italtel celebra 8 a\u00f1os de innovaci\u00f3n en Ciudad Real, centro clave de servicios TIC, cloud y transformaci\u00f3n digital en Espa\u00f1a.\" \/>\n<meta name=\"robots\" content=\"index, follow, max-snippet:-1, max-image-preview:large, max-video-preview:-1\" \/>\n<link rel=\"canonical\" href=\"https:\/\/www.italtel.com\/es\/italtel-celebra-8-anos-de-excelencia-tecnologica-en-ciudad-real\/\" \/>\n<meta property=\"og:locale\" content=\"es_ES\" \/>\n<meta property=\"og:type\" content=\"article\" \/>\n<meta property=\"og:title\" content=\"Italtel celebra 8 a\u00f1os de excelencia tecnol\u00f3gica en Ciudad Real - Italtel\" \/>\n<meta property=\"og:description\" content=\"Italtel celebra 8 a\u00f1os de innovaci\u00f3n en Ciudad Real, centro clave de servicios TIC, cloud y transformaci\u00f3n digital en Espa\u00f1a.\" \/>\n<meta property=\"og:url\" content=\"https:\/\/www.italtel.com\/es\/italtel-celebra-8-anos-de-excelencia-tecnologica-en-ciudad-real\/\" \/>\n<meta property=\"og:site_name\" content=\"Italtel\" \/>\n<meta property=\"article:published_time\" content=\"2025-10-27T13:49:46+00:00\" \/>\n<meta property=\"og:image\" content=\"https:\/\/www.italtel.com\/wp-content\/uploads\/2025\/10\/1761210284934-1.webp\" \/>\n\t<meta property=\"og:image:width\" content=\"1600\" \/>\n\t<meta property=\"og:image:height\" content=\"1108\" \/>\n\t<meta property=\"og:image:type\" content=\"image\/webp\" \/>\n<meta name=\"author\" content=\"Daniela Fontana\" \/>\n<meta name=\"twitter:card\" content=\"summary_large_image\" \/>\n<meta name=\"twitter:creator\" content=\"@Italtel\" \/>\n<meta name=\"twitter:site\" content=\"@Italtel\" \/>\n<meta name=\"twitter:label1\" content=\"Escrito por\" \/>\n\t<meta name=\"twitter:data1\" content=\"Daniela Fontana\" \/>\n\t<meta name=\"twitter:label2\" content=\"Tiempo de lectura\" \/>\n\t<meta name=\"twitter:data2\" content=\"2 minutos\" \/>\n<script type=\"application\/ld+json\" class=\"yoast-schema-graph\">{\"@context\":\"https:\\\/\\\/schema.org\",\"@graph\":[{\"@type\":\"Article\",\"@id\":\"https:\\\/\\\/www.italtel.com\\\/es\\\/italtel-celebra-8-anos-de-excelencia-tecnologica-en-ciudad-real\\\/#article\",\"isPartOf\":{\"@id\":\"https:\\\/\\\/www.italtel.com\\\/es\\\/italtel-celebra-8-anos-de-excelencia-tecnologica-en-ciudad-real\\\/\"},\"author\":{\"name\":\"Daniela Fontana\",\"@id\":\"https:\\\/\\\/www.italtel.com\\\/de\\\/#\\\/schema\\\/person\\\/38f315d5a978255f0cf320055bad5afe\"},\"headline\":\"Italtel celebra 8 a\u00f1os de excelencia tecnol\u00f3gica en Ciudad Real\",\"datePublished\":\"2025-10-27T13:49:46+00:00\",\"mainEntityOfPage\":{\"@id\":\"https:\\\/\\\/www.italtel.com\\\/es\\\/italtel-celebra-8-anos-de-excelencia-tecnologica-en-ciudad-real\\\/\"},\"wordCount\":411,\"publisher\":{\"@id\":\"https:\\\/\\\/www.italtel.com\\\/de\\\/#organization\"},\"image\":{\"@id\":\"https:\\\/\\\/www.italtel.com\\\/es\\\/italtel-celebra-8-anos-de-excelencia-tecnologica-en-ciudad-real\\\/#primaryimage\"},\"thumbnailUrl\":\"https:\\\/\\\/www.italtel.com\\\/wp-content\\\/uploads\\\/2025\\\/10\\\/1761210284934-1.webp\",\"keywords\":[\"Company\"],\"articleSection\":[\"News\"],\"inLanguage\":\"es\"},{\"@type\":\"WebPage\",\"@id\":\"https:\\\/\\\/www.italtel.com\\\/es\\\/italtel-celebra-8-anos-de-excelencia-tecnologica-en-ciudad-real\\\/\",\"url\":\"https:\\\/\\\/www.italtel.com\\\/es\\\/italtel-celebra-8-anos-de-excelencia-tecnologica-en-ciudad-real\\\/\",\"name\":\"Italtel celebra 8 a\u00f1os de excelencia tecnol\u00f3gica en Ciudad Real - Italtel\",\"isPartOf\":{\"@id\":\"https:\\\/\\\/www.italtel.com\\\/de\\\/#website\"},\"primaryImageOfPage\":{\"@id\":\"https:\\\/\\\/www.italtel.com\\\/es\\\/italtel-celebra-8-anos-de-excelencia-tecnologica-en-ciudad-real\\\/#primaryimage\"},\"image\":{\"@id\":\"https:\\\/\\\/www.italtel.com\\\/es\\\/italtel-celebra-8-anos-de-excelencia-tecnologica-en-ciudad-real\\\/#primaryimage\"},\"thumbnailUrl\":\"https:\\\/\\\/www.italtel.com\\\/wp-content\\\/uploads\\\/2025\\\/10\\\/1761210284934-1.webp\",\"datePublished\":\"2025-10-27T13:49:46+00:00\",\"description\":\"Italtel celebra 8 a\u00f1os de innovaci\u00f3n en Ciudad Real, centro clave de servicios TIC, cloud y transformaci\u00f3n digital en Espa\u00f1a.\",\"breadcrumb\":{\"@id\":\"https:\\\/\\\/www.italtel.com\\\/es\\\/italtel-celebra-8-anos-de-excelencia-tecnologica-en-ciudad-real\\\/#breadcrumb\"},\"inLanguage\":\"es\",\"potentialAction\":[{\"@type\":\"ReadAction\",\"target\":[\"https:\\\/\\\/www.italtel.com\\\/es\\\/italtel-celebra-8-anos-de-excelencia-tecnologica-en-ciudad-real\\\/\"]}]},{\"@type\":\"ImageObject\",\"inLanguage\":\"es\",\"@id\":\"https:\\\/\\\/www.italtel.com\\\/es\\\/italtel-celebra-8-anos-de-excelencia-tecnologica-en-ciudad-real\\\/#primaryimage\",\"url\":\"https:\\\/\\\/www.italtel.com\\\/wp-content\\\/uploads\\\/2025\\\/10\\\/1761210284934-1.webp\",\"contentUrl\":\"https:\\\/\\\/www.italtel.com\\\/wp-content\\\/uploads\\\/2025\\\/10\\\/1761210284934-1.webp\",\"width\":1600,\"height\":1108,\"caption\":\"Italtel celebra 8 a\u00f1os de excelencia tecnol\u00f3gica en Ciudad Real\"},{\"@type\":\"BreadcrumbList\",\"@id\":\"https:\\\/\\\/www.italtel.com\\\/es\\\/italtel-celebra-8-anos-de-excelencia-tecnologica-en-ciudad-real\\\/#breadcrumb\",\"itemListElement\":[{\"@type\":\"ListItem\",\"position\":1,\"name\":\"Home\",\"item\":\"https:\\\/\\\/www.italtel.com\\\/es\\\/\"},{\"@type\":\"ListItem\",\"position\":2,\"name\":\"Italtel celebra 8 a\u00f1os de excelencia tecnol\u00f3gica en Ciudad Real\"}]},{\"@type\":\"WebSite\",\"@id\":\"https:\\\/\\\/www.italtel.com\\\/de\\\/#website\",\"url\":\"https:\\\/\\\/www.italtel.com\\\/de\\\/\",\"name\":\"Italtel\",\"description\":\"Italtel Group&#039;s company website\",\"publisher\":{\"@id\":\"https:\\\/\\\/www.italtel.com\\\/de\\\/#organization\"},\"potentialAction\":[{\"@type\":\"SearchAction\",\"target\":{\"@type\":\"EntryPoint\",\"urlTemplate\":\"https:\\\/\\\/www.italtel.com\\\/de\\\/?s={search_term_string}\"},\"query-input\":{\"@type\":\"PropertyValueSpecification\",\"valueRequired\":true,\"valueName\":\"search_term_string\"}}],\"inLanguage\":\"es\"},{\"@type\":\"Organization\",\"@id\":\"https:\\\/\\\/www.italtel.com\\\/de\\\/#organization\",\"name\":\"Italtel S.p.A.\",\"url\":\"https:\\\/\\\/www.italtel.com\\\/de\\\/\",\"logo\":{\"@type\":\"ImageObject\",\"inLanguage\":\"es\",\"@id\":\"https:\\\/\\\/www.italtel.com\\\/de\\\/#\\\/schema\\\/logo\\\/image\\\/\",\"url\":\"https:\\\/\\\/www.italtel.com\\\/wp-content\\\/uploads\\\/2024\\\/11\\\/Italtel_logo.png\",\"contentUrl\":\"https:\\\/\\\/www.italtel.com\\\/wp-content\\\/uploads\\\/2024\\\/11\\\/Italtel_logo.png\",\"width\":591,\"height\":139,\"caption\":\"Italtel S.p.A.\"},\"image\":{\"@id\":\"https:\\\/\\\/www.italtel.com\\\/de\\\/#\\\/schema\\\/logo\\\/image\\\/\"},\"sameAs\":[\"https:\\\/\\\/x.com\\\/Italtel\",\"https:\\\/\\\/www.linkedin.com\\\/company\\\/italtel\\\/\",\"https:\\\/\\\/www.instagram.com\\\/italtel_hq\\\/\"]},{\"@type\":\"Person\",\"@id\":\"https:\\\/\\\/www.italtel.com\\\/de\\\/#\\\/schema\\\/person\\\/38f315d5a978255f0cf320055bad5afe\",\"name\":\"Daniela Fontana\",\"image\":{\"@type\":\"ImageObject\",\"inLanguage\":\"es\",\"@id\":\"https:\\\/\\\/secure.gravatar.com\\\/avatar\\\/834a03b0c73144a8ca36e17dc365b3fbadb34c9e44399b609a00f2231e694f6a?s=96&d=mm&r=g\",\"url\":\"https:\\\/\\\/secure.gravatar.com\\\/avatar\\\/834a03b0c73144a8ca36e17dc365b3fbadb34c9e44399b609a00f2231e694f6a?s=96&d=mm&r=g\",\"contentUrl\":\"https:\\\/\\\/secure.gravatar.com\\\/avatar\\\/834a03b0c73144a8ca36e17dc365b3fbadb34c9e44399b609a00f2231e694f6a?s=96&d=mm&r=g\",\"caption\":\"Daniela Fontana\"}}]}<\/script>\n<!-- \/ Yoast SEO plugin. -->","yoast_head_json":{"title":"Italtel celebra 8 a\u00f1os de excelencia tecnol\u00f3gica en Ciudad Real - Italtel","description":"Italtel celebra 8 a\u00f1os de innovaci\u00f3n en Ciudad Real, centro clave de servicios TIC, cloud y transformaci\u00f3n digital en Espa\u00f1a.","robots":{"index":"index","follow":"follow","max-snippet":"max-snippet:-1","max-image-preview":"max-image-preview:large","max-video-preview":"max-video-preview:-1"},"canonical":"https:\/\/www.italtel.com\/es\/italtel-celebra-8-anos-de-excelencia-tecnologica-en-ciudad-real\/","og_locale":"es_ES","og_type":"article","og_title":"Italtel celebra 8 a\u00f1os de excelencia tecnol\u00f3gica en Ciudad Real - Italtel","og_description":"Italtel celebra 8 a\u00f1os de innovaci\u00f3n en Ciudad Real, centro clave de servicios TIC, cloud y transformaci\u00f3n digital en Espa\u00f1a.","og_url":"https:\/\/www.italtel.com\/es\/italtel-celebra-8-anos-de-excelencia-tecnologica-en-ciudad-real\/","og_site_name":"Italtel","article_published_time":"2025-10-27T13:49:46+00:00","og_image":[{"width":1600,"height":1108,"url":"https:\/\/www.italtel.com\/wp-content\/uploads\/2025\/10\/1761210284934-1.webp","type":"image\/webp"}],"author":"Daniela Fontana","twitter_card":"summary_large_image","twitter_creator":"@Italtel","twitter_site":"@Italtel","twitter_misc":{"Escrito por":"Daniela Fontana","Tiempo de lectura":"2 minutos"},"schema":{"@context":"https:\/\/schema.org","@graph":[{"@type":"Article","@id":"https:\/\/www.italtel.com\/es\/italtel-celebra-8-anos-de-excelencia-tecnologica-en-ciudad-real\/#article","isPartOf":{"@id":"https:\/\/www.italtel.com\/es\/italtel-celebra-8-anos-de-excelencia-tecnologica-en-ciudad-real\/"},"author":{"name":"Daniela Fontana","@id":"https:\/\/www.italtel.com\/de\/#\/schema\/person\/38f315d5a978255f0cf320055bad5afe"},"headline":"Italtel celebra 8 a\u00f1os de excelencia tecnol\u00f3gica en Ciudad Real","datePublished":"2025-10-27T13:49:46+00:00","mainEntityOfPage":{"@id":"https:\/\/www.italtel.com\/es\/italtel-celebra-8-anos-de-excelencia-tecnologica-en-ciudad-real\/"},"wordCount":411,"publisher":{"@id":"https:\/\/www.italtel.com\/de\/#organization"},"image":{"@id":"https:\/\/www.italtel.com\/es\/italtel-celebra-8-anos-de-excelencia-tecnologica-en-ciudad-real\/#primaryimage"},"thumbnailUrl":"https:\/\/www.italtel.com\/wp-content\/uploads\/2025\/10\/1761210284934-1.webp","keywords":["Company"],"articleSection":["News"],"inLanguage":"es"},{"@type":"WebPage","@id":"https:\/\/www.italtel.com\/es\/italtel-celebra-8-anos-de-excelencia-tecnologica-en-ciudad-real\/","url":"https:\/\/www.italtel.com\/es\/italtel-celebra-8-anos-de-excelencia-tecnologica-en-ciudad-real\/","name":"Italtel celebra 8 a\u00f1os de excelencia tecnol\u00f3gica en Ciudad Real - Italtel","isPartOf":{"@id":"https:\/\/www.italtel.com\/de\/#website"},"primaryImageOfPage":{"@id":"https:\/\/www.italtel.com\/es\/italtel-celebra-8-anos-de-excelencia-tecnologica-en-ciudad-real\/#primaryimage"},"image":{"@id":"https:\/\/www.italtel.com\/es\/italtel-celebra-8-anos-de-excelencia-tecnologica-en-ciudad-real\/#primaryimage"},"thumbnailUrl":"https:\/\/www.italtel.com\/wp-content\/uploads\/2025\/10\/1761210284934-1.webp","datePublished":"2025-10-27T13:49:46+00:00","description":"Italtel celebra 8 a\u00f1os de innovaci\u00f3n en Ciudad Real, centro clave de servicios TIC, cloud y transformaci\u00f3n digital en Espa\u00f1a.","breadcrumb":{"@id":"https:\/\/www.italtel.com\/es\/italtel-celebra-8-anos-de-excelencia-tecnologica-en-ciudad-real\/#breadcrumb"},"inLanguage":"es","potentialAction":[{"@type":"ReadAction","target":["https:\/\/www.italtel.com\/es\/italtel-celebra-8-anos-de-excelencia-tecnologica-en-ciudad-real\/"]}]},{"@type":"ImageObject","inLanguage":"es","@id":"https:\/\/www.italtel.com\/es\/italtel-celebra-8-anos-de-excelencia-tecnologica-en-ciudad-real\/#primaryimage","url":"https:\/\/www.italtel.com\/wp-content\/uploads\/2025\/10\/1761210284934-1.webp","contentUrl":"https:\/\/www.italtel.com\/wp-content\/uploads\/2025\/10\/1761210284934-1.webp","width":1600,"height":1108,"caption":"Italtel celebra 8 a\u00f1os de excelencia tecnol\u00f3gica en Ciudad Real"},{"@type":"BreadcrumbList","@id":"https:\/\/www.italtel.com\/es\/italtel-celebra-8-anos-de-excelencia-tecnologica-en-ciudad-real\/#breadcrumb","itemListElement":[{"@type":"ListItem","position":1,"name":"Home","item":"https:\/\/www.italtel.com\/es\/"},{"@type":"ListItem","position":2,"name":"Italtel celebra 8 a\u00f1os de excelencia tecnol\u00f3gica en Ciudad Real"}]},{"@type":"WebSite","@id":"https:\/\/www.italtel.com\/de\/#website","url":"https:\/\/www.italtel.com\/de\/","name":"Italtel","description":"Italtel Group&#039;s company website","publisher":{"@id":"https:\/\/www.italtel.com\/de\/#organization"},"potentialAction":[{"@type":"SearchAction","target":{"@type":"EntryPoint","urlTemplate":"https:\/\/www.italtel.com\/de\/?s={search_term_string}"},"query-input":{"@type":"PropertyValueSpecification","valueRequired":true,"valueName":"search_term_string"}}],"inLanguage":"es"},{"@type":"Organization","@id":"https:\/\/www.italtel.com\/de\/#organization","name":"Italtel S.p.A.","url":"https:\/\/www.italtel.com\/de\/","logo":{"@type":"ImageObject","inLanguage":"es","@id":"https:\/\/www.italtel.com\/de\/#\/schema\/logo\/image\/","url":"https:\/\/www.italtel.com\/wp-content\/uploads\/2024\/11\/Italtel_logo.png","contentUrl":"https:\/\/www.italtel.com\/wp-content\/uploads\/2024\/11\/Italtel_logo.png","width":591,"height":139,"caption":"Italtel S.p.A."},"image":{"@id":"https:\/\/www.italtel.com\/de\/#\/schema\/logo\/image\/"},"sameAs":["https:\/\/x.com\/Italtel","https:\/\/www.linkedin.com\/company\/italtel\/","https:\/\/www.instagram.com\/italtel_hq\/"]},{"@type":"Person","@id":"https:\/\/www.italtel.com\/de\/#\/schema\/person\/38f315d5a978255f0cf320055bad5afe","name":"Daniela Fontana","image":{"@type":"ImageObject","inLanguage":"es","@id":"https:\/\/secure.gravatar.com\/avatar\/834a03b0c73144a8ca36e17dc365b3fbadb34c9e44399b609a00f2231e694f6a?s=96&d=mm&r=g","url":"https:\/\/secure.gravatar.com\/avatar\/834a03b0c73144a8ca36e17dc365b3fbadb34c9e44399b609a00f2231e694f6a?s=96&d=mm&r=g","contentUrl":"https:\/\/secure.gravatar.com\/avatar\/834a03b0c73144a8ca36e17dc365b3fbadb34c9e44399b609a00f2231e694f6a?s=96&d=mm&r=g","caption":"Daniela Fontana"}}]}},"_links":{"self":[{"href":"https:\/\/www.italtel.com\/es\/wp-json\/wp\/v2\/posts\/78893","targetHints":{"allow":["GET"]}}],"collection":[{"href":"https:\/\/www.italtel.com\/es\/wp-json\/wp\/v2\/posts"}],"about":[{"href":"https:\/\/www.italtel.com\/es\/wp-json\/wp\/v2\/types\/post"}],"author":[{"embeddable":true,"href":"https:\/\/www.italtel.com\/es\/wp-json\/wp\/v2\/users\/6"}],"replies":[{"embeddable":true,"href":"https:\/\/www.italtel.com\/es\/wp-json\/wp\/v2\/comments?post=78893"}],"version-history":[{"count":4,"href":"https:\/\/www.italtel.com\/es\/wp-json\/wp\/v2\/posts\/78893\/revisions"}],"predecessor-version":[{"id":78897,"href":"https:\/\/www.italtel.com\/es\/wp-json\/wp\/v2\/posts\/78893\/revisions\/78897"}],"wp:featuredmedia":[{"embeddable":true,"href":"https:\/\/www.italtel.com\/es\/wp-json\/wp\/v2\/media\/78874"}],"wp:attachment":[{"href":"https:\/\/www.italtel.com\/es\/wp-json\/wp\/v2\/media?parent=78893"}],"wp:term":[{"taxonomy":"category","embeddable":true,"href":"https:\/\/www.italtel.com\/es\/wp-json\/wp\/v2\/categories?post=78893"},{"taxonomy":"post_tag","embeddable":true,"href":"https:\/\/www.italtel.com\/es\/wp-json\/wp\/v2\/tags?post=78893"}],"curies":[{"name":"wp","href":"https:\/\/api.w.org\/{rel}","templated":true}]}}