{"id":79804,"date":"2025-12-03T10:10:33","date_gmt":"2025-12-03T08:10:33","guid":{"rendered":"https:\/\/www.italtel.com\/technology-and-disability-building-inclusive-environments-for-everyone\/"},"modified":"2025-12-10T11:15:40","modified_gmt":"2025-12-10T09:15:40","slug":"tecnologia-y-discapacidad-construir-entornos-inclusivos-para-todas-las-personas","status":"publish","type":"post","link":"https:\/\/www.italtel.com\/es\/tecnologia-y-discapacidad-construir-entornos-inclusivos-para-todas-las-personas\/","title":{"rendered":"Tecnolog\u00eda y discapacidad: construir entornos inclusivos para todas las personas"},"content":{"rendered":"\n<div class=\"row\"  id=\"row-140279230\">\n\n\n\t<div id=\"col-1937586143\" class=\"col medium-9 small-12 large-9\"  >\n\t\t\t\t<div class=\"col-inner\"  >\n\t\t\t\n\t\t\t\n\n\t<div id=\"text-3027828499\" class=\"text fontsize_18 color_black\">\n\t\t\n\n<p data-start=\"335\" data-end=\"802\">El <strong data-start=\"338\" data-end=\"392\">D\u00eda Internacional de las Personas con Discapacidad<\/strong> nos invita a reflexionar sobre la relaci\u00f3n entre las personas y el entorno que las rodea. La <strong data-start=\"486\" data-end=\"538\">discapacidad no es solo una condici\u00f3n individual<\/strong>, sino el resultado de un contexto que puede <strong data-start=\"583\" data-end=\"623\">facilitar o limitar la participaci\u00f3n<\/strong>. En este sentido, cualquiera puede experimentar una forma de discapacidad en alg\u00fan momento de su vida: basta con encontrarse en un entorno que <strong data-start=\"767\" data-end=\"801\">no est\u00e9 adecuadamente dise\u00f1ado<\/strong>.<\/p>\n<p data-start=\"804\" data-end=\"1136\">Hoy ese entorno no es solo f\u00edsico: es tambi\u00e9n <strong data-start=\"850\" data-end=\"865\">tecnol\u00f3gico<\/strong>. La tecnolog\u00eda configura el <strong data-start=\"894\" data-end=\"918\">ecosistema invisible<\/strong> en el que vivimos. Nuestros hogares, lugares de trabajo, escuelas, sistemas de transporte y servicios p\u00fablicos est\u00e1n profundamente integrados con <strong data-start=\"1065\" data-end=\"1135\">sistemas digitales que determinan nuestras posibilidades de acci\u00f3n<\/strong>.<\/p>\n\t\t\t<\/div>\n\t\n\t<div id=\"gap-905629008\" class=\"gap-element clearfix\" style=\"display:block; height:auto;\">\n\t\t\n<style>\n#gap-905629008 {\n  padding-top: 30px;\n}\n<\/style>\n\t<\/div>\n\t\n\n\t<div id=\"text-709470484\" class=\"text fontsize_32 color_black\">\n\t\t\n\n<h2>Tecnolog\u00eda inclusiva o barreras digitales<\/h2>\n\t\t\t<\/div>\n\t\n\t<div id=\"text-1256003468\" class=\"text fontsize_18 color_black\">\n\t\t\n\n<p data-start=\"1193\" data-end=\"1471\">Cuando se dise\u00f1a con atenci\u00f3n, la <strong data-start=\"1227\" data-end=\"1328\">tecnolog\u00eda puede convertirse en una poderosa herramienta de autonom\u00eda, comunicaci\u00f3n y aprendizaje<\/strong>. Interfaces intuitivas, sistemas adaptativos y <strong data-start=\"1376\" data-end=\"1400\">tecnolog\u00edas de apoyo<\/strong> contribuyen de forma decisiva a hacer la vida cotidiana m\u00e1s accesible.<\/p>\n<p data-start=\"1473\" data-end=\"1773\">Sin embargo, <strong data-start=\"1486\" data-end=\"1535\">cuando no se tiene en cuenta la <a href=\"https:\/\/www.italtel.com\/es\/accesibilidad\/\">accesibilidad<\/a><\/strong>, la tecnolog\u00eda puede transformarse f\u00e1cilmente en una barrera. Los sistemas digitales concebidos sin considerar la <strong data-start=\"1650\" data-end=\"1671\">diversidad humana<\/strong> pueden excluir a personas con diferentes necesidades, limitando su <strong data-start=\"1739\" data-end=\"1772\">participaci\u00f3n e independencia<\/strong>.<\/p>\n\t\t\t<\/div>\n\t\n\t<div id=\"gap-1886750624\" class=\"gap-element clearfix\" style=\"display:block; height:auto;\">\n\t\t\n<style>\n#gap-1886750624 {\n  padding-top: 30px;\n}\n<\/style>\n\t<\/div>\n\t\n\n\t<div id=\"text-1582393177\" class=\"text fontsize_32 color_black\">\n\t\t\n\n<h2>Innovaci\u00f3n responsable: una obligaci\u00f3n estrat\u00e9gica<\/h2>\n\t\t\t<\/div>\n\t\n\t<div id=\"text-1915215944\" class=\"text fontsize_18 color_black\">\n\t\t\n\n<p data-start=\"1839\" data-end=\"1976\">La innovaci\u00f3n ya no puede tratar la accesibilidad como un elemento opcional: <strong data-start=\"1916\" data-end=\"1975\">debe formar parte del proceso de dise\u00f1o desde el inicio<\/strong>.<\/p>\n<p data-start=\"1978\" data-end=\"2285\">No se trata solo de un compromiso \u00e9tico \u2014aunque la \u00e9tica es fundamental\u2014, sino tambi\u00e9n de una <strong data-start=\"2072\" data-end=\"2100\">ventaja competitiva real<\/strong>. Datos internacionales confirman que las soluciones inclusivas <strong data-start=\"2164\" data-end=\"2201\">mejoran la experiencia de usuario<\/strong>, ampl\u00edan los mercados, aumentan la adopci\u00f3n y <strong data-start=\"2248\" data-end=\"2284\">reducen los costes de adaptaci\u00f3n<\/strong>.<\/p>\n<p data-start=\"2287\" data-end=\"2669\">Desde una perspectiva de mercado, el <strong data-start=\"2324\" data-end=\"2403\">poder adquisitivo de las personas con discapacidad y sus familias es enorme<\/strong>. Las estimaciones m\u00e1s recientes hablan de <strong data-start=\"2446\" data-end=\"2495\">m\u00e1s de 1.600 millones de personas en el mundo<\/strong>, que generan un mercado global superior al <strong data-start=\"2539\" data-end=\"2560\">bill\u00f3n de d\u00f3lares<\/strong>. Dise\u00f1ar productos y servicios inclusivos representa, por tanto, una <strong data-start=\"2630\" data-end=\"2668\">oportunidad de negocio estrat\u00e9gica<\/strong>.<\/p>\n\t\t\t<\/div>\n\t\n\t<div id=\"gap-1650905354\" class=\"gap-element clearfix\" style=\"display:block; height:auto;\">\n\t\t\n<style>\n#gap-1650905354 {\n  padding-top: 30px;\n}\n<\/style>\n\t<\/div>\n\t\n\n\t<div id=\"text-4261416919\" class=\"text fontsize_32 color_black\">\n\t\t\n\n<h2>M\u00e1s all\u00e1 de las discapacidades visibles<\/h2>\n\t\t\t<\/div>\n\t\n\t<div id=\"text-499516173\" class=\"text fontsize_18 color_black\">\n\t\t\n\n<p data-start=\"2724\" data-end=\"3191\">Los desaf\u00edos no afectan solo a las personas con discapacidades f\u00edsicas. Diversas proyecciones indican que para <strong data-start=\"2835\" data-end=\"2887\">2027 una de cada cuatro empresas del Fortune 500<\/strong> invertir\u00e1 en la <strong data-start=\"2904\" data-end=\"2960\">inclusi\u00f3n y el desarrollo de talento neurodivergente<\/strong>, como personas con autismo, TDAH o dislexia. Estas capacidades pueden impulsar la <strong data-start=\"3043\" data-end=\"3078\">innovaci\u00f3n anal\u00edtica y creativa<\/strong>, siempre que las organizaciones sepan crear entornos capaces de <strong data-start=\"3143\" data-end=\"3190\">valorar la diversidad y apoyar la inclusi\u00f3n<\/strong>.<\/p>\n<p data-start=\"3193\" data-end=\"3549\">Al mismo tiempo, aumenta el riesgo de exclusi\u00f3n para quienes tienen <strong data-start=\"3261\" data-end=\"3293\">bajas competencias digitales<\/strong>, empleos poco flexibles o condiciones poco reconocidas. Para afrontar esta complejidad, es esencial la <strong data-start=\"3397\" data-end=\"3478\">colaboraci\u00f3n entre empresas, centros educativos, asociaciones y redes locales<\/strong>, con el fin de construir entornos laborales verdaderamente inclusivos.<\/p>\n\t\t\t<\/div>\n\t\n\t<div id=\"gap-216240738\" class=\"gap-element clearfix\" style=\"display:block; height:auto;\">\n\t\t\n<style>\n#gap-216240738 {\n  padding-top: 30px;\n}\n<\/style>\n\t<\/div>\n\t\n\n\t<div id=\"text-3719923152\" class=\"text fontsize_32 color_black\">\n\t\t\n\n<h2>El compromiso de Italtel<\/h2>\n\t\t\t<\/div>\n\t\n\t<div id=\"text-1386458377\" class=\"text fontsize_18 color_black\">\n\t\t\n\n<p data-start=\"3589\" data-end=\"4076\">En <strong data-start=\"3592\" data-end=\"3651\">Italtel creemos que la tecnolog\u00eda debe unir, no separar<\/strong>. Por eso trabajamos no solo para desarrollar <strong data-start=\"3697\" data-end=\"3732\">soluciones digitales accesibles<\/strong>, sino tambi\u00e9n para construir las <strong data-start=\"3766\" data-end=\"3841\">infraestructuras que har\u00e1n posibles los servicios inclusivos del futuro<\/strong>. Nuestra visi\u00f3n es la de un entorno digital que <strong data-start=\"3890\" data-end=\"3934\">acoge la diversidad en todos los niveles<\/strong>: redes de conectividad de alta capacidad, plataformas seguras e inteligentes y sistemas que garantizan <strong data-start=\"4038\" data-end=\"4075\">continuidad, calidad y fiabilidad<\/strong>.<\/p>\n<p data-start=\"4078\" data-end=\"4831\">Estas infraestructuras son el <strong data-start=\"4108\" data-end=\"4138\">elemento habilitador clave<\/strong> de un ecosistema de <strong data-start=\"4159\" data-end=\"4207\">tecnolog\u00edas asistivas cada vez m\u00e1s avanzadas<\/strong>: desde gafas inteligentes que apoyan la movilidad y la orientaci\u00f3n, hasta sistemas de <strong data-start=\"4294\" data-end=\"4331\">texto a voz, lectores de pantalla<\/strong> o dispositivos de <strong data-start=\"4350\" data-end=\"4378\">comunicaci\u00f3n aumentativa<\/strong> para personas con dificultades verbales.<\/p>\n<p data-start=\"4078\" data-end=\"4831\">Las nuevas soluciones basadas en <strong data-start=\"4455\" data-end=\"4482\">inteligencia artificial<\/strong> \u2014como asistentes cognitivos, herramientas de transcripci\u00f3n autom\u00e1tica, sistemas de procesamiento del lenguaje natural o aplicaciones de apoyo a la toma de decisiones\u2014 pueden <strong data-start=\"4657\" data-end=\"4720\">mejorar de forma significativa la autonom\u00eda de las personas<\/strong>, pero requieren <strong data-start=\"4737\" data-end=\"4830\">infraestructuras digitales s\u00f3lidas, conectividad fiable y plataformas de alto rendimiento<\/strong>.<\/p>\n<p data-start=\"4833\" data-end=\"5211\">Por ello, el dise\u00f1o de nuestras redes y plataformas se inspira en una <strong data-start=\"4903\" data-end=\"4936\">visi\u00f3n centrada en la persona<\/strong>, donde la <strong data-start=\"4947\" data-end=\"5003\">accesibilidad digital desempe\u00f1a un papel fundamental<\/strong>. Nuestro objetivo es convertir la tecnolog\u00eda en un espacio <strong data-start=\"5063\" data-end=\"5094\">realmente usable para todos<\/strong>, capaz de mejorar la vida cotidiana y transformar la innovaci\u00f3n en un entorno <strong data-start=\"5173\" data-end=\"5210\">inclusivo, sostenible y habitable<\/strong>.<\/p>\n\t\t\t<\/div>\n\t\n\t<div class=\"img has-hover x md-x lg-x y md-y lg-y\" id=\"image_239094551\">\n\t\t\t\t\t\t\t\t<div class=\"img-inner dark\" >\n\t\t\t<img loading=\"lazy\" decoding=\"async\" width=\"1020\" height=\"571\" src=\"https:\/\/www.italtel.com\/wp-content\/uploads\/2025\/12\/Media1-copia-1024x573.webp\" class=\"attachment-large size-large\" alt=\"A man in profile wearing futuristic goggles stands against a vibrant background. Blurred effects and warm colors create a surreal, dreamlike atmosphere.\" srcset=\"https:\/\/www.italtel.com\/wp-content\/uploads\/2025\/12\/Media1-copia-1024x573.webp 1024w, https:\/\/www.italtel.com\/wp-content\/uploads\/2025\/12\/Media1-copia-300x168.webp 300w, https:\/\/www.italtel.com\/wp-content\/uploads\/2025\/12\/Media1-copia-768x430.webp 768w, https:\/\/www.italtel.com\/wp-content\/uploads\/2025\/12\/Media1-copia-1536x860.webp 1536w, https:\/\/www.italtel.com\/wp-content\/uploads\/2025\/12\/Media1-copia-2048x1147.webp 2048w\" sizes=\"auto, (max-width: 1020px) 100vw, 1020px\" \/>\t\t\t\t\t\t\n\t\t\t\t\t<\/div>\n\t\t\t\t\t\t\t\t\n<style>\n#image_239094551 {\n  width: 100%;\n}\n<\/style>\n\t<\/div>\n\t\n\n\t<div id=\"gap-1331136426\" class=\"gap-element clearfix\" style=\"display:block; height:auto;\">\n\t\t\n<style>\n#gap-1331136426 {\n  padding-top: 30px;\n}\n<\/style>\n\t<\/div>\n\t\n\n\t<div id=\"text-2082181954\" class=\"text fontsize_32 color_black\">\n\t\t\n\n<h2>Hacia un futuro m\u00e1s inclusivo<\/h2>\n\t\t\t<\/div>\n\t\n\t<div id=\"text-3975452605\" class=\"text fontsize_18 color_black\">\n\t\t\n\n<p data-start=\"5256\" data-end=\"5477\">Si realmente vivimos inmersos en la tecnolog\u00eda \u2014como peces en el agua\u2014, tenemos tanto la <strong data-start=\"5345\" data-end=\"5384\">responsabilidad como la oportunidad<\/strong> de convertirla en un espacio donde <strong data-start=\"5420\" data-end=\"5476\">todas las personas puedan desenvolverse con libertad<\/strong>.<\/p>\n<p data-start=\"5479\" data-end=\"5691\">Construir <strong data-start=\"5489\" data-end=\"5525\">entornos tecnol\u00f3gicos inclusivos<\/strong> no significa solo eliminar barreras: significa <strong data-start=\"5573\" data-end=\"5601\">generar valor compartido<\/strong> y transformar la innovaci\u00f3n en un <strong data-start=\"5636\" data-end=\"5690\">motor de participaci\u00f3n, igualdad y progreso social<\/strong>.<\/p>\n\t\t\t<\/div>\n\t\n<div class=\"row row-small paddingbottom_0\"  id=\"row-1969039270\">\n\n\n\t<div id=\"col-288939226\" class=\"col small-12 large-12\"  >\n\t\t\t\t<div class=\"col-inner text-center\"  >\n\t\t\t\n\t\t\t\n\n<a href=\"https:\/\/www.italtel.com\/es\/accesibilidad\/\" class=\"button primary company_button fontsize_16 fontweight_500\" style=\"border-radius:99px;\">\n\t\t<span>ACCESSIBILIDAD<\/span>\n\t<\/a>\n\n\n\n\t\t<\/div>\n\t\t\t\t\n<style>\n#col-288939226 > .col-inner {\n  padding: 3rem 0px 0px 0px;\n}\n<\/style>\n\t<\/div>\n\n\t\n\n<\/div>\n\t<div id=\"gap-929885203\" class=\"gap-element clearfix\" style=\"display:block; height:auto;\">\n\t\t\n<style>\n#gap-929885203 {\n  padding-top: 30px;\n}\n<\/style>\n\t<\/div>\n\t\n\n\n\t\t<\/div>\n\t\t\t\t\n<style>\n#col-1937586143 > .col-inner {\n  padding: 6rem 11rem 0px 0px;\n}\n<\/style>\n\t<\/div>\n\n\t\n\n\t<div id=\"col-894164614\" class=\"col sibebar_col medium-3 small-12 large-3\"  >\n\t\t<div class=\"is-sticky-column\"><div class=\"is-sticky-column__inner\">\t\t<div class=\"col-inner\"  >\n\t\t\t\n\t\t\t\n\n\t<div id=\"text-2816957329\" class=\"text fontsize_16 color_black fontweight_500\">\n\t\t\n\nTECH KEYWORDS\n\t\t\t<\/div>\n\t\n<div class=\"is-divider divider clearfix\" style=\"margin-top:2rem;margin-bottom:2rem;max-width:100%;height:1px;background-color:rgba(112, 112, 112, 0.302);\"><\/div>\n\n\t<div id=\"text-3261150532\" class=\"text fontsize_18 color_black\">\n\t\t\n\n<p>DIGITAL ACCESSIBILITY<\/p>\n\t\t\t<\/div>\n\t\n<div class=\"is-divider divider clearfix\" style=\"margin-top:2rem;margin-bottom:2rem;max-width:100%;height:1px;background-color:rgba(112, 112, 112, 0.302);\"><\/div>\n\n\t<div id=\"text-1867214456\" class=\"text fontsize_18 color_black\">\n\t\t\n\n<p>DISABILITY &amp; TECHNOLOGY<\/p>\n\t\t\t<\/div>\n\t\n<div class=\"is-divider divider clearfix\" style=\"margin-top:2rem;margin-bottom:2rem;max-width:100%;height:1px;background-color:rgba(112, 112, 112, 0.302);\"><\/div>\n\n\t<div id=\"text-1571586568\" class=\"text fontsize_18 color_black\">\n\t\t\n\n<p>DIGITAL INFRASTRUCTURE<\/p>\n\t\t\t<\/div>\n\t\n<div class=\"is-divider divider clearfix\" style=\"margin-top:2rem;margin-bottom:2rem;max-width:100%;height:1px;background-color:rgba(112, 112, 112, 0.302);\"><\/div>\n\n\t<div id=\"text-3296850613\" class=\"text fontsize_18 color_black\">\n\t\t\n\n<p>AI &amp; INCLUSION<\/p>\n\t\t\t<\/div>\n\t\n<div class=\"is-divider divider clearfix\" style=\"margin-top:2rem;margin-bottom:2rem;max-width:100%;height:1px;background-color:rgba(112, 112, 112, 0.302);\"><\/div>\n\n\t<div id=\"text-966755744\" class=\"text fontsize_18 color_black\">\n\t\t\n\n<p>TECHNOLOGY EMPOWERMENT<\/p>\n\t\t\t<\/div>\n\t\n\t<div id=\"gap-416023599\" class=\"gap-element clearfix\" style=\"display:block; height:auto;\">\n\t\t\n<style>\n#gap-416023599 {\n  padding-top: 13rem;\n}\n<\/style>\n\t<\/div>\n\t\n\n\t<div id=\"text-3662019012\" class=\"text fontsize_16 color_black fontweight_500\">\n\t\t\n\nSHARE THE PAGE\n\t\t\t<\/div>\n\t\n<div class=\"is-divider divider clearfix\" style=\"margin-top:2rem;margin-bottom:2rem;max-width:100%;height:1px;background-color:rgba(112, 112, 112, 0.302);\"><\/div>\n\n\t<div class=\"img has-hover socialshare_icon linkedin x md-x lg-x y md-y lg-y\" id=\"image_805222202\">\n\t\t\t\t\t\t\t\t<div class=\"img-inner dark\" >\n\t\t\t<img loading=\"lazy\" decoding=\"async\" width=\"1\" height=\"1\" src=\"https:\/\/www.italtel.com\/wp-content\/uploads\/2024\/09\/Linkedin-icon.svg\" class=\"attachment-large size-large\" alt=\"Linkedin-icon\" \/>\t\t\t\t\t\t\n\t\t\t\t\t<\/div>\n\t\t\t\t\t\t\t\t\n<style>\n#image_805222202 {\n  width: 100%;\n}\n<\/style>\n\t<\/div>\n\t\n\n\t<div class=\"img has-hover socialshare_icon instagram x md-x lg-x y md-y lg-y\" id=\"image_72186303\">\n\t\t\t\t\t\t\t\t<div class=\"img-inner dark\" >\n\t\t\t<img loading=\"lazy\" decoding=\"async\" width=\"27\" height=\"27\" src=\"https:\/\/www.italtel.com\/wp-content\/uploads\/2024\/07\/Raggruppa-12942.png\" class=\"attachment-large size-large\" alt=\"Instagram icon\" \/>\t\t\t\t\t\t\n\t\t\t\t\t<\/div>\n\t\t\t\t\t\t\t\t\n<style>\n#image_72186303 {\n  width: 100%;\n}\n<\/style>\n\t<\/div>\n\t\n\n\t<div class=\"img has-hover socialshare_icon ex x md-x lg-x y md-y lg-y\" id=\"image_1724790820\">\n\t\t\t\t\t\t\t\t<div class=\"img-inner dark\" >\n\t\t\t<img loading=\"lazy\" decoding=\"async\" width=\"1\" height=\"1\" src=\"https:\/\/www.italtel.com\/wp-content\/uploads\/2024\/09\/X-icon.svg\" class=\"attachment-large size-large\" alt=\"X-icon\" \/>\t\t\t\t\t\t\n\t\t\t\t\t<\/div>\n\t\t\t\t\t\t\t\t\n<style>\n#image_1724790820 {\n  width: 100%;\n}\n<\/style>\n\t<\/div>\n\t\n\n\n\t\t<\/div>\n\t\t<\/div><\/div>\t\t\n<style>\n#col-894164614 > .is-sticky-column > .is-sticky-column__inner > .col-inner {\n  padding: 6rem 0px 0px 0px;\n}\n<\/style>\n\t<\/div>\n\n\t\n\n<\/div>\n\n","protected":false},"excerpt":{"rendered":"","protected":false},"author":6,"featured_media":79700,"comment_status":"closed","ping_status":"closed","sticky":false,"template":"","format":"standard","meta":{"footnotes":""},"categories":[893],"tags":[1108],"class_list":["post-79804","post","type-post","status-publish","format-standard","has-post-thumbnail","hentry","category-focus-es","tag-sustainability-company-es"],"yoast_head":"<!-- This site is optimized with the Yoast SEO plugin v27.4 - https:\/\/yoast.com\/product\/yoast-seo-wordpress\/ -->\n<title>Tecnolog\u00eda y discapacidad: construir entornos inclusivos para todas las personas - Italtel<\/title>\n<meta name=\"description\" content=\"Tecnolog\u00eda y discapacidad: c\u00f3mo la innovaci\u00f3n inclusiva y la accesibilidad digital impulsan la autonom\u00eda, la participaci\u00f3n y el desarrollo sostenible en empresas y sociedad.\" \/>\n<meta name=\"robots\" content=\"index, follow, max-snippet:-1, max-image-preview:large, max-video-preview:-1\" \/>\n<link rel=\"canonical\" href=\"https:\/\/www.italtel.com\/es\/tecnologia-y-discapacidad-construir-entornos-inclusivos-para-todas-las-personas\/\" \/>\n<meta property=\"og:locale\" content=\"es_ES\" \/>\n<meta property=\"og:type\" content=\"article\" \/>\n<meta property=\"og:title\" content=\"Tecnolog\u00eda y discapacidad: construir entornos inclusivos para todas las personas - Italtel\" \/>\n<meta property=\"og:description\" content=\"Tecnolog\u00eda y discapacidad: c\u00f3mo la innovaci\u00f3n inclusiva y la accesibilidad digital impulsan la autonom\u00eda, la participaci\u00f3n y el desarrollo sostenible en empresas y sociedad.\" \/>\n<meta property=\"og:url\" content=\"https:\/\/www.italtel.com\/es\/tecnologia-y-discapacidad-construir-entornos-inclusivos-para-todas-las-personas\/\" \/>\n<meta property=\"og:site_name\" content=\"Italtel\" \/>\n<meta property=\"article:published_time\" content=\"2025-12-03T08:10:33+00:00\" \/>\n<meta property=\"article:modified_time\" content=\"2025-12-10T09:15:40+00:00\" \/>\n<meta property=\"og:image\" content=\"https:\/\/www.italtel.com\/wp-content\/uploads\/2025\/12\/2152001148-copia.webp\" \/>\n\t<meta property=\"og:image:width\" content=\"1610\" \/>\n\t<meta property=\"og:image:height\" content=\"906\" \/>\n\t<meta property=\"og:image:type\" content=\"image\/webp\" \/>\n<meta name=\"author\" content=\"Daniela Fontana\" \/>\n<meta name=\"twitter:card\" content=\"summary_large_image\" \/>\n<meta name=\"twitter:creator\" content=\"@Italtel\" \/>\n<meta name=\"twitter:site\" content=\"@Italtel\" \/>\n<meta name=\"twitter:label1\" content=\"Escrito por\" \/>\n\t<meta name=\"twitter:data1\" content=\"Daniela Fontana\" \/>\n\t<meta name=\"twitter:label2\" content=\"Tiempo de lectura\" \/>\n\t<meta name=\"twitter:data2\" content=\"4 minutos\" \/>\n<script type=\"application\/ld+json\" class=\"yoast-schema-graph\">{\"@context\":\"https:\\\/\\\/schema.org\",\"@graph\":[{\"@type\":\"Article\",\"@id\":\"https:\\\/\\\/www.italtel.com\\\/es\\\/tecnologia-y-discapacidad-construir-entornos-inclusivos-para-todas-las-personas\\\/#article\",\"isPartOf\":{\"@id\":\"https:\\\/\\\/www.italtel.com\\\/es\\\/tecnologia-y-discapacidad-construir-entornos-inclusivos-para-todas-las-personas\\\/\"},\"author\":{\"name\":\"Daniela Fontana\",\"@id\":\"https:\\\/\\\/www.italtel.com\\\/de\\\/#\\\/schema\\\/person\\\/38f315d5a978255f0cf320055bad5afe\"},\"headline\":\"Tecnolog\u00eda y discapacidad: construir entornos inclusivos para todas las personas\",\"datePublished\":\"2025-12-03T08:10:33+00:00\",\"dateModified\":\"2025-12-10T09:15:40+00:00\",\"mainEntityOfPage\":{\"@id\":\"https:\\\/\\\/www.italtel.com\\\/es\\\/tecnologia-y-discapacidad-construir-entornos-inclusivos-para-todas-las-personas\\\/\"},\"wordCount\":1117,\"publisher\":{\"@id\":\"https:\\\/\\\/www.italtel.com\\\/de\\\/#organization\"},\"image\":{\"@id\":\"https:\\\/\\\/www.italtel.com\\\/es\\\/tecnologia-y-discapacidad-construir-entornos-inclusivos-para-todas-las-personas\\\/#primaryimage\"},\"thumbnailUrl\":\"https:\\\/\\\/www.italtel.com\\\/wp-content\\\/uploads\\\/2025\\\/12\\\/2152001148-copia.webp\",\"keywords\":[\"Sustainability; Company\"],\"articleSection\":[\"Focus\"],\"inLanguage\":\"es\"},{\"@type\":\"WebPage\",\"@id\":\"https:\\\/\\\/www.italtel.com\\\/es\\\/tecnologia-y-discapacidad-construir-entornos-inclusivos-para-todas-las-personas\\\/\",\"url\":\"https:\\\/\\\/www.italtel.com\\\/es\\\/tecnologia-y-discapacidad-construir-entornos-inclusivos-para-todas-las-personas\\\/\",\"name\":\"Tecnolog\u00eda y discapacidad: construir entornos inclusivos para todas las personas - Italtel\",\"isPartOf\":{\"@id\":\"https:\\\/\\\/www.italtel.com\\\/de\\\/#website\"},\"primaryImageOfPage\":{\"@id\":\"https:\\\/\\\/www.italtel.com\\\/es\\\/tecnologia-y-discapacidad-construir-entornos-inclusivos-para-todas-las-personas\\\/#primaryimage\"},\"image\":{\"@id\":\"https:\\\/\\\/www.italtel.com\\\/es\\\/tecnologia-y-discapacidad-construir-entornos-inclusivos-para-todas-las-personas\\\/#primaryimage\"},\"thumbnailUrl\":\"https:\\\/\\\/www.italtel.com\\\/wp-content\\\/uploads\\\/2025\\\/12\\\/2152001148-copia.webp\",\"datePublished\":\"2025-12-03T08:10:33+00:00\",\"dateModified\":\"2025-12-10T09:15:40+00:00\",\"description\":\"Tecnolog\u00eda y discapacidad: c\u00f3mo la innovaci\u00f3n inclusiva y la accesibilidad digital impulsan la autonom\u00eda, la participaci\u00f3n y el desarrollo sostenible en empresas y sociedad.\",\"breadcrumb\":{\"@id\":\"https:\\\/\\\/www.italtel.com\\\/es\\\/tecnologia-y-discapacidad-construir-entornos-inclusivos-para-todas-las-personas\\\/#breadcrumb\"},\"inLanguage\":\"es\",\"potentialAction\":[{\"@type\":\"ReadAction\",\"target\":[\"https:\\\/\\\/www.italtel.com\\\/es\\\/tecnologia-y-discapacidad-construir-entornos-inclusivos-para-todas-las-personas\\\/\"]}]},{\"@type\":\"ImageObject\",\"inLanguage\":\"es\",\"@id\":\"https:\\\/\\\/www.italtel.com\\\/es\\\/tecnologia-y-discapacidad-construir-entornos-inclusivos-para-todas-las-personas\\\/#primaryimage\",\"url\":\"https:\\\/\\\/www.italtel.com\\\/wp-content\\\/uploads\\\/2025\\\/12\\\/2152001148-copia.webp\",\"contentUrl\":\"https:\\\/\\\/www.italtel.com\\\/wp-content\\\/uploads\\\/2025\\\/12\\\/2152001148-copia.webp\",\"width\":1610,\"height\":906,\"caption\":\"A woman with dark hair gazes intently at a glowing vertical screen in a dimly lit room, conveying a sense of focus and modern technology.\"},{\"@type\":\"BreadcrumbList\",\"@id\":\"https:\\\/\\\/www.italtel.com\\\/es\\\/tecnologia-y-discapacidad-construir-entornos-inclusivos-para-todas-las-personas\\\/#breadcrumb\",\"itemListElement\":[{\"@type\":\"ListItem\",\"position\":1,\"name\":\"Home\",\"item\":\"https:\\\/\\\/www.italtel.com\\\/es\\\/\"},{\"@type\":\"ListItem\",\"position\":2,\"name\":\"Tecnolog\u00eda y discapacidad: construir entornos inclusivos para todas las personas\"}]},{\"@type\":\"WebSite\",\"@id\":\"https:\\\/\\\/www.italtel.com\\\/de\\\/#website\",\"url\":\"https:\\\/\\\/www.italtel.com\\\/de\\\/\",\"name\":\"Italtel\",\"description\":\"Italtel Group&#039;s company website\",\"publisher\":{\"@id\":\"https:\\\/\\\/www.italtel.com\\\/de\\\/#organization\"},\"potentialAction\":[{\"@type\":\"SearchAction\",\"target\":{\"@type\":\"EntryPoint\",\"urlTemplate\":\"https:\\\/\\\/www.italtel.com\\\/de\\\/?s={search_term_string}\"},\"query-input\":{\"@type\":\"PropertyValueSpecification\",\"valueRequired\":true,\"valueName\":\"search_term_string\"}}],\"inLanguage\":\"es\"},{\"@type\":\"Organization\",\"@id\":\"https:\\\/\\\/www.italtel.com\\\/de\\\/#organization\",\"name\":\"Italtel S.p.A.\",\"url\":\"https:\\\/\\\/www.italtel.com\\\/de\\\/\",\"logo\":{\"@type\":\"ImageObject\",\"inLanguage\":\"es\",\"@id\":\"https:\\\/\\\/www.italtel.com\\\/de\\\/#\\\/schema\\\/logo\\\/image\\\/\",\"url\":\"https:\\\/\\\/www.italtel.com\\\/wp-content\\\/uploads\\\/2024\\\/11\\\/Italtel_logo.png\",\"contentUrl\":\"https:\\\/\\\/www.italtel.com\\\/wp-content\\\/uploads\\\/2024\\\/11\\\/Italtel_logo.png\",\"width\":591,\"height\":139,\"caption\":\"Italtel S.p.A.\"},\"image\":{\"@id\":\"https:\\\/\\\/www.italtel.com\\\/de\\\/#\\\/schema\\\/logo\\\/image\\\/\"},\"sameAs\":[\"https:\\\/\\\/x.com\\\/Italtel\",\"https:\\\/\\\/www.linkedin.com\\\/company\\\/italtel\\\/\",\"https:\\\/\\\/www.instagram.com\\\/italtel_hq\\\/\"]},{\"@type\":\"Person\",\"@id\":\"https:\\\/\\\/www.italtel.com\\\/de\\\/#\\\/schema\\\/person\\\/38f315d5a978255f0cf320055bad5afe\",\"name\":\"Daniela Fontana\",\"image\":{\"@type\":\"ImageObject\",\"inLanguage\":\"es\",\"@id\":\"https:\\\/\\\/secure.gravatar.com\\\/avatar\\\/834a03b0c73144a8ca36e17dc365b3fbadb34c9e44399b609a00f2231e694f6a?s=96&d=mm&r=g\",\"url\":\"https:\\\/\\\/secure.gravatar.com\\\/avatar\\\/834a03b0c73144a8ca36e17dc365b3fbadb34c9e44399b609a00f2231e694f6a?s=96&d=mm&r=g\",\"contentUrl\":\"https:\\\/\\\/secure.gravatar.com\\\/avatar\\\/834a03b0c73144a8ca36e17dc365b3fbadb34c9e44399b609a00f2231e694f6a?s=96&d=mm&r=g\",\"caption\":\"Daniela Fontana\"}}]}<\/script>\n<!-- \/ Yoast SEO plugin. -->","yoast_head_json":{"title":"Tecnolog\u00eda y discapacidad: construir entornos inclusivos para todas las personas - Italtel","description":"Tecnolog\u00eda y discapacidad: c\u00f3mo la innovaci\u00f3n inclusiva y la accesibilidad digital impulsan la autonom\u00eda, la participaci\u00f3n y el desarrollo sostenible en empresas y sociedad.","robots":{"index":"index","follow":"follow","max-snippet":"max-snippet:-1","max-image-preview":"max-image-preview:large","max-video-preview":"max-video-preview:-1"},"canonical":"https:\/\/www.italtel.com\/es\/tecnologia-y-discapacidad-construir-entornos-inclusivos-para-todas-las-personas\/","og_locale":"es_ES","og_type":"article","og_title":"Tecnolog\u00eda y discapacidad: construir entornos inclusivos para todas las personas - Italtel","og_description":"Tecnolog\u00eda y discapacidad: c\u00f3mo la innovaci\u00f3n inclusiva y la accesibilidad digital impulsan la autonom\u00eda, la participaci\u00f3n y el desarrollo sostenible en empresas y sociedad.","og_url":"https:\/\/www.italtel.com\/es\/tecnologia-y-discapacidad-construir-entornos-inclusivos-para-todas-las-personas\/","og_site_name":"Italtel","article_published_time":"2025-12-03T08:10:33+00:00","article_modified_time":"2025-12-10T09:15:40+00:00","og_image":[{"width":1610,"height":906,"url":"https:\/\/www.italtel.com\/wp-content\/uploads\/2025\/12\/2152001148-copia.webp","type":"image\/webp"}],"author":"Daniela Fontana","twitter_card":"summary_large_image","twitter_creator":"@Italtel","twitter_site":"@Italtel","twitter_misc":{"Escrito por":"Daniela Fontana","Tiempo de lectura":"4 minutos"},"schema":{"@context":"https:\/\/schema.org","@graph":[{"@type":"Article","@id":"https:\/\/www.italtel.com\/es\/tecnologia-y-discapacidad-construir-entornos-inclusivos-para-todas-las-personas\/#article","isPartOf":{"@id":"https:\/\/www.italtel.com\/es\/tecnologia-y-discapacidad-construir-entornos-inclusivos-para-todas-las-personas\/"},"author":{"name":"Daniela Fontana","@id":"https:\/\/www.italtel.com\/de\/#\/schema\/person\/38f315d5a978255f0cf320055bad5afe"},"headline":"Tecnolog\u00eda y discapacidad: construir entornos inclusivos para todas las personas","datePublished":"2025-12-03T08:10:33+00:00","dateModified":"2025-12-10T09:15:40+00:00","mainEntityOfPage":{"@id":"https:\/\/www.italtel.com\/es\/tecnologia-y-discapacidad-construir-entornos-inclusivos-para-todas-las-personas\/"},"wordCount":1117,"publisher":{"@id":"https:\/\/www.italtel.com\/de\/#organization"},"image":{"@id":"https:\/\/www.italtel.com\/es\/tecnologia-y-discapacidad-construir-entornos-inclusivos-para-todas-las-personas\/#primaryimage"},"thumbnailUrl":"https:\/\/www.italtel.com\/wp-content\/uploads\/2025\/12\/2152001148-copia.webp","keywords":["Sustainability; Company"],"articleSection":["Focus"],"inLanguage":"es"},{"@type":"WebPage","@id":"https:\/\/www.italtel.com\/es\/tecnologia-y-discapacidad-construir-entornos-inclusivos-para-todas-las-personas\/","url":"https:\/\/www.italtel.com\/es\/tecnologia-y-discapacidad-construir-entornos-inclusivos-para-todas-las-personas\/","name":"Tecnolog\u00eda y discapacidad: construir entornos inclusivos para todas las personas - Italtel","isPartOf":{"@id":"https:\/\/www.italtel.com\/de\/#website"},"primaryImageOfPage":{"@id":"https:\/\/www.italtel.com\/es\/tecnologia-y-discapacidad-construir-entornos-inclusivos-para-todas-las-personas\/#primaryimage"},"image":{"@id":"https:\/\/www.italtel.com\/es\/tecnologia-y-discapacidad-construir-entornos-inclusivos-para-todas-las-personas\/#primaryimage"},"thumbnailUrl":"https:\/\/www.italtel.com\/wp-content\/uploads\/2025\/12\/2152001148-copia.webp","datePublished":"2025-12-03T08:10:33+00:00","dateModified":"2025-12-10T09:15:40+00:00","description":"Tecnolog\u00eda y discapacidad: c\u00f3mo la innovaci\u00f3n inclusiva y la accesibilidad digital impulsan la autonom\u00eda, la participaci\u00f3n y el desarrollo sostenible en empresas y sociedad.","breadcrumb":{"@id":"https:\/\/www.italtel.com\/es\/tecnologia-y-discapacidad-construir-entornos-inclusivos-para-todas-las-personas\/#breadcrumb"},"inLanguage":"es","potentialAction":[{"@type":"ReadAction","target":["https:\/\/www.italtel.com\/es\/tecnologia-y-discapacidad-construir-entornos-inclusivos-para-todas-las-personas\/"]}]},{"@type":"ImageObject","inLanguage":"es","@id":"https:\/\/www.italtel.com\/es\/tecnologia-y-discapacidad-construir-entornos-inclusivos-para-todas-las-personas\/#primaryimage","url":"https:\/\/www.italtel.com\/wp-content\/uploads\/2025\/12\/2152001148-copia.webp","contentUrl":"https:\/\/www.italtel.com\/wp-content\/uploads\/2025\/12\/2152001148-copia.webp","width":1610,"height":906,"caption":"A woman with dark hair gazes intently at a glowing vertical screen in a dimly lit room, conveying a sense of focus and modern technology."},{"@type":"BreadcrumbList","@id":"https:\/\/www.italtel.com\/es\/tecnologia-y-discapacidad-construir-entornos-inclusivos-para-todas-las-personas\/#breadcrumb","itemListElement":[{"@type":"ListItem","position":1,"name":"Home","item":"https:\/\/www.italtel.com\/es\/"},{"@type":"ListItem","position":2,"name":"Tecnolog\u00eda y discapacidad: construir entornos inclusivos para todas las personas"}]},{"@type":"WebSite","@id":"https:\/\/www.italtel.com\/de\/#website","url":"https:\/\/www.italtel.com\/de\/","name":"Italtel","description":"Italtel Group&#039;s company website","publisher":{"@id":"https:\/\/www.italtel.com\/de\/#organization"},"potentialAction":[{"@type":"SearchAction","target":{"@type":"EntryPoint","urlTemplate":"https:\/\/www.italtel.com\/de\/?s={search_term_string}"},"query-input":{"@type":"PropertyValueSpecification","valueRequired":true,"valueName":"search_term_string"}}],"inLanguage":"es"},{"@type":"Organization","@id":"https:\/\/www.italtel.com\/de\/#organization","name":"Italtel S.p.A.","url":"https:\/\/www.italtel.com\/de\/","logo":{"@type":"ImageObject","inLanguage":"es","@id":"https:\/\/www.italtel.com\/de\/#\/schema\/logo\/image\/","url":"https:\/\/www.italtel.com\/wp-content\/uploads\/2024\/11\/Italtel_logo.png","contentUrl":"https:\/\/www.italtel.com\/wp-content\/uploads\/2024\/11\/Italtel_logo.png","width":591,"height":139,"caption":"Italtel S.p.A."},"image":{"@id":"https:\/\/www.italtel.com\/de\/#\/schema\/logo\/image\/"},"sameAs":["https:\/\/x.com\/Italtel","https:\/\/www.linkedin.com\/company\/italtel\/","https:\/\/www.instagram.com\/italtel_hq\/"]},{"@type":"Person","@id":"https:\/\/www.italtel.com\/de\/#\/schema\/person\/38f315d5a978255f0cf320055bad5afe","name":"Daniela Fontana","image":{"@type":"ImageObject","inLanguage":"es","@id":"https:\/\/secure.gravatar.com\/avatar\/834a03b0c73144a8ca36e17dc365b3fbadb34c9e44399b609a00f2231e694f6a?s=96&d=mm&r=g","url":"https:\/\/secure.gravatar.com\/avatar\/834a03b0c73144a8ca36e17dc365b3fbadb34c9e44399b609a00f2231e694f6a?s=96&d=mm&r=g","contentUrl":"https:\/\/secure.gravatar.com\/avatar\/834a03b0c73144a8ca36e17dc365b3fbadb34c9e44399b609a00f2231e694f6a?s=96&d=mm&r=g","caption":"Daniela Fontana"}}]}},"_links":{"self":[{"href":"https:\/\/www.italtel.com\/es\/wp-json\/wp\/v2\/posts\/79804","targetHints":{"allow":["GET"]}}],"collection":[{"href":"https:\/\/www.italtel.com\/es\/wp-json\/wp\/v2\/posts"}],"about":[{"href":"https:\/\/www.italtel.com\/es\/wp-json\/wp\/v2\/types\/post"}],"author":[{"embeddable":true,"href":"https:\/\/www.italtel.com\/es\/wp-json\/wp\/v2\/users\/6"}],"replies":[{"embeddable":true,"href":"https:\/\/www.italtel.com\/es\/wp-json\/wp\/v2\/comments?post=79804"}],"version-history":[{"count":3,"href":"https:\/\/www.italtel.com\/es\/wp-json\/wp\/v2\/posts\/79804\/revisions"}],"predecessor-version":[{"id":79808,"href":"https:\/\/www.italtel.com\/es\/wp-json\/wp\/v2\/posts\/79804\/revisions\/79808"}],"wp:featuredmedia":[{"embeddable":true,"href":"https:\/\/www.italtel.com\/es\/wp-json\/wp\/v2\/media\/79700"}],"wp:attachment":[{"href":"https:\/\/www.italtel.com\/es\/wp-json\/wp\/v2\/media?parent=79804"}],"wp:term":[{"taxonomy":"category","embeddable":true,"href":"https:\/\/www.italtel.com\/es\/wp-json\/wp\/v2\/categories?post=79804"},{"taxonomy":"post_tag","embeddable":true,"href":"https:\/\/www.italtel.com\/es\/wp-json\/wp\/v2\/tags?post=79804"}],"curies":[{"name":"wp","href":"https:\/\/api.w.org\/{rel}","templated":true}]}}