{"id":80372,"date":"2026-01-22T10:58:25","date_gmt":"2026-01-22T08:58:25","guid":{"rendered":"https:\/\/www.italtel.com\/?p=80372"},"modified":"2026-01-22T12:59:53","modified_gmt":"2026-01-22T10:59:53","slug":"cdp-rating-2025-italtel-consolida-su-desempeno-en-climate-change","status":"publish","type":"post","link":"https:\/\/www.italtel.com\/es\/cdp-rating-2025-italtel-consolida-su-desempeno-en-climate-change\/","title":{"rendered":"CDP Rating 2025: Italtel consolida su desempe\u00f1o en Climate Change"},"content":{"rendered":"\n<div class=\"row\"  id=\"row-1492438789\">\n\n\n\t<div id=\"col-1570208200\" class=\"col medium-9 small-12 large-9\"  >\n\t\t\t\t<div class=\"col-inner\"  >\n\t\t\t\n\t\t\t\n\n\t<div id=\"text-1931960078\" class=\"text fontsize_18 color_black\">\n\t\t\n\n<p>CDP, la organizaci\u00f3n internacional de referencia en divulgaci\u00f3n ambiental y clim\u00e1tica, ha publicado los <strong>CDP Ratings 2025<\/strong>. El <strong>Grupo Italtel<\/strong> confirma una <strong>calificaci\u00f3n B en Climate Change<\/strong>, registrando importantes mejoras respecto a 2024 y reforzando su posicionamiento en numerosas \u00e1reas evaluadas actualmente a <strong>nivel de liderazgo (A \/ A-)<\/strong>, en muchos casos por encima de la <strong>media global del sector<\/strong>.<\/p>\n<p>Los principales avances se refieren al <strong>carbon pricing de las emisiones<\/strong>, gracias a la introducci\u00f3n de un <strong>shadow price<\/strong> sobre las emisiones residuales de <strong>CO\u2082 Scope 1 y Scope 2<\/strong>, alineado con la media europea. Asimismo, se han fortalecido las <strong>iniciativas de reducci\u00f3n de emisiones<\/strong> y el desarrollo de <strong>low carbon products<\/strong>, respaldados por un an\u00e1lisis cualitativo y cuantitativo de los ingresos coherente con la <strong>Taxonom\u00eda de la UE<\/strong>, junto con una mejora significativa del <strong>carbon accounting<\/strong>.<\/p>\n<p>En particular, el c\u00e1lculo de las emisiones <strong>Scope 1 y Scope 2<\/strong> mejora de <strong>C a A<\/strong>, mientras que <strong>Scope 3<\/strong> avanza de <strong>C a B<\/strong>, gracias a una mayor cobertura y calidad de los datos a nivel de Grupo.<\/p>\n<p>Tambi\u00e9n se han obtenido resultados relevantes en el <strong>compromiso de la cadena de valor<\/strong>, mediante proyectos estructurados de <strong>engagement con proveedores<\/strong> orientados a mejorar el c\u00e1lculo de las emisiones Scope 3. Otros avances incluyen la <strong>colaboraci\u00f3n sectorial<\/strong> y las actividades de <strong>public policy engagement<\/strong>, que confirman el papel activo de Italtel en el di\u00e1logo industrial e institucional en materia de sostenibilidad.<\/p>\n<p>Por \u00faltimo, se confirman niveles elevados en <strong>Environmental Policies (A-)<\/strong>, <strong>Context (A)<\/strong> y <strong>Opportunity Disclosure (A)<\/strong>, lo que demuestra un proceso de <strong>mejora continua<\/strong> basado en la transparencia, la calidad de los datos y la integraci\u00f3n de la sostenibilidad en las <strong>estrategias corporativas<\/strong>.<\/p>\n\t\t\t<\/div>\n\t\n\t<div id=\"gap-755204927\" class=\"gap-element clearfix\" style=\"display:block; height:auto;\">\n\t\t\n<style>\n#gap-755204927 {\n  padding-top: 30px;\n}\n<\/style>\n\t<\/div>\n\t\n\n\t<div class=\"img has-hover x md-x lg-x y md-y lg-y\" id=\"image_1737507001\">\n\t\t\t\t\t\t\t\t<div class=\"img-inner dark\" >\n\t\t\t<img loading=\"lazy\" decoding=\"async\" width=\"1020\" height=\"613\" src=\"https:\/\/www.italtel.com\/wp-content\/uploads\/2026\/01\/cdp-1024x615.webp\" class=\"attachment-large size-large\" alt=\"CDP 2025 Infographic\" srcset=\"https:\/\/www.italtel.com\/wp-content\/uploads\/2026\/01\/cdp-1024x615.webp 1024w, https:\/\/www.italtel.com\/wp-content\/uploads\/2026\/01\/cdp-300x180.webp 300w, https:\/\/www.italtel.com\/wp-content\/uploads\/2026\/01\/cdp-768x461.webp 768w, https:\/\/www.italtel.com\/wp-content\/uploads\/2026\/01\/cdp-1536x922.webp 1536w, https:\/\/www.italtel.com\/wp-content\/uploads\/2026\/01\/cdp.webp 1801w\" sizes=\"auto, (max-width: 1020px) 100vw, 1020px\" \/>\t\t\t\t\t\t\n\t\t\t\t\t<\/div>\n\t\t\t\t\t\t\t\t\n<style>\n#image_1737507001 {\n  width: 100%;\n}\n<\/style>\n\t<\/div>\n\t\n\n\n\t\t<\/div>\n\t\t\t\t\n<style>\n#col-1570208200 > .col-inner {\n  padding: 6rem 11rem 0px 0px;\n}\n<\/style>\n\t<\/div>\n\n\t\n\n\t<div id=\"col-1366062323\" class=\"col sibebar_col medium-3 small-12 large-3\"  >\n\t\t<div class=\"is-sticky-column\"><div class=\"is-sticky-column__inner\">\t\t<div class=\"col-inner\"  >\n\t\t\t\n\t\t\t\n\n\t<div id=\"text-2735894094\" class=\"text fontsize_16 color_black fontweight_500\">\n\t\t\n\n<p>KEYWORDS<\/p>\n\t\t\t<\/div>\n\t\n<div class=\"is-divider divider clearfix\" style=\"margin-top:2rem;margin-bottom:2rem;max-width:100%;height:1px;background-color:rgba(112, 112, 112, 0.302);\"><\/div>\n\n\t<div id=\"text-1278973948\" class=\"text fontsize_18 color_black\">\n\t\t\n\n<p>CDP RATING 2025<\/p>\n\t\t\t<\/div>\n\t\n<div class=\"is-divider divider clearfix\" style=\"margin-top:2rem;margin-bottom:2rem;max-width:100%;height:1px;background-color:rgba(112, 112, 112, 0.302);\"><\/div>\n\n\t<div id=\"text-2423411605\" class=\"text fontsize_18 color_black\">\n\t\t\n\n<p>CLIMATE CHANGE DISCLOSURE<\/p>\n\t\t\t<\/div>\n\t\n<div class=\"is-divider divider clearfix\" style=\"margin-top:2rem;margin-bottom:2rem;max-width:100%;height:1px;background-color:rgba(112, 112, 112, 0.302);\"><\/div>\n\n\t<div id=\"text-337585488\" class=\"text fontsize_18 color_black\">\n\t\t\n\n<p>CARBON ACCOUNTING SCOPE 1 2 3<\/p>\n\t\t\t<\/div>\n\t\n<div class=\"is-divider divider clearfix\" style=\"margin-top:2rem;margin-bottom:2rem;max-width:100%;height:1px;background-color:rgba(112, 112, 112, 0.302);\"><\/div>\n\n\t<div id=\"text-2868064343\" class=\"text fontsize_18 color_black\">\n\t\t\n\n<p>EU TAXONOMY SUSTAINABILITY<\/p>\n\t\t\t<\/div>\n\t\n<div class=\"is-divider divider clearfix\" style=\"margin-top:2rem;margin-bottom:2rem;max-width:100%;height:1px;background-color:rgba(112, 112, 112, 0.302);\"><\/div>\n\n\t<div id=\"text-3291756252\" class=\"text fontsize_18 color_black\">\n\t\t\n\n<p>LOW CARBON PRODUCTS<\/p>\n\t\t\t<\/div>\n\t\n<div class=\"is-divider divider clearfix\" style=\"margin-top:2rem;margin-bottom:2rem;max-width:100%;height:1px;background-color:rgba(112, 112, 112, 0.302);\"><\/div>\n\n\t<div id=\"gap-1091462237\" class=\"gap-element clearfix\" style=\"display:block; height:auto;\">\n\t\t\n<style>\n#gap-1091462237 {\n  padding-top: 13rem;\n}\n<\/style>\n\t<\/div>\n\t\n\n\t<div id=\"gap-283256475\" class=\"gap-element clearfix\" style=\"display:block; height:auto;\">\n\t\t\n<style>\n#gap-283256475 {\n  padding-top: 13rem;\n}\n<\/style>\n\t<\/div>\n\t\n\n\t<div id=\"text-1526680162\" class=\"text fontsize_16 color_black fontweight_500\">\n\t\t\n\nSHARE THE PAGE\n\t\t\t<\/div>\n\t\n<div class=\"is-divider divider clearfix\" style=\"margin-top:2rem;margin-bottom:2rem;max-width:100%;height:1px;background-color:rgba(112, 112, 112, 0.302);\"><\/div>\n\n\t<div class=\"img has-hover socialshare_icon linkedin x md-x lg-x y md-y lg-y\" id=\"image_1275510233\">\n\t\t\t\t\t\t\t\t<div class=\"img-inner dark\" >\n\t\t\t<img loading=\"lazy\" decoding=\"async\" width=\"1\" height=\"1\" src=\"https:\/\/www.italtel.com\/wp-content\/uploads\/2024\/09\/Linkedin-icon.svg\" class=\"attachment-large size-large\" alt=\"Linkedin-icon\" \/>\t\t\t\t\t\t\n\t\t\t\t\t<\/div>\n\t\t\t\t\t\t\t\t\n<style>\n#image_1275510233 {\n  width: 100%;\n}\n<\/style>\n\t<\/div>\n\t\n\n\t<div class=\"img has-hover socialshare_icon instagram x md-x lg-x y md-y lg-y\" id=\"image_667341262\">\n\t\t\t\t\t\t\t\t<div class=\"img-inner dark\" >\n\t\t\t<img loading=\"lazy\" decoding=\"async\" width=\"27\" height=\"27\" src=\"https:\/\/www.italtel.com\/wp-content\/uploads\/2024\/07\/Raggruppa-12942.png\" class=\"attachment-large size-large\" alt=\"Instagram icon\" \/>\t\t\t\t\t\t\n\t\t\t\t\t<\/div>\n\t\t\t\t\t\t\t\t\n<style>\n#image_667341262 {\n  width: 100%;\n}\n<\/style>\n\t<\/div>\n\t\n\n\t<div class=\"img has-hover socialshare_icon ex x md-x lg-x y md-y lg-y\" id=\"image_1482253647\">\n\t\t\t\t\t\t\t\t<div class=\"img-inner dark\" >\n\t\t\t<img loading=\"lazy\" decoding=\"async\" width=\"1\" height=\"1\" src=\"https:\/\/www.italtel.com\/wp-content\/uploads\/2024\/09\/X-icon.svg\" class=\"attachment-large size-large\" alt=\"X-icon\" \/>\t\t\t\t\t\t\n\t\t\t\t\t<\/div>\n\t\t\t\t\t\t\t\t\n<style>\n#image_1482253647 {\n  width: 100%;\n}\n<\/style>\n\t<\/div>\n\t\n\n\n\t\t<\/div>\n\t\t<\/div><\/div>\t\t\n<style>\n#col-1366062323 > .is-sticky-column > .is-sticky-column__inner > .col-inner {\n  padding: 6rem 0px 0px 0px;\n}\n<\/style>\n\t<\/div>\n\n\t\n\n<\/div>\n\n","protected":false},"excerpt":{"rendered":"","protected":false},"author":6,"featured_media":80390,"comment_status":"closed","ping_status":"closed","sticky":false,"template":"","format":"standard","meta":{"footnotes":""},"categories":[865],"tags":[867],"class_list":["post-80372","post","type-post","status-publish","format-standard","has-post-thumbnail","hentry","category-news-es","tag-sustainability-es"],"yoast_head":"<!-- This site is optimized with the Yoast SEO plugin v27.3 - https:\/\/yoast.com\/product\/yoast-seo-wordpress\/ -->\n<title>CDP Rating 2025: Italtel consolida su desempe\u00f1o en Climate Change - Italtel<\/title>\n<meta name=\"description\" content=\"CDP Rating 2025: Italtel confirma la calificaci\u00f3n B en Climate Change y mejora su desempe\u00f1o en emisiones, carbon accounting y sostenibilidad, superando la media del sector.\" \/>\n<meta name=\"robots\" content=\"index, follow, max-snippet:-1, max-image-preview:large, max-video-preview:-1\" \/>\n<link rel=\"canonical\" href=\"https:\/\/www.italtel.com\/es\/cdp-rating-2025-italtel-consolida-su-desempeno-en-climate-change\/\" \/>\n<meta property=\"og:locale\" content=\"es_ES\" \/>\n<meta property=\"og:type\" content=\"article\" \/>\n<meta property=\"og:title\" content=\"CDP Rating 2025: Italtel consolida su desempe\u00f1o en Climate Change - Italtel\" \/>\n<meta property=\"og:description\" content=\"CDP Rating 2025: Italtel confirma la calificaci\u00f3n B en Climate Change y mejora su desempe\u00f1o en emisiones, carbon accounting y sostenibilidad, superando la media del sector.\" \/>\n<meta property=\"og:url\" content=\"https:\/\/www.italtel.com\/es\/cdp-rating-2025-italtel-consolida-su-desempeno-en-climate-change\/\" \/>\n<meta property=\"og:site_name\" content=\"Italtel\" \/>\n<meta property=\"article:published_time\" content=\"2026-01-22T08:58:25+00:00\" \/>\n<meta property=\"article:modified_time\" content=\"2026-01-22T10:59:53+00:00\" \/>\n<meta property=\"og:image\" content=\"https:\/\/www.italtel.com\/wp-content\/uploads\/2026\/01\/Sustainability-CDP-.webp\" \/>\n\t<meta property=\"og:image:width\" content=\"1453\" \/>\n\t<meta property=\"og:image:height\" content=\"983\" \/>\n\t<meta property=\"og:image:type\" content=\"image\/webp\" \/>\n<meta name=\"author\" content=\"Daniela Fontana\" \/>\n<meta name=\"twitter:card\" content=\"summary_large_image\" \/>\n<meta name=\"twitter:creator\" content=\"@Italtel\" \/>\n<meta name=\"twitter:site\" content=\"@Italtel\" \/>\n<meta name=\"twitter:label1\" content=\"Escrito por\" \/>\n\t<meta name=\"twitter:data1\" content=\"Daniela Fontana\" \/>\n\t<meta name=\"twitter:label2\" content=\"Tiempo de lectura\" \/>\n\t<meta name=\"twitter:data2\" content=\"3 minutos\" \/>\n<script type=\"application\/ld+json\" class=\"yoast-schema-graph\">{\"@context\":\"https:\\\/\\\/schema.org\",\"@graph\":[{\"@type\":\"Article\",\"@id\":\"https:\\\/\\\/www.italtel.com\\\/es\\\/cdp-rating-2025-italtel-consolida-su-desempeno-en-climate-change\\\/#article\",\"isPartOf\":{\"@id\":\"https:\\\/\\\/www.italtel.com\\\/es\\\/cdp-rating-2025-italtel-consolida-su-desempeno-en-climate-change\\\/\"},\"author\":{\"name\":\"Daniela Fontana\",\"@id\":\"https:\\\/\\\/www.italtel.com\\\/de\\\/#\\\/schema\\\/person\\\/38f315d5a978255f0cf320055bad5afe\"},\"headline\":\"CDP Rating 2025: Italtel consolida su desempe\u00f1o en Climate Change\",\"datePublished\":\"2026-01-22T08:58:25+00:00\",\"dateModified\":\"2026-01-22T10:59:53+00:00\",\"mainEntityOfPage\":{\"@id\":\"https:\\\/\\\/www.italtel.com\\\/es\\\/cdp-rating-2025-italtel-consolida-su-desempeno-en-climate-change\\\/\"},\"wordCount\":494,\"publisher\":{\"@id\":\"https:\\\/\\\/www.italtel.com\\\/de\\\/#organization\"},\"image\":{\"@id\":\"https:\\\/\\\/www.italtel.com\\\/es\\\/cdp-rating-2025-italtel-consolida-su-desempeno-en-climate-change\\\/#primaryimage\"},\"thumbnailUrl\":\"https:\\\/\\\/www.italtel.com\\\/wp-content\\\/uploads\\\/2026\\\/01\\\/Sustainability-CDP-.webp\",\"keywords\":[\"Sustainability\"],\"articleSection\":[\"News\"],\"inLanguage\":\"es\"},{\"@type\":\"WebPage\",\"@id\":\"https:\\\/\\\/www.italtel.com\\\/es\\\/cdp-rating-2025-italtel-consolida-su-desempeno-en-climate-change\\\/\",\"url\":\"https:\\\/\\\/www.italtel.com\\\/es\\\/cdp-rating-2025-italtel-consolida-su-desempeno-en-climate-change\\\/\",\"name\":\"CDP Rating 2025: Italtel consolida su desempe\u00f1o en Climate Change - Italtel\",\"isPartOf\":{\"@id\":\"https:\\\/\\\/www.italtel.com\\\/de\\\/#website\"},\"primaryImageOfPage\":{\"@id\":\"https:\\\/\\\/www.italtel.com\\\/es\\\/cdp-rating-2025-italtel-consolida-su-desempeno-en-climate-change\\\/#primaryimage\"},\"image\":{\"@id\":\"https:\\\/\\\/www.italtel.com\\\/es\\\/cdp-rating-2025-italtel-consolida-su-desempeno-en-climate-change\\\/#primaryimage\"},\"thumbnailUrl\":\"https:\\\/\\\/www.italtel.com\\\/wp-content\\\/uploads\\\/2026\\\/01\\\/Sustainability-CDP-.webp\",\"datePublished\":\"2026-01-22T08:58:25+00:00\",\"dateModified\":\"2026-01-22T10:59:53+00:00\",\"description\":\"CDP Rating 2025: Italtel confirma la calificaci\u00f3n B en Climate Change y mejora su desempe\u00f1o en emisiones, carbon accounting y sostenibilidad, superando la media del sector.\",\"breadcrumb\":{\"@id\":\"https:\\\/\\\/www.italtel.com\\\/es\\\/cdp-rating-2025-italtel-consolida-su-desempeno-en-climate-change\\\/#breadcrumb\"},\"inLanguage\":\"es\",\"potentialAction\":[{\"@type\":\"ReadAction\",\"target\":[\"https:\\\/\\\/www.italtel.com\\\/es\\\/cdp-rating-2025-italtel-consolida-su-desempeno-en-climate-change\\\/\"]}]},{\"@type\":\"ImageObject\",\"inLanguage\":\"es\",\"@id\":\"https:\\\/\\\/www.italtel.com\\\/es\\\/cdp-rating-2025-italtel-consolida-su-desempeno-en-climate-change\\\/#primaryimage\",\"url\":\"https:\\\/\\\/www.italtel.com\\\/wp-content\\\/uploads\\\/2026\\\/01\\\/Sustainability-CDP-.webp\",\"contentUrl\":\"https:\\\/\\\/www.italtel.com\\\/wp-content\\\/uploads\\\/2026\\\/01\\\/Sustainability-CDP-.webp\",\"width\":1453,\"height\":983,\"caption\":\"Hand that holds a young plant\"},{\"@type\":\"BreadcrumbList\",\"@id\":\"https:\\\/\\\/www.italtel.com\\\/es\\\/cdp-rating-2025-italtel-consolida-su-desempeno-en-climate-change\\\/#breadcrumb\",\"itemListElement\":[{\"@type\":\"ListItem\",\"position\":1,\"name\":\"Home\",\"item\":\"https:\\\/\\\/www.italtel.com\\\/es\\\/\"},{\"@type\":\"ListItem\",\"position\":2,\"name\":\"CDP Rating 2025: Italtel consolida su desempe\u00f1o en Climate Change\"}]},{\"@type\":\"WebSite\",\"@id\":\"https:\\\/\\\/www.italtel.com\\\/de\\\/#website\",\"url\":\"https:\\\/\\\/www.italtel.com\\\/de\\\/\",\"name\":\"Italtel\",\"description\":\"Italtel Group&#039;s company website\",\"publisher\":{\"@id\":\"https:\\\/\\\/www.italtel.com\\\/de\\\/#organization\"},\"potentialAction\":[{\"@type\":\"SearchAction\",\"target\":{\"@type\":\"EntryPoint\",\"urlTemplate\":\"https:\\\/\\\/www.italtel.com\\\/de\\\/?s={search_term_string}\"},\"query-input\":{\"@type\":\"PropertyValueSpecification\",\"valueRequired\":true,\"valueName\":\"search_term_string\"}}],\"inLanguage\":\"es\"},{\"@type\":\"Organization\",\"@id\":\"https:\\\/\\\/www.italtel.com\\\/de\\\/#organization\",\"name\":\"Italtel S.p.A.\",\"url\":\"https:\\\/\\\/www.italtel.com\\\/de\\\/\",\"logo\":{\"@type\":\"ImageObject\",\"inLanguage\":\"es\",\"@id\":\"https:\\\/\\\/www.italtel.com\\\/de\\\/#\\\/schema\\\/logo\\\/image\\\/\",\"url\":\"https:\\\/\\\/www.italtel.com\\\/wp-content\\\/uploads\\\/2024\\\/11\\\/Italtel_logo.png\",\"contentUrl\":\"https:\\\/\\\/www.italtel.com\\\/wp-content\\\/uploads\\\/2024\\\/11\\\/Italtel_logo.png\",\"width\":591,\"height\":139,\"caption\":\"Italtel S.p.A.\"},\"image\":{\"@id\":\"https:\\\/\\\/www.italtel.com\\\/de\\\/#\\\/schema\\\/logo\\\/image\\\/\"},\"sameAs\":[\"https:\\\/\\\/x.com\\\/Italtel\",\"https:\\\/\\\/www.linkedin.com\\\/company\\\/italtel\\\/\",\"https:\\\/\\\/www.instagram.com\\\/italtel_hq\\\/\"]},{\"@type\":\"Person\",\"@id\":\"https:\\\/\\\/www.italtel.com\\\/de\\\/#\\\/schema\\\/person\\\/38f315d5a978255f0cf320055bad5afe\",\"name\":\"Daniela Fontana\",\"image\":{\"@type\":\"ImageObject\",\"inLanguage\":\"es\",\"@id\":\"https:\\\/\\\/secure.gravatar.com\\\/avatar\\\/834a03b0c73144a8ca36e17dc365b3fbadb34c9e44399b609a00f2231e694f6a?s=96&d=mm&r=g\",\"url\":\"https:\\\/\\\/secure.gravatar.com\\\/avatar\\\/834a03b0c73144a8ca36e17dc365b3fbadb34c9e44399b609a00f2231e694f6a?s=96&d=mm&r=g\",\"contentUrl\":\"https:\\\/\\\/secure.gravatar.com\\\/avatar\\\/834a03b0c73144a8ca36e17dc365b3fbadb34c9e44399b609a00f2231e694f6a?s=96&d=mm&r=g\",\"caption\":\"Daniela Fontana\"}}]}<\/script>\n<!-- \/ Yoast SEO plugin. -->","yoast_head_json":{"title":"CDP Rating 2025: Italtel consolida su desempe\u00f1o en Climate Change - Italtel","description":"CDP Rating 2025: Italtel confirma la calificaci\u00f3n B en Climate Change y mejora su desempe\u00f1o en emisiones, carbon accounting y sostenibilidad, superando la media del sector.","robots":{"index":"index","follow":"follow","max-snippet":"max-snippet:-1","max-image-preview":"max-image-preview:large","max-video-preview":"max-video-preview:-1"},"canonical":"https:\/\/www.italtel.com\/es\/cdp-rating-2025-italtel-consolida-su-desempeno-en-climate-change\/","og_locale":"es_ES","og_type":"article","og_title":"CDP Rating 2025: Italtel consolida su desempe\u00f1o en Climate Change - Italtel","og_description":"CDP Rating 2025: Italtel confirma la calificaci\u00f3n B en Climate Change y mejora su desempe\u00f1o en emisiones, carbon accounting y sostenibilidad, superando la media del sector.","og_url":"https:\/\/www.italtel.com\/es\/cdp-rating-2025-italtel-consolida-su-desempeno-en-climate-change\/","og_site_name":"Italtel","article_published_time":"2026-01-22T08:58:25+00:00","article_modified_time":"2026-01-22T10:59:53+00:00","og_image":[{"width":1453,"height":983,"url":"https:\/\/www.italtel.com\/wp-content\/uploads\/2026\/01\/Sustainability-CDP-.webp","type":"image\/webp"}],"author":"Daniela Fontana","twitter_card":"summary_large_image","twitter_creator":"@Italtel","twitter_site":"@Italtel","twitter_misc":{"Escrito por":"Daniela Fontana","Tiempo de lectura":"3 minutos"},"schema":{"@context":"https:\/\/schema.org","@graph":[{"@type":"Article","@id":"https:\/\/www.italtel.com\/es\/cdp-rating-2025-italtel-consolida-su-desempeno-en-climate-change\/#article","isPartOf":{"@id":"https:\/\/www.italtel.com\/es\/cdp-rating-2025-italtel-consolida-su-desempeno-en-climate-change\/"},"author":{"name":"Daniela Fontana","@id":"https:\/\/www.italtel.com\/de\/#\/schema\/person\/38f315d5a978255f0cf320055bad5afe"},"headline":"CDP Rating 2025: Italtel consolida su desempe\u00f1o en Climate Change","datePublished":"2026-01-22T08:58:25+00:00","dateModified":"2026-01-22T10:59:53+00:00","mainEntityOfPage":{"@id":"https:\/\/www.italtel.com\/es\/cdp-rating-2025-italtel-consolida-su-desempeno-en-climate-change\/"},"wordCount":494,"publisher":{"@id":"https:\/\/www.italtel.com\/de\/#organization"},"image":{"@id":"https:\/\/www.italtel.com\/es\/cdp-rating-2025-italtel-consolida-su-desempeno-en-climate-change\/#primaryimage"},"thumbnailUrl":"https:\/\/www.italtel.com\/wp-content\/uploads\/2026\/01\/Sustainability-CDP-.webp","keywords":["Sustainability"],"articleSection":["News"],"inLanguage":"es"},{"@type":"WebPage","@id":"https:\/\/www.italtel.com\/es\/cdp-rating-2025-italtel-consolida-su-desempeno-en-climate-change\/","url":"https:\/\/www.italtel.com\/es\/cdp-rating-2025-italtel-consolida-su-desempeno-en-climate-change\/","name":"CDP Rating 2025: Italtel consolida su desempe\u00f1o en Climate Change - Italtel","isPartOf":{"@id":"https:\/\/www.italtel.com\/de\/#website"},"primaryImageOfPage":{"@id":"https:\/\/www.italtel.com\/es\/cdp-rating-2025-italtel-consolida-su-desempeno-en-climate-change\/#primaryimage"},"image":{"@id":"https:\/\/www.italtel.com\/es\/cdp-rating-2025-italtel-consolida-su-desempeno-en-climate-change\/#primaryimage"},"thumbnailUrl":"https:\/\/www.italtel.com\/wp-content\/uploads\/2026\/01\/Sustainability-CDP-.webp","datePublished":"2026-01-22T08:58:25+00:00","dateModified":"2026-01-22T10:59:53+00:00","description":"CDP Rating 2025: Italtel confirma la calificaci\u00f3n B en Climate Change y mejora su desempe\u00f1o en emisiones, carbon accounting y sostenibilidad, superando la media del sector.","breadcrumb":{"@id":"https:\/\/www.italtel.com\/es\/cdp-rating-2025-italtel-consolida-su-desempeno-en-climate-change\/#breadcrumb"},"inLanguage":"es","potentialAction":[{"@type":"ReadAction","target":["https:\/\/www.italtel.com\/es\/cdp-rating-2025-italtel-consolida-su-desempeno-en-climate-change\/"]}]},{"@type":"ImageObject","inLanguage":"es","@id":"https:\/\/www.italtel.com\/es\/cdp-rating-2025-italtel-consolida-su-desempeno-en-climate-change\/#primaryimage","url":"https:\/\/www.italtel.com\/wp-content\/uploads\/2026\/01\/Sustainability-CDP-.webp","contentUrl":"https:\/\/www.italtel.com\/wp-content\/uploads\/2026\/01\/Sustainability-CDP-.webp","width":1453,"height":983,"caption":"Hand that holds a young plant"},{"@type":"BreadcrumbList","@id":"https:\/\/www.italtel.com\/es\/cdp-rating-2025-italtel-consolida-su-desempeno-en-climate-change\/#breadcrumb","itemListElement":[{"@type":"ListItem","position":1,"name":"Home","item":"https:\/\/www.italtel.com\/es\/"},{"@type":"ListItem","position":2,"name":"CDP Rating 2025: Italtel consolida su desempe\u00f1o en Climate Change"}]},{"@type":"WebSite","@id":"https:\/\/www.italtel.com\/de\/#website","url":"https:\/\/www.italtel.com\/de\/","name":"Italtel","description":"Italtel Group&#039;s company website","publisher":{"@id":"https:\/\/www.italtel.com\/de\/#organization"},"potentialAction":[{"@type":"SearchAction","target":{"@type":"EntryPoint","urlTemplate":"https:\/\/www.italtel.com\/de\/?s={search_term_string}"},"query-input":{"@type":"PropertyValueSpecification","valueRequired":true,"valueName":"search_term_string"}}],"inLanguage":"es"},{"@type":"Organization","@id":"https:\/\/www.italtel.com\/de\/#organization","name":"Italtel S.p.A.","url":"https:\/\/www.italtel.com\/de\/","logo":{"@type":"ImageObject","inLanguage":"es","@id":"https:\/\/www.italtel.com\/de\/#\/schema\/logo\/image\/","url":"https:\/\/www.italtel.com\/wp-content\/uploads\/2024\/11\/Italtel_logo.png","contentUrl":"https:\/\/www.italtel.com\/wp-content\/uploads\/2024\/11\/Italtel_logo.png","width":591,"height":139,"caption":"Italtel S.p.A."},"image":{"@id":"https:\/\/www.italtel.com\/de\/#\/schema\/logo\/image\/"},"sameAs":["https:\/\/x.com\/Italtel","https:\/\/www.linkedin.com\/company\/italtel\/","https:\/\/www.instagram.com\/italtel_hq\/"]},{"@type":"Person","@id":"https:\/\/www.italtel.com\/de\/#\/schema\/person\/38f315d5a978255f0cf320055bad5afe","name":"Daniela Fontana","image":{"@type":"ImageObject","inLanguage":"es","@id":"https:\/\/secure.gravatar.com\/avatar\/834a03b0c73144a8ca36e17dc365b3fbadb34c9e44399b609a00f2231e694f6a?s=96&d=mm&r=g","url":"https:\/\/secure.gravatar.com\/avatar\/834a03b0c73144a8ca36e17dc365b3fbadb34c9e44399b609a00f2231e694f6a?s=96&d=mm&r=g","contentUrl":"https:\/\/secure.gravatar.com\/avatar\/834a03b0c73144a8ca36e17dc365b3fbadb34c9e44399b609a00f2231e694f6a?s=96&d=mm&r=g","caption":"Daniela Fontana"}}]}},"_links":{"self":[{"href":"https:\/\/www.italtel.com\/es\/wp-json\/wp\/v2\/posts\/80372","targetHints":{"allow":["GET"]}}],"collection":[{"href":"https:\/\/www.italtel.com\/es\/wp-json\/wp\/v2\/posts"}],"about":[{"href":"https:\/\/www.italtel.com\/es\/wp-json\/wp\/v2\/types\/post"}],"author":[{"embeddable":true,"href":"https:\/\/www.italtel.com\/es\/wp-json\/wp\/v2\/users\/6"}],"replies":[{"embeddable":true,"href":"https:\/\/www.italtel.com\/es\/wp-json\/wp\/v2\/comments?post=80372"}],"version-history":[{"count":3,"href":"https:\/\/www.italtel.com\/es\/wp-json\/wp\/v2\/posts\/80372\/revisions"}],"predecessor-version":[{"id":80409,"href":"https:\/\/www.italtel.com\/es\/wp-json\/wp\/v2\/posts\/80372\/revisions\/80409"}],"wp:featuredmedia":[{"embeddable":true,"href":"https:\/\/www.italtel.com\/es\/wp-json\/wp\/v2\/media\/80390"}],"wp:attachment":[{"href":"https:\/\/www.italtel.com\/es\/wp-json\/wp\/v2\/media?parent=80372"}],"wp:term":[{"taxonomy":"category","embeddable":true,"href":"https:\/\/www.italtel.com\/es\/wp-json\/wp\/v2\/categories?post=80372"},{"taxonomy":"post_tag","embeddable":true,"href":"https:\/\/www.italtel.com\/es\/wp-json\/wp\/v2\/tags?post=80372"}],"curies":[{"name":"wp","href":"https:\/\/api.w.org\/{rel}","templated":true}]}}