{"id":80583,"date":"2026-01-30T12:37:14","date_gmt":"2026-01-30T10:37:14","guid":{"rendered":"https:\/\/www.italtel.com\/?p=80583"},"modified":"2026-01-30T12:37:14","modified_gmt":"2026-01-30T10:37:14","slug":"italtel-consolida-la-alianza-estrategica-con-la-comunidad-de-madrid","status":"publish","type":"post","link":"https:\/\/www.italtel.com\/es\/italtel-consolida-la-alianza-estrategica-con-la-comunidad-de-madrid\/","title":{"rendered":"Italtel consolida la alianza estrat\u00e9gica con la Comunidad de Madrid"},"content":{"rendered":"\n<div class=\"row\"  id=\"row-1325798991\">\n\n\n\t<div id=\"col-891305030\" class=\"col medium-9 small-12 large-9\"  >\n\t\t\t\t<div class=\"col-inner\"  >\n\t\t\t\n\t\t\t\n\n<div class=\"row row-collapse\"  id=\"row-1188219879\">\n\n\n\t<div id=\"col-1196644080\" class=\"col medium-2 small-12 large-2\"  >\n\t\t\t\t<div class=\"col-inner\"  >\n\t\t\t\n\t\t\t\n\n\t<div class=\"img has-hover x md-x lg-x y md-y lg-y\" id=\"image_2017493757\">\n\t\t\t\t\t\t\t\t<div class=\"img-inner dark\" >\n\t\t\t<img loading=\"lazy\" decoding=\"async\" width=\"600\" height=\"600\" src=\"https:\/\/www.italtel.com\/wp-content\/uploads\/2025\/02\/Carlo_Filangier_cerchio.png\" class=\"attachment-original size-original\" alt=\"Carlo Filangieri\" srcset=\"https:\/\/www.italtel.com\/wp-content\/uploads\/2025\/02\/Carlo_Filangier_cerchio.png 600w, https:\/\/www.italtel.com\/wp-content\/uploads\/2025\/02\/Carlo_Filangier_cerchio-300x300.png 300w, https:\/\/www.italtel.com\/wp-content\/uploads\/2025\/02\/Carlo_Filangier_cerchio-150x150.png 150w\" sizes=\"auto, (max-width: 600px) 100vw, 600px\" \/>\t\t\t\t\t\t\n\t\t\t\t\t<\/div>\n\t\t\t\t\t\t\t\t\n<style>\n#image_2017493757 {\n  width: 100%;\n}\n<\/style>\n\t<\/div>\n\t\n\n\n\t\t<\/div>\n\t\t\t\t\t<\/div>\n\n\t\n\n\t<div id=\"col-1115221230\" class=\"col medium-10 small-12 large-10\"  >\n\t\t\t\t<div class=\"col-inner\"  >\n\t\t\t\n\t\t\t\n\n\t<div id=\"text-367080108\" class=\"text fontsize_200\">\n\t\t\n\n<p style=\"color: #04c5fe;\">\u201c<\/p>\n\t\t\t<\/div>\n\t\n\t<div id=\"text-3067477289\" class=\"text fontsize_18 color_black\">\n\t\t\n\n<p><em>El mercado espa\u00f1ol es cada vez m\u00e1s central para nosotros<\/em><\/p>\n\t\t\t<\/div>\n\t\n\t<div id=\"text-3333295985\" class=\"text fontsize_18 color_black\">\n\t\t\n\n<p><strong>Carlo Filangieri, CEO, Italtel.<\/strong><\/p>\n\t\t\n<style>\n#text-3333295985 {\n  text-align: right;\n}\n<\/style>\n\t<\/div>\n\t\n\n\t\t<\/div>\n\t\t\t\t\n<style>\n#col-1115221230 > .col-inner {\n  padding: 0px 0px 0px 4rem;\n}\n<\/style>\n\t<\/div>\n\n\t\n\n<\/div>\n\t<div id=\"text-3735437748\" class=\"text fontsize_18 color_black\">\n\t\t\n\n<p><strong>Mil\u00e1n, 29 de enero de 2026 \u2013<\/strong> El consejero delegado de Italtel, Carlo Filangieri, se reuni\u00f3 hoy en Mil\u00e1n con la consejera de Econom\u00eda, Hacienda y Empleo de la Comunidad de Madrid, Roc\u00edo Albert L\u00f3pez-Ibor, para abordar las perspectivas de colaboraci\u00f3n y las inversiones entre Italtel y Madrid en el sector de las telecomunicaciones, \u00e1mbito en el que Italtel opera en Espa\u00f1a desde hace casi treinta a\u00f1os.<\/p>\n<p>El encuentro se enmarca en el programa de actividades organizado en Mil\u00e1n por <em>Invest in Madrid<\/em>, la oficina regional del Gobierno de la Comunidad de Madrid encargada de promover la atracci\u00f3n de inversiones extranjeras.<\/p>\n<p>Espa\u00f1a representa el segundo mercado exterior del Grupo Italtel por volumen, con una presencia consolidada en Madrid, Barcelona, Ciudad Real y Sevilla, y un papel cada vez m\u00e1s relevante en el dise\u00f1o y desarrollo de soluciones digitales y de infraestructuras para operadores y administraciones p\u00fablicas.<\/p>\n\t\t\t<\/div>\n\t\n<div class=\"row row-collapse\"  id=\"row-861356247\">\n\n\n\t<div id=\"col-494377049\" class=\"col medium-2 small-12 large-2\"  >\n\t\t\t\t<div class=\"col-inner\"  >\n\t\t\t\n\t\t\t\n\n\t<div class=\"img has-hover x md-x lg-x y md-y lg-y\" id=\"image_1417919336\">\n\t\t\t\t\t\t\t\t<div class=\"img-inner dark\" >\n\t\t\t<img loading=\"lazy\" decoding=\"async\" width=\"600\" height=\"600\" src=\"https:\/\/www.italtel.com\/wp-content\/uploads\/2025\/02\/Carlo_Filangier_cerchio.png\" class=\"attachment-original size-original\" alt=\"Carlo Filangieri\" srcset=\"https:\/\/www.italtel.com\/wp-content\/uploads\/2025\/02\/Carlo_Filangier_cerchio.png 600w, https:\/\/www.italtel.com\/wp-content\/uploads\/2025\/02\/Carlo_Filangier_cerchio-300x300.png 300w, https:\/\/www.italtel.com\/wp-content\/uploads\/2025\/02\/Carlo_Filangier_cerchio-150x150.png 150w\" sizes=\"auto, (max-width: 600px) 100vw, 600px\" \/>\t\t\t\t\t\t\n\t\t\t\t\t<\/div>\n\t\t\t\t\t\t\t\t\n<style>\n#image_1417919336 {\n  width: 100%;\n}\n<\/style>\n\t<\/div>\n\t\n\n\n\t\t<\/div>\n\t\t\t\t\t<\/div>\n\n\t\n\n\t<div id=\"col-1604731705\" class=\"col medium-10 small-12 large-10\"  >\n\t\t\t\t<div class=\"col-inner\"  >\n\t\t\t\n\t\t\t\n\n\t<div id=\"text-2348572651\" class=\"text fontsize_200\">\n\t\t\n\n<p style=\"color: #04c5fe;\">\u201c<\/p>\n\t\t\t<\/div>\n\t\n\t<div id=\"text-3567554346\" class=\"text fontsize_18 color_black\">\n\t\t\n\n<p><em>\u201cCon la reuni\u00f3n de hoy, queremos reafirmar nuestro compromiso con Madrid y expresar nuestra voluntad de seguir trabajando junto con las administraciones p\u00fablicas y las empresas para acelerar la innovaci\u00f3n digital del pa\u00eds. A trav\u00e9s de nuestras competencias y tecnolog\u00edas, pretendemos contribuir al desarrollo del ecosistema industrial espa\u00f1ol, fomentando inversiones, alianzas y nuevas oportunidades en un mercado que es cada vez m\u00e1s central para nosotros\u201d<\/em><\/p>\n\t\t\t<\/div>\n\t\n\t<div id=\"text-3083965386\" class=\"text fontsize_18 color_black\">\n\t\t\n\n<p>Declar\u00f3 Filangeri, en relaci\u00f3n con el encuentro.<\/p>\n\t\t\n<style>\n#text-3083965386 {\n  text-align: right;\n}\n<\/style>\n\t<\/div>\n\t\n\n\t\t<\/div>\n\t\t\t\t\n<style>\n#col-1604731705 > .col-inner {\n  padding: 0px 0px 0px 4rem;\n}\n<\/style>\n\t<\/div>\n\n\t\n\n<\/div>\n\t<div id=\"text-2837668230\" class=\"text fontsize_18 color_black\">\n\t\t\n\n<p>Por parte de Italtel, tambi\u00e9n particip\u00f3 en el encuentro Alessandro Di Salvo, CEO de Italtel Espa\u00f1a. Junto a la consejera de Econom\u00eda, asistieron asimismo el director general de Econom\u00eda e Industria, Jaime Mart\u00ednez Mu\u00f1oz, y el director general de Invest in Madrid, Luis Soc\u00edas.<\/p>\n\t\t\t<\/div>\n\t\n\t<div id=\"gap-2140726908\" class=\"gap-element clearfix\" style=\"display:block; height:auto;\">\n\t\t\n<style>\n#gap-2140726908 {\n  padding-top: 30px;\n}\n<\/style>\n\t<\/div>\n\t\n\n\n\t\t<\/div>\n\t\t\t\t\n<style>\n#col-891305030 > .col-inner {\n  padding: 6rem 11rem 0px 0px;\n}\n<\/style>\n\t<\/div>\n\n\t\n\n\t<div id=\"col-1219842137\" class=\"col sibebar_col medium-3 small-12 large-3\"  >\n\t\t<div class=\"is-sticky-column\"><div class=\"is-sticky-column__inner\">\t\t<div class=\"col-inner\"  >\n\t\t\t\n\t\t\t\n\n\t<div id=\"text-2561536290\" class=\"text fontsize_16 color_black fontweight_500\">\n\t\t\n\n<p>KEYWORDS<\/p>\n\t\t\t<\/div>\n\t\n<div class=\"is-divider divider clearfix\" style=\"margin-top:2rem;margin-bottom:2rem;max-width:100%;height:1px;background-color:rgba(112, 112, 112, 0.302);\"><\/div>\n\n\t<div id=\"text-3995538394\" class=\"text fontsize_18 color_black\">\n\t\t\n\n<p>TELECOMUNICACIONES AVANZADAS<\/p>\n\t\t\t<\/div>\n\t\n<div class=\"is-divider divider clearfix\" style=\"margin-top:2rem;margin-bottom:2rem;max-width:100%;height:1px;background-color:rgba(112, 112, 112, 0.302);\"><\/div>\n\n\t<div id=\"text-4161892597\" class=\"text fontsize_18 color_black\">\n\t\t\n\n<p>INFRAESTRUCTURAS DIGITALES<\/p>\n\t\t\t<\/div>\n\t\n<div class=\"is-divider divider clearfix\" style=\"margin-top:2rem;margin-bottom:2rem;max-width:100%;height:1px;background-color:rgba(112, 112, 112, 0.302);\"><\/div>\n\n\t<div id=\"text-2831516164\" class=\"text fontsize_18 color_black\">\n\t\t\n\n<p>INNOVACI\u00d3N DIGITAL<\/p>\n\t\t\t<\/div>\n\t\n<div class=\"is-divider divider clearfix\" style=\"margin-top:2rem;margin-bottom:2rem;max-width:100%;height:1px;background-color:rgba(112, 112, 112, 0.302);\"><\/div>\n\n\t<div id=\"text-3138419925\" class=\"text fontsize_18 color_black\">\n\t\t\n\n<p>ECOSISTEMAS TECNOL\u00d3GICOS<\/p>\n\t\t\t<\/div>\n\t\n<div class=\"is-divider divider clearfix\" style=\"margin-top:2rem;margin-bottom:2rem;max-width:100%;height:1px;background-color:rgba(112, 112, 112, 0.302);\"><\/div>\n\n\t<div id=\"gap-371373463\" class=\"gap-element clearfix\" style=\"display:block; height:auto;\">\n\t\t\n<style>\n#gap-371373463 {\n  padding-top: 13rem;\n}\n<\/style>\n\t<\/div>\n\t\n\n\t<div id=\"gap-282466868\" class=\"gap-element clearfix\" style=\"display:block; height:auto;\">\n\t\t\n<style>\n#gap-282466868 {\n  padding-top: 13rem;\n}\n<\/style>\n\t<\/div>\n\t\n\n\t<div id=\"text-668949885\" class=\"text fontsize_16 color_black fontweight_500\">\n\t\t\n\nSHARE THE PAGE\n\t\t\t<\/div>\n\t\n<div class=\"is-divider divider clearfix\" style=\"margin-top:2rem;margin-bottom:2rem;max-width:100%;height:1px;background-color:rgba(112, 112, 112, 0.302);\"><\/div>\n\n\t<div class=\"img has-hover socialshare_icon linkedin x md-x lg-x y md-y lg-y\" id=\"image_1684536674\">\n\t\t\t\t\t\t\t\t<div class=\"img-inner dark\" >\n\t\t\t<img loading=\"lazy\" decoding=\"async\" width=\"1\" height=\"1\" src=\"https:\/\/www.italtel.com\/wp-content\/uploads\/2024\/09\/Linkedin-icon.svg\" class=\"attachment-large size-large\" alt=\"Linkedin-icon\" \/>\t\t\t\t\t\t\n\t\t\t\t\t<\/div>\n\t\t\t\t\t\t\t\t\n<style>\n#image_1684536674 {\n  width: 100%;\n}\n<\/style>\n\t<\/div>\n\t\n\n\t<div class=\"img has-hover socialshare_icon instagram x md-x lg-x y md-y lg-y\" id=\"image_1314879462\">\n\t\t\t\t\t\t\t\t<div class=\"img-inner dark\" >\n\t\t\t<img loading=\"lazy\" decoding=\"async\" width=\"27\" height=\"27\" src=\"https:\/\/www.italtel.com\/wp-content\/uploads\/2024\/07\/Raggruppa-12942.png\" class=\"attachment-large size-large\" alt=\"Instagram icon\" \/>\t\t\t\t\t\t\n\t\t\t\t\t<\/div>\n\t\t\t\t\t\t\t\t\n<style>\n#image_1314879462 {\n  width: 100%;\n}\n<\/style>\n\t<\/div>\n\t\n\n\t<div class=\"img has-hover socialshare_icon ex x md-x lg-x y md-y lg-y\" id=\"image_345739214\">\n\t\t\t\t\t\t\t\t<div class=\"img-inner dark\" >\n\t\t\t<img loading=\"lazy\" decoding=\"async\" width=\"1\" height=\"1\" src=\"https:\/\/www.italtel.com\/wp-content\/uploads\/2024\/09\/X-icon.svg\" class=\"attachment-large size-large\" alt=\"X-icon\" \/>\t\t\t\t\t\t\n\t\t\t\t\t<\/div>\n\t\t\t\t\t\t\t\t\n<style>\n#image_345739214 {\n  width: 100%;\n}\n<\/style>\n\t<\/div>\n\t\n\n\n\t\t<\/div>\n\t\t<\/div><\/div>\t\t\n<style>\n#col-1219842137 > .is-sticky-column > .is-sticky-column__inner > .col-inner {\n  padding: 6rem 0px 0px 0px;\n}\n<\/style>\n\t<\/div>\n\n\t\n\n<\/div>\n\n","protected":false},"excerpt":{"rendered":"","protected":false},"author":6,"featured_media":80569,"comment_status":"closed","ping_status":"closed","sticky":false,"template":"","format":"standard","meta":{"footnotes":""},"categories":[865],"tags":[1017],"class_list":["post-80583","post","type-post","status-publish","format-standard","has-post-thumbnail","hentry","category-news-es","tag-public-administration-es"],"yoast_head":"<!-- This site is optimized with the Yoast SEO plugin v27.4 - https:\/\/yoast.com\/product\/yoast-seo-wordpress\/ -->\n<title>Italtel consolida la alianza estrat\u00e9gica con la Comunidad de Madrid - Italtel<\/title>\n<meta name=\"description\" content=\"Italtel refuerza la colaboraci\u00f3n con la Comunidad de Madrid para desarrollar soluciones digitales e infraestructuras innovadoras en el sector de las telecomunicaciones.\" \/>\n<meta name=\"robots\" content=\"index, follow, max-snippet:-1, max-image-preview:large, max-video-preview:-1\" \/>\n<link rel=\"canonical\" href=\"https:\/\/www.italtel.com\/es\/italtel-consolida-la-alianza-estrategica-con-la-comunidad-de-madrid\/\" \/>\n<meta property=\"og:locale\" content=\"es_ES\" \/>\n<meta property=\"og:type\" content=\"article\" \/>\n<meta property=\"og:title\" content=\"Italtel consolida la alianza estrat\u00e9gica con la Comunidad de Madrid - Italtel\" \/>\n<meta property=\"og:description\" content=\"Italtel refuerza la colaboraci\u00f3n con la Comunidad de Madrid para desarrollar soluciones digitales e infraestructuras innovadoras en el sector de las telecomunicaciones.\" \/>\n<meta property=\"og:url\" content=\"https:\/\/www.italtel.com\/es\/italtel-consolida-la-alianza-estrategica-con-la-comunidad-de-madrid\/\" \/>\n<meta property=\"og:site_name\" content=\"Italtel\" \/>\n<meta property=\"article:published_time\" content=\"2026-01-30T10:37:14+00:00\" \/>\n<meta property=\"og:image\" content=\"https:\/\/www.italtel.com\/wp-content\/uploads\/2026\/01\/Delegazione-spagnola-1024x763.webp\" \/>\n\t<meta property=\"og:image:width\" content=\"1024\" \/>\n\t<meta property=\"og:image:height\" content=\"763\" \/>\n\t<meta property=\"og:image:type\" content=\"image\/webp\" \/>\n<meta name=\"author\" content=\"Daniela Fontana\" \/>\n<meta name=\"twitter:card\" content=\"summary_large_image\" \/>\n<meta name=\"twitter:creator\" content=\"@Italtel\" \/>\n<meta name=\"twitter:site\" content=\"@Italtel\" \/>\n<meta name=\"twitter:label1\" content=\"Escrito por\" \/>\n\t<meta name=\"twitter:data1\" content=\"Daniela Fontana\" \/>\n\t<meta name=\"twitter:label2\" content=\"Tiempo de lectura\" \/>\n\t<meta name=\"twitter:data2\" content=\"3 minutos\" \/>\n<script type=\"application\/ld+json\" class=\"yoast-schema-graph\">{\"@context\":\"https:\\\/\\\/schema.org\",\"@graph\":[{\"@type\":\"Article\",\"@id\":\"https:\\\/\\\/www.italtel.com\\\/es\\\/italtel-consolida-la-alianza-estrategica-con-la-comunidad-de-madrid\\\/#article\",\"isPartOf\":{\"@id\":\"https:\\\/\\\/www.italtel.com\\\/es\\\/italtel-consolida-la-alianza-estrategica-con-la-comunidad-de-madrid\\\/\"},\"author\":{\"name\":\"Daniela Fontana\",\"@id\":\"https:\\\/\\\/www.italtel.com\\\/de\\\/#\\\/schema\\\/person\\\/38f315d5a978255f0cf320055bad5afe\"},\"headline\":\"Italtel consolida la alianza estrat\u00e9gica con la Comunidad de Madrid\",\"datePublished\":\"2026-01-30T10:37:14+00:00\",\"mainEntityOfPage\":{\"@id\":\"https:\\\/\\\/www.italtel.com\\\/es\\\/italtel-consolida-la-alianza-estrategica-con-la-comunidad-de-madrid\\\/\"},\"wordCount\":611,\"publisher\":{\"@id\":\"https:\\\/\\\/www.italtel.com\\\/de\\\/#organization\"},\"image\":{\"@id\":\"https:\\\/\\\/www.italtel.com\\\/es\\\/italtel-consolida-la-alianza-estrategica-con-la-comunidad-de-madrid\\\/#primaryimage\"},\"thumbnailUrl\":\"https:\\\/\\\/www.italtel.com\\\/wp-content\\\/uploads\\\/2026\\\/01\\\/Delegazione-spagnola.webp\",\"keywords\":[\"Public administration\"],\"articleSection\":[\"News\"],\"inLanguage\":\"es\"},{\"@type\":\"WebPage\",\"@id\":\"https:\\\/\\\/www.italtel.com\\\/es\\\/italtel-consolida-la-alianza-estrategica-con-la-comunidad-de-madrid\\\/\",\"url\":\"https:\\\/\\\/www.italtel.com\\\/es\\\/italtel-consolida-la-alianza-estrategica-con-la-comunidad-de-madrid\\\/\",\"name\":\"Italtel consolida la alianza estrat\u00e9gica con la Comunidad de Madrid - Italtel\",\"isPartOf\":{\"@id\":\"https:\\\/\\\/www.italtel.com\\\/de\\\/#website\"},\"primaryImageOfPage\":{\"@id\":\"https:\\\/\\\/www.italtel.com\\\/es\\\/italtel-consolida-la-alianza-estrategica-con-la-comunidad-de-madrid\\\/#primaryimage\"},\"image\":{\"@id\":\"https:\\\/\\\/www.italtel.com\\\/es\\\/italtel-consolida-la-alianza-estrategica-con-la-comunidad-de-madrid\\\/#primaryimage\"},\"thumbnailUrl\":\"https:\\\/\\\/www.italtel.com\\\/wp-content\\\/uploads\\\/2026\\\/01\\\/Delegazione-spagnola.webp\",\"datePublished\":\"2026-01-30T10:37:14+00:00\",\"description\":\"Italtel refuerza la colaboraci\u00f3n con la Comunidad de Madrid para desarrollar soluciones digitales e infraestructuras innovadoras en el sector de las telecomunicaciones.\",\"breadcrumb\":{\"@id\":\"https:\\\/\\\/www.italtel.com\\\/es\\\/italtel-consolida-la-alianza-estrategica-con-la-comunidad-de-madrid\\\/#breadcrumb\"},\"inLanguage\":\"es\",\"potentialAction\":[{\"@type\":\"ReadAction\",\"target\":[\"https:\\\/\\\/www.italtel.com\\\/es\\\/italtel-consolida-la-alianza-estrategica-con-la-comunidad-de-madrid\\\/\"]}]},{\"@type\":\"ImageObject\",\"inLanguage\":\"es\",\"@id\":\"https:\\\/\\\/www.italtel.com\\\/es\\\/italtel-consolida-la-alianza-estrategica-con-la-comunidad-de-madrid\\\/#primaryimage\",\"url\":\"https:\\\/\\\/www.italtel.com\\\/wp-content\\\/uploads\\\/2026\\\/01\\\/Delegazione-spagnola.webp\",\"contentUrl\":\"https:\\\/\\\/www.italtel.com\\\/wp-content\\\/uploads\\\/2026\\\/01\\\/Delegazione-spagnola.webp\",\"width\":2040,\"height\":1520,\"caption\":\"Foto di gruppo dell\u2019incontro istituzionale svoltosi nella sede di Caldera con i rappresentanti della Comunit\u00e0 di Madrid\"},{\"@type\":\"BreadcrumbList\",\"@id\":\"https:\\\/\\\/www.italtel.com\\\/es\\\/italtel-consolida-la-alianza-estrategica-con-la-comunidad-de-madrid\\\/#breadcrumb\",\"itemListElement\":[{\"@type\":\"ListItem\",\"position\":1,\"name\":\"Home\",\"item\":\"https:\\\/\\\/www.italtel.com\\\/es\\\/\"},{\"@type\":\"ListItem\",\"position\":2,\"name\":\"Italtel consolida la alianza estrat\u00e9gica con la Comunidad de Madrid\"}]},{\"@type\":\"WebSite\",\"@id\":\"https:\\\/\\\/www.italtel.com\\\/de\\\/#website\",\"url\":\"https:\\\/\\\/www.italtel.com\\\/de\\\/\",\"name\":\"Italtel\",\"description\":\"Italtel Group&#039;s company website\",\"publisher\":{\"@id\":\"https:\\\/\\\/www.italtel.com\\\/de\\\/#organization\"},\"potentialAction\":[{\"@type\":\"SearchAction\",\"target\":{\"@type\":\"EntryPoint\",\"urlTemplate\":\"https:\\\/\\\/www.italtel.com\\\/de\\\/?s={search_term_string}\"},\"query-input\":{\"@type\":\"PropertyValueSpecification\",\"valueRequired\":true,\"valueName\":\"search_term_string\"}}],\"inLanguage\":\"es\"},{\"@type\":\"Organization\",\"@id\":\"https:\\\/\\\/www.italtel.com\\\/de\\\/#organization\",\"name\":\"Italtel S.p.A.\",\"url\":\"https:\\\/\\\/www.italtel.com\\\/de\\\/\",\"logo\":{\"@type\":\"ImageObject\",\"inLanguage\":\"es\",\"@id\":\"https:\\\/\\\/www.italtel.com\\\/de\\\/#\\\/schema\\\/logo\\\/image\\\/\",\"url\":\"https:\\\/\\\/www.italtel.com\\\/wp-content\\\/uploads\\\/2024\\\/11\\\/Italtel_logo.png\",\"contentUrl\":\"https:\\\/\\\/www.italtel.com\\\/wp-content\\\/uploads\\\/2024\\\/11\\\/Italtel_logo.png\",\"width\":591,\"height\":139,\"caption\":\"Italtel S.p.A.\"},\"image\":{\"@id\":\"https:\\\/\\\/www.italtel.com\\\/de\\\/#\\\/schema\\\/logo\\\/image\\\/\"},\"sameAs\":[\"https:\\\/\\\/x.com\\\/Italtel\",\"https:\\\/\\\/www.linkedin.com\\\/company\\\/italtel\\\/\",\"https:\\\/\\\/www.instagram.com\\\/italtel_hq\\\/\"]},{\"@type\":\"Person\",\"@id\":\"https:\\\/\\\/www.italtel.com\\\/de\\\/#\\\/schema\\\/person\\\/38f315d5a978255f0cf320055bad5afe\",\"name\":\"Daniela Fontana\",\"image\":{\"@type\":\"ImageObject\",\"inLanguage\":\"es\",\"@id\":\"https:\\\/\\\/secure.gravatar.com\\\/avatar\\\/834a03b0c73144a8ca36e17dc365b3fbadb34c9e44399b609a00f2231e694f6a?s=96&d=mm&r=g\",\"url\":\"https:\\\/\\\/secure.gravatar.com\\\/avatar\\\/834a03b0c73144a8ca36e17dc365b3fbadb34c9e44399b609a00f2231e694f6a?s=96&d=mm&r=g\",\"contentUrl\":\"https:\\\/\\\/secure.gravatar.com\\\/avatar\\\/834a03b0c73144a8ca36e17dc365b3fbadb34c9e44399b609a00f2231e694f6a?s=96&d=mm&r=g\",\"caption\":\"Daniela Fontana\"}}]}<\/script>\n<!-- \/ Yoast SEO plugin. -->","yoast_head_json":{"title":"Italtel consolida la alianza estrat\u00e9gica con la Comunidad de Madrid - Italtel","description":"Italtel refuerza la colaboraci\u00f3n con la Comunidad de Madrid para desarrollar soluciones digitales e infraestructuras innovadoras en el sector de las telecomunicaciones.","robots":{"index":"index","follow":"follow","max-snippet":"max-snippet:-1","max-image-preview":"max-image-preview:large","max-video-preview":"max-video-preview:-1"},"canonical":"https:\/\/www.italtel.com\/es\/italtel-consolida-la-alianza-estrategica-con-la-comunidad-de-madrid\/","og_locale":"es_ES","og_type":"article","og_title":"Italtel consolida la alianza estrat\u00e9gica con la Comunidad de Madrid - Italtel","og_description":"Italtel refuerza la colaboraci\u00f3n con la Comunidad de Madrid para desarrollar soluciones digitales e infraestructuras innovadoras en el sector de las telecomunicaciones.","og_url":"https:\/\/www.italtel.com\/es\/italtel-consolida-la-alianza-estrategica-con-la-comunidad-de-madrid\/","og_site_name":"Italtel","article_published_time":"2026-01-30T10:37:14+00:00","og_image":[{"width":1024,"height":763,"url":"https:\/\/www.italtel.com\/wp-content\/uploads\/2026\/01\/Delegazione-spagnola-1024x763.webp","type":"image\/webp"}],"author":"Daniela Fontana","twitter_card":"summary_large_image","twitter_creator":"@Italtel","twitter_site":"@Italtel","twitter_misc":{"Escrito por":"Daniela Fontana","Tiempo de lectura":"3 minutos"},"schema":{"@context":"https:\/\/schema.org","@graph":[{"@type":"Article","@id":"https:\/\/www.italtel.com\/es\/italtel-consolida-la-alianza-estrategica-con-la-comunidad-de-madrid\/#article","isPartOf":{"@id":"https:\/\/www.italtel.com\/es\/italtel-consolida-la-alianza-estrategica-con-la-comunidad-de-madrid\/"},"author":{"name":"Daniela Fontana","@id":"https:\/\/www.italtel.com\/de\/#\/schema\/person\/38f315d5a978255f0cf320055bad5afe"},"headline":"Italtel consolida la alianza estrat\u00e9gica con la Comunidad de Madrid","datePublished":"2026-01-30T10:37:14+00:00","mainEntityOfPage":{"@id":"https:\/\/www.italtel.com\/es\/italtel-consolida-la-alianza-estrategica-con-la-comunidad-de-madrid\/"},"wordCount":611,"publisher":{"@id":"https:\/\/www.italtel.com\/de\/#organization"},"image":{"@id":"https:\/\/www.italtel.com\/es\/italtel-consolida-la-alianza-estrategica-con-la-comunidad-de-madrid\/#primaryimage"},"thumbnailUrl":"https:\/\/www.italtel.com\/wp-content\/uploads\/2026\/01\/Delegazione-spagnola.webp","keywords":["Public administration"],"articleSection":["News"],"inLanguage":"es"},{"@type":"WebPage","@id":"https:\/\/www.italtel.com\/es\/italtel-consolida-la-alianza-estrategica-con-la-comunidad-de-madrid\/","url":"https:\/\/www.italtel.com\/es\/italtel-consolida-la-alianza-estrategica-con-la-comunidad-de-madrid\/","name":"Italtel consolida la alianza estrat\u00e9gica con la Comunidad de Madrid - Italtel","isPartOf":{"@id":"https:\/\/www.italtel.com\/de\/#website"},"primaryImageOfPage":{"@id":"https:\/\/www.italtel.com\/es\/italtel-consolida-la-alianza-estrategica-con-la-comunidad-de-madrid\/#primaryimage"},"image":{"@id":"https:\/\/www.italtel.com\/es\/italtel-consolida-la-alianza-estrategica-con-la-comunidad-de-madrid\/#primaryimage"},"thumbnailUrl":"https:\/\/www.italtel.com\/wp-content\/uploads\/2026\/01\/Delegazione-spagnola.webp","datePublished":"2026-01-30T10:37:14+00:00","description":"Italtel refuerza la colaboraci\u00f3n con la Comunidad de Madrid para desarrollar soluciones digitales e infraestructuras innovadoras en el sector de las telecomunicaciones.","breadcrumb":{"@id":"https:\/\/www.italtel.com\/es\/italtel-consolida-la-alianza-estrategica-con-la-comunidad-de-madrid\/#breadcrumb"},"inLanguage":"es","potentialAction":[{"@type":"ReadAction","target":["https:\/\/www.italtel.com\/es\/italtel-consolida-la-alianza-estrategica-con-la-comunidad-de-madrid\/"]}]},{"@type":"ImageObject","inLanguage":"es","@id":"https:\/\/www.italtel.com\/es\/italtel-consolida-la-alianza-estrategica-con-la-comunidad-de-madrid\/#primaryimage","url":"https:\/\/www.italtel.com\/wp-content\/uploads\/2026\/01\/Delegazione-spagnola.webp","contentUrl":"https:\/\/www.italtel.com\/wp-content\/uploads\/2026\/01\/Delegazione-spagnola.webp","width":2040,"height":1520,"caption":"Foto di gruppo dell\u2019incontro istituzionale svoltosi nella sede di Caldera con i rappresentanti della Comunit\u00e0 di Madrid"},{"@type":"BreadcrumbList","@id":"https:\/\/www.italtel.com\/es\/italtel-consolida-la-alianza-estrategica-con-la-comunidad-de-madrid\/#breadcrumb","itemListElement":[{"@type":"ListItem","position":1,"name":"Home","item":"https:\/\/www.italtel.com\/es\/"},{"@type":"ListItem","position":2,"name":"Italtel consolida la alianza estrat\u00e9gica con la Comunidad de Madrid"}]},{"@type":"WebSite","@id":"https:\/\/www.italtel.com\/de\/#website","url":"https:\/\/www.italtel.com\/de\/","name":"Italtel","description":"Italtel Group&#039;s company website","publisher":{"@id":"https:\/\/www.italtel.com\/de\/#organization"},"potentialAction":[{"@type":"SearchAction","target":{"@type":"EntryPoint","urlTemplate":"https:\/\/www.italtel.com\/de\/?s={search_term_string}"},"query-input":{"@type":"PropertyValueSpecification","valueRequired":true,"valueName":"search_term_string"}}],"inLanguage":"es"},{"@type":"Organization","@id":"https:\/\/www.italtel.com\/de\/#organization","name":"Italtel S.p.A.","url":"https:\/\/www.italtel.com\/de\/","logo":{"@type":"ImageObject","inLanguage":"es","@id":"https:\/\/www.italtel.com\/de\/#\/schema\/logo\/image\/","url":"https:\/\/www.italtel.com\/wp-content\/uploads\/2024\/11\/Italtel_logo.png","contentUrl":"https:\/\/www.italtel.com\/wp-content\/uploads\/2024\/11\/Italtel_logo.png","width":591,"height":139,"caption":"Italtel S.p.A."},"image":{"@id":"https:\/\/www.italtel.com\/de\/#\/schema\/logo\/image\/"},"sameAs":["https:\/\/x.com\/Italtel","https:\/\/www.linkedin.com\/company\/italtel\/","https:\/\/www.instagram.com\/italtel_hq\/"]},{"@type":"Person","@id":"https:\/\/www.italtel.com\/de\/#\/schema\/person\/38f315d5a978255f0cf320055bad5afe","name":"Daniela Fontana","image":{"@type":"ImageObject","inLanguage":"es","@id":"https:\/\/secure.gravatar.com\/avatar\/834a03b0c73144a8ca36e17dc365b3fbadb34c9e44399b609a00f2231e694f6a?s=96&d=mm&r=g","url":"https:\/\/secure.gravatar.com\/avatar\/834a03b0c73144a8ca36e17dc365b3fbadb34c9e44399b609a00f2231e694f6a?s=96&d=mm&r=g","contentUrl":"https:\/\/secure.gravatar.com\/avatar\/834a03b0c73144a8ca36e17dc365b3fbadb34c9e44399b609a00f2231e694f6a?s=96&d=mm&r=g","caption":"Daniela Fontana"}}]}},"_links":{"self":[{"href":"https:\/\/www.italtel.com\/es\/wp-json\/wp\/v2\/posts\/80583","targetHints":{"allow":["GET"]}}],"collection":[{"href":"https:\/\/www.italtel.com\/es\/wp-json\/wp\/v2\/posts"}],"about":[{"href":"https:\/\/www.italtel.com\/es\/wp-json\/wp\/v2\/types\/post"}],"author":[{"embeddable":true,"href":"https:\/\/www.italtel.com\/es\/wp-json\/wp\/v2\/users\/6"}],"replies":[{"embeddable":true,"href":"https:\/\/www.italtel.com\/es\/wp-json\/wp\/v2\/comments?post=80583"}],"version-history":[{"count":2,"href":"https:\/\/www.italtel.com\/es\/wp-json\/wp\/v2\/posts\/80583\/revisions"}],"predecessor-version":[{"id":80585,"href":"https:\/\/www.italtel.com\/es\/wp-json\/wp\/v2\/posts\/80583\/revisions\/80585"}],"wp:featuredmedia":[{"embeddable":true,"href":"https:\/\/www.italtel.com\/es\/wp-json\/wp\/v2\/media\/80569"}],"wp:attachment":[{"href":"https:\/\/www.italtel.com\/es\/wp-json\/wp\/v2\/media?parent=80583"}],"wp:term":[{"taxonomy":"category","embeddable":true,"href":"https:\/\/www.italtel.com\/es\/wp-json\/wp\/v2\/categories?post=80583"},{"taxonomy":"post_tag","embeddable":true,"href":"https:\/\/www.italtel.com\/es\/wp-json\/wp\/v2\/tags?post=80583"}],"curies":[{"name":"wp","href":"https:\/\/api.w.org\/{rel}","templated":true}]}}