{"id":81247,"date":"2026-03-08T13:21:52","date_gmt":"2026-03-08T11:21:52","guid":{"rendered":"https:\/\/www.italtel.com\/8-de-marzo-lo-que-aprendemos-trabajando-con-companeras\/"},"modified":"2026-03-12T16:04:31","modified_gmt":"2026-03-12T14:04:31","slug":"8-de-marzo-lo-que-aprendemos-trabajando-con-companeras","status":"publish","type":"post","link":"https:\/\/www.italtel.com\/es\/8-de-marzo-lo-que-aprendemos-trabajando-con-companeras\/","title":{"rendered":"8 de marzo: lo que aprendemos trabajando con compa\u00f1eras"},"content":{"rendered":"\n<div class=\"row\"  id=\"row-1129757815\">\n\n\n\t<div id=\"col-1779754921\" class=\"col medium-9 small-12 large-9\"  >\n\t\t\t\t<div class=\"col-inner\"  >\n\t\t\t\n\t\t\t\n\n\t<div id=\"text-827729628\" class=\"text fontsize_18 color_black\">\n\t\t\n\n<p>Con motivo del <strong>D\u00eda Internacional de la Mujer<\/strong>, hicimos a algunos compa\u00f1eros una pregunta sencilla pero significativa:<\/p>\n<blockquote>\n<p><strong>\u201c\u00bfQu\u00e9 has aprendido trabajando con compa\u00f1eras?\u201d<\/strong><\/p>\n<\/blockquote>\n<p>Sus respuestas destacan la determinaci\u00f3n, la colaboraci\u00f3n, la profesionalidad y la confianza mutua. Estas reflexiones muestran c\u00f3mo las interacciones diarias y las diferentes perspectivas enriquecen nuestra forma de trabajar y crecer juntos.<\/p>\n<p>De estas contribuciones naci\u00f3 un video que re\u00fane las reflexiones de los colegas en torno a una convicci\u00f3n fundamental:<br \/><strong>la igualdad no es una cuesti\u00f3n de g\u00e9nero, sino una responsabilidad compartida.<\/strong><\/p>\n<p>El mensaje se inspira en la campa\u00f1a HeForShe campaign promovida por UN Women.<\/p>\n\t\t\t<\/div>\n\t\n\t<div id=\"gap-54836930\" class=\"gap-element clearfix\" style=\"display:block; height:auto;\">\n\t\t\n<style>\n#gap-54836930 {\n  padding-top: 30px;\n}\n<\/style>\n\t<\/div>\n\t\n\n<div class=\"video video-fit mb\" style=\"padding-top:56.25%;\"><iframe loading=\"lazy\" title=\"Cosa abbiamo imparato lavorando con colleghe donne | #HeForShe\" width=\"1020\" height=\"574\" src=\"https:\/\/www.youtube.com\/embed\/22YOxpP4rjQ?feature=oembed\" frameborder=\"0\" allow=\"accelerometer; autoplay; clipboard-write; encrypted-media; gyroscope; picture-in-picture; web-share\" referrerpolicy=\"strict-origin-when-cross-origin\" allowfullscreen><\/iframe><\/div>\n\n\t<div id=\"gap-1484823615\" class=\"gap-element clearfix\" style=\"display:block; height:auto;\">\n\t\t\n<style>\n#gap-1484823615 {\n  padding-top: 30px;\n}\n<\/style>\n\t<\/div>\n\t\n\n\t<div id=\"text-1711663707\" class=\"text fontsize_18 color_black\">\n\t\t\n\n<h3><strong>Descripci\u00f3n accesible del video<\/strong><\/h3>\n<p>El video muestra a varios empleados hablando directamente frente a la c\u00e1mara en un entorno de trabajo. Cada participante responde a la pregunta sobre qu\u00e9 ha aprendido trabajando con compa\u00f1eras.<\/p>\n<p>Comparten reflexiones sobre colaboraci\u00f3n, profesionalidad, confianza y respeto mutuo.<\/p>\n\t\t\t<\/div>\n\t\n\n\t\t<\/div>\n\t\t\t\t\n<style>\n#col-1779754921 > .col-inner {\n  padding: 6rem 11rem 0px 0px;\n}\n<\/style>\n\t<\/div>\n\n\t\n\n\t<div id=\"col-1283543942\" class=\"col sibebar_col medium-3 small-12 large-3\"  >\n\t\t<div class=\"is-sticky-column\"><div class=\"is-sticky-column__inner\">\t\t<div class=\"col-inner\"  >\n\t\t\t\n\t\t\t\n\n\t<div id=\"text-522554419\" class=\"text fontsize_16 color_black fontweight_500\">\n\t\t\n\n<p>KEYWORDS<\/p>\n\t\t\t<\/div>\n\t\n<div class=\"is-divider divider clearfix\" style=\"margin-top:2rem;margin-bottom:2rem;max-width:100%;height:1px;background-color:rgba(112, 112, 112, 0.302);\"><\/div>\n\n\t<div id=\"text-3492092083\" class=\"text fontsize_18 color_black\">\n\t\t\n\n<p>WORKPLACE INCLUSION<\/p>\n\t\t\t<\/div>\n\t\n<div class=\"is-divider divider clearfix\" style=\"margin-top:2rem;margin-bottom:2rem;max-width:100%;height:1px;background-color:rgba(112, 112, 112, 0.302);\"><\/div>\n\n\t<div id=\"text-3132858023\" class=\"text fontsize_18 color_black\">\n\t\t\n\n<p>DIVERSITY &amp; INCLUSION<\/p>\n\t\t\t<\/div>\n\t\n<div class=\"is-divider divider clearfix\" style=\"margin-top:2rem;margin-bottom:2rem;max-width:100%;height:1px;background-color:rgba(112, 112, 112, 0.302);\"><\/div>\n\n\t<div id=\"text-2160807121\" class=\"text fontsize_18 color_black\">\n\t\t\n\n<p>CORPORATE CULTURE<\/p>\n\t\t\t<\/div>\n\t\n<div class=\"is-divider divider clearfix\" style=\"margin-top:2rem;margin-bottom:2rem;max-width:100%;height:1px;background-color:rgba(112, 112, 112, 0.302);\"><\/div>\n\n\t<div id=\"text-1456649260\" class=\"text fontsize_18 color_black\">\n\t\t\n\n<p>GENDER EQUALITY<\/p>\n\t\t\t<\/div>\n\t\n<div class=\"is-divider divider clearfix\" style=\"margin-top:2rem;margin-bottom:2rem;max-width:100%;height:1px;background-color:rgba(112, 112, 112, 0.302);\"><\/div>\n\n\t<div id=\"gap-593897342\" class=\"gap-element clearfix\" style=\"display:block; height:auto;\">\n\t\t\n<style>\n#gap-593897342 {\n  padding-top: 13rem;\n}\n<\/style>\n\t<\/div>\n\t\n\n\t<div id=\"gap-234511017\" class=\"gap-element clearfix\" style=\"display:block; height:auto;\">\n\t\t\n<style>\n#gap-234511017 {\n  padding-top: 13rem;\n}\n<\/style>\n\t<\/div>\n\t\n\n\t<div id=\"text-3345935490\" class=\"text fontsize_16 color_black fontweight_500\">\n\t\t\n\nSHARE THE PAGE\n\t\t\t<\/div>\n\t\n<div class=\"is-divider divider clearfix\" style=\"margin-top:2rem;margin-bottom:2rem;max-width:100%;height:1px;background-color:rgba(112, 112, 112, 0.302);\"><\/div>\n\n\t<div class=\"img has-hover socialshare_icon linkedin x md-x lg-x y md-y lg-y\" id=\"image_623711412\">\n\t\t\t\t\t\t\t\t<div class=\"img-inner dark\" >\n\t\t\t<img loading=\"lazy\" decoding=\"async\" width=\"1\" height=\"1\" src=\"https:\/\/www.italtel.com\/wp-content\/uploads\/2024\/09\/Linkedin-icon.svg\" class=\"attachment-large size-large\" alt=\"Linkedin-icon\" \/>\t\t\t\t\t\t\n\t\t\t\t\t<\/div>\n\t\t\t\t\t\t\t\t\n<style>\n#image_623711412 {\n  width: 100%;\n}\n<\/style>\n\t<\/div>\n\t\n\n\t<div class=\"img has-hover socialshare_icon instagram x md-x lg-x y md-y lg-y\" id=\"image_888103713\">\n\t\t\t\t\t\t\t\t<div class=\"img-inner dark\" >\n\t\t\t<img loading=\"lazy\" decoding=\"async\" width=\"27\" height=\"27\" src=\"https:\/\/www.italtel.com\/wp-content\/uploads\/2024\/07\/Raggruppa-12942.png\" class=\"attachment-large size-large\" alt=\"Instagram icon\" \/>\t\t\t\t\t\t\n\t\t\t\t\t<\/div>\n\t\t\t\t\t\t\t\t\n<style>\n#image_888103713 {\n  width: 100%;\n}\n<\/style>\n\t<\/div>\n\t\n\n\t<div class=\"img has-hover socialshare_icon ex x md-x lg-x y md-y lg-y\" id=\"image_595897935\">\n\t\t\t\t\t\t\t\t<div class=\"img-inner dark\" >\n\t\t\t<img loading=\"lazy\" decoding=\"async\" width=\"1\" height=\"1\" src=\"https:\/\/www.italtel.com\/wp-content\/uploads\/2024\/09\/X-icon.svg\" class=\"attachment-large size-large\" alt=\"X-icon\" \/>\t\t\t\t\t\t\n\t\t\t\t\t<\/div>\n\t\t\t\t\t\t\t\t\n<style>\n#image_595897935 {\n  width: 100%;\n}\n<\/style>\n\t<\/div>\n\t\n\n\n\t\t<\/div>\n\t\t<\/div><\/div>\t\t\n<style>\n#col-1283543942 > .is-sticky-column > .is-sticky-column__inner > .col-inner {\n  padding: 6rem 0px 0px 0px;\n}\n<\/style>\n\t<\/div>\n\n\t\n\n<\/div>\n\n","protected":false},"excerpt":{"rendered":"","protected":false},"author":6,"featured_media":81069,"comment_status":"closed","ping_status":"closed","sticky":false,"template":"","format":"standard","meta":{"footnotes":""},"categories":[865],"tags":[954,867],"class_list":["post-81247","post","type-post","status-publish","format-standard","has-post-thumbnail","hentry","category-news-es","tag-company-es","tag-sustainability-es"],"yoast_head":"<!-- This site is optimized with the Yoast SEO plugin v27.3 - https:\/\/yoast.com\/product\/yoast-seo-wordpress\/ -->\n<title>8 de marzo: lo que aprendemos trabajando con compa\u00f1eras - Italtel<\/title>\n<meta name=\"description\" content=\"Con motivo del D\u00eda Internacional de la Mujer, algunos compa\u00f1eros comparten lo que han aprendido trabajando con mujeres y la importancia de la igualdad en el trabajo.\" \/>\n<meta name=\"robots\" content=\"index, follow, max-snippet:-1, max-image-preview:large, max-video-preview:-1\" \/>\n<link rel=\"canonical\" href=\"https:\/\/www.italtel.com\/es\/8-de-marzo-lo-que-aprendemos-trabajando-con-companeras\/\" \/>\n<meta property=\"og:locale\" content=\"es_ES\" \/>\n<meta property=\"og:type\" content=\"article\" \/>\n<meta property=\"og:title\" content=\"8 de marzo: lo que aprendemos trabajando con compa\u00f1eras - Italtel\" \/>\n<meta property=\"og:description\" content=\"Con motivo del D\u00eda Internacional de la Mujer, algunos compa\u00f1eros comparten lo que han aprendido trabajando con mujeres y la importancia de la igualdad en el trabajo.\" \/>\n<meta property=\"og:url\" content=\"https:\/\/www.italtel.com\/es\/8-de-marzo-lo-que-aprendemos-trabajando-con-companeras\/\" \/>\n<meta property=\"og:site_name\" content=\"Italtel\" \/>\n<meta property=\"article:published_time\" content=\"2026-03-08T11:21:52+00:00\" \/>\n<meta property=\"article:modified_time\" content=\"2026-03-12T14:04:31+00:00\" \/>\n<meta property=\"og:image\" content=\"https:\/\/www.italtel.com\/wp-content\/uploads\/2026\/03\/Sequenza-01.00_00_27_17.Immagine001.webp\" \/>\n\t<meta property=\"og:image:width\" content=\"1920\" \/>\n\t<meta property=\"og:image:height\" content=\"1080\" \/>\n\t<meta property=\"og:image:type\" content=\"image\/webp\" \/>\n<meta name=\"author\" content=\"Daniela Fontana\" \/>\n<meta name=\"twitter:card\" content=\"summary_large_image\" \/>\n<meta name=\"twitter:creator\" content=\"@Italtel\" \/>\n<meta name=\"twitter:site\" content=\"@Italtel\" \/>\n<meta name=\"twitter:label1\" content=\"Escrito por\" \/>\n\t<meta name=\"twitter:data1\" content=\"Daniela Fontana\" \/>\n\t<meta name=\"twitter:label2\" content=\"Tiempo de lectura\" \/>\n\t<meta name=\"twitter:data2\" content=\"2 minutos\" \/>\n<script type=\"application\/ld+json\" class=\"yoast-schema-graph\">{\"@context\":\"https:\\\/\\\/schema.org\",\"@graph\":[{\"@type\":\"Article\",\"@id\":\"https:\\\/\\\/www.italtel.com\\\/es\\\/8-de-marzo-lo-que-aprendemos-trabajando-con-companeras\\\/#article\",\"isPartOf\":{\"@id\":\"https:\\\/\\\/www.italtel.com\\\/es\\\/8-de-marzo-lo-que-aprendemos-trabajando-con-companeras\\\/\"},\"author\":{\"name\":\"Daniela Fontana\",\"@id\":\"https:\\\/\\\/www.italtel.com\\\/de\\\/#\\\/schema\\\/person\\\/38f315d5a978255f0cf320055bad5afe\"},\"headline\":\"8 de marzo: lo que aprendemos trabajando con compa\u00f1eras\",\"datePublished\":\"2026-03-08T11:21:52+00:00\",\"dateModified\":\"2026-03-12T14:04:31+00:00\",\"mainEntityOfPage\":{\"@id\":\"https:\\\/\\\/www.italtel.com\\\/es\\\/8-de-marzo-lo-que-aprendemos-trabajando-con-companeras\\\/\"},\"wordCount\":360,\"publisher\":{\"@id\":\"https:\\\/\\\/www.italtel.com\\\/de\\\/#organization\"},\"image\":{\"@id\":\"https:\\\/\\\/www.italtel.com\\\/es\\\/8-de-marzo-lo-que-aprendemos-trabajando-con-companeras\\\/#primaryimage\"},\"thumbnailUrl\":\"https:\\\/\\\/www.italtel.com\\\/wp-content\\\/uploads\\\/2026\\\/03\\\/Sequenza-01.00_00_27_17.Immagine001.webp\",\"keywords\":[\"Company\",\"Sustainability\"],\"articleSection\":[\"News\"],\"inLanguage\":\"es\"},{\"@type\":\"WebPage\",\"@id\":\"https:\\\/\\\/www.italtel.com\\\/es\\\/8-de-marzo-lo-que-aprendemos-trabajando-con-companeras\\\/\",\"url\":\"https:\\\/\\\/www.italtel.com\\\/es\\\/8-de-marzo-lo-que-aprendemos-trabajando-con-companeras\\\/\",\"name\":\"8 de marzo: lo que aprendemos trabajando con compa\u00f1eras - Italtel\",\"isPartOf\":{\"@id\":\"https:\\\/\\\/www.italtel.com\\\/de\\\/#website\"},\"primaryImageOfPage\":{\"@id\":\"https:\\\/\\\/www.italtel.com\\\/es\\\/8-de-marzo-lo-que-aprendemos-trabajando-con-companeras\\\/#primaryimage\"},\"image\":{\"@id\":\"https:\\\/\\\/www.italtel.com\\\/es\\\/8-de-marzo-lo-que-aprendemos-trabajando-con-companeras\\\/#primaryimage\"},\"thumbnailUrl\":\"https:\\\/\\\/www.italtel.com\\\/wp-content\\\/uploads\\\/2026\\\/03\\\/Sequenza-01.00_00_27_17.Immagine001.webp\",\"datePublished\":\"2026-03-08T11:21:52+00:00\",\"dateModified\":\"2026-03-12T14:04:31+00:00\",\"description\":\"Con motivo del D\u00eda Internacional de la Mujer, algunos compa\u00f1eros comparten lo que han aprendido trabajando con mujeres y la importancia de la igualdad en el trabajo.\",\"breadcrumb\":{\"@id\":\"https:\\\/\\\/www.italtel.com\\\/es\\\/8-de-marzo-lo-que-aprendemos-trabajando-con-companeras\\\/#breadcrumb\"},\"inLanguage\":\"es\",\"potentialAction\":[{\"@type\":\"ReadAction\",\"target\":[\"https:\\\/\\\/www.italtel.com\\\/es\\\/8-de-marzo-lo-que-aprendemos-trabajando-con-companeras\\\/\"]}]},{\"@type\":\"ImageObject\",\"inLanguage\":\"es\",\"@id\":\"https:\\\/\\\/www.italtel.com\\\/es\\\/8-de-marzo-lo-que-aprendemos-trabajando-con-companeras\\\/#primaryimage\",\"url\":\"https:\\\/\\\/www.italtel.com\\\/wp-content\\\/uploads\\\/2026\\\/03\\\/Sequenza-01.00_00_27_17.Immagine001.webp\",\"contentUrl\":\"https:\\\/\\\/www.italtel.com\\\/wp-content\\\/uploads\\\/2026\\\/03\\\/Sequenza-01.00_00_27_17.Immagine001.webp\",\"width\":1920,\"height\":1080,\"caption\":\"Text on a dark background with colorful edges reads: \\\"2026. This year, we asked the men of Italtel what they have learned from working with women colleagues.\"},{\"@type\":\"BreadcrumbList\",\"@id\":\"https:\\\/\\\/www.italtel.com\\\/es\\\/8-de-marzo-lo-que-aprendemos-trabajando-con-companeras\\\/#breadcrumb\",\"itemListElement\":[{\"@type\":\"ListItem\",\"position\":1,\"name\":\"Home\",\"item\":\"https:\\\/\\\/www.italtel.com\\\/es\\\/\"},{\"@type\":\"ListItem\",\"position\":2,\"name\":\"8 de marzo: lo que aprendemos trabajando con compa\u00f1eras\"}]},{\"@type\":\"WebSite\",\"@id\":\"https:\\\/\\\/www.italtel.com\\\/de\\\/#website\",\"url\":\"https:\\\/\\\/www.italtel.com\\\/de\\\/\",\"name\":\"Italtel\",\"description\":\"Italtel Group&#039;s company website\",\"publisher\":{\"@id\":\"https:\\\/\\\/www.italtel.com\\\/de\\\/#organization\"},\"potentialAction\":[{\"@type\":\"SearchAction\",\"target\":{\"@type\":\"EntryPoint\",\"urlTemplate\":\"https:\\\/\\\/www.italtel.com\\\/de\\\/?s={search_term_string}\"},\"query-input\":{\"@type\":\"PropertyValueSpecification\",\"valueRequired\":true,\"valueName\":\"search_term_string\"}}],\"inLanguage\":\"es\"},{\"@type\":\"Organization\",\"@id\":\"https:\\\/\\\/www.italtel.com\\\/de\\\/#organization\",\"name\":\"Italtel S.p.A.\",\"url\":\"https:\\\/\\\/www.italtel.com\\\/de\\\/\",\"logo\":{\"@type\":\"ImageObject\",\"inLanguage\":\"es\",\"@id\":\"https:\\\/\\\/www.italtel.com\\\/de\\\/#\\\/schema\\\/logo\\\/image\\\/\",\"url\":\"https:\\\/\\\/www.italtel.com\\\/wp-content\\\/uploads\\\/2024\\\/11\\\/Italtel_logo.png\",\"contentUrl\":\"https:\\\/\\\/www.italtel.com\\\/wp-content\\\/uploads\\\/2024\\\/11\\\/Italtel_logo.png\",\"width\":591,\"height\":139,\"caption\":\"Italtel S.p.A.\"},\"image\":{\"@id\":\"https:\\\/\\\/www.italtel.com\\\/de\\\/#\\\/schema\\\/logo\\\/image\\\/\"},\"sameAs\":[\"https:\\\/\\\/x.com\\\/Italtel\",\"https:\\\/\\\/www.linkedin.com\\\/company\\\/italtel\\\/\",\"https:\\\/\\\/www.instagram.com\\\/italtel_hq\\\/\"]},{\"@type\":\"Person\",\"@id\":\"https:\\\/\\\/www.italtel.com\\\/de\\\/#\\\/schema\\\/person\\\/38f315d5a978255f0cf320055bad5afe\",\"name\":\"Daniela Fontana\",\"image\":{\"@type\":\"ImageObject\",\"inLanguage\":\"es\",\"@id\":\"https:\\\/\\\/secure.gravatar.com\\\/avatar\\\/834a03b0c73144a8ca36e17dc365b3fbadb34c9e44399b609a00f2231e694f6a?s=96&d=mm&r=g\",\"url\":\"https:\\\/\\\/secure.gravatar.com\\\/avatar\\\/834a03b0c73144a8ca36e17dc365b3fbadb34c9e44399b609a00f2231e694f6a?s=96&d=mm&r=g\",\"contentUrl\":\"https:\\\/\\\/secure.gravatar.com\\\/avatar\\\/834a03b0c73144a8ca36e17dc365b3fbadb34c9e44399b609a00f2231e694f6a?s=96&d=mm&r=g\",\"caption\":\"Daniela Fontana\"}}]}<\/script>\n<!-- \/ Yoast SEO plugin. -->","yoast_head_json":{"title":"8 de marzo: lo que aprendemos trabajando con compa\u00f1eras - Italtel","description":"Con motivo del D\u00eda Internacional de la Mujer, algunos compa\u00f1eros comparten lo que han aprendido trabajando con mujeres y la importancia de la igualdad en el trabajo.","robots":{"index":"index","follow":"follow","max-snippet":"max-snippet:-1","max-image-preview":"max-image-preview:large","max-video-preview":"max-video-preview:-1"},"canonical":"https:\/\/www.italtel.com\/es\/8-de-marzo-lo-que-aprendemos-trabajando-con-companeras\/","og_locale":"es_ES","og_type":"article","og_title":"8 de marzo: lo que aprendemos trabajando con compa\u00f1eras - Italtel","og_description":"Con motivo del D\u00eda Internacional de la Mujer, algunos compa\u00f1eros comparten lo que han aprendido trabajando con mujeres y la importancia de la igualdad en el trabajo.","og_url":"https:\/\/www.italtel.com\/es\/8-de-marzo-lo-que-aprendemos-trabajando-con-companeras\/","og_site_name":"Italtel","article_published_time":"2026-03-08T11:21:52+00:00","article_modified_time":"2026-03-12T14:04:31+00:00","og_image":[{"width":1920,"height":1080,"url":"https:\/\/www.italtel.com\/wp-content\/uploads\/2026\/03\/Sequenza-01.00_00_27_17.Immagine001.webp","type":"image\/webp"}],"author":"Daniela Fontana","twitter_card":"summary_large_image","twitter_creator":"@Italtel","twitter_site":"@Italtel","twitter_misc":{"Escrito por":"Daniela Fontana","Tiempo de lectura":"2 minutos"},"schema":{"@context":"https:\/\/schema.org","@graph":[{"@type":"Article","@id":"https:\/\/www.italtel.com\/es\/8-de-marzo-lo-que-aprendemos-trabajando-con-companeras\/#article","isPartOf":{"@id":"https:\/\/www.italtel.com\/es\/8-de-marzo-lo-que-aprendemos-trabajando-con-companeras\/"},"author":{"name":"Daniela Fontana","@id":"https:\/\/www.italtel.com\/de\/#\/schema\/person\/38f315d5a978255f0cf320055bad5afe"},"headline":"8 de marzo: lo que aprendemos trabajando con compa\u00f1eras","datePublished":"2026-03-08T11:21:52+00:00","dateModified":"2026-03-12T14:04:31+00:00","mainEntityOfPage":{"@id":"https:\/\/www.italtel.com\/es\/8-de-marzo-lo-que-aprendemos-trabajando-con-companeras\/"},"wordCount":360,"publisher":{"@id":"https:\/\/www.italtel.com\/de\/#organization"},"image":{"@id":"https:\/\/www.italtel.com\/es\/8-de-marzo-lo-que-aprendemos-trabajando-con-companeras\/#primaryimage"},"thumbnailUrl":"https:\/\/www.italtel.com\/wp-content\/uploads\/2026\/03\/Sequenza-01.00_00_27_17.Immagine001.webp","keywords":["Company","Sustainability"],"articleSection":["News"],"inLanguage":"es"},{"@type":"WebPage","@id":"https:\/\/www.italtel.com\/es\/8-de-marzo-lo-que-aprendemos-trabajando-con-companeras\/","url":"https:\/\/www.italtel.com\/es\/8-de-marzo-lo-que-aprendemos-trabajando-con-companeras\/","name":"8 de marzo: lo que aprendemos trabajando con compa\u00f1eras - Italtel","isPartOf":{"@id":"https:\/\/www.italtel.com\/de\/#website"},"primaryImageOfPage":{"@id":"https:\/\/www.italtel.com\/es\/8-de-marzo-lo-que-aprendemos-trabajando-con-companeras\/#primaryimage"},"image":{"@id":"https:\/\/www.italtel.com\/es\/8-de-marzo-lo-que-aprendemos-trabajando-con-companeras\/#primaryimage"},"thumbnailUrl":"https:\/\/www.italtel.com\/wp-content\/uploads\/2026\/03\/Sequenza-01.00_00_27_17.Immagine001.webp","datePublished":"2026-03-08T11:21:52+00:00","dateModified":"2026-03-12T14:04:31+00:00","description":"Con motivo del D\u00eda Internacional de la Mujer, algunos compa\u00f1eros comparten lo que han aprendido trabajando con mujeres y la importancia de la igualdad en el trabajo.","breadcrumb":{"@id":"https:\/\/www.italtel.com\/es\/8-de-marzo-lo-que-aprendemos-trabajando-con-companeras\/#breadcrumb"},"inLanguage":"es","potentialAction":[{"@type":"ReadAction","target":["https:\/\/www.italtel.com\/es\/8-de-marzo-lo-que-aprendemos-trabajando-con-companeras\/"]}]},{"@type":"ImageObject","inLanguage":"es","@id":"https:\/\/www.italtel.com\/es\/8-de-marzo-lo-que-aprendemos-trabajando-con-companeras\/#primaryimage","url":"https:\/\/www.italtel.com\/wp-content\/uploads\/2026\/03\/Sequenza-01.00_00_27_17.Immagine001.webp","contentUrl":"https:\/\/www.italtel.com\/wp-content\/uploads\/2026\/03\/Sequenza-01.00_00_27_17.Immagine001.webp","width":1920,"height":1080,"caption":"Text on a dark background with colorful edges reads: \"2026. This year, we asked the men of Italtel what they have learned from working with women colleagues."},{"@type":"BreadcrumbList","@id":"https:\/\/www.italtel.com\/es\/8-de-marzo-lo-que-aprendemos-trabajando-con-companeras\/#breadcrumb","itemListElement":[{"@type":"ListItem","position":1,"name":"Home","item":"https:\/\/www.italtel.com\/es\/"},{"@type":"ListItem","position":2,"name":"8 de marzo: lo que aprendemos trabajando con compa\u00f1eras"}]},{"@type":"WebSite","@id":"https:\/\/www.italtel.com\/de\/#website","url":"https:\/\/www.italtel.com\/de\/","name":"Italtel","description":"Italtel Group&#039;s company website","publisher":{"@id":"https:\/\/www.italtel.com\/de\/#organization"},"potentialAction":[{"@type":"SearchAction","target":{"@type":"EntryPoint","urlTemplate":"https:\/\/www.italtel.com\/de\/?s={search_term_string}"},"query-input":{"@type":"PropertyValueSpecification","valueRequired":true,"valueName":"search_term_string"}}],"inLanguage":"es"},{"@type":"Organization","@id":"https:\/\/www.italtel.com\/de\/#organization","name":"Italtel S.p.A.","url":"https:\/\/www.italtel.com\/de\/","logo":{"@type":"ImageObject","inLanguage":"es","@id":"https:\/\/www.italtel.com\/de\/#\/schema\/logo\/image\/","url":"https:\/\/www.italtel.com\/wp-content\/uploads\/2024\/11\/Italtel_logo.png","contentUrl":"https:\/\/www.italtel.com\/wp-content\/uploads\/2024\/11\/Italtel_logo.png","width":591,"height":139,"caption":"Italtel S.p.A."},"image":{"@id":"https:\/\/www.italtel.com\/de\/#\/schema\/logo\/image\/"},"sameAs":["https:\/\/x.com\/Italtel","https:\/\/www.linkedin.com\/company\/italtel\/","https:\/\/www.instagram.com\/italtel_hq\/"]},{"@type":"Person","@id":"https:\/\/www.italtel.com\/de\/#\/schema\/person\/38f315d5a978255f0cf320055bad5afe","name":"Daniela Fontana","image":{"@type":"ImageObject","inLanguage":"es","@id":"https:\/\/secure.gravatar.com\/avatar\/834a03b0c73144a8ca36e17dc365b3fbadb34c9e44399b609a00f2231e694f6a?s=96&d=mm&r=g","url":"https:\/\/secure.gravatar.com\/avatar\/834a03b0c73144a8ca36e17dc365b3fbadb34c9e44399b609a00f2231e694f6a?s=96&d=mm&r=g","contentUrl":"https:\/\/secure.gravatar.com\/avatar\/834a03b0c73144a8ca36e17dc365b3fbadb34c9e44399b609a00f2231e694f6a?s=96&d=mm&r=g","caption":"Daniela Fontana"}}]}},"_links":{"self":[{"href":"https:\/\/www.italtel.com\/es\/wp-json\/wp\/v2\/posts\/81247","targetHints":{"allow":["GET"]}}],"collection":[{"href":"https:\/\/www.italtel.com\/es\/wp-json\/wp\/v2\/posts"}],"about":[{"href":"https:\/\/www.italtel.com\/es\/wp-json\/wp\/v2\/types\/post"}],"author":[{"embeddable":true,"href":"https:\/\/www.italtel.com\/es\/wp-json\/wp\/v2\/users\/6"}],"replies":[{"embeddable":true,"href":"https:\/\/www.italtel.com\/es\/wp-json\/wp\/v2\/comments?post=81247"}],"version-history":[{"count":2,"href":"https:\/\/www.italtel.com\/es\/wp-json\/wp\/v2\/posts\/81247\/revisions"}],"predecessor-version":[{"id":81249,"href":"https:\/\/www.italtel.com\/es\/wp-json\/wp\/v2\/posts\/81247\/revisions\/81249"}],"wp:featuredmedia":[{"embeddable":true,"href":"https:\/\/www.italtel.com\/es\/wp-json\/wp\/v2\/media\/81069"}],"wp:attachment":[{"href":"https:\/\/www.italtel.com\/es\/wp-json\/wp\/v2\/media?parent=81247"}],"wp:term":[{"taxonomy":"category","embeddable":true,"href":"https:\/\/www.italtel.com\/es\/wp-json\/wp\/v2\/categories?post=81247"},{"taxonomy":"post_tag","embeddable":true,"href":"https:\/\/www.italtel.com\/es\/wp-json\/wp\/v2\/tags?post=81247"}],"curies":[{"name":"wp","href":"https:\/\/api.w.org\/{rel}","templated":true}]}}