{"id":82429,"date":"2026-04-28T11:41:29","date_gmt":"2026-04-28T09:41:29","guid":{"rendered":"https:\/\/www.italtel.com\/italtel-approves-its-2025-financial-statements\/"},"modified":"2026-04-28T17:11:28","modified_gmt":"2026-04-28T15:11:28","slug":"italtel-aprueba-sus-estados-financieros-de-2025","status":"publish","type":"post","link":"https:\/\/www.italtel.com\/es\/italtel-aprueba-sus-estados-financieros-de-2025\/","title":{"rendered":"Italtel aprueba sus estados financieros de 2025"},"content":{"rendered":"\n<div class=\"row\"  id=\"row-610119810\">\n\n\n\t<div id=\"col-1997406983\" class=\"col medium-9 small-12 large-9\"  >\n\t\t\t\t<div class=\"col-inner\"  >\n\t\t\t\n\t\t\t\n\n\t<div id=\"gap-760428191\" class=\"gap-element clearfix\" style=\"display:block; height:auto;\">\n\t\t\n<style>\n#gap-760428191 {\n  padding-top: 10px;\n}\n<\/style>\n\t<\/div>\n\t\n\n\t<div id=\"text-3098160227\" class=\"text fontsize_18 color_black\">\n\t\t\n\n<h2 style=\"text-align: center;\"><strong>Ingresos de hasta 273,3 millones de euros y EBITDA ajustado de 16,3 millones de euros (+56 % interanual)<\/strong><\/h2>\n<ul>\n<li><strong>Mejor desempe\u00f1o de los \u00faltimos a\u00f1os, confirmando la solidez del proceso de transformaci\u00f3n iniciado en 2024<\/strong><\/li>\n<li>En Italia, el negocio <strong>Public &amp; Private creci\u00f3 un 22 %<\/strong>, mientras que el negocio de <strong>Telco &amp; Media aument\u00f3 un 6 %<\/strong><\/li>\n<li><strong>Fuerte desempe\u00f1o en el exterior (Europa y LATAM)<\/strong>, que representa el <strong>43 % de los ingresos totales<\/strong>, con una contribuci\u00f3n significativa de Alemania y Espa\u00f1a<\/li>\n<li>El <strong>margen de contribuci\u00f3n aument\u00f3 a aproximadamente el 21 % (+1 % interanual)<\/strong><\/li>\n<li>Posicionamiento confirmado en <strong>Hybrid Cloud, redes de pr\u00f3xima generaci\u00f3n, servicios gestionados avanzados, ciberseguridad e IA<\/strong><\/li>\n<\/ul>\n<p><strong>Mil\u00e1n, 28 de abril de 2026 \u2013<\/strong> La Junta de Accionistas de Italtel, celebrada hoy bajo la presidencia de Teo Luzi, aprob\u00f3 los estados financieros del ejercicio finalizado en 2025.<\/p>\n<p>Italtel cerr\u00f3 2025 con sus mejores resultados de los \u00faltimos a\u00f1os, confirmando la solidez de la trayectoria de crecimiento del Grupo. Los ingresos ascendieron a 273,3 millones de euros, mientras que el EBITDA ajustado alcanz\u00f3 16,3 millones de euros, lo que subraya la eficacia del plan de crecimiento, la mejora de la rentabilidad y la capacidad de la compa\u00f1\u00eda para reforzar a\u00fan m\u00e1s su posicionamiento competitivo.<\/p>\n<p>El desempe\u00f1o del Grupo estuvo impulsado principalmente por Italia, donde el segmento Public &amp; Private registr\u00f3 ingresos de 86 millones de euros, un aumento del 22 % interanual, mientras que el segmento Telco &amp; Media alcanz\u00f3 ingresos de 71 millones de euros, un incremento del 6 %. Durante el a\u00f1o, Italtel tambi\u00e9n ampli\u00f3 su base de clientes, asegurando nuevos contratos en sectores clave como transporte, banca y medios, y fortaleciendo alianzas con operadores Telco l\u00edderes mediante soluciones de alto valor basadas en productos propios y capacidades distintivas de integraci\u00f3n de sistemas.<\/p>\n<p>En los mercados internacionales, dentro de la regi\u00f3n EMEA, Alemania mantuvo un desempe\u00f1o s\u00f3lido (+13 % de crecimiento de ingresos interanual y +1 % de margen de contribuci\u00f3n interanual). En Espa\u00f1a, gracias a iniciativas de gesti\u00f3n centradas en proyectos de valor a\u00f1adido y reducci\u00f3n de costes operativos, el margen de contribuci\u00f3n aument\u00f3 un 3,5 % interanual.<\/p>\n<p>En la regi\u00f3n LATAM, Brasil registr\u00f3 un crecimiento de ingresos del +21 % respecto a 2024, a pesar de un entorno cambiario desfavorable, continuando su estrategia de expansi\u00f3n de la cartera de clientes en los sectores de Industria, Utilities, Banca y Telco. En Per\u00fa, la inestabilidad pol\u00edtica en 2025 redujo las oportunidades de negocio con las administraciones p\u00fablicas e impact\u00f3 en los ingresos; no obstante, la compa\u00f1\u00eda logr\u00f3 mejorar su rentabilidad.<\/p>\n<p>En 2025, Italtel tambi\u00e9n puso en marcha un programa de renovaci\u00f3n generacional destinado a incorporar nuevas competencias en las \u00e1reas tecnol\u00f3gicas m\u00e1s avanzadas y reforzar su enfoque en temas estrat\u00e9gicos que apoyan la transformaci\u00f3n digital de operadores, empresas y administraciones p\u00fablicas.<\/p>\n<p>Aprovechando la experiencia y las actividades de I+D con base en Italia, Italtel contribuye de forma significativa a la soberan\u00eda digital mediante el desarrollo e ingenier\u00eda de soluciones tecnol\u00f3gicas soberanas, que van desde plataformas de colaboraci\u00f3n hasta redes privadas de nueva generaci\u00f3n, desde la IA aplicada al borde de la red hasta soluciones de software de c\u00f3digo abierto integradas en infraestructuras cloud certificadas.<\/p>\n<p>En el \u00e1mbito de la ciberseguridad, Italtel reforz\u00f3 su posicionamiento mediante servicios avanzados prestados por su Digital Operation Center, al que grandes empresas y operadores conf\u00edan la protecci\u00f3n frente a ciberamenazas y la gesti\u00f3n de sus infraestructuras. Los Advanced Managed Services son prestados por un equipo de alrededor de 200 especialistas que operan en tres centros en Italia, Espa\u00f1a y Brasil. La cobertura global 24\/7 garantiza la r\u00e1pida difusi\u00f3n de las mejores pr\u00e1cticas para hacer frente al creciente panorama de amenazas cibern\u00e9ticas.<\/p>\n<p>En relaci\u00f3n con la IA, Italtel ha desarrollado proyectos que apoyan procesos internos y benefician a los clientes en \u00e1reas como la automatizaci\u00f3n de redes, el reconocimiento de im\u00e1genes, los motores predictivos y la anal\u00edtica avanzada, con el objetivo de reforzar su papel junto a los clientes en la evoluci\u00f3n de las infraestructuras cr\u00edticas. Adem\u00e1s, Italtel ha puesto en marcha iniciativas para integrar componentes de IA en sus productos propios, uno de los principales diferenciadores competitivos de la compa\u00f1\u00eda.<\/p>\n<p>En 2025, la empresa tambi\u00e9n continu\u00f3 con su compromiso con la sostenibilidad, mejorando su impacto ambiental y manteniendo iniciativas concretas en apoyo de la igualdad de g\u00e9nero.<\/p>\n\t\t\t<\/div>\n\t\n\t<div id=\"gap-1317626136\" class=\"gap-element clearfix\" style=\"display:block; height:auto;\">\n\t\t\n<style>\n#gap-1317626136 {\n  padding-top: 30px;\n}\n<\/style>\n\t<\/div>\n\t\n\n<div class=\"row row-collapse\"  id=\"row-697986157\">\n\n\n\t<div id=\"col-1806746934\" class=\"col medium-2 small-12 large-2\"  >\n\t\t\t\t<div class=\"col-inner\"  >\n\t\t\t\n\t\t\t\n\n\t<div class=\"img has-hover x md-x lg-x y md-y lg-y\" id=\"image_1263568005\">\n\t\t\t\t\t\t\t\t<div class=\"img-inner dark\" >\n\t\t\t<img loading=\"lazy\" decoding=\"async\" width=\"265\" height=\"265\" src=\"https:\/\/www.italtel.com\/wp-content\/uploads\/2026\/04\/filangieri.webp\" class=\"attachment-original size-original\" alt=\"Carlo Filangieri, CEO di Italtel\" srcset=\"https:\/\/www.italtel.com\/wp-content\/uploads\/2026\/04\/filangieri.webp 265w, https:\/\/www.italtel.com\/wp-content\/uploads\/2026\/04\/filangieri-150x150.webp 150w\" sizes=\"auto, (max-width: 265px) 100vw, 265px\" \/>\t\t\t\t\t\t\n\t\t\t\t\t<\/div>\n\t\t\t\t\t\t\t\t\n<style>\n#image_1263568005 {\n  width: 100%;\n}\n<\/style>\n\t<\/div>\n\t\n\n\n\t\t<\/div>\n\t\t\t\t\t<\/div>\n\n\t\n\n\t<div id=\"col-1765243627\" class=\"col medium-10 small-12 large-10\"  >\n\t\t\t\t<div class=\"col-inner\"  >\n\t\t\t\n\t\t\t\n\n\t<div id=\"text-1847497080\" class=\"text fontsize_200\">\n\t\t\n\n<p style=\"color: #04c5fe;\">\u201c<\/p>\n\t\t\t<\/div>\n\t\n\t<div id=\"text-729539754\" class=\"text fontsize_18 color_black\">\n\t\t\n\n<p>\u201cLos resultados de 2025 confirman la solidez del camino que hemos emprendido y la capacidad de Italtel para crear valor en un entorno de mercado complejo. Junto al crecimiento econ\u00f3mico, hemos reforzado nuestro papel como socio en algunas de las prioridades que hoy son centrales para empresas y administraciones p\u00fablicas: desde la soberan\u00eda digital hasta la ciberseguridad, desde el desarrollo de centros de datos hasta la reducci\u00f3n del consumo energ\u00e9tico mediante soluciones innovadoras, hasta la evoluci\u00f3n hacia redes cada vez m\u00e1s inteligentes y aut\u00f3nomas. Seguiremos invirtiendo en competencias, innovaci\u00f3n y calidad de nuestra oferta para apoyar a nuestros clientes en su proceso de transformaci\u00f3n digital\u201d<\/p>\n\t\t\t<\/div>\n\t\n\t<div id=\"text-2240108193\" class=\"text fontsize_18 color_black\">\n\t\t\n\n<p>coment\u00f3 <strong>Carlo Filangieri, CEO de Italtel<\/strong>.<\/p>\n\t\t\n<style>\n#text-2240108193 {\n  text-align: right;\n}\n<\/style>\n\t<\/div>\n\t\n\n\t\t<\/div>\n\t\t\t\t\n<style>\n#col-1765243627 > .col-inner {\n  padding: 0px 0px 0px 4rem;\n}\n<\/style>\n\t<\/div>\n\n\t\n\n<\/div>\n<div class=\"row row-collapse\"  id=\"row-1287305489\">\n\n\n\t<div id=\"col-1400859908\" class=\"col medium-2 small-12 large-2\"  >\n\t\t\t\t<div class=\"col-inner\"  >\n\t\t\t\n\t\t\t\n\n\t<div class=\"img has-hover x md-x lg-x y md-y lg-y\" id=\"image_234468571\">\n\t\t\t\t\t\t\t\t<div class=\"img-inner dark\" >\n\t\t\t<img loading=\"lazy\" decoding=\"async\" width=\"1668\" height=\"1668\" src=\"https:\/\/www.italtel.com\/wp-content\/uploads\/2025\/04\/Teo-luzi@2x.webp\" class=\"attachment-original size-original\" alt=\"\" srcset=\"https:\/\/www.italtel.com\/wp-content\/uploads\/2025\/04\/Teo-luzi@2x.webp 1668w, https:\/\/www.italtel.com\/wp-content\/uploads\/2025\/04\/Teo-luzi@2x-300x300.webp 300w, https:\/\/www.italtel.com\/wp-content\/uploads\/2025\/04\/Teo-luzi@2x-1024x1024.webp 1024w, https:\/\/www.italtel.com\/wp-content\/uploads\/2025\/04\/Teo-luzi@2x-150x150.webp 150w, https:\/\/www.italtel.com\/wp-content\/uploads\/2025\/04\/Teo-luzi@2x-768x768.webp 768w, https:\/\/www.italtel.com\/wp-content\/uploads\/2025\/04\/Teo-luzi@2x-1536x1536.webp 1536w\" sizes=\"auto, (max-width: 1668px) 100vw, 1668px\" \/>\t\t\t\t\t\t\n\t\t\t\t\t<\/div>\n\t\t\t\t\t\t\t\t\n<style>\n#image_234468571 {\n  width: 100%;\n}\n<\/style>\n\t<\/div>\n\t\n\n\n\t\t<\/div>\n\t\t\t\t\t<\/div>\n\n\t\n\n\t<div id=\"col-1100723970\" class=\"col medium-10 small-12 large-10\"  >\n\t\t\t\t<div class=\"col-inner\"  >\n\t\t\t\n\t\t\t\n\n\t<div id=\"text-3348333355\" class=\"text fontsize_200\">\n\t\t\n\n<p style=\"color: #04c5fe;\">\u201c<\/p>\n\t\t\t<\/div>\n\t\n\t<div id=\"text-1162627227\" class=\"text fontsize_18 color_black\">\n\t\t\n\n<p>\u201cLa visi\u00f3n estrat\u00e9gica de Italtel se centra en la innovaci\u00f3n tecnol\u00f3gica como motor de crecimiento para todo el pa\u00eds. Somos conscientes de que la ciberseguridad y el uso de la inteligencia artificial se est\u00e1n convirtiendo en temas cada vez m\u00e1s centrales para empresas y administraciones p\u00fablicas. Por ello, miramos al futuro con pragmatismo y nos comprometemos a trabajar estrechamente con nuestros clientes para garantizar que sus infraestructuras digitales sean eficientes, seguras y de vanguardia\u201d<\/p>\n\t\t\t<\/div>\n\t\n\t<div id=\"text-3044133279\" class=\"text fontsize_18 color_black\">\n\t\t\n\n<p>coment\u00f3 <strong>Teo Luzi, presidente de Italtel<\/strong>.<\/p>\n\t\t\n<style>\n#text-3044133279 {\n  text-align: right;\n}\n<\/style>\n\t<\/div>\n\t\n\n\t\t<\/div>\n\t\t\t\t\n<style>\n#col-1100723970 > .col-inner {\n  padding: 0px 0px 0px 4rem;\n}\n<\/style>\n\t<\/div>\n\n\t\n\n<\/div>\n\n\t\t<\/div>\n\t\t\t\t\n<style>\n#col-1997406983 > .col-inner {\n  padding: 6rem 11rem 0px 0px;\n}\n<\/style>\n\t<\/div>\n\n\t\n\n\t<div id=\"col-107542831\" class=\"col sibebar_col medium-3 small-12 large-3\"  >\n\t\t<div class=\"is-sticky-column\"><div class=\"is-sticky-column__inner\">\t\t<div class=\"col-inner\"  >\n\t\t\t\n\t\t\t\n\n\t<div id=\"text-1523125473\" class=\"text fontsize_16 color_black fontweight_500\">\n\t\t\n\n<p>KEYWORDS<\/p>\n\t\t\t<\/div>\n\t\n<div class=\"is-divider divider clearfix\" style=\"margin-top:2rem;margin-bottom:2rem;max-width:100%;height:1px;background-color:rgba(112, 112, 112, 0.302);\"><\/div>\n\n\t<div id=\"text-4268624280\" class=\"text fontsize_18 color_black\">\n\t\t\n\n<p>FINANCIAL STATEMENTS 2025<\/p>\n\t\t\t<\/div>\n\t\n<div class=\"is-divider divider clearfix\" style=\"margin-top:2rem;margin-bottom:2rem;max-width:100%;height:1px;background-color:rgba(112, 112, 112, 0.302);\"><\/div>\n\n\t<div id=\"text-3783243798\" class=\"text fontsize_18 color_black\">\n\t\t\n\n<p>GROWTH PATH<\/p>\n\t\t\t<\/div>\n\t\n<div class=\"is-divider divider clearfix\" style=\"margin-top:2rem;margin-bottom:2rem;max-width:100%;height:1px;background-color:rgba(112, 112, 112, 0.302);\"><\/div>\n\n\t<div id=\"text-577578100\" class=\"text fontsize_18 color_black\">\n\t\t\n\n<p>COMPANY SOLIDITY<\/p>\n\t\t\t<\/div>\n\t\n<div class=\"is-divider divider clearfix\" style=\"margin-top:2rem;margin-bottom:2rem;max-width:100%;height:1px;background-color:rgba(112, 112, 112, 0.302);\"><\/div>\n\n\t<div id=\"text-3058158928\" class=\"text fontsize_18 color_black\">\n\t\t\n\n<p>EXPANDED CUSTOMER BASE<\/p>\n\t\t\t<\/div>\n\t\n<div class=\"is-divider divider clearfix\" style=\"margin-top:2rem;margin-bottom:2rem;max-width:100%;height:1px;background-color:rgba(112, 112, 112, 0.302);\"><\/div>\n\n\t<div id=\"gap-735729567\" class=\"gap-element clearfix\" style=\"display:block; height:auto;\">\n\t\t\n<style>\n#gap-735729567 {\n  padding-top: 13rem;\n}\n<\/style>\n\t<\/div>\n\t\n\n\t<div id=\"text-2814649082\" class=\"text fontsize_16 color_black fontweight_500\">\n\t\t\n\n<p>DOCUMENTS<\/p>\n\t\t\t<\/div>\n\t\n<div class=\"is-divider divider clearfix\" style=\"margin-top:2rem;margin-bottom:2rem;max-width:100%;height:1px;background-color:rgba(112, 112, 112, 0.302);\"><\/div>\n\n\t<div id=\"text-2932498520\" class=\"text fontsize_18 color_black\">\n\t\t\n\n<p><a href=\"https:\/\/www.italtel.com\/wp-content\/uploads\/2026\/04\/PR-Italtel-Annual-Report-2025.pdf\" target=\"_blank\" rel=\"noopener\">PRESS RELEASE (IN ENGLISH)<\/a><\/p>\n\n\t\t\t<\/div>\n\t\n<div class=\"is-divider divider clearfix\" style=\"margin-top:2rem;margin-bottom:2rem;max-width:100%;height:1px;background-color:rgba(112, 112, 112, 0.302);\"><\/div>\n\n\t<div id=\"gap-916041970\" class=\"gap-element clearfix\" style=\"display:block; height:auto;\">\n\t\t\n<style>\n#gap-916041970 {\n  padding-top: 13rem;\n}\n<\/style>\n\t<\/div>\n\t\n\n\t<div id=\"text-322916413\" class=\"text fontsize_16 color_black fontweight_500\">\n\t\t\n\nSHARE THE PAGE\n\t\t\t<\/div>\n\t\n<div class=\"is-divider divider clearfix\" style=\"margin-top:2rem;margin-bottom:2rem;max-width:100%;height:1px;background-color:rgba(112, 112, 112, 0.302);\"><\/div>\n\n\t<div class=\"img has-hover socialshare_icon linkedin x md-x lg-x y md-y lg-y\" id=\"image_205399697\">\n\t\t\t\t\t\t\t\t<div class=\"img-inner dark\" >\n\t\t\t<img loading=\"lazy\" decoding=\"async\" width=\"1\" height=\"1\" src=\"https:\/\/www.italtel.com\/wp-content\/uploads\/2024\/09\/Linkedin-icon.svg\" class=\"attachment-large size-large\" alt=\"Linkedin-icon\" \/>\t\t\t\t\t\t\n\t\t\t\t\t<\/div>\n\t\t\t\t\t\t\t\t\n<style>\n#image_205399697 {\n  width: 100%;\n}\n<\/style>\n\t<\/div>\n\t\n\n\t<div class=\"img has-hover socialshare_icon instagram x md-x lg-x y md-y lg-y\" id=\"image_425421076\">\n\t\t\t\t\t\t\t\t<div class=\"img-inner dark\" >\n\t\t\t<img loading=\"lazy\" decoding=\"async\" width=\"27\" height=\"27\" src=\"https:\/\/www.italtel.com\/wp-content\/uploads\/2024\/07\/Raggruppa-12942.png\" class=\"attachment-large size-large\" alt=\"Instagram icon\" \/>\t\t\t\t\t\t\n\t\t\t\t\t<\/div>\n\t\t\t\t\t\t\t\t\n<style>\n#image_425421076 {\n  width: 100%;\n}\n<\/style>\n\t<\/div>\n\t\n\n\t<div class=\"img has-hover socialshare_icon ex x md-x lg-x y md-y lg-y\" id=\"image_1660011079\">\n\t\t\t\t\t\t\t\t<div class=\"img-inner dark\" >\n\t\t\t<img loading=\"lazy\" decoding=\"async\" width=\"1\" height=\"1\" src=\"https:\/\/www.italtel.com\/wp-content\/uploads\/2024\/09\/X-icon.svg\" class=\"attachment-large size-large\" alt=\"X-icon\" \/>\t\t\t\t\t\t\n\t\t\t\t\t<\/div>\n\t\t\t\t\t\t\t\t\n<style>\n#image_1660011079 {\n  width: 100%;\n}\n<\/style>\n\t<\/div>\n\t\n\n\n\t\t<\/div>\n\t\t<\/div><\/div>\t\t\n<style>\n#col-107542831 > .is-sticky-column > .is-sticky-column__inner > .col-inner {\n  padding: 6rem 0px 0px 0px;\n}\n<\/style>\n\t<\/div>\n\n\t\n\n<\/div>\n\n","protected":false},"excerpt":{"rendered":"","protected":false},"author":6,"featured_media":59058,"comment_status":"closed","ping_status":"closed","sticky":false,"template":"","format":"standard","meta":{"footnotes":""},"categories":[886],"tags":[954],"class_list":["post-82429","post","type-post","status-publish","format-standard","has-post-thumbnail","hentry","category-press-release-es","tag-company-es"],"yoast_head":"<!-- This site is optimized with the Yoast SEO plugin v27.4 - https:\/\/yoast.com\/product\/yoast-seo-wordpress\/ -->\n<title>Italtel aprueba sus estados financieros de 2025 - Italtel<\/title>\n<meta name=\"description\" content=\"La Junta de Accionistas de Italtel aprob\u00f3 los estados financieros del ejercicio finalizado en 2025. Italtel cerr\u00f3 2025 con sus mejores resultados de los \u00faltimos a\u00f1os, confirmando la solidez de la trayectoria de crecimiento del Grupo.\" \/>\n<meta name=\"robots\" content=\"index, follow, max-snippet:-1, max-image-preview:large, max-video-preview:-1\" \/>\n<link rel=\"canonical\" href=\"https:\/\/www.italtel.com\/es\/italtel-aprueba-sus-estados-financieros-de-2025\/\" \/>\n<meta property=\"og:locale\" content=\"es_ES\" \/>\n<meta property=\"og:type\" content=\"article\" \/>\n<meta property=\"og:title\" content=\"Italtel aprueba sus estados financieros de 2025 - Italtel\" \/>\n<meta property=\"og:description\" content=\"La Junta de Accionistas de Italtel aprob\u00f3 los estados financieros del ejercicio finalizado en 2025. Italtel cerr\u00f3 2025 con sus mejores resultados de los \u00faltimos a\u00f1os, confirmando la solidez de la trayectoria de crecimiento del Grupo.\" \/>\n<meta property=\"og:url\" content=\"https:\/\/www.italtel.com\/es\/italtel-aprueba-sus-estados-financieros-de-2025\/\" \/>\n<meta property=\"og:site_name\" content=\"Italtel\" \/>\n<meta property=\"article:published_time\" content=\"2026-04-28T09:41:29+00:00\" \/>\n<meta property=\"article:modified_time\" content=\"2026-04-28T15:11:28+00:00\" \/>\n<meta property=\"og:image\" content=\"https:\/\/www.italtel.com\/wp-content\/uploads\/2024\/07\/Gruppo-di-maschere-16.jpg\" \/>\n\t<meta property=\"og:image:width\" content=\"1362\" \/>\n\t<meta property=\"og:image:height\" content=\"650\" \/>\n\t<meta property=\"og:image:type\" content=\"image\/jpeg\" \/>\n<meta name=\"author\" content=\"Daniela Fontana\" \/>\n<meta name=\"twitter:card\" content=\"summary_large_image\" \/>\n<meta name=\"twitter:creator\" content=\"@Italtel\" \/>\n<meta name=\"twitter:site\" content=\"@Italtel\" \/>\n<meta name=\"twitter:label1\" content=\"Escrito por\" \/>\n\t<meta name=\"twitter:data1\" content=\"Daniela Fontana\" \/>\n\t<meta name=\"twitter:label2\" content=\"Tiempo de lectura\" \/>\n\t<meta name=\"twitter:data2\" content=\"5 minutos\" \/>\n<script type=\"application\/ld+json\" class=\"yoast-schema-graph\">{\"@context\":\"https:\\\/\\\/schema.org\",\"@graph\":[{\"@type\":\"Article\",\"@id\":\"https:\\\/\\\/www.italtel.com\\\/es\\\/italtel-aprueba-sus-estados-financieros-de-2025\\\/#article\",\"isPartOf\":{\"@id\":\"https:\\\/\\\/www.italtel.com\\\/es\\\/italtel-aprueba-sus-estados-financieros-de-2025\\\/\"},\"author\":{\"name\":\"Daniela Fontana\",\"@id\":\"https:\\\/\\\/www.italtel.com\\\/de\\\/#\\\/schema\\\/person\\\/38f315d5a978255f0cf320055bad5afe\"},\"headline\":\"Italtel aprueba sus estados financieros de 2025\",\"datePublished\":\"2026-04-28T09:41:29+00:00\",\"dateModified\":\"2026-04-28T15:11:28+00:00\",\"mainEntityOfPage\":{\"@id\":\"https:\\\/\\\/www.italtel.com\\\/es\\\/italtel-aprueba-sus-estados-financieros-de-2025\\\/\"},\"wordCount\":1280,\"publisher\":{\"@id\":\"https:\\\/\\\/www.italtel.com\\\/de\\\/#organization\"},\"image\":{\"@id\":\"https:\\\/\\\/www.italtel.com\\\/es\\\/italtel-aprueba-sus-estados-financieros-de-2025\\\/#primaryimage\"},\"thumbnailUrl\":\"https:\\\/\\\/www.italtel.com\\\/wp-content\\\/uploads\\\/2024\\\/07\\\/Gruppo-di-maschere-16.jpg\",\"keywords\":[\"Company\"],\"articleSection\":[\"Press release\"],\"inLanguage\":\"es\"},{\"@type\":\"WebPage\",\"@id\":\"https:\\\/\\\/www.italtel.com\\\/es\\\/italtel-aprueba-sus-estados-financieros-de-2025\\\/\",\"url\":\"https:\\\/\\\/www.italtel.com\\\/es\\\/italtel-aprueba-sus-estados-financieros-de-2025\\\/\",\"name\":\"Italtel aprueba sus estados financieros de 2025 - Italtel\",\"isPartOf\":{\"@id\":\"https:\\\/\\\/www.italtel.com\\\/de\\\/#website\"},\"primaryImageOfPage\":{\"@id\":\"https:\\\/\\\/www.italtel.com\\\/es\\\/italtel-aprueba-sus-estados-financieros-de-2025\\\/#primaryimage\"},\"image\":{\"@id\":\"https:\\\/\\\/www.italtel.com\\\/es\\\/italtel-aprueba-sus-estados-financieros-de-2025\\\/#primaryimage\"},\"thumbnailUrl\":\"https:\\\/\\\/www.italtel.com\\\/wp-content\\\/uploads\\\/2024\\\/07\\\/Gruppo-di-maschere-16.jpg\",\"datePublished\":\"2026-04-28T09:41:29+00:00\",\"dateModified\":\"2026-04-28T15:11:28+00:00\",\"description\":\"La Junta de Accionistas de Italtel aprob\u00f3 los estados financieros del ejercicio finalizado en 2025. Italtel cerr\u00f3 2025 con sus mejores resultados de los \u00faltimos a\u00f1os, confirmando la solidez de la trayectoria de crecimiento del Grupo.\",\"breadcrumb\":{\"@id\":\"https:\\\/\\\/www.italtel.com\\\/es\\\/italtel-aprueba-sus-estados-financieros-de-2025\\\/#breadcrumb\"},\"inLanguage\":\"es\",\"potentialAction\":[{\"@type\":\"ReadAction\",\"target\":[\"https:\\\/\\\/www.italtel.com\\\/es\\\/italtel-aprueba-sus-estados-financieros-de-2025\\\/\"]}]},{\"@type\":\"ImageObject\",\"inLanguage\":\"es\",\"@id\":\"https:\\\/\\\/www.italtel.com\\\/es\\\/italtel-aprueba-sus-estados-financieros-de-2025\\\/#primaryimage\",\"url\":\"https:\\\/\\\/www.italtel.com\\\/wp-content\\\/uploads\\\/2024\\\/07\\\/Gruppo-di-maschere-16.jpg\",\"contentUrl\":\"https:\\\/\\\/www.italtel.com\\\/wp-content\\\/uploads\\\/2024\\\/07\\\/Gruppo-di-maschere-16.jpg\",\"width\":1362,\"height\":650},{\"@type\":\"BreadcrumbList\",\"@id\":\"https:\\\/\\\/www.italtel.com\\\/es\\\/italtel-aprueba-sus-estados-financieros-de-2025\\\/#breadcrumb\",\"itemListElement\":[{\"@type\":\"ListItem\",\"position\":1,\"name\":\"Home\",\"item\":\"https:\\\/\\\/www.italtel.com\\\/es\\\/\"},{\"@type\":\"ListItem\",\"position\":2,\"name\":\"Italtel aprueba sus estados financieros de 2025\"}]},{\"@type\":\"WebSite\",\"@id\":\"https:\\\/\\\/www.italtel.com\\\/de\\\/#website\",\"url\":\"https:\\\/\\\/www.italtel.com\\\/de\\\/\",\"name\":\"Italtel\",\"description\":\"Italtel Group&#039;s company website\",\"publisher\":{\"@id\":\"https:\\\/\\\/www.italtel.com\\\/de\\\/#organization\"},\"potentialAction\":[{\"@type\":\"SearchAction\",\"target\":{\"@type\":\"EntryPoint\",\"urlTemplate\":\"https:\\\/\\\/www.italtel.com\\\/de\\\/?s={search_term_string}\"},\"query-input\":{\"@type\":\"PropertyValueSpecification\",\"valueRequired\":true,\"valueName\":\"search_term_string\"}}],\"inLanguage\":\"es\"},{\"@type\":\"Organization\",\"@id\":\"https:\\\/\\\/www.italtel.com\\\/de\\\/#organization\",\"name\":\"Italtel S.p.A.\",\"url\":\"https:\\\/\\\/www.italtel.com\\\/de\\\/\",\"logo\":{\"@type\":\"ImageObject\",\"inLanguage\":\"es\",\"@id\":\"https:\\\/\\\/www.italtel.com\\\/de\\\/#\\\/schema\\\/logo\\\/image\\\/\",\"url\":\"https:\\\/\\\/www.italtel.com\\\/wp-content\\\/uploads\\\/2024\\\/11\\\/Italtel_logo.png\",\"contentUrl\":\"https:\\\/\\\/www.italtel.com\\\/wp-content\\\/uploads\\\/2024\\\/11\\\/Italtel_logo.png\",\"width\":591,\"height\":139,\"caption\":\"Italtel S.p.A.\"},\"image\":{\"@id\":\"https:\\\/\\\/www.italtel.com\\\/de\\\/#\\\/schema\\\/logo\\\/image\\\/\"},\"sameAs\":[\"https:\\\/\\\/x.com\\\/Italtel\",\"https:\\\/\\\/www.linkedin.com\\\/company\\\/italtel\\\/\",\"https:\\\/\\\/www.instagram.com\\\/italtel_hq\\\/\"]},{\"@type\":\"Person\",\"@id\":\"https:\\\/\\\/www.italtel.com\\\/de\\\/#\\\/schema\\\/person\\\/38f315d5a978255f0cf320055bad5afe\",\"name\":\"Daniela Fontana\",\"image\":{\"@type\":\"ImageObject\",\"inLanguage\":\"es\",\"@id\":\"https:\\\/\\\/secure.gravatar.com\\\/avatar\\\/834a03b0c73144a8ca36e17dc365b3fbadb34c9e44399b609a00f2231e694f6a?s=96&d=mm&r=g\",\"url\":\"https:\\\/\\\/secure.gravatar.com\\\/avatar\\\/834a03b0c73144a8ca36e17dc365b3fbadb34c9e44399b609a00f2231e694f6a?s=96&d=mm&r=g\",\"contentUrl\":\"https:\\\/\\\/secure.gravatar.com\\\/avatar\\\/834a03b0c73144a8ca36e17dc365b3fbadb34c9e44399b609a00f2231e694f6a?s=96&d=mm&r=g\",\"caption\":\"Daniela Fontana\"}}]}<\/script>\n<!-- \/ Yoast SEO plugin. -->","yoast_head_json":{"title":"Italtel aprueba sus estados financieros de 2025 - Italtel","description":"La Junta de Accionistas de Italtel aprob\u00f3 los estados financieros del ejercicio finalizado en 2025. Italtel cerr\u00f3 2025 con sus mejores resultados de los \u00faltimos a\u00f1os, confirmando la solidez de la trayectoria de crecimiento del Grupo.","robots":{"index":"index","follow":"follow","max-snippet":"max-snippet:-1","max-image-preview":"max-image-preview:large","max-video-preview":"max-video-preview:-1"},"canonical":"https:\/\/www.italtel.com\/es\/italtel-aprueba-sus-estados-financieros-de-2025\/","og_locale":"es_ES","og_type":"article","og_title":"Italtel aprueba sus estados financieros de 2025 - Italtel","og_description":"La Junta de Accionistas de Italtel aprob\u00f3 los estados financieros del ejercicio finalizado en 2025. Italtel cerr\u00f3 2025 con sus mejores resultados de los \u00faltimos a\u00f1os, confirmando la solidez de la trayectoria de crecimiento del Grupo.","og_url":"https:\/\/www.italtel.com\/es\/italtel-aprueba-sus-estados-financieros-de-2025\/","og_site_name":"Italtel","article_published_time":"2026-04-28T09:41:29+00:00","article_modified_time":"2026-04-28T15:11:28+00:00","og_image":[{"width":1362,"height":650,"url":"https:\/\/www.italtel.com\/wp-content\/uploads\/2024\/07\/Gruppo-di-maschere-16.jpg","type":"image\/jpeg"}],"author":"Daniela Fontana","twitter_card":"summary_large_image","twitter_creator":"@Italtel","twitter_site":"@Italtel","twitter_misc":{"Escrito por":"Daniela Fontana","Tiempo de lectura":"5 minutos"},"schema":{"@context":"https:\/\/schema.org","@graph":[{"@type":"Article","@id":"https:\/\/www.italtel.com\/es\/italtel-aprueba-sus-estados-financieros-de-2025\/#article","isPartOf":{"@id":"https:\/\/www.italtel.com\/es\/italtel-aprueba-sus-estados-financieros-de-2025\/"},"author":{"name":"Daniela Fontana","@id":"https:\/\/www.italtel.com\/de\/#\/schema\/person\/38f315d5a978255f0cf320055bad5afe"},"headline":"Italtel aprueba sus estados financieros de 2025","datePublished":"2026-04-28T09:41:29+00:00","dateModified":"2026-04-28T15:11:28+00:00","mainEntityOfPage":{"@id":"https:\/\/www.italtel.com\/es\/italtel-aprueba-sus-estados-financieros-de-2025\/"},"wordCount":1280,"publisher":{"@id":"https:\/\/www.italtel.com\/de\/#organization"},"image":{"@id":"https:\/\/www.italtel.com\/es\/italtel-aprueba-sus-estados-financieros-de-2025\/#primaryimage"},"thumbnailUrl":"https:\/\/www.italtel.com\/wp-content\/uploads\/2024\/07\/Gruppo-di-maschere-16.jpg","keywords":["Company"],"articleSection":["Press release"],"inLanguage":"es"},{"@type":"WebPage","@id":"https:\/\/www.italtel.com\/es\/italtel-aprueba-sus-estados-financieros-de-2025\/","url":"https:\/\/www.italtel.com\/es\/italtel-aprueba-sus-estados-financieros-de-2025\/","name":"Italtel aprueba sus estados financieros de 2025 - Italtel","isPartOf":{"@id":"https:\/\/www.italtel.com\/de\/#website"},"primaryImageOfPage":{"@id":"https:\/\/www.italtel.com\/es\/italtel-aprueba-sus-estados-financieros-de-2025\/#primaryimage"},"image":{"@id":"https:\/\/www.italtel.com\/es\/italtel-aprueba-sus-estados-financieros-de-2025\/#primaryimage"},"thumbnailUrl":"https:\/\/www.italtel.com\/wp-content\/uploads\/2024\/07\/Gruppo-di-maschere-16.jpg","datePublished":"2026-04-28T09:41:29+00:00","dateModified":"2026-04-28T15:11:28+00:00","description":"La Junta de Accionistas de Italtel aprob\u00f3 los estados financieros del ejercicio finalizado en 2025. Italtel cerr\u00f3 2025 con sus mejores resultados de los \u00faltimos a\u00f1os, confirmando la solidez de la trayectoria de crecimiento del Grupo.","breadcrumb":{"@id":"https:\/\/www.italtel.com\/es\/italtel-aprueba-sus-estados-financieros-de-2025\/#breadcrumb"},"inLanguage":"es","potentialAction":[{"@type":"ReadAction","target":["https:\/\/www.italtel.com\/es\/italtel-aprueba-sus-estados-financieros-de-2025\/"]}]},{"@type":"ImageObject","inLanguage":"es","@id":"https:\/\/www.italtel.com\/es\/italtel-aprueba-sus-estados-financieros-de-2025\/#primaryimage","url":"https:\/\/www.italtel.com\/wp-content\/uploads\/2024\/07\/Gruppo-di-maschere-16.jpg","contentUrl":"https:\/\/www.italtel.com\/wp-content\/uploads\/2024\/07\/Gruppo-di-maschere-16.jpg","width":1362,"height":650},{"@type":"BreadcrumbList","@id":"https:\/\/www.italtel.com\/es\/italtel-aprueba-sus-estados-financieros-de-2025\/#breadcrumb","itemListElement":[{"@type":"ListItem","position":1,"name":"Home","item":"https:\/\/www.italtel.com\/es\/"},{"@type":"ListItem","position":2,"name":"Italtel aprueba sus estados financieros de 2025"}]},{"@type":"WebSite","@id":"https:\/\/www.italtel.com\/de\/#website","url":"https:\/\/www.italtel.com\/de\/","name":"Italtel","description":"Italtel Group&#039;s company website","publisher":{"@id":"https:\/\/www.italtel.com\/de\/#organization"},"potentialAction":[{"@type":"SearchAction","target":{"@type":"EntryPoint","urlTemplate":"https:\/\/www.italtel.com\/de\/?s={search_term_string}"},"query-input":{"@type":"PropertyValueSpecification","valueRequired":true,"valueName":"search_term_string"}}],"inLanguage":"es"},{"@type":"Organization","@id":"https:\/\/www.italtel.com\/de\/#organization","name":"Italtel S.p.A.","url":"https:\/\/www.italtel.com\/de\/","logo":{"@type":"ImageObject","inLanguage":"es","@id":"https:\/\/www.italtel.com\/de\/#\/schema\/logo\/image\/","url":"https:\/\/www.italtel.com\/wp-content\/uploads\/2024\/11\/Italtel_logo.png","contentUrl":"https:\/\/www.italtel.com\/wp-content\/uploads\/2024\/11\/Italtel_logo.png","width":591,"height":139,"caption":"Italtel S.p.A."},"image":{"@id":"https:\/\/www.italtel.com\/de\/#\/schema\/logo\/image\/"},"sameAs":["https:\/\/x.com\/Italtel","https:\/\/www.linkedin.com\/company\/italtel\/","https:\/\/www.instagram.com\/italtel_hq\/"]},{"@type":"Person","@id":"https:\/\/www.italtel.com\/de\/#\/schema\/person\/38f315d5a978255f0cf320055bad5afe","name":"Daniela Fontana","image":{"@type":"ImageObject","inLanguage":"es","@id":"https:\/\/secure.gravatar.com\/avatar\/834a03b0c73144a8ca36e17dc365b3fbadb34c9e44399b609a00f2231e694f6a?s=96&d=mm&r=g","url":"https:\/\/secure.gravatar.com\/avatar\/834a03b0c73144a8ca36e17dc365b3fbadb34c9e44399b609a00f2231e694f6a?s=96&d=mm&r=g","contentUrl":"https:\/\/secure.gravatar.com\/avatar\/834a03b0c73144a8ca36e17dc365b3fbadb34c9e44399b609a00f2231e694f6a?s=96&d=mm&r=g","caption":"Daniela Fontana"}}]}},"_links":{"self":[{"href":"https:\/\/www.italtel.com\/es\/wp-json\/wp\/v2\/posts\/82429","targetHints":{"allow":["GET"]}}],"collection":[{"href":"https:\/\/www.italtel.com\/es\/wp-json\/wp\/v2\/posts"}],"about":[{"href":"https:\/\/www.italtel.com\/es\/wp-json\/wp\/v2\/types\/post"}],"author":[{"embeddable":true,"href":"https:\/\/www.italtel.com\/es\/wp-json\/wp\/v2\/users\/6"}],"replies":[{"embeddable":true,"href":"https:\/\/www.italtel.com\/es\/wp-json\/wp\/v2\/comments?post=82429"}],"version-history":[{"count":5,"href":"https:\/\/www.italtel.com\/es\/wp-json\/wp\/v2\/posts\/82429\/revisions"}],"predecessor-version":[{"id":82434,"href":"https:\/\/www.italtel.com\/es\/wp-json\/wp\/v2\/posts\/82429\/revisions\/82434"}],"wp:featuredmedia":[{"embeddable":true,"href":"https:\/\/www.italtel.com\/es\/wp-json\/wp\/v2\/media\/59058"}],"wp:attachment":[{"href":"https:\/\/www.italtel.com\/es\/wp-json\/wp\/v2\/media?parent=82429"}],"wp:term":[{"taxonomy":"category","embeddable":true,"href":"https:\/\/www.italtel.com\/es\/wp-json\/wp\/v2\/categories?post=82429"},{"taxonomy":"post_tag","embeddable":true,"href":"https:\/\/www.italtel.com\/es\/wp-json\/wp\/v2\/tags?post=82429"}],"curies":[{"name":"wp","href":"https:\/\/api.w.org\/{rel}","templated":true}]}}