{"id":54589,"date":"2024-06-17T09:26:50","date_gmt":"2024-06-17T07:26:50","guid":{"rendered":"https:\/\/www.italtel.com\/lavoratori-connessi-e-piu-protetti-sul-lavoro\/"},"modified":"2024-06-17T09:26:50","modified_gmt":"2024-06-17T07:26:50","slug":"lavoratori-connessi-e-piu-protetti-sul-lavoro","status":"publish","type":"post","link":"https:\/\/www.italtel.com\/it\/lavoratori-connessi-e-piu-protetti-sul-lavoro\/","title":{"rendered":"Lavoratori connessi e pi\u00f9 protetti sul lavoro"},"content":{"rendered":"<h4 class=\"x_ContentPasted0 elementToProof\"><em><strong>Connettere i lavoratori per aumentare la loro protezione sul posto di lavoro\u00a0<\/strong><\/em><\/h4>\n<h5 class=\"x_ContentPasted0\">L&#8217;aumento degli incidenti sul lavoro<\/h5>\n<p class=\"x_MsoNormal\"><span class=\"x_ContentPasted0\">Gli incidenti sul lavoro continuano a crescere, con un totale di 92.711 denunce di infortunio presentate nei primi due mesi del 2024, un aumento del 7,2% rispetto allo stesso periodo del 2023. Questo trend sottolinea la necessit\u00e0 di adottare\u00a0<b class=\"x_ContentPasted0\">misure di sicurezza pi\u00f9 efficaci<\/b>\u00a0e di\u00a0<b class=\"x_ContentPasted0\">integrare tecnologie avanzate<\/b>\u00a0per proteggere i lavoratori. Occorre mettere al centro la persona per rilanciare il business delle imprese. \u00a0<\/span><\/p>\n<p>&nbsp;<\/p>\n<h5 class=\"x_ContentPasted0\">La sicurezza come fattore di innovazione<\/h5>\n<p class=\"x_MsoNormal\"><span class=\"x_ContentPasted0\">La sicurezza sul lavoro non deve essere percepita come un costo, ma come un fattore di\u00a0<b class=\"x_ContentPasted0\">innovazione e miglioramento della qualit\u00e0 organizzativa e delle performance<\/b>\u00a0dell\u2019impresa. L&#8217;innovazione digitale e lo smart manufacturing stanno ridefinendo l&#8217;industria moderna, introducendo concetti come real-time communication, Industrial Internet of Things (IIoT), cooperazione uomo-macchina, geolocalizzazione, gemelli digitali, prognostica, rilievi con droni, manutenzione con robot a guida laser, computer vision (CV), intelligenza artificiale (AI), realt\u00e0 aumentata (AR) e interventi telecontrollati da esperto remoto.\u00a0<\/span><\/p>\n<h5 class=\"x_ContentPasted0\">La tecnologia per la sicurezza sul lavoro<\/h5>\n<p class=\"x_MsoNormal\"><span class=\"x_ContentPasted0\">La tecnologia evolve a velocit\u00e0 esponenziale: le procedure, gli strumenti e i dispositivi di protezione devono rimanere al passo con i tempi in un processo di trasformazione, crescita e aggiornamento costante. Ma non basta: \u00e8 necessario\u00a0<b class=\"x_ContentPasted0\">creare una cultura aziendale di sicurezza e salute<\/b>\u00a0dei lavoratori, che includa formazione continua, monitoraggio del rispetto delle normative e delle disposizioni, e controllo regolare delle attrezzature, garantendo che siano censite, ispezionate, aggiornate e sempre pronte all\u2019uso.\u00a0<\/span><\/p>\n<p class=\"x_MsoNormal\"><span class=\"x_ContentPasted0\">Nelle voci a budget dei Dipartimenti di Information Technology si dovranno prevedere investimenti ICT per governare i sistemi a supporto delle strutture HSE (Health, Safety &amp; Environment\u201d).\u00a0<\/span><\/p>\n<p>&nbsp;<\/p>\n<h5 class=\"x_ContentPasted0\">L&#8217;impegno di Italtel per la sicurezza sul lavoro<\/h5>\n<p class=\"x_MsoNormal\"><span class=\"x_ContentPasted0\">Italtel sostiene che l\u2019utilizzo delle nuove tecnologie e delle opportunit\u00e0 offerte dalla digitalizzazione sia centrale in materia di salute e sicurezza sul lavoro. Questo obiettivo \u00e8 parte integrante del suo DNA valoriale, con uno sguardo sempre rivolto al futuro. Il nostro Centro Operativo \u00e8 formato da\u00a0<b class=\"x_ContentPasted0\">un team tecnico altamente qualificato<\/b>\u00a0che opera con strumenti e tecnologie di vari player presenti sul mercato nazionale ed internazionale.\u00a0<\/span><\/p>\n<h5 class=\"x_ContentPasted0\">Soluzioni avanzate per la sicurezza<\/h5>\n<p class=\"x_MsoNormal\"><i><span class=\"x_ContentPasted0\">Italtel \u00e8 all&#8217;avanguardia in questa trasformazione, fornendo soluzioni digitali che mettono la sicurezza dei lavoratori al centro delle strategie aziendali.\u00a0<\/span><\/i><span class=\"x_ContentPasted0\">Nei suoi Software Lab ha sviluppato piattaforme software per rispondere alle sfide operative di importanti imprese italiane ed internazionali. Queste piattaforme consentono il\u00a0<b class=\"x_ContentPasted0\">monitoraggio, l\u2019analisi dei dati, la valutazione predittiva e il miglioramento continuo<\/b>\u00a0della HSE. Inoltre, Italtel ha sviluppato tecnologie per monitorare il controllo degli accessi nei cantieri tramite telecamere, sensori LIDAR e sensori Time-of-Flight, sonde multiparametriche per misurare la termoigrometria degli ambienti, e analizzatori di gas per ambienti industriali complessi. Sono stati sperimentati ed integrati dispositivi portatili e perimetrazioni virtuali per governare l\u2019interferenza uomo-macchina, con sensori a bordo mezzo in grado di individuare la presenza di operatori nel raggio di azione e di attivare sistemi di allarme.\u00a0<\/span><\/p>\n<h5 class=\"x_ContentPasted0\">Gestione dei lavoratori isolati in aree remote<\/h5>\n<p class=\"x_MsoNormal\"><span class=\"x_ContentPasted0\">Italtel ha progettato una nuova soluzione per la gestione dei lavoratori isolati in aree remote, un termine che indica chi lavora in isolamento dagli altri e senza supervisione diretta. La soluzione inizia con la\u00a0<b class=\"x_ContentPasted0\">valutazione dei rischi\u00a0<\/b>e la comprensione del rischio \u00e8 propedeutica per valutare quali\u00a0<b class=\"x_ContentPasted0\">dispositivi e sistemi<\/b>\u00a0siano\u00a0<b class=\"x_ContentPasted0\">necessari<\/b>\u00a0per rispettare le normative. Per scenari a basso rischio, pu\u00f2 essere sufficiente un normale smartphone, mentre per scenari a rischio moderato \u00e8 spesso adatto un telefono di sicurezza con pulsante di allarme. In situazioni ad alto rischio, come serbatoi, pozzi, tunnel e silos, sono necessarie soluzioni di protezione dedicate con funzioni di sicurezza resilienti e connettivit\u00e0 wireless always-on multimodale.\u00a0<\/span><\/p>\n<p>&nbsp;<\/p>\n<h5 class=\"x_ContentPasted0\">La soluzione &#8220;uomo a terra&#8221;<\/h5>\n<p class=\"x_MsoNormal\"><span class=\"x_ContentPasted0\">La soluzione di Italtel per l\u2019uomo a terra \u00e8 costituita da un sistema di allarme basato su\u00a0<b class=\"x_ContentPasted0\">sensori per rilevare la localizzazione, il movimento e il mancato movimento<\/b>\u00a0del dispositivo, avviando cicli di avviso in base alle impostazioni predefinite. Quando si verifica un incidente, il dispositivo effettua la sequenza programmata di\u00a0<b class=\"x_ContentPasted0\">chiamate automatiche<\/b>\u00a0ai numeri predefiniti e\u00a0<b class=\"x_ContentPasted0\">invia la posizione<\/b>\u00a0del dispositivo alla dashboard presente in control room. I dispositivi di allarme uomo a terra rilevano l\u2019incidente correlando vari trigger indipendenti come l\u2019orientamento del dispositivo, l\u2019immobilit\u00e0, la caduta libera e l\u2019impatto.\u00a0<\/span><\/p>\n<p class=\"x_MsoNormal\"><span class=\"x_ContentPasted0\">Questi dispositivi supportano diverse tipologie di connessione wireless (2G\/3G\/4G, Wi-Fi) e possono inviare allarmi e cicli SOS tramite SMS, chiamate vocali su rete pubblica e chiamate VOIP\/WiFi.\u00a0<\/span><\/p>\n<p class=\"x_MsoNormal\"><span class=\"x_ContentPasted0\">Ad esempio, un trigger di allarme pu\u00f2 scattare se l&#8217;angolo di inclinazione del dispositivo supera una certa soglia rispetto alla posizione verticale o se l&#8217;accelerazione rilevata scende sotto un certo valore. Se l&#8217;utente non si muove, ipotizziamo a causa di perdita di coscienza, il dispositivo avvia il ciclo SOS quando l&#8217;accelerazione scende sotto il valore definito. Il ciclo SOS \u00e8 configurabile per chiamare numeri predefiniti e pu\u00f2 includere l&#8217;invio di SMS. Il dispositivo dispone anche di un client VOIP per effettuare chiamate vocali tramite rete Wi-Fi, molto utile in assenza di copertura di telefonia mobile.\u00a0<\/span><\/p>\n<p class=\"x_MsoNormal\"><span class=\"x_ContentPasted0\">Il dispositivo invia inoltre messaggi di allerta al Centro Ricezione Allarmi contenenti tutte le informazioni relative allo stato del dispositivo; in particolare include informazioni sulla posizione geografica. In caso di ambienti interni, \u00e8 possibile implementare un&#8217;infrastruttura dedicata BLE (Bluetooth Low Energy) per ottenere informazioni sulla posizione basate sulla presenza\/prossimit\u00e0. Il dispositivo, infatti, pu\u00f2 agire come un osservatore BLE, raccogliendo i segnali inviati dai beacon BLE. \u00a0<\/span><\/p>\n<p class=\"x_MsoNormal\"><span class=\"x_ContentPasted0\">La soluzione include la piattaforma Italtel basata su cloud (disponibile anche on-premise) che fornisce dashboard georeferenziata dedicata al Centro Ricezioni Allarmi, per visualizzare tutte le informazioni relative al dispositivo e supportare il personale nella gestione delle situazioni di emergenza.\u00a0<\/span><\/p>\n<p>&nbsp;<\/p>\n<h5 class=\"x_ContentPasted0\">Agevolazioni INAIL per il 2024<\/h5>\n<p class=\"x_MsoNormal\"><span class=\"x_ContentPasted0\">Anche per il 2024, l&#8217;INAIL offre la riduzione del tasso medio di tariffa alle aziende che migliorano le condizioni di sicurezza nei luoghi di lavoro oltre quanto previsto dalla normativa. I sistemi uomo a terra sono ideali per tutelare i lavoratori isolati, riconoscendo cadute, immobilit\u00e0 o mancanza di verticalit\u00e0. Adottando questi sistemi, le aziende possono accedere allo sgravio fiscale INAIL compilando il modulo OT23 e allegando la documentazione relativa agli interventi realizzati. L\u2019INAIL conceder\u00e0 la riduzione attraverso un sistema a punteggio, assegnando un valore ad ogni tipologia di intervento in rapporto alla tipologia di azienda: il punteggio assegnato ai sistemi uomo a terra pu\u00f2 variare dai 20 ai 50 punti.\u00a0<\/span><\/p>\n<h2><\/h2>\n<h5 class=\"x_ContentPasted0\">Conclusioni \u2013 Connected Workers<\/h5>\n<p class=\"x_MsoNormal\"><span class=\"x_ContentPasted0\">La trasformazione digitale offre\u00a0<b class=\"x_ContentPasted0\">un approccio rivoluzionario alla sicurezza e alla produttivit\u00e0<\/b>\u00a0dei lavoratori, combinando sicurezza dei processi e tecnologia intelligente. \u00a0<\/span><\/p>\n<p class=\"x_MsoNormal\"><span class=\"x_ContentPasted0\">Ecco alcuni vantaggi:\u00a0<\/span><\/p>\n<ul>\n<li><span class=\"x_ContentPasted0\">Rende fruibile in tempo reale uno scambio di informazioni preziose e tempestive.\u00a0<\/span><\/li>\n<li><span class=\"x_ContentPasted0\">Migliora la comunicazione tra il campo e la sala controllo, consentendo il flusso critico di informazioni e approfondimenti riguardanti potenziali pericoli e situazioni di emergenza.\u00a0<\/span><\/li>\n<li><span class=\"x_ContentPasted0\">Abilita in tempo reale il Centro di Comando con una ricca visibilit\u00e0 sullo scenario di intervento.\u00a0<\/span><\/li>\n<\/ul>\n<p class=\"x_MsoNormal\"><span class=\"x_ContentPasted0\">Grazie all\u2019ubiquit\u00e0 di AI e ML, oltre al tessuto connettivo di analisi dei dati, le aziende possono accedere a un vasto repository di controlli e insight automatizzati, risolvendo problemi in tempo reale e migliorando i processi in modo continuo. A queste tecnologie intelligenti si aggiunge il concetto di &#8220;Connected Worker&#8221;: lavoratori che possono accedere in tempo reale a informazioni rilevanti per il loro contesto e ambiente di lavoro. Questi lavoratori utilizzano dati provenienti da dispositivi mobili, sensori, tracciamento delle risorse, analisi e dispositivi indossabili per svolgere il loro lavoro in modo pi\u00f9 efficiente ed efficace.\u00a0<\/span><\/p>\n<p class=\"x_MsoNormal\"><span class=\"x_ContentPasted0\">Scopri le nostre\u00a0<\/span><a id=\"OWA12bc5131-d0cc-2c04-8aa9-63548164f3a0\" class=\"x_OWAAutoLink x_ContentPasted0\" href=\"\/?page_id=12023\" target=\"_blank\" rel=\"noopener noreferrer\" data-auth=\"NotApplicable\">soluzioni per la trasformazione digitale e lo smart manufacturing<\/a><span class=\"x_ContentPasted0\">, la\u00a0<\/span><a id=\"OWA5b3345af-82c2-be0e-f8e8-9a76ce6bdd51\" class=\"x_OWAAutoLink x_ContentPasted0\" href=\"\/?page_id=19721\" target=\"_blank\" rel=\"noopener noreferrer\" data-auth=\"NotApplicable\">cybersecurity<\/a><span class=\"x_ContentPasted0\">,\u00a0<\/span><a id=\"OWA733e35d9-545f-1a31-6ce9-bf819007fbbf\" class=\"x_OWAAutoLink x_ContentPasted0\" href=\"\/?page_id=18680\" target=\"_blank\" rel=\"noopener noreferrer\" data-auth=\"NotApplicable\">IoT e Smart Solutions<\/a><span class=\"x_ContentPasted0\">.\u00a0<\/span><\/p>\n<p class=\"x_MsoNormal\"><span class=\"x_ContentPasted0\">Oppure\u00a0<\/span><a id=\"OWAdbebe4a4-9166-28f3-56b4-010adb462e34\" class=\"x_OWAAutoLink x_ContentPasted0\" href=\"\/?page_id=1961\" target=\"_blank\" rel=\"noopener noreferrer\" data-auth=\"NotApplicable\">contattaci<\/a><span class=\"x_ContentPasted0\">\u00a0per saperne di pi\u00f9.\u00a0<\/span><\/p>\n","protected":false},"excerpt":{"rendered":"<p>Connettere i lavoratori per aumentare la loro protezione sul posto di lavoro\u00a0 L&#8217;aumento degli incidenti sul lavoro Gli incidenti sul lavoro continuano a crescere, con un totale di 92.711 denunce&nbsp;&#8230;<\/p>\n","protected":false},"author":6,"featured_media":47664,"comment_status":"closed","ping_status":"closed","sticky":false,"template":"","format":"standard","meta":{"footnotes":""},"categories":[394],"tags":[397,398,399,417,422,402,403,404,405,406,407,408,409],"class_list":["post-54589","post","type-post","status-publish","format-standard","has-post-thumbnail","hentry","category-focus-it","tag-agevolazioni-inail","tag-ai","tag-ar","tag-cisco","tag-cyber-security","tag-industrial-iot","tag-intelligenza-artificiale","tag-internet-of-things","tag-lavoratori-connessi","tag-realta-aumentata","tag-realta-virtuale","tag-salute-e-sicurezza-sul-lavoro","tag-vr"],"yoast_head":"<!-- This site is optimized with the Yoast SEO plugin v27.4 - https:\/\/yoast.com\/product\/yoast-seo-wordpress\/ -->\n<title>Lavoratori connessi e pi\u00f9 protetti sul lavoro - Italtel<\/title>\n<meta name=\"robots\" content=\"index, follow, max-snippet:-1, max-image-preview:large, max-video-preview:-1\" \/>\n<link rel=\"canonical\" href=\"https:\/\/www.italtel.com\/it\/lavoratori-connessi-e-piu-protetti-sul-lavoro\/\" \/>\n<meta property=\"og:locale\" content=\"it_IT\" \/>\n<meta property=\"og:type\" content=\"article\" \/>\n<meta property=\"og:title\" content=\"Lavoratori connessi e pi\u00f9 protetti sul lavoro - Italtel\" \/>\n<meta property=\"og:description\" content=\"Connettere i lavoratori per aumentare la loro protezione sul posto di lavoro\u00a0 L&#8217;aumento degli incidenti sul lavoro Gli incidenti sul lavoro continuano a crescere, con un totale di 92.711 denunce&nbsp;...\" \/>\n<meta property=\"og:url\" content=\"https:\/\/www.italtel.com\/it\/lavoratori-connessi-e-piu-protetti-sul-lavoro\/\" \/>\n<meta property=\"og:site_name\" content=\"Italtel\" \/>\n<meta property=\"article:published_time\" content=\"2024-06-17T07:26:50+00:00\" \/>\n<meta property=\"og:image\" content=\"https:\/\/www.italtel.com\/wp-content\/uploads\/2024\/01\/paolo-brazzabeni-man-down-focus.jpg\" \/>\n\t<meta property=\"og:image:width\" content=\"1080\" \/>\n\t<meta property=\"og:image:height\" content=\"1080\" \/>\n\t<meta property=\"og:image:type\" content=\"image\/jpeg\" \/>\n<meta name=\"author\" content=\"Daniela Fontana\" \/>\n<meta name=\"twitter:card\" content=\"summary_large_image\" \/>\n<meta name=\"twitter:creator\" content=\"@Italtel\" \/>\n<meta name=\"twitter:site\" content=\"@Italtel\" \/>\n<meta name=\"twitter:label1\" content=\"Scritto da\" \/>\n\t<meta name=\"twitter:data1\" content=\"Daniela Fontana\" \/>\n\t<meta name=\"twitter:label2\" content=\"Tempo di lettura stimato\" \/>\n\t<meta name=\"twitter:data2\" content=\"6 minuti\" \/>\n<script type=\"application\/ld+json\" class=\"yoast-schema-graph\">{\"@context\":\"https:\\\/\\\/schema.org\",\"@graph\":[{\"@type\":\"Article\",\"@id\":\"https:\\\/\\\/www.italtel.com\\\/it\\\/lavoratori-connessi-e-piu-protetti-sul-lavoro\\\/#article\",\"isPartOf\":{\"@id\":\"https:\\\/\\\/www.italtel.com\\\/it\\\/lavoratori-connessi-e-piu-protetti-sul-lavoro\\\/\"},\"author\":{\"name\":\"Daniela Fontana\",\"@id\":\"https:\\\/\\\/www.italtel.com\\\/de\\\/#\\\/schema\\\/person\\\/38f315d5a978255f0cf320055bad5afe\"},\"headline\":\"Lavoratori connessi e pi\u00f9 protetti sul lavoro\",\"datePublished\":\"2024-06-17T07:26:50+00:00\",\"mainEntityOfPage\":{\"@id\":\"https:\\\/\\\/www.italtel.com\\\/it\\\/lavoratori-connessi-e-piu-protetti-sul-lavoro\\\/\"},\"wordCount\":1255,\"publisher\":{\"@id\":\"https:\\\/\\\/www.italtel.com\\\/de\\\/#organization\"},\"image\":{\"@id\":\"https:\\\/\\\/www.italtel.com\\\/it\\\/lavoratori-connessi-e-piu-protetti-sul-lavoro\\\/#primaryimage\"},\"thumbnailUrl\":\"https:\\\/\\\/www.italtel.com\\\/wp-content\\\/uploads\\\/2024\\\/01\\\/paolo-brazzabeni-man-down-focus.jpg\",\"keywords\":[\"Agevolazioni INAIL\",\"AI\",\"AR\",\"Cisco\",\"Cyber Security\",\"Industrial IoT\",\"Intelligenza artificiale\",\"Internet of things\",\"Lavoratori connessi\",\"Realt\u00e0 aumentata\",\"Realt\u00e0 virtuale\",\"Salute e sicurezza sul lavoro\",\"VR\"],\"articleSection\":[\"Focus\"],\"inLanguage\":\"it-IT\"},{\"@type\":\"WebPage\",\"@id\":\"https:\\\/\\\/www.italtel.com\\\/it\\\/lavoratori-connessi-e-piu-protetti-sul-lavoro\\\/\",\"url\":\"https:\\\/\\\/www.italtel.com\\\/it\\\/lavoratori-connessi-e-piu-protetti-sul-lavoro\\\/\",\"name\":\"Lavoratori connessi e pi\u00f9 protetti sul lavoro - Italtel\",\"isPartOf\":{\"@id\":\"https:\\\/\\\/www.italtel.com\\\/de\\\/#website\"},\"primaryImageOfPage\":{\"@id\":\"https:\\\/\\\/www.italtel.com\\\/it\\\/lavoratori-connessi-e-piu-protetti-sul-lavoro\\\/#primaryimage\"},\"image\":{\"@id\":\"https:\\\/\\\/www.italtel.com\\\/it\\\/lavoratori-connessi-e-piu-protetti-sul-lavoro\\\/#primaryimage\"},\"thumbnailUrl\":\"https:\\\/\\\/www.italtel.com\\\/wp-content\\\/uploads\\\/2024\\\/01\\\/paolo-brazzabeni-man-down-focus.jpg\",\"datePublished\":\"2024-06-17T07:26:50+00:00\",\"breadcrumb\":{\"@id\":\"https:\\\/\\\/www.italtel.com\\\/it\\\/lavoratori-connessi-e-piu-protetti-sul-lavoro\\\/#breadcrumb\"},\"inLanguage\":\"it-IT\",\"potentialAction\":[{\"@type\":\"ReadAction\",\"target\":[\"https:\\\/\\\/www.italtel.com\\\/it\\\/lavoratori-connessi-e-piu-protetti-sul-lavoro\\\/\"]}]},{\"@type\":\"ImageObject\",\"inLanguage\":\"it-IT\",\"@id\":\"https:\\\/\\\/www.italtel.com\\\/it\\\/lavoratori-connessi-e-piu-protetti-sul-lavoro\\\/#primaryimage\",\"url\":\"https:\\\/\\\/www.italtel.com\\\/wp-content\\\/uploads\\\/2024\\\/01\\\/paolo-brazzabeni-man-down-focus.jpg\",\"contentUrl\":\"https:\\\/\\\/www.italtel.com\\\/wp-content\\\/uploads\\\/2024\\\/01\\\/paolo-brazzabeni-man-down-focus.jpg\",\"width\":1080,\"height\":1080},{\"@type\":\"BreadcrumbList\",\"@id\":\"https:\\\/\\\/www.italtel.com\\\/it\\\/lavoratori-connessi-e-piu-protetti-sul-lavoro\\\/#breadcrumb\",\"itemListElement\":[{\"@type\":\"ListItem\",\"position\":1,\"name\":\"Home\",\"item\":\"https:\\\/\\\/www.italtel.com\\\/it\\\/\"},{\"@type\":\"ListItem\",\"position\":2,\"name\":\"Lavoratori connessi e pi\u00f9 protetti sul lavoro\"}]},{\"@type\":\"WebSite\",\"@id\":\"https:\\\/\\\/www.italtel.com\\\/de\\\/#website\",\"url\":\"https:\\\/\\\/www.italtel.com\\\/de\\\/\",\"name\":\"Italtel\",\"description\":\"Italtel Group&#039;s company website\",\"publisher\":{\"@id\":\"https:\\\/\\\/www.italtel.com\\\/de\\\/#organization\"},\"potentialAction\":[{\"@type\":\"SearchAction\",\"target\":{\"@type\":\"EntryPoint\",\"urlTemplate\":\"https:\\\/\\\/www.italtel.com\\\/de\\\/?s={search_term_string}\"},\"query-input\":{\"@type\":\"PropertyValueSpecification\",\"valueRequired\":true,\"valueName\":\"search_term_string\"}}],\"inLanguage\":\"it-IT\"},{\"@type\":\"Organization\",\"@id\":\"https:\\\/\\\/www.italtel.com\\\/de\\\/#organization\",\"name\":\"Italtel S.p.A.\",\"url\":\"https:\\\/\\\/www.italtel.com\\\/de\\\/\",\"logo\":{\"@type\":\"ImageObject\",\"inLanguage\":\"it-IT\",\"@id\":\"https:\\\/\\\/www.italtel.com\\\/de\\\/#\\\/schema\\\/logo\\\/image\\\/\",\"url\":\"https:\\\/\\\/www.italtel.com\\\/wp-content\\\/uploads\\\/2024\\\/11\\\/Italtel_logo.png\",\"contentUrl\":\"https:\\\/\\\/www.italtel.com\\\/wp-content\\\/uploads\\\/2024\\\/11\\\/Italtel_logo.png\",\"width\":591,\"height\":139,\"caption\":\"Italtel S.p.A.\"},\"image\":{\"@id\":\"https:\\\/\\\/www.italtel.com\\\/de\\\/#\\\/schema\\\/logo\\\/image\\\/\"},\"sameAs\":[\"https:\\\/\\\/x.com\\\/Italtel\",\"https:\\\/\\\/www.linkedin.com\\\/company\\\/italtel\\\/\",\"https:\\\/\\\/www.instagram.com\\\/italtel_hq\\\/\"]},{\"@type\":\"Person\",\"@id\":\"https:\\\/\\\/www.italtel.com\\\/de\\\/#\\\/schema\\\/person\\\/38f315d5a978255f0cf320055bad5afe\",\"name\":\"Daniela Fontana\",\"image\":{\"@type\":\"ImageObject\",\"inLanguage\":\"it-IT\",\"@id\":\"https:\\\/\\\/secure.gravatar.com\\\/avatar\\\/834a03b0c73144a8ca36e17dc365b3fbadb34c9e44399b609a00f2231e694f6a?s=96&d=mm&r=g\",\"url\":\"https:\\\/\\\/secure.gravatar.com\\\/avatar\\\/834a03b0c73144a8ca36e17dc365b3fbadb34c9e44399b609a00f2231e694f6a?s=96&d=mm&r=g\",\"contentUrl\":\"https:\\\/\\\/secure.gravatar.com\\\/avatar\\\/834a03b0c73144a8ca36e17dc365b3fbadb34c9e44399b609a00f2231e694f6a?s=96&d=mm&r=g\",\"caption\":\"Daniela Fontana\"}}]}<\/script>\n<!-- \/ Yoast SEO plugin. -->","yoast_head_json":{"title":"Lavoratori connessi e pi\u00f9 protetti sul lavoro - Italtel","robots":{"index":"index","follow":"follow","max-snippet":"max-snippet:-1","max-image-preview":"max-image-preview:large","max-video-preview":"max-video-preview:-1"},"canonical":"https:\/\/www.italtel.com\/it\/lavoratori-connessi-e-piu-protetti-sul-lavoro\/","og_locale":"it_IT","og_type":"article","og_title":"Lavoratori connessi e pi\u00f9 protetti sul lavoro - Italtel","og_description":"Connettere i lavoratori per aumentare la loro protezione sul posto di lavoro\u00a0 L&#8217;aumento degli incidenti sul lavoro Gli incidenti sul lavoro continuano a crescere, con un totale di 92.711 denunce&nbsp;...","og_url":"https:\/\/www.italtel.com\/it\/lavoratori-connessi-e-piu-protetti-sul-lavoro\/","og_site_name":"Italtel","article_published_time":"2024-06-17T07:26:50+00:00","og_image":[{"width":1080,"height":1080,"url":"https:\/\/www.italtel.com\/wp-content\/uploads\/2024\/01\/paolo-brazzabeni-man-down-focus.jpg","type":"image\/jpeg"}],"author":"Daniela Fontana","twitter_card":"summary_large_image","twitter_creator":"@Italtel","twitter_site":"@Italtel","twitter_misc":{"Scritto da":"Daniela Fontana","Tempo di lettura stimato":"6 minuti"},"schema":{"@context":"https:\/\/schema.org","@graph":[{"@type":"Article","@id":"https:\/\/www.italtel.com\/it\/lavoratori-connessi-e-piu-protetti-sul-lavoro\/#article","isPartOf":{"@id":"https:\/\/www.italtel.com\/it\/lavoratori-connessi-e-piu-protetti-sul-lavoro\/"},"author":{"name":"Daniela Fontana","@id":"https:\/\/www.italtel.com\/de\/#\/schema\/person\/38f315d5a978255f0cf320055bad5afe"},"headline":"Lavoratori connessi e pi\u00f9 protetti sul lavoro","datePublished":"2024-06-17T07:26:50+00:00","mainEntityOfPage":{"@id":"https:\/\/www.italtel.com\/it\/lavoratori-connessi-e-piu-protetti-sul-lavoro\/"},"wordCount":1255,"publisher":{"@id":"https:\/\/www.italtel.com\/de\/#organization"},"image":{"@id":"https:\/\/www.italtel.com\/it\/lavoratori-connessi-e-piu-protetti-sul-lavoro\/#primaryimage"},"thumbnailUrl":"https:\/\/www.italtel.com\/wp-content\/uploads\/2024\/01\/paolo-brazzabeni-man-down-focus.jpg","keywords":["Agevolazioni INAIL","AI","AR","Cisco","Cyber Security","Industrial IoT","Intelligenza artificiale","Internet of things","Lavoratori connessi","Realt\u00e0 aumentata","Realt\u00e0 virtuale","Salute e sicurezza sul lavoro","VR"],"articleSection":["Focus"],"inLanguage":"it-IT"},{"@type":"WebPage","@id":"https:\/\/www.italtel.com\/it\/lavoratori-connessi-e-piu-protetti-sul-lavoro\/","url":"https:\/\/www.italtel.com\/it\/lavoratori-connessi-e-piu-protetti-sul-lavoro\/","name":"Lavoratori connessi e pi\u00f9 protetti sul lavoro - Italtel","isPartOf":{"@id":"https:\/\/www.italtel.com\/de\/#website"},"primaryImageOfPage":{"@id":"https:\/\/www.italtel.com\/it\/lavoratori-connessi-e-piu-protetti-sul-lavoro\/#primaryimage"},"image":{"@id":"https:\/\/www.italtel.com\/it\/lavoratori-connessi-e-piu-protetti-sul-lavoro\/#primaryimage"},"thumbnailUrl":"https:\/\/www.italtel.com\/wp-content\/uploads\/2024\/01\/paolo-brazzabeni-man-down-focus.jpg","datePublished":"2024-06-17T07:26:50+00:00","breadcrumb":{"@id":"https:\/\/www.italtel.com\/it\/lavoratori-connessi-e-piu-protetti-sul-lavoro\/#breadcrumb"},"inLanguage":"it-IT","potentialAction":[{"@type":"ReadAction","target":["https:\/\/www.italtel.com\/it\/lavoratori-connessi-e-piu-protetti-sul-lavoro\/"]}]},{"@type":"ImageObject","inLanguage":"it-IT","@id":"https:\/\/www.italtel.com\/it\/lavoratori-connessi-e-piu-protetti-sul-lavoro\/#primaryimage","url":"https:\/\/www.italtel.com\/wp-content\/uploads\/2024\/01\/paolo-brazzabeni-man-down-focus.jpg","contentUrl":"https:\/\/www.italtel.com\/wp-content\/uploads\/2024\/01\/paolo-brazzabeni-man-down-focus.jpg","width":1080,"height":1080},{"@type":"BreadcrumbList","@id":"https:\/\/www.italtel.com\/it\/lavoratori-connessi-e-piu-protetti-sul-lavoro\/#breadcrumb","itemListElement":[{"@type":"ListItem","position":1,"name":"Home","item":"https:\/\/www.italtel.com\/it\/"},{"@type":"ListItem","position":2,"name":"Lavoratori connessi e pi\u00f9 protetti sul lavoro"}]},{"@type":"WebSite","@id":"https:\/\/www.italtel.com\/de\/#website","url":"https:\/\/www.italtel.com\/de\/","name":"Italtel","description":"Italtel Group&#039;s company website","publisher":{"@id":"https:\/\/www.italtel.com\/de\/#organization"},"potentialAction":[{"@type":"SearchAction","target":{"@type":"EntryPoint","urlTemplate":"https:\/\/www.italtel.com\/de\/?s={search_term_string}"},"query-input":{"@type":"PropertyValueSpecification","valueRequired":true,"valueName":"search_term_string"}}],"inLanguage":"it-IT"},{"@type":"Organization","@id":"https:\/\/www.italtel.com\/de\/#organization","name":"Italtel S.p.A.","url":"https:\/\/www.italtel.com\/de\/","logo":{"@type":"ImageObject","inLanguage":"it-IT","@id":"https:\/\/www.italtel.com\/de\/#\/schema\/logo\/image\/","url":"https:\/\/www.italtel.com\/wp-content\/uploads\/2024\/11\/Italtel_logo.png","contentUrl":"https:\/\/www.italtel.com\/wp-content\/uploads\/2024\/11\/Italtel_logo.png","width":591,"height":139,"caption":"Italtel S.p.A."},"image":{"@id":"https:\/\/www.italtel.com\/de\/#\/schema\/logo\/image\/"},"sameAs":["https:\/\/x.com\/Italtel","https:\/\/www.linkedin.com\/company\/italtel\/","https:\/\/www.instagram.com\/italtel_hq\/"]},{"@type":"Person","@id":"https:\/\/www.italtel.com\/de\/#\/schema\/person\/38f315d5a978255f0cf320055bad5afe","name":"Daniela Fontana","image":{"@type":"ImageObject","inLanguage":"it-IT","@id":"https:\/\/secure.gravatar.com\/avatar\/834a03b0c73144a8ca36e17dc365b3fbadb34c9e44399b609a00f2231e694f6a?s=96&d=mm&r=g","url":"https:\/\/secure.gravatar.com\/avatar\/834a03b0c73144a8ca36e17dc365b3fbadb34c9e44399b609a00f2231e694f6a?s=96&d=mm&r=g","contentUrl":"https:\/\/secure.gravatar.com\/avatar\/834a03b0c73144a8ca36e17dc365b3fbadb34c9e44399b609a00f2231e694f6a?s=96&d=mm&r=g","caption":"Daniela Fontana"}}]}},"_links":{"self":[{"href":"https:\/\/www.italtel.com\/it\/wp-json\/wp\/v2\/posts\/54589","targetHints":{"allow":["GET"]}}],"collection":[{"href":"https:\/\/www.italtel.com\/it\/wp-json\/wp\/v2\/posts"}],"about":[{"href":"https:\/\/www.italtel.com\/it\/wp-json\/wp\/v2\/types\/post"}],"author":[{"embeddable":true,"href":"https:\/\/www.italtel.com\/it\/wp-json\/wp\/v2\/users\/6"}],"replies":[{"embeddable":true,"href":"https:\/\/www.italtel.com\/it\/wp-json\/wp\/v2\/comments?post=54589"}],"version-history":[{"count":1,"href":"https:\/\/www.italtel.com\/it\/wp-json\/wp\/v2\/posts\/54589\/revisions"}],"predecessor-version":[{"id":57780,"href":"https:\/\/www.italtel.com\/it\/wp-json\/wp\/v2\/posts\/54589\/revisions\/57780"}],"wp:featuredmedia":[{"embeddable":true,"href":"https:\/\/www.italtel.com\/it\/wp-json\/wp\/v2\/media\/47664"}],"wp:attachment":[{"href":"https:\/\/www.italtel.com\/it\/wp-json\/wp\/v2\/media?parent=54589"}],"wp:term":[{"taxonomy":"category","embeddable":true,"href":"https:\/\/www.italtel.com\/it\/wp-json\/wp\/v2\/categories?post=54589"},{"taxonomy":"post_tag","embeddable":true,"href":"https:\/\/www.italtel.com\/it\/wp-json\/wp\/v2\/tags?post=54589"}],"curies":[{"name":"wp","href":"https:\/\/api.w.org\/{rel}","templated":true}]}}