{"id":54629,"date":"2024-01-15T09:30:37","date_gmt":"2024-01-15T07:30:37","guid":{"rendered":"https:\/\/www.italtel.com\/una-vita-di-lavoro-in-italtel-nel-mondo-stem\/"},"modified":"2024-10-10T14:14:34","modified_gmt":"2024-10-10T12:14:34","slug":"una-vita-di-lavoro-in-italtel-nel-mondo-stem","status":"publish","type":"post","link":"https:\/\/www.italtel.com\/it\/una-vita-di-lavoro-in-italtel-nel-mondo-stem\/","title":{"rendered":"Una vita di lavoro in Italtel, nel mondo STEM"},"content":{"rendered":"<img decoding=\"async\" class=\"alignleft\" src=\"https:\/\/www.italtel.com\/content\/uploads\/2024\/01\/laura-rech-foto-300x300.jpg\" alt=\"Laura Rech foto\" \/>Ciao, sono Laura Rech, e voglio raccontarvi il mio interessante viaggio di quasi 30 anni in Italtel, un percorso che ha plasmato la mia carriera nel vasto universo delle telecomunicazioni e delle scienze dell&#8217;informazione.\r\n\r\nLa mia avventura \u00e8 iniziata nel 1994, dopo aver conseguito la laurea in Scienze dell&#8217;Informazione presso l&#8217;Universit\u00e0 degli Studi di Milano.\r\n\r\nItaltel mi ha accolto quando ero molto giovane e inesperta, mi ha permesso di conoscere a fondo il mondo delle telecomunicazioni, di applicare in una realt\u00e0 industriale le conoscenze acquisite in ambito universitario, ma soprattutto di sfruttare le mie capacit\u00e0, potenzialit\u00e0 e attitudini.\r\n<h5>Prima vera esperienza \u2026 e unica<\/h5>\r\nHo sempre avuto predilezione per le materie scientifiche, soprattutto per la matematica, e, al termine del liceo, ho voluto fare un \u201csalto nel buio\u201d, iscrivendomi al corso di laurea in Scienze dell\u2019Informazione, materia di cui non avevo conoscenze pregresse, ma che si stava delineando di fondamentale importanza nello sviluppo tecnologico e che sarebbe sempre pi\u00f9 stata indispensabile.\r\n\r\nSi tenga presente che a Milano il corso era presente solo da pochissimi anni!\r\n\r\nDopo una brevissima esperienza da consulente, Italtel \u00e8 stata la prima azienda in cui ho lavorato \u2026 e tuttora ne sono parte.\r\n\r\nItaltel mi ha dato la possibilit\u00e0 di studiare, di crescere in un contesto dinamico e tecnologico e, insieme alla mia forza di volont\u00e0 e alla mia voglia di imparare e di rimettermi in gioco, di costruire un lungo percorso lavorativo. La formazione in azienda \u00e8 stata importante e mi ha consentito principalmente di sviluppare conoscenze in ambito telecomunicazioni, che non erano previste nel mio percorso di studi universitario, e di perfezionare il mio inglese. Fondamentale \u00e8 stata anche l\u2019acquisizione del know-how day-by-day dai colleghi esperti.\r\n<h5>Un percorso versatile e motivante<\/h5>\r\nIl mio percorso in Italtel \u00e8 stato diversificato: da Software Engineer a System Engineer e Product Manager, fino a diventare un punto di riferimento tecnico per il nostro cliente principale in ambito Telco, per il quale seguo progetti sia in fase di pre-sale, in supporto alle vendite, sia di post-sale.\r\n\r\nQuesto cammino ha richiesto impegno, costanza e flessibilit\u00e0, specialmente in occasione delle maternit\u00e0. Tuttavia, \u00e8 stato proprio al rientro da uno di questi periodi, nel 2002, che ho avuto l&#8217;opportunit\u00e0 di contribuire attivamente allo sviluppo di nuove tecnologie, come lo studio pionieristico del protocollo SIP, che proprio quell\u2019anno era stato definitivamente normato dall\u2019ente di standardizzazione.\r\n\r\nCi\u00f2 mi ha permesso di seguire i primi progetti di reti VoIP in azienda, basate proprio sul protocollo SIP, e di poter in seguito sfruttare questo background per studiare soluzioni di rete direttamente con i clienti. Il confronto diretto con il cliente \u00e8 impegnativo, ma credo sia molto stimolante e permetta di capire nel concreto quali siano le esigenze del mercato. Ritengo di fondamentale importanza istaurare una buona relazione con il cliente, basata sul riconoscimento professionale reciproco.\r\n<h5>Italtel: una famiglia professionale<\/h5>\r\nL\u2019ambiente di lavoro \u00e8 sempre stato un punto di forza di Italtel. Italtel \u00e8 stata ed \u00e8 tuttora la mia \u201cfamiglia\u201d lavorativa, caratterizzata da una forte collaborazione all\u2019interno dei team di lavoro ed una focalizzazione all\u2019obiettivo comune.\r\n\r\nRiconoscimento e rispetto, sia a livello professionale che personale, sono gli elementi chiave che rendono Italtel un ambiente unico in cui lavorare serenamente.\r\n\r\nNel corso della mia carriera professionale, ho sempre avuto un ottimo rapporto con i miei responsabili, che hanno saputo riconoscere ed evidenziare le mie capacit\u00e0, lasciandomi parecchia autonomia, pur essendo presenti se e quando le situazioni lo richiedevano.\r\n<h5>Equilibrio tra lavoro e famiglia<\/h5>\r\nFin dall\u2019inizio della mia esperienza in Italtel ho avuto la possibilit\u00e0 di conciliare le attivit\u00e0 professionali e la mia vita privata in maniera proficua. Gli orari flessibili ed il lavoro per obiettivi mi hanno consentito di essere una mamma presente, di gestire gli impegni familiari e, allo stesso tempo, di portare a termine tutte le attivit\u00e0 lavorative nei tempi richiesti.\r\n\r\nLo Smart Working, introdotto anticipatamente rispetto alla pandemia, ha ulteriormente agevolato questo delicato equilibrio tra lavoro e vita privata.\r\n<h5>Invito a considerare la carriera STEM<\/h5>\r\nIn conclusione, Italtel \u00e8 molto pi\u00f9 di un luogo di lavoro per me. \u00c8 il mio ambiente naturale, un bacino di conoscenze e opportunit\u00e0 nel campo tecnologico. Invito tutte le ragazze e le donne appassionate di tecnologia a considerare una carriera in ambito STEM, un settore che Italtel abbraccia e in cui ha dimostrato un impegno costante.\r\n\r\nInsieme, possiamo partecipare al futuro della tecnologia e ispirare nuove generazioni a percorrere strade innovative in un mondo STEM in continua evoluzione!\r\n\r\n&nbsp;\r\n\r\n&nbsp;\r\n\r\n&nbsp;","protected":false},"excerpt":{"rendered":"<p>Ciao, sono Laura Rech, e voglio raccontarvi il mio interessante viaggio di quasi 30 anni in Italtel, un percorso che ha plasmato la mia carriera nel vasto universo delle telecomunicazioni&nbsp;&#8230;<\/p>\n","protected":false},"author":6,"featured_media":58270,"comment_status":"closed","ping_status":"closed","sticky":false,"template":"","format":"standard","meta":{"footnotes":""},"categories":[394,803],"tags":[482,483,392],"class_list":["post-54629","post","type-post","status-publish","format-standard","has-post-thumbnail","hentry","category-focus-it","category-interview-it","tag-newitaltel","tag-girls-in-tech","tag-our-people"],"yoast_head":"<!-- This site is optimized with the Yoast SEO plugin v27.4 - https:\/\/yoast.com\/product\/yoast-seo-wordpress\/ -->\n<title>Una vita di lavoro in Italtel, nel mondo STEM - Italtel<\/title>\n<meta name=\"robots\" content=\"index, follow, max-snippet:-1, max-image-preview:large, max-video-preview:-1\" \/>\n<link rel=\"canonical\" href=\"https:\/\/www.italtel.com\/it\/una-vita-di-lavoro-in-italtel-nel-mondo-stem\/\" \/>\n<meta property=\"og:locale\" content=\"it_IT\" \/>\n<meta property=\"og:type\" content=\"article\" \/>\n<meta property=\"og:title\" content=\"Una vita di lavoro in Italtel, nel mondo STEM - Italtel\" \/>\n<meta property=\"og:description\" content=\"Ciao, sono Laura Rech, e voglio raccontarvi il mio interessante viaggio di quasi 30 anni in Italtel, un percorso che ha plasmato la mia carriera nel vasto universo delle telecomunicazioni&nbsp;...\" \/>\n<meta property=\"og:url\" content=\"https:\/\/www.italtel.com\/it\/una-vita-di-lavoro-in-italtel-nel-mondo-stem\/\" \/>\n<meta property=\"og:site_name\" content=\"Italtel\" \/>\n<meta property=\"article:published_time\" content=\"2024-01-15T07:30:37+00:00\" \/>\n<meta property=\"article:modified_time\" content=\"2024-10-10T12:14:34+00:00\" \/>\n<meta property=\"og:image\" content=\"https:\/\/www.italtel.com\/wp-content\/uploads\/2024\/08\/Italtel_LauraRech.webp\" \/>\n\t<meta property=\"og:image:width\" content=\"1357\" \/>\n\t<meta property=\"og:image:height\" content=\"817\" \/>\n\t<meta property=\"og:image:type\" content=\"image\/webp\" \/>\n<meta name=\"author\" content=\"Daniela Fontana\" \/>\n<meta name=\"twitter:card\" content=\"summary_large_image\" \/>\n<meta name=\"twitter:creator\" content=\"@Italtel\" \/>\n<meta name=\"twitter:site\" content=\"@Italtel\" \/>\n<meta name=\"twitter:label1\" content=\"Scritto da\" \/>\n\t<meta name=\"twitter:data1\" content=\"Daniela Fontana\" \/>\n\t<meta name=\"twitter:label2\" content=\"Tempo di lettura stimato\" \/>\n\t<meta name=\"twitter:data2\" content=\"4 minuti\" \/>\n<script type=\"application\/ld+json\" class=\"yoast-schema-graph\">{\"@context\":\"https:\\\/\\\/schema.org\",\"@graph\":[{\"@type\":\"Article\",\"@id\":\"https:\\\/\\\/www.italtel.com\\\/it\\\/una-vita-di-lavoro-in-italtel-nel-mondo-stem\\\/#article\",\"isPartOf\":{\"@id\":\"https:\\\/\\\/www.italtel.com\\\/it\\\/una-vita-di-lavoro-in-italtel-nel-mondo-stem\\\/\"},\"author\":{\"name\":\"Daniela Fontana\",\"@id\":\"https:\\\/\\\/www.italtel.com\\\/de\\\/#\\\/schema\\\/person\\\/38f315d5a978255f0cf320055bad5afe\"},\"headline\":\"Una vita di lavoro in Italtel, nel mondo STEM\",\"datePublished\":\"2024-01-15T07:30:37+00:00\",\"dateModified\":\"2024-10-10T12:14:34+00:00\",\"mainEntityOfPage\":{\"@id\":\"https:\\\/\\\/www.italtel.com\\\/it\\\/una-vita-di-lavoro-in-italtel-nel-mondo-stem\\\/\"},\"wordCount\":747,\"publisher\":{\"@id\":\"https:\\\/\\\/www.italtel.com\\\/de\\\/#organization\"},\"image\":{\"@id\":\"https:\\\/\\\/www.italtel.com\\\/it\\\/una-vita-di-lavoro-in-italtel-nel-mondo-stem\\\/#primaryimage\"},\"thumbnailUrl\":\"https:\\\/\\\/www.italtel.com\\\/wp-content\\\/uploads\\\/2024\\\/08\\\/Italtel_LauraRech.webp\",\"keywords\":[\"#newitaltel\",\"Girls in tech\",\"our people\"],\"articleSection\":[\"Focus\",\"Interview\"],\"inLanguage\":\"it-IT\"},{\"@type\":\"WebPage\",\"@id\":\"https:\\\/\\\/www.italtel.com\\\/it\\\/una-vita-di-lavoro-in-italtel-nel-mondo-stem\\\/\",\"url\":\"https:\\\/\\\/www.italtel.com\\\/it\\\/una-vita-di-lavoro-in-italtel-nel-mondo-stem\\\/\",\"name\":\"Una vita di lavoro in Italtel, nel mondo STEM - Italtel\",\"isPartOf\":{\"@id\":\"https:\\\/\\\/www.italtel.com\\\/de\\\/#website\"},\"primaryImageOfPage\":{\"@id\":\"https:\\\/\\\/www.italtel.com\\\/it\\\/una-vita-di-lavoro-in-italtel-nel-mondo-stem\\\/#primaryimage\"},\"image\":{\"@id\":\"https:\\\/\\\/www.italtel.com\\\/it\\\/una-vita-di-lavoro-in-italtel-nel-mondo-stem\\\/#primaryimage\"},\"thumbnailUrl\":\"https:\\\/\\\/www.italtel.com\\\/wp-content\\\/uploads\\\/2024\\\/08\\\/Italtel_LauraRech.webp\",\"datePublished\":\"2024-01-15T07:30:37+00:00\",\"dateModified\":\"2024-10-10T12:14:34+00:00\",\"breadcrumb\":{\"@id\":\"https:\\\/\\\/www.italtel.com\\\/it\\\/una-vita-di-lavoro-in-italtel-nel-mondo-stem\\\/#breadcrumb\"},\"inLanguage\":\"it-IT\",\"potentialAction\":[{\"@type\":\"ReadAction\",\"target\":[\"https:\\\/\\\/www.italtel.com\\\/it\\\/una-vita-di-lavoro-in-italtel-nel-mondo-stem\\\/\"]}]},{\"@type\":\"ImageObject\",\"inLanguage\":\"it-IT\",\"@id\":\"https:\\\/\\\/www.italtel.com\\\/it\\\/una-vita-di-lavoro-in-italtel-nel-mondo-stem\\\/#primaryimage\",\"url\":\"https:\\\/\\\/www.italtel.com\\\/wp-content\\\/uploads\\\/2024\\\/08\\\/Italtel_LauraRech.webp\",\"contentUrl\":\"https:\\\/\\\/www.italtel.com\\\/wp-content\\\/uploads\\\/2024\\\/08\\\/Italtel_LauraRech.webp\",\"width\":1357,\"height\":817},{\"@type\":\"BreadcrumbList\",\"@id\":\"https:\\\/\\\/www.italtel.com\\\/it\\\/una-vita-di-lavoro-in-italtel-nel-mondo-stem\\\/#breadcrumb\",\"itemListElement\":[{\"@type\":\"ListItem\",\"position\":1,\"name\":\"Home\",\"item\":\"https:\\\/\\\/www.italtel.com\\\/it\\\/\"},{\"@type\":\"ListItem\",\"position\":2,\"name\":\"Una vita di lavoro in Italtel, nel mondo STEM\"}]},{\"@type\":\"WebSite\",\"@id\":\"https:\\\/\\\/www.italtel.com\\\/de\\\/#website\",\"url\":\"https:\\\/\\\/www.italtel.com\\\/de\\\/\",\"name\":\"Italtel\",\"description\":\"Italtel Group&#039;s company website\",\"publisher\":{\"@id\":\"https:\\\/\\\/www.italtel.com\\\/de\\\/#organization\"},\"potentialAction\":[{\"@type\":\"SearchAction\",\"target\":{\"@type\":\"EntryPoint\",\"urlTemplate\":\"https:\\\/\\\/www.italtel.com\\\/de\\\/?s={search_term_string}\"},\"query-input\":{\"@type\":\"PropertyValueSpecification\",\"valueRequired\":true,\"valueName\":\"search_term_string\"}}],\"inLanguage\":\"it-IT\"},{\"@type\":\"Organization\",\"@id\":\"https:\\\/\\\/www.italtel.com\\\/de\\\/#organization\",\"name\":\"Italtel S.p.A.\",\"url\":\"https:\\\/\\\/www.italtel.com\\\/de\\\/\",\"logo\":{\"@type\":\"ImageObject\",\"inLanguage\":\"it-IT\",\"@id\":\"https:\\\/\\\/www.italtel.com\\\/de\\\/#\\\/schema\\\/logo\\\/image\\\/\",\"url\":\"https:\\\/\\\/www.italtel.com\\\/wp-content\\\/uploads\\\/2024\\\/11\\\/Italtel_logo.png\",\"contentUrl\":\"https:\\\/\\\/www.italtel.com\\\/wp-content\\\/uploads\\\/2024\\\/11\\\/Italtel_logo.png\",\"width\":591,\"height\":139,\"caption\":\"Italtel S.p.A.\"},\"image\":{\"@id\":\"https:\\\/\\\/www.italtel.com\\\/de\\\/#\\\/schema\\\/logo\\\/image\\\/\"},\"sameAs\":[\"https:\\\/\\\/x.com\\\/Italtel\",\"https:\\\/\\\/www.linkedin.com\\\/company\\\/italtel\\\/\",\"https:\\\/\\\/www.instagram.com\\\/italtel_hq\\\/\"]},{\"@type\":\"Person\",\"@id\":\"https:\\\/\\\/www.italtel.com\\\/de\\\/#\\\/schema\\\/person\\\/38f315d5a978255f0cf320055bad5afe\",\"name\":\"Daniela Fontana\",\"image\":{\"@type\":\"ImageObject\",\"inLanguage\":\"it-IT\",\"@id\":\"https:\\\/\\\/secure.gravatar.com\\\/avatar\\\/834a03b0c73144a8ca36e17dc365b3fbadb34c9e44399b609a00f2231e694f6a?s=96&d=mm&r=g\",\"url\":\"https:\\\/\\\/secure.gravatar.com\\\/avatar\\\/834a03b0c73144a8ca36e17dc365b3fbadb34c9e44399b609a00f2231e694f6a?s=96&d=mm&r=g\",\"contentUrl\":\"https:\\\/\\\/secure.gravatar.com\\\/avatar\\\/834a03b0c73144a8ca36e17dc365b3fbadb34c9e44399b609a00f2231e694f6a?s=96&d=mm&r=g\",\"caption\":\"Daniela Fontana\"}}]}<\/script>\n<!-- \/ Yoast SEO plugin. -->","yoast_head_json":{"title":"Una vita di lavoro in Italtel, nel mondo STEM - Italtel","robots":{"index":"index","follow":"follow","max-snippet":"max-snippet:-1","max-image-preview":"max-image-preview:large","max-video-preview":"max-video-preview:-1"},"canonical":"https:\/\/www.italtel.com\/it\/una-vita-di-lavoro-in-italtel-nel-mondo-stem\/","og_locale":"it_IT","og_type":"article","og_title":"Una vita di lavoro in Italtel, nel mondo STEM - Italtel","og_description":"Ciao, sono Laura Rech, e voglio raccontarvi il mio interessante viaggio di quasi 30 anni in Italtel, un percorso che ha plasmato la mia carriera nel vasto universo delle telecomunicazioni&nbsp;...","og_url":"https:\/\/www.italtel.com\/it\/una-vita-di-lavoro-in-italtel-nel-mondo-stem\/","og_site_name":"Italtel","article_published_time":"2024-01-15T07:30:37+00:00","article_modified_time":"2024-10-10T12:14:34+00:00","og_image":[{"width":1357,"height":817,"url":"https:\/\/www.italtel.com\/wp-content\/uploads\/2024\/08\/Italtel_LauraRech.webp","type":"image\/webp"}],"author":"Daniela Fontana","twitter_card":"summary_large_image","twitter_creator":"@Italtel","twitter_site":"@Italtel","twitter_misc":{"Scritto da":"Daniela Fontana","Tempo di lettura stimato":"4 minuti"},"schema":{"@context":"https:\/\/schema.org","@graph":[{"@type":"Article","@id":"https:\/\/www.italtel.com\/it\/una-vita-di-lavoro-in-italtel-nel-mondo-stem\/#article","isPartOf":{"@id":"https:\/\/www.italtel.com\/it\/una-vita-di-lavoro-in-italtel-nel-mondo-stem\/"},"author":{"name":"Daniela Fontana","@id":"https:\/\/www.italtel.com\/de\/#\/schema\/person\/38f315d5a978255f0cf320055bad5afe"},"headline":"Una vita di lavoro in Italtel, nel mondo STEM","datePublished":"2024-01-15T07:30:37+00:00","dateModified":"2024-10-10T12:14:34+00:00","mainEntityOfPage":{"@id":"https:\/\/www.italtel.com\/it\/una-vita-di-lavoro-in-italtel-nel-mondo-stem\/"},"wordCount":747,"publisher":{"@id":"https:\/\/www.italtel.com\/de\/#organization"},"image":{"@id":"https:\/\/www.italtel.com\/it\/una-vita-di-lavoro-in-italtel-nel-mondo-stem\/#primaryimage"},"thumbnailUrl":"https:\/\/www.italtel.com\/wp-content\/uploads\/2024\/08\/Italtel_LauraRech.webp","keywords":["#newitaltel","Girls in tech","our people"],"articleSection":["Focus","Interview"],"inLanguage":"it-IT"},{"@type":"WebPage","@id":"https:\/\/www.italtel.com\/it\/una-vita-di-lavoro-in-italtel-nel-mondo-stem\/","url":"https:\/\/www.italtel.com\/it\/una-vita-di-lavoro-in-italtel-nel-mondo-stem\/","name":"Una vita di lavoro in Italtel, nel mondo STEM - Italtel","isPartOf":{"@id":"https:\/\/www.italtel.com\/de\/#website"},"primaryImageOfPage":{"@id":"https:\/\/www.italtel.com\/it\/una-vita-di-lavoro-in-italtel-nel-mondo-stem\/#primaryimage"},"image":{"@id":"https:\/\/www.italtel.com\/it\/una-vita-di-lavoro-in-italtel-nel-mondo-stem\/#primaryimage"},"thumbnailUrl":"https:\/\/www.italtel.com\/wp-content\/uploads\/2024\/08\/Italtel_LauraRech.webp","datePublished":"2024-01-15T07:30:37+00:00","dateModified":"2024-10-10T12:14:34+00:00","breadcrumb":{"@id":"https:\/\/www.italtel.com\/it\/una-vita-di-lavoro-in-italtel-nel-mondo-stem\/#breadcrumb"},"inLanguage":"it-IT","potentialAction":[{"@type":"ReadAction","target":["https:\/\/www.italtel.com\/it\/una-vita-di-lavoro-in-italtel-nel-mondo-stem\/"]}]},{"@type":"ImageObject","inLanguage":"it-IT","@id":"https:\/\/www.italtel.com\/it\/una-vita-di-lavoro-in-italtel-nel-mondo-stem\/#primaryimage","url":"https:\/\/www.italtel.com\/wp-content\/uploads\/2024\/08\/Italtel_LauraRech.webp","contentUrl":"https:\/\/www.italtel.com\/wp-content\/uploads\/2024\/08\/Italtel_LauraRech.webp","width":1357,"height":817},{"@type":"BreadcrumbList","@id":"https:\/\/www.italtel.com\/it\/una-vita-di-lavoro-in-italtel-nel-mondo-stem\/#breadcrumb","itemListElement":[{"@type":"ListItem","position":1,"name":"Home","item":"https:\/\/www.italtel.com\/it\/"},{"@type":"ListItem","position":2,"name":"Una vita di lavoro in Italtel, nel mondo STEM"}]},{"@type":"WebSite","@id":"https:\/\/www.italtel.com\/de\/#website","url":"https:\/\/www.italtel.com\/de\/","name":"Italtel","description":"Italtel Group&#039;s company website","publisher":{"@id":"https:\/\/www.italtel.com\/de\/#organization"},"potentialAction":[{"@type":"SearchAction","target":{"@type":"EntryPoint","urlTemplate":"https:\/\/www.italtel.com\/de\/?s={search_term_string}"},"query-input":{"@type":"PropertyValueSpecification","valueRequired":true,"valueName":"search_term_string"}}],"inLanguage":"it-IT"},{"@type":"Organization","@id":"https:\/\/www.italtel.com\/de\/#organization","name":"Italtel S.p.A.","url":"https:\/\/www.italtel.com\/de\/","logo":{"@type":"ImageObject","inLanguage":"it-IT","@id":"https:\/\/www.italtel.com\/de\/#\/schema\/logo\/image\/","url":"https:\/\/www.italtel.com\/wp-content\/uploads\/2024\/11\/Italtel_logo.png","contentUrl":"https:\/\/www.italtel.com\/wp-content\/uploads\/2024\/11\/Italtel_logo.png","width":591,"height":139,"caption":"Italtel S.p.A."},"image":{"@id":"https:\/\/www.italtel.com\/de\/#\/schema\/logo\/image\/"},"sameAs":["https:\/\/x.com\/Italtel","https:\/\/www.linkedin.com\/company\/italtel\/","https:\/\/www.instagram.com\/italtel_hq\/"]},{"@type":"Person","@id":"https:\/\/www.italtel.com\/de\/#\/schema\/person\/38f315d5a978255f0cf320055bad5afe","name":"Daniela Fontana","image":{"@type":"ImageObject","inLanguage":"it-IT","@id":"https:\/\/secure.gravatar.com\/avatar\/834a03b0c73144a8ca36e17dc365b3fbadb34c9e44399b609a00f2231e694f6a?s=96&d=mm&r=g","url":"https:\/\/secure.gravatar.com\/avatar\/834a03b0c73144a8ca36e17dc365b3fbadb34c9e44399b609a00f2231e694f6a?s=96&d=mm&r=g","contentUrl":"https:\/\/secure.gravatar.com\/avatar\/834a03b0c73144a8ca36e17dc365b3fbadb34c9e44399b609a00f2231e694f6a?s=96&d=mm&r=g","caption":"Daniela Fontana"}}]}},"_links":{"self":[{"href":"https:\/\/www.italtel.com\/it\/wp-json\/wp\/v2\/posts\/54629","targetHints":{"allow":["GET"]}}],"collection":[{"href":"https:\/\/www.italtel.com\/it\/wp-json\/wp\/v2\/posts"}],"about":[{"href":"https:\/\/www.italtel.com\/it\/wp-json\/wp\/v2\/types\/post"}],"author":[{"embeddable":true,"href":"https:\/\/www.italtel.com\/it\/wp-json\/wp\/v2\/users\/6"}],"replies":[{"embeddable":true,"href":"https:\/\/www.italtel.com\/it\/wp-json\/wp\/v2\/comments?post=54629"}],"version-history":[{"count":2,"href":"https:\/\/www.italtel.com\/it\/wp-json\/wp\/v2\/posts\/54629\/revisions"}],"predecessor-version":[{"id":63243,"href":"https:\/\/www.italtel.com\/it\/wp-json\/wp\/v2\/posts\/54629\/revisions\/63243"}],"wp:featuredmedia":[{"embeddable":true,"href":"https:\/\/www.italtel.com\/it\/wp-json\/wp\/v2\/media\/58270"}],"wp:attachment":[{"href":"https:\/\/www.italtel.com\/it\/wp-json\/wp\/v2\/media?parent=54629"}],"wp:term":[{"taxonomy":"category","embeddable":true,"href":"https:\/\/www.italtel.com\/it\/wp-json\/wp\/v2\/categories?post=54629"},{"taxonomy":"post_tag","embeddable":true,"href":"https:\/\/www.italtel.com\/it\/wp-json\/wp\/v2\/tags?post=54629"}],"curies":[{"name":"wp","href":"https:\/\/api.w.org\/{rel}","templated":true}]}}