{"id":54638,"date":"2023-10-30T09:26:39","date_gmt":"2023-10-30T07:26:39","guid":{"rendered":"https:\/\/www.italtel.com\/il-mio-percorso-lavorativo-in-italtel-spa-costruire-creare-e-crescere\/"},"modified":"2024-09-24T19:40:12","modified_gmt":"2024-09-24T17:40:12","slug":"il-mio-percorso-lavorativo-in-italtel-spa-costruire-creare-e-crescere","status":"publish","type":"post","link":"https:\/\/www.italtel.com\/it\/il-mio-percorso-lavorativo-in-italtel-spa-costruire-creare-e-crescere\/","title":{"rendered":"Il mio percorso lavorativo in Italtel SPA: costruire, creare e crescere"},"content":{"rendered":"<p>Ciao, sono Silvia Villa, ho 41 anni e sono un ingegnere del software, laureata in Ingegneria Informatica a Pavia nel 2006. Voglio condividere la mia esperienza di carriera in Italtel SPA, un&#8217;azienda di telecomunicazioni che \u00e8 diventata la mia casa professionale e il luogo in cui ho dato sfogo alla mia passione per la costruzione di sistemi complessi e l&#8217;ingegnosit\u00e0 nel mondo della ricerca informatica.<\/p>\n<p>Fin dall&#8217;inizio, ho trovato affascinante il connubio tra ingegneria e creativit\u00e0 che il settore offre. Per me, programmare \u00e8 come risolvere un intricato cruciverba, un gioco che mi ha sempre appassionato.<\/p>\n<h5><strong>Italtel: la mia prima azienda dopo la laurea<\/strong><\/h5>\n<p>Dopo la laurea, ho fatto il mio ingresso nel mondo del lavoro come ingegnere del software presso Italtel. Questa azienda, un nome rinomato nel campo delle telecomunicazioni, \u00e8 stata la mia prima scelta. Il mio primo giorno di lavoro \u00e8 stato memorabile: il mio capo mi ha consegnato un libro sul SIP, si chiamava \u201cSIP: Understanding the Session Initiation Protocol\u201d, e mi ha detto: &#8220;Studia bene, questa sar\u00e0 la tua bibbia&#8221;. Cos\u00ec \u00e8 stato. Accettai la sfida con entusiasmo e mi immersi nella comprensione del protocollo. Anche se presto compresi che di bibbie ne avrei avute molte di pi\u00f9! Era l&#8217;inizio di un viaggio che avrebbe plasmato il mio futuro professionale.<\/p>\n<p>In breve tempo, sono diventata team leader dell&#8217;applicazione telefonica SIP di accesso. Ero tenuta a conoscerne ogni aspetto: dalla funzionalit\u00e0 di base alla logica di configurazione, dai dogmi delle specifiche di riferimento alle scelte tecniche architetturali, dai punti di forza agli aspetti pi\u00f9 delicati. Collaboravo con molti colleghi, confrontandomi con loro sulle diverse tematiche tecniche che coinvolgevano l\u2019applicazione. Ho avuto anche l&#8217;opportunit\u00e0 di condividere la mia conoscenza tenendo corsi interni sul SIP.<\/p>\n<h5><strong>Il ritorno in Italtel: un ambiente unico ed appagante<\/strong><\/h5>\n<p>Dopo quattro anni di esperienza in un&#8217;altra azienda di web development, 7 anni fa ho scelto di fare ritorno in Italtel. La cultura della collaborazione che permea questo ambiente di lavoro \u00e8 un qualcosa di cui sentivo la mancanza. Il senso di comunit\u00e0 professionale, competitiva e familiare allo stesso tempo rende il mio lavoro stimolante, gratificante e sereno.<\/p>\n<p>Durante il mio secondo periodo in Italtel, ho avuto l&#8217;opportunit\u00e0 di lavorare su diversi progetti come analyst e architect: queste sono le nuove competenze verso cui mi sto spostando negli ultimi anni.<\/p>\n<h5><strong>Il metodo Agile Scrum: un cambiamento rivoluzionario<\/strong><\/h5>\n<p>Uno dei motivi che rendono questa azienda un luogo di lavoro accogliente ed allo stesso tempo efficiente \u00e8 l&#8217;adozione del metodo di lavoro Agile Scrum nel settore Ricerca e Sviluppo. Questo approccio porta con s\u00e8 notevoli vantaggi:<\/p>\n<ol>\n<li><strong>Flessibilit\u00e0<\/strong>: Agile Scrum ci consente di adattarci rapidamente alle mutevoli esigenze dei progetti, garantendo che il nostro lavoro sia sempre allineato con le richieste dei clienti.<\/li>\n<li><strong>Trasparenza<\/strong>: Tutti i membri del team partecipano attivamente alla pianificazione e all&#8217;analisi, il che significa che ogni aspetto del progetto \u00e8 visibile e comprensibile per tutti.<\/li>\n<li><strong>Collaborazione<\/strong>: La comunicazione costante all&#8217;interno del team Scrum favorisce la condivisione di idee e la risoluzione collaborativa dei problemi.<\/li>\n<\/ol>\n<p>In Italtel, faccio parte di un team Scrum in cui la sinergia tra i membri \u00e8 fondamentale e cresce costantemente. Questo ambiente di lavoro promuove il proprio sviluppo professionale, consentendoci di delineare il nostro percorso in base alle passioni e agli obiettivi personali, offrendo opportunit\u00e0 di crescita. Tutto ci\u00f2 avviene sempre nel contesto di una squadra di colleghi pronti a condividere la loro esperienza, garantendo un ambiente di apprendimento e crescita continuo.<\/p>\n<p>Costruiamo, creiamo e cresciamo insieme.<\/p>\n<h5><strong>Un bilancio armonioso tra lavoro e vita familiare<\/strong><\/h5>\n<p>In aggiunta alla mia carriera, \u00e8 importante sottolineare che sono anche madre di due adorabili gemelli. Grazie alla flessibilit\u00e0 dell&#8217;azienda e alla possibilit\u00e0 di lavorare in modalit\u00e0 di smart working, ho trovato un equilibrio tra le mie responsabilit\u00e0 professionali e la vita familiare che \u00e8 prezioso oltre ogni misura. Attualmente, lavoro in un regime part-time al 75%, il che mi consente di dedicare il tempo necessario alla mia famiglia senza compromettere il mio percorso professionale.<\/p>\n<p>Il lavoro part-time \u00e8 stato un&#8217;opportunit\u00e0 di crescita personale straordinaria. La gestione efficiente del tempo \u00e8 diventata una competenza chiave in entrambi gli aspetti della mia vita. Con meno ore a disposizione rispetto ai miei colleghi a tempo pieno, ho imparato a velocizzare l&#8217;organizzazione del lavoro e i processi decisionali, evitando la procrastinazione. Questa sfida mi ha reso pi\u00f9 diligente e focalizzata, consentendomi di rimanere al passo con colleghi a tempo pieno e di affrontare le sfide professionali con maggiore determinazione.<\/p>\n<p>Nella gestione della mia vita privata, l&#8217;arrivo dei miei due bambini ha reso essenziale una migliore organizzazione del mio tempo. Questo ha comportato una pianificazione accurata delle attivit\u00e0 quotidiane, l&#8217;identificazione delle priorit\u00e0 e una maggiore efficienza nell&#8217;esecuzione delle mansioni. La combinazione di responsabilit\u00e0 familiari e professionali ha arricchito la mia esperienza e mi ha insegnato preziose lezioni sull&#8217;importanza della flessibilit\u00e0, della resilienza e della gestione del tempo.<\/p>\n<h5><strong>Consigli per i futuri professionisti<\/strong><\/h5>\n<p>Per i neolaureati e le neolaureate, vorrei condividere alcuni consigli:<\/p>\n<ol>\n<li><strong>Segui la tua passione<\/strong>: Scegli un percorso lavorativo che ti appassioni e ti stimoli. Lavorare su ci\u00f2 che ami render\u00e0 ogni giorno un&#8217;avventura.<\/li>\n<li><strong>Impara in modo continuo<\/strong>: Il campo dell&#8217;ingegneria del software \u00e8 in costante evoluzione. Resta aggiornato e impara in modo continuo per rimanere rilevante nel tuo settore.<\/li>\n<li><strong>Valorizza la collaborazione<\/strong>: La collaborazione con i colleghi \u00e8 spesso fondamentale per il successo. Lavora bene in team e condividi le tue conoscenze con gli altri.<\/li>\n<li><strong>Scegli un ambiente di lavoro adatto a te<\/strong>: Cerca un ambiente di lavoro che si adatti alla tua personalit\u00e0, alle tue aspirazioni, alla tua famiglia. Un posto in cui ti senti ispirato e sereno a dare il massimo e a dire la tua \u00e8 essenziale per il successo.<\/li>\n<\/ol>\n<p>Spero che questi consigli siano d&#8217;aiuto ai futuri professionisti e alle future professioniste nel loro percorso di carriera. Buona fortuna!<\/p>\n","protected":false},"excerpt":{"rendered":"<p>Ciao, sono Silvia Villa, ho 41 anni e sono un ingegnere del software, laureata in Ingegneria Informatica a Pavia nel 2006. Voglio condividere la mia esperienza di carriera in Italtel&nbsp;&#8230;<\/p>\n","protected":false},"author":6,"featured_media":47785,"comment_status":"closed","ping_status":"closed","sticky":false,"template":"","format":"standard","meta":{"footnotes":""},"categories":[394,803],"tags":[482,483,392],"class_list":["post-54638","post","type-post","status-publish","format-standard","has-post-thumbnail","hentry","category-focus-it","category-interview-it","tag-newitaltel","tag-girls-in-tech","tag-our-people"],"yoast_head":"<!-- This site is optimized with the Yoast SEO plugin v27.4 - https:\/\/yoast.com\/product\/yoast-seo-wordpress\/ -->\n<title>Il mio percorso lavorativo in Italtel SPA: costruire, creare e crescere - Italtel<\/title>\n<meta name=\"robots\" content=\"index, follow, max-snippet:-1, max-image-preview:large, max-video-preview:-1\" \/>\n<link rel=\"canonical\" href=\"https:\/\/www.italtel.com\/it\/il-mio-percorso-lavorativo-in-italtel-spa-costruire-creare-e-crescere\/\" \/>\n<meta property=\"og:locale\" content=\"it_IT\" \/>\n<meta property=\"og:type\" content=\"article\" \/>\n<meta property=\"og:title\" content=\"Il mio percorso lavorativo in Italtel SPA: costruire, creare e crescere - Italtel\" \/>\n<meta property=\"og:description\" content=\"Ciao, sono Silvia Villa, ho 41 anni e sono un ingegnere del software, laureata in Ingegneria Informatica a Pavia nel 2006. Voglio condividere la mia esperienza di carriera in Italtel&nbsp;...\" \/>\n<meta property=\"og:url\" content=\"https:\/\/www.italtel.com\/it\/il-mio-percorso-lavorativo-in-italtel-spa-costruire-creare-e-crescere\/\" \/>\n<meta property=\"og:site_name\" content=\"Italtel\" \/>\n<meta property=\"article:published_time\" content=\"2023-10-30T07:26:39+00:00\" \/>\n<meta property=\"article:modified_time\" content=\"2024-09-24T17:40:12+00:00\" \/>\n<meta property=\"og:image\" content=\"https:\/\/www.italtel.com\/wp-content\/uploads\/2024\/01\/girls-in-tech-silvia-villa.png\" \/>\n\t<meta property=\"og:image:width\" content=\"1080\" \/>\n\t<meta property=\"og:image:height\" content=\"1080\" \/>\n\t<meta property=\"og:image:type\" content=\"image\/png\" \/>\n<meta name=\"author\" content=\"Daniela Fontana\" \/>\n<meta name=\"twitter:card\" content=\"summary_large_image\" \/>\n<meta name=\"twitter:creator\" content=\"@Italtel\" \/>\n<meta name=\"twitter:site\" content=\"@Italtel\" \/>\n<meta name=\"twitter:label1\" content=\"Scritto da\" \/>\n\t<meta name=\"twitter:data1\" content=\"Daniela Fontana\" \/>\n\t<meta name=\"twitter:label2\" content=\"Tempo di lettura stimato\" \/>\n\t<meta name=\"twitter:data2\" content=\"5 minuti\" \/>\n<script type=\"application\/ld+json\" class=\"yoast-schema-graph\">{\"@context\":\"https:\\\/\\\/schema.org\",\"@graph\":[{\"@type\":\"Article\",\"@id\":\"https:\\\/\\\/www.italtel.com\\\/it\\\/il-mio-percorso-lavorativo-in-italtel-spa-costruire-creare-e-crescere\\\/#article\",\"isPartOf\":{\"@id\":\"https:\\\/\\\/www.italtel.com\\\/it\\\/il-mio-percorso-lavorativo-in-italtel-spa-costruire-creare-e-crescere\\\/\"},\"author\":{\"name\":\"Daniela Fontana\",\"@id\":\"https:\\\/\\\/www.italtel.com\\\/de\\\/#\\\/schema\\\/person\\\/38f315d5a978255f0cf320055bad5afe\"},\"headline\":\"Il mio percorso lavorativo in Italtel SPA: costruire, creare e crescere\",\"datePublished\":\"2023-10-30T07:26:39+00:00\",\"dateModified\":\"2024-09-24T17:40:12+00:00\",\"mainEntityOfPage\":{\"@id\":\"https:\\\/\\\/www.italtel.com\\\/it\\\/il-mio-percorso-lavorativo-in-italtel-spa-costruire-creare-e-crescere\\\/\"},\"wordCount\":980,\"publisher\":{\"@id\":\"https:\\\/\\\/www.italtel.com\\\/de\\\/#organization\"},\"image\":{\"@id\":\"https:\\\/\\\/www.italtel.com\\\/it\\\/il-mio-percorso-lavorativo-in-italtel-spa-costruire-creare-e-crescere\\\/#primaryimage\"},\"thumbnailUrl\":\"https:\\\/\\\/www.italtel.com\\\/wp-content\\\/uploads\\\/2024\\\/01\\\/girls-in-tech-silvia-villa.png\",\"keywords\":[\"#newitaltel\",\"Girls in tech\",\"our people\"],\"articleSection\":[\"Focus\",\"Interview\"],\"inLanguage\":\"it-IT\"},{\"@type\":\"WebPage\",\"@id\":\"https:\\\/\\\/www.italtel.com\\\/it\\\/il-mio-percorso-lavorativo-in-italtel-spa-costruire-creare-e-crescere\\\/\",\"url\":\"https:\\\/\\\/www.italtel.com\\\/it\\\/il-mio-percorso-lavorativo-in-italtel-spa-costruire-creare-e-crescere\\\/\",\"name\":\"Il mio percorso lavorativo in Italtel SPA: costruire, creare e crescere - Italtel\",\"isPartOf\":{\"@id\":\"https:\\\/\\\/www.italtel.com\\\/de\\\/#website\"},\"primaryImageOfPage\":{\"@id\":\"https:\\\/\\\/www.italtel.com\\\/it\\\/il-mio-percorso-lavorativo-in-italtel-spa-costruire-creare-e-crescere\\\/#primaryimage\"},\"image\":{\"@id\":\"https:\\\/\\\/www.italtel.com\\\/it\\\/il-mio-percorso-lavorativo-in-italtel-spa-costruire-creare-e-crescere\\\/#primaryimage\"},\"thumbnailUrl\":\"https:\\\/\\\/www.italtel.com\\\/wp-content\\\/uploads\\\/2024\\\/01\\\/girls-in-tech-silvia-villa.png\",\"datePublished\":\"2023-10-30T07:26:39+00:00\",\"dateModified\":\"2024-09-24T17:40:12+00:00\",\"breadcrumb\":{\"@id\":\"https:\\\/\\\/www.italtel.com\\\/it\\\/il-mio-percorso-lavorativo-in-italtel-spa-costruire-creare-e-crescere\\\/#breadcrumb\"},\"inLanguage\":\"it-IT\",\"potentialAction\":[{\"@type\":\"ReadAction\",\"target\":[\"https:\\\/\\\/www.italtel.com\\\/it\\\/il-mio-percorso-lavorativo-in-italtel-spa-costruire-creare-e-crescere\\\/\"]}]},{\"@type\":\"ImageObject\",\"inLanguage\":\"it-IT\",\"@id\":\"https:\\\/\\\/www.italtel.com\\\/it\\\/il-mio-percorso-lavorativo-in-italtel-spa-costruire-creare-e-crescere\\\/#primaryimage\",\"url\":\"https:\\\/\\\/www.italtel.com\\\/wp-content\\\/uploads\\\/2024\\\/01\\\/girls-in-tech-silvia-villa.png\",\"contentUrl\":\"https:\\\/\\\/www.italtel.com\\\/wp-content\\\/uploads\\\/2024\\\/01\\\/girls-in-tech-silvia-villa.png\",\"width\":1080,\"height\":1080},{\"@type\":\"BreadcrumbList\",\"@id\":\"https:\\\/\\\/www.italtel.com\\\/it\\\/il-mio-percorso-lavorativo-in-italtel-spa-costruire-creare-e-crescere\\\/#breadcrumb\",\"itemListElement\":[{\"@type\":\"ListItem\",\"position\":1,\"name\":\"Home\",\"item\":\"https:\\\/\\\/www.italtel.com\\\/it\\\/\"},{\"@type\":\"ListItem\",\"position\":2,\"name\":\"Il mio percorso lavorativo in Italtel SPA: costruire, creare e crescere\"}]},{\"@type\":\"WebSite\",\"@id\":\"https:\\\/\\\/www.italtel.com\\\/de\\\/#website\",\"url\":\"https:\\\/\\\/www.italtel.com\\\/de\\\/\",\"name\":\"Italtel\",\"description\":\"Italtel Group&#039;s company website\",\"publisher\":{\"@id\":\"https:\\\/\\\/www.italtel.com\\\/de\\\/#organization\"},\"potentialAction\":[{\"@type\":\"SearchAction\",\"target\":{\"@type\":\"EntryPoint\",\"urlTemplate\":\"https:\\\/\\\/www.italtel.com\\\/de\\\/?s={search_term_string}\"},\"query-input\":{\"@type\":\"PropertyValueSpecification\",\"valueRequired\":true,\"valueName\":\"search_term_string\"}}],\"inLanguage\":\"it-IT\"},{\"@type\":\"Organization\",\"@id\":\"https:\\\/\\\/www.italtel.com\\\/de\\\/#organization\",\"name\":\"Italtel S.p.A.\",\"url\":\"https:\\\/\\\/www.italtel.com\\\/de\\\/\",\"logo\":{\"@type\":\"ImageObject\",\"inLanguage\":\"it-IT\",\"@id\":\"https:\\\/\\\/www.italtel.com\\\/de\\\/#\\\/schema\\\/logo\\\/image\\\/\",\"url\":\"https:\\\/\\\/www.italtel.com\\\/wp-content\\\/uploads\\\/2024\\\/11\\\/Italtel_logo.png\",\"contentUrl\":\"https:\\\/\\\/www.italtel.com\\\/wp-content\\\/uploads\\\/2024\\\/11\\\/Italtel_logo.png\",\"width\":591,\"height\":139,\"caption\":\"Italtel S.p.A.\"},\"image\":{\"@id\":\"https:\\\/\\\/www.italtel.com\\\/de\\\/#\\\/schema\\\/logo\\\/image\\\/\"},\"sameAs\":[\"https:\\\/\\\/x.com\\\/Italtel\",\"https:\\\/\\\/www.linkedin.com\\\/company\\\/italtel\\\/\",\"https:\\\/\\\/www.instagram.com\\\/italtel_hq\\\/\"]},{\"@type\":\"Person\",\"@id\":\"https:\\\/\\\/www.italtel.com\\\/de\\\/#\\\/schema\\\/person\\\/38f315d5a978255f0cf320055bad5afe\",\"name\":\"Daniela Fontana\",\"image\":{\"@type\":\"ImageObject\",\"inLanguage\":\"it-IT\",\"@id\":\"https:\\\/\\\/secure.gravatar.com\\\/avatar\\\/834a03b0c73144a8ca36e17dc365b3fbadb34c9e44399b609a00f2231e694f6a?s=96&d=mm&r=g\",\"url\":\"https:\\\/\\\/secure.gravatar.com\\\/avatar\\\/834a03b0c73144a8ca36e17dc365b3fbadb34c9e44399b609a00f2231e694f6a?s=96&d=mm&r=g\",\"contentUrl\":\"https:\\\/\\\/secure.gravatar.com\\\/avatar\\\/834a03b0c73144a8ca36e17dc365b3fbadb34c9e44399b609a00f2231e694f6a?s=96&d=mm&r=g\",\"caption\":\"Daniela Fontana\"}}]}<\/script>\n<!-- \/ Yoast SEO plugin. -->","yoast_head_json":{"title":"Il mio percorso lavorativo in Italtel SPA: costruire, creare e crescere - Italtel","robots":{"index":"index","follow":"follow","max-snippet":"max-snippet:-1","max-image-preview":"max-image-preview:large","max-video-preview":"max-video-preview:-1"},"canonical":"https:\/\/www.italtel.com\/it\/il-mio-percorso-lavorativo-in-italtel-spa-costruire-creare-e-crescere\/","og_locale":"it_IT","og_type":"article","og_title":"Il mio percorso lavorativo in Italtel SPA: costruire, creare e crescere - Italtel","og_description":"Ciao, sono Silvia Villa, ho 41 anni e sono un ingegnere del software, laureata in Ingegneria Informatica a Pavia nel 2006. Voglio condividere la mia esperienza di carriera in Italtel&nbsp;...","og_url":"https:\/\/www.italtel.com\/it\/il-mio-percorso-lavorativo-in-italtel-spa-costruire-creare-e-crescere\/","og_site_name":"Italtel","article_published_time":"2023-10-30T07:26:39+00:00","article_modified_time":"2024-09-24T17:40:12+00:00","og_image":[{"width":1080,"height":1080,"url":"https:\/\/www.italtel.com\/wp-content\/uploads\/2024\/01\/girls-in-tech-silvia-villa.png","type":"image\/png"}],"author":"Daniela Fontana","twitter_card":"summary_large_image","twitter_creator":"@Italtel","twitter_site":"@Italtel","twitter_misc":{"Scritto da":"Daniela Fontana","Tempo di lettura stimato":"5 minuti"},"schema":{"@context":"https:\/\/schema.org","@graph":[{"@type":"Article","@id":"https:\/\/www.italtel.com\/it\/il-mio-percorso-lavorativo-in-italtel-spa-costruire-creare-e-crescere\/#article","isPartOf":{"@id":"https:\/\/www.italtel.com\/it\/il-mio-percorso-lavorativo-in-italtel-spa-costruire-creare-e-crescere\/"},"author":{"name":"Daniela Fontana","@id":"https:\/\/www.italtel.com\/de\/#\/schema\/person\/38f315d5a978255f0cf320055bad5afe"},"headline":"Il mio percorso lavorativo in Italtel SPA: costruire, creare e crescere","datePublished":"2023-10-30T07:26:39+00:00","dateModified":"2024-09-24T17:40:12+00:00","mainEntityOfPage":{"@id":"https:\/\/www.italtel.com\/it\/il-mio-percorso-lavorativo-in-italtel-spa-costruire-creare-e-crescere\/"},"wordCount":980,"publisher":{"@id":"https:\/\/www.italtel.com\/de\/#organization"},"image":{"@id":"https:\/\/www.italtel.com\/it\/il-mio-percorso-lavorativo-in-italtel-spa-costruire-creare-e-crescere\/#primaryimage"},"thumbnailUrl":"https:\/\/www.italtel.com\/wp-content\/uploads\/2024\/01\/girls-in-tech-silvia-villa.png","keywords":["#newitaltel","Girls in tech","our people"],"articleSection":["Focus","Interview"],"inLanguage":"it-IT"},{"@type":"WebPage","@id":"https:\/\/www.italtel.com\/it\/il-mio-percorso-lavorativo-in-italtel-spa-costruire-creare-e-crescere\/","url":"https:\/\/www.italtel.com\/it\/il-mio-percorso-lavorativo-in-italtel-spa-costruire-creare-e-crescere\/","name":"Il mio percorso lavorativo in Italtel SPA: costruire, creare e crescere - Italtel","isPartOf":{"@id":"https:\/\/www.italtel.com\/de\/#website"},"primaryImageOfPage":{"@id":"https:\/\/www.italtel.com\/it\/il-mio-percorso-lavorativo-in-italtel-spa-costruire-creare-e-crescere\/#primaryimage"},"image":{"@id":"https:\/\/www.italtel.com\/it\/il-mio-percorso-lavorativo-in-italtel-spa-costruire-creare-e-crescere\/#primaryimage"},"thumbnailUrl":"https:\/\/www.italtel.com\/wp-content\/uploads\/2024\/01\/girls-in-tech-silvia-villa.png","datePublished":"2023-10-30T07:26:39+00:00","dateModified":"2024-09-24T17:40:12+00:00","breadcrumb":{"@id":"https:\/\/www.italtel.com\/it\/il-mio-percorso-lavorativo-in-italtel-spa-costruire-creare-e-crescere\/#breadcrumb"},"inLanguage":"it-IT","potentialAction":[{"@type":"ReadAction","target":["https:\/\/www.italtel.com\/it\/il-mio-percorso-lavorativo-in-italtel-spa-costruire-creare-e-crescere\/"]}]},{"@type":"ImageObject","inLanguage":"it-IT","@id":"https:\/\/www.italtel.com\/it\/il-mio-percorso-lavorativo-in-italtel-spa-costruire-creare-e-crescere\/#primaryimage","url":"https:\/\/www.italtel.com\/wp-content\/uploads\/2024\/01\/girls-in-tech-silvia-villa.png","contentUrl":"https:\/\/www.italtel.com\/wp-content\/uploads\/2024\/01\/girls-in-tech-silvia-villa.png","width":1080,"height":1080},{"@type":"BreadcrumbList","@id":"https:\/\/www.italtel.com\/it\/il-mio-percorso-lavorativo-in-italtel-spa-costruire-creare-e-crescere\/#breadcrumb","itemListElement":[{"@type":"ListItem","position":1,"name":"Home","item":"https:\/\/www.italtel.com\/it\/"},{"@type":"ListItem","position":2,"name":"Il mio percorso lavorativo in Italtel SPA: costruire, creare e crescere"}]},{"@type":"WebSite","@id":"https:\/\/www.italtel.com\/de\/#website","url":"https:\/\/www.italtel.com\/de\/","name":"Italtel","description":"Italtel Group&#039;s company website","publisher":{"@id":"https:\/\/www.italtel.com\/de\/#organization"},"potentialAction":[{"@type":"SearchAction","target":{"@type":"EntryPoint","urlTemplate":"https:\/\/www.italtel.com\/de\/?s={search_term_string}"},"query-input":{"@type":"PropertyValueSpecification","valueRequired":true,"valueName":"search_term_string"}}],"inLanguage":"it-IT"},{"@type":"Organization","@id":"https:\/\/www.italtel.com\/de\/#organization","name":"Italtel S.p.A.","url":"https:\/\/www.italtel.com\/de\/","logo":{"@type":"ImageObject","inLanguage":"it-IT","@id":"https:\/\/www.italtel.com\/de\/#\/schema\/logo\/image\/","url":"https:\/\/www.italtel.com\/wp-content\/uploads\/2024\/11\/Italtel_logo.png","contentUrl":"https:\/\/www.italtel.com\/wp-content\/uploads\/2024\/11\/Italtel_logo.png","width":591,"height":139,"caption":"Italtel S.p.A."},"image":{"@id":"https:\/\/www.italtel.com\/de\/#\/schema\/logo\/image\/"},"sameAs":["https:\/\/x.com\/Italtel","https:\/\/www.linkedin.com\/company\/italtel\/","https:\/\/www.instagram.com\/italtel_hq\/"]},{"@type":"Person","@id":"https:\/\/www.italtel.com\/de\/#\/schema\/person\/38f315d5a978255f0cf320055bad5afe","name":"Daniela Fontana","image":{"@type":"ImageObject","inLanguage":"it-IT","@id":"https:\/\/secure.gravatar.com\/avatar\/834a03b0c73144a8ca36e17dc365b3fbadb34c9e44399b609a00f2231e694f6a?s=96&d=mm&r=g","url":"https:\/\/secure.gravatar.com\/avatar\/834a03b0c73144a8ca36e17dc365b3fbadb34c9e44399b609a00f2231e694f6a?s=96&d=mm&r=g","contentUrl":"https:\/\/secure.gravatar.com\/avatar\/834a03b0c73144a8ca36e17dc365b3fbadb34c9e44399b609a00f2231e694f6a?s=96&d=mm&r=g","caption":"Daniela Fontana"}}]}},"_links":{"self":[{"href":"https:\/\/www.italtel.com\/it\/wp-json\/wp\/v2\/posts\/54638","targetHints":{"allow":["GET"]}}],"collection":[{"href":"https:\/\/www.italtel.com\/it\/wp-json\/wp\/v2\/posts"}],"about":[{"href":"https:\/\/www.italtel.com\/it\/wp-json\/wp\/v2\/types\/post"}],"author":[{"embeddable":true,"href":"https:\/\/www.italtel.com\/it\/wp-json\/wp\/v2\/users\/6"}],"replies":[{"embeddable":true,"href":"https:\/\/www.italtel.com\/it\/wp-json\/wp\/v2\/comments?post=54638"}],"version-history":[{"count":1,"href":"https:\/\/www.italtel.com\/it\/wp-json\/wp\/v2\/posts\/54638\/revisions"}],"predecessor-version":[{"id":61990,"href":"https:\/\/www.italtel.com\/it\/wp-json\/wp\/v2\/posts\/54638\/revisions\/61990"}],"wp:featuredmedia":[{"embeddable":true,"href":"https:\/\/www.italtel.com\/it\/wp-json\/wp\/v2\/media\/47785"}],"wp:attachment":[{"href":"https:\/\/www.italtel.com\/it\/wp-json\/wp\/v2\/media?parent=54638"}],"wp:term":[{"taxonomy":"category","embeddable":true,"href":"https:\/\/www.italtel.com\/it\/wp-json\/wp\/v2\/categories?post=54638"},{"taxonomy":"post_tag","embeddable":true,"href":"https:\/\/www.italtel.com\/it\/wp-json\/wp\/v2\/tags?post=54638"}],"curies":[{"name":"wp","href":"https:\/\/api.w.org\/{rel}","templated":true}]}}