{"id":54686,"date":"2023-01-30T09:05:33","date_gmt":"2023-01-30T07:05:33","guid":{"rendered":"https:\/\/www.italtel.com\/italtel-aderisce-a-telecom-infra-project-tip\/"},"modified":"2023-01-30T09:05:33","modified_gmt":"2023-01-30T07:05:33","slug":"italtel-aderisce-a-telecom-infra-project-tip","status":"publish","type":"post","link":"https:\/\/www.italtel.com\/it\/italtel-aderisce-a-telecom-infra-project-tip\/","title":{"rendered":"Italtel aderisce a Telecom Infra Project (TIP)"},"content":{"rendered":"<p>Nel mercato del 5G il numero e la tipologia di player sono destinati ad aumentare, ma appare gi\u00e0 chiaro che lo sforzo per rendere veramente produttiva e pervasiva questa tecnologia, \u00e8 quello di interpretare una domanda, in parte inespressa, che viene dai singoli mercati interessati, i \u201cvertical\u201d, e indirizzarla verso soluzioni che, in forme differenti, ruotano tutte intorno al concetto delle Reti Mobili Private.<\/p>\n<p>\u00c8 importante anche riconoscere che c\u2019\u00e8 l\u2019esigenza di identificare un blueprint di riferimento sul piano delle architetture e delle soluzioni, con le relative best practice operative, andando cos\u00ec a mitigare gli effetti della frammentariet\u00e0 delle soluzioni oggi in campo. Perch\u00e9 \u00e8\u2019 proprio questa frammentariet\u00e0 che rende oggi difficile scalare e fare efficienza, obiettivi di ogni Industry che miri a raggiungere una fase di maturit\u00e0.<\/p>\n<blockquote><p><img loading=\"lazy\" decoding=\"async\" class=\"alignright\" src=\"http:\/\/www.italtel.com\/content\/uploads\/2021\/09\/Silvia-De-Fina_circle.jpg\" width=\"150\" height=\"150\" \/>Silvia De Fina, Head of 5G Engineering and Business Development, commenta cos\u00ec la nostra posizione: \u201c<em>pensiamo che sia ancora il momento in cui \u00e8 importante mantenere vivo un livello di collaborazione tra player che normalmente competono ed \u00e8 con questa convinzione che come Italtel, in qualit\u00e0 di Advanced System Integrator, abbiamo deciso di essere parte integrante del TIP, il Telecom Infra Project, che opera come piattaforma precompetitiva nel mercato dell\u2019offerta 5G, pubblica e privata<\/em>.\u201d<\/p><\/blockquote>\n<p>Si tratta di una comunit\u00e0 che comprende centinaia di aziende partecipanti, dai fornitori di servizi e partner tecnologici agli integratori, inclusi altri soggetti a vario titolo interessati alla connettivit\u00e0.<\/p>\n<p>L\u2019obiettivo comune a tutti i partecipanti al TIP \u00e8 quello di lavorare insieme per sviluppare, testare e implementare soluzioni aperte, disaggregate e basate su standard che offrano una connettivit\u00e0 di alta qualit\u00e0. Anche noi di Italtel porteremo un contributo di esperienza e know-how a favore della standardizzazione dell\u2019ecosistema 5G.<\/p>\n<p>&nbsp;<\/p>\n","protected":false},"excerpt":{"rendered":"<p>Nel mercato del 5G il numero e la tipologia di player sono destinati ad aumentare, ma appare gi\u00e0 chiaro che lo sforzo per rendere veramente produttiva e pervasiva questa tecnologia,&nbsp;&#8230;<\/p>\n","protected":false},"author":6,"featured_media":47910,"comment_status":"closed","ping_status":"closed","sticky":false,"template":"","format":"standard","meta":{"footnotes":""},"categories":[378],"tags":[439],"class_list":["post-54686","post","type-post","status-publish","format-standard","has-post-thumbnail","hentry","category-news-it","tag-5g"],"yoast_head":"<!-- This site is optimized with the Yoast SEO plugin v27.4 - https:\/\/yoast.com\/product\/yoast-seo-wordpress\/ -->\n<title>Italtel aderisce a Telecom Infra Project (TIP) - Italtel<\/title>\n<meta name=\"robots\" content=\"index, follow, max-snippet:-1, max-image-preview:large, max-video-preview:-1\" \/>\n<link rel=\"canonical\" href=\"https:\/\/www.italtel.com\/it\/italtel-aderisce-a-telecom-infra-project-tip\/\" \/>\n<meta property=\"og:locale\" content=\"it_IT\" \/>\n<meta property=\"og:type\" content=\"article\" \/>\n<meta property=\"og:title\" content=\"Italtel aderisce a Telecom Infra Project (TIP) - Italtel\" \/>\n<meta property=\"og:description\" content=\"Nel mercato del 5G il numero e la tipologia di player sono destinati ad aumentare, ma appare gi\u00e0 chiaro che lo sforzo per rendere veramente produttiva e pervasiva questa tecnologia,&nbsp;...\" \/>\n<meta property=\"og:url\" content=\"https:\/\/www.italtel.com\/it\/italtel-aderisce-a-telecom-infra-project-tip\/\" \/>\n<meta property=\"og:site_name\" content=\"Italtel\" \/>\n<meta property=\"article:published_time\" content=\"2023-01-30T07:05:33+00:00\" \/>\n<meta property=\"og:image\" content=\"https:\/\/www.italtel.com\/wp-content\/uploads\/2024\/01\/5GMILANO.png\" \/>\n\t<meta property=\"og:image:width\" content=\"1920\" \/>\n\t<meta property=\"og:image:height\" content=\"1080\" \/>\n\t<meta property=\"og:image:type\" content=\"image\/png\" \/>\n<meta name=\"author\" content=\"Daniela Fontana\" \/>\n<meta name=\"twitter:card\" content=\"summary_large_image\" \/>\n<meta name=\"twitter:creator\" content=\"@Italtel\" \/>\n<meta name=\"twitter:site\" content=\"@Italtel\" \/>\n<meta name=\"twitter:label1\" content=\"Scritto da\" \/>\n\t<meta name=\"twitter:data1\" content=\"Daniela Fontana\" \/>\n\t<meta name=\"twitter:label2\" content=\"Tempo di lettura stimato\" \/>\n\t<meta name=\"twitter:data2\" content=\"2 minuti\" \/>\n<script type=\"application\/ld+json\" class=\"yoast-schema-graph\">{\"@context\":\"https:\\\/\\\/schema.org\",\"@graph\":[{\"@type\":\"Article\",\"@id\":\"https:\\\/\\\/www.italtel.com\\\/it\\\/italtel-aderisce-a-telecom-infra-project-tip\\\/#article\",\"isPartOf\":{\"@id\":\"https:\\\/\\\/www.italtel.com\\\/it\\\/italtel-aderisce-a-telecom-infra-project-tip\\\/\"},\"author\":{\"name\":\"Daniela Fontana\",\"@id\":\"https:\\\/\\\/www.italtel.com\\\/de\\\/#\\\/schema\\\/person\\\/38f315d5a978255f0cf320055bad5afe\"},\"headline\":\"Italtel aderisce a Telecom Infra Project (TIP)\",\"datePublished\":\"2023-01-30T07:05:33+00:00\",\"mainEntityOfPage\":{\"@id\":\"https:\\\/\\\/www.italtel.com\\\/it\\\/italtel-aderisce-a-telecom-infra-project-tip\\\/\"},\"wordCount\":286,\"publisher\":{\"@id\":\"https:\\\/\\\/www.italtel.com\\\/de\\\/#organization\"},\"image\":{\"@id\":\"https:\\\/\\\/www.italtel.com\\\/it\\\/italtel-aderisce-a-telecom-infra-project-tip\\\/#primaryimage\"},\"thumbnailUrl\":\"https:\\\/\\\/www.italtel.com\\\/wp-content\\\/uploads\\\/2024\\\/01\\\/5GMILANO.png\",\"keywords\":[\"5G\"],\"articleSection\":[\"News\"],\"inLanguage\":\"it-IT\"},{\"@type\":\"WebPage\",\"@id\":\"https:\\\/\\\/www.italtel.com\\\/it\\\/italtel-aderisce-a-telecom-infra-project-tip\\\/\",\"url\":\"https:\\\/\\\/www.italtel.com\\\/it\\\/italtel-aderisce-a-telecom-infra-project-tip\\\/\",\"name\":\"Italtel aderisce a Telecom Infra Project (TIP) - Italtel\",\"isPartOf\":{\"@id\":\"https:\\\/\\\/www.italtel.com\\\/de\\\/#website\"},\"primaryImageOfPage\":{\"@id\":\"https:\\\/\\\/www.italtel.com\\\/it\\\/italtel-aderisce-a-telecom-infra-project-tip\\\/#primaryimage\"},\"image\":{\"@id\":\"https:\\\/\\\/www.italtel.com\\\/it\\\/italtel-aderisce-a-telecom-infra-project-tip\\\/#primaryimage\"},\"thumbnailUrl\":\"https:\\\/\\\/www.italtel.com\\\/wp-content\\\/uploads\\\/2024\\\/01\\\/5GMILANO.png\",\"datePublished\":\"2023-01-30T07:05:33+00:00\",\"breadcrumb\":{\"@id\":\"https:\\\/\\\/www.italtel.com\\\/it\\\/italtel-aderisce-a-telecom-infra-project-tip\\\/#breadcrumb\"},\"inLanguage\":\"it-IT\",\"potentialAction\":[{\"@type\":\"ReadAction\",\"target\":[\"https:\\\/\\\/www.italtel.com\\\/it\\\/italtel-aderisce-a-telecom-infra-project-tip\\\/\"]}]},{\"@type\":\"ImageObject\",\"inLanguage\":\"it-IT\",\"@id\":\"https:\\\/\\\/www.italtel.com\\\/it\\\/italtel-aderisce-a-telecom-infra-project-tip\\\/#primaryimage\",\"url\":\"https:\\\/\\\/www.italtel.com\\\/wp-content\\\/uploads\\\/2024\\\/01\\\/5GMILANO.png\",\"contentUrl\":\"https:\\\/\\\/www.italtel.com\\\/wp-content\\\/uploads\\\/2024\\\/01\\\/5GMILANO.png\",\"width\":1920,\"height\":1080},{\"@type\":\"BreadcrumbList\",\"@id\":\"https:\\\/\\\/www.italtel.com\\\/it\\\/italtel-aderisce-a-telecom-infra-project-tip\\\/#breadcrumb\",\"itemListElement\":[{\"@type\":\"ListItem\",\"position\":1,\"name\":\"Home\",\"item\":\"https:\\\/\\\/www.italtel.com\\\/it\\\/\"},{\"@type\":\"ListItem\",\"position\":2,\"name\":\"Italtel aderisce a Telecom Infra Project (TIP)\"}]},{\"@type\":\"WebSite\",\"@id\":\"https:\\\/\\\/www.italtel.com\\\/de\\\/#website\",\"url\":\"https:\\\/\\\/www.italtel.com\\\/de\\\/\",\"name\":\"Italtel\",\"description\":\"Italtel Group&#039;s company website\",\"publisher\":{\"@id\":\"https:\\\/\\\/www.italtel.com\\\/de\\\/#organization\"},\"potentialAction\":[{\"@type\":\"SearchAction\",\"target\":{\"@type\":\"EntryPoint\",\"urlTemplate\":\"https:\\\/\\\/www.italtel.com\\\/de\\\/?s={search_term_string}\"},\"query-input\":{\"@type\":\"PropertyValueSpecification\",\"valueRequired\":true,\"valueName\":\"search_term_string\"}}],\"inLanguage\":\"it-IT\"},{\"@type\":\"Organization\",\"@id\":\"https:\\\/\\\/www.italtel.com\\\/de\\\/#organization\",\"name\":\"Italtel S.p.A.\",\"url\":\"https:\\\/\\\/www.italtel.com\\\/de\\\/\",\"logo\":{\"@type\":\"ImageObject\",\"inLanguage\":\"it-IT\",\"@id\":\"https:\\\/\\\/www.italtel.com\\\/de\\\/#\\\/schema\\\/logo\\\/image\\\/\",\"url\":\"https:\\\/\\\/www.italtel.com\\\/wp-content\\\/uploads\\\/2024\\\/11\\\/Italtel_logo.png\",\"contentUrl\":\"https:\\\/\\\/www.italtel.com\\\/wp-content\\\/uploads\\\/2024\\\/11\\\/Italtel_logo.png\",\"width\":591,\"height\":139,\"caption\":\"Italtel S.p.A.\"},\"image\":{\"@id\":\"https:\\\/\\\/www.italtel.com\\\/de\\\/#\\\/schema\\\/logo\\\/image\\\/\"},\"sameAs\":[\"https:\\\/\\\/x.com\\\/Italtel\",\"https:\\\/\\\/www.linkedin.com\\\/company\\\/italtel\\\/\",\"https:\\\/\\\/www.instagram.com\\\/italtel_hq\\\/\"]},{\"@type\":\"Person\",\"@id\":\"https:\\\/\\\/www.italtel.com\\\/de\\\/#\\\/schema\\\/person\\\/38f315d5a978255f0cf320055bad5afe\",\"name\":\"Daniela Fontana\",\"image\":{\"@type\":\"ImageObject\",\"inLanguage\":\"it-IT\",\"@id\":\"https:\\\/\\\/secure.gravatar.com\\\/avatar\\\/834a03b0c73144a8ca36e17dc365b3fbadb34c9e44399b609a00f2231e694f6a?s=96&d=mm&r=g\",\"url\":\"https:\\\/\\\/secure.gravatar.com\\\/avatar\\\/834a03b0c73144a8ca36e17dc365b3fbadb34c9e44399b609a00f2231e694f6a?s=96&d=mm&r=g\",\"contentUrl\":\"https:\\\/\\\/secure.gravatar.com\\\/avatar\\\/834a03b0c73144a8ca36e17dc365b3fbadb34c9e44399b609a00f2231e694f6a?s=96&d=mm&r=g\",\"caption\":\"Daniela Fontana\"}}]}<\/script>\n<!-- \/ Yoast SEO plugin. -->","yoast_head_json":{"title":"Italtel aderisce a Telecom Infra Project (TIP) - Italtel","robots":{"index":"index","follow":"follow","max-snippet":"max-snippet:-1","max-image-preview":"max-image-preview:large","max-video-preview":"max-video-preview:-1"},"canonical":"https:\/\/www.italtel.com\/it\/italtel-aderisce-a-telecom-infra-project-tip\/","og_locale":"it_IT","og_type":"article","og_title":"Italtel aderisce a Telecom Infra Project (TIP) - Italtel","og_description":"Nel mercato del 5G il numero e la tipologia di player sono destinati ad aumentare, ma appare gi\u00e0 chiaro che lo sforzo per rendere veramente produttiva e pervasiva questa tecnologia,&nbsp;...","og_url":"https:\/\/www.italtel.com\/it\/italtel-aderisce-a-telecom-infra-project-tip\/","og_site_name":"Italtel","article_published_time":"2023-01-30T07:05:33+00:00","og_image":[{"width":1920,"height":1080,"url":"https:\/\/www.italtel.com\/wp-content\/uploads\/2024\/01\/5GMILANO.png","type":"image\/png"}],"author":"Daniela Fontana","twitter_card":"summary_large_image","twitter_creator":"@Italtel","twitter_site":"@Italtel","twitter_misc":{"Scritto da":"Daniela Fontana","Tempo di lettura stimato":"2 minuti"},"schema":{"@context":"https:\/\/schema.org","@graph":[{"@type":"Article","@id":"https:\/\/www.italtel.com\/it\/italtel-aderisce-a-telecom-infra-project-tip\/#article","isPartOf":{"@id":"https:\/\/www.italtel.com\/it\/italtel-aderisce-a-telecom-infra-project-tip\/"},"author":{"name":"Daniela Fontana","@id":"https:\/\/www.italtel.com\/de\/#\/schema\/person\/38f315d5a978255f0cf320055bad5afe"},"headline":"Italtel aderisce a Telecom Infra Project (TIP)","datePublished":"2023-01-30T07:05:33+00:00","mainEntityOfPage":{"@id":"https:\/\/www.italtel.com\/it\/italtel-aderisce-a-telecom-infra-project-tip\/"},"wordCount":286,"publisher":{"@id":"https:\/\/www.italtel.com\/de\/#organization"},"image":{"@id":"https:\/\/www.italtel.com\/it\/italtel-aderisce-a-telecom-infra-project-tip\/#primaryimage"},"thumbnailUrl":"https:\/\/www.italtel.com\/wp-content\/uploads\/2024\/01\/5GMILANO.png","keywords":["5G"],"articleSection":["News"],"inLanguage":"it-IT"},{"@type":"WebPage","@id":"https:\/\/www.italtel.com\/it\/italtel-aderisce-a-telecom-infra-project-tip\/","url":"https:\/\/www.italtel.com\/it\/italtel-aderisce-a-telecom-infra-project-tip\/","name":"Italtel aderisce a Telecom Infra Project (TIP) - Italtel","isPartOf":{"@id":"https:\/\/www.italtel.com\/de\/#website"},"primaryImageOfPage":{"@id":"https:\/\/www.italtel.com\/it\/italtel-aderisce-a-telecom-infra-project-tip\/#primaryimage"},"image":{"@id":"https:\/\/www.italtel.com\/it\/italtel-aderisce-a-telecom-infra-project-tip\/#primaryimage"},"thumbnailUrl":"https:\/\/www.italtel.com\/wp-content\/uploads\/2024\/01\/5GMILANO.png","datePublished":"2023-01-30T07:05:33+00:00","breadcrumb":{"@id":"https:\/\/www.italtel.com\/it\/italtel-aderisce-a-telecom-infra-project-tip\/#breadcrumb"},"inLanguage":"it-IT","potentialAction":[{"@type":"ReadAction","target":["https:\/\/www.italtel.com\/it\/italtel-aderisce-a-telecom-infra-project-tip\/"]}]},{"@type":"ImageObject","inLanguage":"it-IT","@id":"https:\/\/www.italtel.com\/it\/italtel-aderisce-a-telecom-infra-project-tip\/#primaryimage","url":"https:\/\/www.italtel.com\/wp-content\/uploads\/2024\/01\/5GMILANO.png","contentUrl":"https:\/\/www.italtel.com\/wp-content\/uploads\/2024\/01\/5GMILANO.png","width":1920,"height":1080},{"@type":"BreadcrumbList","@id":"https:\/\/www.italtel.com\/it\/italtel-aderisce-a-telecom-infra-project-tip\/#breadcrumb","itemListElement":[{"@type":"ListItem","position":1,"name":"Home","item":"https:\/\/www.italtel.com\/it\/"},{"@type":"ListItem","position":2,"name":"Italtel aderisce a Telecom Infra Project (TIP)"}]},{"@type":"WebSite","@id":"https:\/\/www.italtel.com\/de\/#website","url":"https:\/\/www.italtel.com\/de\/","name":"Italtel","description":"Italtel Group&#039;s company website","publisher":{"@id":"https:\/\/www.italtel.com\/de\/#organization"},"potentialAction":[{"@type":"SearchAction","target":{"@type":"EntryPoint","urlTemplate":"https:\/\/www.italtel.com\/de\/?s={search_term_string}"},"query-input":{"@type":"PropertyValueSpecification","valueRequired":true,"valueName":"search_term_string"}}],"inLanguage":"it-IT"},{"@type":"Organization","@id":"https:\/\/www.italtel.com\/de\/#organization","name":"Italtel S.p.A.","url":"https:\/\/www.italtel.com\/de\/","logo":{"@type":"ImageObject","inLanguage":"it-IT","@id":"https:\/\/www.italtel.com\/de\/#\/schema\/logo\/image\/","url":"https:\/\/www.italtel.com\/wp-content\/uploads\/2024\/11\/Italtel_logo.png","contentUrl":"https:\/\/www.italtel.com\/wp-content\/uploads\/2024\/11\/Italtel_logo.png","width":591,"height":139,"caption":"Italtel S.p.A."},"image":{"@id":"https:\/\/www.italtel.com\/de\/#\/schema\/logo\/image\/"},"sameAs":["https:\/\/x.com\/Italtel","https:\/\/www.linkedin.com\/company\/italtel\/","https:\/\/www.instagram.com\/italtel_hq\/"]},{"@type":"Person","@id":"https:\/\/www.italtel.com\/de\/#\/schema\/person\/38f315d5a978255f0cf320055bad5afe","name":"Daniela Fontana","image":{"@type":"ImageObject","inLanguage":"it-IT","@id":"https:\/\/secure.gravatar.com\/avatar\/834a03b0c73144a8ca36e17dc365b3fbadb34c9e44399b609a00f2231e694f6a?s=96&d=mm&r=g","url":"https:\/\/secure.gravatar.com\/avatar\/834a03b0c73144a8ca36e17dc365b3fbadb34c9e44399b609a00f2231e694f6a?s=96&d=mm&r=g","contentUrl":"https:\/\/secure.gravatar.com\/avatar\/834a03b0c73144a8ca36e17dc365b3fbadb34c9e44399b609a00f2231e694f6a?s=96&d=mm&r=g","caption":"Daniela Fontana"}}]}},"_links":{"self":[{"href":"https:\/\/www.italtel.com\/it\/wp-json\/wp\/v2\/posts\/54686","targetHints":{"allow":["GET"]}}],"collection":[{"href":"https:\/\/www.italtel.com\/it\/wp-json\/wp\/v2\/posts"}],"about":[{"href":"https:\/\/www.italtel.com\/it\/wp-json\/wp\/v2\/types\/post"}],"author":[{"embeddable":true,"href":"https:\/\/www.italtel.com\/it\/wp-json\/wp\/v2\/users\/6"}],"replies":[{"embeddable":true,"href":"https:\/\/www.italtel.com\/it\/wp-json\/wp\/v2\/comments?post=54686"}],"version-history":[{"count":0,"href":"https:\/\/www.italtel.com\/it\/wp-json\/wp\/v2\/posts\/54686\/revisions"}],"wp:featuredmedia":[{"embeddable":true,"href":"https:\/\/www.italtel.com\/it\/wp-json\/wp\/v2\/media\/47910"}],"wp:attachment":[{"href":"https:\/\/www.italtel.com\/it\/wp-json\/wp\/v2\/media?parent=54686"}],"wp:term":[{"taxonomy":"category","embeddable":true,"href":"https:\/\/www.italtel.com\/it\/wp-json\/wp\/v2\/categories?post=54686"},{"taxonomy":"post_tag","embeddable":true,"href":"https:\/\/www.italtel.com\/it\/wp-json\/wp\/v2\/tags?post=54686"}],"curies":[{"name":"wp","href":"https:\/\/api.w.org\/{rel}","templated":true}]}}