{"id":54765,"date":"2021-11-11T17:34:01","date_gmt":"2021-11-11T15:34:01","guid":{"rendered":"https:\/\/www.italtel.com\/giornata-delle-tecnologie-dellinformazione-e-della-comunicazione-ict-in-catalogna\/"},"modified":"2021-11-11T17:34:01","modified_gmt":"2021-11-11T15:34:01","slug":"giornata-delle-tecnologie-dellinformazione-e-della-comunicazione-ict-in-catalogna","status":"publish","type":"post","link":"https:\/\/www.italtel.com\/it\/giornata-delle-tecnologie-dellinformazione-e-della-comunicazione-ict-in-catalogna\/","title":{"rendered":"Giornata delle tecnologie dell&#8217;informazione e della comunicazione (ICT) in Catalogna"},"content":{"rendered":"<p>Le tecnologie ICT hanno dimostrato nell\u2019ultimo anno e mezzo, caratterizzato dalla pandemia, la loro capacit\u00e0 di migliorare e facilitare la nostra vita in tutti i settori.<\/p>\n<p>Nelle giornate del 3 e 4 novembre, organizzate da Graustic e dedicate alla Catalogna, si \u00e8 voluto \u00a0considerare come \u00e8 possibile incorporare queste nuove tecnologie digitali nel campo della salute, dell&#8217;economia, della cultura, della sostenibilit\u00e0 e dell&#8217;istruzione per costruire un ambiente migliore, pi\u00f9 coeso, pi\u00f9 connesso e pi\u00f9 resiliente.<\/p>\n<p>Italtel ha partecipato a due Tavole Rotonde che si sono svolte il 3 novembre, in modalit\u00e0 on line:<\/p>\n<p>URBANISMO DIGITALE &#8211; L&#8217;evoluzione delle tecnologie digitali, sommata a quanto sperimentato di recente in questa pandemia, fa anticipare cambiamenti strutturali negli spazi pubblici e anche in spazi privati, nonch\u00e9 la riconversione di molti locali per il commercio. In questa Tavola Rotonda si discute come il mondo digitale e quello fisico convergono nelle aree urbane. L\u2019intervento per Italtel \u00e8 stato a cura di Josep Ramon Ferrer, Public Sector Sales Director in Italtel Spagna.<\/p>\n<p>POLITICHE 5G DELL&#8217;AMMINISTRAZIONE &#8211; L&#8217;evoluzione delle reti di telecomunicazioni, e pi\u00f9 specificamente delle comunicazioni mobili, con la tecnologia 5G, apre un grande mondo di nuove possibilit\u00e0 e casi d&#8217;uso in diversi settori, dalla mobilit\u00e0 all&#8217;agricoltura, alla sanit\u00e0, all&#8217;istruzione, ecc. Ma fino a che punto \u00e8 una realt\u00e0 in Catalogna, qual \u00e8 lo stato dell&#8217;arte in questo sviluppo e quali sono i ruoli di ciascuno?<\/p>\n<p>Miguel Angel Tellez, Deputy General Manager-Mediterranean Area in Italtel Spagna ha fornito la sua visione, che potete rivedere in questo video della Tavola Rotonda, a partire dal minuto 1:07:14:\u00a0 <a href=\"https:\/\/www.youtube.com\/watch?v=am8c2pi8Xdk\">https:\/\/www.youtube.com\/watch?v=am8c2pi8Xdk<\/a><\/p>\n<p>Per ulteriori info sull\u2019evento: <a href=\"https:\/\/diada.graustic.cat\/\">https:\/\/diada.graustic.cat\/<\/a><\/p>\n","protected":false},"excerpt":{"rendered":"<p>Le tecnologie ICT hanno dimostrato nell\u2019ultimo anno e mezzo, caratterizzato dalla pandemia, la loro capacit\u00e0 di migliorare e facilitare la nostra vita in tutti i settori. Nelle giornate del 3&nbsp;&#8230;<\/p>\n","protected":false},"author":6,"featured_media":48114,"comment_status":"closed","ping_status":"closed","sticky":false,"template":"","format":"standard","meta":{"footnotes":""},"categories":[378],"tags":[439,581],"class_list":["post-54765","post","type-post","status-publish","format-standard","has-post-thumbnail","hentry","category-news-it","tag-5g","tag-smart-city"],"yoast_head":"<!-- This site is optimized with the Yoast SEO plugin v27.4 - https:\/\/yoast.com\/product\/yoast-seo-wordpress\/ -->\n<title>Giornata delle tecnologie dell&#8217;informazione e della comunicazione (ICT) in Catalogna - Italtel<\/title>\n<meta name=\"robots\" content=\"index, follow, max-snippet:-1, max-image-preview:large, max-video-preview:-1\" \/>\n<link rel=\"canonical\" href=\"https:\/\/www.italtel.com\/it\/giornata-delle-tecnologie-dellinformazione-e-della-comunicazione-ict-in-catalogna\/\" \/>\n<meta property=\"og:locale\" content=\"it_IT\" \/>\n<meta property=\"og:type\" content=\"article\" \/>\n<meta property=\"og:title\" content=\"Giornata delle tecnologie dell&#8217;informazione e della comunicazione (ICT) in Catalogna - Italtel\" \/>\n<meta property=\"og:description\" content=\"Le tecnologie ICT hanno dimostrato nell\u2019ultimo anno e mezzo, caratterizzato dalla pandemia, la loro capacit\u00e0 di migliorare e facilitare la nostra vita in tutti i settori. Nelle giornate del 3&nbsp;...\" \/>\n<meta property=\"og:url\" content=\"https:\/\/www.italtel.com\/it\/giornata-delle-tecnologie-dellinformazione-e-della-comunicazione-ict-in-catalogna\/\" \/>\n<meta property=\"og:site_name\" content=\"Italtel\" \/>\n<meta property=\"article:published_time\" content=\"2021-11-11T15:34:01+00:00\" \/>\n<meta property=\"og:image\" content=\"https:\/\/www.italtel.com\/wp-content\/uploads\/2024\/01\/network-3664108__480.jpg\" \/>\n\t<meta property=\"og:image:width\" content=\"720\" \/>\n\t<meta property=\"og:image:height\" content=\"480\" \/>\n\t<meta property=\"og:image:type\" content=\"image\/jpeg\" \/>\n<meta name=\"author\" content=\"Daniela Fontana\" \/>\n<meta name=\"twitter:card\" content=\"summary_large_image\" \/>\n<meta name=\"twitter:creator\" content=\"@Italtel\" \/>\n<meta name=\"twitter:site\" content=\"@Italtel\" \/>\n<meta name=\"twitter:label1\" content=\"Scritto da\" \/>\n\t<meta name=\"twitter:data1\" content=\"Daniela Fontana\" \/>\n\t<meta name=\"twitter:label2\" content=\"Tempo di lettura stimato\" \/>\n\t<meta name=\"twitter:data2\" content=\"1 minuto\" \/>\n<script type=\"application\/ld+json\" class=\"yoast-schema-graph\">{\"@context\":\"https:\\\/\\\/schema.org\",\"@graph\":[{\"@type\":\"Article\",\"@id\":\"https:\\\/\\\/www.italtel.com\\\/it\\\/giornata-delle-tecnologie-dellinformazione-e-della-comunicazione-ict-in-catalogna\\\/#article\",\"isPartOf\":{\"@id\":\"https:\\\/\\\/www.italtel.com\\\/it\\\/giornata-delle-tecnologie-dellinformazione-e-della-comunicazione-ict-in-catalogna\\\/\"},\"author\":{\"name\":\"Daniela Fontana\",\"@id\":\"https:\\\/\\\/www.italtel.com\\\/de\\\/#\\\/schema\\\/person\\\/38f315d5a978255f0cf320055bad5afe\"},\"headline\":\"Giornata delle tecnologie dell&#8217;informazione e della comunicazione (ICT) in Catalogna\",\"datePublished\":\"2021-11-11T15:34:01+00:00\",\"mainEntityOfPage\":{\"@id\":\"https:\\\/\\\/www.italtel.com\\\/it\\\/giornata-delle-tecnologie-dellinformazione-e-della-comunicazione-ict-in-catalogna\\\/\"},\"wordCount\":290,\"publisher\":{\"@id\":\"https:\\\/\\\/www.italtel.com\\\/de\\\/#organization\"},\"image\":{\"@id\":\"https:\\\/\\\/www.italtel.com\\\/it\\\/giornata-delle-tecnologie-dellinformazione-e-della-comunicazione-ict-in-catalogna\\\/#primaryimage\"},\"thumbnailUrl\":\"https:\\\/\\\/www.italtel.com\\\/wp-content\\\/uploads\\\/2024\\\/01\\\/network-3664108__480.jpg\",\"keywords\":[\"5G\",\"Smart City\"],\"articleSection\":[\"News\"],\"inLanguage\":\"it-IT\"},{\"@type\":\"WebPage\",\"@id\":\"https:\\\/\\\/www.italtel.com\\\/it\\\/giornata-delle-tecnologie-dellinformazione-e-della-comunicazione-ict-in-catalogna\\\/\",\"url\":\"https:\\\/\\\/www.italtel.com\\\/it\\\/giornata-delle-tecnologie-dellinformazione-e-della-comunicazione-ict-in-catalogna\\\/\",\"name\":\"Giornata delle tecnologie dell&#8217;informazione e della comunicazione (ICT) in Catalogna - Italtel\",\"isPartOf\":{\"@id\":\"https:\\\/\\\/www.italtel.com\\\/de\\\/#website\"},\"primaryImageOfPage\":{\"@id\":\"https:\\\/\\\/www.italtel.com\\\/it\\\/giornata-delle-tecnologie-dellinformazione-e-della-comunicazione-ict-in-catalogna\\\/#primaryimage\"},\"image\":{\"@id\":\"https:\\\/\\\/www.italtel.com\\\/it\\\/giornata-delle-tecnologie-dellinformazione-e-della-comunicazione-ict-in-catalogna\\\/#primaryimage\"},\"thumbnailUrl\":\"https:\\\/\\\/www.italtel.com\\\/wp-content\\\/uploads\\\/2024\\\/01\\\/network-3664108__480.jpg\",\"datePublished\":\"2021-11-11T15:34:01+00:00\",\"breadcrumb\":{\"@id\":\"https:\\\/\\\/www.italtel.com\\\/it\\\/giornata-delle-tecnologie-dellinformazione-e-della-comunicazione-ict-in-catalogna\\\/#breadcrumb\"},\"inLanguage\":\"it-IT\",\"potentialAction\":[{\"@type\":\"ReadAction\",\"target\":[\"https:\\\/\\\/www.italtel.com\\\/it\\\/giornata-delle-tecnologie-dellinformazione-e-della-comunicazione-ict-in-catalogna\\\/\"]}]},{\"@type\":\"ImageObject\",\"inLanguage\":\"it-IT\",\"@id\":\"https:\\\/\\\/www.italtel.com\\\/it\\\/giornata-delle-tecnologie-dellinformazione-e-della-comunicazione-ict-in-catalogna\\\/#primaryimage\",\"url\":\"https:\\\/\\\/www.italtel.com\\\/wp-content\\\/uploads\\\/2024\\\/01\\\/network-3664108__480.jpg\",\"contentUrl\":\"https:\\\/\\\/www.italtel.com\\\/wp-content\\\/uploads\\\/2024\\\/01\\\/network-3664108__480.jpg\",\"width\":720,\"height\":480},{\"@type\":\"BreadcrumbList\",\"@id\":\"https:\\\/\\\/www.italtel.com\\\/it\\\/giornata-delle-tecnologie-dellinformazione-e-della-comunicazione-ict-in-catalogna\\\/#breadcrumb\",\"itemListElement\":[{\"@type\":\"ListItem\",\"position\":1,\"name\":\"Home\",\"item\":\"https:\\\/\\\/www.italtel.com\\\/it\\\/\"},{\"@type\":\"ListItem\",\"position\":2,\"name\":\"Giornata delle tecnologie dell&#8217;informazione e della comunicazione (ICT) in Catalogna\"}]},{\"@type\":\"WebSite\",\"@id\":\"https:\\\/\\\/www.italtel.com\\\/de\\\/#website\",\"url\":\"https:\\\/\\\/www.italtel.com\\\/de\\\/\",\"name\":\"Italtel\",\"description\":\"Italtel Group&#039;s company website\",\"publisher\":{\"@id\":\"https:\\\/\\\/www.italtel.com\\\/de\\\/#organization\"},\"potentialAction\":[{\"@type\":\"SearchAction\",\"target\":{\"@type\":\"EntryPoint\",\"urlTemplate\":\"https:\\\/\\\/www.italtel.com\\\/de\\\/?s={search_term_string}\"},\"query-input\":{\"@type\":\"PropertyValueSpecification\",\"valueRequired\":true,\"valueName\":\"search_term_string\"}}],\"inLanguage\":\"it-IT\"},{\"@type\":\"Organization\",\"@id\":\"https:\\\/\\\/www.italtel.com\\\/de\\\/#organization\",\"name\":\"Italtel S.p.A.\",\"url\":\"https:\\\/\\\/www.italtel.com\\\/de\\\/\",\"logo\":{\"@type\":\"ImageObject\",\"inLanguage\":\"it-IT\",\"@id\":\"https:\\\/\\\/www.italtel.com\\\/de\\\/#\\\/schema\\\/logo\\\/image\\\/\",\"url\":\"https:\\\/\\\/www.italtel.com\\\/wp-content\\\/uploads\\\/2024\\\/11\\\/Italtel_logo.png\",\"contentUrl\":\"https:\\\/\\\/www.italtel.com\\\/wp-content\\\/uploads\\\/2024\\\/11\\\/Italtel_logo.png\",\"width\":591,\"height\":139,\"caption\":\"Italtel S.p.A.\"},\"image\":{\"@id\":\"https:\\\/\\\/www.italtel.com\\\/de\\\/#\\\/schema\\\/logo\\\/image\\\/\"},\"sameAs\":[\"https:\\\/\\\/x.com\\\/Italtel\",\"https:\\\/\\\/www.linkedin.com\\\/company\\\/italtel\\\/\",\"https:\\\/\\\/www.instagram.com\\\/italtel_hq\\\/\"]},{\"@type\":\"Person\",\"@id\":\"https:\\\/\\\/www.italtel.com\\\/de\\\/#\\\/schema\\\/person\\\/38f315d5a978255f0cf320055bad5afe\",\"name\":\"Daniela Fontana\",\"image\":{\"@type\":\"ImageObject\",\"inLanguage\":\"it-IT\",\"@id\":\"https:\\\/\\\/secure.gravatar.com\\\/avatar\\\/834a03b0c73144a8ca36e17dc365b3fbadb34c9e44399b609a00f2231e694f6a?s=96&d=mm&r=g\",\"url\":\"https:\\\/\\\/secure.gravatar.com\\\/avatar\\\/834a03b0c73144a8ca36e17dc365b3fbadb34c9e44399b609a00f2231e694f6a?s=96&d=mm&r=g\",\"contentUrl\":\"https:\\\/\\\/secure.gravatar.com\\\/avatar\\\/834a03b0c73144a8ca36e17dc365b3fbadb34c9e44399b609a00f2231e694f6a?s=96&d=mm&r=g\",\"caption\":\"Daniela Fontana\"}}]}<\/script>\n<!-- \/ Yoast SEO plugin. -->","yoast_head_json":{"title":"Giornata delle tecnologie dell&#8217;informazione e della comunicazione (ICT) in Catalogna - Italtel","robots":{"index":"index","follow":"follow","max-snippet":"max-snippet:-1","max-image-preview":"max-image-preview:large","max-video-preview":"max-video-preview:-1"},"canonical":"https:\/\/www.italtel.com\/it\/giornata-delle-tecnologie-dellinformazione-e-della-comunicazione-ict-in-catalogna\/","og_locale":"it_IT","og_type":"article","og_title":"Giornata delle tecnologie dell&#8217;informazione e della comunicazione (ICT) in Catalogna - Italtel","og_description":"Le tecnologie ICT hanno dimostrato nell\u2019ultimo anno e mezzo, caratterizzato dalla pandemia, la loro capacit\u00e0 di migliorare e facilitare la nostra vita in tutti i settori. Nelle giornate del 3&nbsp;...","og_url":"https:\/\/www.italtel.com\/it\/giornata-delle-tecnologie-dellinformazione-e-della-comunicazione-ict-in-catalogna\/","og_site_name":"Italtel","article_published_time":"2021-11-11T15:34:01+00:00","og_image":[{"width":720,"height":480,"url":"https:\/\/www.italtel.com\/wp-content\/uploads\/2024\/01\/network-3664108__480.jpg","type":"image\/jpeg"}],"author":"Daniela Fontana","twitter_card":"summary_large_image","twitter_creator":"@Italtel","twitter_site":"@Italtel","twitter_misc":{"Scritto da":"Daniela Fontana","Tempo di lettura stimato":"1 minuto"},"schema":{"@context":"https:\/\/schema.org","@graph":[{"@type":"Article","@id":"https:\/\/www.italtel.com\/it\/giornata-delle-tecnologie-dellinformazione-e-della-comunicazione-ict-in-catalogna\/#article","isPartOf":{"@id":"https:\/\/www.italtel.com\/it\/giornata-delle-tecnologie-dellinformazione-e-della-comunicazione-ict-in-catalogna\/"},"author":{"name":"Daniela Fontana","@id":"https:\/\/www.italtel.com\/de\/#\/schema\/person\/38f315d5a978255f0cf320055bad5afe"},"headline":"Giornata delle tecnologie dell&#8217;informazione e della comunicazione (ICT) in Catalogna","datePublished":"2021-11-11T15:34:01+00:00","mainEntityOfPage":{"@id":"https:\/\/www.italtel.com\/it\/giornata-delle-tecnologie-dellinformazione-e-della-comunicazione-ict-in-catalogna\/"},"wordCount":290,"publisher":{"@id":"https:\/\/www.italtel.com\/de\/#organization"},"image":{"@id":"https:\/\/www.italtel.com\/it\/giornata-delle-tecnologie-dellinformazione-e-della-comunicazione-ict-in-catalogna\/#primaryimage"},"thumbnailUrl":"https:\/\/www.italtel.com\/wp-content\/uploads\/2024\/01\/network-3664108__480.jpg","keywords":["5G","Smart City"],"articleSection":["News"],"inLanguage":"it-IT"},{"@type":"WebPage","@id":"https:\/\/www.italtel.com\/it\/giornata-delle-tecnologie-dellinformazione-e-della-comunicazione-ict-in-catalogna\/","url":"https:\/\/www.italtel.com\/it\/giornata-delle-tecnologie-dellinformazione-e-della-comunicazione-ict-in-catalogna\/","name":"Giornata delle tecnologie dell&#8217;informazione e della comunicazione (ICT) in Catalogna - Italtel","isPartOf":{"@id":"https:\/\/www.italtel.com\/de\/#website"},"primaryImageOfPage":{"@id":"https:\/\/www.italtel.com\/it\/giornata-delle-tecnologie-dellinformazione-e-della-comunicazione-ict-in-catalogna\/#primaryimage"},"image":{"@id":"https:\/\/www.italtel.com\/it\/giornata-delle-tecnologie-dellinformazione-e-della-comunicazione-ict-in-catalogna\/#primaryimage"},"thumbnailUrl":"https:\/\/www.italtel.com\/wp-content\/uploads\/2024\/01\/network-3664108__480.jpg","datePublished":"2021-11-11T15:34:01+00:00","breadcrumb":{"@id":"https:\/\/www.italtel.com\/it\/giornata-delle-tecnologie-dellinformazione-e-della-comunicazione-ict-in-catalogna\/#breadcrumb"},"inLanguage":"it-IT","potentialAction":[{"@type":"ReadAction","target":["https:\/\/www.italtel.com\/it\/giornata-delle-tecnologie-dellinformazione-e-della-comunicazione-ict-in-catalogna\/"]}]},{"@type":"ImageObject","inLanguage":"it-IT","@id":"https:\/\/www.italtel.com\/it\/giornata-delle-tecnologie-dellinformazione-e-della-comunicazione-ict-in-catalogna\/#primaryimage","url":"https:\/\/www.italtel.com\/wp-content\/uploads\/2024\/01\/network-3664108__480.jpg","contentUrl":"https:\/\/www.italtel.com\/wp-content\/uploads\/2024\/01\/network-3664108__480.jpg","width":720,"height":480},{"@type":"BreadcrumbList","@id":"https:\/\/www.italtel.com\/it\/giornata-delle-tecnologie-dellinformazione-e-della-comunicazione-ict-in-catalogna\/#breadcrumb","itemListElement":[{"@type":"ListItem","position":1,"name":"Home","item":"https:\/\/www.italtel.com\/it\/"},{"@type":"ListItem","position":2,"name":"Giornata delle tecnologie dell&#8217;informazione e della comunicazione (ICT) in Catalogna"}]},{"@type":"WebSite","@id":"https:\/\/www.italtel.com\/de\/#website","url":"https:\/\/www.italtel.com\/de\/","name":"Italtel","description":"Italtel Group&#039;s company website","publisher":{"@id":"https:\/\/www.italtel.com\/de\/#organization"},"potentialAction":[{"@type":"SearchAction","target":{"@type":"EntryPoint","urlTemplate":"https:\/\/www.italtel.com\/de\/?s={search_term_string}"},"query-input":{"@type":"PropertyValueSpecification","valueRequired":true,"valueName":"search_term_string"}}],"inLanguage":"it-IT"},{"@type":"Organization","@id":"https:\/\/www.italtel.com\/de\/#organization","name":"Italtel S.p.A.","url":"https:\/\/www.italtel.com\/de\/","logo":{"@type":"ImageObject","inLanguage":"it-IT","@id":"https:\/\/www.italtel.com\/de\/#\/schema\/logo\/image\/","url":"https:\/\/www.italtel.com\/wp-content\/uploads\/2024\/11\/Italtel_logo.png","contentUrl":"https:\/\/www.italtel.com\/wp-content\/uploads\/2024\/11\/Italtel_logo.png","width":591,"height":139,"caption":"Italtel S.p.A."},"image":{"@id":"https:\/\/www.italtel.com\/de\/#\/schema\/logo\/image\/"},"sameAs":["https:\/\/x.com\/Italtel","https:\/\/www.linkedin.com\/company\/italtel\/","https:\/\/www.instagram.com\/italtel_hq\/"]},{"@type":"Person","@id":"https:\/\/www.italtel.com\/de\/#\/schema\/person\/38f315d5a978255f0cf320055bad5afe","name":"Daniela Fontana","image":{"@type":"ImageObject","inLanguage":"it-IT","@id":"https:\/\/secure.gravatar.com\/avatar\/834a03b0c73144a8ca36e17dc365b3fbadb34c9e44399b609a00f2231e694f6a?s=96&d=mm&r=g","url":"https:\/\/secure.gravatar.com\/avatar\/834a03b0c73144a8ca36e17dc365b3fbadb34c9e44399b609a00f2231e694f6a?s=96&d=mm&r=g","contentUrl":"https:\/\/secure.gravatar.com\/avatar\/834a03b0c73144a8ca36e17dc365b3fbadb34c9e44399b609a00f2231e694f6a?s=96&d=mm&r=g","caption":"Daniela Fontana"}}]}},"_links":{"self":[{"href":"https:\/\/www.italtel.com\/it\/wp-json\/wp\/v2\/posts\/54765","targetHints":{"allow":["GET"]}}],"collection":[{"href":"https:\/\/www.italtel.com\/it\/wp-json\/wp\/v2\/posts"}],"about":[{"href":"https:\/\/www.italtel.com\/it\/wp-json\/wp\/v2\/types\/post"}],"author":[{"embeddable":true,"href":"https:\/\/www.italtel.com\/it\/wp-json\/wp\/v2\/users\/6"}],"replies":[{"embeddable":true,"href":"https:\/\/www.italtel.com\/it\/wp-json\/wp\/v2\/comments?post=54765"}],"version-history":[{"count":0,"href":"https:\/\/www.italtel.com\/it\/wp-json\/wp\/v2\/posts\/54765\/revisions"}],"wp:featuredmedia":[{"embeddable":true,"href":"https:\/\/www.italtel.com\/it\/wp-json\/wp\/v2\/media\/48114"}],"wp:attachment":[{"href":"https:\/\/www.italtel.com\/it\/wp-json\/wp\/v2\/media?parent=54765"}],"wp:term":[{"taxonomy":"category","embeddable":true,"href":"https:\/\/www.italtel.com\/it\/wp-json\/wp\/v2\/categories?post=54765"},{"taxonomy":"post_tag","embeddable":true,"href":"https:\/\/www.italtel.com\/it\/wp-json\/wp\/v2\/tags?post=54765"}],"curies":[{"name":"wp","href":"https:\/\/api.w.org\/{rel}","templated":true}]}}