{"id":54786,"date":"2021-06-29T07:29:46","date_gmt":"2021-06-29T05:29:46","guid":{"rendered":"https:\/\/www.italtel.com\/come-far-ripartire-il-business-con-un-digital-workplace\/"},"modified":"2021-06-29T07:29:46","modified_gmt":"2021-06-29T05:29:46","slug":"come-far-ripartire-il-business-con-un-digital-workplace","status":"publish","type":"post","link":"https:\/\/www.italtel.com\/it\/come-far-ripartire-il-business-con-un-digital-workplace\/","title":{"rendered":"Come far ripartire il business con un digital workplace"},"content":{"rendered":"<p><strong>Ripensare gli spazi e le modalit\u00e0 di lavoro<\/strong> \u00e8 una risposta alle irrinunciabili esigenze di sicurezza e sostenibilit\u00e0 post-pandemia. La spinta a realizzare un <a href=\"https:\/\/www.italtel.com\/it\/soluzioni\/digital-workplace\/\">Digital Workplace<\/a> passa innanzitutto dal <a href=\"https:\/\/www.italtel.com\/it\/soluzioni\/hybrid-cloud\/\">cloud<\/a>: \u00abknowledge sharing\u00bb, \u00abengagement\u00bb e \u00abcollaboration\u00bb sono paradigmi di lavoro realizzabili grazie agli artefatti tecnologici e agli strumenti resi accessibili dal cloud<\/p>\n<p>\u201cL\u2019uscita dalla pandemia richiede risposte resilienti e capaci di ridurre l\u2019esposizione a rischi e aumentare la sostenibilit\u00e0 ambientale e sanitaria dei sistemi socioeconomici\u201d. Questa la sintesi della LVII riunione scientifica <a href=\"https:\/\/www.youtube.com\/watch?v=97mQhK1CE-0\">tenutasi on line<\/a> lo scorso 27 maggio della SIEDS \u2013 la Societ\u00e0 italiana di economia, demografica e statistica \u2013 dedicata al tema \u00abLa statistica al servizio della rinascita\u00bb.<\/p>\n<p>Soprattutto i team ICT e Facility sono sotto pressione per il forte impulso impresso dall&#8217;emergenza COVID-19 per l\u2019adozione pervasiva dello smart working e dei servizi in cloud. Gli IT Manager si trovano a valutare quali, tra le funzioni e le tecnologie preesistenti in azienda, siano ancora adeguate e quali invece siano da aggiornare nella trasformazione digitale.<\/p>\n<p>Il contenimento dei rischi e l\u2019attenzione alla sostenibilit\u00e0 sono dunque aspetti di primissimo piano che le aziende devono includere nelle proprie strategie di ripartenza.<\/p>\n<p>\u00c8 il cloud la tecnologia che permette di facilitare la comunicazione e la collaborazione tra colleghi: quanto meglio (in termini di velocit\u00e0 e sicurezza) i dipendenti accedono alle risorse aziendali tanto meglio (in termini di produttivit\u00e0 e soddisfazione) potranno lavorare e collaborare con i colleghi sempre pi\u00f9 spesso collegati da remoto.<\/p>\n<p>L\u2019attivazione di tool di Cloud Collaboration \u00e8 uno degli elementi che hanno garantino la business continuity in una situazione di emergenza mondiale cos\u00ec complessa come \u00e8 la pandemia in corso. I dati relativi al primo periodo del coronavirus (Q2 2020), caratterizzato da vari lockdown in diversi paesi rivelano informazioni interessanti sulle reazioni delle aziende di fronte all\u2019avanzata della pandemia: ad esempio, a marzo 2020 Microsoft annuncia 44 milioni di utenti giornalieri sulla piattaforma Teams, e solo in Italia le chiamate e le riunioni su <a href=\"https:\/\/www.microsoft.com\/it-it\/microsoft-teams\/group-chat-software\">Microsoft Teams<\/a> sono aumentate in modo dirompente con un +775% in un solo mese (fonte: <a href=\"https:\/\/www.asit.it\/covid-e-unified-communication\/\">https:\/\/www.asit.it\/covid-e-unified-communication\/<\/a>). .<\/p>\n<p>Italtel propone da tempo soluzioni per il digital workplace, di cui lo smart working \u00e8 divenuto una declinazione sempre pi\u00f9 fondante, ed \u00e8 certificata MS Teams (<a href=\"https:\/\/www.italtel.com\/it\/netmatch-ottiene-la-certificazione-per-microsoft-teams\/\">scopri di pi\u00f9<\/a>). Italtel \u00e8 perci\u00f2 il partner ideale per implementare un digital workplace efficiente e sicuro che porta grandi benefici di carattere sia economico sia sociale ad aziende e lavoratori, abilitando il cambiamento necessario per una ripresa duratura.<\/p>\n<p>&nbsp;<\/p>\n","protected":false},"excerpt":{"rendered":"<p>Ripensare gli spazi e le modalit\u00e0 di lavoro \u00e8 una risposta alle irrinunciabili esigenze di sicurezza e sostenibilit\u00e0 post-pandemia. La spinta a realizzare un Digital Workplace passa innanzitutto dal cloud:&nbsp;&#8230;<\/p>\n","protected":false},"author":6,"featured_media":48181,"comment_status":"closed","ping_status":"closed","sticky":false,"template":"","format":"standard","meta":{"footnotes":""},"categories":[378],"tags":[599,470],"class_list":["post-54786","post","type-post","status-publish","format-standard","has-post-thumbnail","hentry","category-news-it","tag-digital-workplace","tag-smart-working"],"yoast_head":"<!-- This site is optimized with the Yoast SEO plugin v27.4 - https:\/\/yoast.com\/product\/yoast-seo-wordpress\/ -->\n<title>Come far ripartire il business con un digital workplace - Italtel<\/title>\n<meta name=\"robots\" content=\"index, follow, max-snippet:-1, max-image-preview:large, max-video-preview:-1\" \/>\n<link rel=\"canonical\" href=\"https:\/\/www.italtel.com\/it\/come-far-ripartire-il-business-con-un-digital-workplace\/\" \/>\n<meta property=\"og:locale\" content=\"it_IT\" \/>\n<meta property=\"og:type\" content=\"article\" \/>\n<meta property=\"og:title\" content=\"Come far ripartire il business con un digital workplace - Italtel\" \/>\n<meta property=\"og:description\" content=\"Ripensare gli spazi e le modalit\u00e0 di lavoro \u00e8 una risposta alle irrinunciabili esigenze di sicurezza e sostenibilit\u00e0 post-pandemia. La spinta a realizzare un Digital Workplace passa innanzitutto dal cloud:&nbsp;...\" \/>\n<meta property=\"og:url\" content=\"https:\/\/www.italtel.com\/it\/come-far-ripartire-il-business-con-un-digital-workplace\/\" \/>\n<meta property=\"og:site_name\" content=\"Italtel\" \/>\n<meta property=\"article:published_time\" content=\"2021-06-29T05:29:46+00:00\" \/>\n<meta property=\"og:image\" content=\"https:\/\/www.italtel.com\/wp-content\/uploads\/2024\/01\/Fotolia_104891444_S-homeworking.jpg\" \/>\n\t<meta property=\"og:image:width\" content=\"848\" \/>\n\t<meta property=\"og:image:height\" content=\"566\" \/>\n\t<meta property=\"og:image:type\" content=\"image\/jpeg\" \/>\n<meta name=\"author\" content=\"Daniela Fontana\" \/>\n<meta name=\"twitter:card\" content=\"summary_large_image\" \/>\n<meta name=\"twitter:creator\" content=\"@Italtel\" \/>\n<meta name=\"twitter:site\" content=\"@Italtel\" \/>\n<meta name=\"twitter:label1\" content=\"Scritto da\" \/>\n\t<meta name=\"twitter:data1\" content=\"Daniela Fontana\" \/>\n\t<meta name=\"twitter:label2\" content=\"Tempo di lettura stimato\" \/>\n\t<meta name=\"twitter:data2\" content=\"2 minuti\" \/>\n<script type=\"application\/ld+json\" class=\"yoast-schema-graph\">{\"@context\":\"https:\\\/\\\/schema.org\",\"@graph\":[{\"@type\":\"Article\",\"@id\":\"https:\\\/\\\/www.italtel.com\\\/it\\\/come-far-ripartire-il-business-con-un-digital-workplace\\\/#article\",\"isPartOf\":{\"@id\":\"https:\\\/\\\/www.italtel.com\\\/it\\\/come-far-ripartire-il-business-con-un-digital-workplace\\\/\"},\"author\":{\"name\":\"Daniela Fontana\",\"@id\":\"https:\\\/\\\/www.italtel.com\\\/de\\\/#\\\/schema\\\/person\\\/38f315d5a978255f0cf320055bad5afe\"},\"headline\":\"Come far ripartire il business con un digital workplace\",\"datePublished\":\"2021-06-29T05:29:46+00:00\",\"mainEntityOfPage\":{\"@id\":\"https:\\\/\\\/www.italtel.com\\\/it\\\/come-far-ripartire-il-business-con-un-digital-workplace\\\/\"},\"wordCount\":412,\"publisher\":{\"@id\":\"https:\\\/\\\/www.italtel.com\\\/de\\\/#organization\"},\"image\":{\"@id\":\"https:\\\/\\\/www.italtel.com\\\/it\\\/come-far-ripartire-il-business-con-un-digital-workplace\\\/#primaryimage\"},\"thumbnailUrl\":\"https:\\\/\\\/www.italtel.com\\\/wp-content\\\/uploads\\\/2024\\\/01\\\/Fotolia_104891444_S-homeworking.jpg\",\"keywords\":[\"Digital workplace\",\"Smart working\"],\"articleSection\":[\"News\"],\"inLanguage\":\"it-IT\"},{\"@type\":\"WebPage\",\"@id\":\"https:\\\/\\\/www.italtel.com\\\/it\\\/come-far-ripartire-il-business-con-un-digital-workplace\\\/\",\"url\":\"https:\\\/\\\/www.italtel.com\\\/it\\\/come-far-ripartire-il-business-con-un-digital-workplace\\\/\",\"name\":\"Come far ripartire il business con un digital workplace - Italtel\",\"isPartOf\":{\"@id\":\"https:\\\/\\\/www.italtel.com\\\/de\\\/#website\"},\"primaryImageOfPage\":{\"@id\":\"https:\\\/\\\/www.italtel.com\\\/it\\\/come-far-ripartire-il-business-con-un-digital-workplace\\\/#primaryimage\"},\"image\":{\"@id\":\"https:\\\/\\\/www.italtel.com\\\/it\\\/come-far-ripartire-il-business-con-un-digital-workplace\\\/#primaryimage\"},\"thumbnailUrl\":\"https:\\\/\\\/www.italtel.com\\\/wp-content\\\/uploads\\\/2024\\\/01\\\/Fotolia_104891444_S-homeworking.jpg\",\"datePublished\":\"2021-06-29T05:29:46+00:00\",\"breadcrumb\":{\"@id\":\"https:\\\/\\\/www.italtel.com\\\/it\\\/come-far-ripartire-il-business-con-un-digital-workplace\\\/#breadcrumb\"},\"inLanguage\":\"it-IT\",\"potentialAction\":[{\"@type\":\"ReadAction\",\"target\":[\"https:\\\/\\\/www.italtel.com\\\/it\\\/come-far-ripartire-il-business-con-un-digital-workplace\\\/\"]}]},{\"@type\":\"ImageObject\",\"inLanguage\":\"it-IT\",\"@id\":\"https:\\\/\\\/www.italtel.com\\\/it\\\/come-far-ripartire-il-business-con-un-digital-workplace\\\/#primaryimage\",\"url\":\"https:\\\/\\\/www.italtel.com\\\/wp-content\\\/uploads\\\/2024\\\/01\\\/Fotolia_104891444_S-homeworking.jpg\",\"contentUrl\":\"https:\\\/\\\/www.italtel.com\\\/wp-content\\\/uploads\\\/2024\\\/01\\\/Fotolia_104891444_S-homeworking.jpg\",\"width\":848,\"height\":566},{\"@type\":\"BreadcrumbList\",\"@id\":\"https:\\\/\\\/www.italtel.com\\\/it\\\/come-far-ripartire-il-business-con-un-digital-workplace\\\/#breadcrumb\",\"itemListElement\":[{\"@type\":\"ListItem\",\"position\":1,\"name\":\"Home\",\"item\":\"https:\\\/\\\/www.italtel.com\\\/it\\\/\"},{\"@type\":\"ListItem\",\"position\":2,\"name\":\"Come far ripartire il business con un digital workplace\"}]},{\"@type\":\"WebSite\",\"@id\":\"https:\\\/\\\/www.italtel.com\\\/de\\\/#website\",\"url\":\"https:\\\/\\\/www.italtel.com\\\/de\\\/\",\"name\":\"Italtel\",\"description\":\"Italtel Group&#039;s company website\",\"publisher\":{\"@id\":\"https:\\\/\\\/www.italtel.com\\\/de\\\/#organization\"},\"potentialAction\":[{\"@type\":\"SearchAction\",\"target\":{\"@type\":\"EntryPoint\",\"urlTemplate\":\"https:\\\/\\\/www.italtel.com\\\/de\\\/?s={search_term_string}\"},\"query-input\":{\"@type\":\"PropertyValueSpecification\",\"valueRequired\":true,\"valueName\":\"search_term_string\"}}],\"inLanguage\":\"it-IT\"},{\"@type\":\"Organization\",\"@id\":\"https:\\\/\\\/www.italtel.com\\\/de\\\/#organization\",\"name\":\"Italtel S.p.A.\",\"url\":\"https:\\\/\\\/www.italtel.com\\\/de\\\/\",\"logo\":{\"@type\":\"ImageObject\",\"inLanguage\":\"it-IT\",\"@id\":\"https:\\\/\\\/www.italtel.com\\\/de\\\/#\\\/schema\\\/logo\\\/image\\\/\",\"url\":\"https:\\\/\\\/www.italtel.com\\\/wp-content\\\/uploads\\\/2024\\\/11\\\/Italtel_logo.png\",\"contentUrl\":\"https:\\\/\\\/www.italtel.com\\\/wp-content\\\/uploads\\\/2024\\\/11\\\/Italtel_logo.png\",\"width\":591,\"height\":139,\"caption\":\"Italtel S.p.A.\"},\"image\":{\"@id\":\"https:\\\/\\\/www.italtel.com\\\/de\\\/#\\\/schema\\\/logo\\\/image\\\/\"},\"sameAs\":[\"https:\\\/\\\/x.com\\\/Italtel\",\"https:\\\/\\\/www.linkedin.com\\\/company\\\/italtel\\\/\",\"https:\\\/\\\/www.instagram.com\\\/italtel_hq\\\/\"]},{\"@type\":\"Person\",\"@id\":\"https:\\\/\\\/www.italtel.com\\\/de\\\/#\\\/schema\\\/person\\\/38f315d5a978255f0cf320055bad5afe\",\"name\":\"Daniela Fontana\",\"image\":{\"@type\":\"ImageObject\",\"inLanguage\":\"it-IT\",\"@id\":\"https:\\\/\\\/secure.gravatar.com\\\/avatar\\\/834a03b0c73144a8ca36e17dc365b3fbadb34c9e44399b609a00f2231e694f6a?s=96&d=mm&r=g\",\"url\":\"https:\\\/\\\/secure.gravatar.com\\\/avatar\\\/834a03b0c73144a8ca36e17dc365b3fbadb34c9e44399b609a00f2231e694f6a?s=96&d=mm&r=g\",\"contentUrl\":\"https:\\\/\\\/secure.gravatar.com\\\/avatar\\\/834a03b0c73144a8ca36e17dc365b3fbadb34c9e44399b609a00f2231e694f6a?s=96&d=mm&r=g\",\"caption\":\"Daniela Fontana\"}}]}<\/script>\n<!-- \/ Yoast SEO plugin. -->","yoast_head_json":{"title":"Come far ripartire il business con un digital workplace - Italtel","robots":{"index":"index","follow":"follow","max-snippet":"max-snippet:-1","max-image-preview":"max-image-preview:large","max-video-preview":"max-video-preview:-1"},"canonical":"https:\/\/www.italtel.com\/it\/come-far-ripartire-il-business-con-un-digital-workplace\/","og_locale":"it_IT","og_type":"article","og_title":"Come far ripartire il business con un digital workplace - Italtel","og_description":"Ripensare gli spazi e le modalit\u00e0 di lavoro \u00e8 una risposta alle irrinunciabili esigenze di sicurezza e sostenibilit\u00e0 post-pandemia. La spinta a realizzare un Digital Workplace passa innanzitutto dal cloud:&nbsp;...","og_url":"https:\/\/www.italtel.com\/it\/come-far-ripartire-il-business-con-un-digital-workplace\/","og_site_name":"Italtel","article_published_time":"2021-06-29T05:29:46+00:00","og_image":[{"width":848,"height":566,"url":"https:\/\/www.italtel.com\/wp-content\/uploads\/2024\/01\/Fotolia_104891444_S-homeworking.jpg","type":"image\/jpeg"}],"author":"Daniela Fontana","twitter_card":"summary_large_image","twitter_creator":"@Italtel","twitter_site":"@Italtel","twitter_misc":{"Scritto da":"Daniela Fontana","Tempo di lettura stimato":"2 minuti"},"schema":{"@context":"https:\/\/schema.org","@graph":[{"@type":"Article","@id":"https:\/\/www.italtel.com\/it\/come-far-ripartire-il-business-con-un-digital-workplace\/#article","isPartOf":{"@id":"https:\/\/www.italtel.com\/it\/come-far-ripartire-il-business-con-un-digital-workplace\/"},"author":{"name":"Daniela Fontana","@id":"https:\/\/www.italtel.com\/de\/#\/schema\/person\/38f315d5a978255f0cf320055bad5afe"},"headline":"Come far ripartire il business con un digital workplace","datePublished":"2021-06-29T05:29:46+00:00","mainEntityOfPage":{"@id":"https:\/\/www.italtel.com\/it\/come-far-ripartire-il-business-con-un-digital-workplace\/"},"wordCount":412,"publisher":{"@id":"https:\/\/www.italtel.com\/de\/#organization"},"image":{"@id":"https:\/\/www.italtel.com\/it\/come-far-ripartire-il-business-con-un-digital-workplace\/#primaryimage"},"thumbnailUrl":"https:\/\/www.italtel.com\/wp-content\/uploads\/2024\/01\/Fotolia_104891444_S-homeworking.jpg","keywords":["Digital workplace","Smart working"],"articleSection":["News"],"inLanguage":"it-IT"},{"@type":"WebPage","@id":"https:\/\/www.italtel.com\/it\/come-far-ripartire-il-business-con-un-digital-workplace\/","url":"https:\/\/www.italtel.com\/it\/come-far-ripartire-il-business-con-un-digital-workplace\/","name":"Come far ripartire il business con un digital workplace - Italtel","isPartOf":{"@id":"https:\/\/www.italtel.com\/de\/#website"},"primaryImageOfPage":{"@id":"https:\/\/www.italtel.com\/it\/come-far-ripartire-il-business-con-un-digital-workplace\/#primaryimage"},"image":{"@id":"https:\/\/www.italtel.com\/it\/come-far-ripartire-il-business-con-un-digital-workplace\/#primaryimage"},"thumbnailUrl":"https:\/\/www.italtel.com\/wp-content\/uploads\/2024\/01\/Fotolia_104891444_S-homeworking.jpg","datePublished":"2021-06-29T05:29:46+00:00","breadcrumb":{"@id":"https:\/\/www.italtel.com\/it\/come-far-ripartire-il-business-con-un-digital-workplace\/#breadcrumb"},"inLanguage":"it-IT","potentialAction":[{"@type":"ReadAction","target":["https:\/\/www.italtel.com\/it\/come-far-ripartire-il-business-con-un-digital-workplace\/"]}]},{"@type":"ImageObject","inLanguage":"it-IT","@id":"https:\/\/www.italtel.com\/it\/come-far-ripartire-il-business-con-un-digital-workplace\/#primaryimage","url":"https:\/\/www.italtel.com\/wp-content\/uploads\/2024\/01\/Fotolia_104891444_S-homeworking.jpg","contentUrl":"https:\/\/www.italtel.com\/wp-content\/uploads\/2024\/01\/Fotolia_104891444_S-homeworking.jpg","width":848,"height":566},{"@type":"BreadcrumbList","@id":"https:\/\/www.italtel.com\/it\/come-far-ripartire-il-business-con-un-digital-workplace\/#breadcrumb","itemListElement":[{"@type":"ListItem","position":1,"name":"Home","item":"https:\/\/www.italtel.com\/it\/"},{"@type":"ListItem","position":2,"name":"Come far ripartire il business con un digital workplace"}]},{"@type":"WebSite","@id":"https:\/\/www.italtel.com\/de\/#website","url":"https:\/\/www.italtel.com\/de\/","name":"Italtel","description":"Italtel Group&#039;s company website","publisher":{"@id":"https:\/\/www.italtel.com\/de\/#organization"},"potentialAction":[{"@type":"SearchAction","target":{"@type":"EntryPoint","urlTemplate":"https:\/\/www.italtel.com\/de\/?s={search_term_string}"},"query-input":{"@type":"PropertyValueSpecification","valueRequired":true,"valueName":"search_term_string"}}],"inLanguage":"it-IT"},{"@type":"Organization","@id":"https:\/\/www.italtel.com\/de\/#organization","name":"Italtel S.p.A.","url":"https:\/\/www.italtel.com\/de\/","logo":{"@type":"ImageObject","inLanguage":"it-IT","@id":"https:\/\/www.italtel.com\/de\/#\/schema\/logo\/image\/","url":"https:\/\/www.italtel.com\/wp-content\/uploads\/2024\/11\/Italtel_logo.png","contentUrl":"https:\/\/www.italtel.com\/wp-content\/uploads\/2024\/11\/Italtel_logo.png","width":591,"height":139,"caption":"Italtel S.p.A."},"image":{"@id":"https:\/\/www.italtel.com\/de\/#\/schema\/logo\/image\/"},"sameAs":["https:\/\/x.com\/Italtel","https:\/\/www.linkedin.com\/company\/italtel\/","https:\/\/www.instagram.com\/italtel_hq\/"]},{"@type":"Person","@id":"https:\/\/www.italtel.com\/de\/#\/schema\/person\/38f315d5a978255f0cf320055bad5afe","name":"Daniela Fontana","image":{"@type":"ImageObject","inLanguage":"it-IT","@id":"https:\/\/secure.gravatar.com\/avatar\/834a03b0c73144a8ca36e17dc365b3fbadb34c9e44399b609a00f2231e694f6a?s=96&d=mm&r=g","url":"https:\/\/secure.gravatar.com\/avatar\/834a03b0c73144a8ca36e17dc365b3fbadb34c9e44399b609a00f2231e694f6a?s=96&d=mm&r=g","contentUrl":"https:\/\/secure.gravatar.com\/avatar\/834a03b0c73144a8ca36e17dc365b3fbadb34c9e44399b609a00f2231e694f6a?s=96&d=mm&r=g","caption":"Daniela Fontana"}}]}},"_links":{"self":[{"href":"https:\/\/www.italtel.com\/it\/wp-json\/wp\/v2\/posts\/54786","targetHints":{"allow":["GET"]}}],"collection":[{"href":"https:\/\/www.italtel.com\/it\/wp-json\/wp\/v2\/posts"}],"about":[{"href":"https:\/\/www.italtel.com\/it\/wp-json\/wp\/v2\/types\/post"}],"author":[{"embeddable":true,"href":"https:\/\/www.italtel.com\/it\/wp-json\/wp\/v2\/users\/6"}],"replies":[{"embeddable":true,"href":"https:\/\/www.italtel.com\/it\/wp-json\/wp\/v2\/comments?post=54786"}],"version-history":[{"count":0,"href":"https:\/\/www.italtel.com\/it\/wp-json\/wp\/v2\/posts\/54786\/revisions"}],"wp:featuredmedia":[{"embeddable":true,"href":"https:\/\/www.italtel.com\/it\/wp-json\/wp\/v2\/media\/48181"}],"wp:attachment":[{"href":"https:\/\/www.italtel.com\/it\/wp-json\/wp\/v2\/media?parent=54786"}],"wp:term":[{"taxonomy":"category","embeddable":true,"href":"https:\/\/www.italtel.com\/it\/wp-json\/wp\/v2\/categories?post=54786"},{"taxonomy":"post_tag","embeddable":true,"href":"https:\/\/www.italtel.com\/it\/wp-json\/wp\/v2\/tags?post=54786"}],"curies":[{"name":"wp","href":"https:\/\/api.w.org\/{rel}","templated":true}]}}