{"id":54824,"date":"2020-10-28T09:11:47","date_gmt":"2020-10-28T07:11:47","guid":{"rendered":"https:\/\/www.italtel.com\/il-cloud-fattore-strategico-nellemergenza-covid-19-e-nella-ripartenza\/"},"modified":"2025-08-08T13:57:11","modified_gmt":"2025-08-08T11:57:11","slug":"il-cloud-fattore-strategico-nellemergenza-covid-19-e-nella-ripartenza","status":"publish","type":"post","link":"https:\/\/www.italtel.com\/it\/il-cloud-fattore-strategico-nellemergenza-covid-19-e-nella-ripartenza\/","title":{"rendered":"Il cloud: fattore strategico nell\u2019emergenza Covid-19 e nella ripartenza"},"content":{"rendered":"\n<p><em>In uno scenario profondamente mutato in seguito alla pandemia, le tecnologie digitali, ed in particolare il Cloud, hanno assunto un ruolo ancora pi\u00f9 strategico perch\u00e9 consentono la prosecuzione dell\u2019operativit\u00e0 aziendale. \u00a0<\/em><\/p>\n<p>Tra gli effetti dell\u2019emergenza Covid-19 c\u2019\u00e8 la crescita nell\u2019adozione del Cloud, che si \u00e8 rivelato un fattore determinante per rispondere rapidamente ad una situazione molto complessa che ha interessato il sistema economico e sociale del nostro Paese. Oggi il mercato del Cloud in Italia vale 3,34 miliardi di euro, in aumento del 21% rispetto ai 2,77 miliardi del 2019. Tra le PMI, storicamente le pi\u00f9 restie verso questa scelta tecnologia, l\u2019adozione del Cloud ha fatto un balzo in avanti del 42%, rispetto a un trend di crescita da anni fermo sul 30%. A dirlo sono i dati dell&#8217;Osservatorio Cloud Transformation della School of Management del Politecnico di Milano, da poco presentati.<\/p>\n<p>A determinare questa accelerazione \u00e8 stata proprio la situazione di emergenza che ha imposto alle imprese e alla Pubblica Amministrazione di lavorare in modo agile, remotizzando i propri lavoratori e le applicazioni aziendali. Una scelta tattica, dettata da una esigenza specifica, che si \u00e8 rivelata corretta perch\u00e9 le imprese hanno potuto rapidamente rispondere alle esigenze di collaborazione, di gestione dei progetti, relazione con la clientela.<\/p>\n<p><strong>Il cloud come via strategica e non solo tattica<\/strong><\/p>\n<p>La fase che stiamo ora attraversando, e che registra una risalita nel numero dei contagi e la necessit\u00e0 di un prolungamento delle attivit\u00e0 in smart working, deve essere il giusto campanello di allarme sulla necessit\u00e0 di rendere strategica la scelta del Cloud. In altre parole, per cogliere a pieno i benefici di agilit\u00e0 e innovazione che il Cloud pu\u00f2 offrire \u00e8 necessario, sia per la domanda che per l\u2019offerta, \u201ctramutare la consapevolezza costruita come risposta all\u2019emergenza in una visione di medio-lungo termine che ponga il digitale al centro e riconosca il Cloud come leva chiave per rendere l\u2019organizzazione pronta a trasformarsi\u201d, come ha affermato Stefano Mainetti, Responsabile Scientifico dell\u2019Osservatorio Cloud Transformation.<\/p>\n<p><strong>La crescita del Public &amp; Hybrid Cloud<\/strong><\/p>\n<p>Secondo le stime dell\u2019Osservatorio, il Public &amp; Hybrid Cloud, che racchiude l\u2019insieme dei servizi forniti da provider esterni e l\u2019interconnessione tra Cloud pubblici e privati, si conferma protagonista con una crescita del 30% e un valore che raggiunge i 2 miliardi di euro. Un\u2019accelerazione pi\u00f9 sensibile rispetto alla media internazionale, che registra un +8% per un mercato globale che vale 198 Miliardi di Dollari. Una dinamica positiva \u00e8 anche quella del Virtual &amp; Hosted Private Cloud (+11% per complessivi 732 Milioni di Euro) mentre la componente Datacenter Automation, cio\u00e8 la modernizzazione delle infrastrutture on-premises, cresce del +6% per un totale di 583 Milioni di Euro.<\/p>\n<p>Il Manifatturiero resta il settore pi\u00f9 significativo (24% del mercato complessivo) seguito dal settore Bancario (21%), Telco e Media (15%), i Servizi (10%), Utility (9%), PA e Sanit\u00e0 (8%), GDO e Retail (8%) e Assicurativo (5%).<\/p>\n<p><strong>Come si muovono i modelli di cloud <\/strong><\/p>\n<p>I diversi modelli cloud registrano trend diversi. A crescere maggiormente (+46%) sono i servizi Software as a Service (SaaS): quelle categorie di servizi che permettevano alle imprese di restare operative anche nell\u2019emergenza (Collaboration, Gestione Documetnale, portali B2c\/eCommerce e Analytics) e che arrivano oggi a rappresentare la met\u00e0 del volume di spesa in Public &amp; Hybrid Cloud complessiva. Il modello Platform as a Service (PaaS) registra un +22% ed \u00e8 guidata dalla crescita delle funzionalit\u00e0 che abilitano i Big Data Analytics, sia per l\u2019aumento delle attivit\u00e0 online e dei dati generati sia per il bisogno crescente e trasversale di interconnettere i processi e monitorarli. Cresce anche la compentente Infrastructure as a Service (IaaS), che sale del +16% e vale oggi il 36% della spesa complessiva, con incremento delle Virtual Machine per ambienti di produzione e del Container Management.<\/p>\n<p><strong>La strada verso l\u2019Hybrid Cloud e il ruolo dei partner<\/strong><\/p>\n<p>Se una parte dei nuovi progetti applicativi nasce nella nuvola, resta forte anche l\u2019esigenza di trasformare il legacy aziendale verso il modello cloud. Secondo i dati dell\u2019Osservatorio Cloud Transformation, l\u201911% delle grandi imprese non ha pi\u00f9 un datacenter di propriet\u00e0 perch\u00e9 lo ha spostato in un cloud privato e\/o pubblico. Un ulteriore 27% prevede migrare progressivamente tutto il legacy. Inoltre, il 50% prevede di attuare una strategia ibrida per cui una parte del legacy migrer\u00e0 in cloud e la restante rimarr\u00e0 on-premises. Una quota di imprese pari al 12% sceglier\u00e0 una strategia completamente on-premises.<\/p>\n<p>Oggi le imprese si confrontano con la necessit\u00e0 di ripensare i modelli di business in chiave digitale e con la possibilit\u00e0 di sfruttare il cloud come leva per acquisire agilit\u00e0 e resilienza. Per alcune realit\u00e0, in particolare su imprese di minori dimensioni, La complessit\u00e0 del percorso o l\u2019assenza di competenze verticali specifiche pu\u00f2 rappresentare un freno. Italtel si pone al fianco delle imprese per sostenerle nel percorso verso il cloud partendo dall\u2019analisi delle esigenze del cliente, proseguendo con un assessment delle situazioni esistenti per costruire una visione di lungo periodo e un progetto di evoluzione verso il cloud.<\/p>\n<p>Alle aziende che scelgono di adottare modelli cloud Italtel offre affidabilit\u00e0 e competenze per evitare il lock in e permettere la gestione sicura e centralizzata di ambienti ibridi. Gli scenari che Italtel indirizza sono \u201cembrace multi cloud\u201d, relativo alla progettazione della migrazione in cloud delle applicazioni, garantendo l\u2019interoperabilit\u00e0 fra cloud pubblico e privato e \u201cre-invent the data center\u201d, che riguarda la progettazione dell\u2019evoluzione dei data center privati in termini di automazione e strumenti di gestione per l\u2019apertura a ambienti cloud ibridi e alle smart operation.<\/p>\n\t<div class=\"img has-hover x md-x lg-x y md-y lg-y\" id=\"image_1775675355\">\n\t\t\t\t\t\t\t\t<div class=\"img-inner dark\" >\n\t\t\t<img loading=\"lazy\" decoding=\"async\" width=\"606\" height=\"401\" src=\"https:\/\/www.italtel.com\/wp-content\/uploads\/2025\/08\/cloud_infografica2020-1.png\" class=\"attachment-large size-large\" alt=\"Fonte: infografica Osservatorio Cloud Transformation, School of Management Politecnico di Milano\" srcset=\"https:\/\/www.italtel.com\/wp-content\/uploads\/2025\/08\/cloud_infografica2020-1.png 606w, https:\/\/www.italtel.com\/wp-content\/uploads\/2025\/08\/cloud_infografica2020-1-300x199.png 300w\" sizes=\"auto, (max-width: 606px) 100vw, 606px\" \/>\t\t\t\t\t\t\n\t\t\t\t\t<\/div>\n\t\t\t\t\t\t\t\t\n<style>\n#image_1775675355 {\n  width: 100%;\n}\n<\/style>\n\t<\/div>\n\t\n\n<p><em>Fonte<\/em>: infografica Osservatorio Cloud Transformation, School of Management Politecnico di Milano<\/p>\n\n","protected":false},"excerpt":{"rendered":"","protected":false},"author":6,"featured_media":48283,"comment_status":"closed","ping_status":"closed","sticky":false,"template":"","format":"standard","meta":{"footnotes":""},"categories":[394],"tags":[623,496,500],"class_list":["post-54824","post","type-post","status-publish","format-standard","has-post-thumbnail","hentry","category-focus-it","tag-assessment","tag-cloud","tag-hybrid-cloud"],"yoast_head":"<!-- This site is optimized with the Yoast SEO plugin v27.4 - https:\/\/yoast.com\/product\/yoast-seo-wordpress\/ -->\n<title>Il cloud: fattore strategico nell\u2019emergenza Covid-19 e nella ripartenza - Italtel<\/title>\n<meta name=\"description\" content=\"In uno scenario profondamente mutato in seguito alla pandemia, le tecnologie digitali, ed in particolare il Cloud, hanno assunto un ruolo ancora pi\u00f9 strategico perch\u00e9 consentono la prosecuzione dell\u2019operativit\u00e0 aziendale. \u00a0\" \/>\n<meta name=\"robots\" content=\"index, follow, max-snippet:-1, max-image-preview:large, max-video-preview:-1\" \/>\n<link rel=\"canonical\" href=\"https:\/\/www.italtel.com\/it\/il-cloud-fattore-strategico-nellemergenza-covid-19-e-nella-ripartenza\/\" \/>\n<meta property=\"og:locale\" content=\"it_IT\" \/>\n<meta property=\"og:type\" content=\"article\" \/>\n<meta property=\"og:title\" content=\"Il cloud: fattore strategico nell\u2019emergenza Covid-19 e nella ripartenza - Italtel\" \/>\n<meta property=\"og:description\" content=\"In uno scenario profondamente mutato in seguito alla pandemia, le tecnologie digitali, ed in particolare il Cloud, hanno assunto un ruolo ancora pi\u00f9 strategico perch\u00e9 consentono la prosecuzione dell\u2019operativit\u00e0 aziendale. \u00a0\" \/>\n<meta property=\"og:url\" content=\"https:\/\/www.italtel.com\/it\/il-cloud-fattore-strategico-nellemergenza-covid-19-e-nella-ripartenza\/\" \/>\n<meta property=\"og:site_name\" content=\"Italtel\" \/>\n<meta property=\"article:published_time\" content=\"2020-10-28T07:11:47+00:00\" \/>\n<meta property=\"article:modified_time\" content=\"2025-08-08T11:57:11+00:00\" \/>\n<meta property=\"og:image\" content=\"https:\/\/www.italtel.com\/wp-content\/uploads\/2024\/01\/cloud-computing-3385320_1280.jpg\" \/>\n\t<meta property=\"og:image:width\" content=\"1280\" \/>\n\t<meta property=\"og:image:height\" content=\"768\" \/>\n\t<meta property=\"og:image:type\" content=\"image\/jpeg\" \/>\n<meta name=\"author\" content=\"Daniela Fontana\" \/>\n<meta name=\"twitter:card\" content=\"summary_large_image\" \/>\n<meta name=\"twitter:creator\" content=\"@Italtel\" \/>\n<meta name=\"twitter:site\" content=\"@Italtel\" \/>\n<meta name=\"twitter:label1\" content=\"Scritto da\" \/>\n\t<meta name=\"twitter:data1\" content=\"Daniela Fontana\" \/>\n\t<meta name=\"twitter:label2\" content=\"Tempo di lettura stimato\" \/>\n\t<meta name=\"twitter:data2\" content=\"5 minuti\" \/>\n<script type=\"application\/ld+json\" class=\"yoast-schema-graph\">{\"@context\":\"https:\\\/\\\/schema.org\",\"@graph\":[{\"@type\":\"Article\",\"@id\":\"https:\\\/\\\/www.italtel.com\\\/it\\\/il-cloud-fattore-strategico-nellemergenza-covid-19-e-nella-ripartenza\\\/#article\",\"isPartOf\":{\"@id\":\"https:\\\/\\\/www.italtel.com\\\/it\\\/il-cloud-fattore-strategico-nellemergenza-covid-19-e-nella-ripartenza\\\/\"},\"author\":{\"name\":\"Daniela Fontana\",\"@id\":\"https:\\\/\\\/www.italtel.com\\\/de\\\/#\\\/schema\\\/person\\\/38f315d5a978255f0cf320055bad5afe\"},\"headline\":\"Il cloud: fattore strategico nell\u2019emergenza Covid-19 e nella ripartenza\",\"datePublished\":\"2020-10-28T07:11:47+00:00\",\"dateModified\":\"2025-08-08T11:57:11+00:00\",\"mainEntityOfPage\":{\"@id\":\"https:\\\/\\\/www.italtel.com\\\/it\\\/il-cloud-fattore-strategico-nellemergenza-covid-19-e-nella-ripartenza\\\/\"},\"wordCount\":920,\"publisher\":{\"@id\":\"https:\\\/\\\/www.italtel.com\\\/de\\\/#organization\"},\"image\":{\"@id\":\"https:\\\/\\\/www.italtel.com\\\/it\\\/il-cloud-fattore-strategico-nellemergenza-covid-19-e-nella-ripartenza\\\/#primaryimage\"},\"thumbnailUrl\":\"https:\\\/\\\/www.italtel.com\\\/wp-content\\\/uploads\\\/2024\\\/01\\\/cloud-computing-3385320_1280.jpg\",\"keywords\":[\"assessment\",\"Cloud\",\"hybrid-cloud\"],\"articleSection\":[\"Focus\"],\"inLanguage\":\"it-IT\"},{\"@type\":\"WebPage\",\"@id\":\"https:\\\/\\\/www.italtel.com\\\/it\\\/il-cloud-fattore-strategico-nellemergenza-covid-19-e-nella-ripartenza\\\/\",\"url\":\"https:\\\/\\\/www.italtel.com\\\/it\\\/il-cloud-fattore-strategico-nellemergenza-covid-19-e-nella-ripartenza\\\/\",\"name\":\"Il cloud: fattore strategico nell\u2019emergenza Covid-19 e nella ripartenza - Italtel\",\"isPartOf\":{\"@id\":\"https:\\\/\\\/www.italtel.com\\\/de\\\/#website\"},\"primaryImageOfPage\":{\"@id\":\"https:\\\/\\\/www.italtel.com\\\/it\\\/il-cloud-fattore-strategico-nellemergenza-covid-19-e-nella-ripartenza\\\/#primaryimage\"},\"image\":{\"@id\":\"https:\\\/\\\/www.italtel.com\\\/it\\\/il-cloud-fattore-strategico-nellemergenza-covid-19-e-nella-ripartenza\\\/#primaryimage\"},\"thumbnailUrl\":\"https:\\\/\\\/www.italtel.com\\\/wp-content\\\/uploads\\\/2024\\\/01\\\/cloud-computing-3385320_1280.jpg\",\"datePublished\":\"2020-10-28T07:11:47+00:00\",\"dateModified\":\"2025-08-08T11:57:11+00:00\",\"description\":\"In uno scenario profondamente mutato in seguito alla pandemia, le tecnologie digitali, ed in particolare il Cloud, hanno assunto un ruolo ancora pi\u00f9 strategico perch\u00e9 consentono la prosecuzione dell\u2019operativit\u00e0 aziendale. \u00a0\",\"breadcrumb\":{\"@id\":\"https:\\\/\\\/www.italtel.com\\\/it\\\/il-cloud-fattore-strategico-nellemergenza-covid-19-e-nella-ripartenza\\\/#breadcrumb\"},\"inLanguage\":\"it-IT\",\"potentialAction\":[{\"@type\":\"ReadAction\",\"target\":[\"https:\\\/\\\/www.italtel.com\\\/it\\\/il-cloud-fattore-strategico-nellemergenza-covid-19-e-nella-ripartenza\\\/\"]}]},{\"@type\":\"ImageObject\",\"inLanguage\":\"it-IT\",\"@id\":\"https:\\\/\\\/www.italtel.com\\\/it\\\/il-cloud-fattore-strategico-nellemergenza-covid-19-e-nella-ripartenza\\\/#primaryimage\",\"url\":\"https:\\\/\\\/www.italtel.com\\\/wp-content\\\/uploads\\\/2024\\\/01\\\/cloud-computing-3385320_1280.jpg\",\"contentUrl\":\"https:\\\/\\\/www.italtel.com\\\/wp-content\\\/uploads\\\/2024\\\/01\\\/cloud-computing-3385320_1280.jpg\",\"width\":1280,\"height\":768},{\"@type\":\"BreadcrumbList\",\"@id\":\"https:\\\/\\\/www.italtel.com\\\/it\\\/il-cloud-fattore-strategico-nellemergenza-covid-19-e-nella-ripartenza\\\/#breadcrumb\",\"itemListElement\":[{\"@type\":\"ListItem\",\"position\":1,\"name\":\"Home\",\"item\":\"https:\\\/\\\/www.italtel.com\\\/it\\\/\"},{\"@type\":\"ListItem\",\"position\":2,\"name\":\"Il cloud: fattore strategico nell\u2019emergenza Covid-19 e nella ripartenza\"}]},{\"@type\":\"WebSite\",\"@id\":\"https:\\\/\\\/www.italtel.com\\\/de\\\/#website\",\"url\":\"https:\\\/\\\/www.italtel.com\\\/de\\\/\",\"name\":\"Italtel\",\"description\":\"Italtel Group&#039;s company website\",\"publisher\":{\"@id\":\"https:\\\/\\\/www.italtel.com\\\/de\\\/#organization\"},\"potentialAction\":[{\"@type\":\"SearchAction\",\"target\":{\"@type\":\"EntryPoint\",\"urlTemplate\":\"https:\\\/\\\/www.italtel.com\\\/de\\\/?s={search_term_string}\"},\"query-input\":{\"@type\":\"PropertyValueSpecification\",\"valueRequired\":true,\"valueName\":\"search_term_string\"}}],\"inLanguage\":\"it-IT\"},{\"@type\":\"Organization\",\"@id\":\"https:\\\/\\\/www.italtel.com\\\/de\\\/#organization\",\"name\":\"Italtel S.p.A.\",\"url\":\"https:\\\/\\\/www.italtel.com\\\/de\\\/\",\"logo\":{\"@type\":\"ImageObject\",\"inLanguage\":\"it-IT\",\"@id\":\"https:\\\/\\\/www.italtel.com\\\/de\\\/#\\\/schema\\\/logo\\\/image\\\/\",\"url\":\"https:\\\/\\\/www.italtel.com\\\/wp-content\\\/uploads\\\/2024\\\/11\\\/Italtel_logo.png\",\"contentUrl\":\"https:\\\/\\\/www.italtel.com\\\/wp-content\\\/uploads\\\/2024\\\/11\\\/Italtel_logo.png\",\"width\":591,\"height\":139,\"caption\":\"Italtel S.p.A.\"},\"image\":{\"@id\":\"https:\\\/\\\/www.italtel.com\\\/de\\\/#\\\/schema\\\/logo\\\/image\\\/\"},\"sameAs\":[\"https:\\\/\\\/x.com\\\/Italtel\",\"https:\\\/\\\/www.linkedin.com\\\/company\\\/italtel\\\/\",\"https:\\\/\\\/www.instagram.com\\\/italtel_hq\\\/\"]},{\"@type\":\"Person\",\"@id\":\"https:\\\/\\\/www.italtel.com\\\/de\\\/#\\\/schema\\\/person\\\/38f315d5a978255f0cf320055bad5afe\",\"name\":\"Daniela Fontana\",\"image\":{\"@type\":\"ImageObject\",\"inLanguage\":\"it-IT\",\"@id\":\"https:\\\/\\\/secure.gravatar.com\\\/avatar\\\/834a03b0c73144a8ca36e17dc365b3fbadb34c9e44399b609a00f2231e694f6a?s=96&d=mm&r=g\",\"url\":\"https:\\\/\\\/secure.gravatar.com\\\/avatar\\\/834a03b0c73144a8ca36e17dc365b3fbadb34c9e44399b609a00f2231e694f6a?s=96&d=mm&r=g\",\"contentUrl\":\"https:\\\/\\\/secure.gravatar.com\\\/avatar\\\/834a03b0c73144a8ca36e17dc365b3fbadb34c9e44399b609a00f2231e694f6a?s=96&d=mm&r=g\",\"caption\":\"Daniela Fontana\"}}]}<\/script>\n<!-- \/ Yoast SEO plugin. -->","yoast_head_json":{"title":"Il cloud: fattore strategico nell\u2019emergenza Covid-19 e nella ripartenza - Italtel","description":"In uno scenario profondamente mutato in seguito alla pandemia, le tecnologie digitali, ed in particolare il Cloud, hanno assunto un ruolo ancora pi\u00f9 strategico perch\u00e9 consentono la prosecuzione dell\u2019operativit\u00e0 aziendale. \u00a0","robots":{"index":"index","follow":"follow","max-snippet":"max-snippet:-1","max-image-preview":"max-image-preview:large","max-video-preview":"max-video-preview:-1"},"canonical":"https:\/\/www.italtel.com\/it\/il-cloud-fattore-strategico-nellemergenza-covid-19-e-nella-ripartenza\/","og_locale":"it_IT","og_type":"article","og_title":"Il cloud: fattore strategico nell\u2019emergenza Covid-19 e nella ripartenza - Italtel","og_description":"In uno scenario profondamente mutato in seguito alla pandemia, le tecnologie digitali, ed in particolare il Cloud, hanno assunto un ruolo ancora pi\u00f9 strategico perch\u00e9 consentono la prosecuzione dell\u2019operativit\u00e0 aziendale. \u00a0","og_url":"https:\/\/www.italtel.com\/it\/il-cloud-fattore-strategico-nellemergenza-covid-19-e-nella-ripartenza\/","og_site_name":"Italtel","article_published_time":"2020-10-28T07:11:47+00:00","article_modified_time":"2025-08-08T11:57:11+00:00","og_image":[{"width":1280,"height":768,"url":"https:\/\/www.italtel.com\/wp-content\/uploads\/2024\/01\/cloud-computing-3385320_1280.jpg","type":"image\/jpeg"}],"author":"Daniela Fontana","twitter_card":"summary_large_image","twitter_creator":"@Italtel","twitter_site":"@Italtel","twitter_misc":{"Scritto da":"Daniela Fontana","Tempo di lettura stimato":"5 minuti"},"schema":{"@context":"https:\/\/schema.org","@graph":[{"@type":"Article","@id":"https:\/\/www.italtel.com\/it\/il-cloud-fattore-strategico-nellemergenza-covid-19-e-nella-ripartenza\/#article","isPartOf":{"@id":"https:\/\/www.italtel.com\/it\/il-cloud-fattore-strategico-nellemergenza-covid-19-e-nella-ripartenza\/"},"author":{"name":"Daniela Fontana","@id":"https:\/\/www.italtel.com\/de\/#\/schema\/person\/38f315d5a978255f0cf320055bad5afe"},"headline":"Il cloud: fattore strategico nell\u2019emergenza Covid-19 e nella ripartenza","datePublished":"2020-10-28T07:11:47+00:00","dateModified":"2025-08-08T11:57:11+00:00","mainEntityOfPage":{"@id":"https:\/\/www.italtel.com\/it\/il-cloud-fattore-strategico-nellemergenza-covid-19-e-nella-ripartenza\/"},"wordCount":920,"publisher":{"@id":"https:\/\/www.italtel.com\/de\/#organization"},"image":{"@id":"https:\/\/www.italtel.com\/it\/il-cloud-fattore-strategico-nellemergenza-covid-19-e-nella-ripartenza\/#primaryimage"},"thumbnailUrl":"https:\/\/www.italtel.com\/wp-content\/uploads\/2024\/01\/cloud-computing-3385320_1280.jpg","keywords":["assessment","Cloud","hybrid-cloud"],"articleSection":["Focus"],"inLanguage":"it-IT"},{"@type":"WebPage","@id":"https:\/\/www.italtel.com\/it\/il-cloud-fattore-strategico-nellemergenza-covid-19-e-nella-ripartenza\/","url":"https:\/\/www.italtel.com\/it\/il-cloud-fattore-strategico-nellemergenza-covid-19-e-nella-ripartenza\/","name":"Il cloud: fattore strategico nell\u2019emergenza Covid-19 e nella ripartenza - Italtel","isPartOf":{"@id":"https:\/\/www.italtel.com\/de\/#website"},"primaryImageOfPage":{"@id":"https:\/\/www.italtel.com\/it\/il-cloud-fattore-strategico-nellemergenza-covid-19-e-nella-ripartenza\/#primaryimage"},"image":{"@id":"https:\/\/www.italtel.com\/it\/il-cloud-fattore-strategico-nellemergenza-covid-19-e-nella-ripartenza\/#primaryimage"},"thumbnailUrl":"https:\/\/www.italtel.com\/wp-content\/uploads\/2024\/01\/cloud-computing-3385320_1280.jpg","datePublished":"2020-10-28T07:11:47+00:00","dateModified":"2025-08-08T11:57:11+00:00","description":"In uno scenario profondamente mutato in seguito alla pandemia, le tecnologie digitali, ed in particolare il Cloud, hanno assunto un ruolo ancora pi\u00f9 strategico perch\u00e9 consentono la prosecuzione dell\u2019operativit\u00e0 aziendale. \u00a0","breadcrumb":{"@id":"https:\/\/www.italtel.com\/it\/il-cloud-fattore-strategico-nellemergenza-covid-19-e-nella-ripartenza\/#breadcrumb"},"inLanguage":"it-IT","potentialAction":[{"@type":"ReadAction","target":["https:\/\/www.italtel.com\/it\/il-cloud-fattore-strategico-nellemergenza-covid-19-e-nella-ripartenza\/"]}]},{"@type":"ImageObject","inLanguage":"it-IT","@id":"https:\/\/www.italtel.com\/it\/il-cloud-fattore-strategico-nellemergenza-covid-19-e-nella-ripartenza\/#primaryimage","url":"https:\/\/www.italtel.com\/wp-content\/uploads\/2024\/01\/cloud-computing-3385320_1280.jpg","contentUrl":"https:\/\/www.italtel.com\/wp-content\/uploads\/2024\/01\/cloud-computing-3385320_1280.jpg","width":1280,"height":768},{"@type":"BreadcrumbList","@id":"https:\/\/www.italtel.com\/it\/il-cloud-fattore-strategico-nellemergenza-covid-19-e-nella-ripartenza\/#breadcrumb","itemListElement":[{"@type":"ListItem","position":1,"name":"Home","item":"https:\/\/www.italtel.com\/it\/"},{"@type":"ListItem","position":2,"name":"Il cloud: fattore strategico nell\u2019emergenza Covid-19 e nella ripartenza"}]},{"@type":"WebSite","@id":"https:\/\/www.italtel.com\/de\/#website","url":"https:\/\/www.italtel.com\/de\/","name":"Italtel","description":"Italtel Group&#039;s company website","publisher":{"@id":"https:\/\/www.italtel.com\/de\/#organization"},"potentialAction":[{"@type":"SearchAction","target":{"@type":"EntryPoint","urlTemplate":"https:\/\/www.italtel.com\/de\/?s={search_term_string}"},"query-input":{"@type":"PropertyValueSpecification","valueRequired":true,"valueName":"search_term_string"}}],"inLanguage":"it-IT"},{"@type":"Organization","@id":"https:\/\/www.italtel.com\/de\/#organization","name":"Italtel S.p.A.","url":"https:\/\/www.italtel.com\/de\/","logo":{"@type":"ImageObject","inLanguage":"it-IT","@id":"https:\/\/www.italtel.com\/de\/#\/schema\/logo\/image\/","url":"https:\/\/www.italtel.com\/wp-content\/uploads\/2024\/11\/Italtel_logo.png","contentUrl":"https:\/\/www.italtel.com\/wp-content\/uploads\/2024\/11\/Italtel_logo.png","width":591,"height":139,"caption":"Italtel S.p.A."},"image":{"@id":"https:\/\/www.italtel.com\/de\/#\/schema\/logo\/image\/"},"sameAs":["https:\/\/x.com\/Italtel","https:\/\/www.linkedin.com\/company\/italtel\/","https:\/\/www.instagram.com\/italtel_hq\/"]},{"@type":"Person","@id":"https:\/\/www.italtel.com\/de\/#\/schema\/person\/38f315d5a978255f0cf320055bad5afe","name":"Daniela Fontana","image":{"@type":"ImageObject","inLanguage":"it-IT","@id":"https:\/\/secure.gravatar.com\/avatar\/834a03b0c73144a8ca36e17dc365b3fbadb34c9e44399b609a00f2231e694f6a?s=96&d=mm&r=g","url":"https:\/\/secure.gravatar.com\/avatar\/834a03b0c73144a8ca36e17dc365b3fbadb34c9e44399b609a00f2231e694f6a?s=96&d=mm&r=g","contentUrl":"https:\/\/secure.gravatar.com\/avatar\/834a03b0c73144a8ca36e17dc365b3fbadb34c9e44399b609a00f2231e694f6a?s=96&d=mm&r=g","caption":"Daniela Fontana"}}]}},"_links":{"self":[{"href":"https:\/\/www.italtel.com\/it\/wp-json\/wp\/v2\/posts\/54824","targetHints":{"allow":["GET"]}}],"collection":[{"href":"https:\/\/www.italtel.com\/it\/wp-json\/wp\/v2\/posts"}],"about":[{"href":"https:\/\/www.italtel.com\/it\/wp-json\/wp\/v2\/types\/post"}],"author":[{"embeddable":true,"href":"https:\/\/www.italtel.com\/it\/wp-json\/wp\/v2\/users\/6"}],"replies":[{"embeddable":true,"href":"https:\/\/www.italtel.com\/it\/wp-json\/wp\/v2\/comments?post=54824"}],"version-history":[{"count":2,"href":"https:\/\/www.italtel.com\/it\/wp-json\/wp\/v2\/posts\/54824\/revisions"}],"predecessor-version":[{"id":77318,"href":"https:\/\/www.italtel.com\/it\/wp-json\/wp\/v2\/posts\/54824\/revisions\/77318"}],"wp:featuredmedia":[{"embeddable":true,"href":"https:\/\/www.italtel.com\/it\/wp-json\/wp\/v2\/media\/48283"}],"wp:attachment":[{"href":"https:\/\/www.italtel.com\/it\/wp-json\/wp\/v2\/media?parent=54824"}],"wp:term":[{"taxonomy":"category","embeddable":true,"href":"https:\/\/www.italtel.com\/it\/wp-json\/wp\/v2\/categories?post=54824"},{"taxonomy":"post_tag","embeddable":true,"href":"https:\/\/www.italtel.com\/it\/wp-json\/wp\/v2\/tags?post=54824"}],"curies":[{"name":"wp","href":"https:\/\/api.w.org\/{rel}","templated":true}]}}