{"id":54828,"date":"2020-10-16T09:46:52","date_gmt":"2020-10-16T07:46:52","guid":{"rendered":"https:\/\/www.italtel.com\/torna-a-crescere-lo-smart-working-adotta-una-soluzione-di-lavoro-a-distanza\/"},"modified":"2020-10-16T09:46:52","modified_gmt":"2020-10-16T07:46:52","slug":"torna-a-crescere-lo-smart-working-adotta-una-soluzione-di-lavoro-a-distanza","status":"publish","type":"post","link":"https:\/\/www.italtel.com\/it\/torna-a-crescere-lo-smart-working-adotta-una-soluzione-di-lavoro-a-distanza\/","title":{"rendered":"Torna a crescere lo smart working: adotta una soluzione di lavoro a distanza"},"content":{"rendered":"<p>La connessione da remoto ha consentito a milioni di Italiani di continuare a lavorare anche nella fase acuta dell\u2019emergenza. In questi ultimi giorni, con il rapido risalire della curva dei contagi, lo smart working torna di attualit\u00e0, anche in chiave anti-contagio. La modalit\u00e0 semplificata del lavoro da remoto, senza l\u2019accordo individuale con i lavoratori, \u00e8 stata prorogata fino al 31 dicembre.<\/p>\n<p><strong>Proteggi le persone e salvaguarda il business con lo smart working<\/strong><\/p>\n<p>Le aziende hanno la necessit\u00e0 di far lavorare in modo sicuro e efficiente le proprie persone e di preservare le attivit\u00e0 aziendali, salvaguardano la continuit\u00e0 del proprio business. Scegli di utilizzare o potenziare l\u2019uso di videochiamate, videoconferenze, all\u2019uso di VPN, di applicazioni e strumenti in cloud avendo sempre in primo piano il tema della sicurezza di dati e applicazioni.<\/p>\n<p>Preparati nel modo migliore all\u2019utilizzo dello smart working con il potenziamento della rete dati aziendale, a supporto dell\u2019adozione di prassi di lavoro agile e della fruizione di applicazioni in cloud.<\/p>\n<p>Se hai esigenza di far coesistere lavoro da remoto e lavoro in presenza, scopri come la tecnologia pu\u00f2 offrire un supporto per la protezione e gestione delle risorse umane e tecnologiche in azienda, per organizzare l\u2019attivit\u00e0 con presenze ridotte, rispetto del distanziamento fisico e sociale, gestione di turni e pianificazioni su una o pi\u00f9 sedi.<\/p>\n<p>Se sei un\u2019impresa o una Pubblica Amministrazione, scopri le soluzioni specifiche che Italtel offre per <a href=\"https:\/\/www.italtel.com\/it\/rethink-digital-normality\/smart-working\/\">il lavoro da remoto<\/a> e <a href=\"https:\/\/www.italtel.com\/it\/rethink-digital-normality\/on-premises-working\/\">in presenza<\/a>: scopri <a href=\"https:\/\/www.italtel.com\/it\/rethink-digital-normality\/\">Rethink Digital Normality<\/a>.<\/p>\n<p><strong>Smart working: nel 2021 in Italia gli smart worker saranno oltre tre milioni<\/strong><\/p>\n<p><a href=\"https:\/\/www.crif.it\/area-stampa\/comunicati-stampa\/2020\/ottobre\/smart-working-nel-2021-il-16-degli-italiani-lavorer%C3%A0-da-casa\/\">Secondo i calcoli di Crif Nomisma<\/a>, nel 2021 il 16% delle persone lavorer\u00e0 da casa, un lavoratore su sei. Durante il lockdown i lavoratori italiani da remoto sono passati da circa mezzo milione a oltre 7 milioni, il 34 per cento sul totale degli occupati. Nella fase successiva all\u2019emergenza, il numero si \u00e8 stabilizzato su una quota del 24%, un lavoratore su 4. I dati delle ultime settimane, con il nuovo picco di contagi, inducono a ritenere che il dato di adozione torner\u00e0 a crescere pi\u00f9 rapidamente del previsto.<\/p>\n<p>Secondo Crif Nomisma, nel privato i settori che contano il numero maggiore di addetti in smart working sono Informatica e Telecomunicazioni, con una quota pari al 56% del totale degli occupati. La propensione al lavoro da remoto \u00e8 maggiore nelle aziende pi\u00f9 grandi, con pi\u00f9 di 250 addetti, e nelle multinazionali, dove la quota di smart worker tocca il 53%.<\/p>\n<p>Se lo smart working porta indubbi vantaggi sul bilanciamento tra vita lavorativa e privata e sulla riduzione dei tempi e dei costi degli spostamenti lavorativi, il risvolto della medaglia sono l\u2019aumento delle ore lavorate, la difficolt\u00e0 a separare vita lavorativa e privata e il minore dialogo con i colleghi.<\/p>\n","protected":false},"excerpt":{"rendered":"<p>La connessione da remoto ha consentito a milioni di Italiani di continuare a lavorare anche nella fase acuta dell\u2019emergenza. In questi ultimi giorni, con il rapido risalire della curva dei&nbsp;&#8230;<\/p>\n","protected":false},"author":6,"featured_media":48250,"comment_status":"closed","ping_status":"closed","sticky":false,"template":"","format":"standard","meta":{"footnotes":""},"categories":[394],"tags":[626],"class_list":["post-54828","post","type-post","status-publish","format-standard","has-post-thumbnail","hentry","category-focus-it","tag-remote-working"],"yoast_head":"<!-- This site is optimized with the Yoast SEO plugin v27.4 - https:\/\/yoast.com\/product\/yoast-seo-wordpress\/ -->\n<title>Torna a crescere lo smart working: adotta una soluzione di lavoro a distanza - Italtel<\/title>\n<meta name=\"robots\" content=\"index, follow, max-snippet:-1, max-image-preview:large, max-video-preview:-1\" \/>\n<link rel=\"canonical\" href=\"https:\/\/www.italtel.com\/it\/torna-a-crescere-lo-smart-working-adotta-una-soluzione-di-lavoro-a-distanza\/\" \/>\n<meta property=\"og:locale\" content=\"it_IT\" \/>\n<meta property=\"og:type\" content=\"article\" \/>\n<meta property=\"og:title\" content=\"Torna a crescere lo smart working: adotta una soluzione di lavoro a distanza - Italtel\" \/>\n<meta property=\"og:description\" content=\"La connessione da remoto ha consentito a milioni di Italiani di continuare a lavorare anche nella fase acuta dell\u2019emergenza. In questi ultimi giorni, con il rapido risalire della curva dei&nbsp;...\" \/>\n<meta property=\"og:url\" content=\"https:\/\/www.italtel.com\/it\/torna-a-crescere-lo-smart-working-adotta-una-soluzione-di-lavoro-a-distanza\/\" \/>\n<meta property=\"og:site_name\" content=\"Italtel\" \/>\n<meta property=\"article:published_time\" content=\"2020-10-16T07:46:52+00:00\" \/>\n<meta property=\"og:image\" content=\"https:\/\/www.italtel.com\/wp-content\/uploads\/2024\/01\/come-adottare-lo-smart-working.jpg\" \/>\n\t<meta property=\"og:image:width\" content=\"640\" \/>\n\t<meta property=\"og:image:height\" content=\"426\" \/>\n\t<meta property=\"og:image:type\" content=\"image\/jpeg\" \/>\n<meta name=\"author\" content=\"Daniela Fontana\" \/>\n<meta name=\"twitter:card\" content=\"summary_large_image\" \/>\n<meta name=\"twitter:creator\" content=\"@Italtel\" \/>\n<meta name=\"twitter:site\" content=\"@Italtel\" \/>\n<meta name=\"twitter:label1\" content=\"Scritto da\" \/>\n\t<meta name=\"twitter:data1\" content=\"Daniela Fontana\" \/>\n\t<meta name=\"twitter:label2\" content=\"Tempo di lettura stimato\" \/>\n\t<meta name=\"twitter:data2\" content=\"2 minuti\" \/>\n<script type=\"application\/ld+json\" class=\"yoast-schema-graph\">{\"@context\":\"https:\\\/\\\/schema.org\",\"@graph\":[{\"@type\":\"Article\",\"@id\":\"https:\\\/\\\/www.italtel.com\\\/it\\\/torna-a-crescere-lo-smart-working-adotta-una-soluzione-di-lavoro-a-distanza\\\/#article\",\"isPartOf\":{\"@id\":\"https:\\\/\\\/www.italtel.com\\\/it\\\/torna-a-crescere-lo-smart-working-adotta-una-soluzione-di-lavoro-a-distanza\\\/\"},\"author\":{\"name\":\"Daniela Fontana\",\"@id\":\"https:\\\/\\\/www.italtel.com\\\/de\\\/#\\\/schema\\\/person\\\/38f315d5a978255f0cf320055bad5afe\"},\"headline\":\"Torna a crescere lo smart working: adotta una soluzione di lavoro a distanza\",\"datePublished\":\"2020-10-16T07:46:52+00:00\",\"mainEntityOfPage\":{\"@id\":\"https:\\\/\\\/www.italtel.com\\\/it\\\/torna-a-crescere-lo-smart-working-adotta-una-soluzione-di-lavoro-a-distanza\\\/\"},\"wordCount\":462,\"publisher\":{\"@id\":\"https:\\\/\\\/www.italtel.com\\\/de\\\/#organization\"},\"image\":{\"@id\":\"https:\\\/\\\/www.italtel.com\\\/it\\\/torna-a-crescere-lo-smart-working-adotta-una-soluzione-di-lavoro-a-distanza\\\/#primaryimage\"},\"thumbnailUrl\":\"https:\\\/\\\/www.italtel.com\\\/wp-content\\\/uploads\\\/2024\\\/01\\\/come-adottare-lo-smart-working.jpg\",\"keywords\":[\"remote working\"],\"articleSection\":[\"Focus\"],\"inLanguage\":\"it-IT\"},{\"@type\":\"WebPage\",\"@id\":\"https:\\\/\\\/www.italtel.com\\\/it\\\/torna-a-crescere-lo-smart-working-adotta-una-soluzione-di-lavoro-a-distanza\\\/\",\"url\":\"https:\\\/\\\/www.italtel.com\\\/it\\\/torna-a-crescere-lo-smart-working-adotta-una-soluzione-di-lavoro-a-distanza\\\/\",\"name\":\"Torna a crescere lo smart working: adotta una soluzione di lavoro a distanza - Italtel\",\"isPartOf\":{\"@id\":\"https:\\\/\\\/www.italtel.com\\\/de\\\/#website\"},\"primaryImageOfPage\":{\"@id\":\"https:\\\/\\\/www.italtel.com\\\/it\\\/torna-a-crescere-lo-smart-working-adotta-una-soluzione-di-lavoro-a-distanza\\\/#primaryimage\"},\"image\":{\"@id\":\"https:\\\/\\\/www.italtel.com\\\/it\\\/torna-a-crescere-lo-smart-working-adotta-una-soluzione-di-lavoro-a-distanza\\\/#primaryimage\"},\"thumbnailUrl\":\"https:\\\/\\\/www.italtel.com\\\/wp-content\\\/uploads\\\/2024\\\/01\\\/come-adottare-lo-smart-working.jpg\",\"datePublished\":\"2020-10-16T07:46:52+00:00\",\"breadcrumb\":{\"@id\":\"https:\\\/\\\/www.italtel.com\\\/it\\\/torna-a-crescere-lo-smart-working-adotta-una-soluzione-di-lavoro-a-distanza\\\/#breadcrumb\"},\"inLanguage\":\"it-IT\",\"potentialAction\":[{\"@type\":\"ReadAction\",\"target\":[\"https:\\\/\\\/www.italtel.com\\\/it\\\/torna-a-crescere-lo-smart-working-adotta-una-soluzione-di-lavoro-a-distanza\\\/\"]}]},{\"@type\":\"ImageObject\",\"inLanguage\":\"it-IT\",\"@id\":\"https:\\\/\\\/www.italtel.com\\\/it\\\/torna-a-crescere-lo-smart-working-adotta-una-soluzione-di-lavoro-a-distanza\\\/#primaryimage\",\"url\":\"https:\\\/\\\/www.italtel.com\\\/wp-content\\\/uploads\\\/2024\\\/01\\\/come-adottare-lo-smart-working.jpg\",\"contentUrl\":\"https:\\\/\\\/www.italtel.com\\\/wp-content\\\/uploads\\\/2024\\\/01\\\/come-adottare-lo-smart-working.jpg\",\"width\":640,\"height\":426},{\"@type\":\"BreadcrumbList\",\"@id\":\"https:\\\/\\\/www.italtel.com\\\/it\\\/torna-a-crescere-lo-smart-working-adotta-una-soluzione-di-lavoro-a-distanza\\\/#breadcrumb\",\"itemListElement\":[{\"@type\":\"ListItem\",\"position\":1,\"name\":\"Home\",\"item\":\"https:\\\/\\\/www.italtel.com\\\/it\\\/\"},{\"@type\":\"ListItem\",\"position\":2,\"name\":\"Torna a crescere lo smart working: adotta una soluzione di lavoro a distanza\"}]},{\"@type\":\"WebSite\",\"@id\":\"https:\\\/\\\/www.italtel.com\\\/de\\\/#website\",\"url\":\"https:\\\/\\\/www.italtel.com\\\/de\\\/\",\"name\":\"Italtel\",\"description\":\"Italtel Group&#039;s company website\",\"publisher\":{\"@id\":\"https:\\\/\\\/www.italtel.com\\\/de\\\/#organization\"},\"potentialAction\":[{\"@type\":\"SearchAction\",\"target\":{\"@type\":\"EntryPoint\",\"urlTemplate\":\"https:\\\/\\\/www.italtel.com\\\/de\\\/?s={search_term_string}\"},\"query-input\":{\"@type\":\"PropertyValueSpecification\",\"valueRequired\":true,\"valueName\":\"search_term_string\"}}],\"inLanguage\":\"it-IT\"},{\"@type\":\"Organization\",\"@id\":\"https:\\\/\\\/www.italtel.com\\\/de\\\/#organization\",\"name\":\"Italtel S.p.A.\",\"url\":\"https:\\\/\\\/www.italtel.com\\\/de\\\/\",\"logo\":{\"@type\":\"ImageObject\",\"inLanguage\":\"it-IT\",\"@id\":\"https:\\\/\\\/www.italtel.com\\\/de\\\/#\\\/schema\\\/logo\\\/image\\\/\",\"url\":\"https:\\\/\\\/www.italtel.com\\\/wp-content\\\/uploads\\\/2024\\\/11\\\/Italtel_logo.png\",\"contentUrl\":\"https:\\\/\\\/www.italtel.com\\\/wp-content\\\/uploads\\\/2024\\\/11\\\/Italtel_logo.png\",\"width\":591,\"height\":139,\"caption\":\"Italtel S.p.A.\"},\"image\":{\"@id\":\"https:\\\/\\\/www.italtel.com\\\/de\\\/#\\\/schema\\\/logo\\\/image\\\/\"},\"sameAs\":[\"https:\\\/\\\/x.com\\\/Italtel\",\"https:\\\/\\\/www.linkedin.com\\\/company\\\/italtel\\\/\",\"https:\\\/\\\/www.instagram.com\\\/italtel_hq\\\/\"]},{\"@type\":\"Person\",\"@id\":\"https:\\\/\\\/www.italtel.com\\\/de\\\/#\\\/schema\\\/person\\\/38f315d5a978255f0cf320055bad5afe\",\"name\":\"Daniela Fontana\",\"image\":{\"@type\":\"ImageObject\",\"inLanguage\":\"it-IT\",\"@id\":\"https:\\\/\\\/secure.gravatar.com\\\/avatar\\\/834a03b0c73144a8ca36e17dc365b3fbadb34c9e44399b609a00f2231e694f6a?s=96&d=mm&r=g\",\"url\":\"https:\\\/\\\/secure.gravatar.com\\\/avatar\\\/834a03b0c73144a8ca36e17dc365b3fbadb34c9e44399b609a00f2231e694f6a?s=96&d=mm&r=g\",\"contentUrl\":\"https:\\\/\\\/secure.gravatar.com\\\/avatar\\\/834a03b0c73144a8ca36e17dc365b3fbadb34c9e44399b609a00f2231e694f6a?s=96&d=mm&r=g\",\"caption\":\"Daniela Fontana\"}}]}<\/script>\n<!-- \/ Yoast SEO plugin. -->","yoast_head_json":{"title":"Torna a crescere lo smart working: adotta una soluzione di lavoro a distanza - Italtel","robots":{"index":"index","follow":"follow","max-snippet":"max-snippet:-1","max-image-preview":"max-image-preview:large","max-video-preview":"max-video-preview:-1"},"canonical":"https:\/\/www.italtel.com\/it\/torna-a-crescere-lo-smart-working-adotta-una-soluzione-di-lavoro-a-distanza\/","og_locale":"it_IT","og_type":"article","og_title":"Torna a crescere lo smart working: adotta una soluzione di lavoro a distanza - Italtel","og_description":"La connessione da remoto ha consentito a milioni di Italiani di continuare a lavorare anche nella fase acuta dell\u2019emergenza. In questi ultimi giorni, con il rapido risalire della curva dei&nbsp;...","og_url":"https:\/\/www.italtel.com\/it\/torna-a-crescere-lo-smart-working-adotta-una-soluzione-di-lavoro-a-distanza\/","og_site_name":"Italtel","article_published_time":"2020-10-16T07:46:52+00:00","og_image":[{"width":640,"height":426,"url":"https:\/\/www.italtel.com\/wp-content\/uploads\/2024\/01\/come-adottare-lo-smart-working.jpg","type":"image\/jpeg"}],"author":"Daniela Fontana","twitter_card":"summary_large_image","twitter_creator":"@Italtel","twitter_site":"@Italtel","twitter_misc":{"Scritto da":"Daniela Fontana","Tempo di lettura stimato":"2 minuti"},"schema":{"@context":"https:\/\/schema.org","@graph":[{"@type":"Article","@id":"https:\/\/www.italtel.com\/it\/torna-a-crescere-lo-smart-working-adotta-una-soluzione-di-lavoro-a-distanza\/#article","isPartOf":{"@id":"https:\/\/www.italtel.com\/it\/torna-a-crescere-lo-smart-working-adotta-una-soluzione-di-lavoro-a-distanza\/"},"author":{"name":"Daniela Fontana","@id":"https:\/\/www.italtel.com\/de\/#\/schema\/person\/38f315d5a978255f0cf320055bad5afe"},"headline":"Torna a crescere lo smart working: adotta una soluzione di lavoro a distanza","datePublished":"2020-10-16T07:46:52+00:00","mainEntityOfPage":{"@id":"https:\/\/www.italtel.com\/it\/torna-a-crescere-lo-smart-working-adotta-una-soluzione-di-lavoro-a-distanza\/"},"wordCount":462,"publisher":{"@id":"https:\/\/www.italtel.com\/de\/#organization"},"image":{"@id":"https:\/\/www.italtel.com\/it\/torna-a-crescere-lo-smart-working-adotta-una-soluzione-di-lavoro-a-distanza\/#primaryimage"},"thumbnailUrl":"https:\/\/www.italtel.com\/wp-content\/uploads\/2024\/01\/come-adottare-lo-smart-working.jpg","keywords":["remote working"],"articleSection":["Focus"],"inLanguage":"it-IT"},{"@type":"WebPage","@id":"https:\/\/www.italtel.com\/it\/torna-a-crescere-lo-smart-working-adotta-una-soluzione-di-lavoro-a-distanza\/","url":"https:\/\/www.italtel.com\/it\/torna-a-crescere-lo-smart-working-adotta-una-soluzione-di-lavoro-a-distanza\/","name":"Torna a crescere lo smart working: adotta una soluzione di lavoro a distanza - Italtel","isPartOf":{"@id":"https:\/\/www.italtel.com\/de\/#website"},"primaryImageOfPage":{"@id":"https:\/\/www.italtel.com\/it\/torna-a-crescere-lo-smart-working-adotta-una-soluzione-di-lavoro-a-distanza\/#primaryimage"},"image":{"@id":"https:\/\/www.italtel.com\/it\/torna-a-crescere-lo-smart-working-adotta-una-soluzione-di-lavoro-a-distanza\/#primaryimage"},"thumbnailUrl":"https:\/\/www.italtel.com\/wp-content\/uploads\/2024\/01\/come-adottare-lo-smart-working.jpg","datePublished":"2020-10-16T07:46:52+00:00","breadcrumb":{"@id":"https:\/\/www.italtel.com\/it\/torna-a-crescere-lo-smart-working-adotta-una-soluzione-di-lavoro-a-distanza\/#breadcrumb"},"inLanguage":"it-IT","potentialAction":[{"@type":"ReadAction","target":["https:\/\/www.italtel.com\/it\/torna-a-crescere-lo-smart-working-adotta-una-soluzione-di-lavoro-a-distanza\/"]}]},{"@type":"ImageObject","inLanguage":"it-IT","@id":"https:\/\/www.italtel.com\/it\/torna-a-crescere-lo-smart-working-adotta-una-soluzione-di-lavoro-a-distanza\/#primaryimage","url":"https:\/\/www.italtel.com\/wp-content\/uploads\/2024\/01\/come-adottare-lo-smart-working.jpg","contentUrl":"https:\/\/www.italtel.com\/wp-content\/uploads\/2024\/01\/come-adottare-lo-smart-working.jpg","width":640,"height":426},{"@type":"BreadcrumbList","@id":"https:\/\/www.italtel.com\/it\/torna-a-crescere-lo-smart-working-adotta-una-soluzione-di-lavoro-a-distanza\/#breadcrumb","itemListElement":[{"@type":"ListItem","position":1,"name":"Home","item":"https:\/\/www.italtel.com\/it\/"},{"@type":"ListItem","position":2,"name":"Torna a crescere lo smart working: adotta una soluzione di lavoro a distanza"}]},{"@type":"WebSite","@id":"https:\/\/www.italtel.com\/de\/#website","url":"https:\/\/www.italtel.com\/de\/","name":"Italtel","description":"Italtel Group&#039;s company website","publisher":{"@id":"https:\/\/www.italtel.com\/de\/#organization"},"potentialAction":[{"@type":"SearchAction","target":{"@type":"EntryPoint","urlTemplate":"https:\/\/www.italtel.com\/de\/?s={search_term_string}"},"query-input":{"@type":"PropertyValueSpecification","valueRequired":true,"valueName":"search_term_string"}}],"inLanguage":"it-IT"},{"@type":"Organization","@id":"https:\/\/www.italtel.com\/de\/#organization","name":"Italtel S.p.A.","url":"https:\/\/www.italtel.com\/de\/","logo":{"@type":"ImageObject","inLanguage":"it-IT","@id":"https:\/\/www.italtel.com\/de\/#\/schema\/logo\/image\/","url":"https:\/\/www.italtel.com\/wp-content\/uploads\/2024\/11\/Italtel_logo.png","contentUrl":"https:\/\/www.italtel.com\/wp-content\/uploads\/2024\/11\/Italtel_logo.png","width":591,"height":139,"caption":"Italtel S.p.A."},"image":{"@id":"https:\/\/www.italtel.com\/de\/#\/schema\/logo\/image\/"},"sameAs":["https:\/\/x.com\/Italtel","https:\/\/www.linkedin.com\/company\/italtel\/","https:\/\/www.instagram.com\/italtel_hq\/"]},{"@type":"Person","@id":"https:\/\/www.italtel.com\/de\/#\/schema\/person\/38f315d5a978255f0cf320055bad5afe","name":"Daniela Fontana","image":{"@type":"ImageObject","inLanguage":"it-IT","@id":"https:\/\/secure.gravatar.com\/avatar\/834a03b0c73144a8ca36e17dc365b3fbadb34c9e44399b609a00f2231e694f6a?s=96&d=mm&r=g","url":"https:\/\/secure.gravatar.com\/avatar\/834a03b0c73144a8ca36e17dc365b3fbadb34c9e44399b609a00f2231e694f6a?s=96&d=mm&r=g","contentUrl":"https:\/\/secure.gravatar.com\/avatar\/834a03b0c73144a8ca36e17dc365b3fbadb34c9e44399b609a00f2231e694f6a?s=96&d=mm&r=g","caption":"Daniela Fontana"}}]}},"_links":{"self":[{"href":"https:\/\/www.italtel.com\/it\/wp-json\/wp\/v2\/posts\/54828","targetHints":{"allow":["GET"]}}],"collection":[{"href":"https:\/\/www.italtel.com\/it\/wp-json\/wp\/v2\/posts"}],"about":[{"href":"https:\/\/www.italtel.com\/it\/wp-json\/wp\/v2\/types\/post"}],"author":[{"embeddable":true,"href":"https:\/\/www.italtel.com\/it\/wp-json\/wp\/v2\/users\/6"}],"replies":[{"embeddable":true,"href":"https:\/\/www.italtel.com\/it\/wp-json\/wp\/v2\/comments?post=54828"}],"version-history":[{"count":0,"href":"https:\/\/www.italtel.com\/it\/wp-json\/wp\/v2\/posts\/54828\/revisions"}],"wp:featuredmedia":[{"embeddable":true,"href":"https:\/\/www.italtel.com\/it\/wp-json\/wp\/v2\/media\/48250"}],"wp:attachment":[{"href":"https:\/\/www.italtel.com\/it\/wp-json\/wp\/v2\/media?parent=54828"}],"wp:term":[{"taxonomy":"category","embeddable":true,"href":"https:\/\/www.italtel.com\/it\/wp-json\/wp\/v2\/categories?post=54828"},{"taxonomy":"post_tag","embeddable":true,"href":"https:\/\/www.italtel.com\/it\/wp-json\/wp\/v2\/tags?post=54828"}],"curies":[{"name":"wp","href":"https:\/\/api.w.org\/{rel}","templated":true}]}}