{"id":54843,"date":"2020-08-25T10:14:02","date_gmt":"2020-08-25T08:14:02","guid":{"rendered":"https:\/\/www.italtel.com\/come-cambia-la-citta-con-il-5g\/"},"modified":"2020-08-25T10:14:02","modified_gmt":"2020-08-25T08:14:02","slug":"come-cambia-la-citta-con-il-5g","status":"publish","type":"post","link":"https:\/\/www.italtel.com\/it\/come-cambia-la-citta-con-il-5g\/","title":{"rendered":"Come cambia la citt\u00e0 con il 5G"},"content":{"rendered":"<p>Con la diffusione del 5G, la smart city sta rapidamente diventando realt\u00e0, portando ad un tangibile miglioramento della qualit\u00e0 della vita dei suoi cittadini e dei suoi ospiti. La citt\u00e0 intelligente \u00e8 in grado infatti di offrire servizi avanzati tramite piattaforme di nuova generazione e mediante l\u2019elaborazione veloce e sicura di una enorme quantit\u00e0 di dati, che sono rese possibili grazie alle infrastrutture di rete di quinta generazione.<\/p>\n<p>La pandemia del Covid-19 ha reso ancora pi\u00f9 evidenti le potenzialit\u00e0 che una pervasiva difitalizzazione pu\u00f2 garantire alla cittadinanza, assicurando un certo \u201clivello di normalit\u00e0\u201d anche in una situazione di emergenza. Se vuoi saperne di pi\u00f9 visita la pagina <a href=\"\/?page_id=20090\">rethink digital normality<\/a>.<\/p>\n<p>Al 5G come base infrastrutturale per citt\u00e0 pi\u00f9 connesse e intelligenti \u00e8 dedicato l\u2019articolo <strong><a href=\"https:\/\/magazine.exprivia-www.italtel.com\/come-cambia-la-citt%C3%A0-con-il-5g\">Come cambia la citt\u00e0 con il 5G<\/a><\/strong>.<\/p>\n<p>Se vuoi saperne di pi\u00f9 leggi l\u2019<a href=\"https:\/\/magazine.exprivia-www.italtel.com\/come-cambia-la-citt%C3%A0-con-il-5g\">intero articolo<\/a> pubblicato sul nostro magazine.exprivia-www.italtel.com<\/p>\n<p>&nbsp;<\/p>\n<p>Se vuoi scoprire l\u2019offerta Italtel correlata, visita le nostre pagine sul <a href=\"\/?page_id=19181\">5G<\/a> e sulle <a href=\"\/?page_id=1287\">Smart City<\/a>.<\/p>\n","protected":false},"excerpt":{"rendered":"<p>Con la diffusione del 5G, la smart city sta rapidamente diventando realt\u00e0, portando ad un tangibile miglioramento della qualit\u00e0 della vita dei suoi cittadini e dei suoi ospiti. La citt\u00e0&nbsp;&#8230;<\/p>\n","protected":false},"author":6,"featured_media":48318,"comment_status":"closed","ping_status":"closed","sticky":false,"template":"","format":"standard","meta":{"footnotes":""},"categories":[394],"tags":[439,581],"class_list":["post-54843","post","type-post","status-publish","format-standard","has-post-thumbnail","hentry","category-focus-it","tag-5g","tag-smart-city"],"yoast_head":"<!-- This site is optimized with the Yoast SEO plugin v27.4 - https:\/\/yoast.com\/product\/yoast-seo-wordpress\/ -->\n<title>Come cambia la citt\u00e0 con il 5G - Italtel<\/title>\n<meta name=\"description\" content=\"Con la diffusione del 5G, la smart city sta rapidamente diventando realt\u00e0, portando ad un tangibile miglioramento della qualit\u00e0 della vita dei suoi cittadini e dei suoi ospiti. La citt\u00e0 intelligente \u00e8 in grado infatti di offrire servizi avanzati tramite piattaforme di nuova generazione e mediante l\u2019elaborazione veloce e sicura di una enorme quantit\u00e0 di dati, che sono rese possibili grazie alle infrastrutture di rete di quinta generazione.\" \/>\n<meta name=\"robots\" content=\"index, follow, max-snippet:-1, max-image-preview:large, max-video-preview:-1\" \/>\n<link rel=\"canonical\" href=\"https:\/\/www.italtel.com\/it\/come-cambia-la-citta-con-il-5g\/\" \/>\n<meta property=\"og:locale\" content=\"it_IT\" \/>\n<meta property=\"og:type\" content=\"article\" \/>\n<meta property=\"og:title\" content=\"Come cambia la citt\u00e0 con il 5G - Italtel\" \/>\n<meta property=\"og:description\" content=\"Con la diffusione del 5G, la smart city sta rapidamente diventando realt\u00e0, portando ad un tangibile miglioramento della qualit\u00e0 della vita dei suoi cittadini e dei suoi ospiti. La citt\u00e0 intelligente \u00e8 in grado infatti di offrire servizi avanzati tramite piattaforme di nuova generazione e mediante l\u2019elaborazione veloce e sicura di una enorme quantit\u00e0 di dati, che sono rese possibili grazie alle infrastrutture di rete di quinta generazione.\" \/>\n<meta property=\"og:url\" content=\"https:\/\/www.italtel.com\/it\/come-cambia-la-citta-con-il-5g\/\" \/>\n<meta property=\"og:site_name\" content=\"Italtel\" \/>\n<meta property=\"article:published_time\" content=\"2020-08-25T08:14:02+00:00\" \/>\n<meta property=\"og:image\" content=\"https:\/\/www.italtel.com\/wp-content\/uploads\/2024\/01\/smartcity-4127468_1920_700.jpg\" \/>\n\t<meta property=\"og:image:width\" content=\"1898\" \/>\n\t<meta property=\"og:image:height\" content=\"689\" \/>\n\t<meta property=\"og:image:type\" content=\"image\/jpeg\" \/>\n<meta name=\"author\" content=\"Daniela Fontana\" \/>\n<meta name=\"twitter:card\" content=\"summary_large_image\" \/>\n<meta name=\"twitter:creator\" content=\"@Italtel\" \/>\n<meta name=\"twitter:site\" content=\"@Italtel\" \/>\n<meta name=\"twitter:label1\" content=\"Scritto da\" \/>\n\t<meta name=\"twitter:data1\" content=\"Daniela Fontana\" \/>\n\t<meta name=\"twitter:label2\" content=\"Tempo di lettura stimato\" \/>\n\t<meta name=\"twitter:data2\" content=\"1 minuto\" \/>\n<script type=\"application\/ld+json\" class=\"yoast-schema-graph\">{\"@context\":\"https:\\\/\\\/schema.org\",\"@graph\":[{\"@type\":\"Article\",\"@id\":\"https:\\\/\\\/www.italtel.com\\\/it\\\/come-cambia-la-citta-con-il-5g\\\/#article\",\"isPartOf\":{\"@id\":\"https:\\\/\\\/www.italtel.com\\\/it\\\/come-cambia-la-citta-con-il-5g\\\/\"},\"author\":{\"name\":\"Daniela Fontana\",\"@id\":\"https:\\\/\\\/www.italtel.com\\\/de\\\/#\\\/schema\\\/person\\\/38f315d5a978255f0cf320055bad5afe\"},\"headline\":\"Come cambia la citt\u00e0 con il 5G\",\"datePublished\":\"2020-08-25T08:14:02+00:00\",\"mainEntityOfPage\":{\"@id\":\"https:\\\/\\\/www.italtel.com\\\/it\\\/come-cambia-la-citta-con-il-5g\\\/\"},\"wordCount\":172,\"publisher\":{\"@id\":\"https:\\\/\\\/www.italtel.com\\\/de\\\/#organization\"},\"image\":{\"@id\":\"https:\\\/\\\/www.italtel.com\\\/it\\\/come-cambia-la-citta-con-il-5g\\\/#primaryimage\"},\"thumbnailUrl\":\"https:\\\/\\\/www.italtel.com\\\/wp-content\\\/uploads\\\/2024\\\/01\\\/smartcity-4127468_1920_700.jpg\",\"keywords\":[\"5G\",\"Smart City\"],\"articleSection\":[\"Focus\"],\"inLanguage\":\"it-IT\"},{\"@type\":\"WebPage\",\"@id\":\"https:\\\/\\\/www.italtel.com\\\/it\\\/come-cambia-la-citta-con-il-5g\\\/\",\"url\":\"https:\\\/\\\/www.italtel.com\\\/it\\\/come-cambia-la-citta-con-il-5g\\\/\",\"name\":\"Come cambia la citt\u00e0 con il 5G - Italtel\",\"isPartOf\":{\"@id\":\"https:\\\/\\\/www.italtel.com\\\/de\\\/#website\"},\"primaryImageOfPage\":{\"@id\":\"https:\\\/\\\/www.italtel.com\\\/it\\\/come-cambia-la-citta-con-il-5g\\\/#primaryimage\"},\"image\":{\"@id\":\"https:\\\/\\\/www.italtel.com\\\/it\\\/come-cambia-la-citta-con-il-5g\\\/#primaryimage\"},\"thumbnailUrl\":\"https:\\\/\\\/www.italtel.com\\\/wp-content\\\/uploads\\\/2024\\\/01\\\/smartcity-4127468_1920_700.jpg\",\"datePublished\":\"2020-08-25T08:14:02+00:00\",\"description\":\"Con la diffusione del 5G, la smart city sta rapidamente diventando realt\u00e0, portando ad un tangibile miglioramento della qualit\u00e0 della vita dei suoi cittadini e dei suoi ospiti. La citt\u00e0 intelligente \u00e8 in grado infatti di offrire servizi avanzati tramite piattaforme di nuova generazione e mediante l\u2019elaborazione veloce e sicura di una enorme quantit\u00e0 di dati, che sono rese possibili grazie alle infrastrutture di rete di quinta generazione.\",\"breadcrumb\":{\"@id\":\"https:\\\/\\\/www.italtel.com\\\/it\\\/come-cambia-la-citta-con-il-5g\\\/#breadcrumb\"},\"inLanguage\":\"it-IT\",\"potentialAction\":[{\"@type\":\"ReadAction\",\"target\":[\"https:\\\/\\\/www.italtel.com\\\/it\\\/come-cambia-la-citta-con-il-5g\\\/\"]}]},{\"@type\":\"ImageObject\",\"inLanguage\":\"it-IT\",\"@id\":\"https:\\\/\\\/www.italtel.com\\\/it\\\/come-cambia-la-citta-con-il-5g\\\/#primaryimage\",\"url\":\"https:\\\/\\\/www.italtel.com\\\/wp-content\\\/uploads\\\/2024\\\/01\\\/smartcity-4127468_1920_700.jpg\",\"contentUrl\":\"https:\\\/\\\/www.italtel.com\\\/wp-content\\\/uploads\\\/2024\\\/01\\\/smartcity-4127468_1920_700.jpg\",\"width\":1898,\"height\":689},{\"@type\":\"BreadcrumbList\",\"@id\":\"https:\\\/\\\/www.italtel.com\\\/it\\\/come-cambia-la-citta-con-il-5g\\\/#breadcrumb\",\"itemListElement\":[{\"@type\":\"ListItem\",\"position\":1,\"name\":\"Home\",\"item\":\"https:\\\/\\\/www.italtel.com\\\/it\\\/\"},{\"@type\":\"ListItem\",\"position\":2,\"name\":\"Come cambia la citt\u00e0 con il 5G\"}]},{\"@type\":\"WebSite\",\"@id\":\"https:\\\/\\\/www.italtel.com\\\/de\\\/#website\",\"url\":\"https:\\\/\\\/www.italtel.com\\\/de\\\/\",\"name\":\"Italtel\",\"description\":\"Italtel Group&#039;s company website\",\"publisher\":{\"@id\":\"https:\\\/\\\/www.italtel.com\\\/de\\\/#organization\"},\"potentialAction\":[{\"@type\":\"SearchAction\",\"target\":{\"@type\":\"EntryPoint\",\"urlTemplate\":\"https:\\\/\\\/www.italtel.com\\\/de\\\/?s={search_term_string}\"},\"query-input\":{\"@type\":\"PropertyValueSpecification\",\"valueRequired\":true,\"valueName\":\"search_term_string\"}}],\"inLanguage\":\"it-IT\"},{\"@type\":\"Organization\",\"@id\":\"https:\\\/\\\/www.italtel.com\\\/de\\\/#organization\",\"name\":\"Italtel S.p.A.\",\"url\":\"https:\\\/\\\/www.italtel.com\\\/de\\\/\",\"logo\":{\"@type\":\"ImageObject\",\"inLanguage\":\"it-IT\",\"@id\":\"https:\\\/\\\/www.italtel.com\\\/de\\\/#\\\/schema\\\/logo\\\/image\\\/\",\"url\":\"https:\\\/\\\/www.italtel.com\\\/wp-content\\\/uploads\\\/2024\\\/11\\\/Italtel_logo.png\",\"contentUrl\":\"https:\\\/\\\/www.italtel.com\\\/wp-content\\\/uploads\\\/2024\\\/11\\\/Italtel_logo.png\",\"width\":591,\"height\":139,\"caption\":\"Italtel S.p.A.\"},\"image\":{\"@id\":\"https:\\\/\\\/www.italtel.com\\\/de\\\/#\\\/schema\\\/logo\\\/image\\\/\"},\"sameAs\":[\"https:\\\/\\\/x.com\\\/Italtel\",\"https:\\\/\\\/www.linkedin.com\\\/company\\\/italtel\\\/\",\"https:\\\/\\\/www.instagram.com\\\/italtel_hq\\\/\"]},{\"@type\":\"Person\",\"@id\":\"https:\\\/\\\/www.italtel.com\\\/de\\\/#\\\/schema\\\/person\\\/38f315d5a978255f0cf320055bad5afe\",\"name\":\"Daniela Fontana\",\"image\":{\"@type\":\"ImageObject\",\"inLanguage\":\"it-IT\",\"@id\":\"https:\\\/\\\/secure.gravatar.com\\\/avatar\\\/834a03b0c73144a8ca36e17dc365b3fbadb34c9e44399b609a00f2231e694f6a?s=96&d=mm&r=g\",\"url\":\"https:\\\/\\\/secure.gravatar.com\\\/avatar\\\/834a03b0c73144a8ca36e17dc365b3fbadb34c9e44399b609a00f2231e694f6a?s=96&d=mm&r=g\",\"contentUrl\":\"https:\\\/\\\/secure.gravatar.com\\\/avatar\\\/834a03b0c73144a8ca36e17dc365b3fbadb34c9e44399b609a00f2231e694f6a?s=96&d=mm&r=g\",\"caption\":\"Daniela Fontana\"}}]}<\/script>\n<!-- \/ Yoast SEO plugin. -->","yoast_head_json":{"title":"Come cambia la citt\u00e0 con il 5G - Italtel","description":"Con la diffusione del 5G, la smart city sta rapidamente diventando realt\u00e0, portando ad un tangibile miglioramento della qualit\u00e0 della vita dei suoi cittadini e dei suoi ospiti. La citt\u00e0 intelligente \u00e8 in grado infatti di offrire servizi avanzati tramite piattaforme di nuova generazione e mediante l\u2019elaborazione veloce e sicura di una enorme quantit\u00e0 di dati, che sono rese possibili grazie alle infrastrutture di rete di quinta generazione.","robots":{"index":"index","follow":"follow","max-snippet":"max-snippet:-1","max-image-preview":"max-image-preview:large","max-video-preview":"max-video-preview:-1"},"canonical":"https:\/\/www.italtel.com\/it\/come-cambia-la-citta-con-il-5g\/","og_locale":"it_IT","og_type":"article","og_title":"Come cambia la citt\u00e0 con il 5G - Italtel","og_description":"Con la diffusione del 5G, la smart city sta rapidamente diventando realt\u00e0, portando ad un tangibile miglioramento della qualit\u00e0 della vita dei suoi cittadini e dei suoi ospiti. La citt\u00e0 intelligente \u00e8 in grado infatti di offrire servizi avanzati tramite piattaforme di nuova generazione e mediante l\u2019elaborazione veloce e sicura di una enorme quantit\u00e0 di dati, che sono rese possibili grazie alle infrastrutture di rete di quinta generazione.","og_url":"https:\/\/www.italtel.com\/it\/come-cambia-la-citta-con-il-5g\/","og_site_name":"Italtel","article_published_time":"2020-08-25T08:14:02+00:00","og_image":[{"width":1898,"height":689,"url":"https:\/\/www.italtel.com\/wp-content\/uploads\/2024\/01\/smartcity-4127468_1920_700.jpg","type":"image\/jpeg"}],"author":"Daniela Fontana","twitter_card":"summary_large_image","twitter_creator":"@Italtel","twitter_site":"@Italtel","twitter_misc":{"Scritto da":"Daniela Fontana","Tempo di lettura stimato":"1 minuto"},"schema":{"@context":"https:\/\/schema.org","@graph":[{"@type":"Article","@id":"https:\/\/www.italtel.com\/it\/come-cambia-la-citta-con-il-5g\/#article","isPartOf":{"@id":"https:\/\/www.italtel.com\/it\/come-cambia-la-citta-con-il-5g\/"},"author":{"name":"Daniela Fontana","@id":"https:\/\/www.italtel.com\/de\/#\/schema\/person\/38f315d5a978255f0cf320055bad5afe"},"headline":"Come cambia la citt\u00e0 con il 5G","datePublished":"2020-08-25T08:14:02+00:00","mainEntityOfPage":{"@id":"https:\/\/www.italtel.com\/it\/come-cambia-la-citta-con-il-5g\/"},"wordCount":172,"publisher":{"@id":"https:\/\/www.italtel.com\/de\/#organization"},"image":{"@id":"https:\/\/www.italtel.com\/it\/come-cambia-la-citta-con-il-5g\/#primaryimage"},"thumbnailUrl":"https:\/\/www.italtel.com\/wp-content\/uploads\/2024\/01\/smartcity-4127468_1920_700.jpg","keywords":["5G","Smart City"],"articleSection":["Focus"],"inLanguage":"it-IT"},{"@type":"WebPage","@id":"https:\/\/www.italtel.com\/it\/come-cambia-la-citta-con-il-5g\/","url":"https:\/\/www.italtel.com\/it\/come-cambia-la-citta-con-il-5g\/","name":"Come cambia la citt\u00e0 con il 5G - Italtel","isPartOf":{"@id":"https:\/\/www.italtel.com\/de\/#website"},"primaryImageOfPage":{"@id":"https:\/\/www.italtel.com\/it\/come-cambia-la-citta-con-il-5g\/#primaryimage"},"image":{"@id":"https:\/\/www.italtel.com\/it\/come-cambia-la-citta-con-il-5g\/#primaryimage"},"thumbnailUrl":"https:\/\/www.italtel.com\/wp-content\/uploads\/2024\/01\/smartcity-4127468_1920_700.jpg","datePublished":"2020-08-25T08:14:02+00:00","description":"Con la diffusione del 5G, la smart city sta rapidamente diventando realt\u00e0, portando ad un tangibile miglioramento della qualit\u00e0 della vita dei suoi cittadini e dei suoi ospiti. La citt\u00e0 intelligente \u00e8 in grado infatti di offrire servizi avanzati tramite piattaforme di nuova generazione e mediante l\u2019elaborazione veloce e sicura di una enorme quantit\u00e0 di dati, che sono rese possibili grazie alle infrastrutture di rete di quinta generazione.","breadcrumb":{"@id":"https:\/\/www.italtel.com\/it\/come-cambia-la-citta-con-il-5g\/#breadcrumb"},"inLanguage":"it-IT","potentialAction":[{"@type":"ReadAction","target":["https:\/\/www.italtel.com\/it\/come-cambia-la-citta-con-il-5g\/"]}]},{"@type":"ImageObject","inLanguage":"it-IT","@id":"https:\/\/www.italtel.com\/it\/come-cambia-la-citta-con-il-5g\/#primaryimage","url":"https:\/\/www.italtel.com\/wp-content\/uploads\/2024\/01\/smartcity-4127468_1920_700.jpg","contentUrl":"https:\/\/www.italtel.com\/wp-content\/uploads\/2024\/01\/smartcity-4127468_1920_700.jpg","width":1898,"height":689},{"@type":"BreadcrumbList","@id":"https:\/\/www.italtel.com\/it\/come-cambia-la-citta-con-il-5g\/#breadcrumb","itemListElement":[{"@type":"ListItem","position":1,"name":"Home","item":"https:\/\/www.italtel.com\/it\/"},{"@type":"ListItem","position":2,"name":"Come cambia la citt\u00e0 con il 5G"}]},{"@type":"WebSite","@id":"https:\/\/www.italtel.com\/de\/#website","url":"https:\/\/www.italtel.com\/de\/","name":"Italtel","description":"Italtel Group&#039;s company website","publisher":{"@id":"https:\/\/www.italtel.com\/de\/#organization"},"potentialAction":[{"@type":"SearchAction","target":{"@type":"EntryPoint","urlTemplate":"https:\/\/www.italtel.com\/de\/?s={search_term_string}"},"query-input":{"@type":"PropertyValueSpecification","valueRequired":true,"valueName":"search_term_string"}}],"inLanguage":"it-IT"},{"@type":"Organization","@id":"https:\/\/www.italtel.com\/de\/#organization","name":"Italtel S.p.A.","url":"https:\/\/www.italtel.com\/de\/","logo":{"@type":"ImageObject","inLanguage":"it-IT","@id":"https:\/\/www.italtel.com\/de\/#\/schema\/logo\/image\/","url":"https:\/\/www.italtel.com\/wp-content\/uploads\/2024\/11\/Italtel_logo.png","contentUrl":"https:\/\/www.italtel.com\/wp-content\/uploads\/2024\/11\/Italtel_logo.png","width":591,"height":139,"caption":"Italtel S.p.A."},"image":{"@id":"https:\/\/www.italtel.com\/de\/#\/schema\/logo\/image\/"},"sameAs":["https:\/\/x.com\/Italtel","https:\/\/www.linkedin.com\/company\/italtel\/","https:\/\/www.instagram.com\/italtel_hq\/"]},{"@type":"Person","@id":"https:\/\/www.italtel.com\/de\/#\/schema\/person\/38f315d5a978255f0cf320055bad5afe","name":"Daniela Fontana","image":{"@type":"ImageObject","inLanguage":"it-IT","@id":"https:\/\/secure.gravatar.com\/avatar\/834a03b0c73144a8ca36e17dc365b3fbadb34c9e44399b609a00f2231e694f6a?s=96&d=mm&r=g","url":"https:\/\/secure.gravatar.com\/avatar\/834a03b0c73144a8ca36e17dc365b3fbadb34c9e44399b609a00f2231e694f6a?s=96&d=mm&r=g","contentUrl":"https:\/\/secure.gravatar.com\/avatar\/834a03b0c73144a8ca36e17dc365b3fbadb34c9e44399b609a00f2231e694f6a?s=96&d=mm&r=g","caption":"Daniela Fontana"}}]}},"_links":{"self":[{"href":"https:\/\/www.italtel.com\/it\/wp-json\/wp\/v2\/posts\/54843","targetHints":{"allow":["GET"]}}],"collection":[{"href":"https:\/\/www.italtel.com\/it\/wp-json\/wp\/v2\/posts"}],"about":[{"href":"https:\/\/www.italtel.com\/it\/wp-json\/wp\/v2\/types\/post"}],"author":[{"embeddable":true,"href":"https:\/\/www.italtel.com\/it\/wp-json\/wp\/v2\/users\/6"}],"replies":[{"embeddable":true,"href":"https:\/\/www.italtel.com\/it\/wp-json\/wp\/v2\/comments?post=54843"}],"version-history":[{"count":0,"href":"https:\/\/www.italtel.com\/it\/wp-json\/wp\/v2\/posts\/54843\/revisions"}],"wp:featuredmedia":[{"embeddable":true,"href":"https:\/\/www.italtel.com\/it\/wp-json\/wp\/v2\/media\/48318"}],"wp:attachment":[{"href":"https:\/\/www.italtel.com\/it\/wp-json\/wp\/v2\/media?parent=54843"}],"wp:term":[{"taxonomy":"category","embeddable":true,"href":"https:\/\/www.italtel.com\/it\/wp-json\/wp\/v2\/categories?post=54843"},{"taxonomy":"post_tag","embeddable":true,"href":"https:\/\/www.italtel.com\/it\/wp-json\/wp\/v2\/tags?post=54843"}],"curies":[{"name":"wp","href":"https:\/\/api.w.org\/{rel}","templated":true}]}}