{"id":54862,"date":"2020-06-25T09:00:43","date_gmt":"2020-06-25T07:00:43","guid":{"rendered":"https:\/\/www.italtel.com\/il-ruolo-delle-reti-di-comunicazione-per-gestire-lemergenza-e-sostenere-la-ripresa\/"},"modified":"2020-06-25T09:00:43","modified_gmt":"2020-06-25T07:00:43","slug":"il-ruolo-delle-reti-di-comunicazione-per-gestire-lemergenza-e-sostenere-la-ripresa","status":"publish","type":"post","link":"https:\/\/www.italtel.com\/it\/il-ruolo-delle-reti-di-comunicazione-per-gestire-lemergenza-e-sostenere-la-ripresa\/","title":{"rendered":"Il ruolo delle reti di comunicazione per gestire l\u2019emergenza e sostenere la ripresa"},"content":{"rendered":"<p>Le reti hanno retto bene all\u2019enorme aumento del traffico dovuto alla molteplicit\u00e0 di applicazioni attivate dalle case nel periodo di quarantena forzata e del post emergenza. Questo perch\u00e9 sono state progettate per essere utilizzate meno del 50% della loro capacit\u00e0. Gli operatori hanno cos\u00ec potuto ridistribuire il flusso di traffico e riorganizzare la capacit\u00e0 primaria e di backup.<\/p>\n<p>Streaming (principalmente video entertainment), navigazione sul web, attivit\u00e0 di messaggistica e chiamate (con o senza uso del video), download di app e video e gaming sono le principali tipologie di traffico che viaggia sulla rete. Ognuna ha avuto tassi di crescita diversi nel periodo di lockdown, fino al 500% delle video chiamate e al 115% del gaming.<\/p>\n<p>Puoi trovare queste e altre informazioni nell\u2019articolo <strong>Il ruolo delle reti di comunicazione per gestire l\u2019emergenza e sostenere la ripresa<\/strong>.<\/p>\n<p>Se vuoi saperne di pi\u00f9 leggi l\u2019intero articolo pubblicato qui sotto.<\/p>\n<p>&nbsp;<\/p>\n<p>La tenuta delle reti di telecomunicazioni in questo periodo di emergenza dovuta al coronavirus \u00e8 stato un elemento essenziale per dare continuit\u00e0 a molte attivit\u00e0 lavorative e didattiche. Anche le strategie che si stanno delineando per la ripresa fanno perno sul ruolo delle tecnologie e delle infrastrutture di telecomunicazioni e sull\u2019uso della rete Internet.<\/p>\n<p>Le reti stanno reggendo bene, nonostante l\u2019aumento del traffico dovuto alla molteplicit\u00e0 di applicazioni attivate dalle case in questo periodo di quarantena forzata. Dei tre segmenti principali che le compongono &#8211; accesso, aggregazione e dorsale \u2013quello che sperimenta la maggiore pressione e stress \u00e8 il secondo, ossia quello che va dalle centrali locali della rete fino ai grandi Point Of Presence (POP) dove parte il backbone, la dorsale.<\/p>\n<p>In queste settimane il traffico istantaneo \u00e8 cresciuto fino al 50%, con picchi in particolare nelle ore serali, ed \u00e8 cresciuto anche il volume totale del traffico. Ma le reti hanno retto perch\u00e9 sono progettate per essere normalmente usate sotto il 50% della loro capacit\u00e0. Il flusso di traffico \u00e8 stato ridistribuito consentendo agli operatori di riorganizzare la capacit\u00e0 primaria e di backup.<\/p>\n<h5><strong>Le indicazioni dell\u2019Agcom<\/strong><\/h5>\n<p>L\u2019Autorit\u00e0 delle Comunicazioni (Agcom) si \u00e8 attivata prontamente fin dal primo momento dell\u2019emergenza per evidenziare agli Operatori l\u2019esigenza di un rapido adeguamento della capacit\u00e0 delle reti, per allentare alcune regole di anticipo di comunicazione necessarie per la predisposizione di collegamenti a Banda Ultra Larga nei comuni ancora non dotati di questo servizio essenziale, per consentire servizi all\u2019ingrosso meno costosi e infine per ridurre i contributi di attivazione per nuovi collegamenti. Italtel, societ\u00e0 del gruppo Exprivia, \u00e8 un fornitore e integratore di tecnologie e sistemi di networking per gli operatori e ha quindi modo di vedere da vicino come le Telco stiano effettivamente continuando ad adeguare la loro capacit\u00e0 di rete per rispondere a questa situazione contingente. Le reti sono progressivamente ridisegnate e potenziate.<\/p>\n<h5><strong>I cinque usi principali sulla rete<\/strong><\/h5>\n<p>Le tipologie d\u2019uso di Internet sono diverse e si aggiungono allo smart working, di cui molto si parla in questi giorni ma che non \u00e8 l\u2019utilizzo prevalente. A farla da padrone \u00e8 lo streaming (principalmente video entertainment), seguito dalla navigazione sul web, dalle attivit\u00e0 di messaggistica e chiamate (con o senza uso del video), dai download di app e video e per finire dal gaming. Ogni tipologia ha avuto tassi di crescita diversi. I pi\u00f9 eclatanti sono quello delle video chiamate e del gaming, rispettivamente cresciute del 500% e del 115%.<\/p>\n<h5><strong>Lo smart working si estender\u00e0 in modo permanente<\/strong><\/h5>\n<p>Un vantaggio sempre pi\u00f9 evidente dello smart working, come molti oggi stanno sperimentando, \u00e8 che non solo si annullano i tempi necessari per gli spostamenti quotidiani e si riducono traffico e inquinamento, ma si riesce a lavorare con maggiore produttivit\u00e0. Per questo motivo, \u00e8 opportuno pensare di proseguire lungo questo trend anche a emergenza finita: rendendo il lavoro pi\u00f9 flessibile e estendendo lo smart working a pi\u00f9 giornate nella settimana, ovviamente per le attivit\u00e0 che possono essere svolte in questa modalit\u00e0. Da questo punto di vista, nel nostro gruppo industriale l\u2019esperienza dello smart working \u00e8 iniziata da diversi anni ed \u00e8 positiva.<\/p>\n<h5><strong>Il boom delle piattaforme di smart working <\/strong><\/h5>\n<p>Quello che \u00e8 avvenuto in Italia trova riscontro a livello internazionale. Ad esempio, se prendiamo una delle pi\u00f9 importanti piattaforme di smart working nel mondo (Cisco Webex) la crescita di utilizzo misurata nel mese di marzo \u00e8 impressionante ed \u00e8 impressionante la crescita dell\u2019uso del video nello smart working.<\/p>\n<p><img decoding=\"async\" class=\"alignnone\" src=\"http:\/\/www.italtel.com\/content\/uploads\/2020\/06\/webex-usage.png\" \/><\/p>\n<p><em>Fonte: Cisco 2020<\/em><\/p>\n<p>Pensiamo all\u2019impatto sulla congestione di traffico nelle citt\u00e0, ai fenomeni di pendolarismo e di pressione sui trasporti regionali e locali, pensiamo alla possibilit\u00e0 di programmare e rendere compatibile l\u2019attivit\u00e0 lavorativa con quella familiare. \u00c8 uno scenario nuovo e utile per la nostra evoluzione e per la nostra progressiva ripresa.<\/p>\n<h5><strong>Il balzo digitale della scuola italiana <\/strong><\/h5>\n<p>L\u2019e-learning \u00e8 stato adottato, in modalit\u00e0 diverse, in tutti gli ordini e gradi della scuola. Alcuni istituti, soprattutto a livello di Secondarie e Universit\u00e0, erano gi\u00e0 preparati con applicazioni e infrastrutture. In altri casi, soprattutto nelle Primarie, l\u2019avvio \u00e8 stato un po\u2019 difficoltoso ma si \u00e8 poi riusciti a impostare lezioni da casa, in diretta o in differita, anche tramite nuove applicazioni disponibili sul web.<\/p>\n<p>Nell\u2019ambito del Comitato Banda Ultra Larga (COBUL) guidato dal Ministero dell\u2019Innovazione Digitale e dal Ministero dello Sviluppo Economico, \u00e8 stato disposto il collegamento di 40.000 plessi scolastici con collegamenti in fibra ottica a 1 gigabit\/s in modo tale da consentire di seguire in diretta video streaming le lezioni che vengono erogate in classe.<\/p>\n<p>Superata l\u2019emergenza, il modello che abbiamo utilizzato sar\u00e0 comunque utile per consentire agli alunni assenti per malattia di seguire le lezioni, di interagire con professori e compagni di scuola, cosa gi\u00e0 ovviamente possibile via social, di poter organizzare interventi di sostegno e di recupero in modo pi\u00f9 flessibile dal punto di vista logistico.<\/p>\n<h5><strong>La crescita di e-commerce ed entertainment<\/strong><\/h5>\n<p>Tra le attivit\u00e0 che hanno riscontrato la maggiore crescita e sono state pi\u00f9 utilizzate ci sono e-commerce e intrattenimento digitale. Sul primo emerge il dato importante che anche le piccole imprese sono state spinte a considerare l\u2019uso di queste piattaforme e di questi processi e che non necessariamente \u00e8 cos\u00ec importante farsi intermediare dalle grandi piattaforme di e-commerce. Mantenere il rapporto con la propria clientela estendendola dal fisico al virtuale si \u00e8 rivelato cruciale e anche questo convincer\u00e0 molti a proseguire e curare ancora di pi\u00f9 questa evoluzione. Sul secondo abbiamo gi\u00e0 detto della notevole evoluzione avuta dal gaming on line e dallo streaming.<\/p>\n<h5><strong>La Banda ultra larga non sia fattore di digital divide<\/strong><\/h5>\n<p>L\u2019emergenza virus ci insegna che la connettivit\u00e0 con la fibra ottica diventa fondamentale quando entro lo stesso nucleo familiare ci sono 4 o 5 forti utilizzatori. La diffusione della fibra \u00e8 ancor pi\u00f9 importante, soprattutto nelle zone periferiche del paese.<\/p>\n<p>Il concetto di citt\u00e0 intelligente, nel nostro Paese, \u00e8 soprattutto quello dei piccoli centri, dei borghi, che devono essere connessi in fibra per dare ai giovani pari opportunit\u00e0 rispetto alle grandi citt\u00e0. Il piano BUL va completato ma, nel frattempo, \u00e8 importante usare subito la tecnologia disponibile oggi, e in parallelo completare al pi\u00f9 presto il cablaggio di tutti i distretti industriali e di tutti i siti della PA, scuole comprese, e quindi delle abitazioni.<\/p>\n<h5><strong>Dal 5G una vera svolta<\/strong><\/h5>\n<p>Lo sviluppo del 5G va di pari passo con la diffusione della fibra e le microantenne che caratterizzano questa tecnologia saranno tutte connesse in fibra. Va ricordato che i timori su questo tema sono infondati: le microantenne rispettano gli stessi limiti elettromagnetici gi\u00e0 imposti per legge per il 4G, ossia 6 volt al metro. Tra l\u2019altro, il limite in Italia \u00e8 molto pi\u00f9 basso rispetto a quello di altri paesi europei, come la Germania, che su questo fronte sono avvantaggiati.<\/p>\n<p>Con il 5G avremo reti mobili ad altissima velocit\u00e0, con tempi di risposta istantanei e in grado di raccogliere dati da oltre un milione di oggetti intelligenti al chilometro quadrato. Le funzioni di routing e di computing si distribuiranno fino all\u2019estrema periferia e passeremo dagli attuali grandi cloud pubblici centralizzati a milioni di piccoli data center di prossimit\u00e0 (edge computing), capaci di analizzare i dati raccolti dagli oggetti intelligenti. Infine, la network security sar\u00e0 ancora pi\u00f9 importante perch\u00e9 affideremo alla rete il monitoraggio e controllo di molti dei nostri processi produttivi.<\/p>\n","protected":false},"excerpt":{"rendered":"<p>Le reti hanno retto bene all\u2019enorme aumento del traffico dovuto alla molteplicit\u00e0 di applicazioni attivate dalle case nel periodo di quarantena forzata e del post emergenza. Questo perch\u00e9 sono state&nbsp;&#8230;<\/p>\n","protected":false},"author":6,"featured_media":48161,"comment_status":"closed","ping_status":"closed","sticky":false,"template":"","format":"standard","meta":{"footnotes":""},"categories":[394],"tags":[],"class_list":["post-54862","post","type-post","status-publish","format-standard","has-post-thumbnail","hentry","category-focus-it"],"yoast_head":"<!-- This site is optimized with the Yoast SEO plugin v27.4 - https:\/\/yoast.com\/product\/yoast-seo-wordpress\/ -->\n<title>Il ruolo delle reti di comunicazione per gestire l\u2019emergenza e sostenere la ripresa - Italtel<\/title>\n<meta name=\"robots\" content=\"index, follow, max-snippet:-1, max-image-preview:large, max-video-preview:-1\" \/>\n<link rel=\"canonical\" href=\"https:\/\/www.italtel.com\/it\/il-ruolo-delle-reti-di-comunicazione-per-gestire-lemergenza-e-sostenere-la-ripresa\/\" \/>\n<meta property=\"og:locale\" content=\"it_IT\" \/>\n<meta property=\"og:type\" content=\"article\" \/>\n<meta property=\"og:title\" content=\"Il ruolo delle reti di comunicazione per gestire l\u2019emergenza e sostenere la ripresa - Italtel\" \/>\n<meta property=\"og:description\" content=\"Le reti hanno retto bene all\u2019enorme aumento del traffico dovuto alla molteplicit\u00e0 di applicazioni attivate dalle case nel periodo di quarantena forzata e del post emergenza. Questo perch\u00e9 sono state&nbsp;...\" \/>\n<meta property=\"og:url\" content=\"https:\/\/www.italtel.com\/it\/il-ruolo-delle-reti-di-comunicazione-per-gestire-lemergenza-e-sostenere-la-ripresa\/\" \/>\n<meta property=\"og:site_name\" content=\"Italtel\" \/>\n<meta property=\"article:published_time\" content=\"2020-06-25T07:00:43+00:00\" \/>\n<meta property=\"og:image\" content=\"https:\/\/www.italtel.com\/wp-content\/uploads\/2024\/01\/network-3524352_1280_500.png\" \/>\n\t<meta property=\"og:image:width\" content=\"1275\" \/>\n\t<meta property=\"og:image:height\" content=\"453\" \/>\n\t<meta property=\"og:image:type\" content=\"image\/png\" \/>\n<meta name=\"author\" content=\"Daniela Fontana\" \/>\n<meta name=\"twitter:card\" content=\"summary_large_image\" \/>\n<meta name=\"twitter:creator\" content=\"@Italtel\" \/>\n<meta name=\"twitter:site\" content=\"@Italtel\" \/>\n<meta name=\"twitter:label1\" content=\"Scritto da\" \/>\n\t<meta name=\"twitter:data1\" content=\"Daniela Fontana\" \/>\n\t<meta name=\"twitter:label2\" content=\"Tempo di lettura stimato\" \/>\n\t<meta name=\"twitter:data2\" content=\"7 minuti\" \/>\n<script type=\"application\/ld+json\" class=\"yoast-schema-graph\">{\"@context\":\"https:\\\/\\\/schema.org\",\"@graph\":[{\"@type\":\"Article\",\"@id\":\"https:\\\/\\\/www.italtel.com\\\/it\\\/il-ruolo-delle-reti-di-comunicazione-per-gestire-lemergenza-e-sostenere-la-ripresa\\\/#article\",\"isPartOf\":{\"@id\":\"https:\\\/\\\/www.italtel.com\\\/it\\\/il-ruolo-delle-reti-di-comunicazione-per-gestire-lemergenza-e-sostenere-la-ripresa\\\/\"},\"author\":{\"name\":\"Daniela Fontana\",\"@id\":\"https:\\\/\\\/www.italtel.com\\\/de\\\/#\\\/schema\\\/person\\\/38f315d5a978255f0cf320055bad5afe\"},\"headline\":\"Il ruolo delle reti di comunicazione per gestire l\u2019emergenza e sostenere la ripresa\",\"datePublished\":\"2020-06-25T07:00:43+00:00\",\"mainEntityOfPage\":{\"@id\":\"https:\\\/\\\/www.italtel.com\\\/it\\\/il-ruolo-delle-reti-di-comunicazione-per-gestire-lemergenza-e-sostenere-la-ripresa\\\/\"},\"wordCount\":1362,\"publisher\":{\"@id\":\"https:\\\/\\\/www.italtel.com\\\/de\\\/#organization\"},\"image\":{\"@id\":\"https:\\\/\\\/www.italtel.com\\\/it\\\/il-ruolo-delle-reti-di-comunicazione-per-gestire-lemergenza-e-sostenere-la-ripresa\\\/#primaryimage\"},\"thumbnailUrl\":\"https:\\\/\\\/www.italtel.com\\\/wp-content\\\/uploads\\\/2024\\\/01\\\/network-3524352_1280_500.png\",\"articleSection\":[\"Focus\"],\"inLanguage\":\"it-IT\"},{\"@type\":\"WebPage\",\"@id\":\"https:\\\/\\\/www.italtel.com\\\/it\\\/il-ruolo-delle-reti-di-comunicazione-per-gestire-lemergenza-e-sostenere-la-ripresa\\\/\",\"url\":\"https:\\\/\\\/www.italtel.com\\\/it\\\/il-ruolo-delle-reti-di-comunicazione-per-gestire-lemergenza-e-sostenere-la-ripresa\\\/\",\"name\":\"Il ruolo delle reti di comunicazione per gestire l\u2019emergenza e sostenere la ripresa - Italtel\",\"isPartOf\":{\"@id\":\"https:\\\/\\\/www.italtel.com\\\/de\\\/#website\"},\"primaryImageOfPage\":{\"@id\":\"https:\\\/\\\/www.italtel.com\\\/it\\\/il-ruolo-delle-reti-di-comunicazione-per-gestire-lemergenza-e-sostenere-la-ripresa\\\/#primaryimage\"},\"image\":{\"@id\":\"https:\\\/\\\/www.italtel.com\\\/it\\\/il-ruolo-delle-reti-di-comunicazione-per-gestire-lemergenza-e-sostenere-la-ripresa\\\/#primaryimage\"},\"thumbnailUrl\":\"https:\\\/\\\/www.italtel.com\\\/wp-content\\\/uploads\\\/2024\\\/01\\\/network-3524352_1280_500.png\",\"datePublished\":\"2020-06-25T07:00:43+00:00\",\"breadcrumb\":{\"@id\":\"https:\\\/\\\/www.italtel.com\\\/it\\\/il-ruolo-delle-reti-di-comunicazione-per-gestire-lemergenza-e-sostenere-la-ripresa\\\/#breadcrumb\"},\"inLanguage\":\"it-IT\",\"potentialAction\":[{\"@type\":\"ReadAction\",\"target\":[\"https:\\\/\\\/www.italtel.com\\\/it\\\/il-ruolo-delle-reti-di-comunicazione-per-gestire-lemergenza-e-sostenere-la-ripresa\\\/\"]}]},{\"@type\":\"ImageObject\",\"inLanguage\":\"it-IT\",\"@id\":\"https:\\\/\\\/www.italtel.com\\\/it\\\/il-ruolo-delle-reti-di-comunicazione-per-gestire-lemergenza-e-sostenere-la-ripresa\\\/#primaryimage\",\"url\":\"https:\\\/\\\/www.italtel.com\\\/wp-content\\\/uploads\\\/2024\\\/01\\\/network-3524352_1280_500.png\",\"contentUrl\":\"https:\\\/\\\/www.italtel.com\\\/wp-content\\\/uploads\\\/2024\\\/01\\\/network-3524352_1280_500.png\",\"width\":1275,\"height\":453},{\"@type\":\"BreadcrumbList\",\"@id\":\"https:\\\/\\\/www.italtel.com\\\/it\\\/il-ruolo-delle-reti-di-comunicazione-per-gestire-lemergenza-e-sostenere-la-ripresa\\\/#breadcrumb\",\"itemListElement\":[{\"@type\":\"ListItem\",\"position\":1,\"name\":\"Home\",\"item\":\"https:\\\/\\\/www.italtel.com\\\/it\\\/\"},{\"@type\":\"ListItem\",\"position\":2,\"name\":\"Il ruolo delle reti di comunicazione per gestire l\u2019emergenza e sostenere la ripresa\"}]},{\"@type\":\"WebSite\",\"@id\":\"https:\\\/\\\/www.italtel.com\\\/de\\\/#website\",\"url\":\"https:\\\/\\\/www.italtel.com\\\/de\\\/\",\"name\":\"Italtel\",\"description\":\"Italtel Group&#039;s company website\",\"publisher\":{\"@id\":\"https:\\\/\\\/www.italtel.com\\\/de\\\/#organization\"},\"potentialAction\":[{\"@type\":\"SearchAction\",\"target\":{\"@type\":\"EntryPoint\",\"urlTemplate\":\"https:\\\/\\\/www.italtel.com\\\/de\\\/?s={search_term_string}\"},\"query-input\":{\"@type\":\"PropertyValueSpecification\",\"valueRequired\":true,\"valueName\":\"search_term_string\"}}],\"inLanguage\":\"it-IT\"},{\"@type\":\"Organization\",\"@id\":\"https:\\\/\\\/www.italtel.com\\\/de\\\/#organization\",\"name\":\"Italtel S.p.A.\",\"url\":\"https:\\\/\\\/www.italtel.com\\\/de\\\/\",\"logo\":{\"@type\":\"ImageObject\",\"inLanguage\":\"it-IT\",\"@id\":\"https:\\\/\\\/www.italtel.com\\\/de\\\/#\\\/schema\\\/logo\\\/image\\\/\",\"url\":\"https:\\\/\\\/www.italtel.com\\\/wp-content\\\/uploads\\\/2024\\\/11\\\/Italtel_logo.png\",\"contentUrl\":\"https:\\\/\\\/www.italtel.com\\\/wp-content\\\/uploads\\\/2024\\\/11\\\/Italtel_logo.png\",\"width\":591,\"height\":139,\"caption\":\"Italtel S.p.A.\"},\"image\":{\"@id\":\"https:\\\/\\\/www.italtel.com\\\/de\\\/#\\\/schema\\\/logo\\\/image\\\/\"},\"sameAs\":[\"https:\\\/\\\/x.com\\\/Italtel\",\"https:\\\/\\\/www.linkedin.com\\\/company\\\/italtel\\\/\",\"https:\\\/\\\/www.instagram.com\\\/italtel_hq\\\/\"]},{\"@type\":\"Person\",\"@id\":\"https:\\\/\\\/www.italtel.com\\\/de\\\/#\\\/schema\\\/person\\\/38f315d5a978255f0cf320055bad5afe\",\"name\":\"Daniela Fontana\",\"image\":{\"@type\":\"ImageObject\",\"inLanguage\":\"it-IT\",\"@id\":\"https:\\\/\\\/secure.gravatar.com\\\/avatar\\\/834a03b0c73144a8ca36e17dc365b3fbadb34c9e44399b609a00f2231e694f6a?s=96&d=mm&r=g\",\"url\":\"https:\\\/\\\/secure.gravatar.com\\\/avatar\\\/834a03b0c73144a8ca36e17dc365b3fbadb34c9e44399b609a00f2231e694f6a?s=96&d=mm&r=g\",\"contentUrl\":\"https:\\\/\\\/secure.gravatar.com\\\/avatar\\\/834a03b0c73144a8ca36e17dc365b3fbadb34c9e44399b609a00f2231e694f6a?s=96&d=mm&r=g\",\"caption\":\"Daniela Fontana\"}}]}<\/script>\n<!-- \/ Yoast SEO plugin. -->","yoast_head_json":{"title":"Il ruolo delle reti di comunicazione per gestire l\u2019emergenza e sostenere la ripresa - Italtel","robots":{"index":"index","follow":"follow","max-snippet":"max-snippet:-1","max-image-preview":"max-image-preview:large","max-video-preview":"max-video-preview:-1"},"canonical":"https:\/\/www.italtel.com\/it\/il-ruolo-delle-reti-di-comunicazione-per-gestire-lemergenza-e-sostenere-la-ripresa\/","og_locale":"it_IT","og_type":"article","og_title":"Il ruolo delle reti di comunicazione per gestire l\u2019emergenza e sostenere la ripresa - Italtel","og_description":"Le reti hanno retto bene all\u2019enorme aumento del traffico dovuto alla molteplicit\u00e0 di applicazioni attivate dalle case nel periodo di quarantena forzata e del post emergenza. Questo perch\u00e9 sono state&nbsp;...","og_url":"https:\/\/www.italtel.com\/it\/il-ruolo-delle-reti-di-comunicazione-per-gestire-lemergenza-e-sostenere-la-ripresa\/","og_site_name":"Italtel","article_published_time":"2020-06-25T07:00:43+00:00","og_image":[{"width":1275,"height":453,"url":"https:\/\/www.italtel.com\/wp-content\/uploads\/2024\/01\/network-3524352_1280_500.png","type":"image\/png"}],"author":"Daniela Fontana","twitter_card":"summary_large_image","twitter_creator":"@Italtel","twitter_site":"@Italtel","twitter_misc":{"Scritto da":"Daniela Fontana","Tempo di lettura stimato":"7 minuti"},"schema":{"@context":"https:\/\/schema.org","@graph":[{"@type":"Article","@id":"https:\/\/www.italtel.com\/it\/il-ruolo-delle-reti-di-comunicazione-per-gestire-lemergenza-e-sostenere-la-ripresa\/#article","isPartOf":{"@id":"https:\/\/www.italtel.com\/it\/il-ruolo-delle-reti-di-comunicazione-per-gestire-lemergenza-e-sostenere-la-ripresa\/"},"author":{"name":"Daniela Fontana","@id":"https:\/\/www.italtel.com\/de\/#\/schema\/person\/38f315d5a978255f0cf320055bad5afe"},"headline":"Il ruolo delle reti di comunicazione per gestire l\u2019emergenza e sostenere la ripresa","datePublished":"2020-06-25T07:00:43+00:00","mainEntityOfPage":{"@id":"https:\/\/www.italtel.com\/it\/il-ruolo-delle-reti-di-comunicazione-per-gestire-lemergenza-e-sostenere-la-ripresa\/"},"wordCount":1362,"publisher":{"@id":"https:\/\/www.italtel.com\/de\/#organization"},"image":{"@id":"https:\/\/www.italtel.com\/it\/il-ruolo-delle-reti-di-comunicazione-per-gestire-lemergenza-e-sostenere-la-ripresa\/#primaryimage"},"thumbnailUrl":"https:\/\/www.italtel.com\/wp-content\/uploads\/2024\/01\/network-3524352_1280_500.png","articleSection":["Focus"],"inLanguage":"it-IT"},{"@type":"WebPage","@id":"https:\/\/www.italtel.com\/it\/il-ruolo-delle-reti-di-comunicazione-per-gestire-lemergenza-e-sostenere-la-ripresa\/","url":"https:\/\/www.italtel.com\/it\/il-ruolo-delle-reti-di-comunicazione-per-gestire-lemergenza-e-sostenere-la-ripresa\/","name":"Il ruolo delle reti di comunicazione per gestire l\u2019emergenza e sostenere la ripresa - Italtel","isPartOf":{"@id":"https:\/\/www.italtel.com\/de\/#website"},"primaryImageOfPage":{"@id":"https:\/\/www.italtel.com\/it\/il-ruolo-delle-reti-di-comunicazione-per-gestire-lemergenza-e-sostenere-la-ripresa\/#primaryimage"},"image":{"@id":"https:\/\/www.italtel.com\/it\/il-ruolo-delle-reti-di-comunicazione-per-gestire-lemergenza-e-sostenere-la-ripresa\/#primaryimage"},"thumbnailUrl":"https:\/\/www.italtel.com\/wp-content\/uploads\/2024\/01\/network-3524352_1280_500.png","datePublished":"2020-06-25T07:00:43+00:00","breadcrumb":{"@id":"https:\/\/www.italtel.com\/it\/il-ruolo-delle-reti-di-comunicazione-per-gestire-lemergenza-e-sostenere-la-ripresa\/#breadcrumb"},"inLanguage":"it-IT","potentialAction":[{"@type":"ReadAction","target":["https:\/\/www.italtel.com\/it\/il-ruolo-delle-reti-di-comunicazione-per-gestire-lemergenza-e-sostenere-la-ripresa\/"]}]},{"@type":"ImageObject","inLanguage":"it-IT","@id":"https:\/\/www.italtel.com\/it\/il-ruolo-delle-reti-di-comunicazione-per-gestire-lemergenza-e-sostenere-la-ripresa\/#primaryimage","url":"https:\/\/www.italtel.com\/wp-content\/uploads\/2024\/01\/network-3524352_1280_500.png","contentUrl":"https:\/\/www.italtel.com\/wp-content\/uploads\/2024\/01\/network-3524352_1280_500.png","width":1275,"height":453},{"@type":"BreadcrumbList","@id":"https:\/\/www.italtel.com\/it\/il-ruolo-delle-reti-di-comunicazione-per-gestire-lemergenza-e-sostenere-la-ripresa\/#breadcrumb","itemListElement":[{"@type":"ListItem","position":1,"name":"Home","item":"https:\/\/www.italtel.com\/it\/"},{"@type":"ListItem","position":2,"name":"Il ruolo delle reti di comunicazione per gestire l\u2019emergenza e sostenere la ripresa"}]},{"@type":"WebSite","@id":"https:\/\/www.italtel.com\/de\/#website","url":"https:\/\/www.italtel.com\/de\/","name":"Italtel","description":"Italtel Group&#039;s company website","publisher":{"@id":"https:\/\/www.italtel.com\/de\/#organization"},"potentialAction":[{"@type":"SearchAction","target":{"@type":"EntryPoint","urlTemplate":"https:\/\/www.italtel.com\/de\/?s={search_term_string}"},"query-input":{"@type":"PropertyValueSpecification","valueRequired":true,"valueName":"search_term_string"}}],"inLanguage":"it-IT"},{"@type":"Organization","@id":"https:\/\/www.italtel.com\/de\/#organization","name":"Italtel S.p.A.","url":"https:\/\/www.italtel.com\/de\/","logo":{"@type":"ImageObject","inLanguage":"it-IT","@id":"https:\/\/www.italtel.com\/de\/#\/schema\/logo\/image\/","url":"https:\/\/www.italtel.com\/wp-content\/uploads\/2024\/11\/Italtel_logo.png","contentUrl":"https:\/\/www.italtel.com\/wp-content\/uploads\/2024\/11\/Italtel_logo.png","width":591,"height":139,"caption":"Italtel S.p.A."},"image":{"@id":"https:\/\/www.italtel.com\/de\/#\/schema\/logo\/image\/"},"sameAs":["https:\/\/x.com\/Italtel","https:\/\/www.linkedin.com\/company\/italtel\/","https:\/\/www.instagram.com\/italtel_hq\/"]},{"@type":"Person","@id":"https:\/\/www.italtel.com\/de\/#\/schema\/person\/38f315d5a978255f0cf320055bad5afe","name":"Daniela Fontana","image":{"@type":"ImageObject","inLanguage":"it-IT","@id":"https:\/\/secure.gravatar.com\/avatar\/834a03b0c73144a8ca36e17dc365b3fbadb34c9e44399b609a00f2231e694f6a?s=96&d=mm&r=g","url":"https:\/\/secure.gravatar.com\/avatar\/834a03b0c73144a8ca36e17dc365b3fbadb34c9e44399b609a00f2231e694f6a?s=96&d=mm&r=g","contentUrl":"https:\/\/secure.gravatar.com\/avatar\/834a03b0c73144a8ca36e17dc365b3fbadb34c9e44399b609a00f2231e694f6a?s=96&d=mm&r=g","caption":"Daniela Fontana"}}]}},"_links":{"self":[{"href":"https:\/\/www.italtel.com\/it\/wp-json\/wp\/v2\/posts\/54862","targetHints":{"allow":["GET"]}}],"collection":[{"href":"https:\/\/www.italtel.com\/it\/wp-json\/wp\/v2\/posts"}],"about":[{"href":"https:\/\/www.italtel.com\/it\/wp-json\/wp\/v2\/types\/post"}],"author":[{"embeddable":true,"href":"https:\/\/www.italtel.com\/it\/wp-json\/wp\/v2\/users\/6"}],"replies":[{"embeddable":true,"href":"https:\/\/www.italtel.com\/it\/wp-json\/wp\/v2\/comments?post=54862"}],"version-history":[{"count":0,"href":"https:\/\/www.italtel.com\/it\/wp-json\/wp\/v2\/posts\/54862\/revisions"}],"wp:featuredmedia":[{"embeddable":true,"href":"https:\/\/www.italtel.com\/it\/wp-json\/wp\/v2\/media\/48161"}],"wp:attachment":[{"href":"https:\/\/www.italtel.com\/it\/wp-json\/wp\/v2\/media?parent=54862"}],"wp:term":[{"taxonomy":"category","embeddable":true,"href":"https:\/\/www.italtel.com\/it\/wp-json\/wp\/v2\/categories?post=54862"},{"taxonomy":"post_tag","embeddable":true,"href":"https:\/\/www.italtel.com\/it\/wp-json\/wp\/v2\/tags?post=54862"}],"curies":[{"name":"wp","href":"https:\/\/api.w.org\/{rel}","templated":true}]}}