{"id":54863,"date":"2020-06-23T10:46:10","date_gmt":"2020-06-23T08:46:10","guid":{"rendered":"https:\/\/www.italtel.com\/troppo-traffico-dati-e-video-sulle-reti-serve-rallentare\/"},"modified":"2020-06-23T10:46:10","modified_gmt":"2020-06-23T08:46:10","slug":"troppo-traffico-dati-e-video-sulle-reti-serve-rallentare","status":"publish","type":"post","link":"https:\/\/www.italtel.com\/it\/troppo-traffico-dati-e-video-sulle-reti-serve-rallentare\/","title":{"rendered":"Troppo traffico dati e video sulle reti: serve rallentare"},"content":{"rendered":"<p>Durante il lockdown le reti sono state sotto pressione. Come conseguenza dell\u2019emergenza Coronavirus e della necessit\u00e0 di restare a casa per frenare il contagio, sempre pi\u00f9 persone hanno lavorato da casa, sempre pi\u00f9 studenti hanno frequentato lezioni online, sempre pi\u00f9 persone hanno cercato di rimanere in contatto con gli amici o usano intensamente videostreaming per entertainment.<\/p>\n<p>Per contribuire a limitare la potenziale congestione della rete, sono stati ridotti temporaneamente i bitrate e dunque la qualit\u00e0 video, almeno in Europa.<\/p>\n<p>A questo tema \u00e8 stato dedicato l\u2019articolo <strong>Troppo traffico dati e video sulle reti: serve rallentare <\/strong>pubblicato sul nostro magazine durante la Fase 1 dell\u2019emergenza Covid-19.<\/p>\n<p>Se vuoi saperne di pi\u00f9 leggi l\u2019intero articolo pubblicato qui sotto<\/p>\n<p>&nbsp;<\/p>\n<h4><em>Per contribuire a limitare la potenziale congestione della rete, le piattaforme riducono temporaneamente i bitrate e dunque la qualit\u00e0 video, almeno in Europa <\/em><\/h4>\n<p>Facebook e Disney sono gli ultimi in ordine di tempo a decidere di <strong>abbassare<\/strong> <strong>per qualche tempo la qualit\u00e0 del video streaming in Europa<\/strong> per evitare di congestionare le reti. Prima di loro lo hanno fatto altri OTT come YouTube e Amazon o come Netflix che, secondo un recente <a href=\"https:\/\/www.bbc.com\/news\/technology-51968302\">articolo di BBC News<\/a>, ha reso noto di riuscire a diminuire del 25% il consumo di dati abbassando la qualit\u00e0 delle immagini video, pur lasciando ancora in alta definizione i film.<\/p>\n<p>Da giorni le reti sono sotto pressione. Come conseguenza dell\u2019emergenza Coronavirus e della necessit\u00e0 di restare a casa per frenare il contagio, <strong>sempre pi\u00f9 persone lavorano da casa, sempre pi\u00f9 studenti frequentano lezioni online, sempre pi\u00f9 persone cercano di rimanere in contatto con gli amici<\/strong> o usano intensamente videostreaming per entertainment.<\/p>\n<h5><strong>Milioni di persone in smart working<\/strong><\/h5>\n<p>Nella situazione precedente all\u2019emergenza da Covid-19, la media europea di persone che lavoravano da casa come dipendenti di una qualche azienda sul totale degli occupati era intorno al 6%, con punte del 14% in Olanda e del 13,3% in Finlandia e con un valore in Italia pari al 3,6% (<a href=\"https:\/\/appsso.eurostat.ec.europa.eu\/nui\/submitViewTableAction.do\">Dati Eurostat 2018<\/a>). La situazione \u00e8 radicalmente cambiata nel volgere di pochi giorni. Aziende e istituzioni hanno chiesto al personale di lavorare da casa. La stessa Commissione Europea, che impiega oltre 32.000 persone, ha deciso che tutto il personale lavorer\u00e0 in smart working ad eccezione di poche figure con ruoli critici.<\/p>\n<p>Possiamo calcolare che oggi in Europa, su una popolazione di 445milioni di persone, ci siano probabilmente <strong>milioni di lavoratori in smart working<\/strong> e questo d\u00e0 la portata del problema: una domanda di streaming che in pochi giorni \u00e8 cresciuta a dismisura e che oggi va gestita nel miglior modo possibile.<\/p>\n<h5><strong>Cresce la domanda di streaming<\/strong><\/h5>\n<p>Il CEO di Facebook Mark Zuckerberg ha dichiarato qualche giorno fa che FB e Instagram stanno registrando dei picchi di traffico impressionanti, persino superiori a quelli record che si registrano l\u2019ultimo giorno dell\u2019anno. Un trend di crescita vertiginoso che desta preoccupazione sulla capacit\u00e0 dei server dell\u2019azienda di reggere un simile traffico. Meglio quindi correre ai ripari e per questo Zuckerberg ha deciso di ridurre temporaneamente i bitrate su Facebook ed Instagram per scongiurare la potenziale congestione della rete.<\/p>\n<p>Un alert in questo senso \u00e8 arrivato qualche giorno fa anche dal <strong>commissario UE per il Mercato Interno Thierry Breton<\/strong> che ha <strong>rivolto una <\/strong><a href=\"https:\/\/twitter.com\/ThierryBreton\/status\/1240353171748331523\"><strong>richiesta alle piattaforme<\/strong><\/a><strong> di streaming<\/strong> affinch\u00e9 seguano l&#8217;esempio degli operatori telco e prendano in considerazione l&#8217;adattamento del throughput dello streaming video, ad esempio <strong>passando temporaneamente alla definizione standard (SD) anzich\u00e9 streaming in alta definizione (HD)<\/strong>, almeno per le ore di lavoro pi\u00f9 critiche e nelle aree geograficamente interessate dall\u2019emergenza. Il passaggio automatico alla definizione standard \u00e8, secondo la Commissione UE, un\u2019opzione di responsabilit\u00e0 per proteggere le infrastrutture di telecomunicazione pur continuando a proporre agli utenti il miglior servizio possibile, senza interruzioni.<\/p>\n<p>L\u2019iniziativa del commissario Breton chiama alla responsabilit\u00e0 non solo le piattaforme degli OTT ma anche gli operatori e gli utenti perch\u00e9 si possa garantire in modo proattivo il funzionamento della rete e non sia necessario porre la questione di definire delle priorit\u00e0.<\/p>\n<h5><strong>Le reti sono sotto pressione<\/strong><\/h5>\n<p>In molti paesi, dagli operatori telco ma anche dalle aziende che gestiscono i grandi data center, arriva l\u2019invito a fare un uso responsabile della rete per evitare di arrivare a situazioni di indisponibilit\u00e0. Gli stessi operatori, gi\u00e0 dai primi segnali di questa emergenza hanno avviato iniziative per rafforzare le proprie infrastrutture.<\/p>\n<p><strong>In Italia<\/strong> il Governo ha inserito all\u2019interno del <strong>decreto \u201cCura Italia<\/strong>\u201d <strong>misure speciali per gli operatori di telecomunicazioni e i service provider <\/strong>affinch\u00e8 intraprendano iniziative per potenziare le infrastrutture e garantire funzionamento delle reti, operativit\u00e0 e continuit\u00e0 dei servizi, gestione dei picchi di traffico in riferimento in particolare a smart working, e-learning ed entertainment, oltre che ai servizi tradizionali voce e dati.<\/p>\n<p><strong>In Francia<\/strong> le reti stanno tenendo bene ma ci son aspetti di criticit\u00e0 legati ai servizi. Le difficolt\u00e0 che incontra chi lavora da casa sono dovute in parte al collo di bottiglia delle LAN aziendali ma soprattutto ai criteri di priorit\u00e0 definiti dalle piattaforme: la visione di un film in streaming fatta da un altro membro della famiglia pu\u00f2 avere la priorit\u00e0 sulla videoconferenza di un lavoratore in smart working, <strong>come spiega Gr\u00e9gory Cauchie, direttore tecnico di Italtel France in questo <\/strong><a href=\"https:\/\/www.lemagit.fr\/actualites\/252480352\/Teletravail-les-reseaux-tiennent-le-coup-pas-les-services\"><strong>articolo di LeMag.it<\/strong><\/a>.<\/p>\n<p><strong>In Spagna<\/strong> il Governo ha anche firmato un <strong>accordo<\/strong> con i maggiori operatori di telecomunicazioni ed i service provider perch\u00e9 si impegnino a garantire la connettivit\u00e0 e il funzionamento delle reti, vista la situazione di sovraccarico.<\/p>\n","protected":false},"excerpt":{"rendered":"<p>Durante il lockdown le reti sono state sotto pressione. Come conseguenza dell\u2019emergenza Coronavirus e della necessit\u00e0 di restare a casa per frenare il contagio, sempre pi\u00f9 persone hanno lavorato da&nbsp;&#8230;<\/p>\n","protected":false},"author":6,"featured_media":48360,"comment_status":"closed","ping_status":"closed","sticky":false,"template":"","format":"standard","meta":{"footnotes":""},"categories":[394],"tags":[649,650,470],"class_list":["post-54863","post","type-post","status-publish","format-standard","has-post-thumbnail","hentry","category-focus-it","tag-data-traffic","tag-e-learning","tag-smart-working"],"yoast_head":"<!-- This site is optimized with the Yoast SEO plugin v27.4 - https:\/\/yoast.com\/product\/yoast-seo-wordpress\/ -->\n<title>Troppo traffico dati e video sulle reti: serve rallentare - Italtel<\/title>\n<meta name=\"robots\" content=\"index, follow, max-snippet:-1, max-image-preview:large, max-video-preview:-1\" \/>\n<link rel=\"canonical\" href=\"https:\/\/www.italtel.com\/it\/troppo-traffico-dati-e-video-sulle-reti-serve-rallentare\/\" \/>\n<meta property=\"og:locale\" content=\"it_IT\" \/>\n<meta property=\"og:type\" content=\"article\" \/>\n<meta property=\"og:title\" content=\"Troppo traffico dati e video sulle reti: serve rallentare - Italtel\" \/>\n<meta property=\"og:description\" content=\"Durante il lockdown le reti sono state sotto pressione. Come conseguenza dell\u2019emergenza Coronavirus e della necessit\u00e0 di restare a casa per frenare il contagio, sempre pi\u00f9 persone hanno lavorato da&nbsp;...\" \/>\n<meta property=\"og:url\" content=\"https:\/\/www.italtel.com\/it\/troppo-traffico-dati-e-video-sulle-reti-serve-rallentare\/\" \/>\n<meta property=\"og:site_name\" content=\"Italtel\" \/>\n<meta property=\"article:published_time\" content=\"2020-06-23T08:46:10+00:00\" \/>\n<meta property=\"og:image\" content=\"https:\/\/www.italtel.com\/wp-content\/uploads\/2024\/01\/Traffico-rete-IP-2.png\" \/>\n\t<meta property=\"og:image:width\" content=\"404\" \/>\n\t<meta property=\"og:image:height\" content=\"234\" \/>\n\t<meta property=\"og:image:type\" content=\"image\/png\" \/>\n<meta name=\"author\" content=\"Daniela Fontana\" \/>\n<meta name=\"twitter:card\" content=\"summary_large_image\" \/>\n<meta name=\"twitter:creator\" content=\"@Italtel\" \/>\n<meta name=\"twitter:site\" content=\"@Italtel\" \/>\n<meta name=\"twitter:label1\" content=\"Scritto da\" \/>\n\t<meta name=\"twitter:data1\" content=\"Daniela Fontana\" \/>\n\t<meta name=\"twitter:label2\" content=\"Tempo di lettura stimato\" \/>\n\t<meta name=\"twitter:data2\" content=\"4 minuti\" \/>\n<script type=\"application\/ld+json\" class=\"yoast-schema-graph\">{\"@context\":\"https:\\\/\\\/schema.org\",\"@graph\":[{\"@type\":\"Article\",\"@id\":\"https:\\\/\\\/www.italtel.com\\\/it\\\/troppo-traffico-dati-e-video-sulle-reti-serve-rallentare\\\/#article\",\"isPartOf\":{\"@id\":\"https:\\\/\\\/www.italtel.com\\\/it\\\/troppo-traffico-dati-e-video-sulle-reti-serve-rallentare\\\/\"},\"author\":{\"name\":\"Daniela Fontana\",\"@id\":\"https:\\\/\\\/www.italtel.com\\\/de\\\/#\\\/schema\\\/person\\\/38f315d5a978255f0cf320055bad5afe\"},\"headline\":\"Troppo traffico dati e video sulle reti: serve rallentare\",\"datePublished\":\"2020-06-23T08:46:10+00:00\",\"mainEntityOfPage\":{\"@id\":\"https:\\\/\\\/www.italtel.com\\\/it\\\/troppo-traffico-dati-e-video-sulle-reti-serve-rallentare\\\/\"},\"wordCount\":909,\"publisher\":{\"@id\":\"https:\\\/\\\/www.italtel.com\\\/de\\\/#organization\"},\"image\":{\"@id\":\"https:\\\/\\\/www.italtel.com\\\/it\\\/troppo-traffico-dati-e-video-sulle-reti-serve-rallentare\\\/#primaryimage\"},\"thumbnailUrl\":\"https:\\\/\\\/www.italtel.com\\\/wp-content\\\/uploads\\\/2024\\\/01\\\/Traffico-rete-IP-2.png\",\"keywords\":[\"data traffic\",\"e-learning\",\"Smart working\"],\"articleSection\":[\"Focus\"],\"inLanguage\":\"it-IT\"},{\"@type\":\"WebPage\",\"@id\":\"https:\\\/\\\/www.italtel.com\\\/it\\\/troppo-traffico-dati-e-video-sulle-reti-serve-rallentare\\\/\",\"url\":\"https:\\\/\\\/www.italtel.com\\\/it\\\/troppo-traffico-dati-e-video-sulle-reti-serve-rallentare\\\/\",\"name\":\"Troppo traffico dati e video sulle reti: serve rallentare - Italtel\",\"isPartOf\":{\"@id\":\"https:\\\/\\\/www.italtel.com\\\/de\\\/#website\"},\"primaryImageOfPage\":{\"@id\":\"https:\\\/\\\/www.italtel.com\\\/it\\\/troppo-traffico-dati-e-video-sulle-reti-serve-rallentare\\\/#primaryimage\"},\"image\":{\"@id\":\"https:\\\/\\\/www.italtel.com\\\/it\\\/troppo-traffico-dati-e-video-sulle-reti-serve-rallentare\\\/#primaryimage\"},\"thumbnailUrl\":\"https:\\\/\\\/www.italtel.com\\\/wp-content\\\/uploads\\\/2024\\\/01\\\/Traffico-rete-IP-2.png\",\"datePublished\":\"2020-06-23T08:46:10+00:00\",\"breadcrumb\":{\"@id\":\"https:\\\/\\\/www.italtel.com\\\/it\\\/troppo-traffico-dati-e-video-sulle-reti-serve-rallentare\\\/#breadcrumb\"},\"inLanguage\":\"it-IT\",\"potentialAction\":[{\"@type\":\"ReadAction\",\"target\":[\"https:\\\/\\\/www.italtel.com\\\/it\\\/troppo-traffico-dati-e-video-sulle-reti-serve-rallentare\\\/\"]}]},{\"@type\":\"ImageObject\",\"inLanguage\":\"it-IT\",\"@id\":\"https:\\\/\\\/www.italtel.com\\\/it\\\/troppo-traffico-dati-e-video-sulle-reti-serve-rallentare\\\/#primaryimage\",\"url\":\"https:\\\/\\\/www.italtel.com\\\/wp-content\\\/uploads\\\/2024\\\/01\\\/Traffico-rete-IP-2.png\",\"contentUrl\":\"https:\\\/\\\/www.italtel.com\\\/wp-content\\\/uploads\\\/2024\\\/01\\\/Traffico-rete-IP-2.png\",\"width\":404,\"height\":234},{\"@type\":\"BreadcrumbList\",\"@id\":\"https:\\\/\\\/www.italtel.com\\\/it\\\/troppo-traffico-dati-e-video-sulle-reti-serve-rallentare\\\/#breadcrumb\",\"itemListElement\":[{\"@type\":\"ListItem\",\"position\":1,\"name\":\"Home\",\"item\":\"https:\\\/\\\/www.italtel.com\\\/it\\\/\"},{\"@type\":\"ListItem\",\"position\":2,\"name\":\"Troppo traffico dati e video sulle reti: serve rallentare\"}]},{\"@type\":\"WebSite\",\"@id\":\"https:\\\/\\\/www.italtel.com\\\/de\\\/#website\",\"url\":\"https:\\\/\\\/www.italtel.com\\\/de\\\/\",\"name\":\"Italtel\",\"description\":\"Italtel Group&#039;s company website\",\"publisher\":{\"@id\":\"https:\\\/\\\/www.italtel.com\\\/de\\\/#organization\"},\"potentialAction\":[{\"@type\":\"SearchAction\",\"target\":{\"@type\":\"EntryPoint\",\"urlTemplate\":\"https:\\\/\\\/www.italtel.com\\\/de\\\/?s={search_term_string}\"},\"query-input\":{\"@type\":\"PropertyValueSpecification\",\"valueRequired\":true,\"valueName\":\"search_term_string\"}}],\"inLanguage\":\"it-IT\"},{\"@type\":\"Organization\",\"@id\":\"https:\\\/\\\/www.italtel.com\\\/de\\\/#organization\",\"name\":\"Italtel S.p.A.\",\"url\":\"https:\\\/\\\/www.italtel.com\\\/de\\\/\",\"logo\":{\"@type\":\"ImageObject\",\"inLanguage\":\"it-IT\",\"@id\":\"https:\\\/\\\/www.italtel.com\\\/de\\\/#\\\/schema\\\/logo\\\/image\\\/\",\"url\":\"https:\\\/\\\/www.italtel.com\\\/wp-content\\\/uploads\\\/2024\\\/11\\\/Italtel_logo.png\",\"contentUrl\":\"https:\\\/\\\/www.italtel.com\\\/wp-content\\\/uploads\\\/2024\\\/11\\\/Italtel_logo.png\",\"width\":591,\"height\":139,\"caption\":\"Italtel S.p.A.\"},\"image\":{\"@id\":\"https:\\\/\\\/www.italtel.com\\\/de\\\/#\\\/schema\\\/logo\\\/image\\\/\"},\"sameAs\":[\"https:\\\/\\\/x.com\\\/Italtel\",\"https:\\\/\\\/www.linkedin.com\\\/company\\\/italtel\\\/\",\"https:\\\/\\\/www.instagram.com\\\/italtel_hq\\\/\"]},{\"@type\":\"Person\",\"@id\":\"https:\\\/\\\/www.italtel.com\\\/de\\\/#\\\/schema\\\/person\\\/38f315d5a978255f0cf320055bad5afe\",\"name\":\"Daniela Fontana\",\"image\":{\"@type\":\"ImageObject\",\"inLanguage\":\"it-IT\",\"@id\":\"https:\\\/\\\/secure.gravatar.com\\\/avatar\\\/834a03b0c73144a8ca36e17dc365b3fbadb34c9e44399b609a00f2231e694f6a?s=96&d=mm&r=g\",\"url\":\"https:\\\/\\\/secure.gravatar.com\\\/avatar\\\/834a03b0c73144a8ca36e17dc365b3fbadb34c9e44399b609a00f2231e694f6a?s=96&d=mm&r=g\",\"contentUrl\":\"https:\\\/\\\/secure.gravatar.com\\\/avatar\\\/834a03b0c73144a8ca36e17dc365b3fbadb34c9e44399b609a00f2231e694f6a?s=96&d=mm&r=g\",\"caption\":\"Daniela Fontana\"}}]}<\/script>\n<!-- \/ Yoast SEO plugin. -->","yoast_head_json":{"title":"Troppo traffico dati e video sulle reti: serve rallentare - Italtel","robots":{"index":"index","follow":"follow","max-snippet":"max-snippet:-1","max-image-preview":"max-image-preview:large","max-video-preview":"max-video-preview:-1"},"canonical":"https:\/\/www.italtel.com\/it\/troppo-traffico-dati-e-video-sulle-reti-serve-rallentare\/","og_locale":"it_IT","og_type":"article","og_title":"Troppo traffico dati e video sulle reti: serve rallentare - Italtel","og_description":"Durante il lockdown le reti sono state sotto pressione. Come conseguenza dell\u2019emergenza Coronavirus e della necessit\u00e0 di restare a casa per frenare il contagio, sempre pi\u00f9 persone hanno lavorato da&nbsp;...","og_url":"https:\/\/www.italtel.com\/it\/troppo-traffico-dati-e-video-sulle-reti-serve-rallentare\/","og_site_name":"Italtel","article_published_time":"2020-06-23T08:46:10+00:00","og_image":[{"width":404,"height":234,"url":"https:\/\/www.italtel.com\/wp-content\/uploads\/2024\/01\/Traffico-rete-IP-2.png","type":"image\/png"}],"author":"Daniela Fontana","twitter_card":"summary_large_image","twitter_creator":"@Italtel","twitter_site":"@Italtel","twitter_misc":{"Scritto da":"Daniela Fontana","Tempo di lettura stimato":"4 minuti"},"schema":{"@context":"https:\/\/schema.org","@graph":[{"@type":"Article","@id":"https:\/\/www.italtel.com\/it\/troppo-traffico-dati-e-video-sulle-reti-serve-rallentare\/#article","isPartOf":{"@id":"https:\/\/www.italtel.com\/it\/troppo-traffico-dati-e-video-sulle-reti-serve-rallentare\/"},"author":{"name":"Daniela Fontana","@id":"https:\/\/www.italtel.com\/de\/#\/schema\/person\/38f315d5a978255f0cf320055bad5afe"},"headline":"Troppo traffico dati e video sulle reti: serve rallentare","datePublished":"2020-06-23T08:46:10+00:00","mainEntityOfPage":{"@id":"https:\/\/www.italtel.com\/it\/troppo-traffico-dati-e-video-sulle-reti-serve-rallentare\/"},"wordCount":909,"publisher":{"@id":"https:\/\/www.italtel.com\/de\/#organization"},"image":{"@id":"https:\/\/www.italtel.com\/it\/troppo-traffico-dati-e-video-sulle-reti-serve-rallentare\/#primaryimage"},"thumbnailUrl":"https:\/\/www.italtel.com\/wp-content\/uploads\/2024\/01\/Traffico-rete-IP-2.png","keywords":["data traffic","e-learning","Smart working"],"articleSection":["Focus"],"inLanguage":"it-IT"},{"@type":"WebPage","@id":"https:\/\/www.italtel.com\/it\/troppo-traffico-dati-e-video-sulle-reti-serve-rallentare\/","url":"https:\/\/www.italtel.com\/it\/troppo-traffico-dati-e-video-sulle-reti-serve-rallentare\/","name":"Troppo traffico dati e video sulle reti: serve rallentare - Italtel","isPartOf":{"@id":"https:\/\/www.italtel.com\/de\/#website"},"primaryImageOfPage":{"@id":"https:\/\/www.italtel.com\/it\/troppo-traffico-dati-e-video-sulle-reti-serve-rallentare\/#primaryimage"},"image":{"@id":"https:\/\/www.italtel.com\/it\/troppo-traffico-dati-e-video-sulle-reti-serve-rallentare\/#primaryimage"},"thumbnailUrl":"https:\/\/www.italtel.com\/wp-content\/uploads\/2024\/01\/Traffico-rete-IP-2.png","datePublished":"2020-06-23T08:46:10+00:00","breadcrumb":{"@id":"https:\/\/www.italtel.com\/it\/troppo-traffico-dati-e-video-sulle-reti-serve-rallentare\/#breadcrumb"},"inLanguage":"it-IT","potentialAction":[{"@type":"ReadAction","target":["https:\/\/www.italtel.com\/it\/troppo-traffico-dati-e-video-sulle-reti-serve-rallentare\/"]}]},{"@type":"ImageObject","inLanguage":"it-IT","@id":"https:\/\/www.italtel.com\/it\/troppo-traffico-dati-e-video-sulle-reti-serve-rallentare\/#primaryimage","url":"https:\/\/www.italtel.com\/wp-content\/uploads\/2024\/01\/Traffico-rete-IP-2.png","contentUrl":"https:\/\/www.italtel.com\/wp-content\/uploads\/2024\/01\/Traffico-rete-IP-2.png","width":404,"height":234},{"@type":"BreadcrumbList","@id":"https:\/\/www.italtel.com\/it\/troppo-traffico-dati-e-video-sulle-reti-serve-rallentare\/#breadcrumb","itemListElement":[{"@type":"ListItem","position":1,"name":"Home","item":"https:\/\/www.italtel.com\/it\/"},{"@type":"ListItem","position":2,"name":"Troppo traffico dati e video sulle reti: serve rallentare"}]},{"@type":"WebSite","@id":"https:\/\/www.italtel.com\/de\/#website","url":"https:\/\/www.italtel.com\/de\/","name":"Italtel","description":"Italtel Group&#039;s company website","publisher":{"@id":"https:\/\/www.italtel.com\/de\/#organization"},"potentialAction":[{"@type":"SearchAction","target":{"@type":"EntryPoint","urlTemplate":"https:\/\/www.italtel.com\/de\/?s={search_term_string}"},"query-input":{"@type":"PropertyValueSpecification","valueRequired":true,"valueName":"search_term_string"}}],"inLanguage":"it-IT"},{"@type":"Organization","@id":"https:\/\/www.italtel.com\/de\/#organization","name":"Italtel S.p.A.","url":"https:\/\/www.italtel.com\/de\/","logo":{"@type":"ImageObject","inLanguage":"it-IT","@id":"https:\/\/www.italtel.com\/de\/#\/schema\/logo\/image\/","url":"https:\/\/www.italtel.com\/wp-content\/uploads\/2024\/11\/Italtel_logo.png","contentUrl":"https:\/\/www.italtel.com\/wp-content\/uploads\/2024\/11\/Italtel_logo.png","width":591,"height":139,"caption":"Italtel S.p.A."},"image":{"@id":"https:\/\/www.italtel.com\/de\/#\/schema\/logo\/image\/"},"sameAs":["https:\/\/x.com\/Italtel","https:\/\/www.linkedin.com\/company\/italtel\/","https:\/\/www.instagram.com\/italtel_hq\/"]},{"@type":"Person","@id":"https:\/\/www.italtel.com\/de\/#\/schema\/person\/38f315d5a978255f0cf320055bad5afe","name":"Daniela Fontana","image":{"@type":"ImageObject","inLanguage":"it-IT","@id":"https:\/\/secure.gravatar.com\/avatar\/834a03b0c73144a8ca36e17dc365b3fbadb34c9e44399b609a00f2231e694f6a?s=96&d=mm&r=g","url":"https:\/\/secure.gravatar.com\/avatar\/834a03b0c73144a8ca36e17dc365b3fbadb34c9e44399b609a00f2231e694f6a?s=96&d=mm&r=g","contentUrl":"https:\/\/secure.gravatar.com\/avatar\/834a03b0c73144a8ca36e17dc365b3fbadb34c9e44399b609a00f2231e694f6a?s=96&d=mm&r=g","caption":"Daniela Fontana"}}]}},"_links":{"self":[{"href":"https:\/\/www.italtel.com\/it\/wp-json\/wp\/v2\/posts\/54863","targetHints":{"allow":["GET"]}}],"collection":[{"href":"https:\/\/www.italtel.com\/it\/wp-json\/wp\/v2\/posts"}],"about":[{"href":"https:\/\/www.italtel.com\/it\/wp-json\/wp\/v2\/types\/post"}],"author":[{"embeddable":true,"href":"https:\/\/www.italtel.com\/it\/wp-json\/wp\/v2\/users\/6"}],"replies":[{"embeddable":true,"href":"https:\/\/www.italtel.com\/it\/wp-json\/wp\/v2\/comments?post=54863"}],"version-history":[{"count":0,"href":"https:\/\/www.italtel.com\/it\/wp-json\/wp\/v2\/posts\/54863\/revisions"}],"wp:featuredmedia":[{"embeddable":true,"href":"https:\/\/www.italtel.com\/it\/wp-json\/wp\/v2\/media\/48360"}],"wp:attachment":[{"href":"https:\/\/www.italtel.com\/it\/wp-json\/wp\/v2\/media?parent=54863"}],"wp:term":[{"taxonomy":"category","embeddable":true,"href":"https:\/\/www.italtel.com\/it\/wp-json\/wp\/v2\/categories?post=54863"},{"taxonomy":"post_tag","embeddable":true,"href":"https:\/\/www.italtel.com\/it\/wp-json\/wp\/v2\/tags?post=54863"}],"curies":[{"name":"wp","href":"https:\/\/api.w.org\/{rel}","templated":true}]}}