{"id":54883,"date":"2020-04-27T10:56:43","date_gmt":"2020-04-27T08:56:43","guid":{"rendered":"https:\/\/www.italtel.com\/le-reti-fattore-vincente-per-gestire-loggi-e-il-domani\/"},"modified":"2020-04-27T10:56:43","modified_gmt":"2020-04-27T08:56:43","slug":"le-reti-fattore-vincente-per-gestire-loggi-e-il-domani","status":"publish","type":"post","link":"https:\/\/www.italtel.com\/it\/le-reti-fattore-vincente-per-gestire-loggi-e-il-domani\/","title":{"rendered":"Le reti: fattore vincente per gestire l\u2019oggi e il domani"},"content":{"rendered":"<p>La partecipazione alla Giornata Marconi 2020, il convegno organizzato ogni anno dalla Fondazione Guglielmo Marconi che quest\u2019anno si \u00e8 svolto sabato 25 aprile solamente in forma on line, \u00e8 stata l\u2019occasione per fare una riflessione sul ruolo fondamentale delle reti di comunicazione per gestire le situazioni di crisi come l\u2019attuale e per sostenere la ripresa successiva.<\/p>\n<p>La tenuta delle reti di telecomunicazioni in questo periodo di emergenza dovuta al virus \u00e8 stato infatti un elemento essenziale per dare continuit\u00e0 a molte attivit\u00e0 lavorative e didattiche.<\/p>\n<p>L\u2019uso di massa dello smart working e della scuola a distanza sono entrati con molto rilievo nostre vite e ci hanno forzato a riconoscerne l\u2019importanza e a valutarne, per le successive fasi di ripresa, un ruolo primario. Analogamente abbiamo incrementato, necessariamente, l\u2019uso del commercio elettronico, mettendo sotto pressione l\u2019organizzazione logistica per il recapito di pacchi fino alle abitazioni, l\u2019uso dell\u2019intrattenimento, ossia film e altri contenuti, in rete (streaming) e infine i nostri ragazzi hanno fatto uso pi\u00f9 che doppio del gioco in rete (gaming on line).<\/p>\n<p>Abbiamo invece sentito la grande mancanza di piattaforme e di organizzazioni territoriale di Telemedicina. E\u2019 stato il grande assente che avrebbe contribuito a decongestionare gli ospedali e mantenere nel contempo l\u2019assistenza e monitoraggio a livelli elevati evitando di diffondere un senso di abbandono che a volte ha permeato parte della nostra popolazione che \u00e8 stata contagiata dal virus nelle forme pi\u00f9 lievi.<\/p>\n<p>Abbiamo ancora una vota toccato con mano quanto siano cruciali le infrastrutture di Telecomunicazioni e quanto sia importante proseguire e accelerare il progetto BUL alla luce del nuovo scenario del paese in piena paralisi sanitaria, abbiamo ancora pi\u00f9 certezze sulla necessit\u00e0 di aggiornare e diffondere le reti mobili con le tecnologie 5G.<\/p>\n<p>Abbiamo notato come l\u2019Autorit\u00e0 delle Comunicazioni e Media (Agcom) si sia messa al servizio dei cittadini andando ad attenuare le regole a beneficio di un\u2019adozione dei servizi di connettivit\u00e0 pi\u00f9 capillare e veloce. Questo ci deve far riflettere sul fatto che a volte, nella nostra Europa, la \u201cover regulation\u201d \u00e8 qualcosa che frena invece che stimolare.<\/p>\n<p>Le strategie per la ripresa fanno tutte perno sul ruolo delle tecnologie e delle infrastrutture di Telecomunicazioni e Internet.<\/p>\n","protected":false},"excerpt":{"rendered":"<p>La partecipazione alla Giornata Marconi 2020, il convegno organizzato ogni anno dalla Fondazione Guglielmo Marconi che quest\u2019anno si \u00e8 svolto sabato 25 aprile solamente in forma on line, \u00e8 stata&nbsp;&#8230;<\/p>\n","protected":false},"author":6,"featured_media":48405,"comment_status":"closed","ping_status":"closed","sticky":false,"template":"","format":"standard","meta":{"footnotes":""},"categories":[394],"tags":[],"class_list":["post-54883","post","type-post","status-publish","format-standard","has-post-thumbnail","hentry","category-focus-it"],"yoast_head":"<!-- This site is optimized with the Yoast SEO plugin v27.4 - https:\/\/yoast.com\/product\/yoast-seo-wordpress\/ -->\n<title>Le reti: fattore vincente per gestire l\u2019oggi e il domani - Italtel<\/title>\n<meta name=\"robots\" content=\"index, follow, max-snippet:-1, max-image-preview:large, max-video-preview:-1\" \/>\n<link rel=\"canonical\" href=\"https:\/\/www.italtel.com\/it\/le-reti-fattore-vincente-per-gestire-loggi-e-il-domani\/\" \/>\n<meta property=\"og:locale\" content=\"it_IT\" \/>\n<meta property=\"og:type\" content=\"article\" \/>\n<meta property=\"og:title\" content=\"Le reti: fattore vincente per gestire l\u2019oggi e il domani - Italtel\" \/>\n<meta property=\"og:description\" content=\"La partecipazione alla Giornata Marconi 2020, il convegno organizzato ogni anno dalla Fondazione Guglielmo Marconi che quest\u2019anno si \u00e8 svolto sabato 25 aprile solamente in forma on line, \u00e8 stata&nbsp;...\" \/>\n<meta property=\"og:url\" content=\"https:\/\/www.italtel.com\/it\/le-reti-fattore-vincente-per-gestire-loggi-e-il-domani\/\" \/>\n<meta property=\"og:site_name\" content=\"Italtel\" \/>\n<meta property=\"article:published_time\" content=\"2020-04-27T08:56:43+00:00\" \/>\n<meta property=\"og:image\" content=\"https:\/\/www.italtel.com\/wp-content\/uploads\/2024\/01\/network-3152677_1920.jpg\" \/>\n\t<meta property=\"og:image:width\" content=\"1920\" \/>\n\t<meta property=\"og:image:height\" content=\"1280\" \/>\n\t<meta property=\"og:image:type\" content=\"image\/jpeg\" \/>\n<meta name=\"author\" content=\"Daniela Fontana\" \/>\n<meta name=\"twitter:card\" content=\"summary_large_image\" \/>\n<meta name=\"twitter:creator\" content=\"@Italtel\" \/>\n<meta name=\"twitter:site\" content=\"@Italtel\" \/>\n<meta name=\"twitter:label1\" content=\"Scritto da\" \/>\n\t<meta name=\"twitter:data1\" content=\"Daniela Fontana\" \/>\n\t<meta name=\"twitter:label2\" content=\"Tempo di lettura stimato\" \/>\n\t<meta name=\"twitter:data2\" content=\"2 minuti\" \/>\n<script type=\"application\/ld+json\" class=\"yoast-schema-graph\">{\"@context\":\"https:\\\/\\\/schema.org\",\"@graph\":[{\"@type\":\"Article\",\"@id\":\"https:\\\/\\\/www.italtel.com\\\/it\\\/le-reti-fattore-vincente-per-gestire-loggi-e-il-domani\\\/#article\",\"isPartOf\":{\"@id\":\"https:\\\/\\\/www.italtel.com\\\/it\\\/le-reti-fattore-vincente-per-gestire-loggi-e-il-domani\\\/\"},\"author\":{\"name\":\"Daniela Fontana\",\"@id\":\"https:\\\/\\\/www.italtel.com\\\/de\\\/#\\\/schema\\\/person\\\/38f315d5a978255f0cf320055bad5afe\"},\"headline\":\"Le reti: fattore vincente per gestire l\u2019oggi e il domani\",\"datePublished\":\"2020-04-27T08:56:43+00:00\",\"mainEntityOfPage\":{\"@id\":\"https:\\\/\\\/www.italtel.com\\\/it\\\/le-reti-fattore-vincente-per-gestire-loggi-e-il-domani\\\/\"},\"wordCount\":376,\"publisher\":{\"@id\":\"https:\\\/\\\/www.italtel.com\\\/de\\\/#organization\"},\"image\":{\"@id\":\"https:\\\/\\\/www.italtel.com\\\/it\\\/le-reti-fattore-vincente-per-gestire-loggi-e-il-domani\\\/#primaryimage\"},\"thumbnailUrl\":\"https:\\\/\\\/www.italtel.com\\\/wp-content\\\/uploads\\\/2024\\\/01\\\/network-3152677_1920.jpg\",\"articleSection\":[\"Focus\"],\"inLanguage\":\"it-IT\"},{\"@type\":\"WebPage\",\"@id\":\"https:\\\/\\\/www.italtel.com\\\/it\\\/le-reti-fattore-vincente-per-gestire-loggi-e-il-domani\\\/\",\"url\":\"https:\\\/\\\/www.italtel.com\\\/it\\\/le-reti-fattore-vincente-per-gestire-loggi-e-il-domani\\\/\",\"name\":\"Le reti: fattore vincente per gestire l\u2019oggi e il domani - Italtel\",\"isPartOf\":{\"@id\":\"https:\\\/\\\/www.italtel.com\\\/de\\\/#website\"},\"primaryImageOfPage\":{\"@id\":\"https:\\\/\\\/www.italtel.com\\\/it\\\/le-reti-fattore-vincente-per-gestire-loggi-e-il-domani\\\/#primaryimage\"},\"image\":{\"@id\":\"https:\\\/\\\/www.italtel.com\\\/it\\\/le-reti-fattore-vincente-per-gestire-loggi-e-il-domani\\\/#primaryimage\"},\"thumbnailUrl\":\"https:\\\/\\\/www.italtel.com\\\/wp-content\\\/uploads\\\/2024\\\/01\\\/network-3152677_1920.jpg\",\"datePublished\":\"2020-04-27T08:56:43+00:00\",\"breadcrumb\":{\"@id\":\"https:\\\/\\\/www.italtel.com\\\/it\\\/le-reti-fattore-vincente-per-gestire-loggi-e-il-domani\\\/#breadcrumb\"},\"inLanguage\":\"it-IT\",\"potentialAction\":[{\"@type\":\"ReadAction\",\"target\":[\"https:\\\/\\\/www.italtel.com\\\/it\\\/le-reti-fattore-vincente-per-gestire-loggi-e-il-domani\\\/\"]}]},{\"@type\":\"ImageObject\",\"inLanguage\":\"it-IT\",\"@id\":\"https:\\\/\\\/www.italtel.com\\\/it\\\/le-reti-fattore-vincente-per-gestire-loggi-e-il-domani\\\/#primaryimage\",\"url\":\"https:\\\/\\\/www.italtel.com\\\/wp-content\\\/uploads\\\/2024\\\/01\\\/network-3152677_1920.jpg\",\"contentUrl\":\"https:\\\/\\\/www.italtel.com\\\/wp-content\\\/uploads\\\/2024\\\/01\\\/network-3152677_1920.jpg\",\"width\":1920,\"height\":1280},{\"@type\":\"BreadcrumbList\",\"@id\":\"https:\\\/\\\/www.italtel.com\\\/it\\\/le-reti-fattore-vincente-per-gestire-loggi-e-il-domani\\\/#breadcrumb\",\"itemListElement\":[{\"@type\":\"ListItem\",\"position\":1,\"name\":\"Home\",\"item\":\"https:\\\/\\\/www.italtel.com\\\/it\\\/\"},{\"@type\":\"ListItem\",\"position\":2,\"name\":\"Le reti: fattore vincente per gestire l\u2019oggi e il domani\"}]},{\"@type\":\"WebSite\",\"@id\":\"https:\\\/\\\/www.italtel.com\\\/de\\\/#website\",\"url\":\"https:\\\/\\\/www.italtel.com\\\/de\\\/\",\"name\":\"Italtel\",\"description\":\"Italtel Group&#039;s company website\",\"publisher\":{\"@id\":\"https:\\\/\\\/www.italtel.com\\\/de\\\/#organization\"},\"potentialAction\":[{\"@type\":\"SearchAction\",\"target\":{\"@type\":\"EntryPoint\",\"urlTemplate\":\"https:\\\/\\\/www.italtel.com\\\/de\\\/?s={search_term_string}\"},\"query-input\":{\"@type\":\"PropertyValueSpecification\",\"valueRequired\":true,\"valueName\":\"search_term_string\"}}],\"inLanguage\":\"it-IT\"},{\"@type\":\"Organization\",\"@id\":\"https:\\\/\\\/www.italtel.com\\\/de\\\/#organization\",\"name\":\"Italtel S.p.A.\",\"url\":\"https:\\\/\\\/www.italtel.com\\\/de\\\/\",\"logo\":{\"@type\":\"ImageObject\",\"inLanguage\":\"it-IT\",\"@id\":\"https:\\\/\\\/www.italtel.com\\\/de\\\/#\\\/schema\\\/logo\\\/image\\\/\",\"url\":\"https:\\\/\\\/www.italtel.com\\\/wp-content\\\/uploads\\\/2024\\\/11\\\/Italtel_logo.png\",\"contentUrl\":\"https:\\\/\\\/www.italtel.com\\\/wp-content\\\/uploads\\\/2024\\\/11\\\/Italtel_logo.png\",\"width\":591,\"height\":139,\"caption\":\"Italtel S.p.A.\"},\"image\":{\"@id\":\"https:\\\/\\\/www.italtel.com\\\/de\\\/#\\\/schema\\\/logo\\\/image\\\/\"},\"sameAs\":[\"https:\\\/\\\/x.com\\\/Italtel\",\"https:\\\/\\\/www.linkedin.com\\\/company\\\/italtel\\\/\",\"https:\\\/\\\/www.instagram.com\\\/italtel_hq\\\/\"]},{\"@type\":\"Person\",\"@id\":\"https:\\\/\\\/www.italtel.com\\\/de\\\/#\\\/schema\\\/person\\\/38f315d5a978255f0cf320055bad5afe\",\"name\":\"Daniela Fontana\",\"image\":{\"@type\":\"ImageObject\",\"inLanguage\":\"it-IT\",\"@id\":\"https:\\\/\\\/secure.gravatar.com\\\/avatar\\\/834a03b0c73144a8ca36e17dc365b3fbadb34c9e44399b609a00f2231e694f6a?s=96&d=mm&r=g\",\"url\":\"https:\\\/\\\/secure.gravatar.com\\\/avatar\\\/834a03b0c73144a8ca36e17dc365b3fbadb34c9e44399b609a00f2231e694f6a?s=96&d=mm&r=g\",\"contentUrl\":\"https:\\\/\\\/secure.gravatar.com\\\/avatar\\\/834a03b0c73144a8ca36e17dc365b3fbadb34c9e44399b609a00f2231e694f6a?s=96&d=mm&r=g\",\"caption\":\"Daniela Fontana\"}}]}<\/script>\n<!-- \/ Yoast SEO plugin. -->","yoast_head_json":{"title":"Le reti: fattore vincente per gestire l\u2019oggi e il domani - Italtel","robots":{"index":"index","follow":"follow","max-snippet":"max-snippet:-1","max-image-preview":"max-image-preview:large","max-video-preview":"max-video-preview:-1"},"canonical":"https:\/\/www.italtel.com\/it\/le-reti-fattore-vincente-per-gestire-loggi-e-il-domani\/","og_locale":"it_IT","og_type":"article","og_title":"Le reti: fattore vincente per gestire l\u2019oggi e il domani - Italtel","og_description":"La partecipazione alla Giornata Marconi 2020, il convegno organizzato ogni anno dalla Fondazione Guglielmo Marconi che quest\u2019anno si \u00e8 svolto sabato 25 aprile solamente in forma on line, \u00e8 stata&nbsp;...","og_url":"https:\/\/www.italtel.com\/it\/le-reti-fattore-vincente-per-gestire-loggi-e-il-domani\/","og_site_name":"Italtel","article_published_time":"2020-04-27T08:56:43+00:00","og_image":[{"width":1920,"height":1280,"url":"https:\/\/www.italtel.com\/wp-content\/uploads\/2024\/01\/network-3152677_1920.jpg","type":"image\/jpeg"}],"author":"Daniela Fontana","twitter_card":"summary_large_image","twitter_creator":"@Italtel","twitter_site":"@Italtel","twitter_misc":{"Scritto da":"Daniela Fontana","Tempo di lettura stimato":"2 minuti"},"schema":{"@context":"https:\/\/schema.org","@graph":[{"@type":"Article","@id":"https:\/\/www.italtel.com\/it\/le-reti-fattore-vincente-per-gestire-loggi-e-il-domani\/#article","isPartOf":{"@id":"https:\/\/www.italtel.com\/it\/le-reti-fattore-vincente-per-gestire-loggi-e-il-domani\/"},"author":{"name":"Daniela Fontana","@id":"https:\/\/www.italtel.com\/de\/#\/schema\/person\/38f315d5a978255f0cf320055bad5afe"},"headline":"Le reti: fattore vincente per gestire l\u2019oggi e il domani","datePublished":"2020-04-27T08:56:43+00:00","mainEntityOfPage":{"@id":"https:\/\/www.italtel.com\/it\/le-reti-fattore-vincente-per-gestire-loggi-e-il-domani\/"},"wordCount":376,"publisher":{"@id":"https:\/\/www.italtel.com\/de\/#organization"},"image":{"@id":"https:\/\/www.italtel.com\/it\/le-reti-fattore-vincente-per-gestire-loggi-e-il-domani\/#primaryimage"},"thumbnailUrl":"https:\/\/www.italtel.com\/wp-content\/uploads\/2024\/01\/network-3152677_1920.jpg","articleSection":["Focus"],"inLanguage":"it-IT"},{"@type":"WebPage","@id":"https:\/\/www.italtel.com\/it\/le-reti-fattore-vincente-per-gestire-loggi-e-il-domani\/","url":"https:\/\/www.italtel.com\/it\/le-reti-fattore-vincente-per-gestire-loggi-e-il-domani\/","name":"Le reti: fattore vincente per gestire l\u2019oggi e il domani - Italtel","isPartOf":{"@id":"https:\/\/www.italtel.com\/de\/#website"},"primaryImageOfPage":{"@id":"https:\/\/www.italtel.com\/it\/le-reti-fattore-vincente-per-gestire-loggi-e-il-domani\/#primaryimage"},"image":{"@id":"https:\/\/www.italtel.com\/it\/le-reti-fattore-vincente-per-gestire-loggi-e-il-domani\/#primaryimage"},"thumbnailUrl":"https:\/\/www.italtel.com\/wp-content\/uploads\/2024\/01\/network-3152677_1920.jpg","datePublished":"2020-04-27T08:56:43+00:00","breadcrumb":{"@id":"https:\/\/www.italtel.com\/it\/le-reti-fattore-vincente-per-gestire-loggi-e-il-domani\/#breadcrumb"},"inLanguage":"it-IT","potentialAction":[{"@type":"ReadAction","target":["https:\/\/www.italtel.com\/it\/le-reti-fattore-vincente-per-gestire-loggi-e-il-domani\/"]}]},{"@type":"ImageObject","inLanguage":"it-IT","@id":"https:\/\/www.italtel.com\/it\/le-reti-fattore-vincente-per-gestire-loggi-e-il-domani\/#primaryimage","url":"https:\/\/www.italtel.com\/wp-content\/uploads\/2024\/01\/network-3152677_1920.jpg","contentUrl":"https:\/\/www.italtel.com\/wp-content\/uploads\/2024\/01\/network-3152677_1920.jpg","width":1920,"height":1280},{"@type":"BreadcrumbList","@id":"https:\/\/www.italtel.com\/it\/le-reti-fattore-vincente-per-gestire-loggi-e-il-domani\/#breadcrumb","itemListElement":[{"@type":"ListItem","position":1,"name":"Home","item":"https:\/\/www.italtel.com\/it\/"},{"@type":"ListItem","position":2,"name":"Le reti: fattore vincente per gestire l\u2019oggi e il domani"}]},{"@type":"WebSite","@id":"https:\/\/www.italtel.com\/de\/#website","url":"https:\/\/www.italtel.com\/de\/","name":"Italtel","description":"Italtel Group&#039;s company website","publisher":{"@id":"https:\/\/www.italtel.com\/de\/#organization"},"potentialAction":[{"@type":"SearchAction","target":{"@type":"EntryPoint","urlTemplate":"https:\/\/www.italtel.com\/de\/?s={search_term_string}"},"query-input":{"@type":"PropertyValueSpecification","valueRequired":true,"valueName":"search_term_string"}}],"inLanguage":"it-IT"},{"@type":"Organization","@id":"https:\/\/www.italtel.com\/de\/#organization","name":"Italtel S.p.A.","url":"https:\/\/www.italtel.com\/de\/","logo":{"@type":"ImageObject","inLanguage":"it-IT","@id":"https:\/\/www.italtel.com\/de\/#\/schema\/logo\/image\/","url":"https:\/\/www.italtel.com\/wp-content\/uploads\/2024\/11\/Italtel_logo.png","contentUrl":"https:\/\/www.italtel.com\/wp-content\/uploads\/2024\/11\/Italtel_logo.png","width":591,"height":139,"caption":"Italtel S.p.A."},"image":{"@id":"https:\/\/www.italtel.com\/de\/#\/schema\/logo\/image\/"},"sameAs":["https:\/\/x.com\/Italtel","https:\/\/www.linkedin.com\/company\/italtel\/","https:\/\/www.instagram.com\/italtel_hq\/"]},{"@type":"Person","@id":"https:\/\/www.italtel.com\/de\/#\/schema\/person\/38f315d5a978255f0cf320055bad5afe","name":"Daniela Fontana","image":{"@type":"ImageObject","inLanguage":"it-IT","@id":"https:\/\/secure.gravatar.com\/avatar\/834a03b0c73144a8ca36e17dc365b3fbadb34c9e44399b609a00f2231e694f6a?s=96&d=mm&r=g","url":"https:\/\/secure.gravatar.com\/avatar\/834a03b0c73144a8ca36e17dc365b3fbadb34c9e44399b609a00f2231e694f6a?s=96&d=mm&r=g","contentUrl":"https:\/\/secure.gravatar.com\/avatar\/834a03b0c73144a8ca36e17dc365b3fbadb34c9e44399b609a00f2231e694f6a?s=96&d=mm&r=g","caption":"Daniela Fontana"}}]}},"_links":{"self":[{"href":"https:\/\/www.italtel.com\/it\/wp-json\/wp\/v2\/posts\/54883","targetHints":{"allow":["GET"]}}],"collection":[{"href":"https:\/\/www.italtel.com\/it\/wp-json\/wp\/v2\/posts"}],"about":[{"href":"https:\/\/www.italtel.com\/it\/wp-json\/wp\/v2\/types\/post"}],"author":[{"embeddable":true,"href":"https:\/\/www.italtel.com\/it\/wp-json\/wp\/v2\/users\/6"}],"replies":[{"embeddable":true,"href":"https:\/\/www.italtel.com\/it\/wp-json\/wp\/v2\/comments?post=54883"}],"version-history":[{"count":0,"href":"https:\/\/www.italtel.com\/it\/wp-json\/wp\/v2\/posts\/54883\/revisions"}],"wp:featuredmedia":[{"embeddable":true,"href":"https:\/\/www.italtel.com\/it\/wp-json\/wp\/v2\/media\/48405"}],"wp:attachment":[{"href":"https:\/\/www.italtel.com\/it\/wp-json\/wp\/v2\/media?parent=54883"}],"wp:term":[{"taxonomy":"category","embeddable":true,"href":"https:\/\/www.italtel.com\/it\/wp-json\/wp\/v2\/categories?post=54883"},{"taxonomy":"post_tag","embeddable":true,"href":"https:\/\/www.italtel.com\/it\/wp-json\/wp\/v2\/tags?post=54883"}],"curies":[{"name":"wp","href":"https:\/\/api.w.org\/{rel}","templated":true}]}}