{"id":54890,"date":"2020-04-06T12:10:04","date_gmt":"2020-04-06T10:10:04","guid":{"rendered":"https:\/\/www.italtel.com\/emergenza-coronavirus-anche-italtel-nel-team-che-realizza-lospedale-fiera-milano\/"},"modified":"2020-04-06T12:10:04","modified_gmt":"2020-04-06T10:10:04","slug":"emergenza-coronavirus-anche-italtel-nel-team-che-realizza-lospedale-fiera-milano","status":"publish","type":"post","link":"https:\/\/www.italtel.com\/it\/emergenza-coronavirus-anche-italtel-nel-team-che-realizza-lospedale-fiera-milano\/","title":{"rendered":"Emergenza coronavirus: anche Italtel nel team che realizza l\u2019Ospedale Fiera Milano"},"content":{"rendered":"<p>Non un ospedale da campo ma un vero e proprio ospedale specialistico: la nuova struttura realizzata presso 2 padiglioni della Fiera di Milano e inaugurata il 31 marzo \u00e8 nata fin da subito con l\u2019intenzione di essere un presidio dotato di ambienti, strutture, attrezzature e assistenza ottimali.<\/p>\n<p>Per realizzarla, in una corsa contro il tempo durata meno di 10 giorni, la Regione Lombardia ha coinvolto il Policlinico di Milano, che a sua volta ha radunato un team di aziende, ciascuna con specifiche competenze tecnologiche ICT applicabili all\u2019ambito sanitario. Le aziende del team, e tra queste <strong>Italtel<\/strong>, hanno risposto con slancio e messo a disposizione liberamente le proprie competenze, i propri prodotti, le proprie capacit\u00e0.<\/p>\n<p>Italtel collabora da anni con il Policlinico di Milano e con la Fondazione Ospedale Maggiore e ha realizzato progetti di potenziamento e ammodernamento delle infrastrutture di comunicazione di numerose strutture sanitarie lombarde. Per questo nuovo progetto \u00e8 stata chiamata a collaborare sugli <strong>aspetti infrastrutturali e di networking<\/strong>.<\/p>\n<p>Il nuovo ospedale \u00e8 a tutti gli effetti una sorta di nuovo padiglione distaccato del Policlinico. A fine lavori potr\u00e0 essere dotato di 208 posti di terapia intensiva suddivisi in 28 moduli, ciascuno da 7-8 letti, oltre a 14 blocchi di servizio riservati alle apparecchiature e al personale medico e paramedico.<\/p>\n<p>Si \u00e8 reso necessario non solo realizzare l\u2019infrastruttura di rete del nuovo ospedale, efficiente e ridondata, su cui poggiare applicazioni, apparecchiature, servizi sanitari come le cartelle cliniche e i sistemi di comunicazione e di monitoraggio. Ma si \u00e8 anche proceduto a progettare il collegamento in sicurezza all\u2019infrastruttura esistente del Policlinico per la trasmissione e condivisione di informazioni, servizi, applicazioni.<\/p>\n<p>Per Italtel, l\u2019esperienza maturata sul campo nella realizzazione delle infrastrutture di tanti ospedali o nella progettazione di infrastrutture complesse in condizioni di urgenza e criticit\u00e0 (come Expo 2015, o il G7 di Taormina), \u00e8 stata preziosa. Con i nostri team di ingegneria e di servizi professionali abbiamo agito con rapidit\u00e0 ed efficienza per progettare la nuova infrastruttura per renderla attiva nel minor tempo possibile, superando le difficolt\u00e0 legate all\u2019agire in emergenza.<\/p>\n<p>\u201c<em>Insieme ad altre aziende che fanno parte del team di lavoro, ognuna dedicata a un aspetto del complesso progetto<\/em><em> utile per dar vita a un ospedale in tempi record, anche Italtel ha ritenuto doveroso donare la propria prestazione a titolo gratuito come contributo per la collettivit\u00e0 e senso di responsabilit\u00e0 sociale in questo momento di emergenza per il Paese<\/em>, ha commentato <strong>Giovanni Salerno<\/strong>, responsabile Public Sector di Italtel. <em>Un ringraziamento particolare va a tutte le nostre persone coinvolte, circa una decina, che hanno dimostrato grande professionalit\u00e0 e dedizione su un progetto tanto importante\u201d<\/em>.<\/p>\n<p>&nbsp;<\/p>\n","protected":false},"excerpt":{"rendered":"<p>Non un ospedale da campo ma un vero e proprio ospedale specialistico: la nuova struttura realizzata presso 2 padiglioni della Fiera di Milano e inaugurata il 31 marzo \u00e8 nata&nbsp;&#8230;<\/p>\n","protected":false},"author":6,"featured_media":48423,"comment_status":"closed","ping_status":"closed","sticky":false,"template":"","format":"standard","meta":{"footnotes":""},"categories":[378],"tags":[417,659,527],"class_list":["post-54890","post","type-post","status-publish","format-standard","has-post-thumbnail","hentry","category-news-it","tag-cisco","tag-covid-19","tag-healthcare"],"yoast_head":"<!-- This site is optimized with the Yoast SEO plugin v27.4 - https:\/\/yoast.com\/product\/yoast-seo-wordpress\/ -->\n<title>Emergenza coronavirus: anche Italtel nel team che realizza l\u2019Ospedale Fiera Milano - Italtel<\/title>\n<meta name=\"robots\" content=\"index, follow, max-snippet:-1, max-image-preview:large, max-video-preview:-1\" \/>\n<link rel=\"canonical\" href=\"https:\/\/www.italtel.com\/it\/emergenza-coronavirus-anche-italtel-nel-team-che-realizza-lospedale-fiera-milano\/\" \/>\n<meta property=\"og:locale\" content=\"it_IT\" \/>\n<meta property=\"og:type\" content=\"article\" \/>\n<meta property=\"og:title\" content=\"Emergenza coronavirus: anche Italtel nel team che realizza l\u2019Ospedale Fiera Milano - Italtel\" \/>\n<meta property=\"og:description\" content=\"Non un ospedale da campo ma un vero e proprio ospedale specialistico: la nuova struttura realizzata presso 2 padiglioni della Fiera di Milano e inaugurata il 31 marzo \u00e8 nata&nbsp;...\" \/>\n<meta property=\"og:url\" content=\"https:\/\/www.italtel.com\/it\/emergenza-coronavirus-anche-italtel-nel-team-che-realizza-lospedale-fiera-milano\/\" \/>\n<meta property=\"og:site_name\" content=\"Italtel\" \/>\n<meta property=\"article:published_time\" content=\"2020-04-06T10:10:04+00:00\" \/>\n<meta property=\"og:image\" content=\"https:\/\/www.italtel.com\/wp-content\/uploads\/2024\/01\/Fiera-Milano.jpg\" \/>\n\t<meta property=\"og:image:width\" content=\"960\" \/>\n\t<meta property=\"og:image:height\" content=\"561\" \/>\n\t<meta property=\"og:image:type\" content=\"image\/jpeg\" \/>\n<meta name=\"author\" content=\"Daniela Fontana\" \/>\n<meta name=\"twitter:card\" content=\"summary_large_image\" \/>\n<meta name=\"twitter:creator\" content=\"@Italtel\" \/>\n<meta name=\"twitter:site\" content=\"@Italtel\" \/>\n<meta name=\"twitter:label1\" content=\"Scritto da\" \/>\n\t<meta name=\"twitter:data1\" content=\"Daniela Fontana\" \/>\n\t<meta name=\"twitter:label2\" content=\"Tempo di lettura stimato\" \/>\n\t<meta name=\"twitter:data2\" content=\"2 minuti\" \/>\n<script type=\"application\/ld+json\" class=\"yoast-schema-graph\">{\"@context\":\"https:\\\/\\\/schema.org\",\"@graph\":[{\"@type\":\"Article\",\"@id\":\"https:\\\/\\\/www.italtel.com\\\/it\\\/emergenza-coronavirus-anche-italtel-nel-team-che-realizza-lospedale-fiera-milano\\\/#article\",\"isPartOf\":{\"@id\":\"https:\\\/\\\/www.italtel.com\\\/it\\\/emergenza-coronavirus-anche-italtel-nel-team-che-realizza-lospedale-fiera-milano\\\/\"},\"author\":{\"name\":\"Daniela Fontana\",\"@id\":\"https:\\\/\\\/www.italtel.com\\\/de\\\/#\\\/schema\\\/person\\\/38f315d5a978255f0cf320055bad5afe\"},\"headline\":\"Emergenza coronavirus: anche Italtel nel team che realizza l\u2019Ospedale Fiera Milano\",\"datePublished\":\"2020-04-06T10:10:04+00:00\",\"mainEntityOfPage\":{\"@id\":\"https:\\\/\\\/www.italtel.com\\\/it\\\/emergenza-coronavirus-anche-italtel-nel-team-che-realizza-lospedale-fiera-milano\\\/\"},\"wordCount\":441,\"publisher\":{\"@id\":\"https:\\\/\\\/www.italtel.com\\\/de\\\/#organization\"},\"image\":{\"@id\":\"https:\\\/\\\/www.italtel.com\\\/it\\\/emergenza-coronavirus-anche-italtel-nel-team-che-realizza-lospedale-fiera-milano\\\/#primaryimage\"},\"thumbnailUrl\":\"https:\\\/\\\/www.italtel.com\\\/wp-content\\\/uploads\\\/2024\\\/01\\\/Fiera-Milano.jpg\",\"keywords\":[\"Cisco\",\"covid-19\",\"Healthcare\"],\"articleSection\":[\"News\"],\"inLanguage\":\"it-IT\"},{\"@type\":\"WebPage\",\"@id\":\"https:\\\/\\\/www.italtel.com\\\/it\\\/emergenza-coronavirus-anche-italtel-nel-team-che-realizza-lospedale-fiera-milano\\\/\",\"url\":\"https:\\\/\\\/www.italtel.com\\\/it\\\/emergenza-coronavirus-anche-italtel-nel-team-che-realizza-lospedale-fiera-milano\\\/\",\"name\":\"Emergenza coronavirus: anche Italtel nel team che realizza l\u2019Ospedale Fiera Milano - Italtel\",\"isPartOf\":{\"@id\":\"https:\\\/\\\/www.italtel.com\\\/de\\\/#website\"},\"primaryImageOfPage\":{\"@id\":\"https:\\\/\\\/www.italtel.com\\\/it\\\/emergenza-coronavirus-anche-italtel-nel-team-che-realizza-lospedale-fiera-milano\\\/#primaryimage\"},\"image\":{\"@id\":\"https:\\\/\\\/www.italtel.com\\\/it\\\/emergenza-coronavirus-anche-italtel-nel-team-che-realizza-lospedale-fiera-milano\\\/#primaryimage\"},\"thumbnailUrl\":\"https:\\\/\\\/www.italtel.com\\\/wp-content\\\/uploads\\\/2024\\\/01\\\/Fiera-Milano.jpg\",\"datePublished\":\"2020-04-06T10:10:04+00:00\",\"breadcrumb\":{\"@id\":\"https:\\\/\\\/www.italtel.com\\\/it\\\/emergenza-coronavirus-anche-italtel-nel-team-che-realizza-lospedale-fiera-milano\\\/#breadcrumb\"},\"inLanguage\":\"it-IT\",\"potentialAction\":[{\"@type\":\"ReadAction\",\"target\":[\"https:\\\/\\\/www.italtel.com\\\/it\\\/emergenza-coronavirus-anche-italtel-nel-team-che-realizza-lospedale-fiera-milano\\\/\"]}]},{\"@type\":\"ImageObject\",\"inLanguage\":\"it-IT\",\"@id\":\"https:\\\/\\\/www.italtel.com\\\/it\\\/emergenza-coronavirus-anche-italtel-nel-team-che-realizza-lospedale-fiera-milano\\\/#primaryimage\",\"url\":\"https:\\\/\\\/www.italtel.com\\\/wp-content\\\/uploads\\\/2024\\\/01\\\/Fiera-Milano.jpg\",\"contentUrl\":\"https:\\\/\\\/www.italtel.com\\\/wp-content\\\/uploads\\\/2024\\\/01\\\/Fiera-Milano.jpg\",\"width\":960,\"height\":561},{\"@type\":\"BreadcrumbList\",\"@id\":\"https:\\\/\\\/www.italtel.com\\\/it\\\/emergenza-coronavirus-anche-italtel-nel-team-che-realizza-lospedale-fiera-milano\\\/#breadcrumb\",\"itemListElement\":[{\"@type\":\"ListItem\",\"position\":1,\"name\":\"Home\",\"item\":\"https:\\\/\\\/www.italtel.com\\\/it\\\/\"},{\"@type\":\"ListItem\",\"position\":2,\"name\":\"Emergenza coronavirus: anche Italtel nel team che realizza l\u2019Ospedale Fiera Milano\"}]},{\"@type\":\"WebSite\",\"@id\":\"https:\\\/\\\/www.italtel.com\\\/de\\\/#website\",\"url\":\"https:\\\/\\\/www.italtel.com\\\/de\\\/\",\"name\":\"Italtel\",\"description\":\"Italtel Group&#039;s company website\",\"publisher\":{\"@id\":\"https:\\\/\\\/www.italtel.com\\\/de\\\/#organization\"},\"potentialAction\":[{\"@type\":\"SearchAction\",\"target\":{\"@type\":\"EntryPoint\",\"urlTemplate\":\"https:\\\/\\\/www.italtel.com\\\/de\\\/?s={search_term_string}\"},\"query-input\":{\"@type\":\"PropertyValueSpecification\",\"valueRequired\":true,\"valueName\":\"search_term_string\"}}],\"inLanguage\":\"it-IT\"},{\"@type\":\"Organization\",\"@id\":\"https:\\\/\\\/www.italtel.com\\\/de\\\/#organization\",\"name\":\"Italtel S.p.A.\",\"url\":\"https:\\\/\\\/www.italtel.com\\\/de\\\/\",\"logo\":{\"@type\":\"ImageObject\",\"inLanguage\":\"it-IT\",\"@id\":\"https:\\\/\\\/www.italtel.com\\\/de\\\/#\\\/schema\\\/logo\\\/image\\\/\",\"url\":\"https:\\\/\\\/www.italtel.com\\\/wp-content\\\/uploads\\\/2024\\\/11\\\/Italtel_logo.png\",\"contentUrl\":\"https:\\\/\\\/www.italtel.com\\\/wp-content\\\/uploads\\\/2024\\\/11\\\/Italtel_logo.png\",\"width\":591,\"height\":139,\"caption\":\"Italtel S.p.A.\"},\"image\":{\"@id\":\"https:\\\/\\\/www.italtel.com\\\/de\\\/#\\\/schema\\\/logo\\\/image\\\/\"},\"sameAs\":[\"https:\\\/\\\/x.com\\\/Italtel\",\"https:\\\/\\\/www.linkedin.com\\\/company\\\/italtel\\\/\",\"https:\\\/\\\/www.instagram.com\\\/italtel_hq\\\/\"]},{\"@type\":\"Person\",\"@id\":\"https:\\\/\\\/www.italtel.com\\\/de\\\/#\\\/schema\\\/person\\\/38f315d5a978255f0cf320055bad5afe\",\"name\":\"Daniela Fontana\",\"image\":{\"@type\":\"ImageObject\",\"inLanguage\":\"it-IT\",\"@id\":\"https:\\\/\\\/secure.gravatar.com\\\/avatar\\\/834a03b0c73144a8ca36e17dc365b3fbadb34c9e44399b609a00f2231e694f6a?s=96&d=mm&r=g\",\"url\":\"https:\\\/\\\/secure.gravatar.com\\\/avatar\\\/834a03b0c73144a8ca36e17dc365b3fbadb34c9e44399b609a00f2231e694f6a?s=96&d=mm&r=g\",\"contentUrl\":\"https:\\\/\\\/secure.gravatar.com\\\/avatar\\\/834a03b0c73144a8ca36e17dc365b3fbadb34c9e44399b609a00f2231e694f6a?s=96&d=mm&r=g\",\"caption\":\"Daniela Fontana\"}}]}<\/script>\n<!-- \/ Yoast SEO plugin. -->","yoast_head_json":{"title":"Emergenza coronavirus: anche Italtel nel team che realizza l\u2019Ospedale Fiera Milano - Italtel","robots":{"index":"index","follow":"follow","max-snippet":"max-snippet:-1","max-image-preview":"max-image-preview:large","max-video-preview":"max-video-preview:-1"},"canonical":"https:\/\/www.italtel.com\/it\/emergenza-coronavirus-anche-italtel-nel-team-che-realizza-lospedale-fiera-milano\/","og_locale":"it_IT","og_type":"article","og_title":"Emergenza coronavirus: anche Italtel nel team che realizza l\u2019Ospedale Fiera Milano - Italtel","og_description":"Non un ospedale da campo ma un vero e proprio ospedale specialistico: la nuova struttura realizzata presso 2 padiglioni della Fiera di Milano e inaugurata il 31 marzo \u00e8 nata&nbsp;...","og_url":"https:\/\/www.italtel.com\/it\/emergenza-coronavirus-anche-italtel-nel-team-che-realizza-lospedale-fiera-milano\/","og_site_name":"Italtel","article_published_time":"2020-04-06T10:10:04+00:00","og_image":[{"width":960,"height":561,"url":"https:\/\/www.italtel.com\/wp-content\/uploads\/2024\/01\/Fiera-Milano.jpg","type":"image\/jpeg"}],"author":"Daniela Fontana","twitter_card":"summary_large_image","twitter_creator":"@Italtel","twitter_site":"@Italtel","twitter_misc":{"Scritto da":"Daniela Fontana","Tempo di lettura stimato":"2 minuti"},"schema":{"@context":"https:\/\/schema.org","@graph":[{"@type":"Article","@id":"https:\/\/www.italtel.com\/it\/emergenza-coronavirus-anche-italtel-nel-team-che-realizza-lospedale-fiera-milano\/#article","isPartOf":{"@id":"https:\/\/www.italtel.com\/it\/emergenza-coronavirus-anche-italtel-nel-team-che-realizza-lospedale-fiera-milano\/"},"author":{"name":"Daniela Fontana","@id":"https:\/\/www.italtel.com\/de\/#\/schema\/person\/38f315d5a978255f0cf320055bad5afe"},"headline":"Emergenza coronavirus: anche Italtel nel team che realizza l\u2019Ospedale Fiera Milano","datePublished":"2020-04-06T10:10:04+00:00","mainEntityOfPage":{"@id":"https:\/\/www.italtel.com\/it\/emergenza-coronavirus-anche-italtel-nel-team-che-realizza-lospedale-fiera-milano\/"},"wordCount":441,"publisher":{"@id":"https:\/\/www.italtel.com\/de\/#organization"},"image":{"@id":"https:\/\/www.italtel.com\/it\/emergenza-coronavirus-anche-italtel-nel-team-che-realizza-lospedale-fiera-milano\/#primaryimage"},"thumbnailUrl":"https:\/\/www.italtel.com\/wp-content\/uploads\/2024\/01\/Fiera-Milano.jpg","keywords":["Cisco","covid-19","Healthcare"],"articleSection":["News"],"inLanguage":"it-IT"},{"@type":"WebPage","@id":"https:\/\/www.italtel.com\/it\/emergenza-coronavirus-anche-italtel-nel-team-che-realizza-lospedale-fiera-milano\/","url":"https:\/\/www.italtel.com\/it\/emergenza-coronavirus-anche-italtel-nel-team-che-realizza-lospedale-fiera-milano\/","name":"Emergenza coronavirus: anche Italtel nel team che realizza l\u2019Ospedale Fiera Milano - Italtel","isPartOf":{"@id":"https:\/\/www.italtel.com\/de\/#website"},"primaryImageOfPage":{"@id":"https:\/\/www.italtel.com\/it\/emergenza-coronavirus-anche-italtel-nel-team-che-realizza-lospedale-fiera-milano\/#primaryimage"},"image":{"@id":"https:\/\/www.italtel.com\/it\/emergenza-coronavirus-anche-italtel-nel-team-che-realizza-lospedale-fiera-milano\/#primaryimage"},"thumbnailUrl":"https:\/\/www.italtel.com\/wp-content\/uploads\/2024\/01\/Fiera-Milano.jpg","datePublished":"2020-04-06T10:10:04+00:00","breadcrumb":{"@id":"https:\/\/www.italtel.com\/it\/emergenza-coronavirus-anche-italtel-nel-team-che-realizza-lospedale-fiera-milano\/#breadcrumb"},"inLanguage":"it-IT","potentialAction":[{"@type":"ReadAction","target":["https:\/\/www.italtel.com\/it\/emergenza-coronavirus-anche-italtel-nel-team-che-realizza-lospedale-fiera-milano\/"]}]},{"@type":"ImageObject","inLanguage":"it-IT","@id":"https:\/\/www.italtel.com\/it\/emergenza-coronavirus-anche-italtel-nel-team-che-realizza-lospedale-fiera-milano\/#primaryimage","url":"https:\/\/www.italtel.com\/wp-content\/uploads\/2024\/01\/Fiera-Milano.jpg","contentUrl":"https:\/\/www.italtel.com\/wp-content\/uploads\/2024\/01\/Fiera-Milano.jpg","width":960,"height":561},{"@type":"BreadcrumbList","@id":"https:\/\/www.italtel.com\/it\/emergenza-coronavirus-anche-italtel-nel-team-che-realizza-lospedale-fiera-milano\/#breadcrumb","itemListElement":[{"@type":"ListItem","position":1,"name":"Home","item":"https:\/\/www.italtel.com\/it\/"},{"@type":"ListItem","position":2,"name":"Emergenza coronavirus: anche Italtel nel team che realizza l\u2019Ospedale Fiera Milano"}]},{"@type":"WebSite","@id":"https:\/\/www.italtel.com\/de\/#website","url":"https:\/\/www.italtel.com\/de\/","name":"Italtel","description":"Italtel Group&#039;s company website","publisher":{"@id":"https:\/\/www.italtel.com\/de\/#organization"},"potentialAction":[{"@type":"SearchAction","target":{"@type":"EntryPoint","urlTemplate":"https:\/\/www.italtel.com\/de\/?s={search_term_string}"},"query-input":{"@type":"PropertyValueSpecification","valueRequired":true,"valueName":"search_term_string"}}],"inLanguage":"it-IT"},{"@type":"Organization","@id":"https:\/\/www.italtel.com\/de\/#organization","name":"Italtel S.p.A.","url":"https:\/\/www.italtel.com\/de\/","logo":{"@type":"ImageObject","inLanguage":"it-IT","@id":"https:\/\/www.italtel.com\/de\/#\/schema\/logo\/image\/","url":"https:\/\/www.italtel.com\/wp-content\/uploads\/2024\/11\/Italtel_logo.png","contentUrl":"https:\/\/www.italtel.com\/wp-content\/uploads\/2024\/11\/Italtel_logo.png","width":591,"height":139,"caption":"Italtel S.p.A."},"image":{"@id":"https:\/\/www.italtel.com\/de\/#\/schema\/logo\/image\/"},"sameAs":["https:\/\/x.com\/Italtel","https:\/\/www.linkedin.com\/company\/italtel\/","https:\/\/www.instagram.com\/italtel_hq\/"]},{"@type":"Person","@id":"https:\/\/www.italtel.com\/de\/#\/schema\/person\/38f315d5a978255f0cf320055bad5afe","name":"Daniela Fontana","image":{"@type":"ImageObject","inLanguage":"it-IT","@id":"https:\/\/secure.gravatar.com\/avatar\/834a03b0c73144a8ca36e17dc365b3fbadb34c9e44399b609a00f2231e694f6a?s=96&d=mm&r=g","url":"https:\/\/secure.gravatar.com\/avatar\/834a03b0c73144a8ca36e17dc365b3fbadb34c9e44399b609a00f2231e694f6a?s=96&d=mm&r=g","contentUrl":"https:\/\/secure.gravatar.com\/avatar\/834a03b0c73144a8ca36e17dc365b3fbadb34c9e44399b609a00f2231e694f6a?s=96&d=mm&r=g","caption":"Daniela Fontana"}}]}},"_links":{"self":[{"href":"https:\/\/www.italtel.com\/it\/wp-json\/wp\/v2\/posts\/54890","targetHints":{"allow":["GET"]}}],"collection":[{"href":"https:\/\/www.italtel.com\/it\/wp-json\/wp\/v2\/posts"}],"about":[{"href":"https:\/\/www.italtel.com\/it\/wp-json\/wp\/v2\/types\/post"}],"author":[{"embeddable":true,"href":"https:\/\/www.italtel.com\/it\/wp-json\/wp\/v2\/users\/6"}],"replies":[{"embeddable":true,"href":"https:\/\/www.italtel.com\/it\/wp-json\/wp\/v2\/comments?post=54890"}],"version-history":[{"count":0,"href":"https:\/\/www.italtel.com\/it\/wp-json\/wp\/v2\/posts\/54890\/revisions"}],"wp:featuredmedia":[{"embeddable":true,"href":"https:\/\/www.italtel.com\/it\/wp-json\/wp\/v2\/media\/48423"}],"wp:attachment":[{"href":"https:\/\/www.italtel.com\/it\/wp-json\/wp\/v2\/media?parent=54890"}],"wp:term":[{"taxonomy":"category","embeddable":true,"href":"https:\/\/www.italtel.com\/it\/wp-json\/wp\/v2\/categories?post=54890"},{"taxonomy":"post_tag","embeddable":true,"href":"https:\/\/www.italtel.com\/it\/wp-json\/wp\/v2\/tags?post=54890"}],"curies":[{"name":"wp","href":"https:\/\/api.w.org\/{rel}","templated":true}]}}