{"id":54894,"date":"2020-04-02T12:37:36","date_gmt":"2020-04-02T10:37:36","guid":{"rendered":"https:\/\/www.italtel.com\/la-rete-regge-e-si-e-adattata-allemergenza-gli-utilizzi-che-crescono-di-piu\/"},"modified":"2020-04-02T12:37:36","modified_gmt":"2020-04-02T10:37:36","slug":"la-rete-regge-e-si-e-adattata-allemergenza-gli-utilizzi-che-crescono-di-piu","status":"publish","type":"post","link":"https:\/\/www.italtel.com\/it\/la-rete-regge-e-si-e-adattata-allemergenza-gli-utilizzi-che-crescono-di-piu\/","title":{"rendered":"La rete regge e si \u00e8 adattata all\u2019emergenza. Gli utilizzi che crescono di pi\u00f9"},"content":{"rendered":"<p><img loading=\"lazy\" decoding=\"async\" class=\"alignright\" src=\"http:\/\/www.italtel.com\/content\/uploads\/2020\/04\/Il-traffico-sulle-reti.png\" width=\"379\" height=\"948\" \/>Ormai da diverse settimane l\u2019emergenza sanitaria legata al Coronavirus ha cambiato il modo di lavorare delle persone: smart working e lezioni a distanza hanno preso il posto delle attivit\u00e0 nei luoghi di lavoro e di studio. La necessit\u00e0 di non uscire di casa ha cambiato anche le abitudini sociali: si passa pi\u00f9 tempo a fare videochiamate, a fare gaming online e soprattutto a fare streaming di video dalle diverse piattaforme disponibili.<\/p>\n<p>Di fronte a queste nuove attivit\u00e0 che hanno fatto impennare il traffico delle reti, come si stanno comportando le infrastrutture? Gli inviti rivolti da Agcom agli operatori affinch\u00e9 rafforzassero le loro reti sono stati accolti? Quali sono le applicazioni che pi\u00f9 pesano sulle reti? Quanto incide lo smart working sul traffico complessivo? Che ricadute di sono sullo sviluppo delle reti 5G?<\/p>\n<p>Italtel, in qualit\u00e0 di fornitore di tecnologie e sistemi di networking per gli operatori, ha un punto di vista molto profondo della situazione.<\/p>\n<p>In questa intervista realizzata per Key4Biz Stefano Pileri, AD Italtel, spiega, che le iniziative di rafforzamento delle reti hanno raggiunto gli obiettivi e ci fornisce una interessante lettura della composizione del traffico, dei suoi volumi e dei suoi trend di crescita. Con uno sguardo alle applicazioni che possono in ultima analisi ricevere uno stimolo allo sviluppo una volta superata questa situazione critica: non solo la scuola digitale ma anche lo smart working e la telemedicina. <a href=\"https:\/\/www.key4biz.it\/stefano-pileri-italtel-la-rete-regge-grandi-risposte-da-smart-working-e-scuola-digitale\/297642\/\">Leggi l&#8217;articolo&#8230;<\/a><\/p>\n<p>&nbsp;<\/p>\n","protected":false},"excerpt":{"rendered":"<p>Ormai da diverse settimane l\u2019emergenza sanitaria legata al Coronavirus ha cambiato il modo di lavorare delle persone: smart working e lezioni a distanza hanno preso il posto delle attivit\u00e0 nei&nbsp;&#8230;<\/p>\n","protected":false},"author":6,"featured_media":48433,"comment_status":"closed","ping_status":"closed","sticky":false,"template":"","format":"standard","meta":{"footnotes":""},"categories":[394],"tags":[],"class_list":["post-54894","post","type-post","status-publish","format-standard","has-post-thumbnail","hentry","category-focus-it"],"yoast_head":"<!-- This site is optimized with the Yoast SEO plugin v27.4 - https:\/\/yoast.com\/product\/yoast-seo-wordpress\/ -->\n<title>La rete regge e si \u00e8 adattata all\u2019emergenza. Gli utilizzi che crescono di pi\u00f9 - Italtel<\/title>\n<meta name=\"robots\" content=\"index, follow, max-snippet:-1, max-image-preview:large, max-video-preview:-1\" \/>\n<link rel=\"canonical\" href=\"https:\/\/www.italtel.com\/it\/la-rete-regge-e-si-e-adattata-allemergenza-gli-utilizzi-che-crescono-di-piu\/\" \/>\n<meta property=\"og:locale\" content=\"it_IT\" \/>\n<meta property=\"og:type\" content=\"article\" \/>\n<meta property=\"og:title\" content=\"La rete regge e si \u00e8 adattata all\u2019emergenza. Gli utilizzi che crescono di pi\u00f9 - Italtel\" \/>\n<meta property=\"og:description\" content=\"Ormai da diverse settimane l\u2019emergenza sanitaria legata al Coronavirus ha cambiato il modo di lavorare delle persone: smart working e lezioni a distanza hanno preso il posto delle attivit\u00e0 nei&nbsp;...\" \/>\n<meta property=\"og:url\" content=\"https:\/\/www.italtel.com\/it\/la-rete-regge-e-si-e-adattata-allemergenza-gli-utilizzi-che-crescono-di-piu\/\" \/>\n<meta property=\"og:site_name\" content=\"Italtel\" \/>\n<meta property=\"article:published_time\" content=\"2020-04-02T10:37:36+00:00\" \/>\n<meta property=\"og:image\" content=\"https:\/\/www.italtel.com\/wp-content\/uploads\/2024\/01\/Il-traffico-sulle-reti_cover.png\" \/>\n\t<meta property=\"og:image:width\" content=\"450\" \/>\n\t<meta property=\"og:image:height\" content=\"201\" \/>\n\t<meta property=\"og:image:type\" content=\"image\/png\" \/>\n<meta name=\"author\" content=\"Daniela Fontana\" \/>\n<meta name=\"twitter:card\" content=\"summary_large_image\" \/>\n<meta name=\"twitter:creator\" content=\"@Italtel\" \/>\n<meta name=\"twitter:site\" content=\"@Italtel\" \/>\n<meta name=\"twitter:label1\" content=\"Scritto da\" \/>\n\t<meta name=\"twitter:data1\" content=\"Daniela Fontana\" \/>\n\t<meta name=\"twitter:label2\" content=\"Tempo di lettura stimato\" \/>\n\t<meta name=\"twitter:data2\" content=\"1 minuto\" \/>\n<script type=\"application\/ld+json\" class=\"yoast-schema-graph\">{\"@context\":\"https:\\\/\\\/schema.org\",\"@graph\":[{\"@type\":\"Article\",\"@id\":\"https:\\\/\\\/www.italtel.com\\\/it\\\/la-rete-regge-e-si-e-adattata-allemergenza-gli-utilizzi-che-crescono-di-piu\\\/#article\",\"isPartOf\":{\"@id\":\"https:\\\/\\\/www.italtel.com\\\/it\\\/la-rete-regge-e-si-e-adattata-allemergenza-gli-utilizzi-che-crescono-di-piu\\\/\"},\"author\":{\"name\":\"Daniela Fontana\",\"@id\":\"https:\\\/\\\/www.italtel.com\\\/de\\\/#\\\/schema\\\/person\\\/38f315d5a978255f0cf320055bad5afe\"},\"headline\":\"La rete regge e si \u00e8 adattata all\u2019emergenza. Gli utilizzi che crescono di pi\u00f9\",\"datePublished\":\"2020-04-02T10:37:36+00:00\",\"mainEntityOfPage\":{\"@id\":\"https:\\\/\\\/www.italtel.com\\\/it\\\/la-rete-regge-e-si-e-adattata-allemergenza-gli-utilizzi-che-crescono-di-piu\\\/\"},\"wordCount\":250,\"publisher\":{\"@id\":\"https:\\\/\\\/www.italtel.com\\\/de\\\/#organization\"},\"image\":{\"@id\":\"https:\\\/\\\/www.italtel.com\\\/it\\\/la-rete-regge-e-si-e-adattata-allemergenza-gli-utilizzi-che-crescono-di-piu\\\/#primaryimage\"},\"thumbnailUrl\":\"https:\\\/\\\/www.italtel.com\\\/wp-content\\\/uploads\\\/2024\\\/01\\\/Il-traffico-sulle-reti_cover.png\",\"articleSection\":[\"Focus\"],\"inLanguage\":\"it-IT\"},{\"@type\":\"WebPage\",\"@id\":\"https:\\\/\\\/www.italtel.com\\\/it\\\/la-rete-regge-e-si-e-adattata-allemergenza-gli-utilizzi-che-crescono-di-piu\\\/\",\"url\":\"https:\\\/\\\/www.italtel.com\\\/it\\\/la-rete-regge-e-si-e-adattata-allemergenza-gli-utilizzi-che-crescono-di-piu\\\/\",\"name\":\"La rete regge e si \u00e8 adattata all\u2019emergenza. Gli utilizzi che crescono di pi\u00f9 - Italtel\",\"isPartOf\":{\"@id\":\"https:\\\/\\\/www.italtel.com\\\/de\\\/#website\"},\"primaryImageOfPage\":{\"@id\":\"https:\\\/\\\/www.italtel.com\\\/it\\\/la-rete-regge-e-si-e-adattata-allemergenza-gli-utilizzi-che-crescono-di-piu\\\/#primaryimage\"},\"image\":{\"@id\":\"https:\\\/\\\/www.italtel.com\\\/it\\\/la-rete-regge-e-si-e-adattata-allemergenza-gli-utilizzi-che-crescono-di-piu\\\/#primaryimage\"},\"thumbnailUrl\":\"https:\\\/\\\/www.italtel.com\\\/wp-content\\\/uploads\\\/2024\\\/01\\\/Il-traffico-sulle-reti_cover.png\",\"datePublished\":\"2020-04-02T10:37:36+00:00\",\"breadcrumb\":{\"@id\":\"https:\\\/\\\/www.italtel.com\\\/it\\\/la-rete-regge-e-si-e-adattata-allemergenza-gli-utilizzi-che-crescono-di-piu\\\/#breadcrumb\"},\"inLanguage\":\"it-IT\",\"potentialAction\":[{\"@type\":\"ReadAction\",\"target\":[\"https:\\\/\\\/www.italtel.com\\\/it\\\/la-rete-regge-e-si-e-adattata-allemergenza-gli-utilizzi-che-crescono-di-piu\\\/\"]}]},{\"@type\":\"ImageObject\",\"inLanguage\":\"it-IT\",\"@id\":\"https:\\\/\\\/www.italtel.com\\\/it\\\/la-rete-regge-e-si-e-adattata-allemergenza-gli-utilizzi-che-crescono-di-piu\\\/#primaryimage\",\"url\":\"https:\\\/\\\/www.italtel.com\\\/wp-content\\\/uploads\\\/2024\\\/01\\\/Il-traffico-sulle-reti_cover.png\",\"contentUrl\":\"https:\\\/\\\/www.italtel.com\\\/wp-content\\\/uploads\\\/2024\\\/01\\\/Il-traffico-sulle-reti_cover.png\",\"width\":450,\"height\":201},{\"@type\":\"BreadcrumbList\",\"@id\":\"https:\\\/\\\/www.italtel.com\\\/it\\\/la-rete-regge-e-si-e-adattata-allemergenza-gli-utilizzi-che-crescono-di-piu\\\/#breadcrumb\",\"itemListElement\":[{\"@type\":\"ListItem\",\"position\":1,\"name\":\"Home\",\"item\":\"https:\\\/\\\/www.italtel.com\\\/it\\\/\"},{\"@type\":\"ListItem\",\"position\":2,\"name\":\"La rete regge e si \u00e8 adattata all\u2019emergenza. Gli utilizzi che crescono di pi\u00f9\"}]},{\"@type\":\"WebSite\",\"@id\":\"https:\\\/\\\/www.italtel.com\\\/de\\\/#website\",\"url\":\"https:\\\/\\\/www.italtel.com\\\/de\\\/\",\"name\":\"Italtel\",\"description\":\"Italtel Group&#039;s company website\",\"publisher\":{\"@id\":\"https:\\\/\\\/www.italtel.com\\\/de\\\/#organization\"},\"potentialAction\":[{\"@type\":\"SearchAction\",\"target\":{\"@type\":\"EntryPoint\",\"urlTemplate\":\"https:\\\/\\\/www.italtel.com\\\/de\\\/?s={search_term_string}\"},\"query-input\":{\"@type\":\"PropertyValueSpecification\",\"valueRequired\":true,\"valueName\":\"search_term_string\"}}],\"inLanguage\":\"it-IT\"},{\"@type\":\"Organization\",\"@id\":\"https:\\\/\\\/www.italtel.com\\\/de\\\/#organization\",\"name\":\"Italtel S.p.A.\",\"url\":\"https:\\\/\\\/www.italtel.com\\\/de\\\/\",\"logo\":{\"@type\":\"ImageObject\",\"inLanguage\":\"it-IT\",\"@id\":\"https:\\\/\\\/www.italtel.com\\\/de\\\/#\\\/schema\\\/logo\\\/image\\\/\",\"url\":\"https:\\\/\\\/www.italtel.com\\\/wp-content\\\/uploads\\\/2024\\\/11\\\/Italtel_logo.png\",\"contentUrl\":\"https:\\\/\\\/www.italtel.com\\\/wp-content\\\/uploads\\\/2024\\\/11\\\/Italtel_logo.png\",\"width\":591,\"height\":139,\"caption\":\"Italtel S.p.A.\"},\"image\":{\"@id\":\"https:\\\/\\\/www.italtel.com\\\/de\\\/#\\\/schema\\\/logo\\\/image\\\/\"},\"sameAs\":[\"https:\\\/\\\/x.com\\\/Italtel\",\"https:\\\/\\\/www.linkedin.com\\\/company\\\/italtel\\\/\",\"https:\\\/\\\/www.instagram.com\\\/italtel_hq\\\/\"]},{\"@type\":\"Person\",\"@id\":\"https:\\\/\\\/www.italtel.com\\\/de\\\/#\\\/schema\\\/person\\\/38f315d5a978255f0cf320055bad5afe\",\"name\":\"Daniela Fontana\",\"image\":{\"@type\":\"ImageObject\",\"inLanguage\":\"it-IT\",\"@id\":\"https:\\\/\\\/secure.gravatar.com\\\/avatar\\\/834a03b0c73144a8ca36e17dc365b3fbadb34c9e44399b609a00f2231e694f6a?s=96&d=mm&r=g\",\"url\":\"https:\\\/\\\/secure.gravatar.com\\\/avatar\\\/834a03b0c73144a8ca36e17dc365b3fbadb34c9e44399b609a00f2231e694f6a?s=96&d=mm&r=g\",\"contentUrl\":\"https:\\\/\\\/secure.gravatar.com\\\/avatar\\\/834a03b0c73144a8ca36e17dc365b3fbadb34c9e44399b609a00f2231e694f6a?s=96&d=mm&r=g\",\"caption\":\"Daniela Fontana\"}}]}<\/script>\n<!-- \/ Yoast SEO plugin. -->","yoast_head_json":{"title":"La rete regge e si \u00e8 adattata all\u2019emergenza. Gli utilizzi che crescono di pi\u00f9 - Italtel","robots":{"index":"index","follow":"follow","max-snippet":"max-snippet:-1","max-image-preview":"max-image-preview:large","max-video-preview":"max-video-preview:-1"},"canonical":"https:\/\/www.italtel.com\/it\/la-rete-regge-e-si-e-adattata-allemergenza-gli-utilizzi-che-crescono-di-piu\/","og_locale":"it_IT","og_type":"article","og_title":"La rete regge e si \u00e8 adattata all\u2019emergenza. Gli utilizzi che crescono di pi\u00f9 - Italtel","og_description":"Ormai da diverse settimane l\u2019emergenza sanitaria legata al Coronavirus ha cambiato il modo di lavorare delle persone: smart working e lezioni a distanza hanno preso il posto delle attivit\u00e0 nei&nbsp;...","og_url":"https:\/\/www.italtel.com\/it\/la-rete-regge-e-si-e-adattata-allemergenza-gli-utilizzi-che-crescono-di-piu\/","og_site_name":"Italtel","article_published_time":"2020-04-02T10:37:36+00:00","og_image":[{"width":450,"height":201,"url":"https:\/\/www.italtel.com\/wp-content\/uploads\/2024\/01\/Il-traffico-sulle-reti_cover.png","type":"image\/png"}],"author":"Daniela Fontana","twitter_card":"summary_large_image","twitter_creator":"@Italtel","twitter_site":"@Italtel","twitter_misc":{"Scritto da":"Daniela Fontana","Tempo di lettura stimato":"1 minuto"},"schema":{"@context":"https:\/\/schema.org","@graph":[{"@type":"Article","@id":"https:\/\/www.italtel.com\/it\/la-rete-regge-e-si-e-adattata-allemergenza-gli-utilizzi-che-crescono-di-piu\/#article","isPartOf":{"@id":"https:\/\/www.italtel.com\/it\/la-rete-regge-e-si-e-adattata-allemergenza-gli-utilizzi-che-crescono-di-piu\/"},"author":{"name":"Daniela Fontana","@id":"https:\/\/www.italtel.com\/de\/#\/schema\/person\/38f315d5a978255f0cf320055bad5afe"},"headline":"La rete regge e si \u00e8 adattata all\u2019emergenza. Gli utilizzi che crescono di pi\u00f9","datePublished":"2020-04-02T10:37:36+00:00","mainEntityOfPage":{"@id":"https:\/\/www.italtel.com\/it\/la-rete-regge-e-si-e-adattata-allemergenza-gli-utilizzi-che-crescono-di-piu\/"},"wordCount":250,"publisher":{"@id":"https:\/\/www.italtel.com\/de\/#organization"},"image":{"@id":"https:\/\/www.italtel.com\/it\/la-rete-regge-e-si-e-adattata-allemergenza-gli-utilizzi-che-crescono-di-piu\/#primaryimage"},"thumbnailUrl":"https:\/\/www.italtel.com\/wp-content\/uploads\/2024\/01\/Il-traffico-sulle-reti_cover.png","articleSection":["Focus"],"inLanguage":"it-IT"},{"@type":"WebPage","@id":"https:\/\/www.italtel.com\/it\/la-rete-regge-e-si-e-adattata-allemergenza-gli-utilizzi-che-crescono-di-piu\/","url":"https:\/\/www.italtel.com\/it\/la-rete-regge-e-si-e-adattata-allemergenza-gli-utilizzi-che-crescono-di-piu\/","name":"La rete regge e si \u00e8 adattata all\u2019emergenza. Gli utilizzi che crescono di pi\u00f9 - Italtel","isPartOf":{"@id":"https:\/\/www.italtel.com\/de\/#website"},"primaryImageOfPage":{"@id":"https:\/\/www.italtel.com\/it\/la-rete-regge-e-si-e-adattata-allemergenza-gli-utilizzi-che-crescono-di-piu\/#primaryimage"},"image":{"@id":"https:\/\/www.italtel.com\/it\/la-rete-regge-e-si-e-adattata-allemergenza-gli-utilizzi-che-crescono-di-piu\/#primaryimage"},"thumbnailUrl":"https:\/\/www.italtel.com\/wp-content\/uploads\/2024\/01\/Il-traffico-sulle-reti_cover.png","datePublished":"2020-04-02T10:37:36+00:00","breadcrumb":{"@id":"https:\/\/www.italtel.com\/it\/la-rete-regge-e-si-e-adattata-allemergenza-gli-utilizzi-che-crescono-di-piu\/#breadcrumb"},"inLanguage":"it-IT","potentialAction":[{"@type":"ReadAction","target":["https:\/\/www.italtel.com\/it\/la-rete-regge-e-si-e-adattata-allemergenza-gli-utilizzi-che-crescono-di-piu\/"]}]},{"@type":"ImageObject","inLanguage":"it-IT","@id":"https:\/\/www.italtel.com\/it\/la-rete-regge-e-si-e-adattata-allemergenza-gli-utilizzi-che-crescono-di-piu\/#primaryimage","url":"https:\/\/www.italtel.com\/wp-content\/uploads\/2024\/01\/Il-traffico-sulle-reti_cover.png","contentUrl":"https:\/\/www.italtel.com\/wp-content\/uploads\/2024\/01\/Il-traffico-sulle-reti_cover.png","width":450,"height":201},{"@type":"BreadcrumbList","@id":"https:\/\/www.italtel.com\/it\/la-rete-regge-e-si-e-adattata-allemergenza-gli-utilizzi-che-crescono-di-piu\/#breadcrumb","itemListElement":[{"@type":"ListItem","position":1,"name":"Home","item":"https:\/\/www.italtel.com\/it\/"},{"@type":"ListItem","position":2,"name":"La rete regge e si \u00e8 adattata all\u2019emergenza. Gli utilizzi che crescono di pi\u00f9"}]},{"@type":"WebSite","@id":"https:\/\/www.italtel.com\/de\/#website","url":"https:\/\/www.italtel.com\/de\/","name":"Italtel","description":"Italtel Group&#039;s company website","publisher":{"@id":"https:\/\/www.italtel.com\/de\/#organization"},"potentialAction":[{"@type":"SearchAction","target":{"@type":"EntryPoint","urlTemplate":"https:\/\/www.italtel.com\/de\/?s={search_term_string}"},"query-input":{"@type":"PropertyValueSpecification","valueRequired":true,"valueName":"search_term_string"}}],"inLanguage":"it-IT"},{"@type":"Organization","@id":"https:\/\/www.italtel.com\/de\/#organization","name":"Italtel S.p.A.","url":"https:\/\/www.italtel.com\/de\/","logo":{"@type":"ImageObject","inLanguage":"it-IT","@id":"https:\/\/www.italtel.com\/de\/#\/schema\/logo\/image\/","url":"https:\/\/www.italtel.com\/wp-content\/uploads\/2024\/11\/Italtel_logo.png","contentUrl":"https:\/\/www.italtel.com\/wp-content\/uploads\/2024\/11\/Italtel_logo.png","width":591,"height":139,"caption":"Italtel S.p.A."},"image":{"@id":"https:\/\/www.italtel.com\/de\/#\/schema\/logo\/image\/"},"sameAs":["https:\/\/x.com\/Italtel","https:\/\/www.linkedin.com\/company\/italtel\/","https:\/\/www.instagram.com\/italtel_hq\/"]},{"@type":"Person","@id":"https:\/\/www.italtel.com\/de\/#\/schema\/person\/38f315d5a978255f0cf320055bad5afe","name":"Daniela Fontana","image":{"@type":"ImageObject","inLanguage":"it-IT","@id":"https:\/\/secure.gravatar.com\/avatar\/834a03b0c73144a8ca36e17dc365b3fbadb34c9e44399b609a00f2231e694f6a?s=96&d=mm&r=g","url":"https:\/\/secure.gravatar.com\/avatar\/834a03b0c73144a8ca36e17dc365b3fbadb34c9e44399b609a00f2231e694f6a?s=96&d=mm&r=g","contentUrl":"https:\/\/secure.gravatar.com\/avatar\/834a03b0c73144a8ca36e17dc365b3fbadb34c9e44399b609a00f2231e694f6a?s=96&d=mm&r=g","caption":"Daniela Fontana"}}]}},"_links":{"self":[{"href":"https:\/\/www.italtel.com\/it\/wp-json\/wp\/v2\/posts\/54894","targetHints":{"allow":["GET"]}}],"collection":[{"href":"https:\/\/www.italtel.com\/it\/wp-json\/wp\/v2\/posts"}],"about":[{"href":"https:\/\/www.italtel.com\/it\/wp-json\/wp\/v2\/types\/post"}],"author":[{"embeddable":true,"href":"https:\/\/www.italtel.com\/it\/wp-json\/wp\/v2\/users\/6"}],"replies":[{"embeddable":true,"href":"https:\/\/www.italtel.com\/it\/wp-json\/wp\/v2\/comments?post=54894"}],"version-history":[{"count":0,"href":"https:\/\/www.italtel.com\/it\/wp-json\/wp\/v2\/posts\/54894\/revisions"}],"wp:featuredmedia":[{"embeddable":true,"href":"https:\/\/www.italtel.com\/it\/wp-json\/wp\/v2\/media\/48433"}],"wp:attachment":[{"href":"https:\/\/www.italtel.com\/it\/wp-json\/wp\/v2\/media?parent=54894"}],"wp:term":[{"taxonomy":"category","embeddable":true,"href":"https:\/\/www.italtel.com\/it\/wp-json\/wp\/v2\/categories?post=54894"},{"taxonomy":"post_tag","embeddable":true,"href":"https:\/\/www.italtel.com\/it\/wp-json\/wp\/v2\/tags?post=54894"}],"curies":[{"name":"wp","href":"https:\/\/api.w.org\/{rel}","templated":true}]}}