{"id":54954,"date":"2019-11-04T08:56:38","date_gmt":"2019-11-04T06:56:38","guid":{"rendered":"https:\/\/www.italtel.com\/smart-land-e-smart-small-city-guarda-la-video-intervista\/"},"modified":"2024-08-09T12:41:40","modified_gmt":"2024-08-09T10:41:40","slug":"smart-land-e-smart-small-city-guarda-la-video-intervista","status":"publish","type":"post","link":"https:\/\/www.italtel.com\/it\/smart-land-e-smart-small-city-guarda-la-video-intervista\/","title":{"rendered":"Smart Land e Smart Small City \u2013 guarda la video intervista"},"content":{"rendered":"<p>\u00c8 importante non concentrarsi solo sulle grandi citt\u00e0 e cercare nelle nuove tecnologie una risposta al fenomeno dello spopolamento delle citt\u00e0 di provincia.<\/p>\n<p>Smart Land e Smart Small City sono le idee al centro dell\u2019intervista che <strong>Luca Ferraris<\/strong>, responsabile Innovation, Marketing &amp; Technology di Italtel e Cluster Manager, Cluster Tecnologie Smart Cities &amp; Communities &#8211; Lombardia ha rilasciato durante Smart City Now il 26 settembre 2019 al MIND, Milano Innovation District.<\/p>\n<p><a href=\"https:\/\/youtu.be\/mX6z3jW9BMM\"><img decoding=\"async\" class=\"alignleft\" src=\"http:\/\/www.italtel.com\/content\/uploads\/2019\/10\/Luca-Ferraris-Smart-City-Now-2019-300x169.png\" \/><\/a>Per saperne di pi\u00f9 guarda la <a href=\"https:\/\/youtu.be\/mX6z3jW9BMM\">video intervista a Luca Ferraris<\/a>.<\/p>\n","protected":false},"excerpt":{"rendered":"<p>\u00c8 importante non concentrarsi solo sulle grandi citt\u00e0 e cercare nelle nuove tecnologie una risposta al fenomeno dello spopolamento delle citt\u00e0 di provincia. Smart Land e Smart Small City sono&nbsp;&#8230;<\/p>\n","protected":false},"author":6,"featured_media":48574,"comment_status":"closed","ping_status":"closed","sticky":false,"template":"","format":"standard","meta":{"footnotes":""},"categories":[378],"tags":[],"class_list":["post-54954","post","type-post","status-publish","format-standard","has-post-thumbnail","hentry","category-news-it"],"yoast_head":"<!-- This site is optimized with the Yoast SEO plugin v27.4 - https:\/\/yoast.com\/product\/yoast-seo-wordpress\/ -->\n<title>Smart Land e Smart Small City \u2013 guarda la video intervista - Italtel<\/title>\n<meta name=\"robots\" content=\"index, follow, max-snippet:-1, max-image-preview:large, max-video-preview:-1\" \/>\n<link rel=\"canonical\" href=\"https:\/\/www.italtel.com\/it\/smart-land-e-smart-small-city-guarda-la-video-intervista\/\" \/>\n<meta property=\"og:locale\" content=\"it_IT\" \/>\n<meta property=\"og:type\" content=\"article\" \/>\n<meta property=\"og:title\" content=\"Smart Land e Smart Small City \u2013 guarda la video intervista - Italtel\" \/>\n<meta property=\"og:description\" content=\"\u00c8 importante non concentrarsi solo sulle grandi citt\u00e0 e cercare nelle nuove tecnologie una risposta al fenomeno dello spopolamento delle citt\u00e0 di provincia. Smart Land e Smart Small City sono&nbsp;...\" \/>\n<meta property=\"og:url\" content=\"https:\/\/www.italtel.com\/it\/smart-land-e-smart-small-city-guarda-la-video-intervista\/\" \/>\n<meta property=\"og:site_name\" content=\"Italtel\" \/>\n<meta property=\"article:published_time\" content=\"2019-11-04T06:56:38+00:00\" \/>\n<meta property=\"article:modified_time\" content=\"2024-08-09T10:41:40+00:00\" \/>\n<meta property=\"og:image\" content=\"https:\/\/www.italtel.com\/wp-content\/uploads\/2024\/01\/Luca-Ferraris-Smart-City-Now-2019-1024x576.png\" \/>\n\t<meta property=\"og:image:width\" content=\"1024\" \/>\n\t<meta property=\"og:image:height\" content=\"576\" \/>\n\t<meta property=\"og:image:type\" content=\"image\/png\" \/>\n<meta name=\"author\" content=\"Daniela Fontana\" \/>\n<meta name=\"twitter:card\" content=\"summary_large_image\" \/>\n<meta name=\"twitter:creator\" content=\"@Italtel\" \/>\n<meta name=\"twitter:site\" content=\"@Italtel\" \/>\n<meta name=\"twitter:label1\" content=\"Scritto da\" \/>\n\t<meta name=\"twitter:data1\" content=\"Daniela Fontana\" \/>\n<script type=\"application\/ld+json\" class=\"yoast-schema-graph\">{\"@context\":\"https:\\\/\\\/schema.org\",\"@graph\":[{\"@type\":\"Article\",\"@id\":\"https:\\\/\\\/www.italtel.com\\\/it\\\/smart-land-e-smart-small-city-guarda-la-video-intervista\\\/#article\",\"isPartOf\":{\"@id\":\"https:\\\/\\\/www.italtel.com\\\/it\\\/smart-land-e-smart-small-city-guarda-la-video-intervista\\\/\"},\"author\":{\"name\":\"Daniela Fontana\",\"@id\":\"https:\\\/\\\/www.italtel.com\\\/de\\\/#\\\/schema\\\/person\\\/38f315d5a978255f0cf320055bad5afe\"},\"headline\":\"Smart Land e Smart Small City \u2013 guarda la video intervista\",\"datePublished\":\"2019-11-04T06:56:38+00:00\",\"dateModified\":\"2024-08-09T10:41:40+00:00\",\"mainEntityOfPage\":{\"@id\":\"https:\\\/\\\/www.italtel.com\\\/it\\\/smart-land-e-smart-small-city-guarda-la-video-intervista\\\/\"},\"wordCount\":90,\"publisher\":{\"@id\":\"https:\\\/\\\/www.italtel.com\\\/de\\\/#organization\"},\"image\":{\"@id\":\"https:\\\/\\\/www.italtel.com\\\/it\\\/smart-land-e-smart-small-city-guarda-la-video-intervista\\\/#primaryimage\"},\"thumbnailUrl\":\"https:\\\/\\\/www.italtel.com\\\/wp-content\\\/uploads\\\/2024\\\/01\\\/Luca-Ferraris-Smart-City-Now-2019.png\",\"articleSection\":[\"News\"],\"inLanguage\":\"it-IT\"},{\"@type\":\"WebPage\",\"@id\":\"https:\\\/\\\/www.italtel.com\\\/it\\\/smart-land-e-smart-small-city-guarda-la-video-intervista\\\/\",\"url\":\"https:\\\/\\\/www.italtel.com\\\/it\\\/smart-land-e-smart-small-city-guarda-la-video-intervista\\\/\",\"name\":\"Smart Land e Smart Small City \u2013 guarda la video intervista - Italtel\",\"isPartOf\":{\"@id\":\"https:\\\/\\\/www.italtel.com\\\/de\\\/#website\"},\"primaryImageOfPage\":{\"@id\":\"https:\\\/\\\/www.italtel.com\\\/it\\\/smart-land-e-smart-small-city-guarda-la-video-intervista\\\/#primaryimage\"},\"image\":{\"@id\":\"https:\\\/\\\/www.italtel.com\\\/it\\\/smart-land-e-smart-small-city-guarda-la-video-intervista\\\/#primaryimage\"},\"thumbnailUrl\":\"https:\\\/\\\/www.italtel.com\\\/wp-content\\\/uploads\\\/2024\\\/01\\\/Luca-Ferraris-Smart-City-Now-2019.png\",\"datePublished\":\"2019-11-04T06:56:38+00:00\",\"dateModified\":\"2024-08-09T10:41:40+00:00\",\"breadcrumb\":{\"@id\":\"https:\\\/\\\/www.italtel.com\\\/it\\\/smart-land-e-smart-small-city-guarda-la-video-intervista\\\/#breadcrumb\"},\"inLanguage\":\"it-IT\",\"potentialAction\":[{\"@type\":\"ReadAction\",\"target\":[\"https:\\\/\\\/www.italtel.com\\\/it\\\/smart-land-e-smart-small-city-guarda-la-video-intervista\\\/\"]}]},{\"@type\":\"ImageObject\",\"inLanguage\":\"it-IT\",\"@id\":\"https:\\\/\\\/www.italtel.com\\\/it\\\/smart-land-e-smart-small-city-guarda-la-video-intervista\\\/#primaryimage\",\"url\":\"https:\\\/\\\/www.italtel.com\\\/wp-content\\\/uploads\\\/2024\\\/01\\\/Luca-Ferraris-Smart-City-Now-2019.png\",\"contentUrl\":\"https:\\\/\\\/www.italtel.com\\\/wp-content\\\/uploads\\\/2024\\\/01\\\/Luca-Ferraris-Smart-City-Now-2019.png\",\"width\":1920,\"height\":1080},{\"@type\":\"BreadcrumbList\",\"@id\":\"https:\\\/\\\/www.italtel.com\\\/it\\\/smart-land-e-smart-small-city-guarda-la-video-intervista\\\/#breadcrumb\",\"itemListElement\":[{\"@type\":\"ListItem\",\"position\":1,\"name\":\"Home\",\"item\":\"https:\\\/\\\/www.italtel.com\\\/it\\\/\"},{\"@type\":\"ListItem\",\"position\":2,\"name\":\"Smart Land e Smart Small City \u2013 guarda la video intervista\"}]},{\"@type\":\"WebSite\",\"@id\":\"https:\\\/\\\/www.italtel.com\\\/de\\\/#website\",\"url\":\"https:\\\/\\\/www.italtel.com\\\/de\\\/\",\"name\":\"Italtel\",\"description\":\"Italtel Group&#039;s company website\",\"publisher\":{\"@id\":\"https:\\\/\\\/www.italtel.com\\\/de\\\/#organization\"},\"potentialAction\":[{\"@type\":\"SearchAction\",\"target\":{\"@type\":\"EntryPoint\",\"urlTemplate\":\"https:\\\/\\\/www.italtel.com\\\/de\\\/?s={search_term_string}\"},\"query-input\":{\"@type\":\"PropertyValueSpecification\",\"valueRequired\":true,\"valueName\":\"search_term_string\"}}],\"inLanguage\":\"it-IT\"},{\"@type\":\"Organization\",\"@id\":\"https:\\\/\\\/www.italtel.com\\\/de\\\/#organization\",\"name\":\"Italtel S.p.A.\",\"url\":\"https:\\\/\\\/www.italtel.com\\\/de\\\/\",\"logo\":{\"@type\":\"ImageObject\",\"inLanguage\":\"it-IT\",\"@id\":\"https:\\\/\\\/www.italtel.com\\\/de\\\/#\\\/schema\\\/logo\\\/image\\\/\",\"url\":\"https:\\\/\\\/www.italtel.com\\\/wp-content\\\/uploads\\\/2024\\\/11\\\/Italtel_logo.png\",\"contentUrl\":\"https:\\\/\\\/www.italtel.com\\\/wp-content\\\/uploads\\\/2024\\\/11\\\/Italtel_logo.png\",\"width\":591,\"height\":139,\"caption\":\"Italtel S.p.A.\"},\"image\":{\"@id\":\"https:\\\/\\\/www.italtel.com\\\/de\\\/#\\\/schema\\\/logo\\\/image\\\/\"},\"sameAs\":[\"https:\\\/\\\/x.com\\\/Italtel\",\"https:\\\/\\\/www.linkedin.com\\\/company\\\/italtel\\\/\",\"https:\\\/\\\/www.instagram.com\\\/italtel_hq\\\/\"]},{\"@type\":\"Person\",\"@id\":\"https:\\\/\\\/www.italtel.com\\\/de\\\/#\\\/schema\\\/person\\\/38f315d5a978255f0cf320055bad5afe\",\"name\":\"Daniela Fontana\",\"image\":{\"@type\":\"ImageObject\",\"inLanguage\":\"it-IT\",\"@id\":\"https:\\\/\\\/secure.gravatar.com\\\/avatar\\\/834a03b0c73144a8ca36e17dc365b3fbadb34c9e44399b609a00f2231e694f6a?s=96&d=mm&r=g\",\"url\":\"https:\\\/\\\/secure.gravatar.com\\\/avatar\\\/834a03b0c73144a8ca36e17dc365b3fbadb34c9e44399b609a00f2231e694f6a?s=96&d=mm&r=g\",\"contentUrl\":\"https:\\\/\\\/secure.gravatar.com\\\/avatar\\\/834a03b0c73144a8ca36e17dc365b3fbadb34c9e44399b609a00f2231e694f6a?s=96&d=mm&r=g\",\"caption\":\"Daniela Fontana\"}}]}<\/script>\n<!-- \/ Yoast SEO plugin. -->","yoast_head_json":{"title":"Smart Land e Smart Small City \u2013 guarda la video intervista - Italtel","robots":{"index":"index","follow":"follow","max-snippet":"max-snippet:-1","max-image-preview":"max-image-preview:large","max-video-preview":"max-video-preview:-1"},"canonical":"https:\/\/www.italtel.com\/it\/smart-land-e-smart-small-city-guarda-la-video-intervista\/","og_locale":"it_IT","og_type":"article","og_title":"Smart Land e Smart Small City \u2013 guarda la video intervista - Italtel","og_description":"\u00c8 importante non concentrarsi solo sulle grandi citt\u00e0 e cercare nelle nuove tecnologie una risposta al fenomeno dello spopolamento delle citt\u00e0 di provincia. Smart Land e Smart Small City sono&nbsp;...","og_url":"https:\/\/www.italtel.com\/it\/smart-land-e-smart-small-city-guarda-la-video-intervista\/","og_site_name":"Italtel","article_published_time":"2019-11-04T06:56:38+00:00","article_modified_time":"2024-08-09T10:41:40+00:00","og_image":[{"width":1024,"height":576,"url":"https:\/\/www.italtel.com\/wp-content\/uploads\/2024\/01\/Luca-Ferraris-Smart-City-Now-2019-1024x576.png","type":"image\/png"}],"author":"Daniela Fontana","twitter_card":"summary_large_image","twitter_creator":"@Italtel","twitter_site":"@Italtel","twitter_misc":{"Scritto da":"Daniela Fontana"},"schema":{"@context":"https:\/\/schema.org","@graph":[{"@type":"Article","@id":"https:\/\/www.italtel.com\/it\/smart-land-e-smart-small-city-guarda-la-video-intervista\/#article","isPartOf":{"@id":"https:\/\/www.italtel.com\/it\/smart-land-e-smart-small-city-guarda-la-video-intervista\/"},"author":{"name":"Daniela Fontana","@id":"https:\/\/www.italtel.com\/de\/#\/schema\/person\/38f315d5a978255f0cf320055bad5afe"},"headline":"Smart Land e Smart Small City \u2013 guarda la video intervista","datePublished":"2019-11-04T06:56:38+00:00","dateModified":"2024-08-09T10:41:40+00:00","mainEntityOfPage":{"@id":"https:\/\/www.italtel.com\/it\/smart-land-e-smart-small-city-guarda-la-video-intervista\/"},"wordCount":90,"publisher":{"@id":"https:\/\/www.italtel.com\/de\/#organization"},"image":{"@id":"https:\/\/www.italtel.com\/it\/smart-land-e-smart-small-city-guarda-la-video-intervista\/#primaryimage"},"thumbnailUrl":"https:\/\/www.italtel.com\/wp-content\/uploads\/2024\/01\/Luca-Ferraris-Smart-City-Now-2019.png","articleSection":["News"],"inLanguage":"it-IT"},{"@type":"WebPage","@id":"https:\/\/www.italtel.com\/it\/smart-land-e-smart-small-city-guarda-la-video-intervista\/","url":"https:\/\/www.italtel.com\/it\/smart-land-e-smart-small-city-guarda-la-video-intervista\/","name":"Smart Land e Smart Small City \u2013 guarda la video intervista - Italtel","isPartOf":{"@id":"https:\/\/www.italtel.com\/de\/#website"},"primaryImageOfPage":{"@id":"https:\/\/www.italtel.com\/it\/smart-land-e-smart-small-city-guarda-la-video-intervista\/#primaryimage"},"image":{"@id":"https:\/\/www.italtel.com\/it\/smart-land-e-smart-small-city-guarda-la-video-intervista\/#primaryimage"},"thumbnailUrl":"https:\/\/www.italtel.com\/wp-content\/uploads\/2024\/01\/Luca-Ferraris-Smart-City-Now-2019.png","datePublished":"2019-11-04T06:56:38+00:00","dateModified":"2024-08-09T10:41:40+00:00","breadcrumb":{"@id":"https:\/\/www.italtel.com\/it\/smart-land-e-smart-small-city-guarda-la-video-intervista\/#breadcrumb"},"inLanguage":"it-IT","potentialAction":[{"@type":"ReadAction","target":["https:\/\/www.italtel.com\/it\/smart-land-e-smart-small-city-guarda-la-video-intervista\/"]}]},{"@type":"ImageObject","inLanguage":"it-IT","@id":"https:\/\/www.italtel.com\/it\/smart-land-e-smart-small-city-guarda-la-video-intervista\/#primaryimage","url":"https:\/\/www.italtel.com\/wp-content\/uploads\/2024\/01\/Luca-Ferraris-Smart-City-Now-2019.png","contentUrl":"https:\/\/www.italtel.com\/wp-content\/uploads\/2024\/01\/Luca-Ferraris-Smart-City-Now-2019.png","width":1920,"height":1080},{"@type":"BreadcrumbList","@id":"https:\/\/www.italtel.com\/it\/smart-land-e-smart-small-city-guarda-la-video-intervista\/#breadcrumb","itemListElement":[{"@type":"ListItem","position":1,"name":"Home","item":"https:\/\/www.italtel.com\/it\/"},{"@type":"ListItem","position":2,"name":"Smart Land e Smart Small City \u2013 guarda la video intervista"}]},{"@type":"WebSite","@id":"https:\/\/www.italtel.com\/de\/#website","url":"https:\/\/www.italtel.com\/de\/","name":"Italtel","description":"Italtel Group&#039;s company website","publisher":{"@id":"https:\/\/www.italtel.com\/de\/#organization"},"potentialAction":[{"@type":"SearchAction","target":{"@type":"EntryPoint","urlTemplate":"https:\/\/www.italtel.com\/de\/?s={search_term_string}"},"query-input":{"@type":"PropertyValueSpecification","valueRequired":true,"valueName":"search_term_string"}}],"inLanguage":"it-IT"},{"@type":"Organization","@id":"https:\/\/www.italtel.com\/de\/#organization","name":"Italtel S.p.A.","url":"https:\/\/www.italtel.com\/de\/","logo":{"@type":"ImageObject","inLanguage":"it-IT","@id":"https:\/\/www.italtel.com\/de\/#\/schema\/logo\/image\/","url":"https:\/\/www.italtel.com\/wp-content\/uploads\/2024\/11\/Italtel_logo.png","contentUrl":"https:\/\/www.italtel.com\/wp-content\/uploads\/2024\/11\/Italtel_logo.png","width":591,"height":139,"caption":"Italtel S.p.A."},"image":{"@id":"https:\/\/www.italtel.com\/de\/#\/schema\/logo\/image\/"},"sameAs":["https:\/\/x.com\/Italtel","https:\/\/www.linkedin.com\/company\/italtel\/","https:\/\/www.instagram.com\/italtel_hq\/"]},{"@type":"Person","@id":"https:\/\/www.italtel.com\/de\/#\/schema\/person\/38f315d5a978255f0cf320055bad5afe","name":"Daniela Fontana","image":{"@type":"ImageObject","inLanguage":"it-IT","@id":"https:\/\/secure.gravatar.com\/avatar\/834a03b0c73144a8ca36e17dc365b3fbadb34c9e44399b609a00f2231e694f6a?s=96&d=mm&r=g","url":"https:\/\/secure.gravatar.com\/avatar\/834a03b0c73144a8ca36e17dc365b3fbadb34c9e44399b609a00f2231e694f6a?s=96&d=mm&r=g","contentUrl":"https:\/\/secure.gravatar.com\/avatar\/834a03b0c73144a8ca36e17dc365b3fbadb34c9e44399b609a00f2231e694f6a?s=96&d=mm&r=g","caption":"Daniela Fontana"}}]}},"_links":{"self":[{"href":"https:\/\/www.italtel.com\/it\/wp-json\/wp\/v2\/posts\/54954","targetHints":{"allow":["GET"]}}],"collection":[{"href":"https:\/\/www.italtel.com\/it\/wp-json\/wp\/v2\/posts"}],"about":[{"href":"https:\/\/www.italtel.com\/it\/wp-json\/wp\/v2\/types\/post"}],"author":[{"embeddable":true,"href":"https:\/\/www.italtel.com\/it\/wp-json\/wp\/v2\/users\/6"}],"replies":[{"embeddable":true,"href":"https:\/\/www.italtel.com\/it\/wp-json\/wp\/v2\/comments?post=54954"}],"version-history":[{"count":1,"href":"https:\/\/www.italtel.com\/it\/wp-json\/wp\/v2\/posts\/54954\/revisions"}],"predecessor-version":[{"id":57377,"href":"https:\/\/www.italtel.com\/it\/wp-json\/wp\/v2\/posts\/54954\/revisions\/57377"}],"wp:featuredmedia":[{"embeddable":true,"href":"https:\/\/www.italtel.com\/it\/wp-json\/wp\/v2\/media\/48574"}],"wp:attachment":[{"href":"https:\/\/www.italtel.com\/it\/wp-json\/wp\/v2\/media?parent=54954"}],"wp:term":[{"taxonomy":"category","embeddable":true,"href":"https:\/\/www.italtel.com\/it\/wp-json\/wp\/v2\/categories?post=54954"},{"taxonomy":"post_tag","embeddable":true,"href":"https:\/\/www.italtel.com\/it\/wp-json\/wp\/v2\/tags?post=54954"}],"curies":[{"name":"wp","href":"https:\/\/api.w.org\/{rel}","templated":true}]}}