{"id":55065,"date":"2018-10-29T14:35:47","date_gmt":"2018-10-29T12:35:47","guid":{"rendered":"https:\/\/www.italtel.com\/adesione-a-smartcommuntiestech\/"},"modified":"2018-10-29T14:35:47","modified_gmt":"2018-10-29T12:35:47","slug":"adesione-a-smartcommuntiestech","status":"publish","type":"post","link":"https:\/\/www.italtel.com\/it\/adesione-a-smartcommuntiestech\/","title":{"rendered":"Adesione a SmartCommuntiesTech"},"content":{"rendered":"<p><img decoding=\"async\" class=\"alignright\" src=\"http:\/\/www.italtel.com\/content\/uploads\/2018\/10\/Cluster-Smart-Communities-Tech-300x187.jpg\" \/>Italtel \u00e8 <strong>Aderente Sostenitore del Cluster Tecnologico Nazionale<\/strong> per le Smart Communities, SmartCommuntiesTech, per l\u2019anno 2018, oltre che svolgere un ruolo rilevante nel Cluster Tecnologico per le Smart Cities &amp; Communities \u2013 Lombardia, il cui Presidente \u00e8 l\u2019ing. <strong>Stefano Pileri<\/strong> e Direttore \u00e8 l\u2019ing. <strong>Luca Ferraris<\/strong>.<\/p>\n<p>l Cluster Tecnologici in ambito Smart Cities &amp; Communities sono una rete nazionale di attori territoriali, industriali e di ricerca che collaborano e sviluppano progetti di innovazione per rispondere alle sfide sociali delle moderne comunit\u00e0: dalla mobilit\u00e0 e sicurezza del territorio, all&#8217;efficienza energetica e sostenibilit\u00e0 ambientale, dall&#8217;amministrazione digitale ai temi legati alla qualit\u00e0 della vita come istruzione e formazione, cultura e turismo, salute e benessere.<\/p>\n<p>Le principali attivit\u00e0 svolte dai Cluster sono:<\/p>\n<ul>\n<li>Business development nazionale ed internazionale;<\/li>\n<li>Gruppi di lavoro tematici;<\/li>\n<li>Supporto di ricerca e innovazione: assistenza allo sviluppo progettuale (su fondi regionali, nazionali ed europei) e l\u2019allineamento con le agende strategiche di riferimento a livello sia nazionale sia internazionale (con particolare riferimento al programma comunitario Horizon 2020).<\/li>\n<\/ul>\n<p>Per maggiori info: <a href=\"http:\/\/www.smartcommunitiestech.it\/\">http:\/\/www.smartcommunitiestech.it\/<\/a> e <a href=\"http:\/\/www.clusterscclombardia.it\/\">http:\/\/www.clusterscclombardia.it\/<\/a>.<\/p>\n<p><a href=\"http:\/\/www.smartcommunitiestech.it\/\"><img decoding=\"async\" class=\"alignleft\" src=\"http:\/\/www.italtel.com\/content\/uploads\/2018\/10\/SmartCommunitiesTech_member-300x89.png\" \/><\/a><\/p>\n","protected":false},"excerpt":{"rendered":"<p>Italtel \u00e8 Aderente Sostenitore del Cluster Tecnologico Nazionale per le Smart Communities, SmartCommuntiesTech, per l\u2019anno 2018, oltre che svolgere un ruolo rilevante nel Cluster Tecnologico per le Smart Cities &amp;&nbsp;&#8230;<\/p>\n","protected":false},"author":6,"featured_media":48832,"comment_status":"closed","ping_status":"closed","sticky":false,"template":"","format":"standard","meta":{"footnotes":""},"categories":[378],"tags":[],"class_list":["post-55065","post","type-post","status-publish","format-standard","has-post-thumbnail","hentry","category-news-it"],"yoast_head":"<!-- This site is optimized with the Yoast SEO plugin v27.4 - https:\/\/yoast.com\/product\/yoast-seo-wordpress\/ -->\n<title>Adesione a SmartCommuntiesTech - Italtel<\/title>\n<meta name=\"robots\" content=\"index, follow, max-snippet:-1, max-image-preview:large, max-video-preview:-1\" \/>\n<link rel=\"canonical\" href=\"https:\/\/www.italtel.com\/it\/adesione-a-smartcommuntiestech\/\" \/>\n<meta property=\"og:locale\" content=\"it_IT\" \/>\n<meta property=\"og:type\" content=\"article\" \/>\n<meta property=\"og:title\" content=\"Adesione a SmartCommuntiesTech - Italtel\" \/>\n<meta property=\"og:description\" content=\"Italtel \u00e8 Aderente Sostenitore del Cluster Tecnologico Nazionale per le Smart Communities, SmartCommuntiesTech, per l\u2019anno 2018, oltre che svolgere un ruolo rilevante nel Cluster Tecnologico per le Smart Cities &amp;&nbsp;...\" \/>\n<meta property=\"og:url\" content=\"https:\/\/www.italtel.com\/it\/adesione-a-smartcommuntiestech\/\" \/>\n<meta property=\"og:site_name\" content=\"Italtel\" \/>\n<meta property=\"article:published_time\" content=\"2018-10-29T12:35:47+00:00\" \/>\n<meta property=\"og:image\" content=\"https:\/\/www.italtel.com\/wp-content\/uploads\/2024\/01\/Cluster-Smart-Communities-Tech.jpg\" \/>\n\t<meta property=\"og:image:width\" content=\"1236\" \/>\n\t<meta property=\"og:image:height\" content=\"770\" \/>\n\t<meta property=\"og:image:type\" content=\"image\/jpeg\" \/>\n<meta name=\"author\" content=\"Daniela Fontana\" \/>\n<meta name=\"twitter:card\" content=\"summary_large_image\" \/>\n<meta name=\"twitter:creator\" content=\"@Italtel\" \/>\n<meta name=\"twitter:site\" content=\"@Italtel\" \/>\n<meta name=\"twitter:label1\" content=\"Scritto da\" \/>\n\t<meta name=\"twitter:data1\" content=\"Daniela Fontana\" \/>\n\t<meta name=\"twitter:label2\" content=\"Tempo di lettura stimato\" \/>\n\t<meta name=\"twitter:data2\" content=\"1 minuto\" \/>\n<script type=\"application\/ld+json\" class=\"yoast-schema-graph\">{\"@context\":\"https:\\\/\\\/schema.org\",\"@graph\":[{\"@type\":\"Article\",\"@id\":\"https:\\\/\\\/www.italtel.com\\\/it\\\/adesione-a-smartcommuntiestech\\\/#article\",\"isPartOf\":{\"@id\":\"https:\\\/\\\/www.italtel.com\\\/it\\\/adesione-a-smartcommuntiestech\\\/\"},\"author\":{\"name\":\"Daniela Fontana\",\"@id\":\"https:\\\/\\\/www.italtel.com\\\/de\\\/#\\\/schema\\\/person\\\/38f315d5a978255f0cf320055bad5afe\"},\"headline\":\"Adesione a SmartCommuntiesTech\",\"datePublished\":\"2018-10-29T12:35:47+00:00\",\"mainEntityOfPage\":{\"@id\":\"https:\\\/\\\/www.italtel.com\\\/it\\\/adesione-a-smartcommuntiestech\\\/\"},\"wordCount\":179,\"publisher\":{\"@id\":\"https:\\\/\\\/www.italtel.com\\\/de\\\/#organization\"},\"image\":{\"@id\":\"https:\\\/\\\/www.italtel.com\\\/it\\\/adesione-a-smartcommuntiestech\\\/#primaryimage\"},\"thumbnailUrl\":\"https:\\\/\\\/www.italtel.com\\\/wp-content\\\/uploads\\\/2024\\\/01\\\/Cluster-Smart-Communities-Tech.jpg\",\"articleSection\":[\"News\"],\"inLanguage\":\"it-IT\"},{\"@type\":\"WebPage\",\"@id\":\"https:\\\/\\\/www.italtel.com\\\/it\\\/adesione-a-smartcommuntiestech\\\/\",\"url\":\"https:\\\/\\\/www.italtel.com\\\/it\\\/adesione-a-smartcommuntiestech\\\/\",\"name\":\"Adesione a SmartCommuntiesTech - Italtel\",\"isPartOf\":{\"@id\":\"https:\\\/\\\/www.italtel.com\\\/de\\\/#website\"},\"primaryImageOfPage\":{\"@id\":\"https:\\\/\\\/www.italtel.com\\\/it\\\/adesione-a-smartcommuntiestech\\\/#primaryimage\"},\"image\":{\"@id\":\"https:\\\/\\\/www.italtel.com\\\/it\\\/adesione-a-smartcommuntiestech\\\/#primaryimage\"},\"thumbnailUrl\":\"https:\\\/\\\/www.italtel.com\\\/wp-content\\\/uploads\\\/2024\\\/01\\\/Cluster-Smart-Communities-Tech.jpg\",\"datePublished\":\"2018-10-29T12:35:47+00:00\",\"breadcrumb\":{\"@id\":\"https:\\\/\\\/www.italtel.com\\\/it\\\/adesione-a-smartcommuntiestech\\\/#breadcrumb\"},\"inLanguage\":\"it-IT\",\"potentialAction\":[{\"@type\":\"ReadAction\",\"target\":[\"https:\\\/\\\/www.italtel.com\\\/it\\\/adesione-a-smartcommuntiestech\\\/\"]}]},{\"@type\":\"ImageObject\",\"inLanguage\":\"it-IT\",\"@id\":\"https:\\\/\\\/www.italtel.com\\\/it\\\/adesione-a-smartcommuntiestech\\\/#primaryimage\",\"url\":\"https:\\\/\\\/www.italtel.com\\\/wp-content\\\/uploads\\\/2024\\\/01\\\/Cluster-Smart-Communities-Tech.jpg\",\"contentUrl\":\"https:\\\/\\\/www.italtel.com\\\/wp-content\\\/uploads\\\/2024\\\/01\\\/Cluster-Smart-Communities-Tech.jpg\",\"width\":1236,\"height\":770},{\"@type\":\"BreadcrumbList\",\"@id\":\"https:\\\/\\\/www.italtel.com\\\/it\\\/adesione-a-smartcommuntiestech\\\/#breadcrumb\",\"itemListElement\":[{\"@type\":\"ListItem\",\"position\":1,\"name\":\"Home\",\"item\":\"https:\\\/\\\/www.italtel.com\\\/it\\\/\"},{\"@type\":\"ListItem\",\"position\":2,\"name\":\"Adesione a SmartCommuntiesTech\"}]},{\"@type\":\"WebSite\",\"@id\":\"https:\\\/\\\/www.italtel.com\\\/de\\\/#website\",\"url\":\"https:\\\/\\\/www.italtel.com\\\/de\\\/\",\"name\":\"Italtel\",\"description\":\"Italtel Group&#039;s company website\",\"publisher\":{\"@id\":\"https:\\\/\\\/www.italtel.com\\\/de\\\/#organization\"},\"potentialAction\":[{\"@type\":\"SearchAction\",\"target\":{\"@type\":\"EntryPoint\",\"urlTemplate\":\"https:\\\/\\\/www.italtel.com\\\/de\\\/?s={search_term_string}\"},\"query-input\":{\"@type\":\"PropertyValueSpecification\",\"valueRequired\":true,\"valueName\":\"search_term_string\"}}],\"inLanguage\":\"it-IT\"},{\"@type\":\"Organization\",\"@id\":\"https:\\\/\\\/www.italtel.com\\\/de\\\/#organization\",\"name\":\"Italtel S.p.A.\",\"url\":\"https:\\\/\\\/www.italtel.com\\\/de\\\/\",\"logo\":{\"@type\":\"ImageObject\",\"inLanguage\":\"it-IT\",\"@id\":\"https:\\\/\\\/www.italtel.com\\\/de\\\/#\\\/schema\\\/logo\\\/image\\\/\",\"url\":\"https:\\\/\\\/www.italtel.com\\\/wp-content\\\/uploads\\\/2024\\\/11\\\/Italtel_logo.png\",\"contentUrl\":\"https:\\\/\\\/www.italtel.com\\\/wp-content\\\/uploads\\\/2024\\\/11\\\/Italtel_logo.png\",\"width\":591,\"height\":139,\"caption\":\"Italtel S.p.A.\"},\"image\":{\"@id\":\"https:\\\/\\\/www.italtel.com\\\/de\\\/#\\\/schema\\\/logo\\\/image\\\/\"},\"sameAs\":[\"https:\\\/\\\/x.com\\\/Italtel\",\"https:\\\/\\\/www.linkedin.com\\\/company\\\/italtel\\\/\",\"https:\\\/\\\/www.instagram.com\\\/italtel_hq\\\/\"]},{\"@type\":\"Person\",\"@id\":\"https:\\\/\\\/www.italtel.com\\\/de\\\/#\\\/schema\\\/person\\\/38f315d5a978255f0cf320055bad5afe\",\"name\":\"Daniela Fontana\",\"image\":{\"@type\":\"ImageObject\",\"inLanguage\":\"it-IT\",\"@id\":\"https:\\\/\\\/secure.gravatar.com\\\/avatar\\\/834a03b0c73144a8ca36e17dc365b3fbadb34c9e44399b609a00f2231e694f6a?s=96&d=mm&r=g\",\"url\":\"https:\\\/\\\/secure.gravatar.com\\\/avatar\\\/834a03b0c73144a8ca36e17dc365b3fbadb34c9e44399b609a00f2231e694f6a?s=96&d=mm&r=g\",\"contentUrl\":\"https:\\\/\\\/secure.gravatar.com\\\/avatar\\\/834a03b0c73144a8ca36e17dc365b3fbadb34c9e44399b609a00f2231e694f6a?s=96&d=mm&r=g\",\"caption\":\"Daniela Fontana\"}}]}<\/script>\n<!-- \/ Yoast SEO plugin. -->","yoast_head_json":{"title":"Adesione a SmartCommuntiesTech - Italtel","robots":{"index":"index","follow":"follow","max-snippet":"max-snippet:-1","max-image-preview":"max-image-preview:large","max-video-preview":"max-video-preview:-1"},"canonical":"https:\/\/www.italtel.com\/it\/adesione-a-smartcommuntiestech\/","og_locale":"it_IT","og_type":"article","og_title":"Adesione a SmartCommuntiesTech - Italtel","og_description":"Italtel \u00e8 Aderente Sostenitore del Cluster Tecnologico Nazionale per le Smart Communities, SmartCommuntiesTech, per l\u2019anno 2018, oltre che svolgere un ruolo rilevante nel Cluster Tecnologico per le Smart Cities &amp;&nbsp;...","og_url":"https:\/\/www.italtel.com\/it\/adesione-a-smartcommuntiestech\/","og_site_name":"Italtel","article_published_time":"2018-10-29T12:35:47+00:00","og_image":[{"width":1236,"height":770,"url":"https:\/\/www.italtel.com\/wp-content\/uploads\/2024\/01\/Cluster-Smart-Communities-Tech.jpg","type":"image\/jpeg"}],"author":"Daniela Fontana","twitter_card":"summary_large_image","twitter_creator":"@Italtel","twitter_site":"@Italtel","twitter_misc":{"Scritto da":"Daniela Fontana","Tempo di lettura stimato":"1 minuto"},"schema":{"@context":"https:\/\/schema.org","@graph":[{"@type":"Article","@id":"https:\/\/www.italtel.com\/it\/adesione-a-smartcommuntiestech\/#article","isPartOf":{"@id":"https:\/\/www.italtel.com\/it\/adesione-a-smartcommuntiestech\/"},"author":{"name":"Daniela Fontana","@id":"https:\/\/www.italtel.com\/de\/#\/schema\/person\/38f315d5a978255f0cf320055bad5afe"},"headline":"Adesione a SmartCommuntiesTech","datePublished":"2018-10-29T12:35:47+00:00","mainEntityOfPage":{"@id":"https:\/\/www.italtel.com\/it\/adesione-a-smartcommuntiestech\/"},"wordCount":179,"publisher":{"@id":"https:\/\/www.italtel.com\/de\/#organization"},"image":{"@id":"https:\/\/www.italtel.com\/it\/adesione-a-smartcommuntiestech\/#primaryimage"},"thumbnailUrl":"https:\/\/www.italtel.com\/wp-content\/uploads\/2024\/01\/Cluster-Smart-Communities-Tech.jpg","articleSection":["News"],"inLanguage":"it-IT"},{"@type":"WebPage","@id":"https:\/\/www.italtel.com\/it\/adesione-a-smartcommuntiestech\/","url":"https:\/\/www.italtel.com\/it\/adesione-a-smartcommuntiestech\/","name":"Adesione a SmartCommuntiesTech - Italtel","isPartOf":{"@id":"https:\/\/www.italtel.com\/de\/#website"},"primaryImageOfPage":{"@id":"https:\/\/www.italtel.com\/it\/adesione-a-smartcommuntiestech\/#primaryimage"},"image":{"@id":"https:\/\/www.italtel.com\/it\/adesione-a-smartcommuntiestech\/#primaryimage"},"thumbnailUrl":"https:\/\/www.italtel.com\/wp-content\/uploads\/2024\/01\/Cluster-Smart-Communities-Tech.jpg","datePublished":"2018-10-29T12:35:47+00:00","breadcrumb":{"@id":"https:\/\/www.italtel.com\/it\/adesione-a-smartcommuntiestech\/#breadcrumb"},"inLanguage":"it-IT","potentialAction":[{"@type":"ReadAction","target":["https:\/\/www.italtel.com\/it\/adesione-a-smartcommuntiestech\/"]}]},{"@type":"ImageObject","inLanguage":"it-IT","@id":"https:\/\/www.italtel.com\/it\/adesione-a-smartcommuntiestech\/#primaryimage","url":"https:\/\/www.italtel.com\/wp-content\/uploads\/2024\/01\/Cluster-Smart-Communities-Tech.jpg","contentUrl":"https:\/\/www.italtel.com\/wp-content\/uploads\/2024\/01\/Cluster-Smart-Communities-Tech.jpg","width":1236,"height":770},{"@type":"BreadcrumbList","@id":"https:\/\/www.italtel.com\/it\/adesione-a-smartcommuntiestech\/#breadcrumb","itemListElement":[{"@type":"ListItem","position":1,"name":"Home","item":"https:\/\/www.italtel.com\/it\/"},{"@type":"ListItem","position":2,"name":"Adesione a SmartCommuntiesTech"}]},{"@type":"WebSite","@id":"https:\/\/www.italtel.com\/de\/#website","url":"https:\/\/www.italtel.com\/de\/","name":"Italtel","description":"Italtel Group&#039;s company website","publisher":{"@id":"https:\/\/www.italtel.com\/de\/#organization"},"potentialAction":[{"@type":"SearchAction","target":{"@type":"EntryPoint","urlTemplate":"https:\/\/www.italtel.com\/de\/?s={search_term_string}"},"query-input":{"@type":"PropertyValueSpecification","valueRequired":true,"valueName":"search_term_string"}}],"inLanguage":"it-IT"},{"@type":"Organization","@id":"https:\/\/www.italtel.com\/de\/#organization","name":"Italtel S.p.A.","url":"https:\/\/www.italtel.com\/de\/","logo":{"@type":"ImageObject","inLanguage":"it-IT","@id":"https:\/\/www.italtel.com\/de\/#\/schema\/logo\/image\/","url":"https:\/\/www.italtel.com\/wp-content\/uploads\/2024\/11\/Italtel_logo.png","contentUrl":"https:\/\/www.italtel.com\/wp-content\/uploads\/2024\/11\/Italtel_logo.png","width":591,"height":139,"caption":"Italtel S.p.A."},"image":{"@id":"https:\/\/www.italtel.com\/de\/#\/schema\/logo\/image\/"},"sameAs":["https:\/\/x.com\/Italtel","https:\/\/www.linkedin.com\/company\/italtel\/","https:\/\/www.instagram.com\/italtel_hq\/"]},{"@type":"Person","@id":"https:\/\/www.italtel.com\/de\/#\/schema\/person\/38f315d5a978255f0cf320055bad5afe","name":"Daniela Fontana","image":{"@type":"ImageObject","inLanguage":"it-IT","@id":"https:\/\/secure.gravatar.com\/avatar\/834a03b0c73144a8ca36e17dc365b3fbadb34c9e44399b609a00f2231e694f6a?s=96&d=mm&r=g","url":"https:\/\/secure.gravatar.com\/avatar\/834a03b0c73144a8ca36e17dc365b3fbadb34c9e44399b609a00f2231e694f6a?s=96&d=mm&r=g","contentUrl":"https:\/\/secure.gravatar.com\/avatar\/834a03b0c73144a8ca36e17dc365b3fbadb34c9e44399b609a00f2231e694f6a?s=96&d=mm&r=g","caption":"Daniela Fontana"}}]}},"_links":{"self":[{"href":"https:\/\/www.italtel.com\/it\/wp-json\/wp\/v2\/posts\/55065","targetHints":{"allow":["GET"]}}],"collection":[{"href":"https:\/\/www.italtel.com\/it\/wp-json\/wp\/v2\/posts"}],"about":[{"href":"https:\/\/www.italtel.com\/it\/wp-json\/wp\/v2\/types\/post"}],"author":[{"embeddable":true,"href":"https:\/\/www.italtel.com\/it\/wp-json\/wp\/v2\/users\/6"}],"replies":[{"embeddable":true,"href":"https:\/\/www.italtel.com\/it\/wp-json\/wp\/v2\/comments?post=55065"}],"version-history":[{"count":0,"href":"https:\/\/www.italtel.com\/it\/wp-json\/wp\/v2\/posts\/55065\/revisions"}],"wp:featuredmedia":[{"embeddable":true,"href":"https:\/\/www.italtel.com\/it\/wp-json\/wp\/v2\/media\/48832"}],"wp:attachment":[{"href":"https:\/\/www.italtel.com\/it\/wp-json\/wp\/v2\/media?parent=55065"}],"wp:term":[{"taxonomy":"category","embeddable":true,"href":"https:\/\/www.italtel.com\/it\/wp-json\/wp\/v2\/categories?post=55065"},{"taxonomy":"post_tag","embeddable":true,"href":"https:\/\/www.italtel.com\/it\/wp-json\/wp\/v2\/tags?post=55065"}],"curies":[{"name":"wp","href":"https:\/\/api.w.org\/{rel}","templated":true}]}}