{"id":55176,"date":"2018-02-14T14:30:11","date_gmt":"2018-02-14T12:30:11","guid":{"rendered":"https:\/\/www.italtel.com\/reti-di-nuova-generazione-e-servizi-innovativi-verso-il-5g-al-mwc18\/"},"modified":"2024-08-09T12:25:19","modified_gmt":"2024-08-09T10:25:19","slug":"reti-di-nuova-generazione-e-servizi-innovativi-verso-il-5g-al-mwc18","status":"publish","type":"post","link":"https:\/\/www.italtel.com\/it\/reti-di-nuova-generazione-e-servizi-innovativi-verso-il-5g-al-mwc18\/","title":{"rendered":"Reti di nuova generazione e servizi innovativi verso il 5G al MWC18"},"content":{"rendered":"<h5><strong>Italtel ed Exprivia presentano al MWC18 soluzioni per reti di nuova generazione e servizi innovativi verso il 5G<\/strong><\/h5>\n<p><em>Il nuovo gruppo sfrutter\u00e0 le reciproche competenze per supportare la trasformazione digitale in tutti i settori economici.<\/em><\/p>\n<p><strong>Milano, 14 febbraio 2018<\/strong> \u2013 Soluzioni per servizi in logica 5G in settori verticali come l&#8217;industria 4.0, la telemedicina, le smart cities, i media e l&#8217;entertainment, sfruttando le tecnologie dell\u2019Internet delle Cose e la virtualizzazione delle reti: saranno questi alcuni dei temi della presenza di Italtel ed Exprivia al Mobile World Congress 2018 di Barcellona, il pi\u00f9 grande evento mondiale delle tecnologie mobili.<\/p>\n<p>Dall\u2019integrazione tra Exprivia e Italtel, avvenuta lo scorso dicembre, \u00e8 nato un nuovo soggetto nel panorama industriale italiano che giocher\u00e0 un ruolo determinante nel settore ICT; il nuovo gruppo, infatti, si avvale di un capitale umano dotato di elevate competenze e di conoscenze tecnologiche all\u2019avanguardia, in grado di gestire l&#8217;intera catena del valore, dalle componenti dell&#8217;infrastruttura alle applicazioni e i servizi.<\/p>\n<p>&#8220;<em>La confluenza in un unico soggetto dell\u2019offerta di Information Technology di Exprivia e delle competenze di Italtel nelle Telecomunicazioni pone le basi per la nascita di un player di rilievo a livello europeo e internazionale nel mondo delle tecnologie digitali<\/em>&#8220;, <strong>ha commentato Domenico Favuzzi, Presidente di Italtel e CEO di Exprivia<\/strong>. <em>&#8220;Con una forte attenzione all&#8217;innovazione, vogliamo affiancare i fornitori di servizi, le imprese e le amministrazioni pubbliche durante il percorso verso la trasformazione digitale<\/em>.\u201d<\/p>\n<p><em>&#8220;Mentre la domanda di dati, di nuovi servizi e di prestazioni di rete continua ad aumentare, gli operatori devono far evolvere le loro attuali infrastrutture per supportare la piena digitalizzazione e soddisfare le tendenze presenti e future del mercato&#8221;, <\/em><strong>ha dichiarato Stefano Pileri, CEO di Italtel<\/strong>. &#8220;<em>In questo contesto, l&#8217;esperienza congiunta di Italtel ed Exprivia pu\u00f2 tradurre la trasformazione digitale in realt\u00e0, consentendo cos\u00ec il passaggio alla prossima era di connettivit\u00e0.<\/em>&#8221;<\/p>\n<p>Il Mobile World Congress sar\u00e0 lo scenario della prima presenza congiunta delle due aziende dalla loro integrazione, con una vetrina che include soluzioni in quattro grandi ambiti:<\/p>\n<ul>\n<li>I <strong>Servizi 5G<\/strong> in settori come: le <strong>Smart Cities<\/strong>, con una piattaforma integrata per gestire i servizi urbani; la <strong>Smart Healthcare<\/strong>, con una soluzione di telemedicina e assistenza remota con ausilio di assistente vocale guidato dall\u2019intelligenza artificiale; l&#8217;<strong>Industria 4.0<\/strong>, con casi d&#8217;uso che comprendono soluzioni per connettere le macchine industriali alle applicazioni IT aziendali, soluzioni per il dialogo uomo-macchina in linguaggio naturale (basato su chatbot) e soluzioni di remote assistance per migliorare la sicurezza del personale negli ambienti di lavoro.<\/li>\n<li><strong>Infrastruttura digitale<\/strong>: il fattore abilitante per questi ad altri nuovi servizi sono le infrastrutture Ultra Broadband e 5G; verr\u00e0 presentata la visione di Italtel ed Exprivia su questi temi e mostrato un caso d\u2019uso che trova applicazione in luoghi affollati come musei, aeroporti, centri commerciali e che permette la condivisione veloce ed efficace di video in alta definizione secondo il paradigma MEC (Multi-Access Edge Computing).<\/li>\n<li><strong>Open Innovation<\/strong>: saranno presentate demo derivanti dall&#8217;ecosistema di open innovation di Italtel quali l\u2019applicazione \u201csmart locking\u201d, una serratura intelligente gestita da smartphone e applicabili a diversi contesti, e una soluzione basata su Blockchain per il tracciamento e il monitoraggio della catena del valore alimentare.<\/li>\n<li><strong>Customer Experience: <\/strong>sfruttando i big data e i dati analitici, verr\u00e0 presentato un caso d&#8217;uso incentrato sulla qualit\u00e0 del servizio, per dimostrare come un singolo punto di controllo possa aiutare le imprese a gestire meglio le spese di telecomunicazione.<\/li>\n<\/ul>\n<p>Italtel ed Exprivia esporranno le loro soluzioni al Mobile World Congress, stand 2G10, Hall 2, a Barcellona, da luned\u00ec 26 febbraio a gioved\u00ec 1 marzo.<\/p>\n<p><a href=\"\/?p=12607\">CLICCA QUI<\/a>\u00a0per scoprire in dettaglio quanto presenteremo.<\/p>\n","protected":false},"excerpt":{"rendered":"<p>Italtel ed Exprivia presentano al MWC18 soluzioni per reti di nuova generazione e servizi innovativi verso il 5G Il nuovo gruppo sfrutter\u00e0 le reciproche competenze per supportare la trasformazione digitale&nbsp;&#8230;<\/p>\n","protected":false},"author":6,"featured_media":49086,"comment_status":"closed","ping_status":"closed","sticky":false,"template":"","format":"standard","meta":{"footnotes":""},"categories":[732],"tags":[439,422,578,612,487,608,702,609],"class_list":["post-55176","post","type-post","status-publish","format-standard","has-post-thumbnail","hentry","category-comunicato-stampa","tag-5g","tag-cyber-security","tag-industria-4-0","tag-industry-4-0","tag-iot","tag-nfv","tag-open-innovation","tag-sdn"],"yoast_head":"<!-- This site is optimized with the Yoast SEO plugin v27.4 - https:\/\/yoast.com\/product\/yoast-seo-wordpress\/ -->\n<title>Reti di nuova generazione e servizi innovativi verso il 5G al MWC18 - Italtel<\/title>\n<meta name=\"robots\" content=\"index, follow, max-snippet:-1, max-image-preview:large, max-video-preview:-1\" \/>\n<link rel=\"canonical\" href=\"https:\/\/www.italtel.com\/it\/reti-di-nuova-generazione-e-servizi-innovativi-verso-il-5g-al-mwc18\/\" \/>\n<meta property=\"og:locale\" content=\"it_IT\" \/>\n<meta property=\"og:type\" content=\"article\" \/>\n<meta property=\"og:title\" content=\"Reti di nuova generazione e servizi innovativi verso il 5G al MWC18 - Italtel\" \/>\n<meta property=\"og:description\" content=\"Italtel ed Exprivia presentano al MWC18 soluzioni per reti di nuova generazione e servizi innovativi verso il 5G Il nuovo gruppo sfrutter\u00e0 le reciproche competenze per supportare la trasformazione digitale&nbsp;...\" \/>\n<meta property=\"og:url\" content=\"https:\/\/www.italtel.com\/it\/reti-di-nuova-generazione-e-servizi-innovativi-verso-il-5g-al-mwc18\/\" \/>\n<meta property=\"og:site_name\" content=\"Italtel\" \/>\n<meta property=\"article:published_time\" content=\"2018-02-14T12:30:11+00:00\" \/>\n<meta property=\"article:modified_time\" content=\"2024-08-09T10:25:19+00:00\" \/>\n<meta property=\"og:image\" content=\"https:\/\/www.italtel.com\/wp-content\/uploads\/2024\/01\/WhatsApp-Image-2017-02-28-at-11.04.30.jpeg\" \/>\n\t<meta property=\"og:image:width\" content=\"1600\" \/>\n\t<meta property=\"og:image:height\" content=\"900\" \/>\n\t<meta property=\"og:image:type\" content=\"image\/jpeg\" \/>\n<meta name=\"author\" content=\"Daniela Fontana\" \/>\n<meta name=\"twitter:card\" content=\"summary_large_image\" \/>\n<meta name=\"twitter:creator\" content=\"@Italtel\" \/>\n<meta name=\"twitter:site\" content=\"@Italtel\" \/>\n<meta name=\"twitter:label1\" content=\"Scritto da\" \/>\n\t<meta name=\"twitter:data1\" content=\"Daniela Fontana\" \/>\n\t<meta name=\"twitter:label2\" content=\"Tempo di lettura stimato\" \/>\n\t<meta name=\"twitter:data2\" content=\"3 minuti\" \/>\n<script type=\"application\/ld+json\" class=\"yoast-schema-graph\">{\"@context\":\"https:\\\/\\\/schema.org\",\"@graph\":[{\"@type\":\"Article\",\"@id\":\"https:\\\/\\\/www.italtel.com\\\/it\\\/reti-di-nuova-generazione-e-servizi-innovativi-verso-il-5g-al-mwc18\\\/#article\",\"isPartOf\":{\"@id\":\"https:\\\/\\\/www.italtel.com\\\/it\\\/reti-di-nuova-generazione-e-servizi-innovativi-verso-il-5g-al-mwc18\\\/\"},\"author\":{\"name\":\"Daniela Fontana\",\"@id\":\"https:\\\/\\\/www.italtel.com\\\/de\\\/#\\\/schema\\\/person\\\/38f315d5a978255f0cf320055bad5afe\"},\"headline\":\"Reti di nuova generazione e servizi innovativi verso il 5G al MWC18\",\"datePublished\":\"2018-02-14T12:30:11+00:00\",\"dateModified\":\"2024-08-09T10:25:19+00:00\",\"mainEntityOfPage\":{\"@id\":\"https:\\\/\\\/www.italtel.com\\\/it\\\/reti-di-nuova-generazione-e-servizi-innovativi-verso-il-5g-al-mwc18\\\/\"},\"wordCount\":612,\"publisher\":{\"@id\":\"https:\\\/\\\/www.italtel.com\\\/de\\\/#organization\"},\"image\":{\"@id\":\"https:\\\/\\\/www.italtel.com\\\/it\\\/reti-di-nuova-generazione-e-servizi-innovativi-verso-il-5g-al-mwc18\\\/#primaryimage\"},\"thumbnailUrl\":\"https:\\\/\\\/www.italtel.com\\\/wp-content\\\/uploads\\\/2024\\\/01\\\/WhatsApp-Image-2017-02-28-at-11.04.30.jpeg\",\"keywords\":[\"5G\",\"Cyber Security\",\"Industria 4.0\",\"Industry 4.0\",\"IoT\",\"NFV\",\"open innovation\",\"SDN\"],\"articleSection\":[\"Comunicato stampa\"],\"inLanguage\":\"it-IT\"},{\"@type\":\"WebPage\",\"@id\":\"https:\\\/\\\/www.italtel.com\\\/it\\\/reti-di-nuova-generazione-e-servizi-innovativi-verso-il-5g-al-mwc18\\\/\",\"url\":\"https:\\\/\\\/www.italtel.com\\\/it\\\/reti-di-nuova-generazione-e-servizi-innovativi-verso-il-5g-al-mwc18\\\/\",\"name\":\"Reti di nuova generazione e servizi innovativi verso il 5G al MWC18 - Italtel\",\"isPartOf\":{\"@id\":\"https:\\\/\\\/www.italtel.com\\\/de\\\/#website\"},\"primaryImageOfPage\":{\"@id\":\"https:\\\/\\\/www.italtel.com\\\/it\\\/reti-di-nuova-generazione-e-servizi-innovativi-verso-il-5g-al-mwc18\\\/#primaryimage\"},\"image\":{\"@id\":\"https:\\\/\\\/www.italtel.com\\\/it\\\/reti-di-nuova-generazione-e-servizi-innovativi-verso-il-5g-al-mwc18\\\/#primaryimage\"},\"thumbnailUrl\":\"https:\\\/\\\/www.italtel.com\\\/wp-content\\\/uploads\\\/2024\\\/01\\\/WhatsApp-Image-2017-02-28-at-11.04.30.jpeg\",\"datePublished\":\"2018-02-14T12:30:11+00:00\",\"dateModified\":\"2024-08-09T10:25:19+00:00\",\"breadcrumb\":{\"@id\":\"https:\\\/\\\/www.italtel.com\\\/it\\\/reti-di-nuova-generazione-e-servizi-innovativi-verso-il-5g-al-mwc18\\\/#breadcrumb\"},\"inLanguage\":\"it-IT\",\"potentialAction\":[{\"@type\":\"ReadAction\",\"target\":[\"https:\\\/\\\/www.italtel.com\\\/it\\\/reti-di-nuova-generazione-e-servizi-innovativi-verso-il-5g-al-mwc18\\\/\"]}]},{\"@type\":\"ImageObject\",\"inLanguage\":\"it-IT\",\"@id\":\"https:\\\/\\\/www.italtel.com\\\/it\\\/reti-di-nuova-generazione-e-servizi-innovativi-verso-il-5g-al-mwc18\\\/#primaryimage\",\"url\":\"https:\\\/\\\/www.italtel.com\\\/wp-content\\\/uploads\\\/2024\\\/01\\\/WhatsApp-Image-2017-02-28-at-11.04.30.jpeg\",\"contentUrl\":\"https:\\\/\\\/www.italtel.com\\\/wp-content\\\/uploads\\\/2024\\\/01\\\/WhatsApp-Image-2017-02-28-at-11.04.30.jpeg\",\"width\":1600,\"height\":900},{\"@type\":\"BreadcrumbList\",\"@id\":\"https:\\\/\\\/www.italtel.com\\\/it\\\/reti-di-nuova-generazione-e-servizi-innovativi-verso-il-5g-al-mwc18\\\/#breadcrumb\",\"itemListElement\":[{\"@type\":\"ListItem\",\"position\":1,\"name\":\"Home\",\"item\":\"https:\\\/\\\/www.italtel.com\\\/it\\\/\"},{\"@type\":\"ListItem\",\"position\":2,\"name\":\"Reti di nuova generazione e servizi innovativi verso il 5G al MWC18\"}]},{\"@type\":\"WebSite\",\"@id\":\"https:\\\/\\\/www.italtel.com\\\/de\\\/#website\",\"url\":\"https:\\\/\\\/www.italtel.com\\\/de\\\/\",\"name\":\"Italtel\",\"description\":\"Italtel Group&#039;s company website\",\"publisher\":{\"@id\":\"https:\\\/\\\/www.italtel.com\\\/de\\\/#organization\"},\"potentialAction\":[{\"@type\":\"SearchAction\",\"target\":{\"@type\":\"EntryPoint\",\"urlTemplate\":\"https:\\\/\\\/www.italtel.com\\\/de\\\/?s={search_term_string}\"},\"query-input\":{\"@type\":\"PropertyValueSpecification\",\"valueRequired\":true,\"valueName\":\"search_term_string\"}}],\"inLanguage\":\"it-IT\"},{\"@type\":\"Organization\",\"@id\":\"https:\\\/\\\/www.italtel.com\\\/de\\\/#organization\",\"name\":\"Italtel S.p.A.\",\"url\":\"https:\\\/\\\/www.italtel.com\\\/de\\\/\",\"logo\":{\"@type\":\"ImageObject\",\"inLanguage\":\"it-IT\",\"@id\":\"https:\\\/\\\/www.italtel.com\\\/de\\\/#\\\/schema\\\/logo\\\/image\\\/\",\"url\":\"https:\\\/\\\/www.italtel.com\\\/wp-content\\\/uploads\\\/2024\\\/11\\\/Italtel_logo.png\",\"contentUrl\":\"https:\\\/\\\/www.italtel.com\\\/wp-content\\\/uploads\\\/2024\\\/11\\\/Italtel_logo.png\",\"width\":591,\"height\":139,\"caption\":\"Italtel S.p.A.\"},\"image\":{\"@id\":\"https:\\\/\\\/www.italtel.com\\\/de\\\/#\\\/schema\\\/logo\\\/image\\\/\"},\"sameAs\":[\"https:\\\/\\\/x.com\\\/Italtel\",\"https:\\\/\\\/www.linkedin.com\\\/company\\\/italtel\\\/\",\"https:\\\/\\\/www.instagram.com\\\/italtel_hq\\\/\"]},{\"@type\":\"Person\",\"@id\":\"https:\\\/\\\/www.italtel.com\\\/de\\\/#\\\/schema\\\/person\\\/38f315d5a978255f0cf320055bad5afe\",\"name\":\"Daniela Fontana\",\"image\":{\"@type\":\"ImageObject\",\"inLanguage\":\"it-IT\",\"@id\":\"https:\\\/\\\/secure.gravatar.com\\\/avatar\\\/834a03b0c73144a8ca36e17dc365b3fbadb34c9e44399b609a00f2231e694f6a?s=96&d=mm&r=g\",\"url\":\"https:\\\/\\\/secure.gravatar.com\\\/avatar\\\/834a03b0c73144a8ca36e17dc365b3fbadb34c9e44399b609a00f2231e694f6a?s=96&d=mm&r=g\",\"contentUrl\":\"https:\\\/\\\/secure.gravatar.com\\\/avatar\\\/834a03b0c73144a8ca36e17dc365b3fbadb34c9e44399b609a00f2231e694f6a?s=96&d=mm&r=g\",\"caption\":\"Daniela Fontana\"}}]}<\/script>\n<!-- \/ Yoast SEO plugin. -->","yoast_head_json":{"title":"Reti di nuova generazione e servizi innovativi verso il 5G al MWC18 - Italtel","robots":{"index":"index","follow":"follow","max-snippet":"max-snippet:-1","max-image-preview":"max-image-preview:large","max-video-preview":"max-video-preview:-1"},"canonical":"https:\/\/www.italtel.com\/it\/reti-di-nuova-generazione-e-servizi-innovativi-verso-il-5g-al-mwc18\/","og_locale":"it_IT","og_type":"article","og_title":"Reti di nuova generazione e servizi innovativi verso il 5G al MWC18 - Italtel","og_description":"Italtel ed Exprivia presentano al MWC18 soluzioni per reti di nuova generazione e servizi innovativi verso il 5G Il nuovo gruppo sfrutter\u00e0 le reciproche competenze per supportare la trasformazione digitale&nbsp;...","og_url":"https:\/\/www.italtel.com\/it\/reti-di-nuova-generazione-e-servizi-innovativi-verso-il-5g-al-mwc18\/","og_site_name":"Italtel","article_published_time":"2018-02-14T12:30:11+00:00","article_modified_time":"2024-08-09T10:25:19+00:00","og_image":[{"width":1600,"height":900,"url":"https:\/\/www.italtel.com\/wp-content\/uploads\/2024\/01\/WhatsApp-Image-2017-02-28-at-11.04.30.jpeg","type":"image\/jpeg"}],"author":"Daniela Fontana","twitter_card":"summary_large_image","twitter_creator":"@Italtel","twitter_site":"@Italtel","twitter_misc":{"Scritto da":"Daniela Fontana","Tempo di lettura stimato":"3 minuti"},"schema":{"@context":"https:\/\/schema.org","@graph":[{"@type":"Article","@id":"https:\/\/www.italtel.com\/it\/reti-di-nuova-generazione-e-servizi-innovativi-verso-il-5g-al-mwc18\/#article","isPartOf":{"@id":"https:\/\/www.italtel.com\/it\/reti-di-nuova-generazione-e-servizi-innovativi-verso-il-5g-al-mwc18\/"},"author":{"name":"Daniela Fontana","@id":"https:\/\/www.italtel.com\/de\/#\/schema\/person\/38f315d5a978255f0cf320055bad5afe"},"headline":"Reti di nuova generazione e servizi innovativi verso il 5G al MWC18","datePublished":"2018-02-14T12:30:11+00:00","dateModified":"2024-08-09T10:25:19+00:00","mainEntityOfPage":{"@id":"https:\/\/www.italtel.com\/it\/reti-di-nuova-generazione-e-servizi-innovativi-verso-il-5g-al-mwc18\/"},"wordCount":612,"publisher":{"@id":"https:\/\/www.italtel.com\/de\/#organization"},"image":{"@id":"https:\/\/www.italtel.com\/it\/reti-di-nuova-generazione-e-servizi-innovativi-verso-il-5g-al-mwc18\/#primaryimage"},"thumbnailUrl":"https:\/\/www.italtel.com\/wp-content\/uploads\/2024\/01\/WhatsApp-Image-2017-02-28-at-11.04.30.jpeg","keywords":["5G","Cyber Security","Industria 4.0","Industry 4.0","IoT","NFV","open innovation","SDN"],"articleSection":["Comunicato stampa"],"inLanguage":"it-IT"},{"@type":"WebPage","@id":"https:\/\/www.italtel.com\/it\/reti-di-nuova-generazione-e-servizi-innovativi-verso-il-5g-al-mwc18\/","url":"https:\/\/www.italtel.com\/it\/reti-di-nuova-generazione-e-servizi-innovativi-verso-il-5g-al-mwc18\/","name":"Reti di nuova generazione e servizi innovativi verso il 5G al MWC18 - Italtel","isPartOf":{"@id":"https:\/\/www.italtel.com\/de\/#website"},"primaryImageOfPage":{"@id":"https:\/\/www.italtel.com\/it\/reti-di-nuova-generazione-e-servizi-innovativi-verso-il-5g-al-mwc18\/#primaryimage"},"image":{"@id":"https:\/\/www.italtel.com\/it\/reti-di-nuova-generazione-e-servizi-innovativi-verso-il-5g-al-mwc18\/#primaryimage"},"thumbnailUrl":"https:\/\/www.italtel.com\/wp-content\/uploads\/2024\/01\/WhatsApp-Image-2017-02-28-at-11.04.30.jpeg","datePublished":"2018-02-14T12:30:11+00:00","dateModified":"2024-08-09T10:25:19+00:00","breadcrumb":{"@id":"https:\/\/www.italtel.com\/it\/reti-di-nuova-generazione-e-servizi-innovativi-verso-il-5g-al-mwc18\/#breadcrumb"},"inLanguage":"it-IT","potentialAction":[{"@type":"ReadAction","target":["https:\/\/www.italtel.com\/it\/reti-di-nuova-generazione-e-servizi-innovativi-verso-il-5g-al-mwc18\/"]}]},{"@type":"ImageObject","inLanguage":"it-IT","@id":"https:\/\/www.italtel.com\/it\/reti-di-nuova-generazione-e-servizi-innovativi-verso-il-5g-al-mwc18\/#primaryimage","url":"https:\/\/www.italtel.com\/wp-content\/uploads\/2024\/01\/WhatsApp-Image-2017-02-28-at-11.04.30.jpeg","contentUrl":"https:\/\/www.italtel.com\/wp-content\/uploads\/2024\/01\/WhatsApp-Image-2017-02-28-at-11.04.30.jpeg","width":1600,"height":900},{"@type":"BreadcrumbList","@id":"https:\/\/www.italtel.com\/it\/reti-di-nuova-generazione-e-servizi-innovativi-verso-il-5g-al-mwc18\/#breadcrumb","itemListElement":[{"@type":"ListItem","position":1,"name":"Home","item":"https:\/\/www.italtel.com\/it\/"},{"@type":"ListItem","position":2,"name":"Reti di nuova generazione e servizi innovativi verso il 5G al MWC18"}]},{"@type":"WebSite","@id":"https:\/\/www.italtel.com\/de\/#website","url":"https:\/\/www.italtel.com\/de\/","name":"Italtel","description":"Italtel Group&#039;s company website","publisher":{"@id":"https:\/\/www.italtel.com\/de\/#organization"},"potentialAction":[{"@type":"SearchAction","target":{"@type":"EntryPoint","urlTemplate":"https:\/\/www.italtel.com\/de\/?s={search_term_string}"},"query-input":{"@type":"PropertyValueSpecification","valueRequired":true,"valueName":"search_term_string"}}],"inLanguage":"it-IT"},{"@type":"Organization","@id":"https:\/\/www.italtel.com\/de\/#organization","name":"Italtel S.p.A.","url":"https:\/\/www.italtel.com\/de\/","logo":{"@type":"ImageObject","inLanguage":"it-IT","@id":"https:\/\/www.italtel.com\/de\/#\/schema\/logo\/image\/","url":"https:\/\/www.italtel.com\/wp-content\/uploads\/2024\/11\/Italtel_logo.png","contentUrl":"https:\/\/www.italtel.com\/wp-content\/uploads\/2024\/11\/Italtel_logo.png","width":591,"height":139,"caption":"Italtel S.p.A."},"image":{"@id":"https:\/\/www.italtel.com\/de\/#\/schema\/logo\/image\/"},"sameAs":["https:\/\/x.com\/Italtel","https:\/\/www.linkedin.com\/company\/italtel\/","https:\/\/www.instagram.com\/italtel_hq\/"]},{"@type":"Person","@id":"https:\/\/www.italtel.com\/de\/#\/schema\/person\/38f315d5a978255f0cf320055bad5afe","name":"Daniela Fontana","image":{"@type":"ImageObject","inLanguage":"it-IT","@id":"https:\/\/secure.gravatar.com\/avatar\/834a03b0c73144a8ca36e17dc365b3fbadb34c9e44399b609a00f2231e694f6a?s=96&d=mm&r=g","url":"https:\/\/secure.gravatar.com\/avatar\/834a03b0c73144a8ca36e17dc365b3fbadb34c9e44399b609a00f2231e694f6a?s=96&d=mm&r=g","contentUrl":"https:\/\/secure.gravatar.com\/avatar\/834a03b0c73144a8ca36e17dc365b3fbadb34c9e44399b609a00f2231e694f6a?s=96&d=mm&r=g","caption":"Daniela Fontana"}}]}},"_links":{"self":[{"href":"https:\/\/www.italtel.com\/it\/wp-json\/wp\/v2\/posts\/55176","targetHints":{"allow":["GET"]}}],"collection":[{"href":"https:\/\/www.italtel.com\/it\/wp-json\/wp\/v2\/posts"}],"about":[{"href":"https:\/\/www.italtel.com\/it\/wp-json\/wp\/v2\/types\/post"}],"author":[{"embeddable":true,"href":"https:\/\/www.italtel.com\/it\/wp-json\/wp\/v2\/users\/6"}],"replies":[{"embeddable":true,"href":"https:\/\/www.italtel.com\/it\/wp-json\/wp\/v2\/comments?post=55176"}],"version-history":[{"count":1,"href":"https:\/\/www.italtel.com\/it\/wp-json\/wp\/v2\/posts\/55176\/revisions"}],"predecessor-version":[{"id":57061,"href":"https:\/\/www.italtel.com\/it\/wp-json\/wp\/v2\/posts\/55176\/revisions\/57061"}],"wp:featuredmedia":[{"embeddable":true,"href":"https:\/\/www.italtel.com\/it\/wp-json\/wp\/v2\/media\/49086"}],"wp:attachment":[{"href":"https:\/\/www.italtel.com\/it\/wp-json\/wp\/v2\/media?parent=55176"}],"wp:term":[{"taxonomy":"category","embeddable":true,"href":"https:\/\/www.italtel.com\/it\/wp-json\/wp\/v2\/categories?post=55176"},{"taxonomy":"post_tag","embeddable":true,"href":"https:\/\/www.italtel.com\/it\/wp-json\/wp\/v2\/tags?post=55176"}],"curies":[{"name":"wp","href":"https:\/\/api.w.org\/{rel}","templated":true}]}}