{"id":55218,"date":"2017-10-18T15:21:13","date_gmt":"2017-10-18T13:21:13","guid":{"rendered":"https:\/\/www.italtel.com\/dalle-ricerche-di-marconi-allinnovazione-del-5g\/"},"modified":"2017-10-18T15:21:13","modified_gmt":"2017-10-18T13:21:13","slug":"dalle-ricerche-di-marconi-allinnovazione-del-5g","status":"publish","type":"post","link":"https:\/\/www.italtel.com\/it\/dalle-ricerche-di-marconi-allinnovazione-del-5g\/","title":{"rendered":"Dalle ricerche di Marconi all\u2019innovazione del 5G"},"content":{"rendered":"<h5><strong><em>Anche Italtel \u00e8 presente il 19 ottobre al grande evento che ricorda Guglielmo Marconi a 80 anni dalla sua scomparsa. <\/em><\/strong><\/h5>\n<p><strong>Milano 18 ottobre<\/strong> &#8211; La citt\u00e0 di Santa Marinella, teatro di esperimenti fondamentali per il lavoro del grande scienziato e premio Nobel italiano, ospita domani il <strong>convegno<\/strong> \u201c<strong>Dalle ricerche di Marconi sulle microonde al Futuro<\/strong>\u201d, patrocinato dal Senato della Repubblica e da numerosi enti e istituzioni italiani e internazionali.<\/p>\n<p>Gli esperimenti all\u2019avanguardia di Marconi sulle microonde e sulla tecnologia radar hanno avuto un ruolo determinante nel percorso dell\u2019era moderna da un punto di vista storico, per l\u2019utilizzo che ne \u00e8 stato fatto durante il secondo conflitto mondiale, oltre che economico e sociale, perch\u00e9 hanno aperto la strada ad una innovazione profonda e ininterrotta nelle comunicazioni.<\/p>\n<p>Al convegno interverr\u00e0 anche <strong>Stefano Pileri, AD di Italtel<\/strong>, l\u2019azienda che negli ultimi decenni del secolo scorso \u00e8 stata protagonista della trasformazione delle telecomunicazioni da elettromeccaniche ad analogiche e che a partire dal 2000 e dallo sviluppo di Internet sino ad oggi ha saputo interpretare i nuovi paradigmi della voce su IP, della softwarizzazione delle reti e della rivoluzione del 5G.<\/p>\n<p>\u201c<em>Le tecnologie su cui oggi facciamo innovazione sono anche frutto delle prime sperimentazioni di Guglielmo Marconi sulle microonde e della sua capacit\u00e0 di intravedere gli sviluppi tecnologici che ne sarebbero derivati\u201d \u2013 <\/em><strong>dice Stefano Pileri<\/strong><em>. \u201cIl 5G \u00e8 lo scenario che si sta aprendo e su cui dobbiamo trasformare in senso digitale la nostra vita, le citt\u00e0 e il lavoro. L\u2019Europa si \u00e8 data sul 5G un vero e proprio action plan che richiama tutti i Paesi all\u2019importanza di implementare questa rivoluzione cui anche Italtel sta collaborando in modo attivo attraverso la partecipazione a quattro progetti finanziati del programma europeo Horizon2020\u201d. <\/em><\/p>\n<p>Il convegno si tiene nel Castello di Santa Severa a S. Marinella (Roma). Madrina \u00e8 la principessa Elettra Marconi, cittadina onoraria della localit\u00e0 in cui lo scienziato premio Nobel istitu\u00ec il Centro Radioelettrico del Cnr e primo al mondo speriment\u00f2 l\u2019impiego delle microonde per la radiotelefonia mobile, radiolocalizzazione e trasmissioni Tv.<\/p>\n","protected":false},"excerpt":{"rendered":"<p>Anche Italtel \u00e8 presente il 19 ottobre al grande evento che ricorda Guglielmo Marconi a 80 anni dalla sua scomparsa. Milano 18 ottobre &#8211; La citt\u00e0 di Santa Marinella, teatro&nbsp;&#8230;<\/p>\n","protected":false},"author":6,"featured_media":49185,"comment_status":"closed","ping_status":"closed","sticky":false,"template":"","format":"standard","meta":{"footnotes":""},"categories":[734],"tags":[439],"class_list":["post-55218","post","type-post","status-publish","format-standard","has-post-thumbnail","hentry","category-annuncio-2","tag-5g"],"yoast_head":"<!-- This site is optimized with the Yoast SEO plugin v27.4 - https:\/\/yoast.com\/product\/yoast-seo-wordpress\/ -->\n<title>Dalle ricerche di Marconi all\u2019innovazione del 5G - Italtel<\/title>\n<meta name=\"robots\" content=\"index, follow, max-snippet:-1, max-image-preview:large, max-video-preview:-1\" \/>\n<link rel=\"canonical\" href=\"https:\/\/www.italtel.com\/it\/dalle-ricerche-di-marconi-allinnovazione-del-5g\/\" \/>\n<meta property=\"og:locale\" content=\"it_IT\" \/>\n<meta property=\"og:type\" content=\"article\" \/>\n<meta property=\"og:title\" content=\"Dalle ricerche di Marconi all\u2019innovazione del 5G - Italtel\" \/>\n<meta property=\"og:description\" content=\"Anche Italtel \u00e8 presente il 19 ottobre al grande evento che ricorda Guglielmo Marconi a 80 anni dalla sua scomparsa. Milano 18 ottobre &#8211; La citt\u00e0 di Santa Marinella, teatro&nbsp;...\" \/>\n<meta property=\"og:url\" content=\"https:\/\/www.italtel.com\/it\/dalle-ricerche-di-marconi-allinnovazione-del-5g\/\" \/>\n<meta property=\"og:site_name\" content=\"Italtel\" \/>\n<meta property=\"article:published_time\" content=\"2017-10-18T13:21:13+00:00\" \/>\n<meta property=\"og:image\" content=\"https:\/\/www.italtel.com\/wp-content\/uploads\/2024\/01\/Convegno-Marconi.jpg\" \/>\n\t<meta property=\"og:image:width\" content=\"630\" \/>\n\t<meta property=\"og:image:height\" content=\"450\" \/>\n\t<meta property=\"og:image:type\" content=\"image\/jpeg\" \/>\n<meta name=\"author\" content=\"Daniela Fontana\" \/>\n<meta name=\"twitter:card\" content=\"summary_large_image\" \/>\n<meta name=\"twitter:creator\" content=\"@Italtel\" \/>\n<meta name=\"twitter:site\" content=\"@Italtel\" \/>\n<meta name=\"twitter:label1\" content=\"Scritto da\" \/>\n\t<meta name=\"twitter:data1\" content=\"Daniela Fontana\" \/>\n\t<meta name=\"twitter:label2\" content=\"Tempo di lettura stimato\" \/>\n\t<meta name=\"twitter:data2\" content=\"2 minuti\" \/>\n<script type=\"application\/ld+json\" class=\"yoast-schema-graph\">{\"@context\":\"https:\\\/\\\/schema.org\",\"@graph\":[{\"@type\":\"Article\",\"@id\":\"https:\\\/\\\/www.italtel.com\\\/it\\\/dalle-ricerche-di-marconi-allinnovazione-del-5g\\\/#article\",\"isPartOf\":{\"@id\":\"https:\\\/\\\/www.italtel.com\\\/it\\\/dalle-ricerche-di-marconi-allinnovazione-del-5g\\\/\"},\"author\":{\"name\":\"Daniela Fontana\",\"@id\":\"https:\\\/\\\/www.italtel.com\\\/de\\\/#\\\/schema\\\/person\\\/38f315d5a978255f0cf320055bad5afe\"},\"headline\":\"Dalle ricerche di Marconi all\u2019innovazione del 5G\",\"datePublished\":\"2017-10-18T13:21:13+00:00\",\"mainEntityOfPage\":{\"@id\":\"https:\\\/\\\/www.italtel.com\\\/it\\\/dalle-ricerche-di-marconi-allinnovazione-del-5g\\\/\"},\"wordCount\":342,\"publisher\":{\"@id\":\"https:\\\/\\\/www.italtel.com\\\/de\\\/#organization\"},\"image\":{\"@id\":\"https:\\\/\\\/www.italtel.com\\\/it\\\/dalle-ricerche-di-marconi-allinnovazione-del-5g\\\/#primaryimage\"},\"thumbnailUrl\":\"https:\\\/\\\/www.italtel.com\\\/wp-content\\\/uploads\\\/2024\\\/01\\\/Convegno-Marconi.jpg\",\"keywords\":[\"5G\"],\"articleSection\":[\"Annuncio\"],\"inLanguage\":\"it-IT\"},{\"@type\":\"WebPage\",\"@id\":\"https:\\\/\\\/www.italtel.com\\\/it\\\/dalle-ricerche-di-marconi-allinnovazione-del-5g\\\/\",\"url\":\"https:\\\/\\\/www.italtel.com\\\/it\\\/dalle-ricerche-di-marconi-allinnovazione-del-5g\\\/\",\"name\":\"Dalle ricerche di Marconi all\u2019innovazione del 5G - Italtel\",\"isPartOf\":{\"@id\":\"https:\\\/\\\/www.italtel.com\\\/de\\\/#website\"},\"primaryImageOfPage\":{\"@id\":\"https:\\\/\\\/www.italtel.com\\\/it\\\/dalle-ricerche-di-marconi-allinnovazione-del-5g\\\/#primaryimage\"},\"image\":{\"@id\":\"https:\\\/\\\/www.italtel.com\\\/it\\\/dalle-ricerche-di-marconi-allinnovazione-del-5g\\\/#primaryimage\"},\"thumbnailUrl\":\"https:\\\/\\\/www.italtel.com\\\/wp-content\\\/uploads\\\/2024\\\/01\\\/Convegno-Marconi.jpg\",\"datePublished\":\"2017-10-18T13:21:13+00:00\",\"breadcrumb\":{\"@id\":\"https:\\\/\\\/www.italtel.com\\\/it\\\/dalle-ricerche-di-marconi-allinnovazione-del-5g\\\/#breadcrumb\"},\"inLanguage\":\"it-IT\",\"potentialAction\":[{\"@type\":\"ReadAction\",\"target\":[\"https:\\\/\\\/www.italtel.com\\\/it\\\/dalle-ricerche-di-marconi-allinnovazione-del-5g\\\/\"]}]},{\"@type\":\"ImageObject\",\"inLanguage\":\"it-IT\",\"@id\":\"https:\\\/\\\/www.italtel.com\\\/it\\\/dalle-ricerche-di-marconi-allinnovazione-del-5g\\\/#primaryimage\",\"url\":\"https:\\\/\\\/www.italtel.com\\\/wp-content\\\/uploads\\\/2024\\\/01\\\/Convegno-Marconi.jpg\",\"contentUrl\":\"https:\\\/\\\/www.italtel.com\\\/wp-content\\\/uploads\\\/2024\\\/01\\\/Convegno-Marconi.jpg\",\"width\":630,\"height\":450},{\"@type\":\"BreadcrumbList\",\"@id\":\"https:\\\/\\\/www.italtel.com\\\/it\\\/dalle-ricerche-di-marconi-allinnovazione-del-5g\\\/#breadcrumb\",\"itemListElement\":[{\"@type\":\"ListItem\",\"position\":1,\"name\":\"Home\",\"item\":\"https:\\\/\\\/www.italtel.com\\\/it\\\/\"},{\"@type\":\"ListItem\",\"position\":2,\"name\":\"Dalle ricerche di Marconi all\u2019innovazione del 5G\"}]},{\"@type\":\"WebSite\",\"@id\":\"https:\\\/\\\/www.italtel.com\\\/de\\\/#website\",\"url\":\"https:\\\/\\\/www.italtel.com\\\/de\\\/\",\"name\":\"Italtel\",\"description\":\"Italtel Group&#039;s company website\",\"publisher\":{\"@id\":\"https:\\\/\\\/www.italtel.com\\\/de\\\/#organization\"},\"potentialAction\":[{\"@type\":\"SearchAction\",\"target\":{\"@type\":\"EntryPoint\",\"urlTemplate\":\"https:\\\/\\\/www.italtel.com\\\/de\\\/?s={search_term_string}\"},\"query-input\":{\"@type\":\"PropertyValueSpecification\",\"valueRequired\":true,\"valueName\":\"search_term_string\"}}],\"inLanguage\":\"it-IT\"},{\"@type\":\"Organization\",\"@id\":\"https:\\\/\\\/www.italtel.com\\\/de\\\/#organization\",\"name\":\"Italtel S.p.A.\",\"url\":\"https:\\\/\\\/www.italtel.com\\\/de\\\/\",\"logo\":{\"@type\":\"ImageObject\",\"inLanguage\":\"it-IT\",\"@id\":\"https:\\\/\\\/www.italtel.com\\\/de\\\/#\\\/schema\\\/logo\\\/image\\\/\",\"url\":\"https:\\\/\\\/www.italtel.com\\\/wp-content\\\/uploads\\\/2024\\\/11\\\/Italtel_logo.png\",\"contentUrl\":\"https:\\\/\\\/www.italtel.com\\\/wp-content\\\/uploads\\\/2024\\\/11\\\/Italtel_logo.png\",\"width\":591,\"height\":139,\"caption\":\"Italtel S.p.A.\"},\"image\":{\"@id\":\"https:\\\/\\\/www.italtel.com\\\/de\\\/#\\\/schema\\\/logo\\\/image\\\/\"},\"sameAs\":[\"https:\\\/\\\/x.com\\\/Italtel\",\"https:\\\/\\\/www.linkedin.com\\\/company\\\/italtel\\\/\",\"https:\\\/\\\/www.instagram.com\\\/italtel_hq\\\/\"]},{\"@type\":\"Person\",\"@id\":\"https:\\\/\\\/www.italtel.com\\\/de\\\/#\\\/schema\\\/person\\\/38f315d5a978255f0cf320055bad5afe\",\"name\":\"Daniela Fontana\",\"image\":{\"@type\":\"ImageObject\",\"inLanguage\":\"it-IT\",\"@id\":\"https:\\\/\\\/secure.gravatar.com\\\/avatar\\\/834a03b0c73144a8ca36e17dc365b3fbadb34c9e44399b609a00f2231e694f6a?s=96&d=mm&r=g\",\"url\":\"https:\\\/\\\/secure.gravatar.com\\\/avatar\\\/834a03b0c73144a8ca36e17dc365b3fbadb34c9e44399b609a00f2231e694f6a?s=96&d=mm&r=g\",\"contentUrl\":\"https:\\\/\\\/secure.gravatar.com\\\/avatar\\\/834a03b0c73144a8ca36e17dc365b3fbadb34c9e44399b609a00f2231e694f6a?s=96&d=mm&r=g\",\"caption\":\"Daniela Fontana\"}}]}<\/script>\n<!-- \/ Yoast SEO plugin. -->","yoast_head_json":{"title":"Dalle ricerche di Marconi all\u2019innovazione del 5G - Italtel","robots":{"index":"index","follow":"follow","max-snippet":"max-snippet:-1","max-image-preview":"max-image-preview:large","max-video-preview":"max-video-preview:-1"},"canonical":"https:\/\/www.italtel.com\/it\/dalle-ricerche-di-marconi-allinnovazione-del-5g\/","og_locale":"it_IT","og_type":"article","og_title":"Dalle ricerche di Marconi all\u2019innovazione del 5G - Italtel","og_description":"Anche Italtel \u00e8 presente il 19 ottobre al grande evento che ricorda Guglielmo Marconi a 80 anni dalla sua scomparsa. Milano 18 ottobre &#8211; La citt\u00e0 di Santa Marinella, teatro&nbsp;...","og_url":"https:\/\/www.italtel.com\/it\/dalle-ricerche-di-marconi-allinnovazione-del-5g\/","og_site_name":"Italtel","article_published_time":"2017-10-18T13:21:13+00:00","og_image":[{"width":630,"height":450,"url":"https:\/\/www.italtel.com\/wp-content\/uploads\/2024\/01\/Convegno-Marconi.jpg","type":"image\/jpeg"}],"author":"Daniela Fontana","twitter_card":"summary_large_image","twitter_creator":"@Italtel","twitter_site":"@Italtel","twitter_misc":{"Scritto da":"Daniela Fontana","Tempo di lettura stimato":"2 minuti"},"schema":{"@context":"https:\/\/schema.org","@graph":[{"@type":"Article","@id":"https:\/\/www.italtel.com\/it\/dalle-ricerche-di-marconi-allinnovazione-del-5g\/#article","isPartOf":{"@id":"https:\/\/www.italtel.com\/it\/dalle-ricerche-di-marconi-allinnovazione-del-5g\/"},"author":{"name":"Daniela Fontana","@id":"https:\/\/www.italtel.com\/de\/#\/schema\/person\/38f315d5a978255f0cf320055bad5afe"},"headline":"Dalle ricerche di Marconi all\u2019innovazione del 5G","datePublished":"2017-10-18T13:21:13+00:00","mainEntityOfPage":{"@id":"https:\/\/www.italtel.com\/it\/dalle-ricerche-di-marconi-allinnovazione-del-5g\/"},"wordCount":342,"publisher":{"@id":"https:\/\/www.italtel.com\/de\/#organization"},"image":{"@id":"https:\/\/www.italtel.com\/it\/dalle-ricerche-di-marconi-allinnovazione-del-5g\/#primaryimage"},"thumbnailUrl":"https:\/\/www.italtel.com\/wp-content\/uploads\/2024\/01\/Convegno-Marconi.jpg","keywords":["5G"],"articleSection":["Annuncio"],"inLanguage":"it-IT"},{"@type":"WebPage","@id":"https:\/\/www.italtel.com\/it\/dalle-ricerche-di-marconi-allinnovazione-del-5g\/","url":"https:\/\/www.italtel.com\/it\/dalle-ricerche-di-marconi-allinnovazione-del-5g\/","name":"Dalle ricerche di Marconi all\u2019innovazione del 5G - Italtel","isPartOf":{"@id":"https:\/\/www.italtel.com\/de\/#website"},"primaryImageOfPage":{"@id":"https:\/\/www.italtel.com\/it\/dalle-ricerche-di-marconi-allinnovazione-del-5g\/#primaryimage"},"image":{"@id":"https:\/\/www.italtel.com\/it\/dalle-ricerche-di-marconi-allinnovazione-del-5g\/#primaryimage"},"thumbnailUrl":"https:\/\/www.italtel.com\/wp-content\/uploads\/2024\/01\/Convegno-Marconi.jpg","datePublished":"2017-10-18T13:21:13+00:00","breadcrumb":{"@id":"https:\/\/www.italtel.com\/it\/dalle-ricerche-di-marconi-allinnovazione-del-5g\/#breadcrumb"},"inLanguage":"it-IT","potentialAction":[{"@type":"ReadAction","target":["https:\/\/www.italtel.com\/it\/dalle-ricerche-di-marconi-allinnovazione-del-5g\/"]}]},{"@type":"ImageObject","inLanguage":"it-IT","@id":"https:\/\/www.italtel.com\/it\/dalle-ricerche-di-marconi-allinnovazione-del-5g\/#primaryimage","url":"https:\/\/www.italtel.com\/wp-content\/uploads\/2024\/01\/Convegno-Marconi.jpg","contentUrl":"https:\/\/www.italtel.com\/wp-content\/uploads\/2024\/01\/Convegno-Marconi.jpg","width":630,"height":450},{"@type":"BreadcrumbList","@id":"https:\/\/www.italtel.com\/it\/dalle-ricerche-di-marconi-allinnovazione-del-5g\/#breadcrumb","itemListElement":[{"@type":"ListItem","position":1,"name":"Home","item":"https:\/\/www.italtel.com\/it\/"},{"@type":"ListItem","position":2,"name":"Dalle ricerche di Marconi all\u2019innovazione del 5G"}]},{"@type":"WebSite","@id":"https:\/\/www.italtel.com\/de\/#website","url":"https:\/\/www.italtel.com\/de\/","name":"Italtel","description":"Italtel Group&#039;s company website","publisher":{"@id":"https:\/\/www.italtel.com\/de\/#organization"},"potentialAction":[{"@type":"SearchAction","target":{"@type":"EntryPoint","urlTemplate":"https:\/\/www.italtel.com\/de\/?s={search_term_string}"},"query-input":{"@type":"PropertyValueSpecification","valueRequired":true,"valueName":"search_term_string"}}],"inLanguage":"it-IT"},{"@type":"Organization","@id":"https:\/\/www.italtel.com\/de\/#organization","name":"Italtel S.p.A.","url":"https:\/\/www.italtel.com\/de\/","logo":{"@type":"ImageObject","inLanguage":"it-IT","@id":"https:\/\/www.italtel.com\/de\/#\/schema\/logo\/image\/","url":"https:\/\/www.italtel.com\/wp-content\/uploads\/2024\/11\/Italtel_logo.png","contentUrl":"https:\/\/www.italtel.com\/wp-content\/uploads\/2024\/11\/Italtel_logo.png","width":591,"height":139,"caption":"Italtel S.p.A."},"image":{"@id":"https:\/\/www.italtel.com\/de\/#\/schema\/logo\/image\/"},"sameAs":["https:\/\/x.com\/Italtel","https:\/\/www.linkedin.com\/company\/italtel\/","https:\/\/www.instagram.com\/italtel_hq\/"]},{"@type":"Person","@id":"https:\/\/www.italtel.com\/de\/#\/schema\/person\/38f315d5a978255f0cf320055bad5afe","name":"Daniela Fontana","image":{"@type":"ImageObject","inLanguage":"it-IT","@id":"https:\/\/secure.gravatar.com\/avatar\/834a03b0c73144a8ca36e17dc365b3fbadb34c9e44399b609a00f2231e694f6a?s=96&d=mm&r=g","url":"https:\/\/secure.gravatar.com\/avatar\/834a03b0c73144a8ca36e17dc365b3fbadb34c9e44399b609a00f2231e694f6a?s=96&d=mm&r=g","contentUrl":"https:\/\/secure.gravatar.com\/avatar\/834a03b0c73144a8ca36e17dc365b3fbadb34c9e44399b609a00f2231e694f6a?s=96&d=mm&r=g","caption":"Daniela Fontana"}}]}},"_links":{"self":[{"href":"https:\/\/www.italtel.com\/it\/wp-json\/wp\/v2\/posts\/55218","targetHints":{"allow":["GET"]}}],"collection":[{"href":"https:\/\/www.italtel.com\/it\/wp-json\/wp\/v2\/posts"}],"about":[{"href":"https:\/\/www.italtel.com\/it\/wp-json\/wp\/v2\/types\/post"}],"author":[{"embeddable":true,"href":"https:\/\/www.italtel.com\/it\/wp-json\/wp\/v2\/users\/6"}],"replies":[{"embeddable":true,"href":"https:\/\/www.italtel.com\/it\/wp-json\/wp\/v2\/comments?post=55218"}],"version-history":[{"count":0,"href":"https:\/\/www.italtel.com\/it\/wp-json\/wp\/v2\/posts\/55218\/revisions"}],"wp:featuredmedia":[{"embeddable":true,"href":"https:\/\/www.italtel.com\/it\/wp-json\/wp\/v2\/media\/49185"}],"wp:attachment":[{"href":"https:\/\/www.italtel.com\/it\/wp-json\/wp\/v2\/media?parent=55218"}],"wp:term":[{"taxonomy":"category","embeddable":true,"href":"https:\/\/www.italtel.com\/it\/wp-json\/wp\/v2\/categories?post=55218"},{"taxonomy":"post_tag","embeddable":true,"href":"https:\/\/www.italtel.com\/it\/wp-json\/wp\/v2\/tags?post=55218"}],"curies":[{"name":"wp","href":"https:\/\/api.w.org\/{rel}","templated":true}]}}