{"id":55887,"date":"2021-03-12T08:42:06","date_gmt":"2021-03-12T06:42:06","guid":{"rendered":"https:\/\/www.italtel.com\/milano-digital-week-due-appuntamenti-con-italtel\/"},"modified":"2021-03-12T08:42:06","modified_gmt":"2021-03-12T06:42:06","slug":"milano-digital-week-due-appuntamenti-con-italtel","status":"publish","type":"post","link":"https:\/\/www.italtel.com\/it\/milano-digital-week-due-appuntamenti-con-italtel\/","title":{"rendered":"Milano Digital Week \u2013 due appuntamenti con Italtel"},"content":{"rendered":"<p>In occasione della settimana tematica milanese dedicata al digitale, all&#8217;equit\u00e0 e alla sostenibilit\u00e0, Italtel partecipa a due appuntamenti, organizzati rispettivamente da MADE \u2013 Competence Center Industry 4.0 e da Anitec-Assinform, dedicati alla formazione per l\u2019Industria 4.0 e al ruolo del Digitale per un\u2019innovazione equa e sostenibile:<\/p>\n<ol>\n<li><strong>Gioved\u00ec 18 marzo dalle 14:00 alle 15:00<\/strong> &#8211; <strong>Formazione 4.0: Nuovi modelli di collaborazione universit\u00e0 &#8211; imprese<\/strong><strong><br \/>\n<\/strong>In questo webinar intervengono Marco Taisch (MADE Competence Center Industria 4.0),\u00a0Hermes Giberti (Universit\u00e0 di Pavia)\u00a0e\u00a0Paolo Secondo Crosta (Italtel)\u00a0per raccontare\u00a0come, per cogliere le opportunit\u00e0 legate alla digitalizzazione, le aziende siano alla ricerca di talenti con competenze specifiche sulle tecnologie dell\u2019Industria 4.0: IoT, Big Data, Intelligenza artificiale, Cybersecurity, etc. Questa richiesta non trova sufficiente risposta da parte del mondo della formazione. Serve un modello di \u201cFormazione \u00a04.0\u201d che consenta ai giovani di costruire il giusto mix di competenze sulle tecnologie innovative e sulle soft skill richieste dal mondo del lavoro. Dal dialogo tra Universit\u00e0 e Imprese possono nascere modelli di formazione pi\u00f9 adeguati alle esigenze di un mondo produttivo in forte trasformazione, nel quale ricerca e innovazione rivestono un ruolo fondamentale.<\/li>\n<\/ol>\n<p>Per Italtel interviene Paolo Crosta, Head of of Innovation Lab &amp; Research Program in Italtel, per parlare delle esigenze di un\u2019azienda come la nostra che ha bisogno non solo di figure tecniche ma anche di persone dotate di soft-skill fondamentali come il team working, la capacit\u00e0 decisionale, la creativit\u00e0 e il pensiero divergente.<\/p>\n<p>La partecipazione \u00e8 libera e gratuita, previa iscrizione: <a href=\"https:\/\/www.made-cc.eu\/speciale-milano-digital-week-2021\">https:\/\/www.made-cc.eu\/speciale-milano-digital-week-2021<\/a><\/p>\n<p>&nbsp;<\/p>\n<ol start=\"2\">\n<li><strong>Venerd\u00ec 19 marzo dalle 10:30 alle 12:30 &#8211; Alla ricerca di innovazione equa e sostenibile: come il Digitale ci pu\u00f2 aiutare<\/strong><\/li>\n<\/ol>\n<p>L\u2019emergenza sanitaria ha creato maggiore consapevolezza sull\u2019importanza dell\u2019utilizzo del digitale nelle imprese, che ha rappresentato un vero elemento di resilienza e continuit\u00e0 operativa (basti considerare lo smart working, l\u2019ecommerce etc). In parallelo si \u00e8 ampliato il divario tra chi aveva gi\u00e0 adottato queste tecnologie &#8211; o \u00e8 riuscito ad accelerarne l\u2019adozione &#8211; e chi ha ancora un gap da colmare. \u00c8 per\u00f2 importante favorire la ricucitura del gap tra le imprese che sono pronte per il percorso di trasformazione digitale e quelle che ancora non riescono a coglierne i benefici. Attraverso la partecipazione alla Milano Digital Week, le aziende associate ad Anitec-Assinform, si fanno promotrici di tutti i processi necessari per la formazione, l\u2019inclusivit\u00e0, la riduzione del gender gap, per una citt\u00e0 equo sostenibile.<\/p>\n<p>A questa Tavola Rotonda partecipa per Italtel Luca Ferraris, Head of Marketing, Innovation &amp; Communication, per proporre una riflessione su due elementi fortemente connessi tra loro e legati ai temi della sostenibilit\u00e0 e dell\u2019inclusione: il valore delle infrastrutture (la banda ultralarga, il 5G) come elemento abilitante per superare nel nostro Paese il gap digitale tra i territori pi\u00f9 pronti e quelli meno attrezzati; l\u2019importanza di sviluppare\u00a0 e rendere accessibili ad ogni cittadino, come espressione di piena cittadinanza digitale, i servizi che oggi la tecnologia ci rende disponibili nell\u2019ambito sanitario (sanit\u00e0 digitale, assistenza remota dei pazienti), educativo (didattica a distanza, smart education), lavorativo (smart working, collaboration).<br \/>\nLa partecipazione \u00e8 libera e gratuita, ma \u00e8 necessaria l\u2019iscrizione: <a href=\"https:\/\/www.milanodigitalweek.com\/alla-ricerca-di-innovazione-equa-e-sostenibile-or-come-il-digitale-ci-puo-aiutare\/\">https:\/\/www.milanodigitalweek.com\/alla-ricerca-di-innovazione-equa-e-sostenibile-or-come-il-digitale-ci-puo-aiutare\/<\/a><\/p>\n<p>Vi aspettiamo numerosi!<\/p>\n<p>&nbsp;<\/p>\n<p><a href=\"https:\/\/www.milanodigitalweek.com\/alla-ricerca-di-innovazione-equa-e-sostenibile-or-come-il-digitale-ci-puo-aiutare\/\"><img decoding=\"async\" class=\"alignnone\" src=\"http:\/\/www.italtel.com\/content\/uploads\/2021\/03\/Digital-week-2021.jpg\" alt=\"Milano Digital Week 2021\" \/><\/a><\/p>\n","protected":false},"excerpt":{"rendered":"<p>In occasione della settimana tematica milanese dedicata al digitale, all&#8217;equit\u00e0 e alla sostenibilit\u00e0, Italtel partecipa a due appuntamenti, organizzati rispettivamente da MADE \u2013 Competence Center Industry 4.0 e da Anitec-Assinform,&nbsp;&#8230;<\/p>\n","protected":false},"author":6,"featured_media":55888,"comment_status":"closed","ping_status":"closed","sticky":false,"template":"","format":"standard","meta":{"footnotes":""},"categories":[740],"tags":[],"class_list":["post-55887","post","type-post","status-publish","format-standard","has-post-thumbnail","hentry","category-events-it"],"yoast_head":"<!-- This site is optimized with the Yoast SEO plugin v27.4 - https:\/\/yoast.com\/product\/yoast-seo-wordpress\/ -->\n<title>Milano Digital Week \u2013 due appuntamenti con Italtel - Italtel<\/title>\n<meta name=\"robots\" content=\"index, follow, max-snippet:-1, max-image-preview:large, max-video-preview:-1\" \/>\n<link rel=\"canonical\" href=\"https:\/\/www.italtel.com\/it\/milano-digital-week-due-appuntamenti-con-italtel\/\" \/>\n<meta property=\"og:locale\" content=\"it_IT\" \/>\n<meta property=\"og:type\" content=\"article\" \/>\n<meta property=\"og:title\" content=\"Milano Digital Week \u2013 due appuntamenti con Italtel - Italtel\" \/>\n<meta property=\"og:description\" content=\"In occasione della settimana tematica milanese dedicata al digitale, all&#8217;equit\u00e0 e alla sostenibilit\u00e0, Italtel partecipa a due appuntamenti, organizzati rispettivamente da MADE \u2013 Competence Center Industry 4.0 e da Anitec-Assinform,&nbsp;...\" \/>\n<meta property=\"og:url\" content=\"https:\/\/www.italtel.com\/it\/milano-digital-week-due-appuntamenti-con-italtel\/\" \/>\n<meta property=\"og:site_name\" content=\"Italtel\" \/>\n<meta property=\"article:published_time\" content=\"2021-03-12T06:42:06+00:00\" \/>\n<meta property=\"og:image\" content=\"https:\/\/www.italtel.com\/wp-content\/uploads\/2024\/01\/Digital-week-2021.jpg\" \/>\n\t<meta property=\"og:image:width\" content=\"656\" \/>\n\t<meta property=\"og:image:height\" content=\"492\" \/>\n\t<meta property=\"og:image:type\" content=\"image\/jpeg\" \/>\n<meta name=\"author\" content=\"Daniela Fontana\" \/>\n<meta name=\"twitter:card\" content=\"summary_large_image\" \/>\n<meta name=\"twitter:creator\" content=\"@Italtel\" \/>\n<meta name=\"twitter:site\" content=\"@Italtel\" \/>\n<meta name=\"twitter:label1\" content=\"Scritto da\" \/>\n\t<meta name=\"twitter:data1\" content=\"Daniela Fontana\" \/>\n\t<meta name=\"twitter:label2\" content=\"Tempo di lettura stimato\" \/>\n\t<meta name=\"twitter:data2\" content=\"3 minuti\" \/>\n<script type=\"application\/ld+json\" class=\"yoast-schema-graph\">{\"@context\":\"https:\\\/\\\/schema.org\",\"@graph\":[{\"@type\":\"Article\",\"@id\":\"https:\\\/\\\/www.italtel.com\\\/it\\\/milano-digital-week-due-appuntamenti-con-italtel\\\/#article\",\"isPartOf\":{\"@id\":\"https:\\\/\\\/www.italtel.com\\\/it\\\/milano-digital-week-due-appuntamenti-con-italtel\\\/\"},\"author\":{\"name\":\"Daniela Fontana\",\"@id\":\"https:\\\/\\\/www.italtel.com\\\/de\\\/#\\\/schema\\\/person\\\/38f315d5a978255f0cf320055bad5afe\"},\"headline\":\"Milano Digital Week \u2013 due appuntamenti con Italtel\",\"datePublished\":\"2021-03-12T06:42:06+00:00\",\"mainEntityOfPage\":{\"@id\":\"https:\\\/\\\/www.italtel.com\\\/it\\\/milano-digital-week-due-appuntamenti-con-italtel\\\/\"},\"wordCount\":526,\"publisher\":{\"@id\":\"https:\\\/\\\/www.italtel.com\\\/de\\\/#organization\"},\"image\":{\"@id\":\"https:\\\/\\\/www.italtel.com\\\/it\\\/milano-digital-week-due-appuntamenti-con-italtel\\\/#primaryimage\"},\"thumbnailUrl\":\"https:\\\/\\\/www.italtel.com\\\/wp-content\\\/uploads\\\/2024\\\/01\\\/Digital-week-2021.jpg\",\"articleSection\":[\"Event\"],\"inLanguage\":\"it-IT\"},{\"@type\":\"WebPage\",\"@id\":\"https:\\\/\\\/www.italtel.com\\\/it\\\/milano-digital-week-due-appuntamenti-con-italtel\\\/\",\"url\":\"https:\\\/\\\/www.italtel.com\\\/it\\\/milano-digital-week-due-appuntamenti-con-italtel\\\/\",\"name\":\"Milano Digital Week \u2013 due appuntamenti con Italtel - Italtel\",\"isPartOf\":{\"@id\":\"https:\\\/\\\/www.italtel.com\\\/de\\\/#website\"},\"primaryImageOfPage\":{\"@id\":\"https:\\\/\\\/www.italtel.com\\\/it\\\/milano-digital-week-due-appuntamenti-con-italtel\\\/#primaryimage\"},\"image\":{\"@id\":\"https:\\\/\\\/www.italtel.com\\\/it\\\/milano-digital-week-due-appuntamenti-con-italtel\\\/#primaryimage\"},\"thumbnailUrl\":\"https:\\\/\\\/www.italtel.com\\\/wp-content\\\/uploads\\\/2024\\\/01\\\/Digital-week-2021.jpg\",\"datePublished\":\"2021-03-12T06:42:06+00:00\",\"breadcrumb\":{\"@id\":\"https:\\\/\\\/www.italtel.com\\\/it\\\/milano-digital-week-due-appuntamenti-con-italtel\\\/#breadcrumb\"},\"inLanguage\":\"it-IT\",\"potentialAction\":[{\"@type\":\"ReadAction\",\"target\":[\"https:\\\/\\\/www.italtel.com\\\/it\\\/milano-digital-week-due-appuntamenti-con-italtel\\\/\"]}]},{\"@type\":\"ImageObject\",\"inLanguage\":\"it-IT\",\"@id\":\"https:\\\/\\\/www.italtel.com\\\/it\\\/milano-digital-week-due-appuntamenti-con-italtel\\\/#primaryimage\",\"url\":\"https:\\\/\\\/www.italtel.com\\\/wp-content\\\/uploads\\\/2024\\\/01\\\/Digital-week-2021.jpg\",\"contentUrl\":\"https:\\\/\\\/www.italtel.com\\\/wp-content\\\/uploads\\\/2024\\\/01\\\/Digital-week-2021.jpg\",\"width\":656,\"height\":492},{\"@type\":\"BreadcrumbList\",\"@id\":\"https:\\\/\\\/www.italtel.com\\\/it\\\/milano-digital-week-due-appuntamenti-con-italtel\\\/#breadcrumb\",\"itemListElement\":[{\"@type\":\"ListItem\",\"position\":1,\"name\":\"Home\",\"item\":\"https:\\\/\\\/www.italtel.com\\\/it\\\/\"},{\"@type\":\"ListItem\",\"position\":2,\"name\":\"Milano Digital Week \u2013 due appuntamenti con Italtel\"}]},{\"@type\":\"WebSite\",\"@id\":\"https:\\\/\\\/www.italtel.com\\\/de\\\/#website\",\"url\":\"https:\\\/\\\/www.italtel.com\\\/de\\\/\",\"name\":\"Italtel\",\"description\":\"Italtel Group&#039;s company website\",\"publisher\":{\"@id\":\"https:\\\/\\\/www.italtel.com\\\/de\\\/#organization\"},\"potentialAction\":[{\"@type\":\"SearchAction\",\"target\":{\"@type\":\"EntryPoint\",\"urlTemplate\":\"https:\\\/\\\/www.italtel.com\\\/de\\\/?s={search_term_string}\"},\"query-input\":{\"@type\":\"PropertyValueSpecification\",\"valueRequired\":true,\"valueName\":\"search_term_string\"}}],\"inLanguage\":\"it-IT\"},{\"@type\":\"Organization\",\"@id\":\"https:\\\/\\\/www.italtel.com\\\/de\\\/#organization\",\"name\":\"Italtel S.p.A.\",\"url\":\"https:\\\/\\\/www.italtel.com\\\/de\\\/\",\"logo\":{\"@type\":\"ImageObject\",\"inLanguage\":\"it-IT\",\"@id\":\"https:\\\/\\\/www.italtel.com\\\/de\\\/#\\\/schema\\\/logo\\\/image\\\/\",\"url\":\"https:\\\/\\\/www.italtel.com\\\/wp-content\\\/uploads\\\/2024\\\/11\\\/Italtel_logo.png\",\"contentUrl\":\"https:\\\/\\\/www.italtel.com\\\/wp-content\\\/uploads\\\/2024\\\/11\\\/Italtel_logo.png\",\"width\":591,\"height\":139,\"caption\":\"Italtel S.p.A.\"},\"image\":{\"@id\":\"https:\\\/\\\/www.italtel.com\\\/de\\\/#\\\/schema\\\/logo\\\/image\\\/\"},\"sameAs\":[\"https:\\\/\\\/x.com\\\/Italtel\",\"https:\\\/\\\/www.linkedin.com\\\/company\\\/italtel\\\/\",\"https:\\\/\\\/www.instagram.com\\\/italtel_hq\\\/\"]},{\"@type\":\"Person\",\"@id\":\"https:\\\/\\\/www.italtel.com\\\/de\\\/#\\\/schema\\\/person\\\/38f315d5a978255f0cf320055bad5afe\",\"name\":\"Daniela Fontana\",\"image\":{\"@type\":\"ImageObject\",\"inLanguage\":\"it-IT\",\"@id\":\"https:\\\/\\\/secure.gravatar.com\\\/avatar\\\/834a03b0c73144a8ca36e17dc365b3fbadb34c9e44399b609a00f2231e694f6a?s=96&d=mm&r=g\",\"url\":\"https:\\\/\\\/secure.gravatar.com\\\/avatar\\\/834a03b0c73144a8ca36e17dc365b3fbadb34c9e44399b609a00f2231e694f6a?s=96&d=mm&r=g\",\"contentUrl\":\"https:\\\/\\\/secure.gravatar.com\\\/avatar\\\/834a03b0c73144a8ca36e17dc365b3fbadb34c9e44399b609a00f2231e694f6a?s=96&d=mm&r=g\",\"caption\":\"Daniela Fontana\"}}]}<\/script>\n<!-- \/ Yoast SEO plugin. -->","yoast_head_json":{"title":"Milano Digital Week \u2013 due appuntamenti con Italtel - Italtel","robots":{"index":"index","follow":"follow","max-snippet":"max-snippet:-1","max-image-preview":"max-image-preview:large","max-video-preview":"max-video-preview:-1"},"canonical":"https:\/\/www.italtel.com\/it\/milano-digital-week-due-appuntamenti-con-italtel\/","og_locale":"it_IT","og_type":"article","og_title":"Milano Digital Week \u2013 due appuntamenti con Italtel - Italtel","og_description":"In occasione della settimana tematica milanese dedicata al digitale, all&#8217;equit\u00e0 e alla sostenibilit\u00e0, Italtel partecipa a due appuntamenti, organizzati rispettivamente da MADE \u2013 Competence Center Industry 4.0 e da Anitec-Assinform,&nbsp;...","og_url":"https:\/\/www.italtel.com\/it\/milano-digital-week-due-appuntamenti-con-italtel\/","og_site_name":"Italtel","article_published_time":"2021-03-12T06:42:06+00:00","og_image":[{"width":656,"height":492,"url":"https:\/\/www.italtel.com\/wp-content\/uploads\/2024\/01\/Digital-week-2021.jpg","type":"image\/jpeg"}],"author":"Daniela Fontana","twitter_card":"summary_large_image","twitter_creator":"@Italtel","twitter_site":"@Italtel","twitter_misc":{"Scritto da":"Daniela Fontana","Tempo di lettura stimato":"3 minuti"},"schema":{"@context":"https:\/\/schema.org","@graph":[{"@type":"Article","@id":"https:\/\/www.italtel.com\/it\/milano-digital-week-due-appuntamenti-con-italtel\/#article","isPartOf":{"@id":"https:\/\/www.italtel.com\/it\/milano-digital-week-due-appuntamenti-con-italtel\/"},"author":{"name":"Daniela Fontana","@id":"https:\/\/www.italtel.com\/de\/#\/schema\/person\/38f315d5a978255f0cf320055bad5afe"},"headline":"Milano Digital Week \u2013 due appuntamenti con Italtel","datePublished":"2021-03-12T06:42:06+00:00","mainEntityOfPage":{"@id":"https:\/\/www.italtel.com\/it\/milano-digital-week-due-appuntamenti-con-italtel\/"},"wordCount":526,"publisher":{"@id":"https:\/\/www.italtel.com\/de\/#organization"},"image":{"@id":"https:\/\/www.italtel.com\/it\/milano-digital-week-due-appuntamenti-con-italtel\/#primaryimage"},"thumbnailUrl":"https:\/\/www.italtel.com\/wp-content\/uploads\/2024\/01\/Digital-week-2021.jpg","articleSection":["Event"],"inLanguage":"it-IT"},{"@type":"WebPage","@id":"https:\/\/www.italtel.com\/it\/milano-digital-week-due-appuntamenti-con-italtel\/","url":"https:\/\/www.italtel.com\/it\/milano-digital-week-due-appuntamenti-con-italtel\/","name":"Milano Digital Week \u2013 due appuntamenti con Italtel - Italtel","isPartOf":{"@id":"https:\/\/www.italtel.com\/de\/#website"},"primaryImageOfPage":{"@id":"https:\/\/www.italtel.com\/it\/milano-digital-week-due-appuntamenti-con-italtel\/#primaryimage"},"image":{"@id":"https:\/\/www.italtel.com\/it\/milano-digital-week-due-appuntamenti-con-italtel\/#primaryimage"},"thumbnailUrl":"https:\/\/www.italtel.com\/wp-content\/uploads\/2024\/01\/Digital-week-2021.jpg","datePublished":"2021-03-12T06:42:06+00:00","breadcrumb":{"@id":"https:\/\/www.italtel.com\/it\/milano-digital-week-due-appuntamenti-con-italtel\/#breadcrumb"},"inLanguage":"it-IT","potentialAction":[{"@type":"ReadAction","target":["https:\/\/www.italtel.com\/it\/milano-digital-week-due-appuntamenti-con-italtel\/"]}]},{"@type":"ImageObject","inLanguage":"it-IT","@id":"https:\/\/www.italtel.com\/it\/milano-digital-week-due-appuntamenti-con-italtel\/#primaryimage","url":"https:\/\/www.italtel.com\/wp-content\/uploads\/2024\/01\/Digital-week-2021.jpg","contentUrl":"https:\/\/www.italtel.com\/wp-content\/uploads\/2024\/01\/Digital-week-2021.jpg","width":656,"height":492},{"@type":"BreadcrumbList","@id":"https:\/\/www.italtel.com\/it\/milano-digital-week-due-appuntamenti-con-italtel\/#breadcrumb","itemListElement":[{"@type":"ListItem","position":1,"name":"Home","item":"https:\/\/www.italtel.com\/it\/"},{"@type":"ListItem","position":2,"name":"Milano Digital Week \u2013 due appuntamenti con Italtel"}]},{"@type":"WebSite","@id":"https:\/\/www.italtel.com\/de\/#website","url":"https:\/\/www.italtel.com\/de\/","name":"Italtel","description":"Italtel Group&#039;s company website","publisher":{"@id":"https:\/\/www.italtel.com\/de\/#organization"},"potentialAction":[{"@type":"SearchAction","target":{"@type":"EntryPoint","urlTemplate":"https:\/\/www.italtel.com\/de\/?s={search_term_string}"},"query-input":{"@type":"PropertyValueSpecification","valueRequired":true,"valueName":"search_term_string"}}],"inLanguage":"it-IT"},{"@type":"Organization","@id":"https:\/\/www.italtel.com\/de\/#organization","name":"Italtel S.p.A.","url":"https:\/\/www.italtel.com\/de\/","logo":{"@type":"ImageObject","inLanguage":"it-IT","@id":"https:\/\/www.italtel.com\/de\/#\/schema\/logo\/image\/","url":"https:\/\/www.italtel.com\/wp-content\/uploads\/2024\/11\/Italtel_logo.png","contentUrl":"https:\/\/www.italtel.com\/wp-content\/uploads\/2024\/11\/Italtel_logo.png","width":591,"height":139,"caption":"Italtel S.p.A."},"image":{"@id":"https:\/\/www.italtel.com\/de\/#\/schema\/logo\/image\/"},"sameAs":["https:\/\/x.com\/Italtel","https:\/\/www.linkedin.com\/company\/italtel\/","https:\/\/www.instagram.com\/italtel_hq\/"]},{"@type":"Person","@id":"https:\/\/www.italtel.com\/de\/#\/schema\/person\/38f315d5a978255f0cf320055bad5afe","name":"Daniela Fontana","image":{"@type":"ImageObject","inLanguage":"it-IT","@id":"https:\/\/secure.gravatar.com\/avatar\/834a03b0c73144a8ca36e17dc365b3fbadb34c9e44399b609a00f2231e694f6a?s=96&d=mm&r=g","url":"https:\/\/secure.gravatar.com\/avatar\/834a03b0c73144a8ca36e17dc365b3fbadb34c9e44399b609a00f2231e694f6a?s=96&d=mm&r=g","contentUrl":"https:\/\/secure.gravatar.com\/avatar\/834a03b0c73144a8ca36e17dc365b3fbadb34c9e44399b609a00f2231e694f6a?s=96&d=mm&r=g","caption":"Daniela Fontana"}}]}},"_links":{"self":[{"href":"https:\/\/www.italtel.com\/it\/wp-json\/wp\/v2\/posts\/55887","targetHints":{"allow":["GET"]}}],"collection":[{"href":"https:\/\/www.italtel.com\/it\/wp-json\/wp\/v2\/posts"}],"about":[{"href":"https:\/\/www.italtel.com\/it\/wp-json\/wp\/v2\/types\/post"}],"author":[{"embeddable":true,"href":"https:\/\/www.italtel.com\/it\/wp-json\/wp\/v2\/users\/6"}],"replies":[{"embeddable":true,"href":"https:\/\/www.italtel.com\/it\/wp-json\/wp\/v2\/comments?post=55887"}],"version-history":[{"count":0,"href":"https:\/\/www.italtel.com\/it\/wp-json\/wp\/v2\/posts\/55887\/revisions"}],"wp:featuredmedia":[{"embeddable":true,"href":"https:\/\/www.italtel.com\/it\/wp-json\/wp\/v2\/media\/55888"}],"wp:attachment":[{"href":"https:\/\/www.italtel.com\/it\/wp-json\/wp\/v2\/media?parent=55887"}],"wp:term":[{"taxonomy":"category","embeddable":true,"href":"https:\/\/www.italtel.com\/it\/wp-json\/wp\/v2\/categories?post=55887"},{"taxonomy":"post_tag","embeddable":true,"href":"https:\/\/www.italtel.com\/it\/wp-json\/wp\/v2\/tags?post=55887"}],"curies":[{"name":"wp","href":"https:\/\/api.w.org\/{rel}","templated":true}]}}