{"id":55934,"date":"2020-04-22T09:21:04","date_gmt":"2020-04-22T07:21:04","guid":{"rendered":"https:\/\/www.italtel.com\/anche-italtel-alla-giornata-dedicata-a-guglielmo-marconi\/"},"modified":"2020-04-22T09:21:04","modified_gmt":"2020-04-22T07:21:04","slug":"anche-italtel-alla-giornata-dedicata-a-guglielmo-marconi","status":"publish","type":"post","link":"https:\/\/www.italtel.com\/it\/anche-italtel-alla-giornata-dedicata-a-guglielmo-marconi\/","title":{"rendered":"Anche Italtel alla giornata dedicata a Guglielmo Marconi"},"content":{"rendered":"<p><strong>Sabato 25 aprile dalla 10.00 alle 12.00<\/strong> si svolge, esclusivamente on line, la tradizionale <strong>Giornata di Marconi<\/strong>, che la Fondazione Guglielmo Marconi organizza ogni anno nella ricorrenza del compleanno dello scienziato. La giornata \u00e8 ispirata alla figura di Guglielmo Marconi inventore e imprenditore, ma \u00e8 anche fortemente legata all&#8217;attualit\u00e0. Si parla di Marconi come straordinario esempio di imprenditore e innovatore, dell&#8217;importanza delle TLC come infrastruttura critica anche per la gestione delle situazioni di crisi, di come la tecnologia e l&#8217;innovazione possono aiutare le imprese e l&#8217;intero sistema paese Italia a risollevarsi.<\/p>\n<p>Per Italtel partecipa l\u2019AD, <strong>Stefano Pileri<\/strong>, con un intervento sulla tenuta delle reti di telecomunicazioni in questo periodo di emergenza dovuta al Covid-19 come elemento essenziale per dare continuit\u00e0 a molte attivit\u00e0 lavorative e didattiche: smart working, commercio elettronico, video streaming, gaming on line e scuola digitale, senza dimenticare quella che avrebbe potuto essere una grande protagonista, la telemedicina.<\/p>\n<p>Per info e iscrizioni clicca qui: <a href=\"https:\/\/www.eventbrite.it\/e\/biglietti-giornata-di-marconi-2020-per-la-ripresa-del-sistema-industriale-102965005102\">https:\/\/www.eventbrite.it\/e\/biglietti-giornata-di-marconi-2020-per-la-ripresa-del-sistema-industriale-102965005102<\/a><\/p>\n","protected":false},"excerpt":{"rendered":"<p>Sabato 25 aprile dalla 10.00 alle 12.00 si svolge, esclusivamente on line, la tradizionale Giornata di Marconi, che la Fondazione Guglielmo Marconi organizza ogni anno nella ricorrenza del compleanno dello&nbsp;&#8230;<\/p>\n","protected":false},"author":6,"featured_media":55935,"comment_status":"closed","ping_status":"closed","sticky":false,"template":"","format":"standard","meta":{"footnotes":""},"categories":[740],"tags":[],"class_list":["post-55934","post","type-post","status-publish","format-standard","has-post-thumbnail","hentry","category-events-it"],"yoast_head":"<!-- This site is optimized with the Yoast SEO plugin v27.4 - https:\/\/yoast.com\/product\/yoast-seo-wordpress\/ -->\n<title>Anche Italtel alla giornata dedicata a Guglielmo Marconi - Italtel<\/title>\n<meta name=\"robots\" content=\"index, follow, max-snippet:-1, max-image-preview:large, max-video-preview:-1\" \/>\n<link rel=\"canonical\" href=\"https:\/\/www.italtel.com\/it\/anche-italtel-alla-giornata-dedicata-a-guglielmo-marconi\/\" \/>\n<meta property=\"og:locale\" content=\"it_IT\" \/>\n<meta property=\"og:type\" content=\"article\" \/>\n<meta property=\"og:title\" content=\"Anche Italtel alla giornata dedicata a Guglielmo Marconi - Italtel\" \/>\n<meta property=\"og:description\" content=\"Sabato 25 aprile dalla 10.00 alle 12.00 si svolge, esclusivamente on line, la tradizionale Giornata di Marconi, che la Fondazione Guglielmo Marconi organizza ogni anno nella ricorrenza del compleanno dello&nbsp;...\" \/>\n<meta property=\"og:url\" content=\"https:\/\/www.italtel.com\/it\/anche-italtel-alla-giornata-dedicata-a-guglielmo-marconi\/\" \/>\n<meta property=\"og:site_name\" content=\"Italtel\" \/>\n<meta property=\"article:published_time\" content=\"2020-04-22T07:21:04+00:00\" \/>\n<meta property=\"og:image\" content=\"https:\/\/www.italtel.com\/wp-content\/uploads\/2024\/01\/Guglielmo_Marconi_1901_wireless_signal-scaled.jpg\" \/>\n\t<meta property=\"og:image:width\" content=\"2560\" \/>\n\t<meta property=\"og:image:height\" content=\"1578\" \/>\n\t<meta property=\"og:image:type\" content=\"image\/jpeg\" \/>\n<meta name=\"author\" content=\"Daniela Fontana\" \/>\n<meta name=\"twitter:card\" content=\"summary_large_image\" \/>\n<meta name=\"twitter:creator\" content=\"@Italtel\" \/>\n<meta name=\"twitter:site\" content=\"@Italtel\" \/>\n<meta name=\"twitter:label1\" content=\"Scritto da\" \/>\n\t<meta name=\"twitter:data1\" content=\"Daniela Fontana\" \/>\n\t<meta name=\"twitter:label2\" content=\"Tempo di lettura stimato\" \/>\n\t<meta name=\"twitter:data2\" content=\"1 minuto\" \/>\n<script type=\"application\/ld+json\" class=\"yoast-schema-graph\">{\"@context\":\"https:\\\/\\\/schema.org\",\"@graph\":[{\"@type\":\"Article\",\"@id\":\"https:\\\/\\\/www.italtel.com\\\/it\\\/anche-italtel-alla-giornata-dedicata-a-guglielmo-marconi\\\/#article\",\"isPartOf\":{\"@id\":\"https:\\\/\\\/www.italtel.com\\\/it\\\/anche-italtel-alla-giornata-dedicata-a-guglielmo-marconi\\\/\"},\"author\":{\"name\":\"Daniela Fontana\",\"@id\":\"https:\\\/\\\/www.italtel.com\\\/de\\\/#\\\/schema\\\/person\\\/38f315d5a978255f0cf320055bad5afe\"},\"headline\":\"Anche Italtel alla giornata dedicata a Guglielmo Marconi\",\"datePublished\":\"2020-04-22T07:21:04+00:00\",\"mainEntityOfPage\":{\"@id\":\"https:\\\/\\\/www.italtel.com\\\/it\\\/anche-italtel-alla-giornata-dedicata-a-guglielmo-marconi\\\/\"},\"wordCount\":171,\"publisher\":{\"@id\":\"https:\\\/\\\/www.italtel.com\\\/de\\\/#organization\"},\"image\":{\"@id\":\"https:\\\/\\\/www.italtel.com\\\/it\\\/anche-italtel-alla-giornata-dedicata-a-guglielmo-marconi\\\/#primaryimage\"},\"thumbnailUrl\":\"https:\\\/\\\/www.italtel.com\\\/wp-content\\\/uploads\\\/2024\\\/01\\\/Guglielmo_Marconi_1901_wireless_signal-scaled.jpg\",\"articleSection\":[\"Event\"],\"inLanguage\":\"it-IT\"},{\"@type\":\"WebPage\",\"@id\":\"https:\\\/\\\/www.italtel.com\\\/it\\\/anche-italtel-alla-giornata-dedicata-a-guglielmo-marconi\\\/\",\"url\":\"https:\\\/\\\/www.italtel.com\\\/it\\\/anche-italtel-alla-giornata-dedicata-a-guglielmo-marconi\\\/\",\"name\":\"Anche Italtel alla giornata dedicata a Guglielmo Marconi - Italtel\",\"isPartOf\":{\"@id\":\"https:\\\/\\\/www.italtel.com\\\/de\\\/#website\"},\"primaryImageOfPage\":{\"@id\":\"https:\\\/\\\/www.italtel.com\\\/it\\\/anche-italtel-alla-giornata-dedicata-a-guglielmo-marconi\\\/#primaryimage\"},\"image\":{\"@id\":\"https:\\\/\\\/www.italtel.com\\\/it\\\/anche-italtel-alla-giornata-dedicata-a-guglielmo-marconi\\\/#primaryimage\"},\"thumbnailUrl\":\"https:\\\/\\\/www.italtel.com\\\/wp-content\\\/uploads\\\/2024\\\/01\\\/Guglielmo_Marconi_1901_wireless_signal-scaled.jpg\",\"datePublished\":\"2020-04-22T07:21:04+00:00\",\"breadcrumb\":{\"@id\":\"https:\\\/\\\/www.italtel.com\\\/it\\\/anche-italtel-alla-giornata-dedicata-a-guglielmo-marconi\\\/#breadcrumb\"},\"inLanguage\":\"it-IT\",\"potentialAction\":[{\"@type\":\"ReadAction\",\"target\":[\"https:\\\/\\\/www.italtel.com\\\/it\\\/anche-italtel-alla-giornata-dedicata-a-guglielmo-marconi\\\/\"]}]},{\"@type\":\"ImageObject\",\"inLanguage\":\"it-IT\",\"@id\":\"https:\\\/\\\/www.italtel.com\\\/it\\\/anche-italtel-alla-giornata-dedicata-a-guglielmo-marconi\\\/#primaryimage\",\"url\":\"https:\\\/\\\/www.italtel.com\\\/wp-content\\\/uploads\\\/2024\\\/01\\\/Guglielmo_Marconi_1901_wireless_signal-scaled.jpg\",\"contentUrl\":\"https:\\\/\\\/www.italtel.com\\\/wp-content\\\/uploads\\\/2024\\\/01\\\/Guglielmo_Marconi_1901_wireless_signal-scaled.jpg\",\"width\":2560,\"height\":1578},{\"@type\":\"BreadcrumbList\",\"@id\":\"https:\\\/\\\/www.italtel.com\\\/it\\\/anche-italtel-alla-giornata-dedicata-a-guglielmo-marconi\\\/#breadcrumb\",\"itemListElement\":[{\"@type\":\"ListItem\",\"position\":1,\"name\":\"Home\",\"item\":\"https:\\\/\\\/www.italtel.com\\\/it\\\/\"},{\"@type\":\"ListItem\",\"position\":2,\"name\":\"Anche Italtel alla giornata dedicata a Guglielmo Marconi\"}]},{\"@type\":\"WebSite\",\"@id\":\"https:\\\/\\\/www.italtel.com\\\/de\\\/#website\",\"url\":\"https:\\\/\\\/www.italtel.com\\\/de\\\/\",\"name\":\"Italtel\",\"description\":\"Italtel Group&#039;s company website\",\"publisher\":{\"@id\":\"https:\\\/\\\/www.italtel.com\\\/de\\\/#organization\"},\"potentialAction\":[{\"@type\":\"SearchAction\",\"target\":{\"@type\":\"EntryPoint\",\"urlTemplate\":\"https:\\\/\\\/www.italtel.com\\\/de\\\/?s={search_term_string}\"},\"query-input\":{\"@type\":\"PropertyValueSpecification\",\"valueRequired\":true,\"valueName\":\"search_term_string\"}}],\"inLanguage\":\"it-IT\"},{\"@type\":\"Organization\",\"@id\":\"https:\\\/\\\/www.italtel.com\\\/de\\\/#organization\",\"name\":\"Italtel S.p.A.\",\"url\":\"https:\\\/\\\/www.italtel.com\\\/de\\\/\",\"logo\":{\"@type\":\"ImageObject\",\"inLanguage\":\"it-IT\",\"@id\":\"https:\\\/\\\/www.italtel.com\\\/de\\\/#\\\/schema\\\/logo\\\/image\\\/\",\"url\":\"https:\\\/\\\/www.italtel.com\\\/wp-content\\\/uploads\\\/2024\\\/11\\\/Italtel_logo.png\",\"contentUrl\":\"https:\\\/\\\/www.italtel.com\\\/wp-content\\\/uploads\\\/2024\\\/11\\\/Italtel_logo.png\",\"width\":591,\"height\":139,\"caption\":\"Italtel S.p.A.\"},\"image\":{\"@id\":\"https:\\\/\\\/www.italtel.com\\\/de\\\/#\\\/schema\\\/logo\\\/image\\\/\"},\"sameAs\":[\"https:\\\/\\\/x.com\\\/Italtel\",\"https:\\\/\\\/www.linkedin.com\\\/company\\\/italtel\\\/\",\"https:\\\/\\\/www.instagram.com\\\/italtel_hq\\\/\"]},{\"@type\":\"Person\",\"@id\":\"https:\\\/\\\/www.italtel.com\\\/de\\\/#\\\/schema\\\/person\\\/38f315d5a978255f0cf320055bad5afe\",\"name\":\"Daniela Fontana\",\"image\":{\"@type\":\"ImageObject\",\"inLanguage\":\"it-IT\",\"@id\":\"https:\\\/\\\/secure.gravatar.com\\\/avatar\\\/834a03b0c73144a8ca36e17dc365b3fbadb34c9e44399b609a00f2231e694f6a?s=96&d=mm&r=g\",\"url\":\"https:\\\/\\\/secure.gravatar.com\\\/avatar\\\/834a03b0c73144a8ca36e17dc365b3fbadb34c9e44399b609a00f2231e694f6a?s=96&d=mm&r=g\",\"contentUrl\":\"https:\\\/\\\/secure.gravatar.com\\\/avatar\\\/834a03b0c73144a8ca36e17dc365b3fbadb34c9e44399b609a00f2231e694f6a?s=96&d=mm&r=g\",\"caption\":\"Daniela Fontana\"}}]}<\/script>\n<!-- \/ Yoast SEO plugin. -->","yoast_head_json":{"title":"Anche Italtel alla giornata dedicata a Guglielmo Marconi - Italtel","robots":{"index":"index","follow":"follow","max-snippet":"max-snippet:-1","max-image-preview":"max-image-preview:large","max-video-preview":"max-video-preview:-1"},"canonical":"https:\/\/www.italtel.com\/it\/anche-italtel-alla-giornata-dedicata-a-guglielmo-marconi\/","og_locale":"it_IT","og_type":"article","og_title":"Anche Italtel alla giornata dedicata a Guglielmo Marconi - Italtel","og_description":"Sabato 25 aprile dalla 10.00 alle 12.00 si svolge, esclusivamente on line, la tradizionale Giornata di Marconi, che la Fondazione Guglielmo Marconi organizza ogni anno nella ricorrenza del compleanno dello&nbsp;...","og_url":"https:\/\/www.italtel.com\/it\/anche-italtel-alla-giornata-dedicata-a-guglielmo-marconi\/","og_site_name":"Italtel","article_published_time":"2020-04-22T07:21:04+00:00","og_image":[{"width":2560,"height":1578,"url":"https:\/\/www.italtel.com\/wp-content\/uploads\/2024\/01\/Guglielmo_Marconi_1901_wireless_signal-scaled.jpg","type":"image\/jpeg"}],"author":"Daniela Fontana","twitter_card":"summary_large_image","twitter_creator":"@Italtel","twitter_site":"@Italtel","twitter_misc":{"Scritto da":"Daniela Fontana","Tempo di lettura stimato":"1 minuto"},"schema":{"@context":"https:\/\/schema.org","@graph":[{"@type":"Article","@id":"https:\/\/www.italtel.com\/it\/anche-italtel-alla-giornata-dedicata-a-guglielmo-marconi\/#article","isPartOf":{"@id":"https:\/\/www.italtel.com\/it\/anche-italtel-alla-giornata-dedicata-a-guglielmo-marconi\/"},"author":{"name":"Daniela Fontana","@id":"https:\/\/www.italtel.com\/de\/#\/schema\/person\/38f315d5a978255f0cf320055bad5afe"},"headline":"Anche Italtel alla giornata dedicata a Guglielmo Marconi","datePublished":"2020-04-22T07:21:04+00:00","mainEntityOfPage":{"@id":"https:\/\/www.italtel.com\/it\/anche-italtel-alla-giornata-dedicata-a-guglielmo-marconi\/"},"wordCount":171,"publisher":{"@id":"https:\/\/www.italtel.com\/de\/#organization"},"image":{"@id":"https:\/\/www.italtel.com\/it\/anche-italtel-alla-giornata-dedicata-a-guglielmo-marconi\/#primaryimage"},"thumbnailUrl":"https:\/\/www.italtel.com\/wp-content\/uploads\/2024\/01\/Guglielmo_Marconi_1901_wireless_signal-scaled.jpg","articleSection":["Event"],"inLanguage":"it-IT"},{"@type":"WebPage","@id":"https:\/\/www.italtel.com\/it\/anche-italtel-alla-giornata-dedicata-a-guglielmo-marconi\/","url":"https:\/\/www.italtel.com\/it\/anche-italtel-alla-giornata-dedicata-a-guglielmo-marconi\/","name":"Anche Italtel alla giornata dedicata a Guglielmo Marconi - Italtel","isPartOf":{"@id":"https:\/\/www.italtel.com\/de\/#website"},"primaryImageOfPage":{"@id":"https:\/\/www.italtel.com\/it\/anche-italtel-alla-giornata-dedicata-a-guglielmo-marconi\/#primaryimage"},"image":{"@id":"https:\/\/www.italtel.com\/it\/anche-italtel-alla-giornata-dedicata-a-guglielmo-marconi\/#primaryimage"},"thumbnailUrl":"https:\/\/www.italtel.com\/wp-content\/uploads\/2024\/01\/Guglielmo_Marconi_1901_wireless_signal-scaled.jpg","datePublished":"2020-04-22T07:21:04+00:00","breadcrumb":{"@id":"https:\/\/www.italtel.com\/it\/anche-italtel-alla-giornata-dedicata-a-guglielmo-marconi\/#breadcrumb"},"inLanguage":"it-IT","potentialAction":[{"@type":"ReadAction","target":["https:\/\/www.italtel.com\/it\/anche-italtel-alla-giornata-dedicata-a-guglielmo-marconi\/"]}]},{"@type":"ImageObject","inLanguage":"it-IT","@id":"https:\/\/www.italtel.com\/it\/anche-italtel-alla-giornata-dedicata-a-guglielmo-marconi\/#primaryimage","url":"https:\/\/www.italtel.com\/wp-content\/uploads\/2024\/01\/Guglielmo_Marconi_1901_wireless_signal-scaled.jpg","contentUrl":"https:\/\/www.italtel.com\/wp-content\/uploads\/2024\/01\/Guglielmo_Marconi_1901_wireless_signal-scaled.jpg","width":2560,"height":1578},{"@type":"BreadcrumbList","@id":"https:\/\/www.italtel.com\/it\/anche-italtel-alla-giornata-dedicata-a-guglielmo-marconi\/#breadcrumb","itemListElement":[{"@type":"ListItem","position":1,"name":"Home","item":"https:\/\/www.italtel.com\/it\/"},{"@type":"ListItem","position":2,"name":"Anche Italtel alla giornata dedicata a Guglielmo Marconi"}]},{"@type":"WebSite","@id":"https:\/\/www.italtel.com\/de\/#website","url":"https:\/\/www.italtel.com\/de\/","name":"Italtel","description":"Italtel Group&#039;s company website","publisher":{"@id":"https:\/\/www.italtel.com\/de\/#organization"},"potentialAction":[{"@type":"SearchAction","target":{"@type":"EntryPoint","urlTemplate":"https:\/\/www.italtel.com\/de\/?s={search_term_string}"},"query-input":{"@type":"PropertyValueSpecification","valueRequired":true,"valueName":"search_term_string"}}],"inLanguage":"it-IT"},{"@type":"Organization","@id":"https:\/\/www.italtel.com\/de\/#organization","name":"Italtel S.p.A.","url":"https:\/\/www.italtel.com\/de\/","logo":{"@type":"ImageObject","inLanguage":"it-IT","@id":"https:\/\/www.italtel.com\/de\/#\/schema\/logo\/image\/","url":"https:\/\/www.italtel.com\/wp-content\/uploads\/2024\/11\/Italtel_logo.png","contentUrl":"https:\/\/www.italtel.com\/wp-content\/uploads\/2024\/11\/Italtel_logo.png","width":591,"height":139,"caption":"Italtel S.p.A."},"image":{"@id":"https:\/\/www.italtel.com\/de\/#\/schema\/logo\/image\/"},"sameAs":["https:\/\/x.com\/Italtel","https:\/\/www.linkedin.com\/company\/italtel\/","https:\/\/www.instagram.com\/italtel_hq\/"]},{"@type":"Person","@id":"https:\/\/www.italtel.com\/de\/#\/schema\/person\/38f315d5a978255f0cf320055bad5afe","name":"Daniela Fontana","image":{"@type":"ImageObject","inLanguage":"it-IT","@id":"https:\/\/secure.gravatar.com\/avatar\/834a03b0c73144a8ca36e17dc365b3fbadb34c9e44399b609a00f2231e694f6a?s=96&d=mm&r=g","url":"https:\/\/secure.gravatar.com\/avatar\/834a03b0c73144a8ca36e17dc365b3fbadb34c9e44399b609a00f2231e694f6a?s=96&d=mm&r=g","contentUrl":"https:\/\/secure.gravatar.com\/avatar\/834a03b0c73144a8ca36e17dc365b3fbadb34c9e44399b609a00f2231e694f6a?s=96&d=mm&r=g","caption":"Daniela Fontana"}}]}},"_links":{"self":[{"href":"https:\/\/www.italtel.com\/it\/wp-json\/wp\/v2\/posts\/55934","targetHints":{"allow":["GET"]}}],"collection":[{"href":"https:\/\/www.italtel.com\/it\/wp-json\/wp\/v2\/posts"}],"about":[{"href":"https:\/\/www.italtel.com\/it\/wp-json\/wp\/v2\/types\/post"}],"author":[{"embeddable":true,"href":"https:\/\/www.italtel.com\/it\/wp-json\/wp\/v2\/users\/6"}],"replies":[{"embeddable":true,"href":"https:\/\/www.italtel.com\/it\/wp-json\/wp\/v2\/comments?post=55934"}],"version-history":[{"count":0,"href":"https:\/\/www.italtel.com\/it\/wp-json\/wp\/v2\/posts\/55934\/revisions"}],"wp:featuredmedia":[{"embeddable":true,"href":"https:\/\/www.italtel.com\/it\/wp-json\/wp\/v2\/media\/55935"}],"wp:attachment":[{"href":"https:\/\/www.italtel.com\/it\/wp-json\/wp\/v2\/media?parent=55934"}],"wp:term":[{"taxonomy":"category","embeddable":true,"href":"https:\/\/www.italtel.com\/it\/wp-json\/wp\/v2\/categories?post=55934"},{"taxonomy":"post_tag","embeddable":true,"href":"https:\/\/www.italtel.com\/it\/wp-json\/wp\/v2\/tags?post=55934"}],"curies":[{"name":"wp","href":"https:\/\/api.w.org\/{rel}","templated":true}]}}