{"id":55997,"date":"2019-11-05T08:30:06","date_gmt":"2019-11-05T06:30:06","guid":{"rendered":"https:\/\/www.italtel.com\/sistema-scuola-impresa-di-elis\/"},"modified":"2019-11-05T08:30:06","modified_gmt":"2019-11-05T06:30:06","slug":"sistema-scuola-impresa-di-elis","status":"publish","type":"post","link":"https:\/\/www.italtel.com\/it\/sistema-scuola-impresa-di-elis\/","title":{"rendered":"Sistema Scuola Impresa di ELIS"},"content":{"rendered":"<h5><strong>Exprivia | Italtel partner del nuovo evento Palcoscenico del Sistema Scuola Impresa ELIS sulla creativit\u00e0<\/strong><\/h5>\n<p>Il Progetto \u201cSistema Scuola Impresa\u201d \u00e8 l\u2019insieme dei nuovi strumenti formativi e d\u2019orientamento al lavoro che pi\u00f9 di 30 grandi imprese aderenti al Consorzio ELIS, tra cui anche Exprivia | Italtel, offrono alla Scuola Italiana.<\/p>\n<p>Obiettivo di \u201cSistema Scuola Impresa\u201d \u00e8 quello di contribuire a ricondurre la Scuola Italiana alla sua originaria vocazione di centro educativo, un ambiente cio\u00e8 in cui i giovani siano preparati a prendersi cura del Paese.<\/p>\n<p>Il confronto degli studenti con \u201cRole Model\u201d femminili, ovvero professioniste aziendali che incarnano modelli virtuosi di approccio al lavoro, che possano ispirare i ragazzi e soprattutto le ragazze, ad intraprendere carriere di tipo STEM (Science, Technology, Engineering and Mathematics) \u00e8 il tratto distintivo del percorso di riconoscimento di talenti e vocazioni.<\/p>\n<p>La nostra azienda ha aderito con entusiasmo a questo percorso, e ha scelto cinque persone come \u201cRole Model\u201d:<\/p>\n<ul>\n<li>Gianna Cornacchia \u2013 Head of Managed Services &amp; Smart Operation-Competence Center<\/li>\n<li>Morena Pronol \u2013 Account Manager<\/li>\n<li>Loredana Tomasino &#8211; Delivery Center Manager presso Exprivia\u00a0e Public Sector Account manager presso Italtel<\/li>\n<li>Tullia Zanni &#8211; Head of Offering Development<\/li>\n<li>Maria Vittoria Milone &#8211; \u2013 Head of UltraBroadBand &#8211; Project Management<\/li>\n<\/ul>\n<p>\u00c8 proprio grazie alla volont\u00e0 di Loredana Tomasino che la proposta di realizzare un evento Palcoscenico a Palermo, dedicato ai ragazzi e alle ragazze del capoluogo siciliano, si concretizza: nasce cos\u00ec l\u2019appuntamento \u201cDestructive creations: artigiani di nuovi mondi!\u201d che si svolger\u00e0 presso l\u2019Universit\u00e0 degli Studi di Palermo il 14 novembre dalle 10.00 alle 13.00. L\u2019evento \u00e8 organizzato da ELIS, con il supporto di Exprivia | Italtel e della Fondazione Bellisario, ed \u00e8 dedicato agli studenti delle scuole superiori, ma \u00e8 aperto a tutti gli interessati, inclusi studenti e professori universitari o delle scuole medie (La partecipazione all&#8217;evento concorre a raggiungere il monte ore di Alternanza Scuola Lavoro).<\/p>\n<p>Lo scopo della mattinata \u00e8 quello di dar la possibilit\u00e0 agli studenti di conoscere chi ha fatto della creativit\u00e0 il suo lavoro e, attraverso questi incontri, trovare ispirazione per orientare il proprio percorso professionale futuro.<\/p>\n<p>Il tema dell\u2019evento \u00e8 appunto la creativit\u00e0 in tutte le sue possibili declinazioni: gli ospiti che intervengono e con i quali gli studenti possono confrontarsi sono testimoni qualificati del valore della creativit\u00e0 nel mondo delle imprese, dello sport, della musica e delle start up!<\/p>\n<p>La creativit\u00e0, contrariamente a quanto si crede, non \u00e8 appannaggio di pochi o da applicare in soli contesti \u201cartistici\u201d. Ognuno di noi possiede un potenziale creativo e si pu\u00f2 essere creativi anche nella scrittura di un codice o nel trovare la soluzione migliore per costruire un impianto fotovoltaico. \u00c8 quel potenziale che, scoperto e sviluppato, ci permette di affrontare sfide e cambiamenti con originalit\u00e0 ed efficacia.<\/p>\n<p>Nel corso dell&#8217;evento \u00e8 previsto un laboratorio esperienziale su \u201cSostenibilit\u00e0 e Interculturalit\u00e0: da concetti teorici a competenze agite\u201d.<\/p>\n<p>A cura dell\u2019esperta ELIS, Annamaria Paradiso, verranno lanciate delle challenge tra le scuole partecipanti, lavorando su un obiettivo di sviluppo sostenibile sul quale generare delle idee creative e realizzabili nel proprio territorio di appartenenza.<\/p>\n<p>Il Progetto co-finanziato dall\u2019AICS \u2013 AID 011499.<\/p>\n<p>Per ulteriori informazioni e per iscriversi all\u2019evento: <a href=\"https:\/\/sistemascuolaimpresapalermo.eventbrite.it\">https:\/\/sistemascuolaimpresapalermo.eventbrite.it<\/a><\/p>\n<p>&nbsp;<\/p>\n<p><strong>ELIS: CHI SIAMO<\/strong><\/p>\n<p>ELIS \u00e8 una realt\u00e0 educativa non profit che ha al suo centro la persona e il lavoro, con le sue attivit\u00e0 propone la professionalit\u00e0 come servizio al bene comune.<\/p>\n<p>ELIS si rivolge a giovani, professionisti ed imprese per rispondere al divario scuola-lavoro, alla disoccupazione giovanile e contribuire allo sviluppo sostenibile delle organizzazioni.<\/p>\n<p>ELIS progetta le sue attivit\u00e0 anche in collaborazione con le aziende riunite nel Consorzio ELIS, per facilitare l\u2019inserimento nel mondo del lavoro.<\/p>\n<p>Compongono l&#8217;ELIS diverse scuole e attivit\u00e0:<\/p>\n<ul>\n<li>una Scuola Professionale per operai specializzati nel campo dell&#8217;industria e dell&#8217;artigianato;<\/li>\n<li>una scuola dell&#8217;ospitalit\u00e0 SAFI per ragazze che vogliono lavorare nel settore alberghiero e enogastronomico;<\/li>\n<li>un College in cui giovani risiedono e, mentre conseguono gli studi universitari (laurea in ingegneria informatica in collaborazione con il Politecnico di Milano), si specializzano nelle nuove tecnologie;<\/li>\n<li>attivit\u00e0 di consulenza e affiancamento alle imprese rivolte all&#8217;acquisizione e allo sviluppo delle competenze professionali e relazionali utili al perseguimento della propria strategia.<\/li>\n<\/ul>\n<p>Tutte le info su ELIS &#8211; Educazione, Lavoro, Istruzione, Sport\u00a0http:\/\/www.elis.org\/<\/p>\n","protected":false},"excerpt":{"rendered":"<p>Exprivia | Italtel partner del nuovo evento Palcoscenico del Sistema Scuola Impresa ELIS sulla creativit\u00e0 Il Progetto \u201cSistema Scuola Impresa\u201d \u00e8 l\u2019insieme dei nuovi strumenti formativi e d\u2019orientamento al lavoro&nbsp;&#8230;<\/p>\n","protected":false},"author":6,"featured_media":55998,"comment_status":"closed","ping_status":"closed","sticky":false,"template":"","format":"standard","meta":{"footnotes":""},"categories":[740],"tags":[],"class_list":["post-55997","post","type-post","status-publish","format-standard","has-post-thumbnail","hentry","category-events-it"],"yoast_head":"<!-- This site is optimized with the Yoast SEO plugin v27.4 - https:\/\/yoast.com\/product\/yoast-seo-wordpress\/ -->\n<title>Sistema Scuola Impresa di ELIS - Italtel<\/title>\n<meta name=\"robots\" content=\"index, follow, max-snippet:-1, max-image-preview:large, max-video-preview:-1\" \/>\n<link rel=\"canonical\" href=\"https:\/\/www.italtel.com\/it\/sistema-scuola-impresa-di-elis\/\" \/>\n<meta property=\"og:locale\" content=\"it_IT\" \/>\n<meta property=\"og:type\" content=\"article\" \/>\n<meta property=\"og:title\" content=\"Sistema Scuola Impresa di ELIS - Italtel\" \/>\n<meta property=\"og:description\" content=\"Exprivia | Italtel partner del nuovo evento Palcoscenico del Sistema Scuola Impresa ELIS sulla creativit\u00e0 Il Progetto \u201cSistema Scuola Impresa\u201d \u00e8 l\u2019insieme dei nuovi strumenti formativi e d\u2019orientamento al lavoro&nbsp;...\" \/>\n<meta property=\"og:url\" content=\"https:\/\/www.italtel.com\/it\/sistema-scuola-impresa-di-elis\/\" \/>\n<meta property=\"og:site_name\" content=\"Italtel\" \/>\n<meta property=\"article:published_time\" content=\"2019-11-05T06:30:06+00:00\" \/>\n<meta property=\"og:image\" content=\"https:\/\/www.italtel.com\/wp-content\/uploads\/2024\/01\/descructive-creations_ELIS_UNIPA.jpg\" \/>\n\t<meta property=\"og:image:width\" content=\"1168\" \/>\n\t<meta property=\"og:image:height\" content=\"657\" \/>\n\t<meta property=\"og:image:type\" content=\"image\/jpeg\" \/>\n<meta name=\"author\" content=\"Daniela Fontana\" \/>\n<meta name=\"twitter:card\" content=\"summary_large_image\" \/>\n<meta name=\"twitter:creator\" content=\"@Italtel\" \/>\n<meta name=\"twitter:site\" content=\"@Italtel\" \/>\n<meta name=\"twitter:label1\" content=\"Scritto da\" \/>\n\t<meta name=\"twitter:data1\" content=\"Daniela Fontana\" \/>\n\t<meta name=\"twitter:label2\" content=\"Tempo di lettura stimato\" \/>\n\t<meta name=\"twitter:data2\" content=\"3 minuti\" \/>\n<script type=\"application\/ld+json\" class=\"yoast-schema-graph\">{\"@context\":\"https:\\\/\\\/schema.org\",\"@graph\":[{\"@type\":\"Article\",\"@id\":\"https:\\\/\\\/www.italtel.com\\\/it\\\/sistema-scuola-impresa-di-elis\\\/#article\",\"isPartOf\":{\"@id\":\"https:\\\/\\\/www.italtel.com\\\/it\\\/sistema-scuola-impresa-di-elis\\\/\"},\"author\":{\"name\":\"Daniela Fontana\",\"@id\":\"https:\\\/\\\/www.italtel.com\\\/de\\\/#\\\/schema\\\/person\\\/38f315d5a978255f0cf320055bad5afe\"},\"headline\":\"Sistema Scuola Impresa di ELIS\",\"datePublished\":\"2019-11-05T06:30:06+00:00\",\"mainEntityOfPage\":{\"@id\":\"https:\\\/\\\/www.italtel.com\\\/it\\\/sistema-scuola-impresa-di-elis\\\/\"},\"wordCount\":696,\"publisher\":{\"@id\":\"https:\\\/\\\/www.italtel.com\\\/de\\\/#organization\"},\"image\":{\"@id\":\"https:\\\/\\\/www.italtel.com\\\/it\\\/sistema-scuola-impresa-di-elis\\\/#primaryimage\"},\"thumbnailUrl\":\"https:\\\/\\\/www.italtel.com\\\/wp-content\\\/uploads\\\/2024\\\/01\\\/descructive-creations_ELIS_UNIPA.jpg\",\"articleSection\":[\"Event\"],\"inLanguage\":\"it-IT\"},{\"@type\":\"WebPage\",\"@id\":\"https:\\\/\\\/www.italtel.com\\\/it\\\/sistema-scuola-impresa-di-elis\\\/\",\"url\":\"https:\\\/\\\/www.italtel.com\\\/it\\\/sistema-scuola-impresa-di-elis\\\/\",\"name\":\"Sistema Scuola Impresa di ELIS - Italtel\",\"isPartOf\":{\"@id\":\"https:\\\/\\\/www.italtel.com\\\/de\\\/#website\"},\"primaryImageOfPage\":{\"@id\":\"https:\\\/\\\/www.italtel.com\\\/it\\\/sistema-scuola-impresa-di-elis\\\/#primaryimage\"},\"image\":{\"@id\":\"https:\\\/\\\/www.italtel.com\\\/it\\\/sistema-scuola-impresa-di-elis\\\/#primaryimage\"},\"thumbnailUrl\":\"https:\\\/\\\/www.italtel.com\\\/wp-content\\\/uploads\\\/2024\\\/01\\\/descructive-creations_ELIS_UNIPA.jpg\",\"datePublished\":\"2019-11-05T06:30:06+00:00\",\"breadcrumb\":{\"@id\":\"https:\\\/\\\/www.italtel.com\\\/it\\\/sistema-scuola-impresa-di-elis\\\/#breadcrumb\"},\"inLanguage\":\"it-IT\",\"potentialAction\":[{\"@type\":\"ReadAction\",\"target\":[\"https:\\\/\\\/www.italtel.com\\\/it\\\/sistema-scuola-impresa-di-elis\\\/\"]}]},{\"@type\":\"ImageObject\",\"inLanguage\":\"it-IT\",\"@id\":\"https:\\\/\\\/www.italtel.com\\\/it\\\/sistema-scuola-impresa-di-elis\\\/#primaryimage\",\"url\":\"https:\\\/\\\/www.italtel.com\\\/wp-content\\\/uploads\\\/2024\\\/01\\\/descructive-creations_ELIS_UNIPA.jpg\",\"contentUrl\":\"https:\\\/\\\/www.italtel.com\\\/wp-content\\\/uploads\\\/2024\\\/01\\\/descructive-creations_ELIS_UNIPA.jpg\",\"width\":1168,\"height\":657},{\"@type\":\"BreadcrumbList\",\"@id\":\"https:\\\/\\\/www.italtel.com\\\/it\\\/sistema-scuola-impresa-di-elis\\\/#breadcrumb\",\"itemListElement\":[{\"@type\":\"ListItem\",\"position\":1,\"name\":\"Home\",\"item\":\"https:\\\/\\\/www.italtel.com\\\/it\\\/\"},{\"@type\":\"ListItem\",\"position\":2,\"name\":\"Sistema Scuola Impresa di ELIS\"}]},{\"@type\":\"WebSite\",\"@id\":\"https:\\\/\\\/www.italtel.com\\\/de\\\/#website\",\"url\":\"https:\\\/\\\/www.italtel.com\\\/de\\\/\",\"name\":\"Italtel\",\"description\":\"Italtel Group&#039;s company website\",\"publisher\":{\"@id\":\"https:\\\/\\\/www.italtel.com\\\/de\\\/#organization\"},\"potentialAction\":[{\"@type\":\"SearchAction\",\"target\":{\"@type\":\"EntryPoint\",\"urlTemplate\":\"https:\\\/\\\/www.italtel.com\\\/de\\\/?s={search_term_string}\"},\"query-input\":{\"@type\":\"PropertyValueSpecification\",\"valueRequired\":true,\"valueName\":\"search_term_string\"}}],\"inLanguage\":\"it-IT\"},{\"@type\":\"Organization\",\"@id\":\"https:\\\/\\\/www.italtel.com\\\/de\\\/#organization\",\"name\":\"Italtel S.p.A.\",\"url\":\"https:\\\/\\\/www.italtel.com\\\/de\\\/\",\"logo\":{\"@type\":\"ImageObject\",\"inLanguage\":\"it-IT\",\"@id\":\"https:\\\/\\\/www.italtel.com\\\/de\\\/#\\\/schema\\\/logo\\\/image\\\/\",\"url\":\"https:\\\/\\\/www.italtel.com\\\/wp-content\\\/uploads\\\/2024\\\/11\\\/Italtel_logo.png\",\"contentUrl\":\"https:\\\/\\\/www.italtel.com\\\/wp-content\\\/uploads\\\/2024\\\/11\\\/Italtel_logo.png\",\"width\":591,\"height\":139,\"caption\":\"Italtel S.p.A.\"},\"image\":{\"@id\":\"https:\\\/\\\/www.italtel.com\\\/de\\\/#\\\/schema\\\/logo\\\/image\\\/\"},\"sameAs\":[\"https:\\\/\\\/x.com\\\/Italtel\",\"https:\\\/\\\/www.linkedin.com\\\/company\\\/italtel\\\/\",\"https:\\\/\\\/www.instagram.com\\\/italtel_hq\\\/\"]},{\"@type\":\"Person\",\"@id\":\"https:\\\/\\\/www.italtel.com\\\/de\\\/#\\\/schema\\\/person\\\/38f315d5a978255f0cf320055bad5afe\",\"name\":\"Daniela Fontana\",\"image\":{\"@type\":\"ImageObject\",\"inLanguage\":\"it-IT\",\"@id\":\"https:\\\/\\\/secure.gravatar.com\\\/avatar\\\/834a03b0c73144a8ca36e17dc365b3fbadb34c9e44399b609a00f2231e694f6a?s=96&d=mm&r=g\",\"url\":\"https:\\\/\\\/secure.gravatar.com\\\/avatar\\\/834a03b0c73144a8ca36e17dc365b3fbadb34c9e44399b609a00f2231e694f6a?s=96&d=mm&r=g\",\"contentUrl\":\"https:\\\/\\\/secure.gravatar.com\\\/avatar\\\/834a03b0c73144a8ca36e17dc365b3fbadb34c9e44399b609a00f2231e694f6a?s=96&d=mm&r=g\",\"caption\":\"Daniela Fontana\"}}]}<\/script>\n<!-- \/ Yoast SEO plugin. -->","yoast_head_json":{"title":"Sistema Scuola Impresa di ELIS - Italtel","robots":{"index":"index","follow":"follow","max-snippet":"max-snippet:-1","max-image-preview":"max-image-preview:large","max-video-preview":"max-video-preview:-1"},"canonical":"https:\/\/www.italtel.com\/it\/sistema-scuola-impresa-di-elis\/","og_locale":"it_IT","og_type":"article","og_title":"Sistema Scuola Impresa di ELIS - Italtel","og_description":"Exprivia | Italtel partner del nuovo evento Palcoscenico del Sistema Scuola Impresa ELIS sulla creativit\u00e0 Il Progetto \u201cSistema Scuola Impresa\u201d \u00e8 l\u2019insieme dei nuovi strumenti formativi e d\u2019orientamento al lavoro&nbsp;...","og_url":"https:\/\/www.italtel.com\/it\/sistema-scuola-impresa-di-elis\/","og_site_name":"Italtel","article_published_time":"2019-11-05T06:30:06+00:00","og_image":[{"width":1168,"height":657,"url":"https:\/\/www.italtel.com\/wp-content\/uploads\/2024\/01\/descructive-creations_ELIS_UNIPA.jpg","type":"image\/jpeg"}],"author":"Daniela Fontana","twitter_card":"summary_large_image","twitter_creator":"@Italtel","twitter_site":"@Italtel","twitter_misc":{"Scritto da":"Daniela Fontana","Tempo di lettura stimato":"3 minuti"},"schema":{"@context":"https:\/\/schema.org","@graph":[{"@type":"Article","@id":"https:\/\/www.italtel.com\/it\/sistema-scuola-impresa-di-elis\/#article","isPartOf":{"@id":"https:\/\/www.italtel.com\/it\/sistema-scuola-impresa-di-elis\/"},"author":{"name":"Daniela Fontana","@id":"https:\/\/www.italtel.com\/de\/#\/schema\/person\/38f315d5a978255f0cf320055bad5afe"},"headline":"Sistema Scuola Impresa di ELIS","datePublished":"2019-11-05T06:30:06+00:00","mainEntityOfPage":{"@id":"https:\/\/www.italtel.com\/it\/sistema-scuola-impresa-di-elis\/"},"wordCount":696,"publisher":{"@id":"https:\/\/www.italtel.com\/de\/#organization"},"image":{"@id":"https:\/\/www.italtel.com\/it\/sistema-scuola-impresa-di-elis\/#primaryimage"},"thumbnailUrl":"https:\/\/www.italtel.com\/wp-content\/uploads\/2024\/01\/descructive-creations_ELIS_UNIPA.jpg","articleSection":["Event"],"inLanguage":"it-IT"},{"@type":"WebPage","@id":"https:\/\/www.italtel.com\/it\/sistema-scuola-impresa-di-elis\/","url":"https:\/\/www.italtel.com\/it\/sistema-scuola-impresa-di-elis\/","name":"Sistema Scuola Impresa di ELIS - Italtel","isPartOf":{"@id":"https:\/\/www.italtel.com\/de\/#website"},"primaryImageOfPage":{"@id":"https:\/\/www.italtel.com\/it\/sistema-scuola-impresa-di-elis\/#primaryimage"},"image":{"@id":"https:\/\/www.italtel.com\/it\/sistema-scuola-impresa-di-elis\/#primaryimage"},"thumbnailUrl":"https:\/\/www.italtel.com\/wp-content\/uploads\/2024\/01\/descructive-creations_ELIS_UNIPA.jpg","datePublished":"2019-11-05T06:30:06+00:00","breadcrumb":{"@id":"https:\/\/www.italtel.com\/it\/sistema-scuola-impresa-di-elis\/#breadcrumb"},"inLanguage":"it-IT","potentialAction":[{"@type":"ReadAction","target":["https:\/\/www.italtel.com\/it\/sistema-scuola-impresa-di-elis\/"]}]},{"@type":"ImageObject","inLanguage":"it-IT","@id":"https:\/\/www.italtel.com\/it\/sistema-scuola-impresa-di-elis\/#primaryimage","url":"https:\/\/www.italtel.com\/wp-content\/uploads\/2024\/01\/descructive-creations_ELIS_UNIPA.jpg","contentUrl":"https:\/\/www.italtel.com\/wp-content\/uploads\/2024\/01\/descructive-creations_ELIS_UNIPA.jpg","width":1168,"height":657},{"@type":"BreadcrumbList","@id":"https:\/\/www.italtel.com\/it\/sistema-scuola-impresa-di-elis\/#breadcrumb","itemListElement":[{"@type":"ListItem","position":1,"name":"Home","item":"https:\/\/www.italtel.com\/it\/"},{"@type":"ListItem","position":2,"name":"Sistema Scuola Impresa di ELIS"}]},{"@type":"WebSite","@id":"https:\/\/www.italtel.com\/de\/#website","url":"https:\/\/www.italtel.com\/de\/","name":"Italtel","description":"Italtel Group&#039;s company website","publisher":{"@id":"https:\/\/www.italtel.com\/de\/#organization"},"potentialAction":[{"@type":"SearchAction","target":{"@type":"EntryPoint","urlTemplate":"https:\/\/www.italtel.com\/de\/?s={search_term_string}"},"query-input":{"@type":"PropertyValueSpecification","valueRequired":true,"valueName":"search_term_string"}}],"inLanguage":"it-IT"},{"@type":"Organization","@id":"https:\/\/www.italtel.com\/de\/#organization","name":"Italtel S.p.A.","url":"https:\/\/www.italtel.com\/de\/","logo":{"@type":"ImageObject","inLanguage":"it-IT","@id":"https:\/\/www.italtel.com\/de\/#\/schema\/logo\/image\/","url":"https:\/\/www.italtel.com\/wp-content\/uploads\/2024\/11\/Italtel_logo.png","contentUrl":"https:\/\/www.italtel.com\/wp-content\/uploads\/2024\/11\/Italtel_logo.png","width":591,"height":139,"caption":"Italtel S.p.A."},"image":{"@id":"https:\/\/www.italtel.com\/de\/#\/schema\/logo\/image\/"},"sameAs":["https:\/\/x.com\/Italtel","https:\/\/www.linkedin.com\/company\/italtel\/","https:\/\/www.instagram.com\/italtel_hq\/"]},{"@type":"Person","@id":"https:\/\/www.italtel.com\/de\/#\/schema\/person\/38f315d5a978255f0cf320055bad5afe","name":"Daniela Fontana","image":{"@type":"ImageObject","inLanguage":"it-IT","@id":"https:\/\/secure.gravatar.com\/avatar\/834a03b0c73144a8ca36e17dc365b3fbadb34c9e44399b609a00f2231e694f6a?s=96&d=mm&r=g","url":"https:\/\/secure.gravatar.com\/avatar\/834a03b0c73144a8ca36e17dc365b3fbadb34c9e44399b609a00f2231e694f6a?s=96&d=mm&r=g","contentUrl":"https:\/\/secure.gravatar.com\/avatar\/834a03b0c73144a8ca36e17dc365b3fbadb34c9e44399b609a00f2231e694f6a?s=96&d=mm&r=g","caption":"Daniela Fontana"}}]}},"_links":{"self":[{"href":"https:\/\/www.italtel.com\/it\/wp-json\/wp\/v2\/posts\/55997","targetHints":{"allow":["GET"]}}],"collection":[{"href":"https:\/\/www.italtel.com\/it\/wp-json\/wp\/v2\/posts"}],"about":[{"href":"https:\/\/www.italtel.com\/it\/wp-json\/wp\/v2\/types\/post"}],"author":[{"embeddable":true,"href":"https:\/\/www.italtel.com\/it\/wp-json\/wp\/v2\/users\/6"}],"replies":[{"embeddable":true,"href":"https:\/\/www.italtel.com\/it\/wp-json\/wp\/v2\/comments?post=55997"}],"version-history":[{"count":0,"href":"https:\/\/www.italtel.com\/it\/wp-json\/wp\/v2\/posts\/55997\/revisions"}],"wp:featuredmedia":[{"embeddable":true,"href":"https:\/\/www.italtel.com\/it\/wp-json\/wp\/v2\/media\/55998"}],"wp:attachment":[{"href":"https:\/\/www.italtel.com\/it\/wp-json\/wp\/v2\/media?parent=55997"}],"wp:term":[{"taxonomy":"category","embeddable":true,"href":"https:\/\/www.italtel.com\/it\/wp-json\/wp\/v2\/categories?post=55997"},{"taxonomy":"post_tag","embeddable":true,"href":"https:\/\/www.italtel.com\/it\/wp-json\/wp\/v2\/tags?post=55997"}],"curies":[{"name":"wp","href":"https:\/\/api.w.org\/{rel}","templated":true}]}}