{"id":56576,"date":"2014-11-27T11:17:43","date_gmt":"2014-11-27T09:17:43","guid":{"rendered":"https:\/\/www.italtel.com\/smart-city-italia\/"},"modified":"2014-11-27T11:17:43","modified_gmt":"2014-11-27T09:17:43","slug":"smart-city-italia","status":"publish","type":"post","link":"https:\/\/www.italtel.com\/it\/smart-city-italia\/","title":{"rendered":"SmART City Italia"},"content":{"rendered":"<h6>Gioved\u00ec, 27 Novembre 2014 Sabato, 29 Novembre 2014 Palermo<\/h6>\n<h5 class=\"pos-subtitle\">ITALTEL E&#8217; SPONSOR DELL&#8217;EVENTO PALERMITANO<\/h5>\n<p>Dal <strong>27 al 29 novembre<\/strong>, a Palermo si svolger\u00e0 <strong>SmART City<\/strong> Italia, un convegno dedicato alle citt\u00e0 smart, in un progetto che coinvolge l&#8217;intero sistema Paese, perch\u00e8 con le sue bellezze e le singole peculiarit\u00e0 ogni citt\u00e0 italiana \u00e8 candidata a diventare una SmART City, in un felice connubio di bellezza e intelligenza. Il concetto di Smart City \u00e8 inteso come citt\u00e0 che diventano intelligenti grazie a un nuovo rapporto di consapevolezza dei cittadini con il proprio territorio, e ai servizi a valore aggiunto resi possibili da tecnologie in continua evoluzione e \u201cproduttivi di futuro\u201d.<br \/>\nL&#8217;evento, che vede coinvolti i rappresentanti delle istituzioni, dell&#8217;universit\u00e0, delle imprese e della cultura, conta <strong>Italtel tra gli sponsor<\/strong> della tre giorni palermitana.<\/p>\n<p><strong>Maurizio Tondi<\/strong>, Market Development EMEA di Italtel interverr\u00e0 al convegno di apertura il gioved\u00ec <strong>27 novembre dalle 10.00<\/strong> <strong>alle 13.30,<\/strong> all\u2019interno della Tavola Rotonda \u201c<strong>SmART City e l\u2019Italia del futuro<\/strong>\u201d. Il convegno d\u2019apertura lancia il tema che attraversa tutta la manifestazione: SmArt City pu\u00f2 nel concreto divenire cuore di una nuova strategia di sviluppo per il Paese? La risposta di Italtel \u00e8 certamente positiva, perch\u00e8 noi operiamo in tutte quelle iniziative, in quei programmi , in quei progetti che vedono la rete al centro dello sviluppo digitale del paese sia a livello nazionale che a livello locale.<br \/>\nLink all\u2019agenda on line: <a href=\"http:\/\/www.smartcityitalia.net\/\">http:\/\/www.smartcityitalia.net\/appuntamenti\/<\/a><\/p>\n","protected":false},"excerpt":{"rendered":"<p>Gioved\u00ec, 27 Novembre 2014 Sabato, 29 Novembre 2014 Palermo ITALTEL E&#8217; SPONSOR DELL&#8217;EVENTO PALERMITANO Dal 27 al 29 novembre, a Palermo si svolger\u00e0 SmART City Italia, un convegno dedicato alle&nbsp;&#8230;<\/p>\n","protected":false},"author":6,"featured_media":0,"comment_status":"closed","ping_status":"closed","sticky":false,"template":"","format":"standard","meta":{"footnotes":""},"categories":[740],"tags":[],"class_list":["post-56576","post","type-post","status-publish","format-standard","hentry","category-events-it"],"yoast_head":"<!-- This site is optimized with the Yoast SEO plugin v27.4 - https:\/\/yoast.com\/product\/yoast-seo-wordpress\/ -->\n<title>SmART City Italia - Italtel<\/title>\n<meta name=\"robots\" content=\"index, follow, max-snippet:-1, max-image-preview:large, max-video-preview:-1\" \/>\n<link rel=\"canonical\" href=\"https:\/\/www.italtel.com\/it\/smart-city-italia\/\" \/>\n<meta property=\"og:locale\" content=\"it_IT\" \/>\n<meta property=\"og:type\" content=\"article\" \/>\n<meta property=\"og:title\" content=\"SmART City Italia - Italtel\" \/>\n<meta property=\"og:description\" content=\"Gioved\u00ec, 27 Novembre 2014 Sabato, 29 Novembre 2014 Palermo ITALTEL E&#8217; SPONSOR DELL&#8217;EVENTO PALERMITANO Dal 27 al 29 novembre, a Palermo si svolger\u00e0 SmART City Italia, un convegno dedicato alle&nbsp;...\" \/>\n<meta property=\"og:url\" content=\"https:\/\/www.italtel.com\/it\/smart-city-italia\/\" \/>\n<meta property=\"og:site_name\" content=\"Italtel\" \/>\n<meta property=\"article:published_time\" content=\"2014-11-27T09:17:43+00:00\" \/>\n<meta property=\"og:image\" content=\"https:\/\/www.italtel.com\/wp-content\/uploads\/2024\/11\/Italtel_logo.png\" \/>\n\t<meta property=\"og:image:width\" content=\"591\" \/>\n\t<meta property=\"og:image:height\" content=\"139\" \/>\n\t<meta property=\"og:image:type\" content=\"image\/png\" \/>\n<meta name=\"author\" content=\"Daniela Fontana\" \/>\n<meta name=\"twitter:card\" content=\"summary_large_image\" \/>\n<meta name=\"twitter:creator\" content=\"@Italtel\" \/>\n<meta name=\"twitter:site\" content=\"@Italtel\" \/>\n<meta name=\"twitter:label1\" content=\"Scritto da\" \/>\n\t<meta name=\"twitter:data1\" content=\"Daniela Fontana\" \/>\n\t<meta name=\"twitter:label2\" content=\"Tempo di lettura stimato\" \/>\n\t<meta name=\"twitter:data2\" content=\"1 minuto\" \/>\n<script type=\"application\/ld+json\" class=\"yoast-schema-graph\">{\"@context\":\"https:\\\/\\\/schema.org\",\"@graph\":[{\"@type\":\"Article\",\"@id\":\"https:\\\/\\\/www.italtel.com\\\/it\\\/smart-city-italia\\\/#article\",\"isPartOf\":{\"@id\":\"https:\\\/\\\/www.italtel.com\\\/it\\\/smart-city-italia\\\/\"},\"author\":{\"name\":\"Daniela Fontana\",\"@id\":\"https:\\\/\\\/www.italtel.com\\\/de\\\/#\\\/schema\\\/person\\\/38f315d5a978255f0cf320055bad5afe\"},\"headline\":\"SmART City Italia\",\"datePublished\":\"2014-11-27T09:17:43+00:00\",\"mainEntityOfPage\":{\"@id\":\"https:\\\/\\\/www.italtel.com\\\/it\\\/smart-city-italia\\\/\"},\"wordCount\":236,\"publisher\":{\"@id\":\"https:\\\/\\\/www.italtel.com\\\/de\\\/#organization\"},\"articleSection\":[\"Event\"],\"inLanguage\":\"it-IT\"},{\"@type\":\"WebPage\",\"@id\":\"https:\\\/\\\/www.italtel.com\\\/it\\\/smart-city-italia\\\/\",\"url\":\"https:\\\/\\\/www.italtel.com\\\/it\\\/smart-city-italia\\\/\",\"name\":\"SmART City Italia - Italtel\",\"isPartOf\":{\"@id\":\"https:\\\/\\\/www.italtel.com\\\/de\\\/#website\"},\"datePublished\":\"2014-11-27T09:17:43+00:00\",\"breadcrumb\":{\"@id\":\"https:\\\/\\\/www.italtel.com\\\/it\\\/smart-city-italia\\\/#breadcrumb\"},\"inLanguage\":\"it-IT\",\"potentialAction\":[{\"@type\":\"ReadAction\",\"target\":[\"https:\\\/\\\/www.italtel.com\\\/it\\\/smart-city-italia\\\/\"]}]},{\"@type\":\"BreadcrumbList\",\"@id\":\"https:\\\/\\\/www.italtel.com\\\/it\\\/smart-city-italia\\\/#breadcrumb\",\"itemListElement\":[{\"@type\":\"ListItem\",\"position\":1,\"name\":\"Home\",\"item\":\"https:\\\/\\\/www.italtel.com\\\/it\\\/\"},{\"@type\":\"ListItem\",\"position\":2,\"name\":\"SmART City Italia\"}]},{\"@type\":\"WebSite\",\"@id\":\"https:\\\/\\\/www.italtel.com\\\/de\\\/#website\",\"url\":\"https:\\\/\\\/www.italtel.com\\\/de\\\/\",\"name\":\"Italtel\",\"description\":\"Italtel Group&#039;s company website\",\"publisher\":{\"@id\":\"https:\\\/\\\/www.italtel.com\\\/de\\\/#organization\"},\"potentialAction\":[{\"@type\":\"SearchAction\",\"target\":{\"@type\":\"EntryPoint\",\"urlTemplate\":\"https:\\\/\\\/www.italtel.com\\\/de\\\/?s={search_term_string}\"},\"query-input\":{\"@type\":\"PropertyValueSpecification\",\"valueRequired\":true,\"valueName\":\"search_term_string\"}}],\"inLanguage\":\"it-IT\"},{\"@type\":\"Organization\",\"@id\":\"https:\\\/\\\/www.italtel.com\\\/de\\\/#organization\",\"name\":\"Italtel S.p.A.\",\"url\":\"https:\\\/\\\/www.italtel.com\\\/de\\\/\",\"logo\":{\"@type\":\"ImageObject\",\"inLanguage\":\"it-IT\",\"@id\":\"https:\\\/\\\/www.italtel.com\\\/de\\\/#\\\/schema\\\/logo\\\/image\\\/\",\"url\":\"https:\\\/\\\/www.italtel.com\\\/wp-content\\\/uploads\\\/2024\\\/11\\\/Italtel_logo.png\",\"contentUrl\":\"https:\\\/\\\/www.italtel.com\\\/wp-content\\\/uploads\\\/2024\\\/11\\\/Italtel_logo.png\",\"width\":591,\"height\":139,\"caption\":\"Italtel S.p.A.\"},\"image\":{\"@id\":\"https:\\\/\\\/www.italtel.com\\\/de\\\/#\\\/schema\\\/logo\\\/image\\\/\"},\"sameAs\":[\"https:\\\/\\\/x.com\\\/Italtel\",\"https:\\\/\\\/www.linkedin.com\\\/company\\\/italtel\\\/\",\"https:\\\/\\\/www.instagram.com\\\/italtel_hq\\\/\"]},{\"@type\":\"Person\",\"@id\":\"https:\\\/\\\/www.italtel.com\\\/de\\\/#\\\/schema\\\/person\\\/38f315d5a978255f0cf320055bad5afe\",\"name\":\"Daniela Fontana\",\"image\":{\"@type\":\"ImageObject\",\"inLanguage\":\"it-IT\",\"@id\":\"https:\\\/\\\/secure.gravatar.com\\\/avatar\\\/834a03b0c73144a8ca36e17dc365b3fbadb34c9e44399b609a00f2231e694f6a?s=96&d=mm&r=g\",\"url\":\"https:\\\/\\\/secure.gravatar.com\\\/avatar\\\/834a03b0c73144a8ca36e17dc365b3fbadb34c9e44399b609a00f2231e694f6a?s=96&d=mm&r=g\",\"contentUrl\":\"https:\\\/\\\/secure.gravatar.com\\\/avatar\\\/834a03b0c73144a8ca36e17dc365b3fbadb34c9e44399b609a00f2231e694f6a?s=96&d=mm&r=g\",\"caption\":\"Daniela Fontana\"}}]}<\/script>\n<!-- \/ Yoast SEO plugin. -->","yoast_head_json":{"title":"SmART City Italia - Italtel","robots":{"index":"index","follow":"follow","max-snippet":"max-snippet:-1","max-image-preview":"max-image-preview:large","max-video-preview":"max-video-preview:-1"},"canonical":"https:\/\/www.italtel.com\/it\/smart-city-italia\/","og_locale":"it_IT","og_type":"article","og_title":"SmART City Italia - Italtel","og_description":"Gioved\u00ec, 27 Novembre 2014 Sabato, 29 Novembre 2014 Palermo ITALTEL E&#8217; SPONSOR DELL&#8217;EVENTO PALERMITANO Dal 27 al 29 novembre, a Palermo si svolger\u00e0 SmART City Italia, un convegno dedicato alle&nbsp;...","og_url":"https:\/\/www.italtel.com\/it\/smart-city-italia\/","og_site_name":"Italtel","article_published_time":"2014-11-27T09:17:43+00:00","og_image":[{"width":591,"height":139,"url":"https:\/\/www.italtel.com\/wp-content\/uploads\/2024\/11\/Italtel_logo.png","type":"image\/png"}],"author":"Daniela Fontana","twitter_card":"summary_large_image","twitter_creator":"@Italtel","twitter_site":"@Italtel","twitter_misc":{"Scritto da":"Daniela Fontana","Tempo di lettura stimato":"1 minuto"},"schema":{"@context":"https:\/\/schema.org","@graph":[{"@type":"Article","@id":"https:\/\/www.italtel.com\/it\/smart-city-italia\/#article","isPartOf":{"@id":"https:\/\/www.italtel.com\/it\/smart-city-italia\/"},"author":{"name":"Daniela Fontana","@id":"https:\/\/www.italtel.com\/de\/#\/schema\/person\/38f315d5a978255f0cf320055bad5afe"},"headline":"SmART City Italia","datePublished":"2014-11-27T09:17:43+00:00","mainEntityOfPage":{"@id":"https:\/\/www.italtel.com\/it\/smart-city-italia\/"},"wordCount":236,"publisher":{"@id":"https:\/\/www.italtel.com\/de\/#organization"},"articleSection":["Event"],"inLanguage":"it-IT"},{"@type":"WebPage","@id":"https:\/\/www.italtel.com\/it\/smart-city-italia\/","url":"https:\/\/www.italtel.com\/it\/smart-city-italia\/","name":"SmART City Italia - Italtel","isPartOf":{"@id":"https:\/\/www.italtel.com\/de\/#website"},"datePublished":"2014-11-27T09:17:43+00:00","breadcrumb":{"@id":"https:\/\/www.italtel.com\/it\/smart-city-italia\/#breadcrumb"},"inLanguage":"it-IT","potentialAction":[{"@type":"ReadAction","target":["https:\/\/www.italtel.com\/it\/smart-city-italia\/"]}]},{"@type":"BreadcrumbList","@id":"https:\/\/www.italtel.com\/it\/smart-city-italia\/#breadcrumb","itemListElement":[{"@type":"ListItem","position":1,"name":"Home","item":"https:\/\/www.italtel.com\/it\/"},{"@type":"ListItem","position":2,"name":"SmART City Italia"}]},{"@type":"WebSite","@id":"https:\/\/www.italtel.com\/de\/#website","url":"https:\/\/www.italtel.com\/de\/","name":"Italtel","description":"Italtel Group&#039;s company website","publisher":{"@id":"https:\/\/www.italtel.com\/de\/#organization"},"potentialAction":[{"@type":"SearchAction","target":{"@type":"EntryPoint","urlTemplate":"https:\/\/www.italtel.com\/de\/?s={search_term_string}"},"query-input":{"@type":"PropertyValueSpecification","valueRequired":true,"valueName":"search_term_string"}}],"inLanguage":"it-IT"},{"@type":"Organization","@id":"https:\/\/www.italtel.com\/de\/#organization","name":"Italtel S.p.A.","url":"https:\/\/www.italtel.com\/de\/","logo":{"@type":"ImageObject","inLanguage":"it-IT","@id":"https:\/\/www.italtel.com\/de\/#\/schema\/logo\/image\/","url":"https:\/\/www.italtel.com\/wp-content\/uploads\/2024\/11\/Italtel_logo.png","contentUrl":"https:\/\/www.italtel.com\/wp-content\/uploads\/2024\/11\/Italtel_logo.png","width":591,"height":139,"caption":"Italtel S.p.A."},"image":{"@id":"https:\/\/www.italtel.com\/de\/#\/schema\/logo\/image\/"},"sameAs":["https:\/\/x.com\/Italtel","https:\/\/www.linkedin.com\/company\/italtel\/","https:\/\/www.instagram.com\/italtel_hq\/"]},{"@type":"Person","@id":"https:\/\/www.italtel.com\/de\/#\/schema\/person\/38f315d5a978255f0cf320055bad5afe","name":"Daniela Fontana","image":{"@type":"ImageObject","inLanguage":"it-IT","@id":"https:\/\/secure.gravatar.com\/avatar\/834a03b0c73144a8ca36e17dc365b3fbadb34c9e44399b609a00f2231e694f6a?s=96&d=mm&r=g","url":"https:\/\/secure.gravatar.com\/avatar\/834a03b0c73144a8ca36e17dc365b3fbadb34c9e44399b609a00f2231e694f6a?s=96&d=mm&r=g","contentUrl":"https:\/\/secure.gravatar.com\/avatar\/834a03b0c73144a8ca36e17dc365b3fbadb34c9e44399b609a00f2231e694f6a?s=96&d=mm&r=g","caption":"Daniela Fontana"}}]}},"_links":{"self":[{"href":"https:\/\/www.italtel.com\/it\/wp-json\/wp\/v2\/posts\/56576","targetHints":{"allow":["GET"]}}],"collection":[{"href":"https:\/\/www.italtel.com\/it\/wp-json\/wp\/v2\/posts"}],"about":[{"href":"https:\/\/www.italtel.com\/it\/wp-json\/wp\/v2\/types\/post"}],"author":[{"embeddable":true,"href":"https:\/\/www.italtel.com\/it\/wp-json\/wp\/v2\/users\/6"}],"replies":[{"embeddable":true,"href":"https:\/\/www.italtel.com\/it\/wp-json\/wp\/v2\/comments?post=56576"}],"version-history":[{"count":0,"href":"https:\/\/www.italtel.com\/it\/wp-json\/wp\/v2\/posts\/56576\/revisions"}],"wp:attachment":[{"href":"https:\/\/www.italtel.com\/it\/wp-json\/wp\/v2\/media?parent=56576"}],"wp:term":[{"taxonomy":"category","embeddable":true,"href":"https:\/\/www.italtel.com\/it\/wp-json\/wp\/v2\/categories?post=56576"},{"taxonomy":"post_tag","embeddable":true,"href":"https:\/\/www.italtel.com\/it\/wp-json\/wp\/v2\/tags?post=56576"}],"curies":[{"name":"wp","href":"https:\/\/api.w.org\/{rel}","templated":true}]}}