{"id":56653,"date":"2013-05-06T12:32:06","date_gmt":"2013-05-06T10:32:06","guid":{"rendered":"https:\/\/www.italtel.com\/consorzio-elis-semestre-di-presidenza-italtel-lavvio-dei-lavori\/"},"modified":"2013-05-06T12:32:06","modified_gmt":"2013-05-06T10:32:06","slug":"consorzio-elis-semestre-di-presidenza-italtel-lavvio-dei-lavori","status":"publish","type":"post","link":"https:\/\/www.italtel.com\/it\/consorzio-elis-semestre-di-presidenza-italtel-lavvio-dei-lavori\/","title":{"rendered":"Consorzio ELIS &#8211; Semestre di Presidenza Italtel: l&#8217;avvio dei lavori"},"content":{"rendered":"<h6>Luned\u00ec, 06 Maggio 2013<\/h6>\n<h5 class=\"pos-subtitle\">L&#8217;ICT MADE IN ITALY PER COMPETERE NEL MERCATO DIGITALE GLOBALE<\/h5>\n<p>Il rilancio dell\u2019ICT in Italia pu\u00f2 essere affrontato solo attraverso lo sforzo congiunto dell\u2019intero ecosistema.<\/p>\n<div>\u00c8 stato questo il focus della due giorni di workshop dedicati all\u2019inaugurazione del semestre di presidenza Italtel in Consel, la Scuola Superiore del Consorzio Elis, con il contributo scientifico di Cefriel.<\/div>\n<div>Quale ruolo pu\u00f2 avere l\u2019ICT Made in Italy nella sfida globale del mercato digitale?<\/div>\n<div>Le tecnologie possono contribuire alla sostenibilit\u00e0 e allo sviluppo di business delle imprese?<\/div>\n<div>Quali scelte e quali modelli operativi adottare per portare sul mercato soluzioni competitive?<\/div>\n<div>\n<p>&nbsp;<\/p>\n<div><strong>\u201cL\u2019ICT sta cambiando radicalmente perch\u00e9 ci sono moltissime discontinuit\u00e0 che possono dare il via a nuove attivit\u00e0: il cloud e le nuove applicazioni sono gli esempi pi\u00f9 importanti<\/strong> \u2013 ha dichiarato Stefano Pileri, CEO di Italtel &#8211; <strong>Il bisogno di innovazione \u00e8 forte, occorrono maggior vicinanza al cliente e flessibilit\u00e0, tutte doti che come Paese abbiamo nel nostro DNA\u201d.<\/strong><\/div>\n<\/div>\n","protected":false},"excerpt":{"rendered":"<p>Luned\u00ec, 06 Maggio 2013 L&#8217;ICT MADE IN ITALY PER COMPETERE NEL MERCATO DIGITALE GLOBALE Il rilancio dell\u2019ICT in Italia pu\u00f2 essere affrontato solo attraverso lo sforzo congiunto dell\u2019intero ecosistema. \u00c8&nbsp;&#8230;<\/p>\n","protected":false},"author":6,"featured_media":56654,"comment_status":"closed","ping_status":"closed","sticky":false,"template":"","format":"standard","meta":{"footnotes":""},"categories":[740],"tags":[],"class_list":["post-56653","post","type-post","status-publish","format-standard","has-post-thumbnail","hentry","category-events-it"],"yoast_head":"<!-- This site is optimized with the Yoast SEO plugin v27.4 - https:\/\/yoast.com\/product\/yoast-seo-wordpress\/ -->\n<title>Consorzio ELIS &#8211; Semestre di Presidenza Italtel: l&#8217;avvio dei lavori - Italtel<\/title>\n<meta name=\"robots\" content=\"index, follow, max-snippet:-1, max-image-preview:large, max-video-preview:-1\" \/>\n<link rel=\"canonical\" href=\"https:\/\/www.italtel.com\/it\/consorzio-elis-semestre-di-presidenza-italtel-lavvio-dei-lavori\/\" \/>\n<meta property=\"og:locale\" content=\"it_IT\" \/>\n<meta property=\"og:type\" content=\"article\" \/>\n<meta property=\"og:title\" content=\"Consorzio ELIS &#8211; Semestre di Presidenza Italtel: l&#8217;avvio dei lavori - Italtel\" \/>\n<meta property=\"og:description\" content=\"Luned\u00ec, 06 Maggio 2013 L&#8217;ICT MADE IN ITALY PER COMPETERE NEL MERCATO DIGITALE GLOBALE Il rilancio dell\u2019ICT in Italia pu\u00f2 essere affrontato solo attraverso lo sforzo congiunto dell\u2019intero ecosistema. \u00c8&nbsp;...\" \/>\n<meta property=\"og:url\" content=\"https:\/\/www.italtel.com\/it\/consorzio-elis-semestre-di-presidenza-italtel-lavvio-dei-lavori\/\" \/>\n<meta property=\"og:site_name\" content=\"Italtel\" \/>\n<meta property=\"article:published_time\" content=\"2013-05-06T10:32:06+00:00\" \/>\n<meta property=\"og:image\" content=\"https:\/\/www.italtel.com\/wp-content\/uploads\/2024\/01\/Semestre-Presidenza-Italtel-1.png\" \/>\n\t<meta property=\"og:image:width\" content=\"487\" \/>\n\t<meta property=\"og:image:height\" content=\"349\" \/>\n\t<meta property=\"og:image:type\" content=\"image\/png\" \/>\n<meta name=\"author\" content=\"Daniela Fontana\" \/>\n<meta name=\"twitter:card\" content=\"summary_large_image\" \/>\n<meta name=\"twitter:creator\" content=\"@Italtel\" \/>\n<meta name=\"twitter:site\" content=\"@Italtel\" \/>\n<meta name=\"twitter:label1\" content=\"Scritto da\" \/>\n\t<meta name=\"twitter:data1\" content=\"Daniela Fontana\" \/>\n\t<meta name=\"twitter:label2\" content=\"Tempo di lettura stimato\" \/>\n\t<meta name=\"twitter:data2\" content=\"1 minuto\" \/>\n<script type=\"application\/ld+json\" class=\"yoast-schema-graph\">{\"@context\":\"https:\\\/\\\/schema.org\",\"@graph\":[{\"@type\":\"Article\",\"@id\":\"https:\\\/\\\/www.italtel.com\\\/it\\\/consorzio-elis-semestre-di-presidenza-italtel-lavvio-dei-lavori\\\/#article\",\"isPartOf\":{\"@id\":\"https:\\\/\\\/www.italtel.com\\\/it\\\/consorzio-elis-semestre-di-presidenza-italtel-lavvio-dei-lavori\\\/\"},\"author\":{\"name\":\"Daniela Fontana\",\"@id\":\"https:\\\/\\\/www.italtel.com\\\/de\\\/#\\\/schema\\\/person\\\/38f315d5a978255f0cf320055bad5afe\"},\"headline\":\"Consorzio ELIS &#8211; Semestre di Presidenza Italtel: l&#8217;avvio dei lavori\",\"datePublished\":\"2013-05-06T10:32:06+00:00\",\"mainEntityOfPage\":{\"@id\":\"https:\\\/\\\/www.italtel.com\\\/it\\\/consorzio-elis-semestre-di-presidenza-italtel-lavvio-dei-lavori\\\/\"},\"wordCount\":171,\"publisher\":{\"@id\":\"https:\\\/\\\/www.italtel.com\\\/de\\\/#organization\"},\"image\":{\"@id\":\"https:\\\/\\\/www.italtel.com\\\/it\\\/consorzio-elis-semestre-di-presidenza-italtel-lavvio-dei-lavori\\\/#primaryimage\"},\"thumbnailUrl\":\"https:\\\/\\\/www.italtel.com\\\/wp-content\\\/uploads\\\/2024\\\/01\\\/Semestre-Presidenza-Italtel-1.png\",\"articleSection\":[\"Event\"],\"inLanguage\":\"it-IT\"},{\"@type\":\"WebPage\",\"@id\":\"https:\\\/\\\/www.italtel.com\\\/it\\\/consorzio-elis-semestre-di-presidenza-italtel-lavvio-dei-lavori\\\/\",\"url\":\"https:\\\/\\\/www.italtel.com\\\/it\\\/consorzio-elis-semestre-di-presidenza-italtel-lavvio-dei-lavori\\\/\",\"name\":\"Consorzio ELIS &#8211; Semestre di Presidenza Italtel: l&#8217;avvio dei lavori - Italtel\",\"isPartOf\":{\"@id\":\"https:\\\/\\\/www.italtel.com\\\/de\\\/#website\"},\"primaryImageOfPage\":{\"@id\":\"https:\\\/\\\/www.italtel.com\\\/it\\\/consorzio-elis-semestre-di-presidenza-italtel-lavvio-dei-lavori\\\/#primaryimage\"},\"image\":{\"@id\":\"https:\\\/\\\/www.italtel.com\\\/it\\\/consorzio-elis-semestre-di-presidenza-italtel-lavvio-dei-lavori\\\/#primaryimage\"},\"thumbnailUrl\":\"https:\\\/\\\/www.italtel.com\\\/wp-content\\\/uploads\\\/2024\\\/01\\\/Semestre-Presidenza-Italtel-1.png\",\"datePublished\":\"2013-05-06T10:32:06+00:00\",\"breadcrumb\":{\"@id\":\"https:\\\/\\\/www.italtel.com\\\/it\\\/consorzio-elis-semestre-di-presidenza-italtel-lavvio-dei-lavori\\\/#breadcrumb\"},\"inLanguage\":\"it-IT\",\"potentialAction\":[{\"@type\":\"ReadAction\",\"target\":[\"https:\\\/\\\/www.italtel.com\\\/it\\\/consorzio-elis-semestre-di-presidenza-italtel-lavvio-dei-lavori\\\/\"]}]},{\"@type\":\"ImageObject\",\"inLanguage\":\"it-IT\",\"@id\":\"https:\\\/\\\/www.italtel.com\\\/it\\\/consorzio-elis-semestre-di-presidenza-italtel-lavvio-dei-lavori\\\/#primaryimage\",\"url\":\"https:\\\/\\\/www.italtel.com\\\/wp-content\\\/uploads\\\/2024\\\/01\\\/Semestre-Presidenza-Italtel-1.png\",\"contentUrl\":\"https:\\\/\\\/www.italtel.com\\\/wp-content\\\/uploads\\\/2024\\\/01\\\/Semestre-Presidenza-Italtel-1.png\",\"width\":487,\"height\":349},{\"@type\":\"BreadcrumbList\",\"@id\":\"https:\\\/\\\/www.italtel.com\\\/it\\\/consorzio-elis-semestre-di-presidenza-italtel-lavvio-dei-lavori\\\/#breadcrumb\",\"itemListElement\":[{\"@type\":\"ListItem\",\"position\":1,\"name\":\"Home\",\"item\":\"https:\\\/\\\/www.italtel.com\\\/it\\\/\"},{\"@type\":\"ListItem\",\"position\":2,\"name\":\"Consorzio ELIS &#8211; Semestre di Presidenza Italtel: l&#8217;avvio dei lavori\"}]},{\"@type\":\"WebSite\",\"@id\":\"https:\\\/\\\/www.italtel.com\\\/de\\\/#website\",\"url\":\"https:\\\/\\\/www.italtel.com\\\/de\\\/\",\"name\":\"Italtel\",\"description\":\"Italtel Group&#039;s company website\",\"publisher\":{\"@id\":\"https:\\\/\\\/www.italtel.com\\\/de\\\/#organization\"},\"potentialAction\":[{\"@type\":\"SearchAction\",\"target\":{\"@type\":\"EntryPoint\",\"urlTemplate\":\"https:\\\/\\\/www.italtel.com\\\/de\\\/?s={search_term_string}\"},\"query-input\":{\"@type\":\"PropertyValueSpecification\",\"valueRequired\":true,\"valueName\":\"search_term_string\"}}],\"inLanguage\":\"it-IT\"},{\"@type\":\"Organization\",\"@id\":\"https:\\\/\\\/www.italtel.com\\\/de\\\/#organization\",\"name\":\"Italtel S.p.A.\",\"url\":\"https:\\\/\\\/www.italtel.com\\\/de\\\/\",\"logo\":{\"@type\":\"ImageObject\",\"inLanguage\":\"it-IT\",\"@id\":\"https:\\\/\\\/www.italtel.com\\\/de\\\/#\\\/schema\\\/logo\\\/image\\\/\",\"url\":\"https:\\\/\\\/www.italtel.com\\\/wp-content\\\/uploads\\\/2024\\\/11\\\/Italtel_logo.png\",\"contentUrl\":\"https:\\\/\\\/www.italtel.com\\\/wp-content\\\/uploads\\\/2024\\\/11\\\/Italtel_logo.png\",\"width\":591,\"height\":139,\"caption\":\"Italtel S.p.A.\"},\"image\":{\"@id\":\"https:\\\/\\\/www.italtel.com\\\/de\\\/#\\\/schema\\\/logo\\\/image\\\/\"},\"sameAs\":[\"https:\\\/\\\/x.com\\\/Italtel\",\"https:\\\/\\\/www.linkedin.com\\\/company\\\/italtel\\\/\",\"https:\\\/\\\/www.instagram.com\\\/italtel_hq\\\/\"]},{\"@type\":\"Person\",\"@id\":\"https:\\\/\\\/www.italtel.com\\\/de\\\/#\\\/schema\\\/person\\\/38f315d5a978255f0cf320055bad5afe\",\"name\":\"Daniela Fontana\",\"image\":{\"@type\":\"ImageObject\",\"inLanguage\":\"it-IT\",\"@id\":\"https:\\\/\\\/secure.gravatar.com\\\/avatar\\\/834a03b0c73144a8ca36e17dc365b3fbadb34c9e44399b609a00f2231e694f6a?s=96&d=mm&r=g\",\"url\":\"https:\\\/\\\/secure.gravatar.com\\\/avatar\\\/834a03b0c73144a8ca36e17dc365b3fbadb34c9e44399b609a00f2231e694f6a?s=96&d=mm&r=g\",\"contentUrl\":\"https:\\\/\\\/secure.gravatar.com\\\/avatar\\\/834a03b0c73144a8ca36e17dc365b3fbadb34c9e44399b609a00f2231e694f6a?s=96&d=mm&r=g\",\"caption\":\"Daniela Fontana\"}}]}<\/script>\n<!-- \/ Yoast SEO plugin. -->","yoast_head_json":{"title":"Consorzio ELIS &#8211; Semestre di Presidenza Italtel: l&#8217;avvio dei lavori - Italtel","robots":{"index":"index","follow":"follow","max-snippet":"max-snippet:-1","max-image-preview":"max-image-preview:large","max-video-preview":"max-video-preview:-1"},"canonical":"https:\/\/www.italtel.com\/it\/consorzio-elis-semestre-di-presidenza-italtel-lavvio-dei-lavori\/","og_locale":"it_IT","og_type":"article","og_title":"Consorzio ELIS &#8211; Semestre di Presidenza Italtel: l&#8217;avvio dei lavori - Italtel","og_description":"Luned\u00ec, 06 Maggio 2013 L&#8217;ICT MADE IN ITALY PER COMPETERE NEL MERCATO DIGITALE GLOBALE Il rilancio dell\u2019ICT in Italia pu\u00f2 essere affrontato solo attraverso lo sforzo congiunto dell\u2019intero ecosistema. \u00c8&nbsp;...","og_url":"https:\/\/www.italtel.com\/it\/consorzio-elis-semestre-di-presidenza-italtel-lavvio-dei-lavori\/","og_site_name":"Italtel","article_published_time":"2013-05-06T10:32:06+00:00","og_image":[{"width":487,"height":349,"url":"https:\/\/www.italtel.com\/wp-content\/uploads\/2024\/01\/Semestre-Presidenza-Italtel-1.png","type":"image\/png"}],"author":"Daniela Fontana","twitter_card":"summary_large_image","twitter_creator":"@Italtel","twitter_site":"@Italtel","twitter_misc":{"Scritto da":"Daniela Fontana","Tempo di lettura stimato":"1 minuto"},"schema":{"@context":"https:\/\/schema.org","@graph":[{"@type":"Article","@id":"https:\/\/www.italtel.com\/it\/consorzio-elis-semestre-di-presidenza-italtel-lavvio-dei-lavori\/#article","isPartOf":{"@id":"https:\/\/www.italtel.com\/it\/consorzio-elis-semestre-di-presidenza-italtel-lavvio-dei-lavori\/"},"author":{"name":"Daniela Fontana","@id":"https:\/\/www.italtel.com\/de\/#\/schema\/person\/38f315d5a978255f0cf320055bad5afe"},"headline":"Consorzio ELIS &#8211; Semestre di Presidenza Italtel: l&#8217;avvio dei lavori","datePublished":"2013-05-06T10:32:06+00:00","mainEntityOfPage":{"@id":"https:\/\/www.italtel.com\/it\/consorzio-elis-semestre-di-presidenza-italtel-lavvio-dei-lavori\/"},"wordCount":171,"publisher":{"@id":"https:\/\/www.italtel.com\/de\/#organization"},"image":{"@id":"https:\/\/www.italtel.com\/it\/consorzio-elis-semestre-di-presidenza-italtel-lavvio-dei-lavori\/#primaryimage"},"thumbnailUrl":"https:\/\/www.italtel.com\/wp-content\/uploads\/2024\/01\/Semestre-Presidenza-Italtel-1.png","articleSection":["Event"],"inLanguage":"it-IT"},{"@type":"WebPage","@id":"https:\/\/www.italtel.com\/it\/consorzio-elis-semestre-di-presidenza-italtel-lavvio-dei-lavori\/","url":"https:\/\/www.italtel.com\/it\/consorzio-elis-semestre-di-presidenza-italtel-lavvio-dei-lavori\/","name":"Consorzio ELIS &#8211; Semestre di Presidenza Italtel: l&#8217;avvio dei lavori - Italtel","isPartOf":{"@id":"https:\/\/www.italtel.com\/de\/#website"},"primaryImageOfPage":{"@id":"https:\/\/www.italtel.com\/it\/consorzio-elis-semestre-di-presidenza-italtel-lavvio-dei-lavori\/#primaryimage"},"image":{"@id":"https:\/\/www.italtel.com\/it\/consorzio-elis-semestre-di-presidenza-italtel-lavvio-dei-lavori\/#primaryimage"},"thumbnailUrl":"https:\/\/www.italtel.com\/wp-content\/uploads\/2024\/01\/Semestre-Presidenza-Italtel-1.png","datePublished":"2013-05-06T10:32:06+00:00","breadcrumb":{"@id":"https:\/\/www.italtel.com\/it\/consorzio-elis-semestre-di-presidenza-italtel-lavvio-dei-lavori\/#breadcrumb"},"inLanguage":"it-IT","potentialAction":[{"@type":"ReadAction","target":["https:\/\/www.italtel.com\/it\/consorzio-elis-semestre-di-presidenza-italtel-lavvio-dei-lavori\/"]}]},{"@type":"ImageObject","inLanguage":"it-IT","@id":"https:\/\/www.italtel.com\/it\/consorzio-elis-semestre-di-presidenza-italtel-lavvio-dei-lavori\/#primaryimage","url":"https:\/\/www.italtel.com\/wp-content\/uploads\/2024\/01\/Semestre-Presidenza-Italtel-1.png","contentUrl":"https:\/\/www.italtel.com\/wp-content\/uploads\/2024\/01\/Semestre-Presidenza-Italtel-1.png","width":487,"height":349},{"@type":"BreadcrumbList","@id":"https:\/\/www.italtel.com\/it\/consorzio-elis-semestre-di-presidenza-italtel-lavvio-dei-lavori\/#breadcrumb","itemListElement":[{"@type":"ListItem","position":1,"name":"Home","item":"https:\/\/www.italtel.com\/it\/"},{"@type":"ListItem","position":2,"name":"Consorzio ELIS &#8211; Semestre di Presidenza Italtel: l&#8217;avvio dei lavori"}]},{"@type":"WebSite","@id":"https:\/\/www.italtel.com\/de\/#website","url":"https:\/\/www.italtel.com\/de\/","name":"Italtel","description":"Italtel Group&#039;s company website","publisher":{"@id":"https:\/\/www.italtel.com\/de\/#organization"},"potentialAction":[{"@type":"SearchAction","target":{"@type":"EntryPoint","urlTemplate":"https:\/\/www.italtel.com\/de\/?s={search_term_string}"},"query-input":{"@type":"PropertyValueSpecification","valueRequired":true,"valueName":"search_term_string"}}],"inLanguage":"it-IT"},{"@type":"Organization","@id":"https:\/\/www.italtel.com\/de\/#organization","name":"Italtel S.p.A.","url":"https:\/\/www.italtel.com\/de\/","logo":{"@type":"ImageObject","inLanguage":"it-IT","@id":"https:\/\/www.italtel.com\/de\/#\/schema\/logo\/image\/","url":"https:\/\/www.italtel.com\/wp-content\/uploads\/2024\/11\/Italtel_logo.png","contentUrl":"https:\/\/www.italtel.com\/wp-content\/uploads\/2024\/11\/Italtel_logo.png","width":591,"height":139,"caption":"Italtel S.p.A."},"image":{"@id":"https:\/\/www.italtel.com\/de\/#\/schema\/logo\/image\/"},"sameAs":["https:\/\/x.com\/Italtel","https:\/\/www.linkedin.com\/company\/italtel\/","https:\/\/www.instagram.com\/italtel_hq\/"]},{"@type":"Person","@id":"https:\/\/www.italtel.com\/de\/#\/schema\/person\/38f315d5a978255f0cf320055bad5afe","name":"Daniela Fontana","image":{"@type":"ImageObject","inLanguage":"it-IT","@id":"https:\/\/secure.gravatar.com\/avatar\/834a03b0c73144a8ca36e17dc365b3fbadb34c9e44399b609a00f2231e694f6a?s=96&d=mm&r=g","url":"https:\/\/secure.gravatar.com\/avatar\/834a03b0c73144a8ca36e17dc365b3fbadb34c9e44399b609a00f2231e694f6a?s=96&d=mm&r=g","contentUrl":"https:\/\/secure.gravatar.com\/avatar\/834a03b0c73144a8ca36e17dc365b3fbadb34c9e44399b609a00f2231e694f6a?s=96&d=mm&r=g","caption":"Daniela Fontana"}}]}},"_links":{"self":[{"href":"https:\/\/www.italtel.com\/it\/wp-json\/wp\/v2\/posts\/56653","targetHints":{"allow":["GET"]}}],"collection":[{"href":"https:\/\/www.italtel.com\/it\/wp-json\/wp\/v2\/posts"}],"about":[{"href":"https:\/\/www.italtel.com\/it\/wp-json\/wp\/v2\/types\/post"}],"author":[{"embeddable":true,"href":"https:\/\/www.italtel.com\/it\/wp-json\/wp\/v2\/users\/6"}],"replies":[{"embeddable":true,"href":"https:\/\/www.italtel.com\/it\/wp-json\/wp\/v2\/comments?post=56653"}],"version-history":[{"count":0,"href":"https:\/\/www.italtel.com\/it\/wp-json\/wp\/v2\/posts\/56653\/revisions"}],"wp:featuredmedia":[{"embeddable":true,"href":"https:\/\/www.italtel.com\/it\/wp-json\/wp\/v2\/media\/56654"}],"wp:attachment":[{"href":"https:\/\/www.italtel.com\/it\/wp-json\/wp\/v2\/media?parent=56653"}],"wp:term":[{"taxonomy":"category","embeddable":true,"href":"https:\/\/www.italtel.com\/it\/wp-json\/wp\/v2\/categories?post=56653"},{"taxonomy":"post_tag","embeddable":true,"href":"https:\/\/www.italtel.com\/it\/wp-json\/wp\/v2\/tags?post=56653"}],"curies":[{"name":"wp","href":"https:\/\/api.w.org\/{rel}","templated":true}]}}