{"id":63795,"date":"2024-10-08T16:21:37","date_gmt":"2024-10-08T14:21:37","guid":{"rendered":"https:\/\/www.italtel.com\/?p=63795"},"modified":"2024-10-17T10:31:27","modified_gmt":"2024-10-17T08:31:27","slug":"il-viaggio-di-federico-muzzulini-in-italtel","status":"publish","type":"post","link":"https:\/\/www.italtel.com\/it\/il-viaggio-di-federico-muzzulini-in-italtel\/","title":{"rendered":"Il viaggio di Federico Muzzulini in Italtel"},"content":{"rendered":"\n<div class=\"row\"  id=\"row-777058409\">\n\n\n\t<div id=\"col-1926285493\" class=\"col medium-9 small-12 large-9\"  >\n\t\t\t\t<div class=\"col-inner\"  >\n\t\t\t\n\t\t\t\n\n\t<div id=\"text-2739224866\" class=\"text fontsize_18 color_black\">\n\t\t\n\n<p>Mi chiamo Federico Muzzulini, e oggi voglio condividere con voi il mio percorso professionale e personale in Italtel, un viaggio iniziato ormai due decenni fa. Sono laureato in ingegneria elettronica alla Sapienza di Roma, e nel corso degli anni ho arricchito la mia formazione con un corso di specializzazione in Sales Management alla SDA Bocconi. Prima di approdare in Italtel, ho lavorato come ICT Manager, Operation &amp; Technology Manager e Business Developer, ma qualcosa mi attirava verso questa azienda sin da quando ero uno studente.<\/p>\n\t\t\t<\/div>\n\t\n\t<div id=\"text-4138219671\" class=\"text fontsize_32 color_black\">\n\t\t\n\n<h2>Un sogno realizzato<\/h2>\n\t\t\t<\/div>\n\t\n\t<div id=\"text-3089708199\" class=\"text fontsize_18 color_black\">\n\t\t\n\n<p>Ricordo ancora il mio primo giorno, quando varcai i cancelli della sede storica di Settimo Milanese. Ero emozionato, affascinato dalla storia dell\u2019azienda e dalla sua reputazione di leader nel settore delle telecomunicazioni. Gi\u00e0 all\u2019universit\u00e0, sentivo parlare dei successi di Italtel e delle doti manageriali di figure iconiche come Marisa Bellisario. Entrare a far parte di questa realt\u00e0 era un sogno che si stava realizzando.<\/p>\n\t\t\t<\/div>\n\t\n\t<div id=\"text-2105848632\" class=\"text fontsize_32 color_black\">\n\t\t\n\n<h2>I primi passi in un ambiente dinamico<\/h2>\n\t\t\t<\/div>\n\t\n\t<div id=\"text-4272942077\" class=\"text fontsize_18 color_black\">\n\t\t\n\n<p>Fin da subito mi sono sentito accolto da un gruppo dinamico, che mi ha dato l\u2019opportunit\u00e0 di lavorare su progetti all\u2019avanguardia. Provenendo da aziende di medie dimensioni, entrare in Italtel \u00e8 stato un passo importante. Ho iniziato come Business Developer e, successivamente, come Key Account Manager. Il mio background tecnico mi ha permesso di comprendere a fondo le esigenze dei clienti e di sviluppare soluzioni efficaci, trasformando le criticit\u00e0 in nuove opportunit\u00e0.<\/p>\n\t\t\t<\/div>\n\t\n\t<div id=\"text-2911345946\" class=\"text fontsize_32 color_black\">\n\t\t\n\n<h2>Il Ruolo del Key Account Manager<\/h2>\n\t\t\t<\/div>\n\t\n\t<div id=\"text-2241825388\" class=\"text fontsize_18 color_black\">\n\t\t\n\n<p>Oggi, come Key Account Manager, il mio ruolo va ben oltre la semplice gestione delle relazioni con i clienti. Lavoro a stretto contatto con diversi reparti dell\u2019azienda per assicurare che le soluzioni proposte rispondano alle esigenze specifiche dei clienti. La capacit\u00e0 di ascoltare e comprendere le necessit\u00e0 dei clienti \u00e8 una competenza che ho sviluppato nel tempo e che mi ha permesso di creare un ambiente di fiducia e collaborazione. Ad esempio, nel recente progetto Global SBC, ho avuto l\u2019opportunit\u00e0 di mettere a frutto queste competenze, lavorando insieme ai colleghi e ai clienti per raggiungere un risultato di successo, basato sul portafoglio d\u2019offerta di Italtel. Il progetto combina diversi prodotti Italtel, tra cui Session Border Controller, Routing &amp; Policy Server e WebRTC, per supportare i nostri clienti nella gestione delle interazioni con i propri utenti, ottimizzando i costi senza compromettere le performance.<\/p>\n\t\t\t<\/div>\n\t\n\t<div id=\"text-408021746\" class=\"text fontsize_32 color_black\">\n\t\t\n\n<h2>Conciliare vita lavorativa e privata: un aspetto fondamentale<\/h2>\n\t\t\t<\/div>\n\t\n\t<div id=\"text-503411196\" class=\"text fontsize_18 color_black\">\n\t\t\n\n<p>Ma c\u2019\u00e8 un aspetto ancora pi\u00f9 personale che desidero condividere: il bilanciamento tra vita lavorativa e privata. Lavorare in Italtel mi ha insegnato a gestire le sfide quotidiane, non solo sul piano professionale ma anche su quello personale. La cultura aziendale valorizza il benessere delle persone, incoraggiando un ambiente di lavoro collaborativo e inclusivo. Questa attenzione mi ha permesso di crescere, sia come professionista sia come individuo. Oggi, grazie anche alla flessibilit\u00e0 e al supporto dell\u2019azienda, riesco a conciliare gli impegni lavorativi con quelli della mia vita privata, dedicando tempo prezioso alla mia famiglia.<\/p>\n\t\t\t<\/div>\n\t\n\t<div id=\"text-3484060624\" class=\"text fontsize_32 color_black\">\n\t\t\n\n<h2>Una crescita continua in un ambiente innovativo<\/h2>\n\t\t\t<\/div>\n\t\n\t<div id=\"text-3378080618\" class=\"text fontsize_18 color_black\">\n\t\t\n\n<p>In questi anni, la mia esperienza in Italtel \u00e8 stata caratterizzata da una crescita costante e dallo sviluppo di nuove competenze. L\u2019azienda investe costantemente in innovazione, e questo mi ha permesso di ampliare le mie conoscenze tecniche e di affinare le mie capacit\u00e0 consulenziali. Lavorare in un ambiente cos\u00ec dinamico mi ha dato l\u2019entusiasmo e l\u2019energia per affrontare nuove sfide.<\/p>\n\t\t\t<\/div>\n\t\n\t<div id=\"text-2347258391\" class=\"text fontsize_32 color_black\">\n\t\t\n\n<h2>Un consiglio ai nuovi colleghi <\/h2>\n\t\t\t<\/div>\n\t\n\t<div id=\"text-614492686\" class=\"text fontsize_18 color_black\">\n\t\t\n\n<p>A chi si affaccia in Italtel oggi, mi sento di dare un consiglio: siate aperti a nuove idee e tecnologie. Non abbiate paura di proporre soluzioni innovative perch\u00e9 questa \u00e8 un\u2019azienda che valorizza l\u2019innovazione. Costruite relazioni solide con i colleghi e i clienti; prendetevi il tempo per conoscere le persone con cui lavorate e create un ambiente di collaborazione e fiducia. Italtel offre molte opportunit\u00e0 di formazione e sviluppo professionale: approfittatene per ampliare le vostre competenze e rimanere al passo con le ultime tendenze del settore. E, infine, mantenete sempre un atteggiamento positivo, perch\u00e9 pu\u00f2 fare davvero la differenza.<\/p>\n\t\t\t<\/div>\n\t\n\n\t\t<\/div>\n\t\t\t\t\n<style>\n#col-1926285493 > .col-inner {\n  padding: 6rem 11rem 0px 0px;\n}\n<\/style>\n\t<\/div>\n\n\t\n\n\t<div id=\"col-731216759\" class=\"col sibebar_col medium-3 small-12 large-3\"  >\n\t\t<div class=\"is-sticky-column\"><div class=\"is-sticky-column__inner\">\t\t<div class=\"col-inner\"  >\n\t\t\t\n\t\t\t\n\n\t<div id=\"text-329301160\" class=\"text fontsize_16 color_black fontweight_500\">\n\t\t\n\nTECH KEYWORDS\n\t\t\t<\/div>\n\t\n<div class=\"is-divider divider clearfix\" style=\"margin-top:2rem;margin-bottom:2rem;max-width:100%;height:1px;background-color:rgba(112, 112, 112, 0.302);\"><\/div>\n\n\t<div id=\"text-4249942157\" class=\"text fontsize_18 color_black\">\n\t\t\n\n<p>HYBRID NETWORK<\/p>\n\t\t\t<\/div>\n\t\n\t<div id=\"gap-460321930\" class=\"gap-element clearfix\" style=\"display:block; height:auto;\">\n\t\t\n<style>\n#gap-460321930 {\n  padding-top: 13rem;\n}\n<\/style>\n\t<\/div>\n\t\n\n\t<div id=\"text-3720613748\" class=\"text fontsize_16 color_black fontweight_500\">\n\t\t\n\n<p>CONDIVIDI LA NEWS<\/p>\n\t\t\t<\/div>\n\t\n<div class=\"is-divider divider clearfix\" style=\"margin-top:2rem;margin-bottom:2rem;max-width:100%;height:1px;background-color:rgba(112, 112, 112, 0.302);\"><\/div>\n\n\t<div class=\"img has-hover socialshare_icon linkedin x md-x lg-x y md-y lg-y\" id=\"image_579080953\">\n\t\t\t\t\t\t\t\t<div class=\"img-inner dark\" >\n\t\t\t<img loading=\"lazy\" decoding=\"async\" width=\"1\" height=\"1\" src=\"https:\/\/www.italtel.com\/wp-content\/uploads\/2024\/09\/Linkedin-icon.svg\" class=\"attachment-large size-large\" alt=\"Linkedin-icon\" \/>\t\t\t\t\t\t\n\t\t\t\t\t<\/div>\n\t\t\t\t\t\t\t\t\n<style>\n#image_579080953 {\n  width: 100%;\n}\n<\/style>\n\t<\/div>\n\t\n\n\t<div class=\"img has-hover socialshare_icon instagram x md-x lg-x y md-y lg-y\" id=\"image_2023450934\">\n\t\t\t\t\t\t\t\t<div class=\"img-inner dark\" >\n\t\t\t<img loading=\"lazy\" decoding=\"async\" width=\"27\" height=\"27\" src=\"https:\/\/www.italtel.com\/wp-content\/uploads\/2024\/07\/Raggruppa-12942.png\" class=\"attachment-large size-large\" alt=\"Instagram icon\" \/>\t\t\t\t\t\t\n\t\t\t\t\t<\/div>\n\t\t\t\t\t\t\t\t\n<style>\n#image_2023450934 {\n  width: 100%;\n}\n<\/style>\n\t<\/div>\n\t\n\n\t<div class=\"img has-hover socialshare_icon ex x md-x lg-x y md-y lg-y\" id=\"image_1871271752\">\n\t\t\t\t\t\t\t\t<div class=\"img-inner dark\" >\n\t\t\t<img loading=\"lazy\" decoding=\"async\" width=\"1\" height=\"1\" src=\"https:\/\/www.italtel.com\/wp-content\/uploads\/2024\/09\/X-icon.svg\" class=\"attachment-large size-large\" alt=\"X-icon\" \/>\t\t\t\t\t\t\n\t\t\t\t\t<\/div>\n\t\t\t\t\t\t\t\t\n<style>\n#image_1871271752 {\n  width: 100%;\n}\n<\/style>\n\t<\/div>\n\t\n\n\n\t\t<\/div>\n\t\t<\/div><\/div>\t\t\n<style>\n#col-731216759 > .is-sticky-column > .is-sticky-column__inner > .col-inner {\n  padding: 6rem 0px 0px 0px;\n}\n<\/style>\n\t<\/div>\n\n\t\n\n<\/div>\n\n","protected":false},"excerpt":{"rendered":"","protected":false},"author":10,"featured_media":63251,"comment_status":"closed","ping_status":"closed","sticky":false,"template":"","format":"standard","meta":{"footnotes":""},"categories":[394,803],"tags":[],"class_list":["post-63795","post","type-post","status-publish","format-standard","has-post-thumbnail","hentry","category-focus-it","category-interview-it"],"yoast_head":"<!-- This site is optimized with the Yoast SEO plugin v27.4 - https:\/\/yoast.com\/product\/yoast-seo-wordpress\/ -->\n<title>Il viaggio di Federico Muzzulini in Italtel - Italtel<\/title>\n<meta name=\"robots\" content=\"index, follow, max-snippet:-1, max-image-preview:large, max-video-preview:-1\" \/>\n<link rel=\"canonical\" href=\"https:\/\/www.italtel.com\/it\/il-viaggio-di-federico-muzzulini-in-italtel\/\" \/>\n<meta property=\"og:locale\" content=\"it_IT\" \/>\n<meta property=\"og:type\" content=\"article\" \/>\n<meta property=\"og:title\" content=\"Il viaggio di Federico Muzzulini in Italtel - Italtel\" \/>\n<meta property=\"og:url\" content=\"https:\/\/www.italtel.com\/it\/il-viaggio-di-federico-muzzulini-in-italtel\/\" \/>\n<meta property=\"og:site_name\" content=\"Italtel\" \/>\n<meta property=\"article:published_time\" content=\"2024-10-08T14:21:37+00:00\" \/>\n<meta property=\"article:modified_time\" content=\"2024-10-17T08:31:27+00:00\" \/>\n<meta property=\"og:image\" content=\"https:\/\/www.italtel.com\/wp-content\/uploads\/2024\/10\/Artboard-1-copia-1.png\" \/>\n\t<meta property=\"og:image:width\" content=\"1394\" \/>\n\t<meta property=\"og:image:height\" content=\"863\" \/>\n\t<meta property=\"og:image:type\" content=\"image\/png\" \/>\n<meta name=\"author\" content=\"Elisa Borgognone\" \/>\n<meta name=\"twitter:card\" content=\"summary_large_image\" \/>\n<meta name=\"twitter:creator\" content=\"@Italtel\" \/>\n<meta name=\"twitter:site\" content=\"@Italtel\" \/>\n<meta name=\"twitter:label1\" content=\"Scritto da\" \/>\n\t<meta name=\"twitter:data1\" content=\"Elisa Borgognone\" \/>\n\t<meta name=\"twitter:label2\" content=\"Tempo di lettura stimato\" \/>\n\t<meta name=\"twitter:data2\" content=\"1 minuto\" \/>\n<script type=\"application\/ld+json\" class=\"yoast-schema-graph\">{\"@context\":\"https:\\\/\\\/schema.org\",\"@graph\":[{\"@type\":\"Article\",\"@id\":\"https:\\\/\\\/www.italtel.com\\\/it\\\/il-viaggio-di-federico-muzzulini-in-italtel\\\/#article\",\"isPartOf\":{\"@id\":\"https:\\\/\\\/www.italtel.com\\\/it\\\/il-viaggio-di-federico-muzzulini-in-italtel\\\/\"},\"author\":{\"name\":\"Elisa Borgognone\",\"@id\":\"https:\\\/\\\/www.italtel.com\\\/de\\\/#\\\/schema\\\/person\\\/4e3b50c73c68bd5a082ef2af38a65db7\"},\"headline\":\"Il viaggio di Federico Muzzulini in Italtel\",\"datePublished\":\"2024-10-08T14:21:37+00:00\",\"dateModified\":\"2024-10-17T08:31:27+00:00\",\"mainEntityOfPage\":{\"@id\":\"https:\\\/\\\/www.italtel.com\\\/it\\\/il-viaggio-di-federico-muzzulini-in-italtel\\\/\"},\"wordCount\":872,\"publisher\":{\"@id\":\"https:\\\/\\\/www.italtel.com\\\/de\\\/#organization\"},\"image\":{\"@id\":\"https:\\\/\\\/www.italtel.com\\\/it\\\/il-viaggio-di-federico-muzzulini-in-italtel\\\/#primaryimage\"},\"thumbnailUrl\":\"https:\\\/\\\/www.italtel.com\\\/wp-content\\\/uploads\\\/2024\\\/10\\\/Artboard-1-copia-1.png\",\"articleSection\":[\"Focus\",\"Interview\"],\"inLanguage\":\"it-IT\"},{\"@type\":\"WebPage\",\"@id\":\"https:\\\/\\\/www.italtel.com\\\/it\\\/il-viaggio-di-federico-muzzulini-in-italtel\\\/\",\"url\":\"https:\\\/\\\/www.italtel.com\\\/it\\\/il-viaggio-di-federico-muzzulini-in-italtel\\\/\",\"name\":\"Il viaggio di Federico Muzzulini in Italtel - Italtel\",\"isPartOf\":{\"@id\":\"https:\\\/\\\/www.italtel.com\\\/de\\\/#website\"},\"primaryImageOfPage\":{\"@id\":\"https:\\\/\\\/www.italtel.com\\\/it\\\/il-viaggio-di-federico-muzzulini-in-italtel\\\/#primaryimage\"},\"image\":{\"@id\":\"https:\\\/\\\/www.italtel.com\\\/it\\\/il-viaggio-di-federico-muzzulini-in-italtel\\\/#primaryimage\"},\"thumbnailUrl\":\"https:\\\/\\\/www.italtel.com\\\/wp-content\\\/uploads\\\/2024\\\/10\\\/Artboard-1-copia-1.png\",\"datePublished\":\"2024-10-08T14:21:37+00:00\",\"dateModified\":\"2024-10-17T08:31:27+00:00\",\"breadcrumb\":{\"@id\":\"https:\\\/\\\/www.italtel.com\\\/it\\\/il-viaggio-di-federico-muzzulini-in-italtel\\\/#breadcrumb\"},\"inLanguage\":\"it-IT\",\"potentialAction\":[{\"@type\":\"ReadAction\",\"target\":[\"https:\\\/\\\/www.italtel.com\\\/it\\\/il-viaggio-di-federico-muzzulini-in-italtel\\\/\"]}]},{\"@type\":\"ImageObject\",\"inLanguage\":\"it-IT\",\"@id\":\"https:\\\/\\\/www.italtel.com\\\/it\\\/il-viaggio-di-federico-muzzulini-in-italtel\\\/#primaryimage\",\"url\":\"https:\\\/\\\/www.italtel.com\\\/wp-content\\\/uploads\\\/2024\\\/10\\\/Artboard-1-copia-1.png\",\"contentUrl\":\"https:\\\/\\\/www.italtel.com\\\/wp-content\\\/uploads\\\/2024\\\/10\\\/Artboard-1-copia-1.png\",\"width\":1394,\"height\":863},{\"@type\":\"BreadcrumbList\",\"@id\":\"https:\\\/\\\/www.italtel.com\\\/it\\\/il-viaggio-di-federico-muzzulini-in-italtel\\\/#breadcrumb\",\"itemListElement\":[{\"@type\":\"ListItem\",\"position\":1,\"name\":\"Home\",\"item\":\"https:\\\/\\\/www.italtel.com\\\/it\\\/\"},{\"@type\":\"ListItem\",\"position\":2,\"name\":\"Il viaggio di Federico Muzzulini in Italtel\"}]},{\"@type\":\"WebSite\",\"@id\":\"https:\\\/\\\/www.italtel.com\\\/de\\\/#website\",\"url\":\"https:\\\/\\\/www.italtel.com\\\/de\\\/\",\"name\":\"Italtel\",\"description\":\"Italtel Group&#039;s company website\",\"publisher\":{\"@id\":\"https:\\\/\\\/www.italtel.com\\\/de\\\/#organization\"},\"potentialAction\":[{\"@type\":\"SearchAction\",\"target\":{\"@type\":\"EntryPoint\",\"urlTemplate\":\"https:\\\/\\\/www.italtel.com\\\/de\\\/?s={search_term_string}\"},\"query-input\":{\"@type\":\"PropertyValueSpecification\",\"valueRequired\":true,\"valueName\":\"search_term_string\"}}],\"inLanguage\":\"it-IT\"},{\"@type\":\"Organization\",\"@id\":\"https:\\\/\\\/www.italtel.com\\\/de\\\/#organization\",\"name\":\"Italtel S.p.A.\",\"url\":\"https:\\\/\\\/www.italtel.com\\\/de\\\/\",\"logo\":{\"@type\":\"ImageObject\",\"inLanguage\":\"it-IT\",\"@id\":\"https:\\\/\\\/www.italtel.com\\\/de\\\/#\\\/schema\\\/logo\\\/image\\\/\",\"url\":\"https:\\\/\\\/www.italtel.com\\\/wp-content\\\/uploads\\\/2024\\\/11\\\/Italtel_logo.png\",\"contentUrl\":\"https:\\\/\\\/www.italtel.com\\\/wp-content\\\/uploads\\\/2024\\\/11\\\/Italtel_logo.png\",\"width\":591,\"height\":139,\"caption\":\"Italtel S.p.A.\"},\"image\":{\"@id\":\"https:\\\/\\\/www.italtel.com\\\/de\\\/#\\\/schema\\\/logo\\\/image\\\/\"},\"sameAs\":[\"https:\\\/\\\/x.com\\\/Italtel\",\"https:\\\/\\\/www.linkedin.com\\\/company\\\/italtel\\\/\",\"https:\\\/\\\/www.instagram.com\\\/italtel_hq\\\/\"]},{\"@type\":\"Person\",\"@id\":\"https:\\\/\\\/www.italtel.com\\\/de\\\/#\\\/schema\\\/person\\\/4e3b50c73c68bd5a082ef2af38a65db7\",\"name\":\"Elisa Borgognone\",\"image\":{\"@type\":\"ImageObject\",\"inLanguage\":\"it-IT\",\"@id\":\"https:\\\/\\\/secure.gravatar.com\\\/avatar\\\/790f63c1ffe880b6fd4c310fd392178ba040bef66caee02e37e65082ca4c684c?s=96&d=mm&r=g\",\"url\":\"https:\\\/\\\/secure.gravatar.com\\\/avatar\\\/790f63c1ffe880b6fd4c310fd392178ba040bef66caee02e37e65082ca4c684c?s=96&d=mm&r=g\",\"contentUrl\":\"https:\\\/\\\/secure.gravatar.com\\\/avatar\\\/790f63c1ffe880b6fd4c310fd392178ba040bef66caee02e37e65082ca4c684c?s=96&d=mm&r=g\",\"caption\":\"Elisa Borgognone\"}}]}<\/script>\n<!-- \/ Yoast SEO plugin. -->","yoast_head_json":{"title":"Il viaggio di Federico Muzzulini in Italtel - Italtel","robots":{"index":"index","follow":"follow","max-snippet":"max-snippet:-1","max-image-preview":"max-image-preview:large","max-video-preview":"max-video-preview:-1"},"canonical":"https:\/\/www.italtel.com\/it\/il-viaggio-di-federico-muzzulini-in-italtel\/","og_locale":"it_IT","og_type":"article","og_title":"Il viaggio di Federico Muzzulini in Italtel - Italtel","og_url":"https:\/\/www.italtel.com\/it\/il-viaggio-di-federico-muzzulini-in-italtel\/","og_site_name":"Italtel","article_published_time":"2024-10-08T14:21:37+00:00","article_modified_time":"2024-10-17T08:31:27+00:00","og_image":[{"width":1394,"height":863,"url":"https:\/\/www.italtel.com\/wp-content\/uploads\/2024\/10\/Artboard-1-copia-1.png","type":"image\/png"}],"author":"Elisa Borgognone","twitter_card":"summary_large_image","twitter_creator":"@Italtel","twitter_site":"@Italtel","twitter_misc":{"Scritto da":"Elisa Borgognone","Tempo di lettura stimato":"1 minuto"},"schema":{"@context":"https:\/\/schema.org","@graph":[{"@type":"Article","@id":"https:\/\/www.italtel.com\/it\/il-viaggio-di-federico-muzzulini-in-italtel\/#article","isPartOf":{"@id":"https:\/\/www.italtel.com\/it\/il-viaggio-di-federico-muzzulini-in-italtel\/"},"author":{"name":"Elisa Borgognone","@id":"https:\/\/www.italtel.com\/de\/#\/schema\/person\/4e3b50c73c68bd5a082ef2af38a65db7"},"headline":"Il viaggio di Federico Muzzulini in Italtel","datePublished":"2024-10-08T14:21:37+00:00","dateModified":"2024-10-17T08:31:27+00:00","mainEntityOfPage":{"@id":"https:\/\/www.italtel.com\/it\/il-viaggio-di-federico-muzzulini-in-italtel\/"},"wordCount":872,"publisher":{"@id":"https:\/\/www.italtel.com\/de\/#organization"},"image":{"@id":"https:\/\/www.italtel.com\/it\/il-viaggio-di-federico-muzzulini-in-italtel\/#primaryimage"},"thumbnailUrl":"https:\/\/www.italtel.com\/wp-content\/uploads\/2024\/10\/Artboard-1-copia-1.png","articleSection":["Focus","Interview"],"inLanguage":"it-IT"},{"@type":"WebPage","@id":"https:\/\/www.italtel.com\/it\/il-viaggio-di-federico-muzzulini-in-italtel\/","url":"https:\/\/www.italtel.com\/it\/il-viaggio-di-federico-muzzulini-in-italtel\/","name":"Il viaggio di Federico Muzzulini in Italtel - Italtel","isPartOf":{"@id":"https:\/\/www.italtel.com\/de\/#website"},"primaryImageOfPage":{"@id":"https:\/\/www.italtel.com\/it\/il-viaggio-di-federico-muzzulini-in-italtel\/#primaryimage"},"image":{"@id":"https:\/\/www.italtel.com\/it\/il-viaggio-di-federico-muzzulini-in-italtel\/#primaryimage"},"thumbnailUrl":"https:\/\/www.italtel.com\/wp-content\/uploads\/2024\/10\/Artboard-1-copia-1.png","datePublished":"2024-10-08T14:21:37+00:00","dateModified":"2024-10-17T08:31:27+00:00","breadcrumb":{"@id":"https:\/\/www.italtel.com\/it\/il-viaggio-di-federico-muzzulini-in-italtel\/#breadcrumb"},"inLanguage":"it-IT","potentialAction":[{"@type":"ReadAction","target":["https:\/\/www.italtel.com\/it\/il-viaggio-di-federico-muzzulini-in-italtel\/"]}]},{"@type":"ImageObject","inLanguage":"it-IT","@id":"https:\/\/www.italtel.com\/it\/il-viaggio-di-federico-muzzulini-in-italtel\/#primaryimage","url":"https:\/\/www.italtel.com\/wp-content\/uploads\/2024\/10\/Artboard-1-copia-1.png","contentUrl":"https:\/\/www.italtel.com\/wp-content\/uploads\/2024\/10\/Artboard-1-copia-1.png","width":1394,"height":863},{"@type":"BreadcrumbList","@id":"https:\/\/www.italtel.com\/it\/il-viaggio-di-federico-muzzulini-in-italtel\/#breadcrumb","itemListElement":[{"@type":"ListItem","position":1,"name":"Home","item":"https:\/\/www.italtel.com\/it\/"},{"@type":"ListItem","position":2,"name":"Il viaggio di Federico Muzzulini in Italtel"}]},{"@type":"WebSite","@id":"https:\/\/www.italtel.com\/de\/#website","url":"https:\/\/www.italtel.com\/de\/","name":"Italtel","description":"Italtel Group&#039;s company website","publisher":{"@id":"https:\/\/www.italtel.com\/de\/#organization"},"potentialAction":[{"@type":"SearchAction","target":{"@type":"EntryPoint","urlTemplate":"https:\/\/www.italtel.com\/de\/?s={search_term_string}"},"query-input":{"@type":"PropertyValueSpecification","valueRequired":true,"valueName":"search_term_string"}}],"inLanguage":"it-IT"},{"@type":"Organization","@id":"https:\/\/www.italtel.com\/de\/#organization","name":"Italtel S.p.A.","url":"https:\/\/www.italtel.com\/de\/","logo":{"@type":"ImageObject","inLanguage":"it-IT","@id":"https:\/\/www.italtel.com\/de\/#\/schema\/logo\/image\/","url":"https:\/\/www.italtel.com\/wp-content\/uploads\/2024\/11\/Italtel_logo.png","contentUrl":"https:\/\/www.italtel.com\/wp-content\/uploads\/2024\/11\/Italtel_logo.png","width":591,"height":139,"caption":"Italtel S.p.A."},"image":{"@id":"https:\/\/www.italtel.com\/de\/#\/schema\/logo\/image\/"},"sameAs":["https:\/\/x.com\/Italtel","https:\/\/www.linkedin.com\/company\/italtel\/","https:\/\/www.instagram.com\/italtel_hq\/"]},{"@type":"Person","@id":"https:\/\/www.italtel.com\/de\/#\/schema\/person\/4e3b50c73c68bd5a082ef2af38a65db7","name":"Elisa Borgognone","image":{"@type":"ImageObject","inLanguage":"it-IT","@id":"https:\/\/secure.gravatar.com\/avatar\/790f63c1ffe880b6fd4c310fd392178ba040bef66caee02e37e65082ca4c684c?s=96&d=mm&r=g","url":"https:\/\/secure.gravatar.com\/avatar\/790f63c1ffe880b6fd4c310fd392178ba040bef66caee02e37e65082ca4c684c?s=96&d=mm&r=g","contentUrl":"https:\/\/secure.gravatar.com\/avatar\/790f63c1ffe880b6fd4c310fd392178ba040bef66caee02e37e65082ca4c684c?s=96&d=mm&r=g","caption":"Elisa Borgognone"}}]}},"_links":{"self":[{"href":"https:\/\/www.italtel.com\/it\/wp-json\/wp\/v2\/posts\/63795","targetHints":{"allow":["GET"]}}],"collection":[{"href":"https:\/\/www.italtel.com\/it\/wp-json\/wp\/v2\/posts"}],"about":[{"href":"https:\/\/www.italtel.com\/it\/wp-json\/wp\/v2\/types\/post"}],"author":[{"embeddable":true,"href":"https:\/\/www.italtel.com\/it\/wp-json\/wp\/v2\/users\/10"}],"replies":[{"embeddable":true,"href":"https:\/\/www.italtel.com\/it\/wp-json\/wp\/v2\/comments?post=63795"}],"version-history":[{"count":5,"href":"https:\/\/www.italtel.com\/it\/wp-json\/wp\/v2\/posts\/63795\/revisions"}],"predecessor-version":[{"id":63873,"href":"https:\/\/www.italtel.com\/it\/wp-json\/wp\/v2\/posts\/63795\/revisions\/63873"}],"wp:featuredmedia":[{"embeddable":true,"href":"https:\/\/www.italtel.com\/it\/wp-json\/wp\/v2\/media\/63251"}],"wp:attachment":[{"href":"https:\/\/www.italtel.com\/it\/wp-json\/wp\/v2\/media?parent=63795"}],"wp:term":[{"taxonomy":"category","embeddable":true,"href":"https:\/\/www.italtel.com\/it\/wp-json\/wp\/v2\/categories?post=63795"},{"taxonomy":"post_tag","embeddable":true,"href":"https:\/\/www.italtel.com\/it\/wp-json\/wp\/v2\/tags?post=63795"}],"curies":[{"name":"wp","href":"https:\/\/api.w.org\/{rel}","templated":true}]}}