{"id":68881,"date":"2025-02-18T08:34:02","date_gmt":"2025-02-18T06:34:02","guid":{"rendered":"https:\/\/www.italtel.com\/?p=68881"},"modified":"2025-02-18T12:03:19","modified_gmt":"2025-02-18T10:03:19","slug":"marco-cazzaniga-quando-la-passione-per-la-tecnologia-diventa-una-vita-intera","status":"publish","type":"post","link":"https:\/\/www.italtel.com\/it\/marco-cazzaniga-quando-la-passione-per-la-tecnologia-diventa-una-vita-intera\/","title":{"rendered":"Marco Cazzaniga: quando la passione per la tecnologia diventa una vita intera"},"content":{"rendered":"\n<div class=\"row\"  id=\"row-506144646\">\n\n\n\t<div id=\"col-1567085149\" class=\"col medium-9 small-12 large-9\"  >\n\t\t\t\t<div class=\"col-inner\"  >\n\t\t\t\n\t\t\t\n\n\t<div id=\"text-2411524673\" class=\"text fontsize_32 color_black\">\n\t\t\n\n<h2>Una passione che parte da lontano<\/h2>\n\t\t\t<\/div>\n\t\n\t<div id=\"text-3096678349\" class=\"text fontsize_18 color_black\">\n\t\t\n\n<p>Marco Cazzaniga \u00e8 un vero appassionato di tecnologia. Fin da giovane, ha seguito il suo interesse per l\u2019elettronica e l\u2019informatica, muovendo i primi passi con studi tecnici che l\u2019hanno portato a immergersi nel mondo delle telecomunicazioni. La svolta arriva nel 1985, quando, durante la storica nevicata del secolo a Milano e Monza, riceve una lettera di assunzione dalla General Telephone and Electronics (GTE), una multinazionale americana leader nel settore.<\/p>\n\t\t\t<\/div>\n\t\n\t<div id=\"text-671999900\" class=\"text fontsize_32 color_black\">\n\t\t\n\n<h2>Dall\u2019Italia al mondo: i primi anni in Italtel<\/h2>\n\t\t\t<\/div>\n\t\n\t<div id=\"text-3250793071\" class=\"text fontsize_18 color_black\">\n\t\t\n\n<p>Con l\u2019acquisizione di GTE Italia da parte di Siemens e il successivo passaggio a Italtel, Marco inizia un percorso che lo porter\u00e0 a vivere esperienze professionali uniche. Parte come tecnico di collaudo, poi si ritrova coinvolto in progetti di grande impatto, come la costruzione di una centrale telefonica in Kenya in soli 20 giorni, un\u2019esperienza che lo porta ad incontrare, durante l\u2019inaugurazione della centrale, il Presidente della Repubblica Italiana di allora, Francesco Cossiga, e il Ministro degli esteri Giulio Andreotti. Ritornando in Italia riceve dal CEO della GTE la medaglia d\u2019oro come riconoscimento per il suo impegno per il successo della missione.<\/p>\n<p>Negli anni \u201990 il suo lavoro lo porta a girare l\u2019Italia, dalla Puglia alla Valle D\u2019Aosta, seguendo l\u2019installazione e il collaudo di sistemi, come la Linea UT di Italtel, che contribuiscono alla digitalizzazione del Paese. \u00c8 un periodo di grande crescita, in cui sperimenta sul campo il rapido evolversi delle telecomunicazioni.<\/p>\n\t\t\t<\/div>\n\t\n\t<div id=\"text-3068249813\" class=\"text fontsize_32 color_black\">\n\t\t\n\n<h2>Esperienze internazionali e grandi sfide<\/h2>\n\t\t\t<\/div>\n\t\n\t<div id=\"text-627198989\" class=\"text fontsize_18 color_black\">\n\t\t\n\n<p>La carriera di Marco si espande a livello internazionale sul finire degli anni \u201890, quando viene inviato in Spagna per seguire il deployment della rete di un operatore locale, un\u2019esperienza che lo arricchisce professionalmente e culturalmente.<\/p>\n<p>Il viaggio continua in Paesi come Svezia, Polonia, Francia, Dubai e Brasile, dove guida progetti complessi. Nel 2004, ad esempio, fa partire il progetto di deployment della rete per uno dei principali operatori brasiliani: si tratta di 6 POP (Point of Presence) della rete nazionale.<\/p>\n<blockquote>\n<p>&#8220;Ogni sfida era un\u2019opportunit\u00e0 per imparare e crescere,&#8221; racconta.<\/p>\n<\/blockquote>\n<p>Marco nel frattempo \u00e8 diventato Responsabile dell\u2019Assistenza Tecnica per l\u2019Estero, per il perimetro dei prodotti proprietari d\u2019Italtel.<\/p>\n<p>Dal 2010 in poi si occupa anche dell\u2019Italia, dei cosiddetti OLO, quindi operatori Telco alternativi all\u2019incumbent Telecom Italia.<\/p>\n\t\t\t<\/div>\n\t\n\t<div id=\"text-1738479157\" class=\"text fontsize_32 color_black\">\n\t\t\n\n<h2>Famiglia e nuovi equilibri<\/h2>\n\t\t\t<\/div>\n\t\n\t<div id=\"text-227476128\" class=\"text fontsize_18 color_black\">\n\t\t\n\n<p>Dopo anni di viaggi, Marco rallenta un po\u2019 il ritmo per dedicarsi a un nuovo progetto: la sua famiglia. Si sposa con una collega, e nel 2014 nasce suo figlio. Grazie al supporto della famiglia e all\u2019utilizzo dello smart working, riesce a bilanciare in modo efficace lavoro e vita privata.<\/p>\n<blockquote>\n<p>\u201cLa scelta di formare una famiglia \u00e8 stata la migliore della mia vita,\u201d afferma.<\/p>\n<\/blockquote>\n\t\t\t<\/div>\n\t\n\t<div id=\"text-337111385\" class=\"text fontsize_32 color_black\">\n\t\t\n\n<h2>Le nuove sfide: sicurezza, formazione e giovani<\/h2>\n\t\t\t<\/div>\n\t\n\t<div id=\"text-791225824\" class=\"text fontsize_18 color_black\">\n\t\t\n\n<p>Nel 2025 lo attendono nuove sfide, questa volta sul fronte delle certificazioni aziendali: oggi Marco \u00e8 anche responsabile del Sistema di Gestione della Sicurezza delle Informazioni (SGSI) e si occupa delle certificazioni necessarie per la gestione del Security Operations Center (SOC) di Italtel a Milano, presso il Caldera Park. Il suo ruolo lo porta a collaborare con diverse funzioni aziendali come HR, Compliance, Legal, Facility e Procurement, per garantire la sicurezza delle informazioni, un tema sempre pi\u00f9 centrale per ogni impresa, in particolare nel settore tecnologico.<\/p>\n<p>Ma c\u2019\u00e8 un aspetto del suo lavoro a cui tiene particolarmente: la formazione delle nuove generazioni.<\/p>\n<blockquote>\n<p>\u201cTrasferire le competenze \u00e8 fondamentale,\u201d racconta. \u201cProprio come il mio primo responsabile ha fatto con me.\u201d<\/p>\n<\/blockquote>\n<p>Per Marco, ci\u00f2 che rende unica Italtel \u00e8 infatti il clima di condivisione e l\u2019attenzione verso le persone.<\/p>\n<blockquote>\n<p>\u201cQui c\u2019\u00e8 un rapporto tra colleghi che va oltre il lavoro e questa \u00e8 la vera forza della nostra cultura aziendale,\u201d conclude.<\/p>\n<\/blockquote>\n<p>Per chi si affaccia oggi al mondo della tecnologia, Marco ha un consiglio chiaro: la passione \u00e8 tutto. \u00c8 quella che lo ha spinto a passare notti intere a risolvere problemi, e a trovare sempre le soluzioni pi\u00f9 adatte per soddisfare le aspettative del cliente.<\/p>\n\t\t\t<\/div>\n\t\n\t<div id=\"text-1748259438\" class=\"text fontsize_32 color_black\">\n\t\t\n\n<h2>Conclusione<\/h2>\n\t\t\t<\/div>\n\t\n\t<div id=\"text-412094913\" class=\"text fontsize_18 color_black\">\n\t\t\n\n<p>Con oltre 35 anni di esperienza, Marco Cazzaniga rappresenta a pieno quei valori di innovazione, resilienza e condivisione che da sempre caratterizzano Italtel. Il suo percorso dimostra che il successo non \u00e8 solo questione di competenze tecniche, ma anche di capacit\u00e0 di costruire relazioni basate sulla fiducia e la collaborazione. E che, alla fine, la vera crescita professionale \u00e8 quella che si condivide con gli altri.<\/p>\n\t\t\t<\/div>\n\t\n\n\t\t<\/div>\n\t\t\t\t\n<style>\n#col-1567085149 > .col-inner {\n  padding: 6rem 11rem 0px 0px;\n}\n<\/style>\n\t<\/div>\n\n\t\n\n\t<div id=\"col-37805767\" class=\"col sibebar_col medium-3 small-12 large-3\"  >\n\t\t<div class=\"is-sticky-column\"><div class=\"is-sticky-column__inner\">\t\t<div class=\"col-inner\"  >\n\t\t\t\n\t\t\t\n\n\t<div id=\"text-4202065771\" class=\"text fontsize_16 color_black fontweight_500\">\n\t\t\n\nTECH KEYWORDS\n\t\t\t<\/div>\n\t\n<div class=\"is-divider divider clearfix\" style=\"margin-top:2rem;margin-bottom:2rem;max-width:100%;height:1px;background-color:rgba(112, 112, 112, 0.302);\"><\/div>\n\n\t<div id=\"text-1611588393\" class=\"text fontsize_18 color_black\">\n\t\t\n\n<p>PASSIONE<\/p>\n\t\t\t<\/div>\n\t\n<div class=\"is-divider divider clearfix\" style=\"margin-top:2rem;margin-bottom:2rem;max-width:100%;height:1px;background-color:rgba(112, 112, 112, 0.302);\"><\/div>\n\n\t<div id=\"text-408305698\" class=\"text fontsize_18 color_black\">\n\t\t\n\n<p>ESPERIENZA<\/p>\n\t\t\t<\/div>\n\t\n\t<div id=\"gap-1085531495\" class=\"gap-element clearfix\" style=\"display:block; height:auto;\">\n\t\t\n<style>\n#gap-1085531495 {\n  padding-top: 13rem;\n}\n<\/style>\n\t<\/div>\n\t\n\n\t<div id=\"text-4257580869\" class=\"text fontsize_16 color_black fontweight_500\">\n\t\t\n\n<p>CONDIVIDI LA NEWS<\/p>\n\t\t\t<\/div>\n\t\n<div class=\"is-divider divider clearfix\" style=\"margin-top:2rem;margin-bottom:2rem;max-width:100%;height:1px;background-color:rgba(112, 112, 112, 0.302);\"><\/div>\n\n\t<div class=\"img has-hover socialshare_icon linkedin x md-x lg-x y md-y lg-y\" id=\"image_768398693\">\n\t\t\t\t\t\t\t\t<div class=\"img-inner dark\" >\n\t\t\t<img loading=\"lazy\" decoding=\"async\" width=\"1\" height=\"1\" src=\"https:\/\/www.italtel.com\/wp-content\/uploads\/2024\/09\/Linkedin-icon.svg\" class=\"attachment-large size-large\" alt=\"Linkedin-icon\" \/>\t\t\t\t\t\t\n\t\t\t\t\t<\/div>\n\t\t\t\t\t\t\t\t\n<style>\n#image_768398693 {\n  width: 100%;\n}\n<\/style>\n\t<\/div>\n\t\n\n\t<div class=\"img has-hover socialshare_icon instagram x md-x lg-x y md-y lg-y\" id=\"image_1145447477\">\n\t\t\t\t\t\t\t\t<div class=\"img-inner dark\" >\n\t\t\t<img loading=\"lazy\" decoding=\"async\" width=\"27\" height=\"27\" src=\"https:\/\/www.italtel.com\/wp-content\/uploads\/2024\/07\/Raggruppa-12942.png\" class=\"attachment-large size-large\" alt=\"Instagram icon\" \/>\t\t\t\t\t\t\n\t\t\t\t\t<\/div>\n\t\t\t\t\t\t\t\t\n<style>\n#image_1145447477 {\n  width: 100%;\n}\n<\/style>\n\t<\/div>\n\t\n\n\t<div class=\"img has-hover socialshare_icon ex x md-x lg-x y md-y lg-y\" id=\"image_1718219274\">\n\t\t\t\t\t\t\t\t<div class=\"img-inner dark\" >\n\t\t\t<img loading=\"lazy\" decoding=\"async\" width=\"1\" height=\"1\" src=\"https:\/\/www.italtel.com\/wp-content\/uploads\/2024\/09\/X-icon.svg\" class=\"attachment-large size-large\" alt=\"X-icon\" \/>\t\t\t\t\t\t\n\t\t\t\t\t<\/div>\n\t\t\t\t\t\t\t\t\n<style>\n#image_1718219274 {\n  width: 100%;\n}\n<\/style>\n\t<\/div>\n\t\n\n\n\t\t<\/div>\n\t\t<\/div><\/div>\t\t\n<style>\n#col-37805767 > .is-sticky-column > .is-sticky-column__inner > .col-inner {\n  padding: 6rem 0px 0px 0px;\n}\n<\/style>\n\t<\/div>\n\n\t\n\n<\/div>\n\n","protected":false},"excerpt":{"rendered":"","protected":false},"author":6,"featured_media":68883,"comment_status":"closed","ping_status":"closed","sticky":false,"template":"","format":"standard","meta":{"footnotes":""},"categories":[394,803],"tags":[],"class_list":["post-68881","post","type-post","status-publish","format-standard","has-post-thumbnail","hentry","category-focus-it","category-interview-it"],"yoast_head":"<!-- This site is optimized with the Yoast SEO plugin v27.4 - https:\/\/yoast.com\/product\/yoast-seo-wordpress\/ -->\n<title>Marco Cazzaniga: quando la passione per la tecnologia diventa una vita intera - Italtel<\/title>\n<meta name=\"robots\" content=\"index, follow, max-snippet:-1, max-image-preview:large, max-video-preview:-1\" \/>\n<link rel=\"canonical\" href=\"https:\/\/www.italtel.com\/it\/marco-cazzaniga-quando-la-passione-per-la-tecnologia-diventa-una-vita-intera\/\" \/>\n<meta property=\"og:locale\" content=\"it_IT\" \/>\n<meta property=\"og:type\" content=\"article\" \/>\n<meta property=\"og:title\" content=\"Marco Cazzaniga: quando la passione per la tecnologia diventa una vita intera - Italtel\" \/>\n<meta property=\"og:url\" content=\"https:\/\/www.italtel.com\/it\/marco-cazzaniga-quando-la-passione-per-la-tecnologia-diventa-una-vita-intera\/\" \/>\n<meta property=\"og:site_name\" content=\"Italtel\" \/>\n<meta property=\"article:published_time\" content=\"2025-02-18T06:34:02+00:00\" \/>\n<meta property=\"article:modified_time\" content=\"2025-02-18T10:03:19+00:00\" \/>\n<meta property=\"og:image\" content=\"https:\/\/www.italtel.com\/wp-content\/uploads\/2025\/02\/Marco-Cazzaniga.png\" \/>\n\t<meta property=\"og:image:width\" content=\"1394\" \/>\n\t<meta property=\"og:image:height\" content=\"863\" \/>\n\t<meta property=\"og:image:type\" content=\"image\/png\" \/>\n<meta name=\"author\" content=\"Daniela Fontana\" \/>\n<meta name=\"twitter:card\" content=\"summary_large_image\" \/>\n<meta name=\"twitter:creator\" content=\"@Italtel\" \/>\n<meta name=\"twitter:site\" content=\"@Italtel\" \/>\n<meta name=\"twitter:label1\" content=\"Scritto da\" \/>\n\t<meta name=\"twitter:data1\" content=\"Daniela Fontana\" \/>\n\t<meta name=\"twitter:label2\" content=\"Tempo di lettura stimato\" \/>\n\t<meta name=\"twitter:data2\" content=\"1 minuto\" \/>\n<script type=\"application\/ld+json\" class=\"yoast-schema-graph\">{\"@context\":\"https:\\\/\\\/schema.org\",\"@graph\":[{\"@type\":\"Article\",\"@id\":\"https:\\\/\\\/www.italtel.com\\\/it\\\/marco-cazzaniga-quando-la-passione-per-la-tecnologia-diventa-una-vita-intera\\\/#article\",\"isPartOf\":{\"@id\":\"https:\\\/\\\/www.italtel.com\\\/it\\\/marco-cazzaniga-quando-la-passione-per-la-tecnologia-diventa-una-vita-intera\\\/\"},\"author\":{\"name\":\"Daniela Fontana\",\"@id\":\"https:\\\/\\\/www.italtel.com\\\/de\\\/#\\\/schema\\\/person\\\/38f315d5a978255f0cf320055bad5afe\"},\"headline\":\"Marco Cazzaniga: quando la passione per la tecnologia diventa una vita intera\",\"datePublished\":\"2025-02-18T06:34:02+00:00\",\"dateModified\":\"2025-02-18T10:03:19+00:00\",\"mainEntityOfPage\":{\"@id\":\"https:\\\/\\\/www.italtel.com\\\/it\\\/marco-cazzaniga-quando-la-passione-per-la-tecnologia-diventa-una-vita-intera\\\/\"},\"wordCount\":933,\"publisher\":{\"@id\":\"https:\\\/\\\/www.italtel.com\\\/de\\\/#organization\"},\"image\":{\"@id\":\"https:\\\/\\\/www.italtel.com\\\/it\\\/marco-cazzaniga-quando-la-passione-per-la-tecnologia-diventa-una-vita-intera\\\/#primaryimage\"},\"thumbnailUrl\":\"https:\\\/\\\/www.italtel.com\\\/wp-content\\\/uploads\\\/2025\\\/02\\\/Marco-Cazzaniga.png\",\"articleSection\":[\"Focus\",\"Interview\"],\"inLanguage\":\"it-IT\"},{\"@type\":\"WebPage\",\"@id\":\"https:\\\/\\\/www.italtel.com\\\/it\\\/marco-cazzaniga-quando-la-passione-per-la-tecnologia-diventa-una-vita-intera\\\/\",\"url\":\"https:\\\/\\\/www.italtel.com\\\/it\\\/marco-cazzaniga-quando-la-passione-per-la-tecnologia-diventa-una-vita-intera\\\/\",\"name\":\"Marco Cazzaniga: quando la passione per la tecnologia diventa una vita intera - Italtel\",\"isPartOf\":{\"@id\":\"https:\\\/\\\/www.italtel.com\\\/de\\\/#website\"},\"primaryImageOfPage\":{\"@id\":\"https:\\\/\\\/www.italtel.com\\\/it\\\/marco-cazzaniga-quando-la-passione-per-la-tecnologia-diventa-una-vita-intera\\\/#primaryimage\"},\"image\":{\"@id\":\"https:\\\/\\\/www.italtel.com\\\/it\\\/marco-cazzaniga-quando-la-passione-per-la-tecnologia-diventa-una-vita-intera\\\/#primaryimage\"},\"thumbnailUrl\":\"https:\\\/\\\/www.italtel.com\\\/wp-content\\\/uploads\\\/2025\\\/02\\\/Marco-Cazzaniga.png\",\"datePublished\":\"2025-02-18T06:34:02+00:00\",\"dateModified\":\"2025-02-18T10:03:19+00:00\",\"breadcrumb\":{\"@id\":\"https:\\\/\\\/www.italtel.com\\\/it\\\/marco-cazzaniga-quando-la-passione-per-la-tecnologia-diventa-una-vita-intera\\\/#breadcrumb\"},\"inLanguage\":\"it-IT\",\"potentialAction\":[{\"@type\":\"ReadAction\",\"target\":[\"https:\\\/\\\/www.italtel.com\\\/it\\\/marco-cazzaniga-quando-la-passione-per-la-tecnologia-diventa-una-vita-intera\\\/\"]}]},{\"@type\":\"ImageObject\",\"inLanguage\":\"it-IT\",\"@id\":\"https:\\\/\\\/www.italtel.com\\\/it\\\/marco-cazzaniga-quando-la-passione-per-la-tecnologia-diventa-una-vita-intera\\\/#primaryimage\",\"url\":\"https:\\\/\\\/www.italtel.com\\\/wp-content\\\/uploads\\\/2025\\\/02\\\/Marco-Cazzaniga.png\",\"contentUrl\":\"https:\\\/\\\/www.italtel.com\\\/wp-content\\\/uploads\\\/2025\\\/02\\\/Marco-Cazzaniga.png\",\"width\":1394,\"height\":863,\"caption\":\"Marco Cazzaniga\"},{\"@type\":\"BreadcrumbList\",\"@id\":\"https:\\\/\\\/www.italtel.com\\\/it\\\/marco-cazzaniga-quando-la-passione-per-la-tecnologia-diventa-una-vita-intera\\\/#breadcrumb\",\"itemListElement\":[{\"@type\":\"ListItem\",\"position\":1,\"name\":\"Home\",\"item\":\"https:\\\/\\\/www.italtel.com\\\/it\\\/\"},{\"@type\":\"ListItem\",\"position\":2,\"name\":\"Marco Cazzaniga: quando la passione per la tecnologia diventa una vita intera\"}]},{\"@type\":\"WebSite\",\"@id\":\"https:\\\/\\\/www.italtel.com\\\/de\\\/#website\",\"url\":\"https:\\\/\\\/www.italtel.com\\\/de\\\/\",\"name\":\"Italtel\",\"description\":\"Italtel Group&#039;s company website\",\"publisher\":{\"@id\":\"https:\\\/\\\/www.italtel.com\\\/de\\\/#organization\"},\"potentialAction\":[{\"@type\":\"SearchAction\",\"target\":{\"@type\":\"EntryPoint\",\"urlTemplate\":\"https:\\\/\\\/www.italtel.com\\\/de\\\/?s={search_term_string}\"},\"query-input\":{\"@type\":\"PropertyValueSpecification\",\"valueRequired\":true,\"valueName\":\"search_term_string\"}}],\"inLanguage\":\"it-IT\"},{\"@type\":\"Organization\",\"@id\":\"https:\\\/\\\/www.italtel.com\\\/de\\\/#organization\",\"name\":\"Italtel S.p.A.\",\"url\":\"https:\\\/\\\/www.italtel.com\\\/de\\\/\",\"logo\":{\"@type\":\"ImageObject\",\"inLanguage\":\"it-IT\",\"@id\":\"https:\\\/\\\/www.italtel.com\\\/de\\\/#\\\/schema\\\/logo\\\/image\\\/\",\"url\":\"https:\\\/\\\/www.italtel.com\\\/wp-content\\\/uploads\\\/2024\\\/11\\\/Italtel_logo.png\",\"contentUrl\":\"https:\\\/\\\/www.italtel.com\\\/wp-content\\\/uploads\\\/2024\\\/11\\\/Italtel_logo.png\",\"width\":591,\"height\":139,\"caption\":\"Italtel S.p.A.\"},\"image\":{\"@id\":\"https:\\\/\\\/www.italtel.com\\\/de\\\/#\\\/schema\\\/logo\\\/image\\\/\"},\"sameAs\":[\"https:\\\/\\\/x.com\\\/Italtel\",\"https:\\\/\\\/www.linkedin.com\\\/company\\\/italtel\\\/\",\"https:\\\/\\\/www.instagram.com\\\/italtel_hq\\\/\"]},{\"@type\":\"Person\",\"@id\":\"https:\\\/\\\/www.italtel.com\\\/de\\\/#\\\/schema\\\/person\\\/38f315d5a978255f0cf320055bad5afe\",\"name\":\"Daniela Fontana\",\"image\":{\"@type\":\"ImageObject\",\"inLanguage\":\"it-IT\",\"@id\":\"https:\\\/\\\/secure.gravatar.com\\\/avatar\\\/834a03b0c73144a8ca36e17dc365b3fbadb34c9e44399b609a00f2231e694f6a?s=96&d=mm&r=g\",\"url\":\"https:\\\/\\\/secure.gravatar.com\\\/avatar\\\/834a03b0c73144a8ca36e17dc365b3fbadb34c9e44399b609a00f2231e694f6a?s=96&d=mm&r=g\",\"contentUrl\":\"https:\\\/\\\/secure.gravatar.com\\\/avatar\\\/834a03b0c73144a8ca36e17dc365b3fbadb34c9e44399b609a00f2231e694f6a?s=96&d=mm&r=g\",\"caption\":\"Daniela Fontana\"}}]}<\/script>\n<!-- \/ Yoast SEO plugin. -->","yoast_head_json":{"title":"Marco Cazzaniga: quando la passione per la tecnologia diventa una vita intera - Italtel","robots":{"index":"index","follow":"follow","max-snippet":"max-snippet:-1","max-image-preview":"max-image-preview:large","max-video-preview":"max-video-preview:-1"},"canonical":"https:\/\/www.italtel.com\/it\/marco-cazzaniga-quando-la-passione-per-la-tecnologia-diventa-una-vita-intera\/","og_locale":"it_IT","og_type":"article","og_title":"Marco Cazzaniga: quando la passione per la tecnologia diventa una vita intera - Italtel","og_url":"https:\/\/www.italtel.com\/it\/marco-cazzaniga-quando-la-passione-per-la-tecnologia-diventa-una-vita-intera\/","og_site_name":"Italtel","article_published_time":"2025-02-18T06:34:02+00:00","article_modified_time":"2025-02-18T10:03:19+00:00","og_image":[{"width":1394,"height":863,"url":"https:\/\/www.italtel.com\/wp-content\/uploads\/2025\/02\/Marco-Cazzaniga.png","type":"image\/png"}],"author":"Daniela Fontana","twitter_card":"summary_large_image","twitter_creator":"@Italtel","twitter_site":"@Italtel","twitter_misc":{"Scritto da":"Daniela Fontana","Tempo di lettura stimato":"1 minuto"},"schema":{"@context":"https:\/\/schema.org","@graph":[{"@type":"Article","@id":"https:\/\/www.italtel.com\/it\/marco-cazzaniga-quando-la-passione-per-la-tecnologia-diventa-una-vita-intera\/#article","isPartOf":{"@id":"https:\/\/www.italtel.com\/it\/marco-cazzaniga-quando-la-passione-per-la-tecnologia-diventa-una-vita-intera\/"},"author":{"name":"Daniela Fontana","@id":"https:\/\/www.italtel.com\/de\/#\/schema\/person\/38f315d5a978255f0cf320055bad5afe"},"headline":"Marco Cazzaniga: quando la passione per la tecnologia diventa una vita intera","datePublished":"2025-02-18T06:34:02+00:00","dateModified":"2025-02-18T10:03:19+00:00","mainEntityOfPage":{"@id":"https:\/\/www.italtel.com\/it\/marco-cazzaniga-quando-la-passione-per-la-tecnologia-diventa-una-vita-intera\/"},"wordCount":933,"publisher":{"@id":"https:\/\/www.italtel.com\/de\/#organization"},"image":{"@id":"https:\/\/www.italtel.com\/it\/marco-cazzaniga-quando-la-passione-per-la-tecnologia-diventa-una-vita-intera\/#primaryimage"},"thumbnailUrl":"https:\/\/www.italtel.com\/wp-content\/uploads\/2025\/02\/Marco-Cazzaniga.png","articleSection":["Focus","Interview"],"inLanguage":"it-IT"},{"@type":"WebPage","@id":"https:\/\/www.italtel.com\/it\/marco-cazzaniga-quando-la-passione-per-la-tecnologia-diventa-una-vita-intera\/","url":"https:\/\/www.italtel.com\/it\/marco-cazzaniga-quando-la-passione-per-la-tecnologia-diventa-una-vita-intera\/","name":"Marco Cazzaniga: quando la passione per la tecnologia diventa una vita intera - Italtel","isPartOf":{"@id":"https:\/\/www.italtel.com\/de\/#website"},"primaryImageOfPage":{"@id":"https:\/\/www.italtel.com\/it\/marco-cazzaniga-quando-la-passione-per-la-tecnologia-diventa-una-vita-intera\/#primaryimage"},"image":{"@id":"https:\/\/www.italtel.com\/it\/marco-cazzaniga-quando-la-passione-per-la-tecnologia-diventa-una-vita-intera\/#primaryimage"},"thumbnailUrl":"https:\/\/www.italtel.com\/wp-content\/uploads\/2025\/02\/Marco-Cazzaniga.png","datePublished":"2025-02-18T06:34:02+00:00","dateModified":"2025-02-18T10:03:19+00:00","breadcrumb":{"@id":"https:\/\/www.italtel.com\/it\/marco-cazzaniga-quando-la-passione-per-la-tecnologia-diventa-una-vita-intera\/#breadcrumb"},"inLanguage":"it-IT","potentialAction":[{"@type":"ReadAction","target":["https:\/\/www.italtel.com\/it\/marco-cazzaniga-quando-la-passione-per-la-tecnologia-diventa-una-vita-intera\/"]}]},{"@type":"ImageObject","inLanguage":"it-IT","@id":"https:\/\/www.italtel.com\/it\/marco-cazzaniga-quando-la-passione-per-la-tecnologia-diventa-una-vita-intera\/#primaryimage","url":"https:\/\/www.italtel.com\/wp-content\/uploads\/2025\/02\/Marco-Cazzaniga.png","contentUrl":"https:\/\/www.italtel.com\/wp-content\/uploads\/2025\/02\/Marco-Cazzaniga.png","width":1394,"height":863,"caption":"Marco Cazzaniga"},{"@type":"BreadcrumbList","@id":"https:\/\/www.italtel.com\/it\/marco-cazzaniga-quando-la-passione-per-la-tecnologia-diventa-una-vita-intera\/#breadcrumb","itemListElement":[{"@type":"ListItem","position":1,"name":"Home","item":"https:\/\/www.italtel.com\/it\/"},{"@type":"ListItem","position":2,"name":"Marco Cazzaniga: quando la passione per la tecnologia diventa una vita intera"}]},{"@type":"WebSite","@id":"https:\/\/www.italtel.com\/de\/#website","url":"https:\/\/www.italtel.com\/de\/","name":"Italtel","description":"Italtel Group&#039;s company website","publisher":{"@id":"https:\/\/www.italtel.com\/de\/#organization"},"potentialAction":[{"@type":"SearchAction","target":{"@type":"EntryPoint","urlTemplate":"https:\/\/www.italtel.com\/de\/?s={search_term_string}"},"query-input":{"@type":"PropertyValueSpecification","valueRequired":true,"valueName":"search_term_string"}}],"inLanguage":"it-IT"},{"@type":"Organization","@id":"https:\/\/www.italtel.com\/de\/#organization","name":"Italtel S.p.A.","url":"https:\/\/www.italtel.com\/de\/","logo":{"@type":"ImageObject","inLanguage":"it-IT","@id":"https:\/\/www.italtel.com\/de\/#\/schema\/logo\/image\/","url":"https:\/\/www.italtel.com\/wp-content\/uploads\/2024\/11\/Italtel_logo.png","contentUrl":"https:\/\/www.italtel.com\/wp-content\/uploads\/2024\/11\/Italtel_logo.png","width":591,"height":139,"caption":"Italtel S.p.A."},"image":{"@id":"https:\/\/www.italtel.com\/de\/#\/schema\/logo\/image\/"},"sameAs":["https:\/\/x.com\/Italtel","https:\/\/www.linkedin.com\/company\/italtel\/","https:\/\/www.instagram.com\/italtel_hq\/"]},{"@type":"Person","@id":"https:\/\/www.italtel.com\/de\/#\/schema\/person\/38f315d5a978255f0cf320055bad5afe","name":"Daniela Fontana","image":{"@type":"ImageObject","inLanguage":"it-IT","@id":"https:\/\/secure.gravatar.com\/avatar\/834a03b0c73144a8ca36e17dc365b3fbadb34c9e44399b609a00f2231e694f6a?s=96&d=mm&r=g","url":"https:\/\/secure.gravatar.com\/avatar\/834a03b0c73144a8ca36e17dc365b3fbadb34c9e44399b609a00f2231e694f6a?s=96&d=mm&r=g","contentUrl":"https:\/\/secure.gravatar.com\/avatar\/834a03b0c73144a8ca36e17dc365b3fbadb34c9e44399b609a00f2231e694f6a?s=96&d=mm&r=g","caption":"Daniela Fontana"}}]}},"_links":{"self":[{"href":"https:\/\/www.italtel.com\/it\/wp-json\/wp\/v2\/posts\/68881","targetHints":{"allow":["GET"]}}],"collection":[{"href":"https:\/\/www.italtel.com\/it\/wp-json\/wp\/v2\/posts"}],"about":[{"href":"https:\/\/www.italtel.com\/it\/wp-json\/wp\/v2\/types\/post"}],"author":[{"embeddable":true,"href":"https:\/\/www.italtel.com\/it\/wp-json\/wp\/v2\/users\/6"}],"replies":[{"embeddable":true,"href":"https:\/\/www.italtel.com\/it\/wp-json\/wp\/v2\/comments?post=68881"}],"version-history":[{"count":4,"href":"https:\/\/www.italtel.com\/it\/wp-json\/wp\/v2\/posts\/68881\/revisions"}],"predecessor-version":[{"id":68917,"href":"https:\/\/www.italtel.com\/it\/wp-json\/wp\/v2\/posts\/68881\/revisions\/68917"}],"wp:featuredmedia":[{"embeddable":true,"href":"https:\/\/www.italtel.com\/it\/wp-json\/wp\/v2\/media\/68883"}],"wp:attachment":[{"href":"https:\/\/www.italtel.com\/it\/wp-json\/wp\/v2\/media?parent=68881"}],"wp:term":[{"taxonomy":"category","embeddable":true,"href":"https:\/\/www.italtel.com\/it\/wp-json\/wp\/v2\/categories?post=68881"},{"taxonomy":"post_tag","embeddable":true,"href":"https:\/\/www.italtel.com\/it\/wp-json\/wp\/v2\/tags?post=68881"}],"curies":[{"name":"wp","href":"https:\/\/api.w.org\/{rel}","templated":true}]}}