{"id":73872,"date":"2025-04-28T07:43:12","date_gmt":"2025-04-28T05:43:12","guid":{"rendered":"https:\/\/www.italtel.com\/sara-mileo-growing-up-between-study-and-work-my-story-at-italtel\/"},"modified":"2025-04-28T15:15:45","modified_gmt":"2025-04-28T13:15:45","slug":"sara-mileo-growing-up-between-study-and-work-my-story-at-italtel","status":"publish","type":"post","link":"https:\/\/www.italtel.com\/it\/sara-mileo-growing-up-between-study-and-work-my-story-at-italtel\/","title":{"rendered":"Sara Mileo: crescere tra studio e lavoro. La mia storia in Italtel"},"content":{"rendered":"\n<div class=\"row\"  id=\"row-2079978995\">\n\n\n\t<div id=\"col-1163014348\" class=\"col medium-9 small-12 large-9\"  >\n\t\t\t\t<div class=\"col-inner\"  >\n\t\t\t\n\t\t\t\n\n\t<div id=\"text-2559058011\" class=\"text fontsize_32 color_black\">\n\t\t\n\n<h2>L\u2019inizio di un percorso<\/h2>\n\t\t\t<\/div>\n\t\n\t<div id=\"text-39750223\" class=\"text fontsize_18 color_black\">\n\t\t\n\n<p>Era il <strong>26 ottobre 1994<\/strong> quando varcai per la prima volta l&#8217;ingresso dei <strong>capannoni di Settimo Milanese. <\/strong>Ricordo bene quella giornata autunnale, avvolta nella nebbia e nell&#8217;umidit\u00e0 tipiche della stagione. Mi avevano assegnato al reparto Reti Dati, e il mio primo compito era raggiungere l&#8217;8\u00b0 capannone, dove avrei iniziato a lavorare con il mio nuovo team.<\/p>\n<p>All&#8217;epoca, frequentavo un corso parauniversitario in Statistica presso la facolt\u00e0 di Scienze Politiche a Milano. Quando mi si present\u00f2 l&#8217;opportunit\u00e0 di sostenere il test per entrare in Italtel, decisi di provarci. Mio padre mi consigliava di continuare la vita da studentessa ma io sapevo esattamente cosa volessi: lavorare, <strong>essere indipendente<\/strong> e non gravare economicamente sulla mia famiglia. Sognavo di costruire il mio futuro con le mie forze.<\/p>\n<p>Il primo giorno in Italtel rimarr\u00e0 sempre impresso nella mia memoria, cos\u00ec come tutti quelli che sono seguiti: ho sempre trovato un <strong>ambiente amichevole e stimolante<\/strong>. Nonostante qualcuno mi avesse instillato dei dubbi sul fatto che l&#8217;informatica e le telecomunicazioni non fossero la mia strada, ho sempre affrontato ogni sfida con passione e impegno.<\/p>\n\t\t\t<\/div>\n\t\n\t<div id=\"text-2303510452\" class=\"text fontsize_32 color_black\">\n\t\t\n\n<h2>Progetti che hanno segnato la mia crescita<\/h2>\n\t\t\t<\/div>\n\t\n\t<div id=\"text-4011588988\" class=\"text fontsize_18 color_black\">\n\t\t\n\n<p><span style=\"font-size: 11.0pt; font-family: 'Arial',sans-serif;\">Nel corso degli anni, ho avuto l&#8217;opportunit\u00e0 di lavorare su <b>progetti innovativi<\/b> che hanno contribuito in modo significativo alla mia crescita professionale. Ho iniziato occupandomi dell\u2019integrazione di apparati Italtel nell\u2019architettura <b>ATM<\/b>, acronimo di Asyncronous Transfer Mode, un\u2019esperienza che mi ha permesso di lavorare nel team di ingegneria del prodotto e di sviluppare un approccio trasversale tra hardware e software. Con l\u2019ingresso di Siemens, il mio percorso si \u00e8 ampliato nell\u2019ambito dell\u2019accesso in fibra ottica, partecipando alla sperimentazione della rete <b>PON<\/b> (Passive Optical Network), e alla verifica delle funzionalit\u00e0 ATM degli apparati.<\/span><\/p>\n<p><span style=\"font-size: 11.0pt; font-family: 'Arial',sans-serif;\">Successivamente, mi sono dedicata alla <b>Ricerca e Sviluppo<\/b>, collaborando alla progettazione, al collaudo e alla certificazione di soluzioni hardware e software per la rete dati WAN (Wide Area Network) del principale operatore Telco italiano. In questo contesto, l\u2019inizio della <b>collaborazione con Cisco<\/b> ha rappresentato una svolta: ho acquisito esperienza nella gestione delle segnalazioni di bug e malfunzionamenti attraverso tool dedicati, interfacciandomi con team di progettisti in tutto il mondo.<\/span><\/p>\n<p><span style=\"font-size: 11.0pt; font-family: 'Arial',sans-serif;\">L\u2019evoluzione delle telecomunicazioni mi ha poi portato nel <b>mondo IP<\/b>, spingendomi a ottenere certificazioni Cisco e a ricoprire il ruolo di Network Solution Engineer. In questo ambito, ho supportato lo sviluppo della rete IP EDGE del principale operatore italiano e, in seguito, ho consolidato la mia esperienza lavorando sulla rete Optical Packet Metro (OPM) dell\u2019operatore, contribuendo all\u2019implementazione di <b>servizi per la clientela fissa e mobile<\/b>.<\/span><\/p>\n\t\t\t<\/div>\n\t\n\t<div id=\"text-3585636548\" class=\"text fontsize_32 color_black\">\n\t\t\n\n<h2>Studio e lavoro: una sfida vinta<\/h2>\n\t\t\t<\/div>\n\t\n\t<div id=\"text-2748068624\" class=\"text fontsize_18 color_black\">\n\t\t\n\n<p>Nel frattempo, la mia crescita non si \u00e8 fermata al mondo del lavoro: nel 2005 ho conseguito la <strong>laurea magistrale in Informatica con orientamento in Sistemi Informativi<\/strong>. Dopo essere stata assunta da Italtel, decisi infatti di cambiare percorso universitario, passando da Statistica a Informatica.<\/p>\n<p>Italtel offriva un grande <strong>supporto agli studenti-lavoratori<\/strong>, permettendo loro di uscire un&#8217;ora prima per seguire le lezioni se garantivano almeno due esami all&#8217;anno. Io ho gestito il tempo studiando nei weekend e la sera dopo il lavoro. Lavorare e studiare contemporaneamente mi ha insegnato che determinazione e costanza sono essenziali per raggiungere i propri obiettivi.<\/p>\n\t\t\t<\/div>\n\t\n\t<div id=\"text-3682875235\" class=\"text fontsize_32 color_black\">\n\t\t\n\n<h2>Un\u2019evoluzione costante<\/h2>\n\t\t\t<\/div>\n\t\n\t<div id=\"text-1416367976\" class=\"text fontsize_18 color_black\">\n\t\t\n\n<p data-start=\"118\" data-end=\"406\">Oggi, dopo trent&#8217;anni nel settore delle telecomunicazioni, posso definirmi una <strong>Senior Network Engineer<\/strong> a tutti gli effetti. Collaboro attualmente con responsabili e manager che un tempo erano miei colleghi, e trovo stimolante lavorare in un clima di collaborazione e reciproca fiducia.<\/p>\n<p data-start=\"118\" data-end=\"406\">Inoltre, da qualche anno lavoro a stretto contatto con i clienti, sia operatori che grandi aziende, un passaggio che mi ha fatto evolvere sia dal punto di vista professionale che personale.<\/p>\n\t\t\t<\/div>\n\t\n\t<div id=\"text-882924737\" class=\"text fontsize_32 color_black\">\n\t\t\n\n<h2>Esperienze che hanno lasciato il segno e consigli alle ragazze interessate al mondo STEM<\/h2>\n\t\t\t<\/div>\n\t\n\t<div id=\"text-1895483071\" class=\"text fontsize_18 color_black\">\n\t\t\n\n<p>Un paio di episodi che ricordo con piacere sono la <strong>partecipazione alla fiera SMAU<\/strong> nel 1998\/1999 insieme a Hewlett Packard, un&#8217;esperienza stimolante e gratificante per il contatto con il partner e il pubblico, e il pi\u00f9 recente progetto Fast Shift 2023, in cui sono passata dal mondo fisico al mondo virtuale, occupandomi di <strong>Cloud e Data Center<\/strong>.<\/p>\n<p>Non nascondo che sia stato un passaggio impegnativo ma anche per questo importante, che mi ha aperto la strada verso un nuovo mondo, pi\u00f9 focalizzato sull\u2019ICT, in linea con la strategia evolutiva dell\u2019azienda.<\/p>\n<p>Per le ragazze che intendono intraprendere una carriera nel mondo STEM, il mio consiglio \u00e8 <strong>mantenere la capacit\u00e0 di visione d&#8217;insieme<\/strong>, e <strong>non perdere mai la creativit\u00e0 nel lavoro<\/strong>. Anche in un campo tecnico come quello STEM, la creativit\u00e0 \u00e8 fondamentale per affrontare le sfide in modo innovativo.<\/p>\n\t\t\t<\/div>\n\t\n\t<div id=\"text-621525718\" class=\"text fontsize_32 color_black\">\n\t\t\n\n<h2>Italtel: una scuola di vita<\/h2>\n\t\t\t<\/div>\n\t\n\t<div id=\"text-160099391\" class=\"text fontsize_18 color_black\">\n\t\t\n\n<p>Guardando indietro, non posso che essere grata a Italtel. Per me \u00e8 stata una scuola di vita, un ambiente in cui ho costruito <strong>amicizie preziose<\/strong> e acquisito competenze che ancora oggi mi rendono una figura richiesta nel mercato delle telecomunicazioni.<\/p>\n<p>Ma soprattutto, \u00e8 stata una <strong>famiglia<\/strong>, un luogo in cui ho potuto crescere professionalmente e realizzarmi come persona.<\/p>\n\t\t\t<\/div>\n\t\n\n\t\t<\/div>\n\t\t\t\t\n<style>\n#col-1163014348 > .col-inner {\n  padding: 6rem 11rem 0px 0px;\n}\n<\/style>\n\t<\/div>\n\n\t\n\n\t<div id=\"col-529962129\" class=\"col sibebar_col medium-3 small-12 large-3\"  >\n\t\t<div class=\"is-sticky-column\"><div class=\"is-sticky-column__inner\">\t\t<div class=\"col-inner\"  >\n\t\t\t\n\t\t\t\n\n\t<div id=\"text-4166889118\" class=\"text fontsize_16 color_black fontweight_500\">\n\t\t\n\nTECH KEYWORDS\n\t\t\t<\/div>\n\t\n<div class=\"is-divider divider clearfix\" style=\"margin-top:2rem;margin-bottom:2rem;max-width:100%;height:1px;background-color:rgba(112, 112, 112, 0.302);\"><\/div>\n\n\t<div id=\"text-1711509994\" class=\"text fontsize_18 color_black\">\n\t\t\n\n<p>WOMEN IN TECH<\/p>\n\t\t\t<\/div>\n\t\n<div class=\"is-divider divider clearfix\" style=\"margin-top:2rem;margin-bottom:2rem;max-width:100%;height:1px;background-color:rgba(112, 112, 112, 0.302);\"><\/div>\n\n\t<div id=\"text-2052014383\" class=\"text fontsize_18 color_black\">\n\t\t\n\n<p>STEM CAREERS<\/p>\n\t\t\t<\/div>\n\t\n<div class=\"is-divider divider clearfix\" style=\"margin-top:2rem;margin-bottom:2rem;max-width:100%;height:1px;background-color:rgba(112, 112, 112, 0.302);\"><\/div>\n\n\t<div id=\"text-54257356\" class=\"text fontsize_18 color_black\">\n\t\t\n\n<p>NETWORK ENGINEERING<\/p>\n\t\t\t<\/div>\n\t\n<div class=\"is-divider divider clearfix\" style=\"margin-top:2rem;margin-bottom:2rem;max-width:100%;height:1px;background-color:rgba(112, 112, 112, 0.302);\"><\/div>\n\n\t<div id=\"text-852847280\" class=\"text fontsize_18 color_black\">\n\t\t\n\n<p>WORK AND STUDY BALANCE<\/p>\n\t\t\t<\/div>\n\t\n\t<div id=\"gap-425739384\" class=\"gap-element clearfix\" style=\"display:block; height:auto;\">\n\t\t\n<style>\n#gap-425739384 {\n  padding-top: 13rem;\n}\n<\/style>\n\t<\/div>\n\t\n\n\t<div id=\"text-626129487\" class=\"text fontsize_16 color_black fontweight_500\">\n\t\t\n\n<p>CONDIVIDI LA NEWS<\/p>\n\t\t\t<\/div>\n\t\n<div class=\"is-divider divider clearfix\" style=\"margin-top:2rem;margin-bottom:2rem;max-width:100%;height:1px;background-color:rgba(112, 112, 112, 0.302);\"><\/div>\n\n\t<div class=\"img has-hover socialshare_icon linkedin x md-x lg-x y md-y lg-y\" id=\"image_214012730\">\n\t\t\t\t\t\t\t\t<div class=\"img-inner dark\" >\n\t\t\t<img loading=\"lazy\" decoding=\"async\" width=\"1\" height=\"1\" src=\"https:\/\/www.italtel.com\/wp-content\/uploads\/2024\/09\/Linkedin-icon.svg\" class=\"attachment-large size-large\" alt=\"Linkedin-icon\" \/>\t\t\t\t\t\t\n\t\t\t\t\t<\/div>\n\t\t\t\t\t\t\t\t\n<style>\n#image_214012730 {\n  width: 100%;\n}\n<\/style>\n\t<\/div>\n\t\n\n\t<div class=\"img has-hover socialshare_icon instagram x md-x lg-x y md-y lg-y\" id=\"image_1482730763\">\n\t\t\t\t\t\t\t\t<div class=\"img-inner dark\" >\n\t\t\t<img loading=\"lazy\" decoding=\"async\" width=\"27\" height=\"27\" src=\"https:\/\/www.italtel.com\/wp-content\/uploads\/2024\/07\/Raggruppa-12942.png\" class=\"attachment-large size-large\" alt=\"Instagram icon\" \/>\t\t\t\t\t\t\n\t\t\t\t\t<\/div>\n\t\t\t\t\t\t\t\t\n<style>\n#image_1482730763 {\n  width: 100%;\n}\n<\/style>\n\t<\/div>\n\t\n\n\t<div class=\"img has-hover socialshare_icon ex x md-x lg-x y md-y lg-y\" id=\"image_299882882\">\n\t\t\t\t\t\t\t\t<div class=\"img-inner dark\" >\n\t\t\t<img loading=\"lazy\" decoding=\"async\" width=\"1\" height=\"1\" src=\"https:\/\/www.italtel.com\/wp-content\/uploads\/2024\/09\/X-icon.svg\" class=\"attachment-large size-large\" alt=\"X-icon\" \/>\t\t\t\t\t\t\n\t\t\t\t\t<\/div>\n\t\t\t\t\t\t\t\t\n<style>\n#image_299882882 {\n  width: 100%;\n}\n<\/style>\n\t<\/div>\n\t\n\n\n\t\t<\/div>\n\t\t<\/div><\/div>\t\t\n<style>\n#col-529962129 > .is-sticky-column > .is-sticky-column__inner > .col-inner {\n  padding: 6rem 0px 0px 0px;\n}\n<\/style>\n\t<\/div>\n\n\t\n\n<\/div>\n\n","protected":false},"excerpt":{"rendered":"","protected":false},"author":6,"featured_media":73867,"comment_status":"closed","ping_status":"closed","sticky":false,"template":"","format":"standard","meta":{"footnotes":""},"categories":[394,803],"tags":[],"class_list":["post-73872","post","type-post","status-publish","format-standard","has-post-thumbnail","hentry","category-focus-it","category-interview-it"],"yoast_head":"<!-- This site is optimized with the Yoast SEO plugin v27.4 - https:\/\/yoast.com\/product\/yoast-seo-wordpress\/ -->\n<title>Sara Mileo: crescere tra studio e lavoro. La mia storia in Italtel - Italtel<\/title>\n<meta name=\"robots\" content=\"index, follow, max-snippet:-1, max-image-preview:large, max-video-preview:-1\" \/>\n<link rel=\"canonical\" href=\"https:\/\/www.italtel.com\/it\/sara-mileo-growing-up-between-study-and-work-my-story-at-italtel\/\" \/>\n<meta property=\"og:locale\" content=\"it_IT\" \/>\n<meta property=\"og:type\" content=\"article\" \/>\n<meta property=\"og:title\" content=\"Sara Mileo: crescere tra studio e lavoro. La mia storia in Italtel - Italtel\" \/>\n<meta property=\"og:url\" content=\"https:\/\/www.italtel.com\/it\/sara-mileo-growing-up-between-study-and-work-my-story-at-italtel\/\" \/>\n<meta property=\"og:site_name\" content=\"Italtel\" \/>\n<meta property=\"article:published_time\" content=\"2025-04-28T05:43:12+00:00\" \/>\n<meta property=\"article:modified_time\" content=\"2025-04-28T13:15:45+00:00\" \/>\n<meta property=\"og:image\" content=\"https:\/\/www.italtel.com\/wp-content\/uploads\/2025\/04\/saramileo_Marco_sito.webp\" \/>\n\t<meta property=\"og:image:width\" content=\"1920\" \/>\n\t<meta property=\"og:image:height\" content=\"1081\" \/>\n\t<meta property=\"og:image:type\" content=\"image\/webp\" \/>\n<meta name=\"author\" content=\"Daniela Fontana\" \/>\n<meta name=\"twitter:card\" content=\"summary_large_image\" \/>\n<meta name=\"twitter:creator\" content=\"@Italtel\" \/>\n<meta name=\"twitter:site\" content=\"@Italtel\" \/>\n<meta name=\"twitter:label1\" content=\"Scritto da\" \/>\n\t<meta name=\"twitter:data1\" content=\"Daniela Fontana\" \/>\n\t<meta name=\"twitter:label2\" content=\"Tempo di lettura stimato\" \/>\n\t<meta name=\"twitter:data2\" content=\"5 minuti\" \/>\n<script type=\"application\/ld+json\" class=\"yoast-schema-graph\">{\"@context\":\"https:\\\/\\\/schema.org\",\"@graph\":[{\"@type\":\"Article\",\"@id\":\"https:\\\/\\\/www.italtel.com\\\/it\\\/sara-mileo-growing-up-between-study-and-work-my-story-at-italtel\\\/#article\",\"isPartOf\":{\"@id\":\"https:\\\/\\\/www.italtel.com\\\/it\\\/sara-mileo-growing-up-between-study-and-work-my-story-at-italtel\\\/\"},\"author\":{\"name\":\"Daniela Fontana\",\"@id\":\"https:\\\/\\\/www.italtel.com\\\/de\\\/#\\\/schema\\\/person\\\/38f315d5a978255f0cf320055bad5afe\"},\"headline\":\"Sara Mileo: crescere tra studio e lavoro. La mia storia in Italtel\",\"datePublished\":\"2025-04-28T05:43:12+00:00\",\"dateModified\":\"2025-04-28T13:15:45+00:00\",\"mainEntityOfPage\":{\"@id\":\"https:\\\/\\\/www.italtel.com\\\/it\\\/sara-mileo-growing-up-between-study-and-work-my-story-at-italtel\\\/\"},\"wordCount\":1086,\"publisher\":{\"@id\":\"https:\\\/\\\/www.italtel.com\\\/de\\\/#organization\"},\"image\":{\"@id\":\"https:\\\/\\\/www.italtel.com\\\/it\\\/sara-mileo-growing-up-between-study-and-work-my-story-at-italtel\\\/#primaryimage\"},\"thumbnailUrl\":\"https:\\\/\\\/www.italtel.com\\\/wp-content\\\/uploads\\\/2025\\\/04\\\/saramileo_Marco_sito.webp\",\"articleSection\":[\"Focus\",\"Interview\"],\"inLanguage\":\"it-IT\"},{\"@type\":\"WebPage\",\"@id\":\"https:\\\/\\\/www.italtel.com\\\/it\\\/sara-mileo-growing-up-between-study-and-work-my-story-at-italtel\\\/\",\"url\":\"https:\\\/\\\/www.italtel.com\\\/it\\\/sara-mileo-growing-up-between-study-and-work-my-story-at-italtel\\\/\",\"name\":\"Sara Mileo: crescere tra studio e lavoro. La mia storia in Italtel - Italtel\",\"isPartOf\":{\"@id\":\"https:\\\/\\\/www.italtel.com\\\/de\\\/#website\"},\"primaryImageOfPage\":{\"@id\":\"https:\\\/\\\/www.italtel.com\\\/it\\\/sara-mileo-growing-up-between-study-and-work-my-story-at-italtel\\\/#primaryimage\"},\"image\":{\"@id\":\"https:\\\/\\\/www.italtel.com\\\/it\\\/sara-mileo-growing-up-between-study-and-work-my-story-at-italtel\\\/#primaryimage\"},\"thumbnailUrl\":\"https:\\\/\\\/www.italtel.com\\\/wp-content\\\/uploads\\\/2025\\\/04\\\/saramileo_Marco_sito.webp\",\"datePublished\":\"2025-04-28T05:43:12+00:00\",\"dateModified\":\"2025-04-28T13:15:45+00:00\",\"breadcrumb\":{\"@id\":\"https:\\\/\\\/www.italtel.com\\\/it\\\/sara-mileo-growing-up-between-study-and-work-my-story-at-italtel\\\/#breadcrumb\"},\"inLanguage\":\"it-IT\",\"potentialAction\":[{\"@type\":\"ReadAction\",\"target\":[\"https:\\\/\\\/www.italtel.com\\\/it\\\/sara-mileo-growing-up-between-study-and-work-my-story-at-italtel\\\/\"]}]},{\"@type\":\"ImageObject\",\"inLanguage\":\"it-IT\",\"@id\":\"https:\\\/\\\/www.italtel.com\\\/it\\\/sara-mileo-growing-up-between-study-and-work-my-story-at-italtel\\\/#primaryimage\",\"url\":\"https:\\\/\\\/www.italtel.com\\\/wp-content\\\/uploads\\\/2025\\\/04\\\/saramileo_Marco_sito.webp\",\"contentUrl\":\"https:\\\/\\\/www.italtel.com\\\/wp-content\\\/uploads\\\/2025\\\/04\\\/saramileo_Marco_sito.webp\",\"width\":1920,\"height\":1081,\"caption\":\"Sara Mileo\"},{\"@type\":\"BreadcrumbList\",\"@id\":\"https:\\\/\\\/www.italtel.com\\\/it\\\/sara-mileo-growing-up-between-study-and-work-my-story-at-italtel\\\/#breadcrumb\",\"itemListElement\":[{\"@type\":\"ListItem\",\"position\":1,\"name\":\"Home\",\"item\":\"https:\\\/\\\/www.italtel.com\\\/it\\\/\"},{\"@type\":\"ListItem\",\"position\":2,\"name\":\"Sara Mileo: crescere tra studio e lavoro. La mia storia in Italtel\"}]},{\"@type\":\"WebSite\",\"@id\":\"https:\\\/\\\/www.italtel.com\\\/de\\\/#website\",\"url\":\"https:\\\/\\\/www.italtel.com\\\/de\\\/\",\"name\":\"Italtel\",\"description\":\"Italtel Group&#039;s company website\",\"publisher\":{\"@id\":\"https:\\\/\\\/www.italtel.com\\\/de\\\/#organization\"},\"potentialAction\":[{\"@type\":\"SearchAction\",\"target\":{\"@type\":\"EntryPoint\",\"urlTemplate\":\"https:\\\/\\\/www.italtel.com\\\/de\\\/?s={search_term_string}\"},\"query-input\":{\"@type\":\"PropertyValueSpecification\",\"valueRequired\":true,\"valueName\":\"search_term_string\"}}],\"inLanguage\":\"it-IT\"},{\"@type\":\"Organization\",\"@id\":\"https:\\\/\\\/www.italtel.com\\\/de\\\/#organization\",\"name\":\"Italtel S.p.A.\",\"url\":\"https:\\\/\\\/www.italtel.com\\\/de\\\/\",\"logo\":{\"@type\":\"ImageObject\",\"inLanguage\":\"it-IT\",\"@id\":\"https:\\\/\\\/www.italtel.com\\\/de\\\/#\\\/schema\\\/logo\\\/image\\\/\",\"url\":\"https:\\\/\\\/www.italtel.com\\\/wp-content\\\/uploads\\\/2024\\\/11\\\/Italtel_logo.png\",\"contentUrl\":\"https:\\\/\\\/www.italtel.com\\\/wp-content\\\/uploads\\\/2024\\\/11\\\/Italtel_logo.png\",\"width\":591,\"height\":139,\"caption\":\"Italtel S.p.A.\"},\"image\":{\"@id\":\"https:\\\/\\\/www.italtel.com\\\/de\\\/#\\\/schema\\\/logo\\\/image\\\/\"},\"sameAs\":[\"https:\\\/\\\/x.com\\\/Italtel\",\"https:\\\/\\\/www.linkedin.com\\\/company\\\/italtel\\\/\",\"https:\\\/\\\/www.instagram.com\\\/italtel_hq\\\/\"]},{\"@type\":\"Person\",\"@id\":\"https:\\\/\\\/www.italtel.com\\\/de\\\/#\\\/schema\\\/person\\\/38f315d5a978255f0cf320055bad5afe\",\"name\":\"Daniela Fontana\",\"image\":{\"@type\":\"ImageObject\",\"inLanguage\":\"it-IT\",\"@id\":\"https:\\\/\\\/secure.gravatar.com\\\/avatar\\\/834a03b0c73144a8ca36e17dc365b3fbadb34c9e44399b609a00f2231e694f6a?s=96&d=mm&r=g\",\"url\":\"https:\\\/\\\/secure.gravatar.com\\\/avatar\\\/834a03b0c73144a8ca36e17dc365b3fbadb34c9e44399b609a00f2231e694f6a?s=96&d=mm&r=g\",\"contentUrl\":\"https:\\\/\\\/secure.gravatar.com\\\/avatar\\\/834a03b0c73144a8ca36e17dc365b3fbadb34c9e44399b609a00f2231e694f6a?s=96&d=mm&r=g\",\"caption\":\"Daniela Fontana\"}}]}<\/script>\n<!-- \/ Yoast SEO plugin. -->","yoast_head_json":{"title":"Sara Mileo: crescere tra studio e lavoro. La mia storia in Italtel - Italtel","robots":{"index":"index","follow":"follow","max-snippet":"max-snippet:-1","max-image-preview":"max-image-preview:large","max-video-preview":"max-video-preview:-1"},"canonical":"https:\/\/www.italtel.com\/it\/sara-mileo-growing-up-between-study-and-work-my-story-at-italtel\/","og_locale":"it_IT","og_type":"article","og_title":"Sara Mileo: crescere tra studio e lavoro. La mia storia in Italtel - Italtel","og_url":"https:\/\/www.italtel.com\/it\/sara-mileo-growing-up-between-study-and-work-my-story-at-italtel\/","og_site_name":"Italtel","article_published_time":"2025-04-28T05:43:12+00:00","article_modified_time":"2025-04-28T13:15:45+00:00","og_image":[{"width":1920,"height":1081,"url":"https:\/\/www.italtel.com\/wp-content\/uploads\/2025\/04\/saramileo_Marco_sito.webp","type":"image\/webp"}],"author":"Daniela Fontana","twitter_card":"summary_large_image","twitter_creator":"@Italtel","twitter_site":"@Italtel","twitter_misc":{"Scritto da":"Daniela Fontana","Tempo di lettura stimato":"5 minuti"},"schema":{"@context":"https:\/\/schema.org","@graph":[{"@type":"Article","@id":"https:\/\/www.italtel.com\/it\/sara-mileo-growing-up-between-study-and-work-my-story-at-italtel\/#article","isPartOf":{"@id":"https:\/\/www.italtel.com\/it\/sara-mileo-growing-up-between-study-and-work-my-story-at-italtel\/"},"author":{"name":"Daniela Fontana","@id":"https:\/\/www.italtel.com\/de\/#\/schema\/person\/38f315d5a978255f0cf320055bad5afe"},"headline":"Sara Mileo: crescere tra studio e lavoro. La mia storia in Italtel","datePublished":"2025-04-28T05:43:12+00:00","dateModified":"2025-04-28T13:15:45+00:00","mainEntityOfPage":{"@id":"https:\/\/www.italtel.com\/it\/sara-mileo-growing-up-between-study-and-work-my-story-at-italtel\/"},"wordCount":1086,"publisher":{"@id":"https:\/\/www.italtel.com\/de\/#organization"},"image":{"@id":"https:\/\/www.italtel.com\/it\/sara-mileo-growing-up-between-study-and-work-my-story-at-italtel\/#primaryimage"},"thumbnailUrl":"https:\/\/www.italtel.com\/wp-content\/uploads\/2025\/04\/saramileo_Marco_sito.webp","articleSection":["Focus","Interview"],"inLanguage":"it-IT"},{"@type":"WebPage","@id":"https:\/\/www.italtel.com\/it\/sara-mileo-growing-up-between-study-and-work-my-story-at-italtel\/","url":"https:\/\/www.italtel.com\/it\/sara-mileo-growing-up-between-study-and-work-my-story-at-italtel\/","name":"Sara Mileo: crescere tra studio e lavoro. La mia storia in Italtel - Italtel","isPartOf":{"@id":"https:\/\/www.italtel.com\/de\/#website"},"primaryImageOfPage":{"@id":"https:\/\/www.italtel.com\/it\/sara-mileo-growing-up-between-study-and-work-my-story-at-italtel\/#primaryimage"},"image":{"@id":"https:\/\/www.italtel.com\/it\/sara-mileo-growing-up-between-study-and-work-my-story-at-italtel\/#primaryimage"},"thumbnailUrl":"https:\/\/www.italtel.com\/wp-content\/uploads\/2025\/04\/saramileo_Marco_sito.webp","datePublished":"2025-04-28T05:43:12+00:00","dateModified":"2025-04-28T13:15:45+00:00","breadcrumb":{"@id":"https:\/\/www.italtel.com\/it\/sara-mileo-growing-up-between-study-and-work-my-story-at-italtel\/#breadcrumb"},"inLanguage":"it-IT","potentialAction":[{"@type":"ReadAction","target":["https:\/\/www.italtel.com\/it\/sara-mileo-growing-up-between-study-and-work-my-story-at-italtel\/"]}]},{"@type":"ImageObject","inLanguage":"it-IT","@id":"https:\/\/www.italtel.com\/it\/sara-mileo-growing-up-between-study-and-work-my-story-at-italtel\/#primaryimage","url":"https:\/\/www.italtel.com\/wp-content\/uploads\/2025\/04\/saramileo_Marco_sito.webp","contentUrl":"https:\/\/www.italtel.com\/wp-content\/uploads\/2025\/04\/saramileo_Marco_sito.webp","width":1920,"height":1081,"caption":"Sara Mileo"},{"@type":"BreadcrumbList","@id":"https:\/\/www.italtel.com\/it\/sara-mileo-growing-up-between-study-and-work-my-story-at-italtel\/#breadcrumb","itemListElement":[{"@type":"ListItem","position":1,"name":"Home","item":"https:\/\/www.italtel.com\/it\/"},{"@type":"ListItem","position":2,"name":"Sara Mileo: crescere tra studio e lavoro. La mia storia in Italtel"}]},{"@type":"WebSite","@id":"https:\/\/www.italtel.com\/de\/#website","url":"https:\/\/www.italtel.com\/de\/","name":"Italtel","description":"Italtel Group&#039;s company website","publisher":{"@id":"https:\/\/www.italtel.com\/de\/#organization"},"potentialAction":[{"@type":"SearchAction","target":{"@type":"EntryPoint","urlTemplate":"https:\/\/www.italtel.com\/de\/?s={search_term_string}"},"query-input":{"@type":"PropertyValueSpecification","valueRequired":true,"valueName":"search_term_string"}}],"inLanguage":"it-IT"},{"@type":"Organization","@id":"https:\/\/www.italtel.com\/de\/#organization","name":"Italtel S.p.A.","url":"https:\/\/www.italtel.com\/de\/","logo":{"@type":"ImageObject","inLanguage":"it-IT","@id":"https:\/\/www.italtel.com\/de\/#\/schema\/logo\/image\/","url":"https:\/\/www.italtel.com\/wp-content\/uploads\/2024\/11\/Italtel_logo.png","contentUrl":"https:\/\/www.italtel.com\/wp-content\/uploads\/2024\/11\/Italtel_logo.png","width":591,"height":139,"caption":"Italtel S.p.A."},"image":{"@id":"https:\/\/www.italtel.com\/de\/#\/schema\/logo\/image\/"},"sameAs":["https:\/\/x.com\/Italtel","https:\/\/www.linkedin.com\/company\/italtel\/","https:\/\/www.instagram.com\/italtel_hq\/"]},{"@type":"Person","@id":"https:\/\/www.italtel.com\/de\/#\/schema\/person\/38f315d5a978255f0cf320055bad5afe","name":"Daniela Fontana","image":{"@type":"ImageObject","inLanguage":"it-IT","@id":"https:\/\/secure.gravatar.com\/avatar\/834a03b0c73144a8ca36e17dc365b3fbadb34c9e44399b609a00f2231e694f6a?s=96&d=mm&r=g","url":"https:\/\/secure.gravatar.com\/avatar\/834a03b0c73144a8ca36e17dc365b3fbadb34c9e44399b609a00f2231e694f6a?s=96&d=mm&r=g","contentUrl":"https:\/\/secure.gravatar.com\/avatar\/834a03b0c73144a8ca36e17dc365b3fbadb34c9e44399b609a00f2231e694f6a?s=96&d=mm&r=g","caption":"Daniela Fontana"}}]}},"_links":{"self":[{"href":"https:\/\/www.italtel.com\/it\/wp-json\/wp\/v2\/posts\/73872","targetHints":{"allow":["GET"]}}],"collection":[{"href":"https:\/\/www.italtel.com\/it\/wp-json\/wp\/v2\/posts"}],"about":[{"href":"https:\/\/www.italtel.com\/it\/wp-json\/wp\/v2\/types\/post"}],"author":[{"embeddable":true,"href":"https:\/\/www.italtel.com\/it\/wp-json\/wp\/v2\/users\/6"}],"replies":[{"embeddable":true,"href":"https:\/\/www.italtel.com\/it\/wp-json\/wp\/v2\/comments?post=73872"}],"version-history":[{"count":10,"href":"https:\/\/www.italtel.com\/it\/wp-json\/wp\/v2\/posts\/73872\/revisions"}],"predecessor-version":[{"id":73885,"href":"https:\/\/www.italtel.com\/it\/wp-json\/wp\/v2\/posts\/73872\/revisions\/73885"}],"wp:featuredmedia":[{"embeddable":true,"href":"https:\/\/www.italtel.com\/it\/wp-json\/wp\/v2\/media\/73867"}],"wp:attachment":[{"href":"https:\/\/www.italtel.com\/it\/wp-json\/wp\/v2\/media?parent=73872"}],"wp:term":[{"taxonomy":"category","embeddable":true,"href":"https:\/\/www.italtel.com\/it\/wp-json\/wp\/v2\/categories?post=73872"},{"taxonomy":"post_tag","embeddable":true,"href":"https:\/\/www.italtel.com\/it\/wp-json\/wp\/v2\/tags?post=73872"}],"curies":[{"name":"wp","href":"https:\/\/api.w.org\/{rel}","templated":true}]}}