{"id":73994,"date":"2025-05-07T10:18:50","date_gmt":"2025-05-07T08:18:50","guid":{"rendered":"https:\/\/www.italtel.com\/?p=73994"},"modified":"2025-05-07T10:33:20","modified_gmt":"2025-05-07T08:33:20","slug":"tre-domande-a-luca-greco-ciso-di-italtel-la-sicurezza-informatica-e-un-pilastro-strategico-dellinnovazione","status":"publish","type":"post","link":"https:\/\/www.italtel.com\/it\/tre-domande-a-luca-greco-ciso-di-italtel-la-sicurezza-informatica-e-un-pilastro-strategico-dellinnovazione\/","title":{"rendered":"Tre domande a Luca Greco, CISO di Italtel: \u201cLa sicurezza informatica \u00e8 un pilastro strategico dell\u2019innovazione\u201d"},"content":{"rendered":"\n<div class=\"row\"  id=\"row-2117168096\">\n\n\n\t<div id=\"col-1260449240\" class=\"col medium-9 small-12 large-9\"  >\n\t\t\t\t<div class=\"col-inner\"  >\n\t\t\t\n\t\t\t\n\n\t<div id=\"text-724826273\" class=\"text fontsize_32 color_black\">\n\t\t\n\n<h2>1) Qual \u00e8 il ruolo del Chief Information Security Officer (CISO) in una realt\u00e0 complessa come Italtel, system integrator e sviluppatore di soluzioni digitali?<\/h2>\n\n\t\t\t<\/div>\n\t\n\t<div id=\"text-147046946\" class=\"text fontsize_18 color_black\">\n\t\t\n\n<p>In Italtel il ruolo del CISO \u00e8 centrale e strategico. Si sviluppa a partire dalla governance, alla gestione del rischio e alla compliance, fino al supporto della definizione dei controlli tecnici dei sistemi, come security advisor dei miei colleghi.<\/p>\n<p>La mia responsabilit\u00e0 principale \u00e8 definire, implementare e mantenere una strategia di sicurezza informatica coerente con gli obiettivi di business.<\/p>\n<p>Gestisco la conformit\u00e0 normativa, con particolare attenzione a direttive europee come NIS2 e DORA, e coordino la revisione di policy, procedure e controlli, anche in ambito contrattuale. Essendo un system integrator, Italtel si colloca in una posizione privilegiata tra tecnologia e mercato: da un lato dialoghiamo con i fornitori, dall\u2019altro supportiamo i clienti nella loro trasformazione digitale. Questo duplice ruolo rende la funzione del CISO ancora pi\u00f9 critica, anche in termini di comunicazione con la direzione, auditing e valutazione dei rischi esterni e interni.<\/p>\n\t\t\t<\/div>\n\t\n\t<div id=\"text-143474152\" class=\"text fontsize_32 color_black\">\n\t\t\n\n<h2>2) Come affronti la protezione dell\u2019infrastruttura della tua azienda dalle minacce informatiche?<\/h2>\n\t\t\t<\/div>\n\t\n\t<div id=\"text-3354422820\" class=\"text fontsize_18 color_black\">\n\t\t\n\n<p>Sembrer\u00e0 scontato (e non lo \u00e8), ma il primo passo \u00e8 avere piena visibilit\u00e0 degli asset in rete, verificarne periodicamente lo stato, alla ricerca di eventuali componenti non censite (shadow IT).<\/p>\n<p>La seconda attivit\u00e0 mira a verificare il perimetro dell&#8217;infrastruttura, includendo sia la parte interna che esterna (ad esempio leggi e cloud), al fine di comprendere la superficie esterna di esposizione.<\/p>\n<p>Il passo successivo consiste nell\u2019implementazione dei controlli specifici standard: firewalling, sistemi di rilevamento delle intrusioni (NDR), e segmentazione della rete sono passaggi essenziali, insieme al Vulnerability Management e alla conduzione di Penetration Test periodici. Spesso sottovalutata, una componente chiave \u00e8 l\u2019installazione di agent (sia XRD, EDR, client di SIEM o altro) su ogni server per abilitare e velocizzare tutte le analisi in caso di possibile o avvenuta compromissione.<\/p>\n<p>Tutto questo si integra con una solida gestione delle identit\u00e0 e degli accessi (aziendali e dei fornitori), secondo il principio del minimo privilegio, implementando meccanismi di MFA (Multi-Factor Authentication).<\/p>\n<p>A queste attivit\u00e0 progettuali deve essere affiancata un\u2019attivit\u00e0 costante di monitoraggio e analisi tramite piattaforme SIEM (Security Information and Event Management), che permettano di individuare anomalie e comportamenti sospetti in tempo reale. Questo presuppone che a livello aziendale siano stati strutturati processi di incident response, aggiornati e testati regolarmente.<\/p>\n<p>Infine, implementerei una soluzione di Threat Intelligence per migliorare la rilevazione degli incidenti e per comprendere la tipologia di minacce specifiche che potrebbero colpire l\u2019azienda.<\/p>\n\t\t\t<\/div>\n\t\n\t<div id=\"text-201608918\" class=\"text fontsize_32 color_black\">\n\t\t\n\n<h2>3) Quali strategie stai adottando per rafforzare la cultura della sicurezza e gestire i rischi nella supply chain?<\/h2>\n\t\t\t<\/div>\n\t\n\t<div id=\"text-3275993106\" class=\"text fontsize_18 color_black\">\n\t\t\n\n<p>La gestione della supply chain \u00e8 questione fondamentale e sul tavolo della sicurezza da diversi anni, ancora prima del recepimento delle direttive DORA o NIS2.<\/p>\n<p>Le normative rafforzano la priorit\u00e0 di questa gestione introducendo la responsabilit\u00e0 anche della propria catena di fornitura e, di conseguenza, alzando priorit\u00e0 e attenzione su questa gestione.<\/p>\n<p>Dal mio punto di vista, agisco secondo due paradigmi: di Governance (il primario) e Tecnologico.<\/p>\n<p>Dal punto di vista della Governance, ho la necessit\u00e0 di veicolare le nuove richieste di cybersecurity per via contrattuale, quindi operando a stretto contatto con il team Legal e Procurement. La revisione prevede la creazione di addendum specifici di sicurezza da applicare agli standard contrattuali attualmente in uso.<\/p>\n<p>Ma l\u2019attivit\u00e0 contrattuale non avrebbe un impatto efficace se non fosse affiancata da un\u2019attivit\u00e0 di auditing dei fornitori. Tanto pi\u00f9 questa verifica sar\u00e0 accurata, maggiore il risultato di attenzione alla sicurezza dei nostri partner.<\/p>\n<p>In ultimo, se non gi\u00e0 presente, occorre lavorare insieme al team del Procurementper definire e classificare l\u2019importanza dei propri fornitori per averne una scala gerarchica.<\/p>\n<p>Dal punto di vista tecnico, possiamo lavorare su due fronti:<\/p>\n<ul>\n<li>Interno: di accesso, controllo e verifica delle attivit\u00e0 dei fornitori sulla mia rete, attraverso le classiche attivit\u00e0 di segmentazione, least privilege access, MFA, etc\u2026. Questo per isolare ogni singolo fornitore al proprio ambito di competenza;<\/li>\n<li>Pubblico: attraverso l\u2019utilizzo della Cyber Threat Intelligence (CTI) per valutare lo stato di postura pubblica che ha il mio partner. Chiaramente, non \u00e8 un metro di valutazione della reale sicurezza del fornitore, ma un proxy per la valutazione dell\u2019attenzione alla sicurezza in generale.<\/li>\n<\/ul>\n<p>L\u2019unione della classificazione per importanza dei fornitori con la scala di sicurezza ipotetica proveniente dalla CTI d\u00e0 luogo a una matrice complessiva del rischio che ci pu\u00f2 aiutare nella selezione dei fornitori da attenzionare in primis.<\/p>\n<p>In un contesto in cui la sicurezza \u00e8 parte integrante della strategia aziendale, costruire una cultura solida, condivisa e verificabile \u00e8 il primo vero fattore abilitante per innovare in modo sostenibile.<\/p>\n\t\t\t<\/div>\n\t\n\n\t\t<\/div>\n\t\t\t\t\n<style>\n#col-1260449240 > .col-inner {\n  padding: 6rem 11rem 0px 0px;\n}\n<\/style>\n\t<\/div>\n\n\t\n\n\t<div id=\"col-473318481\" class=\"col sibebar_col medium-3 small-12 large-3\"  >\n\t\t<div class=\"is-sticky-column\"><div class=\"is-sticky-column__inner\">\t\t<div class=\"col-inner\"  >\n\t\t\t\n\t\t\t\n\n\t<div id=\"text-122857245\" class=\"text fontsize_16 color_black fontweight_500\">\n\t\t\n\nTECH KEYWORDS\n\t\t\t<\/div>\n\t\n<div class=\"is-divider divider clearfix\" style=\"margin-top:2rem;margin-bottom:2rem;max-width:100%;height:1px;background-color:rgba(112, 112, 112, 0.302);\"><\/div>\n\n\t<div id=\"text-4189523524\" class=\"text fontsize_18 color_black\">\n\t\t\n\n<p>SICUREZZA INFORMATICA<\/p>\n\t\t\t<\/div>\n\t\n<div class=\"is-divider divider clearfix\" style=\"margin-top:2rem;margin-bottom:2rem;max-width:100%;height:1px;background-color:rgba(112, 112, 112, 0.302);\"><\/div>\n\n\t<div id=\"text-2464604349\" class=\"text fontsize_18 color_black\">\n\t\t\n\n<p>GESTIIONE DELLA SUPPLY CHAIN<\/p>\n\t\t\t<\/div>\n\t\n\t<div id=\"gap-154151073\" class=\"gap-element clearfix\" style=\"display:block; height:auto;\">\n\t\t\n<style>\n#gap-154151073 {\n  padding-top: 13rem;\n}\n<\/style>\n\t<\/div>\n\t\n\n\t<div id=\"text-215732711\" class=\"text fontsize_16 color_black fontweight_500\">\n\t\t\n\n<p>CONDIVIDI LA NEWS<\/p>\n\t\t\t<\/div>\n\t\n<div class=\"is-divider divider clearfix\" style=\"margin-top:2rem;margin-bottom:2rem;max-width:100%;height:1px;background-color:rgba(112, 112, 112, 0.302);\"><\/div>\n\n\t<div class=\"img has-hover socialshare_icon linkedin x md-x lg-x y md-y lg-y\" id=\"image_2128017878\">\n\t\t\t\t\t\t\t\t<div class=\"img-inner dark\" >\n\t\t\t<img loading=\"lazy\" decoding=\"async\" width=\"1\" height=\"1\" src=\"https:\/\/www.italtel.com\/wp-content\/uploads\/2024\/09\/Linkedin-icon.svg\" class=\"attachment-large size-large\" alt=\"Linkedin-icon\" \/>\t\t\t\t\t\t\n\t\t\t\t\t<\/div>\n\t\t\t\t\t\t\t\t\n<style>\n#image_2128017878 {\n  width: 100%;\n}\n<\/style>\n\t<\/div>\n\t\n\n\t<div class=\"img has-hover socialshare_icon instagram x md-x lg-x y md-y lg-y\" id=\"image_604104929\">\n\t\t\t\t\t\t\t\t<div class=\"img-inner dark\" >\n\t\t\t<img loading=\"lazy\" decoding=\"async\" width=\"27\" height=\"27\" src=\"https:\/\/www.italtel.com\/wp-content\/uploads\/2024\/07\/Raggruppa-12942.png\" class=\"attachment-large size-large\" alt=\"Instagram icon\" \/>\t\t\t\t\t\t\n\t\t\t\t\t<\/div>\n\t\t\t\t\t\t\t\t\n<style>\n#image_604104929 {\n  width: 100%;\n}\n<\/style>\n\t<\/div>\n\t\n\n\t<div class=\"img has-hover socialshare_icon ex x md-x lg-x y md-y lg-y\" id=\"image_814503486\">\n\t\t\t\t\t\t\t\t<div class=\"img-inner dark\" >\n\t\t\t<img loading=\"lazy\" decoding=\"async\" width=\"1\" height=\"1\" src=\"https:\/\/www.italtel.com\/wp-content\/uploads\/2024\/09\/X-icon.svg\" class=\"attachment-large size-large\" alt=\"X-icon\" \/>\t\t\t\t\t\t\n\t\t\t\t\t<\/div>\n\t\t\t\t\t\t\t\t\n<style>\n#image_814503486 {\n  width: 100%;\n}\n<\/style>\n\t<\/div>\n\t\n\n\n\t\t<\/div>\n\t\t<\/div><\/div>\t\t\n<style>\n#col-473318481 > .is-sticky-column > .is-sticky-column__inner > .col-inner {\n  padding: 6rem 0px 0px 0px;\n}\n<\/style>\n\t<\/div>\n\n\t\n\n<\/div>\n\n","protected":false},"excerpt":{"rendered":"","protected":false},"author":6,"featured_media":73959,"comment_status":"closed","ping_status":"closed","sticky":false,"template":"","format":"standard","meta":{"footnotes":""},"categories":[394,803],"tags":[953],"class_list":["post-73994","post","type-post","status-publish","format-standard","has-post-thumbnail","hentry","category-focus-it","category-interview-it","tag-company-it"],"yoast_head":"<!-- This site is optimized with the Yoast SEO plugin v27.4 - https:\/\/yoast.com\/product\/yoast-seo-wordpress\/ -->\n<title>Tre domande a Luca Greco, CISO di Italtel: \u201cLa sicurezza informatica \u00e8 un pilastro strategico dell\u2019innovazione\u201d - Italtel<\/title>\n<meta name=\"robots\" content=\"index, follow, max-snippet:-1, max-image-preview:large, max-video-preview:-1\" \/>\n<link rel=\"canonical\" href=\"https:\/\/www.italtel.com\/it\/tre-domande-a-luca-greco-ciso-di-italtel-la-sicurezza-informatica-e-un-pilastro-strategico-dellinnovazione\/\" \/>\n<meta property=\"og:locale\" content=\"it_IT\" \/>\n<meta property=\"og:type\" content=\"article\" \/>\n<meta property=\"og:title\" content=\"Tre domande a Luca Greco, CISO di Italtel: \u201cLa sicurezza informatica \u00e8 un pilastro strategico dell\u2019innovazione\u201d - Italtel\" \/>\n<meta property=\"og:url\" content=\"https:\/\/www.italtel.com\/it\/tre-domande-a-luca-greco-ciso-di-italtel-la-sicurezza-informatica-e-un-pilastro-strategico-dellinnovazione\/\" \/>\n<meta property=\"og:site_name\" content=\"Italtel\" \/>\n<meta property=\"article:published_time\" content=\"2025-05-07T08:18:50+00:00\" \/>\n<meta property=\"article:modified_time\" content=\"2025-05-07T08:33:20+00:00\" \/>\n<meta property=\"og:image\" content=\"https:\/\/www.italtel.com\/wp-content\/uploads\/2025\/04\/luca-greco_.webp\" \/>\n\t<meta property=\"og:image:width\" content=\"1980\" \/>\n\t<meta property=\"og:image:height\" content=\"1081\" \/>\n\t<meta property=\"og:image:type\" content=\"image\/webp\" \/>\n<meta name=\"author\" content=\"Daniela Fontana\" \/>\n<meta name=\"twitter:card\" content=\"summary_large_image\" \/>\n<meta name=\"twitter:creator\" content=\"@Italtel\" \/>\n<meta name=\"twitter:site\" content=\"@Italtel\" \/>\n<meta name=\"twitter:label1\" content=\"Scritto da\" \/>\n\t<meta name=\"twitter:data1\" content=\"Daniela Fontana\" \/>\n\t<meta name=\"twitter:label2\" content=\"Tempo di lettura stimato\" \/>\n\t<meta name=\"twitter:data2\" content=\"4 minuti\" \/>\n<script type=\"application\/ld+json\" class=\"yoast-schema-graph\">{\"@context\":\"https:\\\/\\\/schema.org\",\"@graph\":[{\"@type\":\"Article\",\"@id\":\"https:\\\/\\\/www.italtel.com\\\/it\\\/tre-domande-a-luca-greco-ciso-di-italtel-la-sicurezza-informatica-e-un-pilastro-strategico-dellinnovazione\\\/#article\",\"isPartOf\":{\"@id\":\"https:\\\/\\\/www.italtel.com\\\/it\\\/tre-domande-a-luca-greco-ciso-di-italtel-la-sicurezza-informatica-e-un-pilastro-strategico-dellinnovazione\\\/\"},\"author\":{\"name\":\"Daniela Fontana\",\"@id\":\"https:\\\/\\\/www.italtel.com\\\/de\\\/#\\\/schema\\\/person\\\/38f315d5a978255f0cf320055bad5afe\"},\"headline\":\"Tre domande a Luca Greco, CISO di Italtel: \u201cLa sicurezza informatica \u00e8 un pilastro strategico dell\u2019innovazione\u201d\",\"datePublished\":\"2025-05-07T08:18:50+00:00\",\"dateModified\":\"2025-05-07T08:33:20+00:00\",\"mainEntityOfPage\":{\"@id\":\"https:\\\/\\\/www.italtel.com\\\/it\\\/tre-domande-a-luca-greco-ciso-di-italtel-la-sicurezza-informatica-e-un-pilastro-strategico-dellinnovazione\\\/\"},\"wordCount\":942,\"publisher\":{\"@id\":\"https:\\\/\\\/www.italtel.com\\\/de\\\/#organization\"},\"image\":{\"@id\":\"https:\\\/\\\/www.italtel.com\\\/it\\\/tre-domande-a-luca-greco-ciso-di-italtel-la-sicurezza-informatica-e-un-pilastro-strategico-dellinnovazione\\\/#primaryimage\"},\"thumbnailUrl\":\"https:\\\/\\\/www.italtel.com\\\/wp-content\\\/uploads\\\/2025\\\/04\\\/luca-greco_.webp\",\"keywords\":[\"Company\"],\"articleSection\":[\"Focus\",\"Interview\"],\"inLanguage\":\"it-IT\"},{\"@type\":\"WebPage\",\"@id\":\"https:\\\/\\\/www.italtel.com\\\/it\\\/tre-domande-a-luca-greco-ciso-di-italtel-la-sicurezza-informatica-e-un-pilastro-strategico-dellinnovazione\\\/\",\"url\":\"https:\\\/\\\/www.italtel.com\\\/it\\\/tre-domande-a-luca-greco-ciso-di-italtel-la-sicurezza-informatica-e-un-pilastro-strategico-dellinnovazione\\\/\",\"name\":\"Tre domande a Luca Greco, CISO di Italtel: \u201cLa sicurezza informatica \u00e8 un pilastro strategico dell\u2019innovazione\u201d - Italtel\",\"isPartOf\":{\"@id\":\"https:\\\/\\\/www.italtel.com\\\/de\\\/#website\"},\"primaryImageOfPage\":{\"@id\":\"https:\\\/\\\/www.italtel.com\\\/it\\\/tre-domande-a-luca-greco-ciso-di-italtel-la-sicurezza-informatica-e-un-pilastro-strategico-dellinnovazione\\\/#primaryimage\"},\"image\":{\"@id\":\"https:\\\/\\\/www.italtel.com\\\/it\\\/tre-domande-a-luca-greco-ciso-di-italtel-la-sicurezza-informatica-e-un-pilastro-strategico-dellinnovazione\\\/#primaryimage\"},\"thumbnailUrl\":\"https:\\\/\\\/www.italtel.com\\\/wp-content\\\/uploads\\\/2025\\\/04\\\/luca-greco_.webp\",\"datePublished\":\"2025-05-07T08:18:50+00:00\",\"dateModified\":\"2025-05-07T08:33:20+00:00\",\"breadcrumb\":{\"@id\":\"https:\\\/\\\/www.italtel.com\\\/it\\\/tre-domande-a-luca-greco-ciso-di-italtel-la-sicurezza-informatica-e-un-pilastro-strategico-dellinnovazione\\\/#breadcrumb\"},\"inLanguage\":\"it-IT\",\"potentialAction\":[{\"@type\":\"ReadAction\",\"target\":[\"https:\\\/\\\/www.italtel.com\\\/it\\\/tre-domande-a-luca-greco-ciso-di-italtel-la-sicurezza-informatica-e-un-pilastro-strategico-dellinnovazione\\\/\"]}]},{\"@type\":\"ImageObject\",\"inLanguage\":\"it-IT\",\"@id\":\"https:\\\/\\\/www.italtel.com\\\/it\\\/tre-domande-a-luca-greco-ciso-di-italtel-la-sicurezza-informatica-e-un-pilastro-strategico-dellinnovazione\\\/#primaryimage\",\"url\":\"https:\\\/\\\/www.italtel.com\\\/wp-content\\\/uploads\\\/2025\\\/04\\\/luca-greco_.webp\",\"contentUrl\":\"https:\\\/\\\/www.italtel.com\\\/wp-content\\\/uploads\\\/2025\\\/04\\\/luca-greco_.webp\",\"width\":1980,\"height\":1081,\"caption\":\"Luca Greco\"},{\"@type\":\"BreadcrumbList\",\"@id\":\"https:\\\/\\\/www.italtel.com\\\/it\\\/tre-domande-a-luca-greco-ciso-di-italtel-la-sicurezza-informatica-e-un-pilastro-strategico-dellinnovazione\\\/#breadcrumb\",\"itemListElement\":[{\"@type\":\"ListItem\",\"position\":1,\"name\":\"Home\",\"item\":\"https:\\\/\\\/www.italtel.com\\\/it\\\/\"},{\"@type\":\"ListItem\",\"position\":2,\"name\":\"Tre domande a Luca Greco, CISO di Italtel: \u201cLa sicurezza informatica \u00e8 un pilastro strategico dell\u2019innovazione\u201d\"}]},{\"@type\":\"WebSite\",\"@id\":\"https:\\\/\\\/www.italtel.com\\\/de\\\/#website\",\"url\":\"https:\\\/\\\/www.italtel.com\\\/de\\\/\",\"name\":\"Italtel\",\"description\":\"Italtel Group&#039;s company website\",\"publisher\":{\"@id\":\"https:\\\/\\\/www.italtel.com\\\/de\\\/#organization\"},\"potentialAction\":[{\"@type\":\"SearchAction\",\"target\":{\"@type\":\"EntryPoint\",\"urlTemplate\":\"https:\\\/\\\/www.italtel.com\\\/de\\\/?s={search_term_string}\"},\"query-input\":{\"@type\":\"PropertyValueSpecification\",\"valueRequired\":true,\"valueName\":\"search_term_string\"}}],\"inLanguage\":\"it-IT\"},{\"@type\":\"Organization\",\"@id\":\"https:\\\/\\\/www.italtel.com\\\/de\\\/#organization\",\"name\":\"Italtel S.p.A.\",\"url\":\"https:\\\/\\\/www.italtel.com\\\/de\\\/\",\"logo\":{\"@type\":\"ImageObject\",\"inLanguage\":\"it-IT\",\"@id\":\"https:\\\/\\\/www.italtel.com\\\/de\\\/#\\\/schema\\\/logo\\\/image\\\/\",\"url\":\"https:\\\/\\\/www.italtel.com\\\/wp-content\\\/uploads\\\/2024\\\/11\\\/Italtel_logo.png\",\"contentUrl\":\"https:\\\/\\\/www.italtel.com\\\/wp-content\\\/uploads\\\/2024\\\/11\\\/Italtel_logo.png\",\"width\":591,\"height\":139,\"caption\":\"Italtel S.p.A.\"},\"image\":{\"@id\":\"https:\\\/\\\/www.italtel.com\\\/de\\\/#\\\/schema\\\/logo\\\/image\\\/\"},\"sameAs\":[\"https:\\\/\\\/x.com\\\/Italtel\",\"https:\\\/\\\/www.linkedin.com\\\/company\\\/italtel\\\/\",\"https:\\\/\\\/www.instagram.com\\\/italtel_hq\\\/\"]},{\"@type\":\"Person\",\"@id\":\"https:\\\/\\\/www.italtel.com\\\/de\\\/#\\\/schema\\\/person\\\/38f315d5a978255f0cf320055bad5afe\",\"name\":\"Daniela Fontana\",\"image\":{\"@type\":\"ImageObject\",\"inLanguage\":\"it-IT\",\"@id\":\"https:\\\/\\\/secure.gravatar.com\\\/avatar\\\/834a03b0c73144a8ca36e17dc365b3fbadb34c9e44399b609a00f2231e694f6a?s=96&d=mm&r=g\",\"url\":\"https:\\\/\\\/secure.gravatar.com\\\/avatar\\\/834a03b0c73144a8ca36e17dc365b3fbadb34c9e44399b609a00f2231e694f6a?s=96&d=mm&r=g\",\"contentUrl\":\"https:\\\/\\\/secure.gravatar.com\\\/avatar\\\/834a03b0c73144a8ca36e17dc365b3fbadb34c9e44399b609a00f2231e694f6a?s=96&d=mm&r=g\",\"caption\":\"Daniela Fontana\"}}]}<\/script>\n<!-- \/ Yoast SEO plugin. -->","yoast_head_json":{"title":"Tre domande a Luca Greco, CISO di Italtel: \u201cLa sicurezza informatica \u00e8 un pilastro strategico dell\u2019innovazione\u201d - Italtel","robots":{"index":"index","follow":"follow","max-snippet":"max-snippet:-1","max-image-preview":"max-image-preview:large","max-video-preview":"max-video-preview:-1"},"canonical":"https:\/\/www.italtel.com\/it\/tre-domande-a-luca-greco-ciso-di-italtel-la-sicurezza-informatica-e-un-pilastro-strategico-dellinnovazione\/","og_locale":"it_IT","og_type":"article","og_title":"Tre domande a Luca Greco, CISO di Italtel: \u201cLa sicurezza informatica \u00e8 un pilastro strategico dell\u2019innovazione\u201d - Italtel","og_url":"https:\/\/www.italtel.com\/it\/tre-domande-a-luca-greco-ciso-di-italtel-la-sicurezza-informatica-e-un-pilastro-strategico-dellinnovazione\/","og_site_name":"Italtel","article_published_time":"2025-05-07T08:18:50+00:00","article_modified_time":"2025-05-07T08:33:20+00:00","og_image":[{"width":1980,"height":1081,"url":"https:\/\/www.italtel.com\/wp-content\/uploads\/2025\/04\/luca-greco_.webp","type":"image\/webp"}],"author":"Daniela Fontana","twitter_card":"summary_large_image","twitter_creator":"@Italtel","twitter_site":"@Italtel","twitter_misc":{"Scritto da":"Daniela Fontana","Tempo di lettura stimato":"4 minuti"},"schema":{"@context":"https:\/\/schema.org","@graph":[{"@type":"Article","@id":"https:\/\/www.italtel.com\/it\/tre-domande-a-luca-greco-ciso-di-italtel-la-sicurezza-informatica-e-un-pilastro-strategico-dellinnovazione\/#article","isPartOf":{"@id":"https:\/\/www.italtel.com\/it\/tre-domande-a-luca-greco-ciso-di-italtel-la-sicurezza-informatica-e-un-pilastro-strategico-dellinnovazione\/"},"author":{"name":"Daniela Fontana","@id":"https:\/\/www.italtel.com\/de\/#\/schema\/person\/38f315d5a978255f0cf320055bad5afe"},"headline":"Tre domande a Luca Greco, CISO di Italtel: \u201cLa sicurezza informatica \u00e8 un pilastro strategico dell\u2019innovazione\u201d","datePublished":"2025-05-07T08:18:50+00:00","dateModified":"2025-05-07T08:33:20+00:00","mainEntityOfPage":{"@id":"https:\/\/www.italtel.com\/it\/tre-domande-a-luca-greco-ciso-di-italtel-la-sicurezza-informatica-e-un-pilastro-strategico-dellinnovazione\/"},"wordCount":942,"publisher":{"@id":"https:\/\/www.italtel.com\/de\/#organization"},"image":{"@id":"https:\/\/www.italtel.com\/it\/tre-domande-a-luca-greco-ciso-di-italtel-la-sicurezza-informatica-e-un-pilastro-strategico-dellinnovazione\/#primaryimage"},"thumbnailUrl":"https:\/\/www.italtel.com\/wp-content\/uploads\/2025\/04\/luca-greco_.webp","keywords":["Company"],"articleSection":["Focus","Interview"],"inLanguage":"it-IT"},{"@type":"WebPage","@id":"https:\/\/www.italtel.com\/it\/tre-domande-a-luca-greco-ciso-di-italtel-la-sicurezza-informatica-e-un-pilastro-strategico-dellinnovazione\/","url":"https:\/\/www.italtel.com\/it\/tre-domande-a-luca-greco-ciso-di-italtel-la-sicurezza-informatica-e-un-pilastro-strategico-dellinnovazione\/","name":"Tre domande a Luca Greco, CISO di Italtel: \u201cLa sicurezza informatica \u00e8 un pilastro strategico dell\u2019innovazione\u201d - Italtel","isPartOf":{"@id":"https:\/\/www.italtel.com\/de\/#website"},"primaryImageOfPage":{"@id":"https:\/\/www.italtel.com\/it\/tre-domande-a-luca-greco-ciso-di-italtel-la-sicurezza-informatica-e-un-pilastro-strategico-dellinnovazione\/#primaryimage"},"image":{"@id":"https:\/\/www.italtel.com\/it\/tre-domande-a-luca-greco-ciso-di-italtel-la-sicurezza-informatica-e-un-pilastro-strategico-dellinnovazione\/#primaryimage"},"thumbnailUrl":"https:\/\/www.italtel.com\/wp-content\/uploads\/2025\/04\/luca-greco_.webp","datePublished":"2025-05-07T08:18:50+00:00","dateModified":"2025-05-07T08:33:20+00:00","breadcrumb":{"@id":"https:\/\/www.italtel.com\/it\/tre-domande-a-luca-greco-ciso-di-italtel-la-sicurezza-informatica-e-un-pilastro-strategico-dellinnovazione\/#breadcrumb"},"inLanguage":"it-IT","potentialAction":[{"@type":"ReadAction","target":["https:\/\/www.italtel.com\/it\/tre-domande-a-luca-greco-ciso-di-italtel-la-sicurezza-informatica-e-un-pilastro-strategico-dellinnovazione\/"]}]},{"@type":"ImageObject","inLanguage":"it-IT","@id":"https:\/\/www.italtel.com\/it\/tre-domande-a-luca-greco-ciso-di-italtel-la-sicurezza-informatica-e-un-pilastro-strategico-dellinnovazione\/#primaryimage","url":"https:\/\/www.italtel.com\/wp-content\/uploads\/2025\/04\/luca-greco_.webp","contentUrl":"https:\/\/www.italtel.com\/wp-content\/uploads\/2025\/04\/luca-greco_.webp","width":1980,"height":1081,"caption":"Luca Greco"},{"@type":"BreadcrumbList","@id":"https:\/\/www.italtel.com\/it\/tre-domande-a-luca-greco-ciso-di-italtel-la-sicurezza-informatica-e-un-pilastro-strategico-dellinnovazione\/#breadcrumb","itemListElement":[{"@type":"ListItem","position":1,"name":"Home","item":"https:\/\/www.italtel.com\/it\/"},{"@type":"ListItem","position":2,"name":"Tre domande a Luca Greco, CISO di Italtel: \u201cLa sicurezza informatica \u00e8 un pilastro strategico dell\u2019innovazione\u201d"}]},{"@type":"WebSite","@id":"https:\/\/www.italtel.com\/de\/#website","url":"https:\/\/www.italtel.com\/de\/","name":"Italtel","description":"Italtel Group&#039;s company website","publisher":{"@id":"https:\/\/www.italtel.com\/de\/#organization"},"potentialAction":[{"@type":"SearchAction","target":{"@type":"EntryPoint","urlTemplate":"https:\/\/www.italtel.com\/de\/?s={search_term_string}"},"query-input":{"@type":"PropertyValueSpecification","valueRequired":true,"valueName":"search_term_string"}}],"inLanguage":"it-IT"},{"@type":"Organization","@id":"https:\/\/www.italtel.com\/de\/#organization","name":"Italtel S.p.A.","url":"https:\/\/www.italtel.com\/de\/","logo":{"@type":"ImageObject","inLanguage":"it-IT","@id":"https:\/\/www.italtel.com\/de\/#\/schema\/logo\/image\/","url":"https:\/\/www.italtel.com\/wp-content\/uploads\/2024\/11\/Italtel_logo.png","contentUrl":"https:\/\/www.italtel.com\/wp-content\/uploads\/2024\/11\/Italtel_logo.png","width":591,"height":139,"caption":"Italtel S.p.A."},"image":{"@id":"https:\/\/www.italtel.com\/de\/#\/schema\/logo\/image\/"},"sameAs":["https:\/\/x.com\/Italtel","https:\/\/www.linkedin.com\/company\/italtel\/","https:\/\/www.instagram.com\/italtel_hq\/"]},{"@type":"Person","@id":"https:\/\/www.italtel.com\/de\/#\/schema\/person\/38f315d5a978255f0cf320055bad5afe","name":"Daniela Fontana","image":{"@type":"ImageObject","inLanguage":"it-IT","@id":"https:\/\/secure.gravatar.com\/avatar\/834a03b0c73144a8ca36e17dc365b3fbadb34c9e44399b609a00f2231e694f6a?s=96&d=mm&r=g","url":"https:\/\/secure.gravatar.com\/avatar\/834a03b0c73144a8ca36e17dc365b3fbadb34c9e44399b609a00f2231e694f6a?s=96&d=mm&r=g","contentUrl":"https:\/\/secure.gravatar.com\/avatar\/834a03b0c73144a8ca36e17dc365b3fbadb34c9e44399b609a00f2231e694f6a?s=96&d=mm&r=g","caption":"Daniela Fontana"}}]}},"_links":{"self":[{"href":"https:\/\/www.italtel.com\/it\/wp-json\/wp\/v2\/posts\/73994","targetHints":{"allow":["GET"]}}],"collection":[{"href":"https:\/\/www.italtel.com\/it\/wp-json\/wp\/v2\/posts"}],"about":[{"href":"https:\/\/www.italtel.com\/it\/wp-json\/wp\/v2\/types\/post"}],"author":[{"embeddable":true,"href":"https:\/\/www.italtel.com\/it\/wp-json\/wp\/v2\/users\/6"}],"replies":[{"embeddable":true,"href":"https:\/\/www.italtel.com\/it\/wp-json\/wp\/v2\/comments?post=73994"}],"version-history":[{"count":4,"href":"https:\/\/www.italtel.com\/it\/wp-json\/wp\/v2\/posts\/73994\/revisions"}],"predecessor-version":[{"id":74007,"href":"https:\/\/www.italtel.com\/it\/wp-json\/wp\/v2\/posts\/73994\/revisions\/74007"}],"wp:featuredmedia":[{"embeddable":true,"href":"https:\/\/www.italtel.com\/it\/wp-json\/wp\/v2\/media\/73959"}],"wp:attachment":[{"href":"https:\/\/www.italtel.com\/it\/wp-json\/wp\/v2\/media?parent=73994"}],"wp:term":[{"taxonomy":"category","embeddable":true,"href":"https:\/\/www.italtel.com\/it\/wp-json\/wp\/v2\/categories?post=73994"},{"taxonomy":"post_tag","embeddable":true,"href":"https:\/\/www.italtel.com\/it\/wp-json\/wp\/v2\/tags?post=73994"}],"curies":[{"name":"wp","href":"https:\/\/api.w.org\/{rel}","templated":true}]}}