{"id":74207,"date":"2025-05-12T10:21:20","date_gmt":"2025-05-12T08:21:20","guid":{"rendered":"https:\/\/www.italtel.com\/?p=74207"},"modified":"2025-05-12T11:50:49","modified_gmt":"2025-05-12T09:50:49","slug":"intervista-a-paolo-allegra-responsabile-del-digital-operation-center-di-italtel","status":"publish","type":"post","link":"https:\/\/www.italtel.com\/it\/intervista-a-paolo-allegra-responsabile-del-digital-operation-center-di-italtel\/","title":{"rendered":"Intervista a Paolo Allegra, Responsabile del Digital Operation Center di Italtel"},"content":{"rendered":"\n<div class=\"row\"  id=\"row-1313295828\">\n\n\n\t<div id=\"col-1240185452\" class=\"col medium-9 small-12 large-9\"  >\n\t\t\t\t<div class=\"col-inner\"  >\n\t\t\t\n\t\t\t\n\n\t<div id=\"text-3072520401\" class=\"text fontsize_18 color_black\">\n\t\t\n\n<p>Nella sede milanese di Italtel \u00e8 stata realizzata una nuova area denominata Digital Operation Center in cui trovano spazio il NOC (Network Operation Center) e il SOC (Security Operation Center) ed in cui team di tecnici esperti operano 24&#215;7 per erogare servizi di vitale importanza per i clienti dell\u2019azienda.<\/p>\n<p>A Paolo Allegra, responsabile Global Business Excellence di Italtel e responsabile del Digital Operation Center chiediamo di farci conoscere meglio questa realt\u00e0 e la sua rilevanza per la strategia di Italtel.<\/p>\n\t\t\t<\/div>\n\t\n\t<div id=\"text-4147591124\" class=\"text fontsize_32 color_black\">\n\t\t\n\n<h2>1) Paolo, quale \u00e8 l\u2019obiettivo principale della nuova sede del NOC e SOC di Italtel a Milano Caldera?<\/h2>\n\n\t\t\t<\/div>\n\t\n\t<div id=\"text-2880558046\" class=\"text fontsize_18 color_black\">\n\t\t\n\n<p>La nuova sede del NOC e SOC di Italtel rappresenta un passo fondamentale nel consolidamento della nostra strategia globale. L\u2019obiettivo \u00e8 quello di attuare un modello &#8220;best in class&#8221; nel campo dei servizi gestiti, con una forte focalizzazione su centri altamente specializzati che possano garantire un monitoraggio, un&#8217;analisi e una gestione degli incidenti sempre pi\u00f9 efficaci. In questo nuovo centro, infatti, ci siamo concentrati sull&#8217;integrazione di competenze, tecnologie all&#8217;avanguardia e best practice, con una particolare attenzione alla continuit\u00e0 dei servizi e alla protezione dei dati sensibili.<\/p>\n\t\t\t<\/div>\n\t\n\t<div id=\"text-4192341596\" class=\"text fontsize_32 color_black\">\n\t\t\n\n<h2>2) Quali vantaggi derivano dal nuovo Digital Operation Center ai nostri clienti? In che modo viene garantita la continuit\u00e0 dei servizi e la protezione dei dati?<\/h2>\n\t\t\t<\/div>\n\t\n\t<div id=\"text-2094683114\" class=\"text fontsize_18 color_black\">\n\t\t\n\n<p>Grazie alla nuova struttura, possiamo offrire una sorveglianza ancora pi\u00f9 avanzata 24 ore su 24, 7 giorni su 7, per assicurare la continuit\u00e0 operativa di tutte le reti che i clienti ci hanno affidato in manutenzione e per proteggere i dati sensibili dei nostri clienti. Oggi il NOC e SOC di Italtel assicura la assistenza tecnica per le reti dei principali service provider nazionali nonch\u00e9 dei grandi clienti del settore pubblico e privato. Effettua il monitoraggio delle\u00a0\u00a0 infrastrutture ICT di alcuni grossi ospedali, banche e utilities e in particolare, per quanto riguarda il servizio SOC, garantisce la sicurezza contro attacchi informatici per diverse centinaia di Server, PC a altri\u00a0 dispositivi di rete, inclusi gli ambienti cloud di Microsoft 365. Il nostro impegno \u00e8 garantire non solo la protezione dei dati, ma anche la continuit\u00e0 dei servizi, conformandoci a normative internazionali come ISO 27001, GDPR e ISO . La nostra attenzione costante alla sicurezza permette ai clienti di concentrarsi sul loro business, sapendo che i loro sistemi sono sempre monitorati e protetti.<\/p>\n\t\t\t<\/div>\n\t\n\t<div id=\"text-881646819\" class=\"text fontsize_32 color_black\">\n\t\t\n\n<h2>3) Quali sono le caratteristiche che definiscono un NOC innovativo, e come Italtel integra queste caratteristiche nel suo servizio?<\/h2>\n\t\t\t<\/div>\n\t\n\t<div id=\"text-2100802767\" class=\"text fontsize_18 color_black\">\n\t\t\n\n<p>Un NOC innovativo non si limita solo a monitorare in tempo reale, ma deve anche saper prevedere e agire proattivamente. Deve inoltre soddisfare il cliente nella gestione strutturata delle normali attivit\u00e0 di esercizio, tra le quali il cosiddetto \u201cchange management\u201d, ovvero quei quotidiani interventi di modifica che caratterizzano la vita di una rete ICT. Le caratteristiche principali sono quindi il monitoraggio avanzato che costituisce la cosiddetta <em>observability<\/em>, la capacit\u00e0 predittiva, l&#8217;uso di AI e ML, la gestione di scenari ibridi (On Prem e Cloud), la virtualizzazione e l&#8217;adozione di SDN (Software-Defined Networking) e soprattutto l\u2019applicazione di procedure consolidate e documentabili. In Italtel, integriamo queste tecnologie con dashboard centralizzate e user-friendly per garantire una gestione ottimale e tempestiva delle risorse e dei dati.<\/p>\n\t\t\t<\/div>\n\t\n\t<div id=\"text-1097356169\" class=\"text fontsize_32 color_black\">\n\t\t\n\n<h2>4) Qual \u00e8 l\u2019impatto dell\u2019introduzione di nuove tecnologie come AI e machine learning nel monitoraggio e nella gestione della sicurezza?<\/h2>\n\t\t\t<\/div>\n\t\n\t<div id=\"text-2617610553\" class=\"text fontsize_18 color_black\">\n\t\t\n\n<p>L&#8217;introduzione di AI e machine learning ha avuto un impatto rivoluzionario nel nostro approccio al monitoraggio e alla gestione della sicurezza. Queste tecnologie ci permettono di analizzare grandi quantit\u00e0 di dati in modo pi\u00f9 rapido ed efficace, rilevando pattern anomali e previsioni di rischi che in passato sarebbero sfuggiti. In particolare, l&#8217;uso dell&#8217;analisi predittiva consente di anticipare gli incidenti e di intervenire prima che possano causare danni, migliorando in modo significativo la nostra capacit\u00e0 di risposta.<\/p>\n\t\t\t<\/div>\n\t\n\t<div id=\"text-2050127720\" class=\"text fontsize_32 color_black\">\n\t\t\n\n<h2>5) Come vengono gestiti gli incidenti di sicurezza e quali sono le principali funzioni di un Security Operation Center (SOC)?<\/h2>\n\t\t\t<\/div>\n\t\n\t<div id=\"text-1374045160\" class=\"text fontsize_18 color_black\">\n\t\t\n\n<p>Un SOC \u00e8 il cuore operativo della gestione della sicurezza informatica, e le sue attivit\u00e0 principali includono la prevenzione,\u00a0 l\u2019osservazione costante, il rilevamento delle minacce e la risposta agli incidenti. In Italtel, monitoriamo continuamente eventi sospetti, gestiamo gli allarmi e le escalation, e siamo attivi anche nella ricerca proattiva delle minacce (Threat Hunting). Inoltre, la nostra attivit\u00e0 si estende alla gestione delle vulnerabilit\u00e0 e alla risposta immediata agli attacchi informatici, con un focus sull\u2019analisi forense e sulla reportistica continua.<\/p>\n\t\t\t<\/div>\n\t\n\t<div id=\"text-3431482214\" class=\"text fontsize_32 color_black\">\n\t\t\n\n<h2>6) Come si sviluppano le competenze all\u2019interno del Digital Operation Center e quale ruolo gioca l\u2019innovazione nelle operazioni quotidiane?<\/h2>\n\t\t\t<\/div>\n\t\n\t<div id=\"text-402882658\" class=\"text fontsize_18 color_black\">\n\t\t\n\n<p>Le competenze nel nostro centro si sviluppano principalmente attraverso l\u2019adozione di prassi consolidate di knoweledge sharing,\u00a0 attraverso processi strutturati di mentoring e coaching per garantire un continuo aggiornamento delle professionalit\u00e0 pi\u00f9 esperte, ma anche attraverso l\u2019attrazione di giovani talenti. L\u2019innovazione tecnologica, in particolare attraverso l\u2019uso delle piattaforme di automazione ed orchestration, \u00e8 fondamentale. Tuttavia, ci\u00f2 che ci distingue davvero \u00e8 la capacit\u00e0 di &#8220;ingegnerizzare&#8221; l&#8217;uso di queste tecnologie, ossia sapere come osservare, interpretare e agire sui dati in tempo reale, per anticipare problemi e migliorare i processi.<\/p>\n\t\t\t<\/div>\n\t\n\t<div class=\"img has-hover x md-x lg-x y md-y lg-y\" id=\"image_1470242063\">\n\t\t\t\t\t\t\t\t<div class=\"img-inner dark\" >\n\t\t\t<img loading=\"lazy\" decoding=\"async\" width=\"1020\" height=\"574\" src=\"https:\/\/www.italtel.com\/wp-content\/uploads\/2025\/02\/Digital-Operation-Center-di-Italtel-1024x576.jpg\" class=\"attachment-large size-large\" alt=\"Digital Operation Center di Italtel\" srcset=\"https:\/\/www.italtel.com\/wp-content\/uploads\/2025\/02\/Digital-Operation-Center-di-Italtel-1024x576.jpg 1024w, https:\/\/www.italtel.com\/wp-content\/uploads\/2025\/02\/Digital-Operation-Center-di-Italtel-300x169.jpg 300w, https:\/\/www.italtel.com\/wp-content\/uploads\/2025\/02\/Digital-Operation-Center-di-Italtel-768x432.jpg 768w, https:\/\/www.italtel.com\/wp-content\/uploads\/2025\/02\/Digital-Operation-Center-di-Italtel-1536x864.jpg 1536w, https:\/\/www.italtel.com\/wp-content\/uploads\/2025\/02\/Digital-Operation-Center-di-Italtel-2048x1152.jpg 2048w\" sizes=\"auto, (max-width: 1020px) 100vw, 1020px\" \/>\t\t\t\t\t\t\n\t\t\t\t\t<\/div>\n\t\t\t\t\t\t\t\t\n<style>\n#image_1470242063 {\n  width: 100%;\n}\n<\/style>\n\t<\/div>\n\t\n\n\n\t\t<\/div>\n\t\t\t\t\n<style>\n#col-1240185452 > .col-inner {\n  padding: 6rem 11rem 0px 0px;\n}\n<\/style>\n\t<\/div>\n\n\t\n\n\t<div id=\"col-357711680\" class=\"col sibebar_col medium-3 small-12 large-3\"  >\n\t\t<div class=\"is-sticky-column\"><div class=\"is-sticky-column__inner\">\t\t<div class=\"col-inner\"  >\n\t\t\t\n\t\t\t\n\n\t<div id=\"text-217633813\" class=\"text fontsize_16 color_black fontweight_500\">\n\t\t\n\nTECH KEYWORDS\n\t\t\t<\/div>\n\t\n<div class=\"is-divider divider clearfix\" style=\"margin-top:2rem;margin-bottom:2rem;max-width:100%;height:1px;background-color:rgba(112, 112, 112, 0.302);\"><\/div>\n\n\t<div id=\"text-2964493648\" class=\"text fontsize_18 color_black\">\n\t\t\n\n<p>DIGITAL OPERATION CENTER<\/p>\n\t\t\t<\/div>\n\t\n<div class=\"is-divider divider clearfix\" style=\"margin-top:2rem;margin-bottom:2rem;max-width:100%;height:1px;background-color:rgba(112, 112, 112, 0.302);\"><\/div>\n\n\t<div id=\"text-3636367783\" class=\"text fontsize_18 color_black\">\n\t\t\n\n<p>NOC\/SOC<\/p>\n\t\t\t<\/div>\n\t\n\t<div id=\"gap-367545119\" class=\"gap-element clearfix\" style=\"display:block; height:auto;\">\n\t\t\n<style>\n#gap-367545119 {\n  padding-top: 13rem;\n}\n<\/style>\n\t<\/div>\n\t\n\n\t<div id=\"text-2402256024\" class=\"text fontsize_16 color_black fontweight_500\">\n\t\t\n\n<p>CONDIVIDI LA NEWS<\/p>\n\t\t\t<\/div>\n\t\n<div class=\"is-divider divider clearfix\" style=\"margin-top:2rem;margin-bottom:2rem;max-width:100%;height:1px;background-color:rgba(112, 112, 112, 0.302);\"><\/div>\n\n\t<div class=\"img has-hover socialshare_icon linkedin x md-x lg-x y md-y lg-y\" id=\"image_1931832371\">\n\t\t\t\t\t\t\t\t<div class=\"img-inner dark\" >\n\t\t\t<img loading=\"lazy\" decoding=\"async\" width=\"1\" height=\"1\" src=\"https:\/\/www.italtel.com\/wp-content\/uploads\/2024\/09\/Linkedin-icon.svg\" class=\"attachment-large size-large\" alt=\"Linkedin-icon\" \/>\t\t\t\t\t\t\n\t\t\t\t\t<\/div>\n\t\t\t\t\t\t\t\t\n<style>\n#image_1931832371 {\n  width: 100%;\n}\n<\/style>\n\t<\/div>\n\t\n\n\t<div class=\"img has-hover socialshare_icon instagram x md-x lg-x y md-y lg-y\" id=\"image_108437088\">\n\t\t\t\t\t\t\t\t<div class=\"img-inner dark\" >\n\t\t\t<img loading=\"lazy\" decoding=\"async\" width=\"27\" height=\"27\" src=\"https:\/\/www.italtel.com\/wp-content\/uploads\/2024\/07\/Raggruppa-12942.png\" class=\"attachment-large size-large\" alt=\"Instagram icon\" \/>\t\t\t\t\t\t\n\t\t\t\t\t<\/div>\n\t\t\t\t\t\t\t\t\n<style>\n#image_108437088 {\n  width: 100%;\n}\n<\/style>\n\t<\/div>\n\t\n\n\t<div class=\"img has-hover socialshare_icon ex x md-x lg-x y md-y lg-y\" id=\"image_564865076\">\n\t\t\t\t\t\t\t\t<div class=\"img-inner dark\" >\n\t\t\t<img loading=\"lazy\" decoding=\"async\" width=\"1\" height=\"1\" src=\"https:\/\/www.italtel.com\/wp-content\/uploads\/2024\/09\/X-icon.svg\" class=\"attachment-large size-large\" alt=\"X-icon\" \/>\t\t\t\t\t\t\n\t\t\t\t\t<\/div>\n\t\t\t\t\t\t\t\t\n<style>\n#image_564865076 {\n  width: 100%;\n}\n<\/style>\n\t<\/div>\n\t\n\n\n\t\t<\/div>\n\t\t<\/div><\/div>\t\t\n<style>\n#col-357711680 > .is-sticky-column > .is-sticky-column__inner > .col-inner {\n  padding: 6rem 0px 0px 0px;\n}\n<\/style>\n\t<\/div>\n\n\t\n\n<\/div>\n\n","protected":false},"excerpt":{"rendered":"","protected":false},"author":6,"featured_media":74227,"comment_status":"closed","ping_status":"closed","sticky":false,"template":"","format":"standard","meta":{"footnotes":""},"categories":[394,803],"tags":[953,928,1053],"class_list":["post-74207","post","type-post","status-publish","format-standard","has-post-thumbnail","hentry","category-focus-it","category-interview-it","tag-company-it","tag-cyber-ot-security","tag-it-operations-managed-services"],"yoast_head":"<!-- This site is optimized with the Yoast SEO plugin v27.4 - https:\/\/yoast.com\/product\/yoast-seo-wordpress\/ -->\n<title>Intervista a Paolo Allegra, Responsabile del Digital Operation Center di Italtel - Italtel<\/title>\n<meta name=\"robots\" content=\"index, follow, max-snippet:-1, max-image-preview:large, max-video-preview:-1\" \/>\n<link rel=\"canonical\" href=\"https:\/\/www.italtel.com\/it\/intervista-a-paolo-allegra-responsabile-del-digital-operation-center-di-italtel\/\" \/>\n<meta property=\"og:locale\" content=\"it_IT\" \/>\n<meta property=\"og:type\" content=\"article\" \/>\n<meta property=\"og:title\" content=\"Intervista a Paolo Allegra, Responsabile del Digital Operation Center di Italtel - Italtel\" \/>\n<meta property=\"og:url\" content=\"https:\/\/www.italtel.com\/it\/intervista-a-paolo-allegra-responsabile-del-digital-operation-center-di-italtel\/\" \/>\n<meta property=\"og:site_name\" content=\"Italtel\" \/>\n<meta property=\"article:published_time\" content=\"2025-05-12T08:21:20+00:00\" \/>\n<meta property=\"article:modified_time\" content=\"2025-05-12T09:50:49+00:00\" \/>\n<meta property=\"og:image\" content=\"https:\/\/www.italtel.com\/wp-content\/uploads\/2025\/05\/paolo-nocsoc.webp\" \/>\n\t<meta property=\"og:image:width\" content=\"1920\" \/>\n\t<meta property=\"og:image:height\" content=\"1080\" \/>\n\t<meta property=\"og:image:type\" content=\"image\/webp\" \/>\n<meta name=\"author\" content=\"Daniela Fontana\" \/>\n<meta name=\"twitter:card\" content=\"summary_large_image\" \/>\n<meta name=\"twitter:creator\" content=\"@Italtel\" \/>\n<meta name=\"twitter:site\" content=\"@Italtel\" \/>\n<meta name=\"twitter:label1\" content=\"Scritto da\" \/>\n\t<meta name=\"twitter:data1\" content=\"Daniela Fontana\" \/>\n\t<meta name=\"twitter:label2\" content=\"Tempo di lettura stimato\" \/>\n\t<meta name=\"twitter:data2\" content=\"5 minuti\" \/>\n<script type=\"application\/ld+json\" class=\"yoast-schema-graph\">{\"@context\":\"https:\\\/\\\/schema.org\",\"@graph\":[{\"@type\":\"Article\",\"@id\":\"https:\\\/\\\/www.italtel.com\\\/it\\\/intervista-a-paolo-allegra-responsabile-del-digital-operation-center-di-italtel\\\/#article\",\"isPartOf\":{\"@id\":\"https:\\\/\\\/www.italtel.com\\\/it\\\/intervista-a-paolo-allegra-responsabile-del-digital-operation-center-di-italtel\\\/\"},\"author\":{\"name\":\"Daniela Fontana\",\"@id\":\"https:\\\/\\\/www.italtel.com\\\/de\\\/#\\\/schema\\\/person\\\/38f315d5a978255f0cf320055bad5afe\"},\"headline\":\"Intervista a Paolo Allegra, Responsabile del Digital Operation Center di Italtel\",\"datePublished\":\"2025-05-12T08:21:20+00:00\",\"dateModified\":\"2025-05-12T09:50:49+00:00\",\"mainEntityOfPage\":{\"@id\":\"https:\\\/\\\/www.italtel.com\\\/it\\\/intervista-a-paolo-allegra-responsabile-del-digital-operation-center-di-italtel\\\/\"},\"wordCount\":1062,\"publisher\":{\"@id\":\"https:\\\/\\\/www.italtel.com\\\/de\\\/#organization\"},\"image\":{\"@id\":\"https:\\\/\\\/www.italtel.com\\\/it\\\/intervista-a-paolo-allegra-responsabile-del-digital-operation-center-di-italtel\\\/#primaryimage\"},\"thumbnailUrl\":\"https:\\\/\\\/www.italtel.com\\\/wp-content\\\/uploads\\\/2025\\\/05\\\/paolo-nocsoc.webp\",\"keywords\":[\"Company\",\"Cyber &amp; OT Security\",\"IT Operations &amp; Managed Services\"],\"articleSection\":[\"Focus\",\"Interview\"],\"inLanguage\":\"it-IT\"},{\"@type\":\"WebPage\",\"@id\":\"https:\\\/\\\/www.italtel.com\\\/it\\\/intervista-a-paolo-allegra-responsabile-del-digital-operation-center-di-italtel\\\/\",\"url\":\"https:\\\/\\\/www.italtel.com\\\/it\\\/intervista-a-paolo-allegra-responsabile-del-digital-operation-center-di-italtel\\\/\",\"name\":\"Intervista a Paolo Allegra, Responsabile del Digital Operation Center di Italtel - Italtel\",\"isPartOf\":{\"@id\":\"https:\\\/\\\/www.italtel.com\\\/de\\\/#website\"},\"primaryImageOfPage\":{\"@id\":\"https:\\\/\\\/www.italtel.com\\\/it\\\/intervista-a-paolo-allegra-responsabile-del-digital-operation-center-di-italtel\\\/#primaryimage\"},\"image\":{\"@id\":\"https:\\\/\\\/www.italtel.com\\\/it\\\/intervista-a-paolo-allegra-responsabile-del-digital-operation-center-di-italtel\\\/#primaryimage\"},\"thumbnailUrl\":\"https:\\\/\\\/www.italtel.com\\\/wp-content\\\/uploads\\\/2025\\\/05\\\/paolo-nocsoc.webp\",\"datePublished\":\"2025-05-12T08:21:20+00:00\",\"dateModified\":\"2025-05-12T09:50:49+00:00\",\"breadcrumb\":{\"@id\":\"https:\\\/\\\/www.italtel.com\\\/it\\\/intervista-a-paolo-allegra-responsabile-del-digital-operation-center-di-italtel\\\/#breadcrumb\"},\"inLanguage\":\"it-IT\",\"potentialAction\":[{\"@type\":\"ReadAction\",\"target\":[\"https:\\\/\\\/www.italtel.com\\\/it\\\/intervista-a-paolo-allegra-responsabile-del-digital-operation-center-di-italtel\\\/\"]}]},{\"@type\":\"ImageObject\",\"inLanguage\":\"it-IT\",\"@id\":\"https:\\\/\\\/www.italtel.com\\\/it\\\/intervista-a-paolo-allegra-responsabile-del-digital-operation-center-di-italtel\\\/#primaryimage\",\"url\":\"https:\\\/\\\/www.italtel.com\\\/wp-content\\\/uploads\\\/2025\\\/05\\\/paolo-nocsoc.webp\",\"contentUrl\":\"https:\\\/\\\/www.italtel.com\\\/wp-content\\\/uploads\\\/2025\\\/05\\\/paolo-nocsoc.webp\",\"width\":1920,\"height\":1080,\"caption\":\"Paolo Allegra at NOC SOC Italtel\"},{\"@type\":\"BreadcrumbList\",\"@id\":\"https:\\\/\\\/www.italtel.com\\\/it\\\/intervista-a-paolo-allegra-responsabile-del-digital-operation-center-di-italtel\\\/#breadcrumb\",\"itemListElement\":[{\"@type\":\"ListItem\",\"position\":1,\"name\":\"Home\",\"item\":\"https:\\\/\\\/www.italtel.com\\\/it\\\/\"},{\"@type\":\"ListItem\",\"position\":2,\"name\":\"Intervista a Paolo Allegra, Responsabile del Digital Operation Center di Italtel\"}]},{\"@type\":\"WebSite\",\"@id\":\"https:\\\/\\\/www.italtel.com\\\/de\\\/#website\",\"url\":\"https:\\\/\\\/www.italtel.com\\\/de\\\/\",\"name\":\"Italtel\",\"description\":\"Italtel Group&#039;s company website\",\"publisher\":{\"@id\":\"https:\\\/\\\/www.italtel.com\\\/de\\\/#organization\"},\"potentialAction\":[{\"@type\":\"SearchAction\",\"target\":{\"@type\":\"EntryPoint\",\"urlTemplate\":\"https:\\\/\\\/www.italtel.com\\\/de\\\/?s={search_term_string}\"},\"query-input\":{\"@type\":\"PropertyValueSpecification\",\"valueRequired\":true,\"valueName\":\"search_term_string\"}}],\"inLanguage\":\"it-IT\"},{\"@type\":\"Organization\",\"@id\":\"https:\\\/\\\/www.italtel.com\\\/de\\\/#organization\",\"name\":\"Italtel S.p.A.\",\"url\":\"https:\\\/\\\/www.italtel.com\\\/de\\\/\",\"logo\":{\"@type\":\"ImageObject\",\"inLanguage\":\"it-IT\",\"@id\":\"https:\\\/\\\/www.italtel.com\\\/de\\\/#\\\/schema\\\/logo\\\/image\\\/\",\"url\":\"https:\\\/\\\/www.italtel.com\\\/wp-content\\\/uploads\\\/2024\\\/11\\\/Italtel_logo.png\",\"contentUrl\":\"https:\\\/\\\/www.italtel.com\\\/wp-content\\\/uploads\\\/2024\\\/11\\\/Italtel_logo.png\",\"width\":591,\"height\":139,\"caption\":\"Italtel S.p.A.\"},\"image\":{\"@id\":\"https:\\\/\\\/www.italtel.com\\\/de\\\/#\\\/schema\\\/logo\\\/image\\\/\"},\"sameAs\":[\"https:\\\/\\\/x.com\\\/Italtel\",\"https:\\\/\\\/www.linkedin.com\\\/company\\\/italtel\\\/\",\"https:\\\/\\\/www.instagram.com\\\/italtel_hq\\\/\"]},{\"@type\":\"Person\",\"@id\":\"https:\\\/\\\/www.italtel.com\\\/de\\\/#\\\/schema\\\/person\\\/38f315d5a978255f0cf320055bad5afe\",\"name\":\"Daniela Fontana\",\"image\":{\"@type\":\"ImageObject\",\"inLanguage\":\"it-IT\",\"@id\":\"https:\\\/\\\/secure.gravatar.com\\\/avatar\\\/834a03b0c73144a8ca36e17dc365b3fbadb34c9e44399b609a00f2231e694f6a?s=96&d=mm&r=g\",\"url\":\"https:\\\/\\\/secure.gravatar.com\\\/avatar\\\/834a03b0c73144a8ca36e17dc365b3fbadb34c9e44399b609a00f2231e694f6a?s=96&d=mm&r=g\",\"contentUrl\":\"https:\\\/\\\/secure.gravatar.com\\\/avatar\\\/834a03b0c73144a8ca36e17dc365b3fbadb34c9e44399b609a00f2231e694f6a?s=96&d=mm&r=g\",\"caption\":\"Daniela Fontana\"}}]}<\/script>\n<!-- \/ Yoast SEO plugin. -->","yoast_head_json":{"title":"Intervista a Paolo Allegra, Responsabile del Digital Operation Center di Italtel - Italtel","robots":{"index":"index","follow":"follow","max-snippet":"max-snippet:-1","max-image-preview":"max-image-preview:large","max-video-preview":"max-video-preview:-1"},"canonical":"https:\/\/www.italtel.com\/it\/intervista-a-paolo-allegra-responsabile-del-digital-operation-center-di-italtel\/","og_locale":"it_IT","og_type":"article","og_title":"Intervista a Paolo Allegra, Responsabile del Digital Operation Center di Italtel - Italtel","og_url":"https:\/\/www.italtel.com\/it\/intervista-a-paolo-allegra-responsabile-del-digital-operation-center-di-italtel\/","og_site_name":"Italtel","article_published_time":"2025-05-12T08:21:20+00:00","article_modified_time":"2025-05-12T09:50:49+00:00","og_image":[{"width":1920,"height":1080,"url":"https:\/\/www.italtel.com\/wp-content\/uploads\/2025\/05\/paolo-nocsoc.webp","type":"image\/webp"}],"author":"Daniela Fontana","twitter_card":"summary_large_image","twitter_creator":"@Italtel","twitter_site":"@Italtel","twitter_misc":{"Scritto da":"Daniela Fontana","Tempo di lettura stimato":"5 minuti"},"schema":{"@context":"https:\/\/schema.org","@graph":[{"@type":"Article","@id":"https:\/\/www.italtel.com\/it\/intervista-a-paolo-allegra-responsabile-del-digital-operation-center-di-italtel\/#article","isPartOf":{"@id":"https:\/\/www.italtel.com\/it\/intervista-a-paolo-allegra-responsabile-del-digital-operation-center-di-italtel\/"},"author":{"name":"Daniela Fontana","@id":"https:\/\/www.italtel.com\/de\/#\/schema\/person\/38f315d5a978255f0cf320055bad5afe"},"headline":"Intervista a Paolo Allegra, Responsabile del Digital Operation Center di Italtel","datePublished":"2025-05-12T08:21:20+00:00","dateModified":"2025-05-12T09:50:49+00:00","mainEntityOfPage":{"@id":"https:\/\/www.italtel.com\/it\/intervista-a-paolo-allegra-responsabile-del-digital-operation-center-di-italtel\/"},"wordCount":1062,"publisher":{"@id":"https:\/\/www.italtel.com\/de\/#organization"},"image":{"@id":"https:\/\/www.italtel.com\/it\/intervista-a-paolo-allegra-responsabile-del-digital-operation-center-di-italtel\/#primaryimage"},"thumbnailUrl":"https:\/\/www.italtel.com\/wp-content\/uploads\/2025\/05\/paolo-nocsoc.webp","keywords":["Company","Cyber &amp; OT Security","IT Operations &amp; Managed Services"],"articleSection":["Focus","Interview"],"inLanguage":"it-IT"},{"@type":"WebPage","@id":"https:\/\/www.italtel.com\/it\/intervista-a-paolo-allegra-responsabile-del-digital-operation-center-di-italtel\/","url":"https:\/\/www.italtel.com\/it\/intervista-a-paolo-allegra-responsabile-del-digital-operation-center-di-italtel\/","name":"Intervista a Paolo Allegra, Responsabile del Digital Operation Center di Italtel - Italtel","isPartOf":{"@id":"https:\/\/www.italtel.com\/de\/#website"},"primaryImageOfPage":{"@id":"https:\/\/www.italtel.com\/it\/intervista-a-paolo-allegra-responsabile-del-digital-operation-center-di-italtel\/#primaryimage"},"image":{"@id":"https:\/\/www.italtel.com\/it\/intervista-a-paolo-allegra-responsabile-del-digital-operation-center-di-italtel\/#primaryimage"},"thumbnailUrl":"https:\/\/www.italtel.com\/wp-content\/uploads\/2025\/05\/paolo-nocsoc.webp","datePublished":"2025-05-12T08:21:20+00:00","dateModified":"2025-05-12T09:50:49+00:00","breadcrumb":{"@id":"https:\/\/www.italtel.com\/it\/intervista-a-paolo-allegra-responsabile-del-digital-operation-center-di-italtel\/#breadcrumb"},"inLanguage":"it-IT","potentialAction":[{"@type":"ReadAction","target":["https:\/\/www.italtel.com\/it\/intervista-a-paolo-allegra-responsabile-del-digital-operation-center-di-italtel\/"]}]},{"@type":"ImageObject","inLanguage":"it-IT","@id":"https:\/\/www.italtel.com\/it\/intervista-a-paolo-allegra-responsabile-del-digital-operation-center-di-italtel\/#primaryimage","url":"https:\/\/www.italtel.com\/wp-content\/uploads\/2025\/05\/paolo-nocsoc.webp","contentUrl":"https:\/\/www.italtel.com\/wp-content\/uploads\/2025\/05\/paolo-nocsoc.webp","width":1920,"height":1080,"caption":"Paolo Allegra at NOC SOC Italtel"},{"@type":"BreadcrumbList","@id":"https:\/\/www.italtel.com\/it\/intervista-a-paolo-allegra-responsabile-del-digital-operation-center-di-italtel\/#breadcrumb","itemListElement":[{"@type":"ListItem","position":1,"name":"Home","item":"https:\/\/www.italtel.com\/it\/"},{"@type":"ListItem","position":2,"name":"Intervista a Paolo Allegra, Responsabile del Digital Operation Center di Italtel"}]},{"@type":"WebSite","@id":"https:\/\/www.italtel.com\/de\/#website","url":"https:\/\/www.italtel.com\/de\/","name":"Italtel","description":"Italtel Group&#039;s company website","publisher":{"@id":"https:\/\/www.italtel.com\/de\/#organization"},"potentialAction":[{"@type":"SearchAction","target":{"@type":"EntryPoint","urlTemplate":"https:\/\/www.italtel.com\/de\/?s={search_term_string}"},"query-input":{"@type":"PropertyValueSpecification","valueRequired":true,"valueName":"search_term_string"}}],"inLanguage":"it-IT"},{"@type":"Organization","@id":"https:\/\/www.italtel.com\/de\/#organization","name":"Italtel S.p.A.","url":"https:\/\/www.italtel.com\/de\/","logo":{"@type":"ImageObject","inLanguage":"it-IT","@id":"https:\/\/www.italtel.com\/de\/#\/schema\/logo\/image\/","url":"https:\/\/www.italtel.com\/wp-content\/uploads\/2024\/11\/Italtel_logo.png","contentUrl":"https:\/\/www.italtel.com\/wp-content\/uploads\/2024\/11\/Italtel_logo.png","width":591,"height":139,"caption":"Italtel S.p.A."},"image":{"@id":"https:\/\/www.italtel.com\/de\/#\/schema\/logo\/image\/"},"sameAs":["https:\/\/x.com\/Italtel","https:\/\/www.linkedin.com\/company\/italtel\/","https:\/\/www.instagram.com\/italtel_hq\/"]},{"@type":"Person","@id":"https:\/\/www.italtel.com\/de\/#\/schema\/person\/38f315d5a978255f0cf320055bad5afe","name":"Daniela Fontana","image":{"@type":"ImageObject","inLanguage":"it-IT","@id":"https:\/\/secure.gravatar.com\/avatar\/834a03b0c73144a8ca36e17dc365b3fbadb34c9e44399b609a00f2231e694f6a?s=96&d=mm&r=g","url":"https:\/\/secure.gravatar.com\/avatar\/834a03b0c73144a8ca36e17dc365b3fbadb34c9e44399b609a00f2231e694f6a?s=96&d=mm&r=g","contentUrl":"https:\/\/secure.gravatar.com\/avatar\/834a03b0c73144a8ca36e17dc365b3fbadb34c9e44399b609a00f2231e694f6a?s=96&d=mm&r=g","caption":"Daniela Fontana"}}]}},"_links":{"self":[{"href":"https:\/\/www.italtel.com\/it\/wp-json\/wp\/v2\/posts\/74207","targetHints":{"allow":["GET"]}}],"collection":[{"href":"https:\/\/www.italtel.com\/it\/wp-json\/wp\/v2\/posts"}],"about":[{"href":"https:\/\/www.italtel.com\/it\/wp-json\/wp\/v2\/types\/post"}],"author":[{"embeddable":true,"href":"https:\/\/www.italtel.com\/it\/wp-json\/wp\/v2\/users\/6"}],"replies":[{"embeddable":true,"href":"https:\/\/www.italtel.com\/it\/wp-json\/wp\/v2\/comments?post=74207"}],"version-history":[{"count":8,"href":"https:\/\/www.italtel.com\/it\/wp-json\/wp\/v2\/posts\/74207\/revisions"}],"predecessor-version":[{"id":74221,"href":"https:\/\/www.italtel.com\/it\/wp-json\/wp\/v2\/posts\/74207\/revisions\/74221"}],"wp:featuredmedia":[{"embeddable":true,"href":"https:\/\/www.italtel.com\/it\/wp-json\/wp\/v2\/media\/74227"}],"wp:attachment":[{"href":"https:\/\/www.italtel.com\/it\/wp-json\/wp\/v2\/media?parent=74207"}],"wp:term":[{"taxonomy":"category","embeddable":true,"href":"https:\/\/www.italtel.com\/it\/wp-json\/wp\/v2\/categories?post=74207"},{"taxonomy":"post_tag","embeddable":true,"href":"https:\/\/www.italtel.com\/it\/wp-json\/wp\/v2\/tags?post=74207"}],"curies":[{"name":"wp","href":"https:\/\/api.w.org\/{rel}","templated":true}]}}